{"id":999,"date":"2020-03-25T00:01:48","date_gmt":"2020-03-24T23:01:48","guid":{"rendered":"https:\/\/www.arenal.com\/como-cuidar-piel-sensible\/"},"modified":"2023-09-22T08:25:43","modified_gmt":"2023-09-22T07:25:43","slug":"como-cuidar-piel-sensible","status":"publish","type":"post","link":"https:\/\/www.arenal.com\/blog\/como-cuidar-piel-sensible","title":{"rendered":"C\u00f3mo cuidar la piel sensible"},"content":{"rendered":"<p>La piel es uno de los \u00f3rganos m\u00e1s misteriosos del ser humano. No solo es el m\u00e1s extenso y el que nos protege de las principales agresiones externas, sino que tambi\u00e9n es el receptor del tacto.<\/p>\n<p>As\u00ed, cada vez son m\u00e1s los casos de personas que tienen o desarrollan un <strong>piel sensible<\/strong> o <strong>sensibilidad cut\u00e1nea<\/strong> sin precedentes. La exposici\u00f3n al sol, los efectos de la contaminaci\u00f3n o el estr\u00e9s son algunos de los factores que provocan el aumento de la tirantez, el enrojecimiento o la descamaci\u00f3n.<\/p>\n<p>Por ello, el cuidado y la rutina de belleza son los mejores aliados para proteger y aliviar lo que, en definitiva, nos presenta ante el mundo: <strong>la piel de nuestro rostro<\/strong>.<\/p>\n<p>Sin duda, todos necesitamos un tratamiento facial adaptado a nuestras caracter\u00edsticas y sensibilidad cut\u00e1nea. Desde el gel limpiador hasta los s\u00e9rums que nos aportan la hidrataci\u00f3n y los nutrientes adecuados, debemos seleccionar con atenci\u00f3n los productos a los que confiamos la apariencia de nuestra piel y, c\u00f3mo no, su salud.<\/p>\n<p>Un buen ejemplo de respeto y de eficacia, especialmente si hablamos de sensibilidad de la piel, es el de la l\u00ednea Evercalm de REN Clean Skincare. Ofrece los bioactivos imprescindibles para restaurar la barrera cut\u00e1nea que nos defiende del impacto y de los cambios del entorno y reduce, con el paso del tiempo, la tendencia a la irritaci\u00f3n.<\/p>\n<p>En resumen, preocuparnos por aportar y adoptar las medidas precisas para conservar y potenciar el bienestar de la piel es hoy m\u00e1s importante que nunca. Despu\u00e9s de todo, no hablamos de una cuesti\u00f3n exclusivamente est\u00e9tica, sino de confort y de salud.<\/p>\n<h2>El envejecimiento y la firmeza, principales preocupaciones de los consumidores espa\u00f1oles en su cuidado de la piel<\/h2>\n<p>Espa\u00f1a es uno de los pa\u00edses europeos que m\u00e1s gasta en cosm\u00e9tica y <a href=\"https:\/\/www.arenal.com\/perfumeria\/c\/1_0000000001\">perfumer\u00eda<\/a>. Seg\u00fan el \u00faltimo informe de Stanpa, la Asociaci\u00f3n Nacional que agrupa a las principales entidades dedicadas al mencionado sector, los espa\u00f1oles gastamos una media de 6.800 millones de euros al a\u00f1o en el universo <em>beauty<\/em>.<\/p>\n<p>Pero, \u00bfcu\u00e1les son las principales preocupaciones de nuestra poblaci\u00f3n a la hora de cuidar su piel?<br \/>\nTal y como revelan diferentes expertos en la materia, el envejecimiento y la firmeza son dos de las cuestiones que m\u00e1s nos inquietan como consumidores. No es de extra\u00f1ar, entonces, que los tratamientos antiedad sean una de las principales demandas cuando acudimos a nuestros puntos de venta de confianza. Con todo, debemos recordar que existen factores externos, como la exposici\u00f3n al sol o la propia alimentaci\u00f3n, que influyen directa e indirectamente en el estado y el bienestar cut\u00e1neo de cada uno de nosotros.<\/p>\n<p>Proteger la piel de la cara con una crema solar adecuada es esencial para retardar la aparici\u00f3n de manchas. Por su parte, establecer una rutina a base de productos efectivos que no solo nos ofrezcan una soluci\u00f3n, sino que nos ayuden a preservar la salud del \u00f3rgano m\u00e1s extenso de nuestro cuerpo, es un <em>must<\/em> que todos debemos tener presente en nuestro d\u00eda a d\u00eda.<\/p>\n<p>Un ejemplo es el que nos brinda REN Clean Skincare, gracias a su conocida l\u00ednea Keep Young &amp; Beautiful. Sin duda, esta colecci\u00f3n de hidratantes, cremas para el contorno de ojos con efecto <em>lifting<\/em> y s\u00e9rums reafirmantes nos ayudan a mantener la juventud y la vitalidad de nuestra piel.<\/p>\n<p>Ya lo destaca un popular dicho: \u201cQue la belleza sea consecuencia de la salud\u201d. Eso es precisamente a lo que todos debemos aspirar.<\/p>\n","protected":false},"excerpt":{"rendered":"<p>Para la sensibilidad en la piel es necesario un tratamiento especial y adecuado. Te contamos c\u00f3mo cuidar la piel sensible, especialmente la de la cara.<\/p>\n","protected":false},"author":1,"featured_media":1285,"comment_status":"open","ping_status":"open","sticky":false,"template":"","format":"standard","meta":{"footnotes":""},"categories":[626,622],"tags":[],"class_list":["post-999","post","type-post","status-publish","format-standard","has-post-thumbnail","hentry","category-tutoriales","category-cosmetica-dermocosmetica"],"featured_image_src":"https:\/\/www.arenal.com\/blog\/wp-content\/uploads\/2022\/01\/8954792607774-scaled.jpeg","author_info":{"display_name":"hiberus","author_link":"https:\/\/www.arenal.com\/blog\/author\/hiberus"},"yoast_head":"<!-- This site is optimized with the Yoast SEO plugin v27.4 - https:\/\/yoast.com\/product\/yoast-seo-wordpress\/ -->\n<title>C\u00f3mo cuidar la piel sensible | Blog de Arenal<\/title>\n<meta name=\"description\" content=\"Para la sensibilidad en la piel es necesario un tratamiento especial y adecuado. Te contamos c\u00f3mo cuidar la piel sensible, especialmente la de la cara.\" \/>\n<meta name=\"robots\" content=\"index, follow, max-snippet:-1, max-image-preview:large, max-video-preview:-1\" \/>\n<link rel=\"canonical\" href=\"https:\/\/www.arenal.com\/blog\/como-cuidar-piel-sensible\" \/>\n<meta property=\"og:locale\" content=\"es_ES\" \/>\n<meta property=\"og:type\" content=\"article\" \/>\n<meta property=\"og:title\" content=\"C\u00f3mo cuidar la piel sensible | Blog de Arenal\" \/>\n<meta property=\"og:description\" content=\"Para la sensibilidad en la piel es necesario un tratamiento especial y adecuado. Te contamos c\u00f3mo cuidar la piel sensible, especialmente la de la cara.\" \/>\n<meta property=\"og:url\" content=\"https:\/\/www.arenal.com\/blog\/como-cuidar-piel-sensible\" \/>\n<meta property=\"og:site_name\" content=\"Blog de Arenal\" \/>\n<meta property=\"article:published_time\" content=\"2020-03-24T23:01:48+00:00\" \/>\n<meta property=\"article:modified_time\" content=\"2023-09-22T07:25:43+00:00\" \/>\n<meta property=\"og:image\" content=\"https:\/\/www.arenal.com\/blog\/wp-content\/uploads\/2022\/01\/8954792607774-scaled.jpeg\" \/>\n\t<meta property=\"og:image:width\" content=\"1140\" \/>\n\t<meta property=\"og:image:height\" content=\"760\" \/>\n\t<meta property=\"og:image:type\" content=\"image\/jpeg\" \/>\n<meta name=\"author\" content=\"hiberus\" \/>\n<meta name=\"twitter:card\" content=\"summary_large_image\" \/>\n<meta name=\"twitter:title\" content=\"C\u00f3mo cuidar la piel sensible | Blog de Arenal\" \/>\n<meta name=\"twitter:label1\" content=\"Escrito por\" \/>\n\t<meta name=\"twitter:data1\" content=\"hiberus\" \/>\n\t<meta name=\"twitter:label2\" content=\"Tiempo de lectura\" \/>\n\t<meta name=\"twitter:data2\" content=\"3 minutos\" \/>\n<script type=\"application\/ld+json\" class=\"yoast-schema-graph\">{\"@context\":\"https:\\\/\\\/schema.org\",\"@graph\":[{\"@type\":\"Article\",\"@id\":\"https:\\\/\\\/www.arenal.com\\\/blog\\\/como-cuidar-piel-sensible#article\",\"isPartOf\":{\"@id\":\"https:\\\/\\\/www.arenal.com\\\/blog\\\/como-cuidar-piel-sensible\"},\"author\":{\"name\":\"hiberus\",\"@id\":\"https:\\\/\\\/www.arenal.com\\\/blog\\\/#\\\/schema\\\/person\\\/5b0f9900f2fb7a87b0b8c40b98a29e31\"},\"headline\":\"C\u00f3mo cuidar la piel sensible\",\"datePublished\":\"2020-03-24T23:01:48+00:00\",\"dateModified\":\"2023-09-22T07:25:43+00:00\",\"mainEntityOfPage\":{\"@id\":\"https:\\\/\\\/www.arenal.com\\\/blog\\\/como-cuidar-piel-sensible\"},\"wordCount\":620,\"commentCount\":1,\"image\":{\"@id\":\"https:\\\/\\\/www.arenal.com\\\/blog\\\/como-cuidar-piel-sensible#primaryimage\"},\"thumbnailUrl\":\"https:\\\/\\\/www.arenal.com\\\/blog\\\/wp-content\\\/uploads\\\/2022\\\/01\\\/8954792607774-scaled.jpeg\",\"articleSection\":[\"Tutoriales\",\"Cosm\u00e9tica\"],\"inLanguage\":\"es\",\"potentialAction\":[{\"@type\":\"CommentAction\",\"name\":\"Comment\",\"target\":[\"https:\\\/\\\/www.arenal.com\\\/blog\\\/como-cuidar-piel-sensible#respond\"]}]},{\"@type\":\"WebPage\",\"@id\":\"https:\\\/\\\/www.arenal.com\\\/blog\\\/como-cuidar-piel-sensible\",\"url\":\"https:\\\/\\\/www.arenal.com\\\/blog\\\/como-cuidar-piel-sensible\",\"name\":\"C\u00f3mo cuidar la piel sensible | Blog de Arenal\",\"isPartOf\":{\"@id\":\"https:\\\/\\\/www.arenal.com\\\/blog\\\/#website\"},\"primaryImageOfPage\":{\"@id\":\"https:\\\/\\\/www.arenal.com\\\/blog\\\/como-cuidar-piel-sensible#primaryimage\"},\"image\":{\"@id\":\"https:\\\/\\\/www.arenal.com\\\/blog\\\/como-cuidar-piel-sensible#primaryimage\"},\"thumbnailUrl\":\"https:\\\/\\\/www.arenal.com\\\/blog\\\/wp-content\\\/uploads\\\/2022\\\/01\\\/8954792607774-scaled.jpeg\",\"datePublished\":\"2020-03-24T23:01:48+00:00\",\"dateModified\":\"2023-09-22T07:25:43+00:00\",\"author\":{\"@id\":\"https:\\\/\\\/www.arenal.com\\\/blog\\\/#\\\/schema\\\/person\\\/5b0f9900f2fb7a87b0b8c40b98a29e31\"},\"description\":\"Para la sensibilidad en la piel es necesario un tratamiento especial y adecuado. Te contamos c\u00f3mo cuidar la piel sensible, especialmente la de la cara.\",\"breadcrumb\":{\"@id\":\"https:\\\/\\\/www.arenal.com\\\/blog\\\/como-cuidar-piel-sensible#breadcrumb\"},\"inLanguage\":\"es\",\"potentialAction\":[{\"@type\":\"ReadAction\",\"target\":[\"https:\\\/\\\/www.arenal.com\\\/blog\\\/como-cuidar-piel-sensible\"]}]},{\"@type\":\"ImageObject\",\"inLanguage\":\"es\",\"@id\":\"https:\\\/\\\/www.arenal.com\\\/blog\\\/como-cuidar-piel-sensible#primaryimage\",\"url\":\"https:\\\/\\\/www.arenal.com\\\/blog\\\/wp-content\\\/uploads\\\/2022\\\/01\\\/8954792607774-scaled.jpeg\",\"contentUrl\":\"https:\\\/\\\/www.arenal.com\\\/blog\\\/wp-content\\\/uploads\\\/2022\\\/01\\\/8954792607774-scaled.jpeg\",\"width\":1140,\"height\":760,\"caption\":\"C\u00f3mo cuidar la piel sensible\"},{\"@type\":\"BreadcrumbList\",\"@id\":\"https:\\\/\\\/www.arenal.com\\\/blog\\\/como-cuidar-piel-sensible#breadcrumb\",\"itemListElement\":[{\"@type\":\"ListItem\",\"position\":1,\"name\":\"Tutoriales\",\"item\":\"https:\\\/\\\/www.arenal.com\\\/blog\\\/tutoriales\"},{\"@type\":\"ListItem\",\"position\":2,\"name\":\"C\u00f3mo cuidar la piel sensible\"}]},{\"@type\":\"WebSite\",\"@id\":\"https:\\\/\\\/www.arenal.com\\\/blog\\\/#website\",\"url\":\"https:\\\/\\\/www.arenal.com\\\/blog\\\/\",\"name\":\"Blog de Arenal\",\"description\":\"\",\"potentialAction\":[{\"@type\":\"SearchAction\",\"target\":{\"@type\":\"EntryPoint\",\"urlTemplate\":\"https:\\\/\\\/www.arenal.com\\\/blog\\\/?s={search_term_string}\"},\"query-input\":{\"@type\":\"PropertyValueSpecification\",\"valueRequired\":true,\"valueName\":\"search_term_string\"}}],\"inLanguage\":\"es\"},{\"@type\":\"Person\",\"@id\":\"https:\\\/\\\/www.arenal.com\\\/blog\\\/#\\\/schema\\\/person\\\/5b0f9900f2fb7a87b0b8c40b98a29e31\",\"name\":\"hiberus\",\"image\":{\"@type\":\"ImageObject\",\"inLanguage\":\"es\",\"@id\":\"https:\\\/\\\/secure.gravatar.com\\\/avatar\\\/a0b97b568facc7d687254dae39c5cfb79af095aebc91173945f2a50629c9fe1a?s=96&d=mm&r=g\",\"url\":\"https:\\\/\\\/secure.gravatar.com\\\/avatar\\\/a0b97b568facc7d687254dae39c5cfb79af095aebc91173945f2a50629c9fe1a?s=96&d=mm&r=g\",\"contentUrl\":\"https:\\\/\\\/secure.gravatar.com\\\/avatar\\\/a0b97b568facc7d687254dae39c5cfb79af095aebc91173945f2a50629c9fe1a?s=96&d=mm&r=g\",\"caption\":\"hiberus\"},\"sameAs\":[\"https:\\\/\\\/www.arenal.com\"],\"url\":\"https:\\\/\\\/www.arenal.com\\\/blog\\\/author\\\/hiberus\"}]}<\/script>\n<!-- \/ Yoast SEO plugin. -->","yoast_head_json":{"title":"C\u00f3mo cuidar la piel sensible | Blog de Arenal","description":"Para la sensibilidad en la piel es necesario un tratamiento especial y adecuado. Te contamos c\u00f3mo cuidar la piel sensible, especialmente la de la cara.","robots":{"index":"index","follow":"follow","max-snippet":"max-snippet:-1","max-image-preview":"max-image-preview:large","max-video-preview":"max-video-preview:-1"},"canonical":"https:\/\/www.arenal.com\/blog\/como-cuidar-piel-sensible","og_locale":"es_ES","og_type":"article","og_title":"C\u00f3mo cuidar la piel sensible | Blog de Arenal","og_description":"Para la sensibilidad en la piel es necesario un tratamiento especial y adecuado. Te contamos c\u00f3mo cuidar la piel sensible, especialmente la de la cara.","og_url":"https:\/\/www.arenal.com\/blog\/como-cuidar-piel-sensible","og_site_name":"Blog de Arenal","article_published_time":"2020-03-24T23:01:48+00:00","article_modified_time":"2023-09-22T07:25:43+00:00","og_image":[{"width":1140,"height":760,"url":"https:\/\/www.arenal.com\/blog\/wp-content\/uploads\/2022\/01\/8954792607774-scaled.jpeg","type":"image\/jpeg"}],"author":"hiberus","twitter_card":"summary_large_image","twitter_title":"C\u00f3mo cuidar la piel sensible | Blog de Arenal","twitter_misc":{"Escrito por":"hiberus","Tiempo de lectura":"3 minutos"},"schema":{"@context":"https:\/\/schema.org","@graph":[{"@type":"Article","@id":"https:\/\/www.arenal.com\/blog\/como-cuidar-piel-sensible#article","isPartOf":{"@id":"https:\/\/www.arenal.com\/blog\/como-cuidar-piel-sensible"},"author":{"name":"hiberus","@id":"https:\/\/www.arenal.com\/blog\/#\/schema\/person\/5b0f9900f2fb7a87b0b8c40b98a29e31"},"headline":"C\u00f3mo cuidar la piel sensible","datePublished":"2020-03-24T23:01:48+00:00","dateModified":"2023-09-22T07:25:43+00:00","mainEntityOfPage":{"@id":"https:\/\/www.arenal.com\/blog\/como-cuidar-piel-sensible"},"wordCount":620,"commentCount":1,"image":{"@id":"https:\/\/www.arenal.com\/blog\/como-cuidar-piel-sensible#primaryimage"},"thumbnailUrl":"https:\/\/www.arenal.com\/blog\/wp-content\/uploads\/2022\/01\/8954792607774-scaled.jpeg","articleSection":["Tutoriales","Cosm\u00e9tica"],"inLanguage":"es","potentialAction":[{"@type":"CommentAction","name":"Comment","target":["https:\/\/www.arenal.com\/blog\/como-cuidar-piel-sensible#respond"]}]},{"@type":"WebPage","@id":"https:\/\/www.arenal.com\/blog\/como-cuidar-piel-sensible","url":"https:\/\/www.arenal.com\/blog\/como-cuidar-piel-sensible","name":"C\u00f3mo cuidar la piel sensible | Blog de Arenal","isPartOf":{"@id":"https:\/\/www.arenal.com\/blog\/#website"},"primaryImageOfPage":{"@id":"https:\/\/www.arenal.com\/blog\/como-cuidar-piel-sensible#primaryimage"},"image":{"@id":"https:\/\/www.arenal.com\/blog\/como-cuidar-piel-sensible#primaryimage"},"thumbnailUrl":"https:\/\/www.arenal.com\/blog\/wp-content\/uploads\/2022\/01\/8954792607774-scaled.jpeg","datePublished":"2020-03-24T23:01:48+00:00","dateModified":"2023-09-22T07:25:43+00:00","author":{"@id":"https:\/\/www.arenal.com\/blog\/#\/schema\/person\/5b0f9900f2fb7a87b0b8c40b98a29e31"},"description":"Para la sensibilidad en la piel es necesario un tratamiento especial y adecuado. Te contamos c\u00f3mo cuidar la piel sensible, especialmente la de la cara.","breadcrumb":{"@id":"https:\/\/www.arenal.com\/blog\/como-cuidar-piel-sensible#breadcrumb"},"inLanguage":"es","potentialAction":[{"@type":"ReadAction","target":["https:\/\/www.arenal.com\/blog\/como-cuidar-piel-sensible"]}]},{"@type":"ImageObject","inLanguage":"es","@id":"https:\/\/www.arenal.com\/blog\/como-cuidar-piel-sensible#primaryimage","url":"https:\/\/www.arenal.com\/blog\/wp-content\/uploads\/2022\/01\/8954792607774-scaled.jpeg","contentUrl":"https:\/\/www.arenal.com\/blog\/wp-content\/uploads\/2022\/01\/8954792607774-scaled.jpeg","width":1140,"height":760,"caption":"C\u00f3mo cuidar la piel sensible"},{"@type":"BreadcrumbList","@id":"https:\/\/www.arenal.com\/blog\/como-cuidar-piel-sensible#breadcrumb","itemListElement":[{"@type":"ListItem","position":1,"name":"Tutoriales","item":"https:\/\/www.arenal.com\/blog\/tutoriales"},{"@type":"ListItem","position":2,"name":"C\u00f3mo cuidar la piel sensible"}]},{"@type":"WebSite","@id":"https:\/\/www.arenal.com\/blog\/#website","url":"https:\/\/www.arenal.com\/blog\/","name":"Blog de Arenal","description":"","potentialAction":[{"@type":"SearchAction","target":{"@type":"EntryPoint","urlTemplate":"https:\/\/www.arenal.com\/blog\/?s={search_term_string}"},"query-input":{"@type":"PropertyValueSpecification","valueRequired":true,"valueName":"search_term_string"}}],"inLanguage":"es"},{"@type":"Person","@id":"https:\/\/www.arenal.com\/blog\/#\/schema\/person\/5b0f9900f2fb7a87b0b8c40b98a29e31","name":"hiberus","image":{"@type":"ImageObject","inLanguage":"es","@id":"https:\/\/secure.gravatar.com\/avatar\/a0b97b568facc7d687254dae39c5cfb79af095aebc91173945f2a50629c9fe1a?s=96&d=mm&r=g","url":"https:\/\/secure.gravatar.com\/avatar\/a0b97b568facc7d687254dae39c5cfb79af095aebc91173945f2a50629c9fe1a?s=96&d=mm&r=g","contentUrl":"https:\/\/secure.gravatar.com\/avatar\/a0b97b568facc7d687254dae39c5cfb79af095aebc91173945f2a50629c9fe1a?s=96&d=mm&r=g","caption":"hiberus"},"sameAs":["https:\/\/www.arenal.com"],"url":"https:\/\/www.arenal.com\/blog\/author\/hiberus"}]}},"_links":{"self":[{"href":"https:\/\/www.arenal.com\/blog\/wp-json\/wp\/v2\/posts\/999","targetHints":{"allow":["GET"]}}],"collection":[{"href":"https:\/\/www.arenal.com\/blog\/wp-json\/wp\/v2\/posts"}],"about":[{"href":"https:\/\/www.arenal.com\/blog\/wp-json\/wp\/v2\/types\/post"}],"author":[{"embeddable":true,"href":"https:\/\/www.arenal.com\/blog\/wp-json\/wp\/v2\/users\/1"}],"replies":[{"embeddable":true,"href":"https:\/\/www.arenal.com\/blog\/wp-json\/wp\/v2\/comments?post=999"}],"version-history":[{"count":3,"href":"https:\/\/www.arenal.com\/blog\/wp-json\/wp\/v2\/posts\/999\/revisions"}],"predecessor-version":[{"id":4373,"href":"https:\/\/www.arenal.com\/blog\/wp-json\/wp\/v2\/posts\/999\/revisions\/4373"}],"wp:featuredmedia":[{"embeddable":true,"href":"https:\/\/www.arenal.com\/blog\/wp-json\/wp\/v2\/media\/1285"}],"wp:attachment":[{"href":"https:\/\/www.arenal.com\/blog\/wp-json\/wp\/v2\/media?parent=999"}],"wp:term":[{"taxonomy":"category","embeddable":true,"href":"https:\/\/www.arenal.com\/blog\/wp-json\/wp\/v2\/categories?post=999"},{"taxonomy":"post_tag","embeddable":true,"href":"https:\/\/www.arenal.com\/blog\/wp-json\/wp\/v2\/tags?post=999"}],"curies":[{"name":"wp","href":"https:\/\/api.w.org\/{rel}","templated":true}]}}