{"id":995,"date":"2020-03-17T00:20:42","date_gmt":"2020-03-16T23:20:42","guid":{"rendered":"https:\/\/www.arenal.com\/flores-de-primavera\/"},"modified":"2025-11-10T11:18:08","modified_gmt":"2025-11-10T10:18:08","slug":"flores-de-primavera","status":"publish","type":"post","link":"https:\/\/www.arenal.com\/blog\/flores-de-primavera","title":{"rendered":"Flores de primavera para decorar tu hogar"},"content":{"rendered":"\n<p>Con el buen tiempo y el aumento de las horas de sol apetece decorar la casa con flores de primavera. La decoraci\u00f3n con flores aporta mucha alegr\u00eda al hogar, y si, adem\u00e1s es con flores primaverales, mucho mejor.<\/p>\n\n\n\n<h2 class=\"wp-block-heading\">\u00bfCu\u00e1les son las principales flores primaverales?<\/h2>\n\n\n\n<p>En cuanto a <strong>flores<\/strong> se refiere, hay una variedad enorme, y cada persona tiene sus gustos, por lo que es dif\u00edcil decir cu\u00e1l es la flor m\u00e1s bonita, aunque, lo que, s\u00ed que podemos decir, es que las flores de temporada primavera son de las m\u00e1s coloridas que hay.<\/p>\n\n\n\n<p>Ahora, quiz\u00e1s te est\u00e9s preguntando cu\u00e1les son las principales <strong>flores primaverales<\/strong> que puedes tener en tu casa.<\/p>\n\n\n\n<p>Algunas de las flores de primavera m\u00e1s llamativas son las siguientes: pr\u00edmulas, begonias, an\u00e9monas, amapolas, lirios, jacintos, pensamientos o ran\u00fanculos.<\/p>\n\n\n\n<figure class=\"wp-block-image size-large\"><img loading=\"lazy\" decoding=\"async\" width=\"1024\" height=\"683\" src=\"https:\/\/www.arenal.com\/blog\/wp-content\/uploads\/2025\/02\/esmalte_de_unas_de_primavera_Arenal-1024x683.jpg\" alt=\"\" class=\"wp-image-7074\" srcset=\"https:\/\/www.arenal.com\/blog\/wp-content\/uploads\/2025\/02\/esmalte_de_unas_de_primavera_Arenal-1024x683.jpg 1024w, https:\/\/www.arenal.com\/blog\/wp-content\/uploads\/2025\/02\/esmalte_de_unas_de_primavera_Arenal-300x200.jpg 300w, https:\/\/www.arenal.com\/blog\/wp-content\/uploads\/2025\/02\/esmalte_de_unas_de_primavera_Arenal-768x512.jpg 768w, https:\/\/www.arenal.com\/blog\/wp-content\/uploads\/2025\/02\/esmalte_de_unas_de_primavera_Arenal.jpg 1140w\" sizes=\"auto, (max-width: 1024px) 100vw, 1024px\" \/><\/figure>\n\n\n\n<p>La ventaja de decorar con este tipo de flores tu casa es que aportan mucha alegr\u00eda por su diversidad de colores. Por ejemplo, los ran\u00fanculos, que son parecidos a las rosas, tienen colores claros y dan un toque de luz al hogar muy agradable.<\/p>\n\n\n\n<p>Los jacintos, tienen un precioso color p\u00farpura, y los lirios, aunque los blancos son los m\u00e1s comunes, tambi\u00e9n los podemos encontrar rosas, amarillos, naranjas o rojos.<\/p>\n\n\n\n<p>Si te gustan las flores silvestres te encantar\u00e1n las amapolas, con su precioso color rojo brillante. Por otro lado, est\u00e1n las an\u00e9monas, parecidas a las margaritas y que destacan tanto por sus colores pastel como m\u00e1s intensos.<\/p>\n\n\n\n<p>En Arenal puedes encontrar semillas de plantas y flores, as\u00ed como fertilizantes con los que sin duda conseguir\u00e1s dar a tu hogar un toque de alegr\u00eda, naturaleza, y sobre todo, de primavera.<\/p>\n\n\n\n<figure class=\"wp-block-image size-large\"><img loading=\"lazy\" decoding=\"async\" width=\"1024\" height=\"683\" src=\"https:\/\/www.arenal.com\/blog\/wp-content\/uploads\/2025\/02\/flores_para_primavera_arenal-1024x683.jpg\" alt=\"\" class=\"wp-image-7077\" srcset=\"https:\/\/www.arenal.com\/blog\/wp-content\/uploads\/2025\/02\/flores_para_primavera_arenal-1024x683.jpg 1024w, https:\/\/www.arenal.com\/blog\/wp-content\/uploads\/2025\/02\/flores_para_primavera_arenal-300x200.jpg 300w, https:\/\/www.arenal.com\/blog\/wp-content\/uploads\/2025\/02\/flores_para_primavera_arenal-768x512.jpg 768w, https:\/\/www.arenal.com\/blog\/wp-content\/uploads\/2025\/02\/flores_para_primavera_arenal.jpg 1140w\" sizes=\"auto, (max-width: 1024px) 100vw, 1024px\" \/><\/figure>\n\n\n\n<h2 class=\"wp-block-heading\">Decoraci\u00f3n con flores para tu terraza<\/h2>\n\n\n\n<p>Si tienes una terraza y te gustar\u00eda darle un toque de color, deber\u00edas optar por decorarla con flores. Hay muchas flores que puedes poner en tu terraza, ya sea de forma individual, o creando bonitas composiciones con varias flores de primavera juntas. Sin embargo, debes tener en cuenta que no todas las flores son adecuadas para todo tipo de climas, y por mucho que te guste un tipo de flor primaveral, puede que no sea la adecuada para el lugar donde vives.<\/p>\n\n\n\n<p>Hay plantas que necesitan mucha luz, como, por ejemplo, la preciosa Ave del Para\u00edso, que es una planta del sur de \u00c1frica que necesita vivir con un clima templado y h\u00famedo.<\/p>\n\n\n\n<p>Por otro lado, nos encontramos con plantas que necesitan luz, pero no demasiada, y que precisan ser movidas hacia la sombra en las horas de luz fuerte, como, por ejemplo, el lirio. El lirio necesita luz, pero las altas temperaturas pueden quemarlo.<\/p>\n\n\n\n<figure class=\"wp-block-image size-large\"><img loading=\"lazy\" decoding=\"async\" width=\"1024\" height=\"683\" src=\"https:\/\/www.arenal.com\/blog\/wp-content\/uploads\/2025\/02\/flores_que_florecen_en_primavera_arenal-1024x683.jpg\" alt=\"\" class=\"wp-image-7079\" srcset=\"https:\/\/www.arenal.com\/blog\/wp-content\/uploads\/2025\/02\/flores_que_florecen_en_primavera_arenal-1024x683.jpg 1024w, https:\/\/www.arenal.com\/blog\/wp-content\/uploads\/2025\/02\/flores_que_florecen_en_primavera_arenal-300x200.jpg 300w, https:\/\/www.arenal.com\/blog\/wp-content\/uploads\/2025\/02\/flores_que_florecen_en_primavera_arenal-768x512.jpg 768w, https:\/\/www.arenal.com\/blog\/wp-content\/uploads\/2025\/02\/flores_que_florecen_en_primavera_arenal.jpg 1140w\" sizes=\"auto, (max-width: 1024px) 100vw, 1024px\" \/><\/figure>\n\n\n\n<p>Luego, nos encontramos con algunas plantas cuyo lugar ideal es entre el sol y la sombra. Puede resultar complicado buscarle un buen sitio a este tipo de plantas, aunque si lo conseguimos, seguro que el resultado merece la pena. Un ejemplo de este tipo de plantas es la Dicentra, que son unas bonitas flores con forma de coraz\u00f3n originarias de Asia.<\/p>\n\n\n\n<p>Nos encontramos tambi\u00e9n las plantas de primavera que requieren bastante agua, pero con las que hay que tener cuidado de no ahogarlas, como, por ejemplo, las Begonias.<\/p>\n\n\n\n<p>Por \u00faltimo, algunas flores tienen preferencia por los climas c\u00e1lidos, pero no soportan un clima seco, ni con mucho aire. Este es el caso de los tulipanes.<\/p>\n","protected":false},"excerpt":{"rendered":"<p>Ahora que llega el buen tiempo te aconsejamos que decores tu casa con flores primaverales que le den un toque fresco y elegante al ambiente.<\/p>\n","protected":false},"author":1,"featured_media":7080,"comment_status":"open","ping_status":"open","sticky":false,"template":"","format":"standard","meta":{"footnotes":""},"categories":[235],"tags":[],"class_list":["post-995","post","type-post","status-publish","format-standard","has-post-thumbnail","hentry","category-hogar"],"featured_image_src":"https:\/\/www.arenal.com\/blog\/wp-content\/uploads\/2025\/02\/flores_de_primavera_arenal.jpg","author_info":{"display_name":"hiberus","author_link":"https:\/\/www.arenal.com\/blog\/author\/hiberus"},"yoast_head":"<!-- This site is optimized with the Yoast SEO plugin v27.4 - https:\/\/yoast.com\/product\/yoast-seo-wordpress\/ -->\n<title>Flores de primavera para decorar tu hogar | Blog de Arenal<\/title>\n<meta name=\"description\" content=\"Ahora que llega el buen tiempo te aconsejamos que decores tu casa con flores primaverales que le den un toque fresco y elegante al ambiente.\" \/>\n<meta name=\"robots\" content=\"index, follow, max-snippet:-1, max-image-preview:large, max-video-preview:-1\" \/>\n<link rel=\"canonical\" href=\"https:\/\/www.arenal.com\/blog\/flores-de-primavera\" \/>\n<meta property=\"og:locale\" content=\"es_ES\" \/>\n<meta property=\"og:type\" content=\"article\" \/>\n<meta property=\"og:title\" content=\"Flores de primavera para decorar tu hogar | Blog de Arenal\" \/>\n<meta property=\"og:description\" content=\"Ahora que llega el buen tiempo te aconsejamos que decores tu casa con flores primaverales que le den un toque fresco y elegante al ambiente.\" \/>\n<meta property=\"og:url\" content=\"https:\/\/www.arenal.com\/blog\/flores-de-primavera\" \/>\n<meta property=\"og:site_name\" content=\"Blog de Arenal\" \/>\n<meta property=\"article:published_time\" content=\"2020-03-16T23:20:42+00:00\" \/>\n<meta property=\"article:modified_time\" content=\"2025-11-10T10:18:08+00:00\" \/>\n<meta property=\"og:image\" content=\"https:\/\/www.arenal.com\/blog\/wp-content\/uploads\/2025\/02\/flores_de_primavera_arenal.jpg\" \/>\n\t<meta property=\"og:image:width\" content=\"1140\" \/>\n\t<meta property=\"og:image:height\" content=\"322\" \/>\n\t<meta property=\"og:image:type\" content=\"image\/jpeg\" \/>\n<meta name=\"author\" content=\"hiberus\" \/>\n<meta name=\"twitter:card\" content=\"summary_large_image\" \/>\n<meta name=\"twitter:title\" content=\"Flores de primavera para decorar tu hogar | Blog de Arenal\" \/>\n<meta name=\"twitter:label1\" content=\"Escrito por\" \/>\n\t<meta name=\"twitter:data1\" content=\"hiberus\" \/>\n\t<meta name=\"twitter:label2\" content=\"Tiempo de lectura\" \/>\n\t<meta name=\"twitter:data2\" content=\"4 minutos\" \/>\n<script type=\"application\/ld+json\" class=\"yoast-schema-graph\">{\"@context\":\"https:\\\/\\\/schema.org\",\"@graph\":[{\"@type\":\"Article\",\"@id\":\"https:\\\/\\\/www.arenal.com\\\/blog\\\/flores-de-primavera#article\",\"isPartOf\":{\"@id\":\"https:\\\/\\\/www.arenal.com\\\/blog\\\/flores-de-primavera\"},\"author\":{\"name\":\"hiberus\",\"@id\":\"https:\\\/\\\/www.arenal.com\\\/blog\\\/#\\\/schema\\\/person\\\/5b0f9900f2fb7a87b0b8c40b98a29e31\"},\"headline\":\"Flores de primavera para decorar tu hogar\",\"datePublished\":\"2020-03-16T23:20:42+00:00\",\"dateModified\":\"2025-11-10T10:18:08+00:00\",\"mainEntityOfPage\":{\"@id\":\"https:\\\/\\\/www.arenal.com\\\/blog\\\/flores-de-primavera\"},\"wordCount\":586,\"commentCount\":0,\"image\":{\"@id\":\"https:\\\/\\\/www.arenal.com\\\/blog\\\/flores-de-primavera#primaryimage\"},\"thumbnailUrl\":\"https:\\\/\\\/www.arenal.com\\\/blog\\\/wp-content\\\/uploads\\\/2025\\\/02\\\/flores_de_primavera_arenal.jpg\",\"articleSection\":[\"Hogar\"],\"inLanguage\":\"es\",\"potentialAction\":[{\"@type\":\"CommentAction\",\"name\":\"Comment\",\"target\":[\"https:\\\/\\\/www.arenal.com\\\/blog\\\/flores-de-primavera#respond\"]}]},{\"@type\":\"WebPage\",\"@id\":\"https:\\\/\\\/www.arenal.com\\\/blog\\\/flores-de-primavera\",\"url\":\"https:\\\/\\\/www.arenal.com\\\/blog\\\/flores-de-primavera\",\"name\":\"Flores de primavera para decorar tu hogar | Blog de Arenal\",\"isPartOf\":{\"@id\":\"https:\\\/\\\/www.arenal.com\\\/blog\\\/#website\"},\"primaryImageOfPage\":{\"@id\":\"https:\\\/\\\/www.arenal.com\\\/blog\\\/flores-de-primavera#primaryimage\"},\"image\":{\"@id\":\"https:\\\/\\\/www.arenal.com\\\/blog\\\/flores-de-primavera#primaryimage\"},\"thumbnailUrl\":\"https:\\\/\\\/www.arenal.com\\\/blog\\\/wp-content\\\/uploads\\\/2025\\\/02\\\/flores_de_primavera_arenal.jpg\",\"datePublished\":\"2020-03-16T23:20:42+00:00\",\"dateModified\":\"2025-11-10T10:18:08+00:00\",\"author\":{\"@id\":\"https:\\\/\\\/www.arenal.com\\\/blog\\\/#\\\/schema\\\/person\\\/5b0f9900f2fb7a87b0b8c40b98a29e31\"},\"description\":\"Ahora que llega el buen tiempo te aconsejamos que decores tu casa con flores primaverales que le den un toque fresco y elegante al ambiente.\",\"breadcrumb\":{\"@id\":\"https:\\\/\\\/www.arenal.com\\\/blog\\\/flores-de-primavera#breadcrumb\"},\"inLanguage\":\"es\",\"potentialAction\":[{\"@type\":\"ReadAction\",\"target\":[\"https:\\\/\\\/www.arenal.com\\\/blog\\\/flores-de-primavera\"]}]},{\"@type\":\"ImageObject\",\"inLanguage\":\"es\",\"@id\":\"https:\\\/\\\/www.arenal.com\\\/blog\\\/flores-de-primavera#primaryimage\",\"url\":\"https:\\\/\\\/www.arenal.com\\\/blog\\\/wp-content\\\/uploads\\\/2025\\\/02\\\/flores_de_primavera_arenal.jpg\",\"contentUrl\":\"https:\\\/\\\/www.arenal.com\\\/blog\\\/wp-content\\\/uploads\\\/2025\\\/02\\\/flores_de_primavera_arenal.jpg\",\"width\":1140,\"height\":322},{\"@type\":\"BreadcrumbList\",\"@id\":\"https:\\\/\\\/www.arenal.com\\\/blog\\\/flores-de-primavera#breadcrumb\",\"itemListElement\":[{\"@type\":\"ListItem\",\"position\":1,\"name\":\"Hogar\",\"item\":\"https:\\\/\\\/www.arenal.com\\\/blog\\\/hogar\"},{\"@type\":\"ListItem\",\"position\":2,\"name\":\"Flores de primavera para decorar tu hogar\"}]},{\"@type\":\"WebSite\",\"@id\":\"https:\\\/\\\/www.arenal.com\\\/blog\\\/#website\",\"url\":\"https:\\\/\\\/www.arenal.com\\\/blog\\\/\",\"name\":\"Blog de Arenal\",\"description\":\"\",\"potentialAction\":[{\"@type\":\"SearchAction\",\"target\":{\"@type\":\"EntryPoint\",\"urlTemplate\":\"https:\\\/\\\/www.arenal.com\\\/blog\\\/?s={search_term_string}\"},\"query-input\":{\"@type\":\"PropertyValueSpecification\",\"valueRequired\":true,\"valueName\":\"search_term_string\"}}],\"inLanguage\":\"es\"},{\"@type\":\"Person\",\"@id\":\"https:\\\/\\\/www.arenal.com\\\/blog\\\/#\\\/schema\\\/person\\\/5b0f9900f2fb7a87b0b8c40b98a29e31\",\"name\":\"hiberus\",\"image\":{\"@type\":\"ImageObject\",\"inLanguage\":\"es\",\"@id\":\"https:\\\/\\\/secure.gravatar.com\\\/avatar\\\/a0b97b568facc7d687254dae39c5cfb79af095aebc91173945f2a50629c9fe1a?s=96&d=mm&r=g\",\"url\":\"https:\\\/\\\/secure.gravatar.com\\\/avatar\\\/a0b97b568facc7d687254dae39c5cfb79af095aebc91173945f2a50629c9fe1a?s=96&d=mm&r=g\",\"contentUrl\":\"https:\\\/\\\/secure.gravatar.com\\\/avatar\\\/a0b97b568facc7d687254dae39c5cfb79af095aebc91173945f2a50629c9fe1a?s=96&d=mm&r=g\",\"caption\":\"hiberus\"},\"sameAs\":[\"https:\\\/\\\/www.arenal.com\"],\"url\":\"https:\\\/\\\/www.arenal.com\\\/blog\\\/author\\\/hiberus\"}]}<\/script>\n<!-- \/ Yoast SEO plugin. -->","yoast_head_json":{"title":"Flores de primavera para decorar tu hogar | Blog de Arenal","description":"Ahora que llega el buen tiempo te aconsejamos que decores tu casa con flores primaverales que le den un toque fresco y elegante al ambiente.","robots":{"index":"index","follow":"follow","max-snippet":"max-snippet:-1","max-image-preview":"max-image-preview:large","max-video-preview":"max-video-preview:-1"},"canonical":"https:\/\/www.arenal.com\/blog\/flores-de-primavera","og_locale":"es_ES","og_type":"article","og_title":"Flores de primavera para decorar tu hogar | Blog de Arenal","og_description":"Ahora que llega el buen tiempo te aconsejamos que decores tu casa con flores primaverales que le den un toque fresco y elegante al ambiente.","og_url":"https:\/\/www.arenal.com\/blog\/flores-de-primavera","og_site_name":"Blog de Arenal","article_published_time":"2020-03-16T23:20:42+00:00","article_modified_time":"2025-11-10T10:18:08+00:00","og_image":[{"width":1140,"height":322,"url":"https:\/\/www.arenal.com\/blog\/wp-content\/uploads\/2025\/02\/flores_de_primavera_arenal.jpg","type":"image\/jpeg"}],"author":"hiberus","twitter_card":"summary_large_image","twitter_title":"Flores de primavera para decorar tu hogar | Blog de Arenal","twitter_misc":{"Escrito por":"hiberus","Tiempo de lectura":"4 minutos"},"schema":{"@context":"https:\/\/schema.org","@graph":[{"@type":"Article","@id":"https:\/\/www.arenal.com\/blog\/flores-de-primavera#article","isPartOf":{"@id":"https:\/\/www.arenal.com\/blog\/flores-de-primavera"},"author":{"name":"hiberus","@id":"https:\/\/www.arenal.com\/blog\/#\/schema\/person\/5b0f9900f2fb7a87b0b8c40b98a29e31"},"headline":"Flores de primavera para decorar tu hogar","datePublished":"2020-03-16T23:20:42+00:00","dateModified":"2025-11-10T10:18:08+00:00","mainEntityOfPage":{"@id":"https:\/\/www.arenal.com\/blog\/flores-de-primavera"},"wordCount":586,"commentCount":0,"image":{"@id":"https:\/\/www.arenal.com\/blog\/flores-de-primavera#primaryimage"},"thumbnailUrl":"https:\/\/www.arenal.com\/blog\/wp-content\/uploads\/2025\/02\/flores_de_primavera_arenal.jpg","articleSection":["Hogar"],"inLanguage":"es","potentialAction":[{"@type":"CommentAction","name":"Comment","target":["https:\/\/www.arenal.com\/blog\/flores-de-primavera#respond"]}]},{"@type":"WebPage","@id":"https:\/\/www.arenal.com\/blog\/flores-de-primavera","url":"https:\/\/www.arenal.com\/blog\/flores-de-primavera","name":"Flores de primavera para decorar tu hogar | Blog de Arenal","isPartOf":{"@id":"https:\/\/www.arenal.com\/blog\/#website"},"primaryImageOfPage":{"@id":"https:\/\/www.arenal.com\/blog\/flores-de-primavera#primaryimage"},"image":{"@id":"https:\/\/www.arenal.com\/blog\/flores-de-primavera#primaryimage"},"thumbnailUrl":"https:\/\/www.arenal.com\/blog\/wp-content\/uploads\/2025\/02\/flores_de_primavera_arenal.jpg","datePublished":"2020-03-16T23:20:42+00:00","dateModified":"2025-11-10T10:18:08+00:00","author":{"@id":"https:\/\/www.arenal.com\/blog\/#\/schema\/person\/5b0f9900f2fb7a87b0b8c40b98a29e31"},"description":"Ahora que llega el buen tiempo te aconsejamos que decores tu casa con flores primaverales que le den un toque fresco y elegante al ambiente.","breadcrumb":{"@id":"https:\/\/www.arenal.com\/blog\/flores-de-primavera#breadcrumb"},"inLanguage":"es","potentialAction":[{"@type":"ReadAction","target":["https:\/\/www.arenal.com\/blog\/flores-de-primavera"]}]},{"@type":"ImageObject","inLanguage":"es","@id":"https:\/\/www.arenal.com\/blog\/flores-de-primavera#primaryimage","url":"https:\/\/www.arenal.com\/blog\/wp-content\/uploads\/2025\/02\/flores_de_primavera_arenal.jpg","contentUrl":"https:\/\/www.arenal.com\/blog\/wp-content\/uploads\/2025\/02\/flores_de_primavera_arenal.jpg","width":1140,"height":322},{"@type":"BreadcrumbList","@id":"https:\/\/www.arenal.com\/blog\/flores-de-primavera#breadcrumb","itemListElement":[{"@type":"ListItem","position":1,"name":"Hogar","item":"https:\/\/www.arenal.com\/blog\/hogar"},{"@type":"ListItem","position":2,"name":"Flores de primavera para decorar tu hogar"}]},{"@type":"WebSite","@id":"https:\/\/www.arenal.com\/blog\/#website","url":"https:\/\/www.arenal.com\/blog\/","name":"Blog de Arenal","description":"","potentialAction":[{"@type":"SearchAction","target":{"@type":"EntryPoint","urlTemplate":"https:\/\/www.arenal.com\/blog\/?s={search_term_string}"},"query-input":{"@type":"PropertyValueSpecification","valueRequired":true,"valueName":"search_term_string"}}],"inLanguage":"es"},{"@type":"Person","@id":"https:\/\/www.arenal.com\/blog\/#\/schema\/person\/5b0f9900f2fb7a87b0b8c40b98a29e31","name":"hiberus","image":{"@type":"ImageObject","inLanguage":"es","@id":"https:\/\/secure.gravatar.com\/avatar\/a0b97b568facc7d687254dae39c5cfb79af095aebc91173945f2a50629c9fe1a?s=96&d=mm&r=g","url":"https:\/\/secure.gravatar.com\/avatar\/a0b97b568facc7d687254dae39c5cfb79af095aebc91173945f2a50629c9fe1a?s=96&d=mm&r=g","contentUrl":"https:\/\/secure.gravatar.com\/avatar\/a0b97b568facc7d687254dae39c5cfb79af095aebc91173945f2a50629c9fe1a?s=96&d=mm&r=g","caption":"hiberus"},"sameAs":["https:\/\/www.arenal.com"],"url":"https:\/\/www.arenal.com\/blog\/author\/hiberus"}]}},"_links":{"self":[{"href":"https:\/\/www.arenal.com\/blog\/wp-json\/wp\/v2\/posts\/995","targetHints":{"allow":["GET"]}}],"collection":[{"href":"https:\/\/www.arenal.com\/blog\/wp-json\/wp\/v2\/posts"}],"about":[{"href":"https:\/\/www.arenal.com\/blog\/wp-json\/wp\/v2\/types\/post"}],"author":[{"embeddable":true,"href":"https:\/\/www.arenal.com\/blog\/wp-json\/wp\/v2\/users\/1"}],"replies":[{"embeddable":true,"href":"https:\/\/www.arenal.com\/blog\/wp-json\/wp\/v2\/comments?post=995"}],"version-history":[{"count":9,"href":"https:\/\/www.arenal.com\/blog\/wp-json\/wp\/v2\/posts\/995\/revisions"}],"predecessor-version":[{"id":8148,"href":"https:\/\/www.arenal.com\/blog\/wp-json\/wp\/v2\/posts\/995\/revisions\/8148"}],"wp:featuredmedia":[{"embeddable":true,"href":"https:\/\/www.arenal.com\/blog\/wp-json\/wp\/v2\/media\/7080"}],"wp:attachment":[{"href":"https:\/\/www.arenal.com\/blog\/wp-json\/wp\/v2\/media?parent=995"}],"wp:term":[{"taxonomy":"category","embeddable":true,"href":"https:\/\/www.arenal.com\/blog\/wp-json\/wp\/v2\/categories?post=995"},{"taxonomy":"post_tag","embeddable":true,"href":"https:\/\/www.arenal.com\/blog\/wp-json\/wp\/v2\/tags?post=995"}],"curies":[{"name":"wp","href":"https:\/\/api.w.org\/{rel}","templated":true}]}}