{"id":993,"date":"2020-03-11T00:45:36","date_gmt":"2020-03-10T23:45:36","guid":{"rendered":"https:\/\/www.arenal.com\/corrector-verde\/"},"modified":"2025-02-11T09:27:01","modified_gmt":"2025-02-11T08:27:01","slug":"corrector-verde","status":"publish","type":"post","link":"https:\/\/www.arenal.com\/blog\/corrector-verde","title":{"rendered":"Corrector verde: El corrector para las rojeces"},"content":{"rendered":"<p>El mundo del maquillaje puede llegar a ser bastante complejo. Cada vez hay m\u00e1s productos y, posiblemente, haya alguno que te venga bien y a\u00fan no conozcas. Este puede ser el caso, por ejemplo, del <strong>corrector verde para rojeces<\/strong>\u00a0de Essence. Su color no resulta demasiado atrayente a simple vista, pero, en el caso de que tengas rojeces o granitos, te vendr\u00e1 estupendo. Solo necesitas saber aplicarlo.<\/p>\n<p>Ahora, vamos a hablar un poco sobre corrector verde para que se utiliza, as\u00ed como, la forma de aplicarlo.<\/p>\n<h2><u>\u00bfPara qu\u00e9 se utiliza el corrector verde?<\/u><\/h2>\n<p>Existen diferentes <a href=\"https:\/\/www.arenal.com\/maquillaje\/rostro\/correctores\/c\/1_0000000645\">correctores los cuales tiene tonalidades distintas<\/a>. Dependiendo del color, son \u00fatiles para algo en concreto.<\/p>\n<p>El corrector de color amarillo como por ejemplo\u00a0de <a href=\"https:\/\/www.arenal.com\/avene-couvrance-stick-corrector-3-gr-coral\/p\/000000000000039036\">Avene Couvrance<\/a>\u00a0es el m\u00e1s com\u00fan, el de toda la vida. Lo puedes usar en caso de que tus ojeras sean grises o azuladas. Tambi\u00e9n es \u00fatil para disimular alguna mancha por la zona de arriba de los labios.<\/p>\n<p>Pero el corrector m\u00e1s interesante sin duda es el de color verde. Por su color seguro que no pensar\u00edas que podr\u00eda convertirse en tu gran aliado. Sin embargo, te vendr\u00e1 genial si necesitas un <strong>corrector de rojeces<\/strong>. Podr\u00e1s esconder imperfecciones de todo tipo que tengan tonalidad roja o rosada. Es estupendo tambi\u00e9n para el acn\u00e9, motivo por el que es conocido como corrector verde para granos. Te servir\u00e1 tambi\u00e9n en el caso de alguna reacci\u00f3n al\u00e9rgica o alguna picadura cuyo tono sea rojo o rosa.<\/p>\n<p>Adem\u00e1s de esos colores de corrector, podemos encontrar otros tonos, como, por ejemplo, el de color lila, el cual difumina o neutraliza granitos, cicatrices o manchas de color amarillo, marr\u00f3n o naranja.<\/p>\n<p>Existen dos tonos de correctores que por su complejidad no deber\u00edas utilizarlos a no ser que seas profesional del maquillaje. Se trata del corrector de color azul y del blanco. El azul solo es v\u00e1lido para las imperfecciones de color naranja, pero es necesario difuminarlo correctamente. El corrector blanco no deber\u00eda usarse en las ojeras nunca, pues se notar\u00e1n m\u00e1s a\u00fan. Sirve para rellenar las l\u00edneas de expresi\u00f3n.<\/p>\n<h2><u>\u00bfC\u00f3mo se aplica el corrector verde?<\/u><\/h2>\n<p>Ahora, quiz\u00e1s venga lo m\u00e1s importante. Saber c\u00f3mo se aplica el corrector verde para no terminar pareciendo un marciano.<\/p>\n<p>Existen <a href=\"https:\/\/www.arenal.com\/maquillaje\/rostro\/correctores\/c\/1_0000000645\">correctores con texturas diferentes<\/a>. Los hay en polvo, fluido o cremoso, por lo que la forma de aplicarlo ser\u00e1 distinta dependiendo del formato. Puedes aplicarlo con una brocha, con una esponja, o, incluso con la yema de tus propios dedos.<\/p>\n<p>Es importante que apliques el corrector dando peque\u00f1os golpecitos, y no arrastrando el dedo, pincel o esponja, pues, en ese caso, no conseguir\u00e1s difuminarlo correctamente.<\/p>\n<p>Cuando lo hayas aplicado, espera un poco y despu\u00e9s podr\u00e1s aplicar tu maquillaje habitual. En el caso de que tu base de maquillaje habitual no cubra demasiado, o suelas usar, por ejemplo, una bb cream, quiz\u00e1s te vendr\u00eda mejor usar un corrector de color neutro despu\u00e9s del corrector verde.<\/p>\n<p>Cuando hayas terminado ver\u00e1s que el corrector verde merece mucho la pena, siendo los resultados bastante mejores que si no lo hubieses utilizado.<\/p>\n","protected":false},"excerpt":{"rendered":"<p>\u00bfTienes rojeces en la cara y no sabes como ocultarlas? \u00a1Tenemos la soluci\u00f3n! Prueba a aplicar sobre ellas corrector verde. Te contamos c\u00f3mo.<\/p>\n","protected":false},"author":1,"featured_media":1422,"comment_status":"open","ping_status":"open","sticky":false,"template":"","format":"standard","meta":{"footnotes":""},"categories":[231],"tags":[],"class_list":["post-993","post","type-post","status-publish","format-standard","has-post-thumbnail","hentry","category-consejos-y-rutinas-de-maquillaje"],"featured_image_src":"https:\/\/www.arenal.com\/blog\/wp-content\/uploads\/2022\/01\/8954802044958.jpeg","author_info":{"display_name":"hiberus","author_link":"https:\/\/www.arenal.com\/blog\/author\/hiberus"},"yoast_head":"<!-- This site is optimized with the Yoast SEO plugin v27.4 - https:\/\/yoast.com\/product\/yoast-seo-wordpress\/ -->\n<title>Corrector verde | Blog de Arenal<\/title>\n<meta name=\"description\" content=\"\u00bfTienes rojeces en la cara y no sabes como ocultarlas? \u00a1Tenemos la soluci\u00f3n! Prueba a aplicar sobre ellas corrector verde. Te contamos c\u00f3mo.\" \/>\n<meta name=\"robots\" content=\"index, follow, max-snippet:-1, max-image-preview:large, max-video-preview:-1\" \/>\n<link rel=\"canonical\" href=\"https:\/\/www.arenal.com\/blog\/corrector-verde\" \/>\n<meta property=\"og:locale\" content=\"es_ES\" \/>\n<meta property=\"og:type\" content=\"article\" \/>\n<meta property=\"og:title\" content=\"Corrector verde | Blog de Arenal\" \/>\n<meta property=\"og:description\" content=\"\u00bfTienes rojeces en la cara y no sabes como ocultarlas? \u00a1Tenemos la soluci\u00f3n! Prueba a aplicar sobre ellas corrector verde. Te contamos c\u00f3mo.\" \/>\n<meta property=\"og:url\" content=\"https:\/\/www.arenal.com\/blog\/corrector-verde\" \/>\n<meta property=\"og:site_name\" content=\"Blog de Arenal\" \/>\n<meta property=\"article:published_time\" content=\"2020-03-10T23:45:36+00:00\" \/>\n<meta property=\"article:modified_time\" content=\"2025-02-11T08:27:01+00:00\" \/>\n<meta property=\"og:image\" content=\"https:\/\/www.arenal.com\/blog\/wp-content\/uploads\/2022\/01\/8954802044958.jpeg\" \/>\n\t<meta property=\"og:image:width\" content=\"1140\" \/>\n\t<meta property=\"og:image:height\" content=\"371\" \/>\n\t<meta property=\"og:image:type\" content=\"image\/jpeg\" \/>\n<meta name=\"author\" content=\"hiberus\" \/>\n<meta name=\"twitter:card\" content=\"summary_large_image\" \/>\n<meta name=\"twitter:title\" content=\"Corrector verde | Blog de Arenal\" \/>\n<meta name=\"twitter:label1\" content=\"Escrito por\" \/>\n\t<meta name=\"twitter:data1\" content=\"hiberus\" \/>\n\t<meta name=\"twitter:label2\" content=\"Tiempo de lectura\" \/>\n\t<meta name=\"twitter:data2\" content=\"3 minutos\" \/>\n<script type=\"application\/ld+json\" class=\"yoast-schema-graph\">{\"@context\":\"https:\\\/\\\/schema.org\",\"@graph\":[{\"@type\":\"Article\",\"@id\":\"https:\\\/\\\/www.arenal.com\\\/blog\\\/corrector-verde#article\",\"isPartOf\":{\"@id\":\"https:\\\/\\\/www.arenal.com\\\/blog\\\/corrector-verde\"},\"author\":{\"name\":\"hiberus\",\"@id\":\"https:\\\/\\\/www.arenal.com\\\/blog\\\/#\\\/schema\\\/person\\\/5b0f9900f2fb7a87b0b8c40b98a29e31\"},\"headline\":\"Corrector verde: El corrector para las rojeces\",\"datePublished\":\"2020-03-10T23:45:36+00:00\",\"dateModified\":\"2025-02-11T08:27:01+00:00\",\"mainEntityOfPage\":{\"@id\":\"https:\\\/\\\/www.arenal.com\\\/blog\\\/corrector-verde\"},\"wordCount\":548,\"commentCount\":0,\"image\":{\"@id\":\"https:\\\/\\\/www.arenal.com\\\/blog\\\/corrector-verde#primaryimage\"},\"thumbnailUrl\":\"https:\\\/\\\/www.arenal.com\\\/blog\\\/wp-content\\\/uploads\\\/2022\\\/01\\\/8954802044958.jpeg\",\"articleSection\":[\"Maquillaje\"],\"inLanguage\":\"es\",\"potentialAction\":[{\"@type\":\"CommentAction\",\"name\":\"Comment\",\"target\":[\"https:\\\/\\\/www.arenal.com\\\/blog\\\/corrector-verde#respond\"]}]},{\"@type\":\"WebPage\",\"@id\":\"https:\\\/\\\/www.arenal.com\\\/blog\\\/corrector-verde\",\"url\":\"https:\\\/\\\/www.arenal.com\\\/blog\\\/corrector-verde\",\"name\":\"Corrector verde | Blog de Arenal\",\"isPartOf\":{\"@id\":\"https:\\\/\\\/www.arenal.com\\\/blog\\\/#website\"},\"primaryImageOfPage\":{\"@id\":\"https:\\\/\\\/www.arenal.com\\\/blog\\\/corrector-verde#primaryimage\"},\"image\":{\"@id\":\"https:\\\/\\\/www.arenal.com\\\/blog\\\/corrector-verde#primaryimage\"},\"thumbnailUrl\":\"https:\\\/\\\/www.arenal.com\\\/blog\\\/wp-content\\\/uploads\\\/2022\\\/01\\\/8954802044958.jpeg\",\"datePublished\":\"2020-03-10T23:45:36+00:00\",\"dateModified\":\"2025-02-11T08:27:01+00:00\",\"author\":{\"@id\":\"https:\\\/\\\/www.arenal.com\\\/blog\\\/#\\\/schema\\\/person\\\/5b0f9900f2fb7a87b0b8c40b98a29e31\"},\"description\":\"\u00bfTienes rojeces en la cara y no sabes como ocultarlas? \u00a1Tenemos la soluci\u00f3n! Prueba a aplicar sobre ellas corrector verde. Te contamos c\u00f3mo.\",\"breadcrumb\":{\"@id\":\"https:\\\/\\\/www.arenal.com\\\/blog\\\/corrector-verde#breadcrumb\"},\"inLanguage\":\"es\",\"potentialAction\":[{\"@type\":\"ReadAction\",\"target\":[\"https:\\\/\\\/www.arenal.com\\\/blog\\\/corrector-verde\"]}]},{\"@type\":\"ImageObject\",\"inLanguage\":\"es\",\"@id\":\"https:\\\/\\\/www.arenal.com\\\/blog\\\/corrector-verde#primaryimage\",\"url\":\"https:\\\/\\\/www.arenal.com\\\/blog\\\/wp-content\\\/uploads\\\/2022\\\/01\\\/8954802044958.jpeg\",\"contentUrl\":\"https:\\\/\\\/www.arenal.com\\\/blog\\\/wp-content\\\/uploads\\\/2022\\\/01\\\/8954802044958.jpeg\",\"width\":1140,\"height\":371,\"caption\":\"Corrector verde: El corrector para las rojeces\"},{\"@type\":\"BreadcrumbList\",\"@id\":\"https:\\\/\\\/www.arenal.com\\\/blog\\\/corrector-verde#breadcrumb\",\"itemListElement\":[{\"@type\":\"ListItem\",\"position\":1,\"name\":\"Maquillaje\",\"item\":\"https:\\\/\\\/www.arenal.com\\\/blog\\\/consejos-y-rutinas-de-maquillaje\"},{\"@type\":\"ListItem\",\"position\":2,\"name\":\"Corrector verde: El corrector para las rojeces\"}]},{\"@type\":\"WebSite\",\"@id\":\"https:\\\/\\\/www.arenal.com\\\/blog\\\/#website\",\"url\":\"https:\\\/\\\/www.arenal.com\\\/blog\\\/\",\"name\":\"Blog de Arenal\",\"description\":\"\",\"potentialAction\":[{\"@type\":\"SearchAction\",\"target\":{\"@type\":\"EntryPoint\",\"urlTemplate\":\"https:\\\/\\\/www.arenal.com\\\/blog\\\/?s={search_term_string}\"},\"query-input\":{\"@type\":\"PropertyValueSpecification\",\"valueRequired\":true,\"valueName\":\"search_term_string\"}}],\"inLanguage\":\"es\"},{\"@type\":\"Person\",\"@id\":\"https:\\\/\\\/www.arenal.com\\\/blog\\\/#\\\/schema\\\/person\\\/5b0f9900f2fb7a87b0b8c40b98a29e31\",\"name\":\"hiberus\",\"image\":{\"@type\":\"ImageObject\",\"inLanguage\":\"es\",\"@id\":\"https:\\\/\\\/secure.gravatar.com\\\/avatar\\\/a0b97b568facc7d687254dae39c5cfb79af095aebc91173945f2a50629c9fe1a?s=96&d=mm&r=g\",\"url\":\"https:\\\/\\\/secure.gravatar.com\\\/avatar\\\/a0b97b568facc7d687254dae39c5cfb79af095aebc91173945f2a50629c9fe1a?s=96&d=mm&r=g\",\"contentUrl\":\"https:\\\/\\\/secure.gravatar.com\\\/avatar\\\/a0b97b568facc7d687254dae39c5cfb79af095aebc91173945f2a50629c9fe1a?s=96&d=mm&r=g\",\"caption\":\"hiberus\"},\"sameAs\":[\"https:\\\/\\\/www.arenal.com\"],\"url\":\"https:\\\/\\\/www.arenal.com\\\/blog\\\/author\\\/hiberus\"}]}<\/script>\n<!-- \/ Yoast SEO plugin. -->","yoast_head_json":{"title":"Corrector verde | Blog de Arenal","description":"\u00bfTienes rojeces en la cara y no sabes como ocultarlas? \u00a1Tenemos la soluci\u00f3n! Prueba a aplicar sobre ellas corrector verde. Te contamos c\u00f3mo.","robots":{"index":"index","follow":"follow","max-snippet":"max-snippet:-1","max-image-preview":"max-image-preview:large","max-video-preview":"max-video-preview:-1"},"canonical":"https:\/\/www.arenal.com\/blog\/corrector-verde","og_locale":"es_ES","og_type":"article","og_title":"Corrector verde | Blog de Arenal","og_description":"\u00bfTienes rojeces en la cara y no sabes como ocultarlas? \u00a1Tenemos la soluci\u00f3n! Prueba a aplicar sobre ellas corrector verde. Te contamos c\u00f3mo.","og_url":"https:\/\/www.arenal.com\/blog\/corrector-verde","og_site_name":"Blog de Arenal","article_published_time":"2020-03-10T23:45:36+00:00","article_modified_time":"2025-02-11T08:27:01+00:00","og_image":[{"width":1140,"height":371,"url":"https:\/\/www.arenal.com\/blog\/wp-content\/uploads\/2022\/01\/8954802044958.jpeg","type":"image\/jpeg"}],"author":"hiberus","twitter_card":"summary_large_image","twitter_title":"Corrector verde | Blog de Arenal","twitter_misc":{"Escrito por":"hiberus","Tiempo de lectura":"3 minutos"},"schema":{"@context":"https:\/\/schema.org","@graph":[{"@type":"Article","@id":"https:\/\/www.arenal.com\/blog\/corrector-verde#article","isPartOf":{"@id":"https:\/\/www.arenal.com\/blog\/corrector-verde"},"author":{"name":"hiberus","@id":"https:\/\/www.arenal.com\/blog\/#\/schema\/person\/5b0f9900f2fb7a87b0b8c40b98a29e31"},"headline":"Corrector verde: El corrector para las rojeces","datePublished":"2020-03-10T23:45:36+00:00","dateModified":"2025-02-11T08:27:01+00:00","mainEntityOfPage":{"@id":"https:\/\/www.arenal.com\/blog\/corrector-verde"},"wordCount":548,"commentCount":0,"image":{"@id":"https:\/\/www.arenal.com\/blog\/corrector-verde#primaryimage"},"thumbnailUrl":"https:\/\/www.arenal.com\/blog\/wp-content\/uploads\/2022\/01\/8954802044958.jpeg","articleSection":["Maquillaje"],"inLanguage":"es","potentialAction":[{"@type":"CommentAction","name":"Comment","target":["https:\/\/www.arenal.com\/blog\/corrector-verde#respond"]}]},{"@type":"WebPage","@id":"https:\/\/www.arenal.com\/blog\/corrector-verde","url":"https:\/\/www.arenal.com\/blog\/corrector-verde","name":"Corrector verde | Blog de Arenal","isPartOf":{"@id":"https:\/\/www.arenal.com\/blog\/#website"},"primaryImageOfPage":{"@id":"https:\/\/www.arenal.com\/blog\/corrector-verde#primaryimage"},"image":{"@id":"https:\/\/www.arenal.com\/blog\/corrector-verde#primaryimage"},"thumbnailUrl":"https:\/\/www.arenal.com\/blog\/wp-content\/uploads\/2022\/01\/8954802044958.jpeg","datePublished":"2020-03-10T23:45:36+00:00","dateModified":"2025-02-11T08:27:01+00:00","author":{"@id":"https:\/\/www.arenal.com\/blog\/#\/schema\/person\/5b0f9900f2fb7a87b0b8c40b98a29e31"},"description":"\u00bfTienes rojeces en la cara y no sabes como ocultarlas? \u00a1Tenemos la soluci\u00f3n! Prueba a aplicar sobre ellas corrector verde. Te contamos c\u00f3mo.","breadcrumb":{"@id":"https:\/\/www.arenal.com\/blog\/corrector-verde#breadcrumb"},"inLanguage":"es","potentialAction":[{"@type":"ReadAction","target":["https:\/\/www.arenal.com\/blog\/corrector-verde"]}]},{"@type":"ImageObject","inLanguage":"es","@id":"https:\/\/www.arenal.com\/blog\/corrector-verde#primaryimage","url":"https:\/\/www.arenal.com\/blog\/wp-content\/uploads\/2022\/01\/8954802044958.jpeg","contentUrl":"https:\/\/www.arenal.com\/blog\/wp-content\/uploads\/2022\/01\/8954802044958.jpeg","width":1140,"height":371,"caption":"Corrector verde: El corrector para las rojeces"},{"@type":"BreadcrumbList","@id":"https:\/\/www.arenal.com\/blog\/corrector-verde#breadcrumb","itemListElement":[{"@type":"ListItem","position":1,"name":"Maquillaje","item":"https:\/\/www.arenal.com\/blog\/consejos-y-rutinas-de-maquillaje"},{"@type":"ListItem","position":2,"name":"Corrector verde: El corrector para las rojeces"}]},{"@type":"WebSite","@id":"https:\/\/www.arenal.com\/blog\/#website","url":"https:\/\/www.arenal.com\/blog\/","name":"Blog de Arenal","description":"","potentialAction":[{"@type":"SearchAction","target":{"@type":"EntryPoint","urlTemplate":"https:\/\/www.arenal.com\/blog\/?s={search_term_string}"},"query-input":{"@type":"PropertyValueSpecification","valueRequired":true,"valueName":"search_term_string"}}],"inLanguage":"es"},{"@type":"Person","@id":"https:\/\/www.arenal.com\/blog\/#\/schema\/person\/5b0f9900f2fb7a87b0b8c40b98a29e31","name":"hiberus","image":{"@type":"ImageObject","inLanguage":"es","@id":"https:\/\/secure.gravatar.com\/avatar\/a0b97b568facc7d687254dae39c5cfb79af095aebc91173945f2a50629c9fe1a?s=96&d=mm&r=g","url":"https:\/\/secure.gravatar.com\/avatar\/a0b97b568facc7d687254dae39c5cfb79af095aebc91173945f2a50629c9fe1a?s=96&d=mm&r=g","contentUrl":"https:\/\/secure.gravatar.com\/avatar\/a0b97b568facc7d687254dae39c5cfb79af095aebc91173945f2a50629c9fe1a?s=96&d=mm&r=g","caption":"hiberus"},"sameAs":["https:\/\/www.arenal.com"],"url":"https:\/\/www.arenal.com\/blog\/author\/hiberus"}]}},"_links":{"self":[{"href":"https:\/\/www.arenal.com\/blog\/wp-json\/wp\/v2\/posts\/993","targetHints":{"allow":["GET"]}}],"collection":[{"href":"https:\/\/www.arenal.com\/blog\/wp-json\/wp\/v2\/posts"}],"about":[{"href":"https:\/\/www.arenal.com\/blog\/wp-json\/wp\/v2\/types\/post"}],"author":[{"embeddable":true,"href":"https:\/\/www.arenal.com\/blog\/wp-json\/wp\/v2\/users\/1"}],"replies":[{"embeddable":true,"href":"https:\/\/www.arenal.com\/blog\/wp-json\/wp\/v2\/comments?post=993"}],"version-history":[{"count":5,"href":"https:\/\/www.arenal.com\/blog\/wp-json\/wp\/v2\/posts\/993\/revisions"}],"predecessor-version":[{"id":7005,"href":"https:\/\/www.arenal.com\/blog\/wp-json\/wp\/v2\/posts\/993\/revisions\/7005"}],"wp:featuredmedia":[{"embeddable":true,"href":"https:\/\/www.arenal.com\/blog\/wp-json\/wp\/v2\/media\/1422"}],"wp:attachment":[{"href":"https:\/\/www.arenal.com\/blog\/wp-json\/wp\/v2\/media?parent=993"}],"wp:term":[{"taxonomy":"category","embeddable":true,"href":"https:\/\/www.arenal.com\/blog\/wp-json\/wp\/v2\/categories?post=993"},{"taxonomy":"post_tag","embeddable":true,"href":"https:\/\/www.arenal.com\/blog\/wp-json\/wp\/v2\/tags?post=993"}],"curies":[{"name":"wp","href":"https:\/\/api.w.org\/{rel}","templated":true}]}}