{"id":950,"date":"2019-10-15T00:01:21","date_gmt":"2019-10-14T23:01:21","guid":{"rendered":"https:\/\/www.arenal.com\/beneficios-avena-cosmetica\/"},"modified":"2025-06-04T10:37:46","modified_gmt":"2025-06-04T09:37:46","slug":"beneficios-avena-cosmetica","status":"publish","type":"post","link":"https:\/\/www.arenal.com\/blog\/beneficios-avena-cosmetica","title":{"rendered":"Beneficios de la avena en cosm\u00e9tica y usos del extracto de avena"},"content":{"rendered":"<p>Ayuda a mantener la piel hidratada al formar una capa oclusiva en la superficie que retiene el agua en la piel. Permite una limpieza natural y suave de la piel debido a la presencia de saponinas. Proporciona una exfoliaci\u00f3n suave e imparte cualidades hidratantes, calmantes, acondicionadoras y nutritivas, mejorando significativamente la sequedad y aspereza de la piel \u00bfQuieres conocer todos los beneficios de la avena en cosm\u00e9tica en tu piel? Ah\u00ed van los beneficios de la avena en cosm\u00e9tica y usos del extracto de avena.<\/p>\n<p>La avena en la cosm\u00e9tica es adecuada para todo tipo de pieles, incluidas las pieles sensibles y problem\u00e1ticas como el acn\u00e9, el eccema y la psoriasis.<\/p>\n<h2>Extracto de avena<\/h2>\n<p>El extracto de avena est\u00e1 hecho de brotes de avena verde con alcohol. El extracto de germinado de avena contiene sustancias muy diferentes que el polvo de avena.\u00a0En la terapia a base de hierbas, el extracto de avena se usa para la relajaci\u00f3n y la eliminaci\u00f3n de la tensi\u00f3n.\u00a0Con el mismo prop\u00f3sito, puede usar extracto de avena en cosm\u00e9ticos.\u00a0Puede colocarlo con unas gotas en su crema de noche.\u00a0Alivia la piel si la piel est\u00e1 irritada.<\/p>\n<h2>La avena es prebi\u00f3tica.<\/h2>\n<p>La avena es uno de los mejores probi\u00f3ticos. Los prebi\u00f3ticos son alimento de bacterias buenas de la piel. Si desea revivir la piel con bacterias de \u00e1cido l\u00e1ctico, tambi\u00e9n use productos a base de avena. Los productos a base de avena tambi\u00e9n tratan las bacterias de la piel sin probi\u00f3ticos a\u00f1adidos (bacterias del \u00e1cido l\u00e1ctico).<\/p>\n<p>Ah\u00ed van dos geles de ba\u00f1o con avena para disfrutar de sus beneficios. El primero de ellos, es bastante m\u00e1s especifico para pieles sobre todo con problemas de sensibilidad; mientras que el segundo contiene una f\u00f3rmula mucho m\u00e1s familiar.<\/p>\n<ul>\n<li><a href=\"https:\/\/www.arenal.com\/aderma-dermopan-gel-de-bano-piel-seca-y-sensible-500-ml\/p\/000000000000184093\">Dermopan Gel De Ba\u00f1o Piel Seca Y Sensible de Aderma<\/a>, un gel sin jab\u00f3n, que limpia la epidermis sin irritarla, apacigua y suaviza las pieles secas y sensibles de la cara y del cuerpo. Al extracto de avena.<\/li>\n<li><a href=\"https:\/\/www.arenal.com\/agrado-gel-de-bano-familiar-avena-1250-ml\/p\/000000000000070991\">Gel De Ba\u00f1o Familiar Avena Agrado<\/a>, otro gel de ba\u00f1o y ducha de avena, con pH neutro que cuida, limpia y suaviza la piel. Ideal para el cuidado diario de toda la familia.<\/li>\n<\/ul>\n<p>La avena es un cereal que se ha puesto muy pero que muy de moda en la alimentaci\u00f3n, pero \u00faltimamente se est\u00e1 abriendo paso a nuevos caminos, sobre todo, en el mundo de la alimentaci\u00f3n. Y es que la avena, entre otras cosas, ayuda a reducir la inflamaci\u00f3n de la piel, lo que lo hace ideal para tratar afecciones inflamatorias de la piel; tiene propiedades antioxidantes debido a la presencia de diferentes tipos de fenoles, incluidos los \u00e1cidos fer\u00falico y cafeico<\/p>\n<p>Y t\u00fa, \u00bfutilizas avena en cosmetica? Cu\u00e9ntanos tus productos favoritos y otras marcas de <a href=\"https:\/\/www.arenal.com\/cosmetica\/alta-gama\">cosm\u00e9tica<\/a> que trabajen con este rico ingrediente.<\/p>\n","protected":false},"excerpt":{"rendered":"<p>\u00bfQuieres conocer todos los beneficios de la avena en cosm\u00e9tica en tu piel?<\/p>\n","protected":false},"author":1,"featured_media":1397,"comment_status":"open","ping_status":"open","sticky":false,"template":"","format":"standard","meta":{"footnotes":""},"categories":[622,238],"tags":[],"class_list":["post-950","post","type-post","status-publish","format-standard","has-post-thumbnail","hentry","category-cosmetica-dermocosmetica","category-ingredientes"],"featured_image_src":"https:\/\/www.arenal.com\/blog\/wp-content\/uploads\/2022\/01\/8954800406558.jpeg","author_info":{"display_name":"hiberus","author_link":"https:\/\/www.arenal.com\/blog\/author\/hiberus"},"yoast_head":"<!-- This site is optimized with the Yoast SEO plugin v27.4 - https:\/\/yoast.com\/product\/yoast-seo-wordpress\/ -->\n<title>Avena en cosm\u00e9tica: beneficios | Blog de Arenal<\/title>\n<meta name=\"description\" content=\"Descubre los beneficios de la avena en cosm\u00e9tica para tu piel. Encuentra aqu\u00ed para qu\u00e9 sirve este ingrediente m\u00e1s all\u00e1 de las recetas\" \/>\n<meta name=\"robots\" content=\"index, follow, max-snippet:-1, max-image-preview:large, max-video-preview:-1\" \/>\n<link rel=\"canonical\" href=\"https:\/\/www.arenal.com\/blog\/beneficios-avena-cosmetica\" \/>\n<meta property=\"og:locale\" content=\"es_ES\" \/>\n<meta property=\"og:type\" content=\"article\" \/>\n<meta property=\"og:title\" content=\"Beneficios de la avena en cosm\u00e9tica y usos del extracto de avena | Blog de Arenal\" \/>\n<meta property=\"og:description\" content=\"Descubre los beneficios de la avena en cosm\u00e9tica para tu piel. Encuentra aqu\u00ed para qu\u00e9 sirve este ingrediente m\u00e1s all\u00e1 de las recetas\" \/>\n<meta property=\"og:url\" content=\"https:\/\/www.arenal.com\/blog\/beneficios-avena-cosmetica\" \/>\n<meta property=\"og:site_name\" content=\"Blog de Arenal\" \/>\n<meta property=\"article:published_time\" content=\"2019-10-14T23:01:21+00:00\" \/>\n<meta property=\"article:modified_time\" content=\"2025-06-04T09:37:46+00:00\" \/>\n<meta property=\"og:image\" content=\"https:\/\/www.arenal.com\/blog\/wp-content\/uploads\/2022\/01\/8954800406558.jpeg\" \/>\n\t<meta property=\"og:image:width\" content=\"1140\" \/>\n\t<meta property=\"og:image:height\" content=\"760\" \/>\n\t<meta property=\"og:image:type\" content=\"image\/jpeg\" \/>\n<meta name=\"author\" content=\"hiberus\" \/>\n<meta name=\"twitter:card\" content=\"summary_large_image\" \/>\n<meta name=\"twitter:title\" content=\"Beneficios de la avena en cosm\u00e9tica y usos del extracto de avena | Blog de Arenal\" \/>\n<meta name=\"twitter:label1\" content=\"Escrito por\" \/>\n\t<meta name=\"twitter:data1\" content=\"hiberus\" \/>\n\t<meta name=\"twitter:label2\" content=\"Tiempo de lectura\" \/>\n\t<meta name=\"twitter:data2\" content=\"3 minutos\" \/>\n<script type=\"application\/ld+json\" class=\"yoast-schema-graph\">{\"@context\":\"https:\\\/\\\/schema.org\",\"@graph\":[{\"@type\":\"Article\",\"@id\":\"https:\\\/\\\/www.arenal.com\\\/blog\\\/beneficios-avena-cosmetica#article\",\"isPartOf\":{\"@id\":\"https:\\\/\\\/www.arenal.com\\\/blog\\\/beneficios-avena-cosmetica\"},\"author\":{\"name\":\"hiberus\",\"@id\":\"https:\\\/\\\/www.arenal.com\\\/blog\\\/#\\\/schema\\\/person\\\/5b0f9900f2fb7a87b0b8c40b98a29e31\"},\"headline\":\"Beneficios de la avena en cosm\u00e9tica y usos del extracto de avena\",\"datePublished\":\"2019-10-14T23:01:21+00:00\",\"dateModified\":\"2025-06-04T09:37:46+00:00\",\"mainEntityOfPage\":{\"@id\":\"https:\\\/\\\/www.arenal.com\\\/blog\\\/beneficios-avena-cosmetica\"},\"wordCount\":510,\"commentCount\":0,\"image\":{\"@id\":\"https:\\\/\\\/www.arenal.com\\\/blog\\\/beneficios-avena-cosmetica#primaryimage\"},\"thumbnailUrl\":\"https:\\\/\\\/www.arenal.com\\\/blog\\\/wp-content\\\/uploads\\\/2022\\\/01\\\/8954800406558.jpeg\",\"articleSection\":[\"Cosm\u00e9tica\",\"Ingredientes y Principios Activos\"],\"inLanguage\":\"es\",\"potentialAction\":[{\"@type\":\"CommentAction\",\"name\":\"Comment\",\"target\":[\"https:\\\/\\\/www.arenal.com\\\/blog\\\/beneficios-avena-cosmetica#respond\"]}]},{\"@type\":\"WebPage\",\"@id\":\"https:\\\/\\\/www.arenal.com\\\/blog\\\/beneficios-avena-cosmetica\",\"url\":\"https:\\\/\\\/www.arenal.com\\\/blog\\\/beneficios-avena-cosmetica\",\"name\":\"Avena en cosm\u00e9tica: beneficios | Blog de Arenal\",\"isPartOf\":{\"@id\":\"https:\\\/\\\/www.arenal.com\\\/blog\\\/#website\"},\"primaryImageOfPage\":{\"@id\":\"https:\\\/\\\/www.arenal.com\\\/blog\\\/beneficios-avena-cosmetica#primaryimage\"},\"image\":{\"@id\":\"https:\\\/\\\/www.arenal.com\\\/blog\\\/beneficios-avena-cosmetica#primaryimage\"},\"thumbnailUrl\":\"https:\\\/\\\/www.arenal.com\\\/blog\\\/wp-content\\\/uploads\\\/2022\\\/01\\\/8954800406558.jpeg\",\"datePublished\":\"2019-10-14T23:01:21+00:00\",\"dateModified\":\"2025-06-04T09:37:46+00:00\",\"author\":{\"@id\":\"https:\\\/\\\/www.arenal.com\\\/blog\\\/#\\\/schema\\\/person\\\/5b0f9900f2fb7a87b0b8c40b98a29e31\"},\"description\":\"Descubre los beneficios de la avena en cosm\u00e9tica para tu piel. Encuentra aqu\u00ed para qu\u00e9 sirve este ingrediente m\u00e1s all\u00e1 de las recetas\",\"breadcrumb\":{\"@id\":\"https:\\\/\\\/www.arenal.com\\\/blog\\\/beneficios-avena-cosmetica#breadcrumb\"},\"inLanguage\":\"es\",\"potentialAction\":[{\"@type\":\"ReadAction\",\"target\":[\"https:\\\/\\\/www.arenal.com\\\/blog\\\/beneficios-avena-cosmetica\"]}]},{\"@type\":\"ImageObject\",\"inLanguage\":\"es\",\"@id\":\"https:\\\/\\\/www.arenal.com\\\/blog\\\/beneficios-avena-cosmetica#primaryimage\",\"url\":\"https:\\\/\\\/www.arenal.com\\\/blog\\\/wp-content\\\/uploads\\\/2022\\\/01\\\/8954800406558.jpeg\",\"contentUrl\":\"https:\\\/\\\/www.arenal.com\\\/blog\\\/wp-content\\\/uploads\\\/2022\\\/01\\\/8954800406558.jpeg\",\"width\":1140,\"height\":760,\"caption\":\"Beneficios de la avena en cosm\u00e9tica y usos del extracto de avena\"},{\"@type\":\"BreadcrumbList\",\"@id\":\"https:\\\/\\\/www.arenal.com\\\/blog\\\/beneficios-avena-cosmetica#breadcrumb\",\"itemListElement\":[{\"@type\":\"ListItem\",\"position\":1,\"name\":\"Cosm\u00e9tica\",\"item\":\"https:\\\/\\\/www.arenal.com\\\/blog\\\/cosmetica-dermocosmetica\"},{\"@type\":\"ListItem\",\"position\":2,\"name\":\"Beneficios de la avena en cosm\u00e9tica y usos del extracto de avena\"}]},{\"@type\":\"WebSite\",\"@id\":\"https:\\\/\\\/www.arenal.com\\\/blog\\\/#website\",\"url\":\"https:\\\/\\\/www.arenal.com\\\/blog\\\/\",\"name\":\"Blog de Arenal\",\"description\":\"\",\"potentialAction\":[{\"@type\":\"SearchAction\",\"target\":{\"@type\":\"EntryPoint\",\"urlTemplate\":\"https:\\\/\\\/www.arenal.com\\\/blog\\\/?s={search_term_string}\"},\"query-input\":{\"@type\":\"PropertyValueSpecification\",\"valueRequired\":true,\"valueName\":\"search_term_string\"}}],\"inLanguage\":\"es\"},{\"@type\":\"Person\",\"@id\":\"https:\\\/\\\/www.arenal.com\\\/blog\\\/#\\\/schema\\\/person\\\/5b0f9900f2fb7a87b0b8c40b98a29e31\",\"name\":\"hiberus\",\"image\":{\"@type\":\"ImageObject\",\"inLanguage\":\"es\",\"@id\":\"https:\\\/\\\/secure.gravatar.com\\\/avatar\\\/a0b97b568facc7d687254dae39c5cfb79af095aebc91173945f2a50629c9fe1a?s=96&d=mm&r=g\",\"url\":\"https:\\\/\\\/secure.gravatar.com\\\/avatar\\\/a0b97b568facc7d687254dae39c5cfb79af095aebc91173945f2a50629c9fe1a?s=96&d=mm&r=g\",\"contentUrl\":\"https:\\\/\\\/secure.gravatar.com\\\/avatar\\\/a0b97b568facc7d687254dae39c5cfb79af095aebc91173945f2a50629c9fe1a?s=96&d=mm&r=g\",\"caption\":\"hiberus\"},\"sameAs\":[\"https:\\\/\\\/www.arenal.com\"],\"url\":\"https:\\\/\\\/www.arenal.com\\\/blog\\\/author\\\/hiberus\"}]}<\/script>\n<!-- \/ Yoast SEO plugin. -->","yoast_head_json":{"title":"Avena en cosm\u00e9tica: beneficios | Blog de Arenal","description":"Descubre los beneficios de la avena en cosm\u00e9tica para tu piel. Encuentra aqu\u00ed para qu\u00e9 sirve este ingrediente m\u00e1s all\u00e1 de las recetas","robots":{"index":"index","follow":"follow","max-snippet":"max-snippet:-1","max-image-preview":"max-image-preview:large","max-video-preview":"max-video-preview:-1"},"canonical":"https:\/\/www.arenal.com\/blog\/beneficios-avena-cosmetica","og_locale":"es_ES","og_type":"article","og_title":"Beneficios de la avena en cosm\u00e9tica y usos del extracto de avena | Blog de Arenal","og_description":"Descubre los beneficios de la avena en cosm\u00e9tica para tu piel. Encuentra aqu\u00ed para qu\u00e9 sirve este ingrediente m\u00e1s all\u00e1 de las recetas","og_url":"https:\/\/www.arenal.com\/blog\/beneficios-avena-cosmetica","og_site_name":"Blog de Arenal","article_published_time":"2019-10-14T23:01:21+00:00","article_modified_time":"2025-06-04T09:37:46+00:00","og_image":[{"width":1140,"height":760,"url":"https:\/\/www.arenal.com\/blog\/wp-content\/uploads\/2022\/01\/8954800406558.jpeg","type":"image\/jpeg"}],"author":"hiberus","twitter_card":"summary_large_image","twitter_title":"Beneficios de la avena en cosm\u00e9tica y usos del extracto de avena | Blog de Arenal","twitter_misc":{"Escrito por":"hiberus","Tiempo de lectura":"3 minutos"},"schema":{"@context":"https:\/\/schema.org","@graph":[{"@type":"Article","@id":"https:\/\/www.arenal.com\/blog\/beneficios-avena-cosmetica#article","isPartOf":{"@id":"https:\/\/www.arenal.com\/blog\/beneficios-avena-cosmetica"},"author":{"name":"hiberus","@id":"https:\/\/www.arenal.com\/blog\/#\/schema\/person\/5b0f9900f2fb7a87b0b8c40b98a29e31"},"headline":"Beneficios de la avena en cosm\u00e9tica y usos del extracto de avena","datePublished":"2019-10-14T23:01:21+00:00","dateModified":"2025-06-04T09:37:46+00:00","mainEntityOfPage":{"@id":"https:\/\/www.arenal.com\/blog\/beneficios-avena-cosmetica"},"wordCount":510,"commentCount":0,"image":{"@id":"https:\/\/www.arenal.com\/blog\/beneficios-avena-cosmetica#primaryimage"},"thumbnailUrl":"https:\/\/www.arenal.com\/blog\/wp-content\/uploads\/2022\/01\/8954800406558.jpeg","articleSection":["Cosm\u00e9tica","Ingredientes y Principios Activos"],"inLanguage":"es","potentialAction":[{"@type":"CommentAction","name":"Comment","target":["https:\/\/www.arenal.com\/blog\/beneficios-avena-cosmetica#respond"]}]},{"@type":"WebPage","@id":"https:\/\/www.arenal.com\/blog\/beneficios-avena-cosmetica","url":"https:\/\/www.arenal.com\/blog\/beneficios-avena-cosmetica","name":"Avena en cosm\u00e9tica: beneficios | Blog de Arenal","isPartOf":{"@id":"https:\/\/www.arenal.com\/blog\/#website"},"primaryImageOfPage":{"@id":"https:\/\/www.arenal.com\/blog\/beneficios-avena-cosmetica#primaryimage"},"image":{"@id":"https:\/\/www.arenal.com\/blog\/beneficios-avena-cosmetica#primaryimage"},"thumbnailUrl":"https:\/\/www.arenal.com\/blog\/wp-content\/uploads\/2022\/01\/8954800406558.jpeg","datePublished":"2019-10-14T23:01:21+00:00","dateModified":"2025-06-04T09:37:46+00:00","author":{"@id":"https:\/\/www.arenal.com\/blog\/#\/schema\/person\/5b0f9900f2fb7a87b0b8c40b98a29e31"},"description":"Descubre los beneficios de la avena en cosm\u00e9tica para tu piel. Encuentra aqu\u00ed para qu\u00e9 sirve este ingrediente m\u00e1s all\u00e1 de las recetas","breadcrumb":{"@id":"https:\/\/www.arenal.com\/blog\/beneficios-avena-cosmetica#breadcrumb"},"inLanguage":"es","potentialAction":[{"@type":"ReadAction","target":["https:\/\/www.arenal.com\/blog\/beneficios-avena-cosmetica"]}]},{"@type":"ImageObject","inLanguage":"es","@id":"https:\/\/www.arenal.com\/blog\/beneficios-avena-cosmetica#primaryimage","url":"https:\/\/www.arenal.com\/blog\/wp-content\/uploads\/2022\/01\/8954800406558.jpeg","contentUrl":"https:\/\/www.arenal.com\/blog\/wp-content\/uploads\/2022\/01\/8954800406558.jpeg","width":1140,"height":760,"caption":"Beneficios de la avena en cosm\u00e9tica y usos del extracto de avena"},{"@type":"BreadcrumbList","@id":"https:\/\/www.arenal.com\/blog\/beneficios-avena-cosmetica#breadcrumb","itemListElement":[{"@type":"ListItem","position":1,"name":"Cosm\u00e9tica","item":"https:\/\/www.arenal.com\/blog\/cosmetica-dermocosmetica"},{"@type":"ListItem","position":2,"name":"Beneficios de la avena en cosm\u00e9tica y usos del extracto de avena"}]},{"@type":"WebSite","@id":"https:\/\/www.arenal.com\/blog\/#website","url":"https:\/\/www.arenal.com\/blog\/","name":"Blog de Arenal","description":"","potentialAction":[{"@type":"SearchAction","target":{"@type":"EntryPoint","urlTemplate":"https:\/\/www.arenal.com\/blog\/?s={search_term_string}"},"query-input":{"@type":"PropertyValueSpecification","valueRequired":true,"valueName":"search_term_string"}}],"inLanguage":"es"},{"@type":"Person","@id":"https:\/\/www.arenal.com\/blog\/#\/schema\/person\/5b0f9900f2fb7a87b0b8c40b98a29e31","name":"hiberus","image":{"@type":"ImageObject","inLanguage":"es","@id":"https:\/\/secure.gravatar.com\/avatar\/a0b97b568facc7d687254dae39c5cfb79af095aebc91173945f2a50629c9fe1a?s=96&d=mm&r=g","url":"https:\/\/secure.gravatar.com\/avatar\/a0b97b568facc7d687254dae39c5cfb79af095aebc91173945f2a50629c9fe1a?s=96&d=mm&r=g","contentUrl":"https:\/\/secure.gravatar.com\/avatar\/a0b97b568facc7d687254dae39c5cfb79af095aebc91173945f2a50629c9fe1a?s=96&d=mm&r=g","caption":"hiberus"},"sameAs":["https:\/\/www.arenal.com"],"url":"https:\/\/www.arenal.com\/blog\/author\/hiberus"}]}},"_links":{"self":[{"href":"https:\/\/www.arenal.com\/blog\/wp-json\/wp\/v2\/posts\/950","targetHints":{"allow":["GET"]}}],"collection":[{"href":"https:\/\/www.arenal.com\/blog\/wp-json\/wp\/v2\/posts"}],"about":[{"href":"https:\/\/www.arenal.com\/blog\/wp-json\/wp\/v2\/types\/post"}],"author":[{"embeddable":true,"href":"https:\/\/www.arenal.com\/blog\/wp-json\/wp\/v2\/users\/1"}],"replies":[{"embeddable":true,"href":"https:\/\/www.arenal.com\/blog\/wp-json\/wp\/v2\/comments?post=950"}],"version-history":[{"count":3,"href":"https:\/\/www.arenal.com\/blog\/wp-json\/wp\/v2\/posts\/950\/revisions"}],"predecessor-version":[{"id":4462,"href":"https:\/\/www.arenal.com\/blog\/wp-json\/wp\/v2\/posts\/950\/revisions\/4462"}],"wp:featuredmedia":[{"embeddable":true,"href":"https:\/\/www.arenal.com\/blog\/wp-json\/wp\/v2\/media\/1397"}],"wp:attachment":[{"href":"https:\/\/www.arenal.com\/blog\/wp-json\/wp\/v2\/media?parent=950"}],"wp:term":[{"taxonomy":"category","embeddable":true,"href":"https:\/\/www.arenal.com\/blog\/wp-json\/wp\/v2\/categories?post=950"},{"taxonomy":"post_tag","embeddable":true,"href":"https:\/\/www.arenal.com\/blog\/wp-json\/wp\/v2\/tags?post=950"}],"curies":[{"name":"wp","href":"https:\/\/api.w.org\/{rel}","templated":true}]}}