{"id":929,"date":"2019-08-14T00:43:59","date_gmt":"2019-08-13T23:43:59","guid":{"rendered":"https:\/\/www.arenal.com\/como-maquillarse-verano\/"},"modified":"2025-09-23T06:46:04","modified_gmt":"2025-09-23T05:46:04","slug":"como-maquillarse-verano","status":"publish","type":"post","link":"https:\/\/www.arenal.com\/blog\/como-maquillarse-verano","title":{"rendered":"\u00bfC\u00f3mo maquillarse con calor? Consejos para altas temperaturas"},"content":{"rendered":"<p>Muchas personas prefieren no maquillarse en verano, ya que resulta muy incomodo utilizar productos que no se adhieran bien o se derritan con el calor. No obstante, si quieres usar maquillaje no tienes que renunciar a \u00e9l. Si est\u00e1s buscando un maquillaje para la estaci\u00f3n c\u00e1lida y quieres ir estupenda pese al calor, no te pierdas nuestros consejos sobre c\u00f3mo maquillarse con calor para altas temperaturas.<\/p>\n<div id=\"ez-toc-container\" class=\"ez-toc-v2_0_82_2 counter-hierarchy ez-toc-counter ez-toc-custom ez-toc-container-direction\">\n<div class=\"ez-toc-title-container\">\n<p class=\"ez-toc-title\" style=\"cursor:inherit\">Indice de contenidos<\/p>\n<span class=\"ez-toc-title-toggle\"><a href=\"#\" class=\"ez-toc-pull-right ez-toc-btn ez-toc-btn-xs ez-toc-btn-default ez-toc-toggle\" aria-label=\"Alternar tabla de contenidos\"><span class=\"ez-toc-js-icon-con\"><span class=\"\"><span class=\"eztoc-hide\" style=\"display:none;\">Toggle<\/span><span class=\"ez-toc-icon-toggle-span\"><svg style=\"fill: #000000;color:#000000\" xmlns=\"http:\/\/www.w3.org\/2000\/svg\" class=\"list-377408\" width=\"20px\" height=\"20px\" viewBox=\"0 0 24 24\" fill=\"none\"><path d=\"M6 6H4v2h2V6zm14 0H8v2h12V6zM4 11h2v2H4v-2zm16 0H8v2h12v-2zM4 16h2v2H4v-2zm16 0H8v2h12v-2z\" fill=\"currentColor\"><\/path><\/svg><svg style=\"fill: #000000;color:#000000\" class=\"arrow-unsorted-368013\" xmlns=\"http:\/\/www.w3.org\/2000\/svg\" width=\"10px\" height=\"10px\" viewBox=\"0 0 24 24\" version=\"1.2\" baseProfile=\"tiny\"><path d=\"M18.2 9.3l-6.2-6.3-6.2 6.3c-.2.2-.3.4-.3.7s.1.5.3.7c.2.2.4.3.7.3h11c.3 0 .5-.1.7-.3.2-.2.3-.5.3-.7s-.1-.5-.3-.7zM5.8 14.7l6.2 6.3 6.2-6.3c.2-.2.3-.5.3-.7s-.1-.5-.3-.7c-.2-.2-.4-.3-.7-.3h-11c-.3 0-.5.1-.7.3-.2.2-.3.5-.3.7s.1.5.3.7z\"\/><\/svg><\/span><\/span><\/span><\/a><\/span><\/div>\n<nav><ul class='ez-toc-list ez-toc-list-level-1 ' ><li class='ez-toc-page-1 ez-toc-heading-level-2'><a class=\"ez-toc-link ez-toc-heading-1\" href=\"https:\/\/www.arenal.com\/blog\/como-maquillarse-verano\/#Presta_atencion_a_los_ojos\" >Presta atenci\u00f3n a los ojos<\/a><\/li><li class='ez-toc-page-1 ez-toc-heading-level-2'><a class=\"ez-toc-link ez-toc-heading-2\" href=\"https:\/\/www.arenal.com\/blog\/como-maquillarse-verano\/#Pon_el_acento_en_tus_cejas\" >Pon el acento en tus cejas<\/a><\/li><li class='ez-toc-page-1 ez-toc-heading-level-2'><a class=\"ez-toc-link ez-toc-heading-3\" href=\"https:\/\/www.arenal.com\/blog\/como-maquillarse-verano\/#Colorete_para_dar_un_toque\" >Colorete para dar un toque<\/a><\/li><li class='ez-toc-page-1 ez-toc-heading-level-2'><a class=\"ez-toc-link ez-toc-heading-4\" href=\"https:\/\/www.arenal.com\/blog\/como-maquillarse-verano\/#Utiliza_productos_de_textura_liquida\" >Utiliza productos de textura l\u00edquida<\/a><\/li><li class='ez-toc-page-1 ez-toc-heading-level-2'><a class=\"ez-toc-link ez-toc-heading-5\" href=\"https:\/\/www.arenal.com\/blog\/como-maquillarse-verano\/#Humedece_la_piel\" >Humedece la piel<\/a><\/li><\/ul><\/nav><\/div>\n<h2><span class=\"ez-toc-section\" id=\"Presta_atencion_a_los_ojos\"><\/span>Presta atenci\u00f3n a los ojos<span class=\"ez-toc-section-end\"><\/span><\/h2>\n<p>Para conseguir un buen maquillaje en verano debemos hacer frente a varios problemas. En primer lugar, evitar que la m\u00e1scara de pesta\u00f1as y sombra se emborronen, o que nos salgan brillos. Empieza por maquillarte los ojos para evitar que el maquillaje se manche antes si quiera de salir de casa. Un buen consejo profesional es empezar por los ojos, por si te equivocas no emborronar todo el maquillaje. Adem\u00e1s, si el producto de sombras u otro pigmento pasa a otras \u00e1reas de la cara, bastar\u00e1 con retirarlo con una toallita.<\/p>\n<h2><span class=\"ez-toc-section\" id=\"Pon_el_acento_en_tus_cejas\"><\/span>Pon el acento en tus cejas<span class=\"ez-toc-section-end\"><\/span><\/h2>\n<p>Tus cejas deben lucir naturalmente llenas y bien formadas: usa un l\u00e1piz de cejas para rellenar \u00e1reas de poca densidad con peque\u00f1os trazos que parecen pelos. Term\u00ednelas con un gel para cejas para fijarlas en su lugar y cree el aspecto de una frente completamente favorecedora.<\/p>\n<h2><span class=\"ez-toc-section\" id=\"Colorete_para_dar_un_toque\"><\/span>Colorete para dar un toque<span class=\"ez-toc-section-end\"><\/span><\/h2>\n<p>Colorete fluido y en crema: \u00bfSabes c\u00f3mo conseguir un efecto de buena cara duradero en las mejillas? Aplica\u00a0<a href=\"https:\/\/www.arenal.com\/maquillaje\/rostro\/coloretes\/c\/1_0000000642\">coloretes<\/a>\u00a0fluidos y despu\u00e9s elige un tono similar en polvo para sellar.<\/p>\n<p>Adem\u00e1s de hidratar tu piel, tambi\u00e9n debes asegurarte de que est\u00e9 adecuadamente protegida del sol, y eso significa usar protector solar todos los d\u00edas, incluso debajo del maquillaje. Deber\u00edas volver a aplicarte protector solar cada dos horas, pero eso puede ser dif\u00edcil cuando est\u00e1s fuera, especialmente cuando no quieres usar tus manos.<\/p>\n<h2><span class=\"ez-toc-section\" id=\"Utiliza_productos_de_textura_liquida\"><\/span>Utiliza productos de textura l\u00edquida<span class=\"ez-toc-section-end\"><\/span><\/h2>\n<p>El \u00faltimo de los consejos ser\u00eda utilizar productos en textura l\u00edquida. La textura en polvo reseca la piel, por ello si quieres maquillarte y conseguir que el maquillaje dure en las mejores condiciones durante varias horas, te recomendamos apostar por sombras en formato l\u00edquido, coloretes, bronceadores, iluminadores en textura l\u00edquida ya que durar\u00e1n m\u00e1s tiempo en la piel y la resecar\u00e1n menos que los productos en polvo consiguiendo un acabado mucho m\u00e1s natural.<\/p>\n<h2><span class=\"ez-toc-section\" id=\"Humedece_la_piel\"><\/span>Humedece la piel<span class=\"ez-toc-section-end\"><\/span><\/h2>\n<p>Te recomendamos utilizar alg\u00fan producto para hidratar la piel despu\u00e9s del maquillaje. Especialmente si has utilizado productos en polvo ya que esto le devolver\u00e1 la hidrataci\u00f3n natural a la piel. Una opci\u00f3n es el\u00a0agua termal mineralizante de Vichy, que refresca la cara y aporta una sensaci\u00f3n de ligereza dif\u00edcil de conseguir tras el maquillaje en polvo.<\/p>\n<p>En Arenal encontrar\u00e1s todo el maquillaje que necesitas. Te ayudamos a resaltar tu belleza natural con los productos de\u00a0<a href=\"https:\/\/www.arenal.com\/maquillaje\/c\/1_0000000003\">maquillaje<\/a>\u00a0y\u00a0<a href=\"https:\/\/www.arenal.com\/cosmetica\/c\/1_0000000002\">cosm\u00e9tica<\/a>\u00a0al mejor precio.<\/p>\n<p>Si el maquillaje es importante, el cabello es otra arma de seducci\u00f3n muy potente. Usa\u00a0<a href=\"https:\/\/www.arenal.com\/cabello\/mascarillas\/c\/1_0000000946\">mascarillas y acondicionadores<\/a>. El cabello grueso est\u00e1 asociado con la salud y la vitalidad, lo que al instante te hace ver mejor. Puedes hacerte unas ondas naturales con la plancha y luego despeinar un poco con los dedos. Utiliza un gel de fijaci\u00f3n ligero para conseguir un cabello m\u00e1s ligero.<\/p>\n<p>Y t\u00fa, \u00bfya sabes c\u00f3mo vas a llevar el maquillaje natural y duradero para el d\u00eda a d\u00eda? Comparte c\u00f3mo hacer un maquillaje de empresa profesional y sofisticado con el resto de la comunidad de\u00a0<a href=\"https:\/\/www.arenal.com\/\">Arenal<\/a>\u00a0en comentarios y recomienda un producto que pueda complementar el maquillaje propuesto.<\/p>\n","protected":false},"excerpt":{"rendered":"<p>No te pierdas nuestros consejos sobre c\u00f3mo maquillarse con calor para altas temperaturas.<\/p>\n","protected":false},"author":1,"featured_media":1383,"comment_status":"open","ping_status":"open","sticky":false,"template":"","format":"standard","meta":{"footnotes":""},"categories":[626,231],"tags":[],"class_list":["post-929","post","type-post","status-publish","format-standard","has-post-thumbnail","hentry","category-tutoriales","category-consejos-y-rutinas-de-maquillaje"],"featured_image_src":"https:\/\/www.arenal.com\/blog\/wp-content\/uploads\/2022\/01\/8954799489054.jpeg","author_info":{"display_name":"hiberus","author_link":"https:\/\/www.arenal.com\/blog\/author\/hiberus"},"yoast_head":"<!-- This site is optimized with the Yoast SEO plugin v27.4 - https:\/\/yoast.com\/product\/yoast-seo-wordpress\/ -->\n<title>\u00bfC\u00f3mo maquillarse con calor?| Blog de Arenal<\/title>\n<meta name=\"description\" content=\"No te pierdas nuestros consejos sobre c\u00f3mo maquillarse con calor para conseguir el look que quieres incluso en altas temperaturas.\" \/>\n<meta name=\"robots\" content=\"index, follow, max-snippet:-1, max-image-preview:large, max-video-preview:-1\" \/>\n<link rel=\"canonical\" href=\"https:\/\/www.arenal.com\/blog\/como-maquillarse-verano\" \/>\n<meta property=\"og:locale\" content=\"es_ES\" \/>\n<meta property=\"og:type\" content=\"article\" \/>\n<meta property=\"og:title\" content=\"\u00bfC\u00f3mo maquillarse con calor? Consejos para altas temperaturas | Blog de Arenal\" \/>\n<meta property=\"og:description\" content=\"No te pierdas nuestros consejos sobre c\u00f3mo maquillarse con calor para conseguir el look que quieres incluso en altas temperaturas.\" \/>\n<meta property=\"og:url\" content=\"https:\/\/www.arenal.com\/blog\/como-maquillarse-verano\" \/>\n<meta property=\"og:site_name\" content=\"Blog de Arenal\" \/>\n<meta property=\"article:published_time\" content=\"2019-08-13T23:43:59+00:00\" \/>\n<meta property=\"article:modified_time\" content=\"2025-09-23T05:46:04+00:00\" \/>\n<meta property=\"og:image\" content=\"https:\/\/www.arenal.com\/blog\/wp-content\/uploads\/2022\/01\/8954799489054.jpeg\" \/>\n\t<meta property=\"og:image:width\" content=\"1140\" \/>\n\t<meta property=\"og:image:height\" content=\"761\" \/>\n\t<meta property=\"og:image:type\" content=\"image\/jpeg\" \/>\n<meta name=\"author\" content=\"hiberus\" \/>\n<meta name=\"twitter:card\" content=\"summary_large_image\" \/>\n<meta name=\"twitter:title\" content=\"\u00bfC\u00f3mo maquillarse con calor? Consejos para altas temperaturas | Blog de Arenal\" \/>\n<meta name=\"twitter:label1\" content=\"Escrito por\" \/>\n\t<meta name=\"twitter:data1\" content=\"hiberus\" \/>\n\t<meta name=\"twitter:label2\" content=\"Tiempo de lectura\" \/>\n\t<meta name=\"twitter:data2\" content=\"3 minutos\" \/>\n<script type=\"application\/ld+json\" class=\"yoast-schema-graph\">{\"@context\":\"https:\\\/\\\/schema.org\",\"@graph\":[{\"@type\":\"Article\",\"@id\":\"https:\\\/\\\/www.arenal.com\\\/blog\\\/como-maquillarse-verano#article\",\"isPartOf\":{\"@id\":\"https:\\\/\\\/www.arenal.com\\\/blog\\\/como-maquillarse-verano\"},\"author\":{\"name\":\"hiberus\",\"@id\":\"https:\\\/\\\/www.arenal.com\\\/blog\\\/#\\\/schema\\\/person\\\/5b0f9900f2fb7a87b0b8c40b98a29e31\"},\"headline\":\"\u00bfC\u00f3mo maquillarse con calor? Consejos para altas temperaturas\",\"datePublished\":\"2019-08-13T23:43:59+00:00\",\"dateModified\":\"2025-09-23T05:46:04+00:00\",\"mainEntityOfPage\":{\"@id\":\"https:\\\/\\\/www.arenal.com\\\/blog\\\/como-maquillarse-verano\"},\"wordCount\":628,\"commentCount\":0,\"image\":{\"@id\":\"https:\\\/\\\/www.arenal.com\\\/blog\\\/como-maquillarse-verano#primaryimage\"},\"thumbnailUrl\":\"https:\\\/\\\/www.arenal.com\\\/blog\\\/wp-content\\\/uploads\\\/2022\\\/01\\\/8954799489054.jpeg\",\"articleSection\":[\"Tutoriales\",\"Maquillaje\"],\"inLanguage\":\"es\",\"potentialAction\":[{\"@type\":\"CommentAction\",\"name\":\"Comment\",\"target\":[\"https:\\\/\\\/www.arenal.com\\\/blog\\\/como-maquillarse-verano#respond\"]}]},{\"@type\":\"WebPage\",\"@id\":\"https:\\\/\\\/www.arenal.com\\\/blog\\\/como-maquillarse-verano\",\"url\":\"https:\\\/\\\/www.arenal.com\\\/blog\\\/como-maquillarse-verano\",\"name\":\"\u00bfC\u00f3mo maquillarse con calor?| Blog de Arenal\",\"isPartOf\":{\"@id\":\"https:\\\/\\\/www.arenal.com\\\/blog\\\/#website\"},\"primaryImageOfPage\":{\"@id\":\"https:\\\/\\\/www.arenal.com\\\/blog\\\/como-maquillarse-verano#primaryimage\"},\"image\":{\"@id\":\"https:\\\/\\\/www.arenal.com\\\/blog\\\/como-maquillarse-verano#primaryimage\"},\"thumbnailUrl\":\"https:\\\/\\\/www.arenal.com\\\/blog\\\/wp-content\\\/uploads\\\/2022\\\/01\\\/8954799489054.jpeg\",\"datePublished\":\"2019-08-13T23:43:59+00:00\",\"dateModified\":\"2025-09-23T05:46:04+00:00\",\"author\":{\"@id\":\"https:\\\/\\\/www.arenal.com\\\/blog\\\/#\\\/schema\\\/person\\\/5b0f9900f2fb7a87b0b8c40b98a29e31\"},\"description\":\"No te pierdas nuestros consejos sobre c\u00f3mo maquillarse con calor para conseguir el look que quieres incluso en altas temperaturas.\",\"breadcrumb\":{\"@id\":\"https:\\\/\\\/www.arenal.com\\\/blog\\\/como-maquillarse-verano#breadcrumb\"},\"inLanguage\":\"es\",\"potentialAction\":[{\"@type\":\"ReadAction\",\"target\":[\"https:\\\/\\\/www.arenal.com\\\/blog\\\/como-maquillarse-verano\"]}]},{\"@type\":\"ImageObject\",\"inLanguage\":\"es\",\"@id\":\"https:\\\/\\\/www.arenal.com\\\/blog\\\/como-maquillarse-verano#primaryimage\",\"url\":\"https:\\\/\\\/www.arenal.com\\\/blog\\\/wp-content\\\/uploads\\\/2022\\\/01\\\/8954799489054.jpeg\",\"contentUrl\":\"https:\\\/\\\/www.arenal.com\\\/blog\\\/wp-content\\\/uploads\\\/2022\\\/01\\\/8954799489054.jpeg\",\"width\":1140,\"height\":761,\"caption\":\"\u00bfC\u00f3mo maquillarse con calor? Consejos para altas temperaturas\"},{\"@type\":\"BreadcrumbList\",\"@id\":\"https:\\\/\\\/www.arenal.com\\\/blog\\\/como-maquillarse-verano#breadcrumb\",\"itemListElement\":[{\"@type\":\"ListItem\",\"position\":1,\"name\":\"Tutoriales\",\"item\":\"https:\\\/\\\/www.arenal.com\\\/blog\\\/tutoriales\"},{\"@type\":\"ListItem\",\"position\":2,\"name\":\"\u00bfC\u00f3mo maquillarse con calor? Consejos para altas temperaturas\"}]},{\"@type\":\"WebSite\",\"@id\":\"https:\\\/\\\/www.arenal.com\\\/blog\\\/#website\",\"url\":\"https:\\\/\\\/www.arenal.com\\\/blog\\\/\",\"name\":\"Blog de Arenal\",\"description\":\"\",\"potentialAction\":[{\"@type\":\"SearchAction\",\"target\":{\"@type\":\"EntryPoint\",\"urlTemplate\":\"https:\\\/\\\/www.arenal.com\\\/blog\\\/?s={search_term_string}\"},\"query-input\":{\"@type\":\"PropertyValueSpecification\",\"valueRequired\":true,\"valueName\":\"search_term_string\"}}],\"inLanguage\":\"es\"},{\"@type\":\"Person\",\"@id\":\"https:\\\/\\\/www.arenal.com\\\/blog\\\/#\\\/schema\\\/person\\\/5b0f9900f2fb7a87b0b8c40b98a29e31\",\"name\":\"hiberus\",\"image\":{\"@type\":\"ImageObject\",\"inLanguage\":\"es\",\"@id\":\"https:\\\/\\\/secure.gravatar.com\\\/avatar\\\/a0b97b568facc7d687254dae39c5cfb79af095aebc91173945f2a50629c9fe1a?s=96&d=mm&r=g\",\"url\":\"https:\\\/\\\/secure.gravatar.com\\\/avatar\\\/a0b97b568facc7d687254dae39c5cfb79af095aebc91173945f2a50629c9fe1a?s=96&d=mm&r=g\",\"contentUrl\":\"https:\\\/\\\/secure.gravatar.com\\\/avatar\\\/a0b97b568facc7d687254dae39c5cfb79af095aebc91173945f2a50629c9fe1a?s=96&d=mm&r=g\",\"caption\":\"hiberus\"},\"sameAs\":[\"https:\\\/\\\/www.arenal.com\"],\"url\":\"https:\\\/\\\/www.arenal.com\\\/blog\\\/author\\\/hiberus\"}]}<\/script>\n<!-- \/ Yoast SEO plugin. -->","yoast_head_json":{"title":"\u00bfC\u00f3mo maquillarse con calor?| Blog de Arenal","description":"No te pierdas nuestros consejos sobre c\u00f3mo maquillarse con calor para conseguir el look que quieres incluso en altas temperaturas.","robots":{"index":"index","follow":"follow","max-snippet":"max-snippet:-1","max-image-preview":"max-image-preview:large","max-video-preview":"max-video-preview:-1"},"canonical":"https:\/\/www.arenal.com\/blog\/como-maquillarse-verano","og_locale":"es_ES","og_type":"article","og_title":"\u00bfC\u00f3mo maquillarse con calor? Consejos para altas temperaturas | Blog de Arenal","og_description":"No te pierdas nuestros consejos sobre c\u00f3mo maquillarse con calor para conseguir el look que quieres incluso en altas temperaturas.","og_url":"https:\/\/www.arenal.com\/blog\/como-maquillarse-verano","og_site_name":"Blog de Arenal","article_published_time":"2019-08-13T23:43:59+00:00","article_modified_time":"2025-09-23T05:46:04+00:00","og_image":[{"width":1140,"height":761,"url":"https:\/\/www.arenal.com\/blog\/wp-content\/uploads\/2022\/01\/8954799489054.jpeg","type":"image\/jpeg"}],"author":"hiberus","twitter_card":"summary_large_image","twitter_title":"\u00bfC\u00f3mo maquillarse con calor? Consejos para altas temperaturas | Blog de Arenal","twitter_misc":{"Escrito por":"hiberus","Tiempo de lectura":"3 minutos"},"schema":{"@context":"https:\/\/schema.org","@graph":[{"@type":"Article","@id":"https:\/\/www.arenal.com\/blog\/como-maquillarse-verano#article","isPartOf":{"@id":"https:\/\/www.arenal.com\/blog\/como-maquillarse-verano"},"author":{"name":"hiberus","@id":"https:\/\/www.arenal.com\/blog\/#\/schema\/person\/5b0f9900f2fb7a87b0b8c40b98a29e31"},"headline":"\u00bfC\u00f3mo maquillarse con calor? Consejos para altas temperaturas","datePublished":"2019-08-13T23:43:59+00:00","dateModified":"2025-09-23T05:46:04+00:00","mainEntityOfPage":{"@id":"https:\/\/www.arenal.com\/blog\/como-maquillarse-verano"},"wordCount":628,"commentCount":0,"image":{"@id":"https:\/\/www.arenal.com\/blog\/como-maquillarse-verano#primaryimage"},"thumbnailUrl":"https:\/\/www.arenal.com\/blog\/wp-content\/uploads\/2022\/01\/8954799489054.jpeg","articleSection":["Tutoriales","Maquillaje"],"inLanguage":"es","potentialAction":[{"@type":"CommentAction","name":"Comment","target":["https:\/\/www.arenal.com\/blog\/como-maquillarse-verano#respond"]}]},{"@type":"WebPage","@id":"https:\/\/www.arenal.com\/blog\/como-maquillarse-verano","url":"https:\/\/www.arenal.com\/blog\/como-maquillarse-verano","name":"\u00bfC\u00f3mo maquillarse con calor?| Blog de Arenal","isPartOf":{"@id":"https:\/\/www.arenal.com\/blog\/#website"},"primaryImageOfPage":{"@id":"https:\/\/www.arenal.com\/blog\/como-maquillarse-verano#primaryimage"},"image":{"@id":"https:\/\/www.arenal.com\/blog\/como-maquillarse-verano#primaryimage"},"thumbnailUrl":"https:\/\/www.arenal.com\/blog\/wp-content\/uploads\/2022\/01\/8954799489054.jpeg","datePublished":"2019-08-13T23:43:59+00:00","dateModified":"2025-09-23T05:46:04+00:00","author":{"@id":"https:\/\/www.arenal.com\/blog\/#\/schema\/person\/5b0f9900f2fb7a87b0b8c40b98a29e31"},"description":"No te pierdas nuestros consejos sobre c\u00f3mo maquillarse con calor para conseguir el look que quieres incluso en altas temperaturas.","breadcrumb":{"@id":"https:\/\/www.arenal.com\/blog\/como-maquillarse-verano#breadcrumb"},"inLanguage":"es","potentialAction":[{"@type":"ReadAction","target":["https:\/\/www.arenal.com\/blog\/como-maquillarse-verano"]}]},{"@type":"ImageObject","inLanguage":"es","@id":"https:\/\/www.arenal.com\/blog\/como-maquillarse-verano#primaryimage","url":"https:\/\/www.arenal.com\/blog\/wp-content\/uploads\/2022\/01\/8954799489054.jpeg","contentUrl":"https:\/\/www.arenal.com\/blog\/wp-content\/uploads\/2022\/01\/8954799489054.jpeg","width":1140,"height":761,"caption":"\u00bfC\u00f3mo maquillarse con calor? Consejos para altas temperaturas"},{"@type":"BreadcrumbList","@id":"https:\/\/www.arenal.com\/blog\/como-maquillarse-verano#breadcrumb","itemListElement":[{"@type":"ListItem","position":1,"name":"Tutoriales","item":"https:\/\/www.arenal.com\/blog\/tutoriales"},{"@type":"ListItem","position":2,"name":"\u00bfC\u00f3mo maquillarse con calor? Consejos para altas temperaturas"}]},{"@type":"WebSite","@id":"https:\/\/www.arenal.com\/blog\/#website","url":"https:\/\/www.arenal.com\/blog\/","name":"Blog de Arenal","description":"","potentialAction":[{"@type":"SearchAction","target":{"@type":"EntryPoint","urlTemplate":"https:\/\/www.arenal.com\/blog\/?s={search_term_string}"},"query-input":{"@type":"PropertyValueSpecification","valueRequired":true,"valueName":"search_term_string"}}],"inLanguage":"es"},{"@type":"Person","@id":"https:\/\/www.arenal.com\/blog\/#\/schema\/person\/5b0f9900f2fb7a87b0b8c40b98a29e31","name":"hiberus","image":{"@type":"ImageObject","inLanguage":"es","@id":"https:\/\/secure.gravatar.com\/avatar\/a0b97b568facc7d687254dae39c5cfb79af095aebc91173945f2a50629c9fe1a?s=96&d=mm&r=g","url":"https:\/\/secure.gravatar.com\/avatar\/a0b97b568facc7d687254dae39c5cfb79af095aebc91173945f2a50629c9fe1a?s=96&d=mm&r=g","contentUrl":"https:\/\/secure.gravatar.com\/avatar\/a0b97b568facc7d687254dae39c5cfb79af095aebc91173945f2a50629c9fe1a?s=96&d=mm&r=g","caption":"hiberus"},"sameAs":["https:\/\/www.arenal.com"],"url":"https:\/\/www.arenal.com\/blog\/author\/hiberus"}]}},"_links":{"self":[{"href":"https:\/\/www.arenal.com\/blog\/wp-json\/wp\/v2\/posts\/929","targetHints":{"allow":["GET"]}}],"collection":[{"href":"https:\/\/www.arenal.com\/blog\/wp-json\/wp\/v2\/posts"}],"about":[{"href":"https:\/\/www.arenal.com\/blog\/wp-json\/wp\/v2\/types\/post"}],"author":[{"embeddable":true,"href":"https:\/\/www.arenal.com\/blog\/wp-json\/wp\/v2\/users\/1"}],"replies":[{"embeddable":true,"href":"https:\/\/www.arenal.com\/blog\/wp-json\/wp\/v2\/comments?post=929"}],"version-history":[{"count":6,"href":"https:\/\/www.arenal.com\/blog\/wp-json\/wp\/v2\/posts\/929\/revisions"}],"predecessor-version":[{"id":7949,"href":"https:\/\/www.arenal.com\/blog\/wp-json\/wp\/v2\/posts\/929\/revisions\/7949"}],"wp:featuredmedia":[{"embeddable":true,"href":"https:\/\/www.arenal.com\/blog\/wp-json\/wp\/v2\/media\/1383"}],"wp:attachment":[{"href":"https:\/\/www.arenal.com\/blog\/wp-json\/wp\/v2\/media?parent=929"}],"wp:term":[{"taxonomy":"category","embeddable":true,"href":"https:\/\/www.arenal.com\/blog\/wp-json\/wp\/v2\/categories?post=929"},{"taxonomy":"post_tag","embeddable":true,"href":"https:\/\/www.arenal.com\/blog\/wp-json\/wp\/v2\/tags?post=929"}],"curies":[{"name":"wp","href":"https:\/\/api.w.org\/{rel}","templated":true}]}}