{"id":909,"date":"2019-06-06T00:40:14","date_gmt":"2019-06-05T23:40:14","guid":{"rendered":"https:\/\/www.arenal.com\/blanquear-ropa-blanca\/"},"modified":"2025-06-04T12:04:46","modified_gmt":"2025-06-04T11:04:46","slug":"blanquear-ropa-blanca","status":"publish","type":"post","link":"https:\/\/www.arenal.com\/blog\/blanquear-ropa-blanca","title":{"rendered":"\u00bfC\u00f3mo blanquear la ropa blanca deste\u00f1ida o amarilla?"},"content":{"rendered":"\n<p>\u00bfCompras ropa blanca y al mes ya no est\u00e1 como cuando la compraste? La ropa blanca es un tipo de ropa delicada, que no puedes tratar de cualquier forma a menos que no te importe que se desti\u00f1a. Si quieres prendas blancas por m\u00e1s tiempo, es importante que sigas nuestros consejos sobre c\u00f3mo blanquear la ropa blanca deste\u00f1ida o amarilla.<\/p>\n\n\n\n<p>Muchas veces, echamos la culpa a la calidad de la prenda estropeada por el paso del tiempo; pero no tanto a nuestras artes para mantener la ropa impecable por m\u00e1s tiempo. Tanto las prendas blancas como las de color, necesitan ser lavadas en el programa adecuado seg\u00fan su tejido. Adem\u00e1s, es conveniente usar <a href=\"https:\/\/www.arenal.com\/hogar\/cuidado-de-ropa-y-calzado\/productos-de-limpieza-de-ropa\/detergentes-para-ropa\/c\/1_0000000889\">detergentes para ropa<\/a> y suavizantes de calidad.<\/p>\n\n\n\n<p>Existen diferentes marcas de detergentes y suavizantes: Norit, Ariel, Skip, Micolor, Lagarto, etc. Puedes ir probando con el tiempo para buscar la que m\u00e1s te guste. Pero en el caso de las marcas citadas, son todas reconocidas como marcas de calidad para el cuidado de la ropa. A continuaci\u00f3n, vemos algunos productos que te pueden interesar y consejos sobre c\u00f3mo blanquear la ropa blanca deste\u00f1ida o amarilla.<\/p>\n\n\n\n<div id=\"ez-toc-container\" class=\"ez-toc-v2_0_82_2 counter-hierarchy ez-toc-counter ez-toc-custom ez-toc-container-direction\">\n<div class=\"ez-toc-title-container\">\n<p class=\"ez-toc-title\" style=\"cursor:inherit\">Indice de contenidos<\/p>\n<span class=\"ez-toc-title-toggle\"><a href=\"#\" class=\"ez-toc-pull-right ez-toc-btn ez-toc-btn-xs ez-toc-btn-default ez-toc-toggle\" aria-label=\"Alternar tabla de contenidos\"><span class=\"ez-toc-js-icon-con\"><span class=\"\"><span class=\"eztoc-hide\" style=\"display:none;\">Toggle<\/span><span class=\"ez-toc-icon-toggle-span\"><svg style=\"fill: #000000;color:#000000\" xmlns=\"http:\/\/www.w3.org\/2000\/svg\" class=\"list-377408\" width=\"20px\" height=\"20px\" viewBox=\"0 0 24 24\" fill=\"none\"><path d=\"M6 6H4v2h2V6zm14 0H8v2h12V6zM4 11h2v2H4v-2zm16 0H8v2h12v-2zM4 16h2v2H4v-2zm16 0H8v2h12v-2z\" fill=\"currentColor\"><\/path><\/svg><svg style=\"fill: #000000;color:#000000\" class=\"arrow-unsorted-368013\" xmlns=\"http:\/\/www.w3.org\/2000\/svg\" width=\"10px\" height=\"10px\" viewBox=\"0 0 24 24\" version=\"1.2\" baseProfile=\"tiny\"><path d=\"M18.2 9.3l-6.2-6.3-6.2 6.3c-.2.2-.3.4-.3.7s.1.5.3.7c.2.2.4.3.7.3h11c.3 0 .5-.1.7-.3.2-.2.3-.5.3-.7s-.1-.5-.3-.7zM5.8 14.7l6.2 6.3 6.2-6.3c.2-.2.3-.5.3-.7s-.1-.5-.3-.7c-.2-.2-.4-.3-.7-.3h-11c-.3 0-.5.1-.7.3-.2.2-.3.5-.3.7s.1.5.3.7z\"\/><\/svg><\/span><\/span><\/span><\/a><\/span><\/div>\n<nav><ul class='ez-toc-list ez-toc-list-level-1 ' ><li class='ez-toc-page-1 ez-toc-heading-level-2'><a class=\"ez-toc-link ez-toc-heading-1\" href=\"https:\/\/www.arenal.com\/blog\/blanquear-ropa-blanca\/#Separa_la_ropa_por_colores\" >Separa la ropa por colores<\/a><\/li><li class='ez-toc-page-1 ez-toc-heading-level-2'><a class=\"ez-toc-link ez-toc-heading-2\" href=\"https:\/\/www.arenal.com\/blog\/blanquear-ropa-blanca\/#Utiliza_toallitas_blanqueantes\" >Utiliza toallitas blanqueantes<\/a><\/li><li class='ez-toc-page-1 ez-toc-heading-level-2'><a class=\"ez-toc-link ez-toc-heading-3\" href=\"https:\/\/www.arenal.com\/blog\/blanquear-ropa-blanca\/#Utiliza_lejia\" >Utiliza lej\u00eda<\/a><\/li><li class='ez-toc-page-1 ez-toc-heading-level-2'><a class=\"ez-toc-link ez-toc-heading-4\" href=\"https:\/\/www.arenal.com\/blog\/blanquear-ropa-blanca\/#Usa_detergente_blanqueante\" >Usa detergente blanqueante<\/a><\/li><\/ul><\/nav><\/div>\n<h2 class=\"wp-block-heading\"><span class=\"ez-toc-section\" id=\"Separa_la_ropa_por_colores\"><\/span>Separa la ropa por colores<span class=\"ez-toc-section-end\"><\/span><\/h2>\n\n\n\n<p>Este consejo no es para blanquear la ropa, pero es un b\u00e1sico que tienes que conocer para mantener tu ropa brillante y de su color original. La recomendaci\u00f3n que habr\u00e1s escuchado a tu madre en m\u00e1s de una ocasi\u00f3n es que separes la ropa blanca y negra de la ropa de color. Este consejo es especialmente importante para la ropa blanca. Si vas a lavar ropa de varios colores en la misma colada, te recomendamos que utilices unas toallitas para evitar las transferencias del color, como las toallitas <a href=\"https:\/\/www.arenal.com\/micolor-toallita-lavadora-adios-separar-10-unidades\/p\/212_8\">Atrapa Color Adi\u00f3s al Separar de Micolor<\/a>.<\/p>\n\n\n\n<figure class=\"wp-block-image size-large\"><img loading=\"lazy\" decoding=\"async\" width=\"1024\" height=\"683\" src=\"https:\/\/www.arenal.com\/blog\/wp-content\/uploads\/2024\/06\/blanquear_ropa_blanca_post-1024x683.jpg\" alt=\"\" class=\"wp-image-6015\" srcset=\"https:\/\/www.arenal.com\/blog\/wp-content\/uploads\/2024\/06\/blanquear_ropa_blanca_post-1024x683.jpg 1024w, https:\/\/www.arenal.com\/blog\/wp-content\/uploads\/2024\/06\/blanquear_ropa_blanca_post-300x200.jpg 300w, https:\/\/www.arenal.com\/blog\/wp-content\/uploads\/2024\/06\/blanquear_ropa_blanca_post-768x512.jpg 768w, https:\/\/www.arenal.com\/blog\/wp-content\/uploads\/2024\/06\/blanquear_ropa_blanca_post.jpg 1140w\" sizes=\"auto, (max-width: 1024px) 100vw, 1024px\" \/><\/figure>\n\n\n\n<h2 class=\"wp-block-heading\"><span class=\"ez-toc-section\" id=\"Utiliza_toallitas_blanqueantes\"><\/span>Utiliza toallitas blanqueantes<span class=\"ez-toc-section-end\"><\/span><\/h2>\n\n\n\n<p>Y hablando de las toallitas de Micolor, \u00bfsab\u00edas que ten\u00eda otras para un blanco m\u00e1s intenso? Se llaman Toallitas lavadora Blanco Intenso de Micolor, y vienen 10 unidades. Estas toallitas, no solo blanquean la ropa blanca desde el primer lavado, sino que adem\u00e1s cuidan las fibras y los tejidos de las prendas como pocos productos blanqueantes. Con las toallitas de Micolor evitar\u00e1s ropa blanca gris\u00e1cea o amarillenta.<\/p>\n\n\n\n<h2 class=\"wp-block-heading\"><span class=\"ez-toc-section\" id=\"Utiliza_lejia\"><\/span>Utiliza lej\u00eda<span class=\"ez-toc-section-end\"><\/span><\/h2>\n\n\n\n<p>Algunos qu\u00edmicos como la lej\u00eda o los blanqueadores con cloro son muy poderosos, pero es importante util\u00edzalos solo cuando lavas ropa blanca. Seguramente ya habr\u00e1s o\u00eddo que la lej\u00eda tiene un potente poder blanqueante sobre los textiles y antes de que la industria creara productos blanqueantes tan efectivos era la forma de conseguir blanquear la ropa blanca. Hoy en d\u00eda, tienes opciones m\u00e1s seguras y m\u00e1s respetuosas con la fibra. Quiz\u00e1s puedes sumergir una prenda no muy delicada en lej\u00eda, pero no es bueno hacerlo de manera habitual. Revisa la etiqueta de cuidado de la ropa para verificar que puede usar blanqueador con cloro en la prenda de antemano, incluso si la ropa es blanca. La lej\u00eda puede da\u00f1ar algunas telas.<\/p>\n\n\n\n<h2 class=\"wp-block-heading\"><span class=\"ez-toc-section\" id=\"Usa_detergente_blanqueante\"><\/span>Usa detergente blanqueante<span class=\"ez-toc-section-end\"><\/span><\/h2>\n\n\n\n<p>Si haces t\u00fa colada de ropa blanco por separado, te recomendamos desde ya que utilices un detergente efecto blanqueante. No solo para blanquear la ropa blanca amarillenta, o que ha ido perdiendo pureza; sino para garantizar que esto no ocurra con el paso del tiempo. Iberia tiene una soluci\u00f3n muy poderosa. El detergente <a href=\"https:\/\/www.arenal.com\/iberia-blanco-nuclear-tarro-450-gr\/p\/000000000000064797\">Blanco Nuclear de Iberia<\/a>; un activador ultra blanqueante para ropa blanca para conseguir el blanco m\u00e1s puro desde el primer lavado.<\/p>\n\n\n\n<p>En <a href=\"https:\/\/www.arenal.com\/\">Arenal<\/a> encontrar\u00e1s el producto que buscas al mejor precio. \u00a1Echa un vistazo a nuestra secci\u00f3n de <a href=\"https:\/\/www.arenal.com\/hogar\/c\/1_0000000825\">droguer\u00eda<\/a>!<\/p>\n","protected":false},"excerpt":{"rendered":"<p>Si quieres prendas blancas por m\u00e1s tiempo, es importante que sigas nuestros consejos sobre c\u00f3mo blanquear la ropa blanca deste\u00f1ida o amarilla.<\/p>\n","protected":false},"author":1,"featured_media":6014,"comment_status":"open","ping_status":"open","sticky":false,"template":"","format":"standard","meta":{"footnotes":""},"categories":[626,235],"tags":[],"class_list":["post-909","post","type-post","status-publish","format-standard","has-post-thumbnail","hentry","category-tutoriales","category-hogar"],"featured_image_src":"https:\/\/www.arenal.com\/blog\/wp-content\/uploads\/2024\/06\/blanquear_ropa_blanca_cabecera.jpg","author_info":{"display_name":"hiberus","author_link":"https:\/\/www.arenal.com\/blog\/author\/hiberus"},"yoast_head":"<!-- This site is optimized with the Yoast SEO plugin v27.4 - https:\/\/yoast.com\/product\/yoast-seo-wordpress\/ -->\n<title>C\u00f3mo blanquear la ropa blanca | Blog de Arenal<\/title>\n<meta name=\"description\" content=\"Si quieres prendas blancas por m\u00e1s tiempo, es importante que sigas nuestros consejos sobre c\u00f3mo blanquear la ropa blanca deste\u00f1ida o amarilla.\" \/>\n<meta name=\"robots\" content=\"index, follow, max-snippet:-1, max-image-preview:large, max-video-preview:-1\" \/>\n<link rel=\"canonical\" href=\"https:\/\/www.arenal.com\/blog\/blanquear-ropa-blanca\" \/>\n<meta property=\"og:locale\" content=\"es_ES\" \/>\n<meta property=\"og:type\" content=\"article\" \/>\n<meta property=\"og:title\" content=\"\u00bfC\u00f3mo blanquear la ropa blanca deste\u00f1ida o amarilla? | Blog de Arenal\" \/>\n<meta property=\"og:description\" content=\"Si quieres prendas blancas por m\u00e1s tiempo, es importante que sigas nuestros consejos sobre c\u00f3mo blanquear la ropa blanca deste\u00f1ida o amarilla.\" \/>\n<meta property=\"og:url\" content=\"https:\/\/www.arenal.com\/blog\/blanquear-ropa-blanca\" \/>\n<meta property=\"og:site_name\" content=\"Blog de Arenal\" \/>\n<meta property=\"article:published_time\" content=\"2019-06-05T23:40:14+00:00\" \/>\n<meta property=\"article:modified_time\" content=\"2025-06-04T11:04:46+00:00\" \/>\n<meta property=\"og:image\" content=\"https:\/\/www.arenal.com\/blog\/wp-content\/uploads\/2024\/06\/blanquear_ropa_blanca_cabecera.jpg\" \/>\n\t<meta property=\"og:image:width\" content=\"1140\" \/>\n\t<meta property=\"og:image:height\" content=\"322\" \/>\n\t<meta property=\"og:image:type\" content=\"image\/jpeg\" \/>\n<meta name=\"author\" content=\"hiberus\" \/>\n<meta name=\"twitter:card\" content=\"summary_large_image\" \/>\n<meta name=\"twitter:title\" content=\"\u00bfC\u00f3mo blanquear la ropa blanca deste\u00f1ida o amarilla? | Blog de Arenal\" \/>\n<meta name=\"twitter:label1\" content=\"Escrito por\" \/>\n\t<meta name=\"twitter:data1\" content=\"hiberus\" \/>\n\t<meta name=\"twitter:label2\" content=\"Tiempo de lectura\" \/>\n\t<meta name=\"twitter:data2\" content=\"3 minutos\" \/>\n<script type=\"application\/ld+json\" class=\"yoast-schema-graph\">{\"@context\":\"https:\\\/\\\/schema.org\",\"@graph\":[{\"@type\":\"Article\",\"@id\":\"https:\\\/\\\/www.arenal.com\\\/blog\\\/blanquear-ropa-blanca#article\",\"isPartOf\":{\"@id\":\"https:\\\/\\\/www.arenal.com\\\/blog\\\/blanquear-ropa-blanca\"},\"author\":{\"name\":\"hiberus\",\"@id\":\"https:\\\/\\\/www.arenal.com\\\/blog\\\/#\\\/schema\\\/person\\\/5b0f9900f2fb7a87b0b8c40b98a29e31\"},\"headline\":\"\u00bfC\u00f3mo blanquear la ropa blanca deste\u00f1ida o amarilla?\",\"datePublished\":\"2019-06-05T23:40:14+00:00\",\"dateModified\":\"2025-06-04T11:04:46+00:00\",\"mainEntityOfPage\":{\"@id\":\"https:\\\/\\\/www.arenal.com\\\/blog\\\/blanquear-ropa-blanca\"},\"wordCount\":626,\"commentCount\":0,\"image\":{\"@id\":\"https:\\\/\\\/www.arenal.com\\\/blog\\\/blanquear-ropa-blanca#primaryimage\"},\"thumbnailUrl\":\"https:\\\/\\\/www.arenal.com\\\/blog\\\/wp-content\\\/uploads\\\/2024\\\/06\\\/blanquear_ropa_blanca_cabecera.jpg\",\"articleSection\":[\"Tutoriales\",\"Hogar\"],\"inLanguage\":\"es\",\"potentialAction\":[{\"@type\":\"CommentAction\",\"name\":\"Comment\",\"target\":[\"https:\\\/\\\/www.arenal.com\\\/blog\\\/blanquear-ropa-blanca#respond\"]}]},{\"@type\":\"WebPage\",\"@id\":\"https:\\\/\\\/www.arenal.com\\\/blog\\\/blanquear-ropa-blanca\",\"url\":\"https:\\\/\\\/www.arenal.com\\\/blog\\\/blanquear-ropa-blanca\",\"name\":\"C\u00f3mo blanquear la ropa blanca | Blog de Arenal\",\"isPartOf\":{\"@id\":\"https:\\\/\\\/www.arenal.com\\\/blog\\\/#website\"},\"primaryImageOfPage\":{\"@id\":\"https:\\\/\\\/www.arenal.com\\\/blog\\\/blanquear-ropa-blanca#primaryimage\"},\"image\":{\"@id\":\"https:\\\/\\\/www.arenal.com\\\/blog\\\/blanquear-ropa-blanca#primaryimage\"},\"thumbnailUrl\":\"https:\\\/\\\/www.arenal.com\\\/blog\\\/wp-content\\\/uploads\\\/2024\\\/06\\\/blanquear_ropa_blanca_cabecera.jpg\",\"datePublished\":\"2019-06-05T23:40:14+00:00\",\"dateModified\":\"2025-06-04T11:04:46+00:00\",\"author\":{\"@id\":\"https:\\\/\\\/www.arenal.com\\\/blog\\\/#\\\/schema\\\/person\\\/5b0f9900f2fb7a87b0b8c40b98a29e31\"},\"description\":\"Si quieres prendas blancas por m\u00e1s tiempo, es importante que sigas nuestros consejos sobre c\u00f3mo blanquear la ropa blanca deste\u00f1ida o amarilla.\",\"breadcrumb\":{\"@id\":\"https:\\\/\\\/www.arenal.com\\\/blog\\\/blanquear-ropa-blanca#breadcrumb\"},\"inLanguage\":\"es\",\"potentialAction\":[{\"@type\":\"ReadAction\",\"target\":[\"https:\\\/\\\/www.arenal.com\\\/blog\\\/blanquear-ropa-blanca\"]}]},{\"@type\":\"ImageObject\",\"inLanguage\":\"es\",\"@id\":\"https:\\\/\\\/www.arenal.com\\\/blog\\\/blanquear-ropa-blanca#primaryimage\",\"url\":\"https:\\\/\\\/www.arenal.com\\\/blog\\\/wp-content\\\/uploads\\\/2024\\\/06\\\/blanquear_ropa_blanca_cabecera.jpg\",\"contentUrl\":\"https:\\\/\\\/www.arenal.com\\\/blog\\\/wp-content\\\/uploads\\\/2024\\\/06\\\/blanquear_ropa_blanca_cabecera.jpg\",\"width\":1140,\"height\":322},{\"@type\":\"BreadcrumbList\",\"@id\":\"https:\\\/\\\/www.arenal.com\\\/blog\\\/blanquear-ropa-blanca#breadcrumb\",\"itemListElement\":[{\"@type\":\"ListItem\",\"position\":1,\"name\":\"Tutoriales\",\"item\":\"https:\\\/\\\/www.arenal.com\\\/blog\\\/tutoriales\"},{\"@type\":\"ListItem\",\"position\":2,\"name\":\"\u00bfC\u00f3mo blanquear la ropa blanca deste\u00f1ida o amarilla?\"}]},{\"@type\":\"WebSite\",\"@id\":\"https:\\\/\\\/www.arenal.com\\\/blog\\\/#website\",\"url\":\"https:\\\/\\\/www.arenal.com\\\/blog\\\/\",\"name\":\"Blog de Arenal\",\"description\":\"\",\"potentialAction\":[{\"@type\":\"SearchAction\",\"target\":{\"@type\":\"EntryPoint\",\"urlTemplate\":\"https:\\\/\\\/www.arenal.com\\\/blog\\\/?s={search_term_string}\"},\"query-input\":{\"@type\":\"PropertyValueSpecification\",\"valueRequired\":true,\"valueName\":\"search_term_string\"}}],\"inLanguage\":\"es\"},{\"@type\":\"Person\",\"@id\":\"https:\\\/\\\/www.arenal.com\\\/blog\\\/#\\\/schema\\\/person\\\/5b0f9900f2fb7a87b0b8c40b98a29e31\",\"name\":\"hiberus\",\"image\":{\"@type\":\"ImageObject\",\"inLanguage\":\"es\",\"@id\":\"https:\\\/\\\/secure.gravatar.com\\\/avatar\\\/a0b97b568facc7d687254dae39c5cfb79af095aebc91173945f2a50629c9fe1a?s=96&d=mm&r=g\",\"url\":\"https:\\\/\\\/secure.gravatar.com\\\/avatar\\\/a0b97b568facc7d687254dae39c5cfb79af095aebc91173945f2a50629c9fe1a?s=96&d=mm&r=g\",\"contentUrl\":\"https:\\\/\\\/secure.gravatar.com\\\/avatar\\\/a0b97b568facc7d687254dae39c5cfb79af095aebc91173945f2a50629c9fe1a?s=96&d=mm&r=g\",\"caption\":\"hiberus\"},\"sameAs\":[\"https:\\\/\\\/www.arenal.com\"],\"url\":\"https:\\\/\\\/www.arenal.com\\\/blog\\\/author\\\/hiberus\"}]}<\/script>\n<!-- \/ Yoast SEO plugin. -->","yoast_head_json":{"title":"C\u00f3mo blanquear la ropa blanca | Blog de Arenal","description":"Si quieres prendas blancas por m\u00e1s tiempo, es importante que sigas nuestros consejos sobre c\u00f3mo blanquear la ropa blanca deste\u00f1ida o amarilla.","robots":{"index":"index","follow":"follow","max-snippet":"max-snippet:-1","max-image-preview":"max-image-preview:large","max-video-preview":"max-video-preview:-1"},"canonical":"https:\/\/www.arenal.com\/blog\/blanquear-ropa-blanca","og_locale":"es_ES","og_type":"article","og_title":"\u00bfC\u00f3mo blanquear la ropa blanca deste\u00f1ida o amarilla? | Blog de Arenal","og_description":"Si quieres prendas blancas por m\u00e1s tiempo, es importante que sigas nuestros consejos sobre c\u00f3mo blanquear la ropa blanca deste\u00f1ida o amarilla.","og_url":"https:\/\/www.arenal.com\/blog\/blanquear-ropa-blanca","og_site_name":"Blog de Arenal","article_published_time":"2019-06-05T23:40:14+00:00","article_modified_time":"2025-06-04T11:04:46+00:00","og_image":[{"width":1140,"height":322,"url":"https:\/\/www.arenal.com\/blog\/wp-content\/uploads\/2024\/06\/blanquear_ropa_blanca_cabecera.jpg","type":"image\/jpeg"}],"author":"hiberus","twitter_card":"summary_large_image","twitter_title":"\u00bfC\u00f3mo blanquear la ropa blanca deste\u00f1ida o amarilla? | Blog de Arenal","twitter_misc":{"Escrito por":"hiberus","Tiempo de lectura":"3 minutos"},"schema":{"@context":"https:\/\/schema.org","@graph":[{"@type":"Article","@id":"https:\/\/www.arenal.com\/blog\/blanquear-ropa-blanca#article","isPartOf":{"@id":"https:\/\/www.arenal.com\/blog\/blanquear-ropa-blanca"},"author":{"name":"hiberus","@id":"https:\/\/www.arenal.com\/blog\/#\/schema\/person\/5b0f9900f2fb7a87b0b8c40b98a29e31"},"headline":"\u00bfC\u00f3mo blanquear la ropa blanca deste\u00f1ida o amarilla?","datePublished":"2019-06-05T23:40:14+00:00","dateModified":"2025-06-04T11:04:46+00:00","mainEntityOfPage":{"@id":"https:\/\/www.arenal.com\/blog\/blanquear-ropa-blanca"},"wordCount":626,"commentCount":0,"image":{"@id":"https:\/\/www.arenal.com\/blog\/blanquear-ropa-blanca#primaryimage"},"thumbnailUrl":"https:\/\/www.arenal.com\/blog\/wp-content\/uploads\/2024\/06\/blanquear_ropa_blanca_cabecera.jpg","articleSection":["Tutoriales","Hogar"],"inLanguage":"es","potentialAction":[{"@type":"CommentAction","name":"Comment","target":["https:\/\/www.arenal.com\/blog\/blanquear-ropa-blanca#respond"]}]},{"@type":"WebPage","@id":"https:\/\/www.arenal.com\/blog\/blanquear-ropa-blanca","url":"https:\/\/www.arenal.com\/blog\/blanquear-ropa-blanca","name":"C\u00f3mo blanquear la ropa blanca | Blog de Arenal","isPartOf":{"@id":"https:\/\/www.arenal.com\/blog\/#website"},"primaryImageOfPage":{"@id":"https:\/\/www.arenal.com\/blog\/blanquear-ropa-blanca#primaryimage"},"image":{"@id":"https:\/\/www.arenal.com\/blog\/blanquear-ropa-blanca#primaryimage"},"thumbnailUrl":"https:\/\/www.arenal.com\/blog\/wp-content\/uploads\/2024\/06\/blanquear_ropa_blanca_cabecera.jpg","datePublished":"2019-06-05T23:40:14+00:00","dateModified":"2025-06-04T11:04:46+00:00","author":{"@id":"https:\/\/www.arenal.com\/blog\/#\/schema\/person\/5b0f9900f2fb7a87b0b8c40b98a29e31"},"description":"Si quieres prendas blancas por m\u00e1s tiempo, es importante que sigas nuestros consejos sobre c\u00f3mo blanquear la ropa blanca deste\u00f1ida o amarilla.","breadcrumb":{"@id":"https:\/\/www.arenal.com\/blog\/blanquear-ropa-blanca#breadcrumb"},"inLanguage":"es","potentialAction":[{"@type":"ReadAction","target":["https:\/\/www.arenal.com\/blog\/blanquear-ropa-blanca"]}]},{"@type":"ImageObject","inLanguage":"es","@id":"https:\/\/www.arenal.com\/blog\/blanquear-ropa-blanca#primaryimage","url":"https:\/\/www.arenal.com\/blog\/wp-content\/uploads\/2024\/06\/blanquear_ropa_blanca_cabecera.jpg","contentUrl":"https:\/\/www.arenal.com\/blog\/wp-content\/uploads\/2024\/06\/blanquear_ropa_blanca_cabecera.jpg","width":1140,"height":322},{"@type":"BreadcrumbList","@id":"https:\/\/www.arenal.com\/blog\/blanquear-ropa-blanca#breadcrumb","itemListElement":[{"@type":"ListItem","position":1,"name":"Tutoriales","item":"https:\/\/www.arenal.com\/blog\/tutoriales"},{"@type":"ListItem","position":2,"name":"\u00bfC\u00f3mo blanquear la ropa blanca deste\u00f1ida o amarilla?"}]},{"@type":"WebSite","@id":"https:\/\/www.arenal.com\/blog\/#website","url":"https:\/\/www.arenal.com\/blog\/","name":"Blog de Arenal","description":"","potentialAction":[{"@type":"SearchAction","target":{"@type":"EntryPoint","urlTemplate":"https:\/\/www.arenal.com\/blog\/?s={search_term_string}"},"query-input":{"@type":"PropertyValueSpecification","valueRequired":true,"valueName":"search_term_string"}}],"inLanguage":"es"},{"@type":"Person","@id":"https:\/\/www.arenal.com\/blog\/#\/schema\/person\/5b0f9900f2fb7a87b0b8c40b98a29e31","name":"hiberus","image":{"@type":"ImageObject","inLanguage":"es","@id":"https:\/\/secure.gravatar.com\/avatar\/a0b97b568facc7d687254dae39c5cfb79af095aebc91173945f2a50629c9fe1a?s=96&d=mm&r=g","url":"https:\/\/secure.gravatar.com\/avatar\/a0b97b568facc7d687254dae39c5cfb79af095aebc91173945f2a50629c9fe1a?s=96&d=mm&r=g","contentUrl":"https:\/\/secure.gravatar.com\/avatar\/a0b97b568facc7d687254dae39c5cfb79af095aebc91173945f2a50629c9fe1a?s=96&d=mm&r=g","caption":"hiberus"},"sameAs":["https:\/\/www.arenal.com"],"url":"https:\/\/www.arenal.com\/blog\/author\/hiberus"}]}},"_links":{"self":[{"href":"https:\/\/www.arenal.com\/blog\/wp-json\/wp\/v2\/posts\/909","targetHints":{"allow":["GET"]}}],"collection":[{"href":"https:\/\/www.arenal.com\/blog\/wp-json\/wp\/v2\/posts"}],"about":[{"href":"https:\/\/www.arenal.com\/blog\/wp-json\/wp\/v2\/types\/post"}],"author":[{"embeddable":true,"href":"https:\/\/www.arenal.com\/blog\/wp-json\/wp\/v2\/users\/1"}],"replies":[{"embeddable":true,"href":"https:\/\/www.arenal.com\/blog\/wp-json\/wp\/v2\/comments?post=909"}],"version-history":[{"count":8,"href":"https:\/\/www.arenal.com\/blog\/wp-json\/wp\/v2\/posts\/909\/revisions"}],"predecessor-version":[{"id":6355,"href":"https:\/\/www.arenal.com\/blog\/wp-json\/wp\/v2\/posts\/909\/revisions\/6355"}],"wp:featuredmedia":[{"embeddable":true,"href":"https:\/\/www.arenal.com\/blog\/wp-json\/wp\/v2\/media\/6014"}],"wp:attachment":[{"href":"https:\/\/www.arenal.com\/blog\/wp-json\/wp\/v2\/media?parent=909"}],"wp:term":[{"taxonomy":"category","embeddable":true,"href":"https:\/\/www.arenal.com\/blog\/wp-json\/wp\/v2\/categories?post=909"},{"taxonomy":"post_tag","embeddable":true,"href":"https:\/\/www.arenal.com\/blog\/wp-json\/wp\/v2\/tags?post=909"}],"curies":[{"name":"wp","href":"https:\/\/api.w.org\/{rel}","templated":true}]}}