{"id":899,"date":"2019-05-02T00:41:33","date_gmt":"2019-05-01T23:41:33","guid":{"rendered":"https:\/\/www.arenal.com\/frecuencia-limpieza-facial\/"},"modified":"2025-03-12T11:21:00","modified_gmt":"2025-03-12T10:21:00","slug":"frecuencia-limpieza-facial","status":"publish","type":"post","link":"https:\/\/www.arenal.com\/blog\/frecuencia-limpieza-facial","title":{"rendered":"Frecuencia limpieza facial \u00bfCon qu\u00e9 frecuencia hacerte una limpieza facial?"},"content":{"rendered":"<p>Los beneficios de la <a href=\"https:\/\/www.arenal.com\/cosmetica\/limpieza-facial\/c\/1_0000000729\">limpieza facial<\/a> son ampliamente conocidos por todos. Con una limpieza facial profesional podremos conseguir una limpieza mucho m\u00e1s profunda a la que estamos acostumbrados utilizando productos en casa. Sin embargo, no se recomienda realizar demasiadas limpiezas en centros de est\u00e9tica, sino combinarlas con un tratamiento para casa y la higiene diaria. En el art\u00edculo de hoy te contamos cu\u00e1l es la frecuencia de limpieza facial aconsejada, tanto profesional como en casa a trav\u00e9s de mascarillas y otros geles.<\/p>\n<p>Para empezar, vamos a hacer una primera clasificaci\u00f3n por tipo de piel ya que este es uno de los factores que debemos tener en cuenta a la hora de determinar la\u00a0frecuencia de una limpieza facial, pero no es el \u00fanico. La limpieza facial depende de tu tipo de piel, la edad y el cuidado que le des; necesitar\u00e1s menor o mayor frecuencia de limpiezas faciales profesionales.<\/p>\n<p>Simplificando, existen tres tipos de piel:<\/p>\n<div id=\"ez-toc-container\" class=\"ez-toc-v2_0_82_2 counter-hierarchy ez-toc-counter ez-toc-custom ez-toc-container-direction\">\n<div class=\"ez-toc-title-container\">\n<p class=\"ez-toc-title\" style=\"cursor:inherit\">Indice de contenidos<\/p>\n<span class=\"ez-toc-title-toggle\"><a href=\"#\" class=\"ez-toc-pull-right ez-toc-btn ez-toc-btn-xs ez-toc-btn-default ez-toc-toggle\" aria-label=\"Alternar tabla de contenidos\"><span class=\"ez-toc-js-icon-con\"><span class=\"\"><span class=\"eztoc-hide\" style=\"display:none;\">Toggle<\/span><span class=\"ez-toc-icon-toggle-span\"><svg style=\"fill: #000000;color:#000000\" xmlns=\"http:\/\/www.w3.org\/2000\/svg\" class=\"list-377408\" width=\"20px\" height=\"20px\" viewBox=\"0 0 24 24\" fill=\"none\"><path d=\"M6 6H4v2h2V6zm14 0H8v2h12V6zM4 11h2v2H4v-2zm16 0H8v2h12v-2zM4 16h2v2H4v-2zm16 0H8v2h12v-2z\" fill=\"currentColor\"><\/path><\/svg><svg style=\"fill: #000000;color:#000000\" class=\"arrow-unsorted-368013\" xmlns=\"http:\/\/www.w3.org\/2000\/svg\" width=\"10px\" height=\"10px\" viewBox=\"0 0 24 24\" version=\"1.2\" baseProfile=\"tiny\"><path d=\"M18.2 9.3l-6.2-6.3-6.2 6.3c-.2.2-.3.4-.3.7s.1.5.3.7c.2.2.4.3.7.3h11c.3 0 .5-.1.7-.3.2-.2.3-.5.3-.7s-.1-.5-.3-.7zM5.8 14.7l6.2 6.3 6.2-6.3c.2-.2.3-.5.3-.7s-.1-.5-.3-.7c-.2-.2-.4-.3-.7-.3h-11c-.3 0-.5.1-.7.3-.2.2-.3.5-.3.7s.1.5.3.7z\"\/><\/svg><\/span><\/span><\/span><\/a><\/span><\/div>\n<nav><ul class='ez-toc-list ez-toc-list-level-1 ' ><li class='ez-toc-page-1 ez-toc-heading-level-2'><a class=\"ez-toc-link ez-toc-heading-1\" href=\"https:\/\/www.arenal.com\/blog\/frecuencia-limpieza-facial\/#Frecuencia_limpieza_facial_piel_grasa\" >Frecuencia limpieza facial piel grasa<\/a><\/li><li class='ez-toc-page-1 ez-toc-heading-level-2'><a class=\"ez-toc-link ez-toc-heading-2\" href=\"https:\/\/www.arenal.com\/blog\/frecuencia-limpieza-facial\/#Frecuencia_limpieza_facial_piel_mixta\" >Frecuencia limpieza facial piel mixta<\/a><\/li><li class='ez-toc-page-1 ez-toc-heading-level-2'><a class=\"ez-toc-link ez-toc-heading-3\" href=\"https:\/\/www.arenal.com\/blog\/frecuencia-limpieza-facial\/#Frecuencia_limpieza_facial_piel_seca\" >Frecuencia limpieza facial piel seca<\/a><\/li><\/ul><\/nav><\/div>\n<h2><span class=\"ez-toc-section\" id=\"Frecuencia_limpieza_facial_piel_grasa\"><\/span>Frecuencia limpieza facial piel grasa<span class=\"ez-toc-section-end\"><\/span><\/h2>\n<p>Cuando tienes la piel de este tipo es cuando m\u00e1s frecuentemente tienes que hacerte limpiezas faciales, ya que por lo general la piel produce m\u00e1s grasa y se ensucia m\u00e1s f\u00e1cilmente. Adem\u00e1s, la apariencia de la piel es m\u00e1s porosa y tiende a aparecer m\u00e1s granos, puntos negros y espinillas que una buena limpieza facial puede reducir.<\/p>\n<p>Productos de limpieza facial piel grasa y mixta: Clarins Eau De Puret\u00e9 Nettoyante Express Agua Limpiadora Pieles Mixtas Grasas<\/p>\n<h2><span class=\"ez-toc-section\" id=\"Frecuencia_limpieza_facial_piel_mixta\"><\/span>Frecuencia limpieza facial piel mixta<span class=\"ez-toc-section-end\"><\/span><\/h2>\n<p>La piel mixta suele combinar zonas de la cara secas con otras grasas que, por lo general, suele ser\u00a0la zona T (frente y nariz). Las pieles mixtas tienden a acumular puntos negros en la zona de la nariz, y alg\u00fan grano, aunque en menor medida que en las pieles grasas. Por lo que se puede aplicar un tratamiento mixto para varias zonas que combine produsctos destinados a piel grasa con otros destinados para piel seca aplicando cada uno de ellos enlas zonas correspondientes.<\/p>\n<p>Recuerda que si tienes alguna duda sobre tu tipo de piel, o quieres realziar una limpieza facial en profundidad, es recomendable acudir a un\u00a0profesional de la est\u00e9tica ya que una mala praxis puede provocarte irritaciones o heridas en la piel.<\/p>\n<h2><span class=\"ez-toc-section\" id=\"Frecuencia_limpieza_facial_piel_seca\"><\/span>Frecuencia limpieza facial piel seca<span class=\"ez-toc-section-end\"><\/span><\/h2>\n<p>Las pieles secas por lo general, tienden a ensuciarse menos. Aunque no por ello, requieren de menos cuidados, es importante que apliques crema hidratante y limpies tu piel en profundidad cada d\u00eda; aunque las limpiezas faciales profesionales se limiten a ocasionales.<\/p>\n<p>Productos de limpieza facial piel seca y sensible: Lancome Tonique Confort T\u00f3nico Pieles Secas O Sensibles<\/p>\n<p>Factores como la contaminaci\u00f3n y poluci\u00f3n tambi\u00e9n influyen en el estado de la piel. En caso de tener la piel sucia, con poros abiertos y manchas ocasionados por temas ambientales, puedes utilizar un producto indicado, como este de Biotherm: Skin Oxygen Depolluting Cleanser Gel de Biotherm Limpiador Anti-Poluci\u00f3n.<\/p>\n<p>Y t\u00fa\u2026 \u00bfC\u00f3mo cuidas de tu piel a diario? Acu\u00e9rdate que es importante que sigas una rutina de cuidados faciales, al igual que te lavas los dientes a diario. Consigue una limpiadora para limpiar tu rostro en profundidad una o dos veces al d\u00eda. \u00a1Descubre todos los productos de cuidado de la piel en <a href=\"https:\/\/www.arenal.com\/\">Arenal<\/a>!<\/p>\n","protected":false},"excerpt":{"rendered":"<p>En el art\u00edculo de hoy te contamos cu\u00e1l es la frecuencia de limpieza facial aconsejada, tanto profesional como en casa a trav\u00e9s de mascarillas y otros geles.<\/p>\n","protected":false},"author":1,"featured_media":1363,"comment_status":"open","ping_status":"open","sticky":false,"template":"","format":"standard","meta":{"footnotes":""},"categories":[622],"tags":[637],"class_list":["post-899","post","type-post","status-publish","format-standard","has-post-thumbnail","hentry","category-cosmetica-dermocosmetica","tag-facial"],"featured_image_src":"https:\/\/www.arenal.com\/blog\/wp-content\/uploads\/2022\/01\/8954798178334-scaled.jpeg","author_info":{"display_name":"hiberus","author_link":"https:\/\/www.arenal.com\/blog\/author\/hiberus"},"yoast_head":"<!-- This site is optimized with the Yoast SEO plugin v27.4 - https:\/\/yoast.com\/product\/yoast-seo-wordpress\/ -->\n<title>Frecuencia de limpieza facial | Blog de Arenal<\/title>\n<meta name=\"description\" content=\"En el art\u00edculo de hoy te contamos cu\u00e1l es la frecuencia de limpieza facial aconsejada, tanto profesional como en casa a trav\u00e9s de mascarillas y otros geles.\" \/>\n<meta name=\"robots\" content=\"index, follow, max-snippet:-1, max-image-preview:large, max-video-preview:-1\" \/>\n<link rel=\"canonical\" href=\"https:\/\/www.arenal.com\/blog\/frecuencia-limpieza-facial\" \/>\n<meta property=\"og:locale\" content=\"es_ES\" \/>\n<meta property=\"og:type\" content=\"article\" \/>\n<meta property=\"og:title\" content=\"Frecuencia limpieza facial \u00bfCon qu\u00e9 frecuencia hacerte una limpieza facial? | Blog de Arenal\" \/>\n<meta property=\"og:description\" content=\"En el art\u00edculo de hoy te contamos cu\u00e1l es la frecuencia de limpieza facial aconsejada, tanto profesional como en casa a trav\u00e9s de mascarillas y otros geles.\" \/>\n<meta property=\"og:url\" content=\"https:\/\/www.arenal.com\/blog\/frecuencia-limpieza-facial\" \/>\n<meta property=\"og:site_name\" content=\"Blog de Arenal\" \/>\n<meta property=\"article:published_time\" content=\"2019-05-01T23:41:33+00:00\" \/>\n<meta property=\"article:modified_time\" content=\"2025-03-12T10:21:00+00:00\" \/>\n<meta property=\"og:image\" content=\"https:\/\/www.arenal.com\/blog\/wp-content\/uploads\/2022\/01\/8954798178334-scaled.jpeg\" \/>\n\t<meta property=\"og:image:width\" content=\"1140\" \/>\n\t<meta property=\"og:image:height\" content=\"760\" \/>\n\t<meta property=\"og:image:type\" content=\"image\/jpeg\" \/>\n<meta name=\"author\" content=\"hiberus\" \/>\n<meta name=\"twitter:card\" content=\"summary_large_image\" \/>\n<meta name=\"twitter:title\" content=\"Frecuencia limpieza facial \u00bfCon qu\u00e9 frecuencia hacerte una limpieza facial? | Blog de Arenal\" \/>\n<meta name=\"twitter:label1\" content=\"Escrito por\" \/>\n\t<meta name=\"twitter:data1\" content=\"hiberus\" \/>\n\t<meta name=\"twitter:label2\" content=\"Tiempo de lectura\" \/>\n\t<meta name=\"twitter:data2\" content=\"3 minutos\" \/>\n<script type=\"application\/ld+json\" class=\"yoast-schema-graph\">{\"@context\":\"https:\\\/\\\/schema.org\",\"@graph\":[{\"@type\":\"Article\",\"@id\":\"https:\\\/\\\/www.arenal.com\\\/blog\\\/frecuencia-limpieza-facial#article\",\"isPartOf\":{\"@id\":\"https:\\\/\\\/www.arenal.com\\\/blog\\\/frecuencia-limpieza-facial\"},\"author\":{\"name\":\"hiberus\",\"@id\":\"https:\\\/\\\/www.arenal.com\\\/blog\\\/#\\\/schema\\\/person\\\/5b0f9900f2fb7a87b0b8c40b98a29e31\"},\"headline\":\"Frecuencia limpieza facial \u00bfCon qu\u00e9 frecuencia hacerte una limpieza facial?\",\"datePublished\":\"2019-05-01T23:41:33+00:00\",\"dateModified\":\"2025-03-12T10:21:00+00:00\",\"mainEntityOfPage\":{\"@id\":\"https:\\\/\\\/www.arenal.com\\\/blog\\\/frecuencia-limpieza-facial\"},\"wordCount\":566,\"commentCount\":0,\"image\":{\"@id\":\"https:\\\/\\\/www.arenal.com\\\/blog\\\/frecuencia-limpieza-facial#primaryimage\"},\"thumbnailUrl\":\"https:\\\/\\\/www.arenal.com\\\/blog\\\/wp-content\\\/uploads\\\/2022\\\/01\\\/8954798178334-scaled.jpeg\",\"keywords\":[\"Cuidado facial\"],\"articleSection\":[\"Cosm\u00e9tica\"],\"inLanguage\":\"es\",\"potentialAction\":[{\"@type\":\"CommentAction\",\"name\":\"Comment\",\"target\":[\"https:\\\/\\\/www.arenal.com\\\/blog\\\/frecuencia-limpieza-facial#respond\"]}]},{\"@type\":\"WebPage\",\"@id\":\"https:\\\/\\\/www.arenal.com\\\/blog\\\/frecuencia-limpieza-facial\",\"url\":\"https:\\\/\\\/www.arenal.com\\\/blog\\\/frecuencia-limpieza-facial\",\"name\":\"Frecuencia de limpieza facial | Blog de Arenal\",\"isPartOf\":{\"@id\":\"https:\\\/\\\/www.arenal.com\\\/blog\\\/#website\"},\"primaryImageOfPage\":{\"@id\":\"https:\\\/\\\/www.arenal.com\\\/blog\\\/frecuencia-limpieza-facial#primaryimage\"},\"image\":{\"@id\":\"https:\\\/\\\/www.arenal.com\\\/blog\\\/frecuencia-limpieza-facial#primaryimage\"},\"thumbnailUrl\":\"https:\\\/\\\/www.arenal.com\\\/blog\\\/wp-content\\\/uploads\\\/2022\\\/01\\\/8954798178334-scaled.jpeg\",\"datePublished\":\"2019-05-01T23:41:33+00:00\",\"dateModified\":\"2025-03-12T10:21:00+00:00\",\"author\":{\"@id\":\"https:\\\/\\\/www.arenal.com\\\/blog\\\/#\\\/schema\\\/person\\\/5b0f9900f2fb7a87b0b8c40b98a29e31\"},\"description\":\"En el art\u00edculo de hoy te contamos cu\u00e1l es la frecuencia de limpieza facial aconsejada, tanto profesional como en casa a trav\u00e9s de mascarillas y otros geles.\",\"breadcrumb\":{\"@id\":\"https:\\\/\\\/www.arenal.com\\\/blog\\\/frecuencia-limpieza-facial#breadcrumb\"},\"inLanguage\":\"es\",\"potentialAction\":[{\"@type\":\"ReadAction\",\"target\":[\"https:\\\/\\\/www.arenal.com\\\/blog\\\/frecuencia-limpieza-facial\"]}]},{\"@type\":\"ImageObject\",\"inLanguage\":\"es\",\"@id\":\"https:\\\/\\\/www.arenal.com\\\/blog\\\/frecuencia-limpieza-facial#primaryimage\",\"url\":\"https:\\\/\\\/www.arenal.com\\\/blog\\\/wp-content\\\/uploads\\\/2022\\\/01\\\/8954798178334-scaled.jpeg\",\"contentUrl\":\"https:\\\/\\\/www.arenal.com\\\/blog\\\/wp-content\\\/uploads\\\/2022\\\/01\\\/8954798178334-scaled.jpeg\",\"width\":1140,\"height\":760,\"caption\":\"Frecuencia limpieza facial \u00bfCon qu\u00e9 frecuencia hacerte una limpieza facial?\"},{\"@type\":\"BreadcrumbList\",\"@id\":\"https:\\\/\\\/www.arenal.com\\\/blog\\\/frecuencia-limpieza-facial#breadcrumb\",\"itemListElement\":[{\"@type\":\"ListItem\",\"position\":1,\"name\":\"Cosm\u00e9tica\",\"item\":\"https:\\\/\\\/www.arenal.com\\\/blog\\\/cosmetica-dermocosmetica\"},{\"@type\":\"ListItem\",\"position\":2,\"name\":\"Frecuencia limpieza facial \u00bfCon qu\u00e9 frecuencia hacerte una limpieza facial?\"}]},{\"@type\":\"WebSite\",\"@id\":\"https:\\\/\\\/www.arenal.com\\\/blog\\\/#website\",\"url\":\"https:\\\/\\\/www.arenal.com\\\/blog\\\/\",\"name\":\"Blog de Arenal\",\"description\":\"\",\"potentialAction\":[{\"@type\":\"SearchAction\",\"target\":{\"@type\":\"EntryPoint\",\"urlTemplate\":\"https:\\\/\\\/www.arenal.com\\\/blog\\\/?s={search_term_string}\"},\"query-input\":{\"@type\":\"PropertyValueSpecification\",\"valueRequired\":true,\"valueName\":\"search_term_string\"}}],\"inLanguage\":\"es\"},{\"@type\":\"Person\",\"@id\":\"https:\\\/\\\/www.arenal.com\\\/blog\\\/#\\\/schema\\\/person\\\/5b0f9900f2fb7a87b0b8c40b98a29e31\",\"name\":\"hiberus\",\"image\":{\"@type\":\"ImageObject\",\"inLanguage\":\"es\",\"@id\":\"https:\\\/\\\/secure.gravatar.com\\\/avatar\\\/a0b97b568facc7d687254dae39c5cfb79af095aebc91173945f2a50629c9fe1a?s=96&d=mm&r=g\",\"url\":\"https:\\\/\\\/secure.gravatar.com\\\/avatar\\\/a0b97b568facc7d687254dae39c5cfb79af095aebc91173945f2a50629c9fe1a?s=96&d=mm&r=g\",\"contentUrl\":\"https:\\\/\\\/secure.gravatar.com\\\/avatar\\\/a0b97b568facc7d687254dae39c5cfb79af095aebc91173945f2a50629c9fe1a?s=96&d=mm&r=g\",\"caption\":\"hiberus\"},\"sameAs\":[\"https:\\\/\\\/www.arenal.com\"],\"url\":\"https:\\\/\\\/www.arenal.com\\\/blog\\\/author\\\/hiberus\"}]}<\/script>\n<!-- \/ Yoast SEO plugin. -->","yoast_head_json":{"title":"Frecuencia de limpieza facial | Blog de Arenal","description":"En el art\u00edculo de hoy te contamos cu\u00e1l es la frecuencia de limpieza facial aconsejada, tanto profesional como en casa a trav\u00e9s de mascarillas y otros geles.","robots":{"index":"index","follow":"follow","max-snippet":"max-snippet:-1","max-image-preview":"max-image-preview:large","max-video-preview":"max-video-preview:-1"},"canonical":"https:\/\/www.arenal.com\/blog\/frecuencia-limpieza-facial","og_locale":"es_ES","og_type":"article","og_title":"Frecuencia limpieza facial \u00bfCon qu\u00e9 frecuencia hacerte una limpieza facial? | Blog de Arenal","og_description":"En el art\u00edculo de hoy te contamos cu\u00e1l es la frecuencia de limpieza facial aconsejada, tanto profesional como en casa a trav\u00e9s de mascarillas y otros geles.","og_url":"https:\/\/www.arenal.com\/blog\/frecuencia-limpieza-facial","og_site_name":"Blog de Arenal","article_published_time":"2019-05-01T23:41:33+00:00","article_modified_time":"2025-03-12T10:21:00+00:00","og_image":[{"width":1140,"height":760,"url":"https:\/\/www.arenal.com\/blog\/wp-content\/uploads\/2022\/01\/8954798178334-scaled.jpeg","type":"image\/jpeg"}],"author":"hiberus","twitter_card":"summary_large_image","twitter_title":"Frecuencia limpieza facial \u00bfCon qu\u00e9 frecuencia hacerte una limpieza facial? | Blog de Arenal","twitter_misc":{"Escrito por":"hiberus","Tiempo de lectura":"3 minutos"},"schema":{"@context":"https:\/\/schema.org","@graph":[{"@type":"Article","@id":"https:\/\/www.arenal.com\/blog\/frecuencia-limpieza-facial#article","isPartOf":{"@id":"https:\/\/www.arenal.com\/blog\/frecuencia-limpieza-facial"},"author":{"name":"hiberus","@id":"https:\/\/www.arenal.com\/blog\/#\/schema\/person\/5b0f9900f2fb7a87b0b8c40b98a29e31"},"headline":"Frecuencia limpieza facial \u00bfCon qu\u00e9 frecuencia hacerte una limpieza facial?","datePublished":"2019-05-01T23:41:33+00:00","dateModified":"2025-03-12T10:21:00+00:00","mainEntityOfPage":{"@id":"https:\/\/www.arenal.com\/blog\/frecuencia-limpieza-facial"},"wordCount":566,"commentCount":0,"image":{"@id":"https:\/\/www.arenal.com\/blog\/frecuencia-limpieza-facial#primaryimage"},"thumbnailUrl":"https:\/\/www.arenal.com\/blog\/wp-content\/uploads\/2022\/01\/8954798178334-scaled.jpeg","keywords":["Cuidado facial"],"articleSection":["Cosm\u00e9tica"],"inLanguage":"es","potentialAction":[{"@type":"CommentAction","name":"Comment","target":["https:\/\/www.arenal.com\/blog\/frecuencia-limpieza-facial#respond"]}]},{"@type":"WebPage","@id":"https:\/\/www.arenal.com\/blog\/frecuencia-limpieza-facial","url":"https:\/\/www.arenal.com\/blog\/frecuencia-limpieza-facial","name":"Frecuencia de limpieza facial | Blog de Arenal","isPartOf":{"@id":"https:\/\/www.arenal.com\/blog\/#website"},"primaryImageOfPage":{"@id":"https:\/\/www.arenal.com\/blog\/frecuencia-limpieza-facial#primaryimage"},"image":{"@id":"https:\/\/www.arenal.com\/blog\/frecuencia-limpieza-facial#primaryimage"},"thumbnailUrl":"https:\/\/www.arenal.com\/blog\/wp-content\/uploads\/2022\/01\/8954798178334-scaled.jpeg","datePublished":"2019-05-01T23:41:33+00:00","dateModified":"2025-03-12T10:21:00+00:00","author":{"@id":"https:\/\/www.arenal.com\/blog\/#\/schema\/person\/5b0f9900f2fb7a87b0b8c40b98a29e31"},"description":"En el art\u00edculo de hoy te contamos cu\u00e1l es la frecuencia de limpieza facial aconsejada, tanto profesional como en casa a trav\u00e9s de mascarillas y otros geles.","breadcrumb":{"@id":"https:\/\/www.arenal.com\/blog\/frecuencia-limpieza-facial#breadcrumb"},"inLanguage":"es","potentialAction":[{"@type":"ReadAction","target":["https:\/\/www.arenal.com\/blog\/frecuencia-limpieza-facial"]}]},{"@type":"ImageObject","inLanguage":"es","@id":"https:\/\/www.arenal.com\/blog\/frecuencia-limpieza-facial#primaryimage","url":"https:\/\/www.arenal.com\/blog\/wp-content\/uploads\/2022\/01\/8954798178334-scaled.jpeg","contentUrl":"https:\/\/www.arenal.com\/blog\/wp-content\/uploads\/2022\/01\/8954798178334-scaled.jpeg","width":1140,"height":760,"caption":"Frecuencia limpieza facial \u00bfCon qu\u00e9 frecuencia hacerte una limpieza facial?"},{"@type":"BreadcrumbList","@id":"https:\/\/www.arenal.com\/blog\/frecuencia-limpieza-facial#breadcrumb","itemListElement":[{"@type":"ListItem","position":1,"name":"Cosm\u00e9tica","item":"https:\/\/www.arenal.com\/blog\/cosmetica-dermocosmetica"},{"@type":"ListItem","position":2,"name":"Frecuencia limpieza facial \u00bfCon qu\u00e9 frecuencia hacerte una limpieza facial?"}]},{"@type":"WebSite","@id":"https:\/\/www.arenal.com\/blog\/#website","url":"https:\/\/www.arenal.com\/blog\/","name":"Blog de Arenal","description":"","potentialAction":[{"@type":"SearchAction","target":{"@type":"EntryPoint","urlTemplate":"https:\/\/www.arenal.com\/blog\/?s={search_term_string}"},"query-input":{"@type":"PropertyValueSpecification","valueRequired":true,"valueName":"search_term_string"}}],"inLanguage":"es"},{"@type":"Person","@id":"https:\/\/www.arenal.com\/blog\/#\/schema\/person\/5b0f9900f2fb7a87b0b8c40b98a29e31","name":"hiberus","image":{"@type":"ImageObject","inLanguage":"es","@id":"https:\/\/secure.gravatar.com\/avatar\/a0b97b568facc7d687254dae39c5cfb79af095aebc91173945f2a50629c9fe1a?s=96&d=mm&r=g","url":"https:\/\/secure.gravatar.com\/avatar\/a0b97b568facc7d687254dae39c5cfb79af095aebc91173945f2a50629c9fe1a?s=96&d=mm&r=g","contentUrl":"https:\/\/secure.gravatar.com\/avatar\/a0b97b568facc7d687254dae39c5cfb79af095aebc91173945f2a50629c9fe1a?s=96&d=mm&r=g","caption":"hiberus"},"sameAs":["https:\/\/www.arenal.com"],"url":"https:\/\/www.arenal.com\/blog\/author\/hiberus"}]}},"_links":{"self":[{"href":"https:\/\/www.arenal.com\/blog\/wp-json\/wp\/v2\/posts\/899","targetHints":{"allow":["GET"]}}],"collection":[{"href":"https:\/\/www.arenal.com\/blog\/wp-json\/wp\/v2\/posts"}],"about":[{"href":"https:\/\/www.arenal.com\/blog\/wp-json\/wp\/v2\/types\/post"}],"author":[{"embeddable":true,"href":"https:\/\/www.arenal.com\/blog\/wp-json\/wp\/v2\/users\/1"}],"replies":[{"embeddable":true,"href":"https:\/\/www.arenal.com\/blog\/wp-json\/wp\/v2\/comments?post=899"}],"version-history":[{"count":6,"href":"https:\/\/www.arenal.com\/blog\/wp-json\/wp\/v2\/posts\/899\/revisions"}],"predecessor-version":[{"id":6260,"href":"https:\/\/www.arenal.com\/blog\/wp-json\/wp\/v2\/posts\/899\/revisions\/6260"}],"wp:featuredmedia":[{"embeddable":true,"href":"https:\/\/www.arenal.com\/blog\/wp-json\/wp\/v2\/media\/1363"}],"wp:attachment":[{"href":"https:\/\/www.arenal.com\/blog\/wp-json\/wp\/v2\/media?parent=899"}],"wp:term":[{"taxonomy":"category","embeddable":true,"href":"https:\/\/www.arenal.com\/blog\/wp-json\/wp\/v2\/categories?post=899"},{"taxonomy":"post_tag","embeddable":true,"href":"https:\/\/www.arenal.com\/blog\/wp-json\/wp\/v2\/tags?post=899"}],"curies":[{"name":"wp","href":"https:\/\/api.w.org\/{rel}","templated":true}]}}