{"id":898,"date":"2019-04-30T00:33:01","date_gmt":"2019-04-29T23:33:01","guid":{"rendered":"https:\/\/www.arenal.com\/usar-proteccion-solar-todo-el-ano\/"},"modified":"2025-03-12T11:09:32","modified_gmt":"2025-03-12T10:09:32","slug":"usar-proteccion-solar-todo-el-ano","status":"publish","type":"post","link":"https:\/\/www.arenal.com\/blog\/usar-proteccion-solar-todo-el-ano","title":{"rendered":"\u00bfPor qu\u00e9 usar protecci\u00f3n solar todo el a\u00f1o?"},"content":{"rendered":"<p>Cada vez existe una mayor concienciaci\u00f3n de la necesidad de proteger la piel de los efectos nocivos del sol. Los efectos negativos desencadenados en nuestra salud por las radiaciones solares est\u00e1n m\u00e1s que probados, por eso es importante utilizar protecci\u00f3n solar todo el a\u00f1o. Cada verano, campa\u00f1as comerciales y sanitarias nos recuerdan la necesidad de aplicar una protecci\u00f3n eficaz para evitar complicaciones. Pero, \u00bfqu\u00e9 ocurre el resto del a\u00f1o?<\/p>\n<p>Si bien es cierto que en verano tendemos a mostrar m\u00e1s nuestra piel, no es correcto asociar las bajas temperaturas y el menor n\u00famero de horas de luz de oto\u00f1o, invierno y primavera con una menor radiaci\u00f3n solar. <strong>Los rayos UVA son exactamente igual de da\u00f1inos en pleno mes de agosto que en enero o marzo, motivo por el que los expertos recomiendan usar protector solar todo el a\u00f1o.<\/strong><\/p>\n<h2>Recomendaciones de los expertos en Cuidado Solar<\/h2>\n<p>Los m\u00e9dicos recomiendan una dieta rica en alimentos con alto contenido en antioxidantes y vitamina C, como vegetales y frutas, que contribuyen a prevenir los da\u00f1os ocasionados por la radiaci\u00f3n solar. Adem\u00e1s, es fundamental usar <a href=\"https:\/\/www.arenal.com\/cosmetica\/solares\/c\/1_0000000754\">protecci\u00f3n solar<\/a> todo el a\u00f1o, de factor 15 a 50, siempre que vayamos a estar expuestos al sol. Ya hemos escrito sobre <a href=\"https:\/\/www.arenal.com\/blog\/como-elegir-factor-protector-solar\">c\u00f3mo elegir el factor de protecci\u00f3n solar<\/a> adecuado para ti, seg\u00fan caracter\u00edsticas como el fototipo y la radicaci\u00f3n.<\/p>\n<p>Debemos tener en cuenta estas indicaciones generales para evitar los efectos perjudiciales de la radiaci\u00f3n UVA y UVB, y tomar conciencia de la importancia de protegernos del sol durante todo el a\u00f1o. La marca experta en Cuidado Solar, <a href=\"https:\/\/www.arenal.com\/marcas\/gisele-denis\/c\/AJC\">Gis\u00e8le Denis<\/a>, ofrece una amplia gama de productos solares dirigida a cuidar y a proteger la piel antes, durante y despu\u00e9s de la exposici\u00f3n solar.<\/p>\n<h2>Protege siempre tu piel<\/h2>\n<p>Hay zonas del cuerpo, como el rostro, que est\u00e1n expuestas al sol durante todo el a\u00f1o. Por ello, entre las novedades en protecci\u00f3n solar de esta temporada, destaca el lanzamiento al mercado de un protector solar facial con color en formato compacto crema. Este innovador producto protege la piel de la radiaci\u00f3n solar (SPF 50) al mismo tiempo que cubre las imperfecciones, proporcionando un tono uniforme al rostro. Ayuda a mantener una piel joven y saludable, previniendo los signos de envejecimiento prematuro, manchas y arrugas. Adem\u00e1s, este protector solar facial est\u00e1 disponible en dos tonalidades para conseguir una adaptaci\u00f3n id\u00f3nea a cada fototipo, en Crema Facial Compacta Con Color Claro-Medio Spf 50 10 Gr y Crema Facial Compacta Con Color Medio-Oscuro Spf 50 10 Gr.<\/p>\n<p>\u00bfHas decidido ya protegerte adecuadamente del sol durante todo el a\u00f1o? Utiliza protecci\u00f3n solar todo el a\u00f1o y cuida pon el cuidado de tu piel en manos de expertos cosm\u00e9ticos. En <a href=\"https:\/\/www.arenal.com\/\">Arenal<\/a> encontrar\u00e1s todos los productos de <a href=\"https:\/\/www.arenal.com\/marcas\/gisele-denis\/c\/AJC\">Gis\u00e8le Denis<\/a>, expertos en Cuidado Solar.<\/p>\n","protected":false},"excerpt":{"rendered":"<p>Los rayos UVA son exactamente igual de da\u00f1inos en pleno mes de agosto que en enero o marzo, motivo por el que los expertos recomiendan usar protector solar todo el a\u00f1o.<\/p>\n","protected":false},"author":1,"featured_media":1263,"comment_status":"open","ping_status":"open","sticky":false,"template":"","format":"standard","meta":{"footnotes":""},"categories":[632],"tags":[],"class_list":["post-898","post","type-post","status-publish","format-standard","has-post-thumbnail","hentry","category-verano-en-arenal-solares"],"featured_image_src":"https:\/\/www.arenal.com\/blog\/wp-content\/uploads\/2022\/01\/8954791165982.jpeg","author_info":{"display_name":"hiberus","author_link":"https:\/\/www.arenal.com\/blog\/author\/hiberus"},"yoast_head":"<!-- This site is optimized with the Yoast SEO plugin v27.4 - https:\/\/yoast.com\/product\/yoast-seo-wordpress\/ -->\n<title>\u00bfPor qu\u00e9 usar protecci\u00f3n solar todo el a\u00f1o? | Blog de Arenal<\/title>\n<meta name=\"description\" content=\"La piel necesita protecci\u00f3n en todas las estaciones. En Arenal te contamos por qu\u00e9 es clave usar protecci\u00f3n solar todo el a\u00f1o y elegir el mejor SPF.\" \/>\n<meta name=\"robots\" content=\"index, follow, max-snippet:-1, max-image-preview:large, max-video-preview:-1\" \/>\n<link rel=\"canonical\" href=\"https:\/\/www.arenal.com\/blog\/usar-proteccion-solar-todo-el-ano\" \/>\n<meta property=\"og:locale\" content=\"es_ES\" \/>\n<meta property=\"og:type\" content=\"article\" \/>\n<meta property=\"og:title\" content=\"\u00bfPor qu\u00e9 usar protecci\u00f3n solar todo el a\u00f1o? | Blog de Arenal\" \/>\n<meta property=\"og:description\" content=\"La piel necesita protecci\u00f3n en todas las estaciones. En Arenal te contamos por qu\u00e9 es clave usar protecci\u00f3n solar todo el a\u00f1o y elegir el mejor SPF.\" \/>\n<meta property=\"og:url\" content=\"https:\/\/www.arenal.com\/blog\/usar-proteccion-solar-todo-el-ano\" \/>\n<meta property=\"og:site_name\" content=\"Blog de Arenal\" \/>\n<meta property=\"article:published_time\" content=\"2019-04-29T23:33:01+00:00\" \/>\n<meta property=\"article:modified_time\" content=\"2025-03-12T10:09:32+00:00\" \/>\n<meta property=\"og:image\" content=\"https:\/\/www.arenal.com\/blog\/wp-content\/uploads\/2022\/01\/8954791165982.jpeg\" \/>\n\t<meta property=\"og:image:width\" content=\"1140\" \/>\n\t<meta property=\"og:image:height\" content=\"796\" \/>\n\t<meta property=\"og:image:type\" content=\"image\/jpeg\" \/>\n<meta name=\"author\" content=\"hiberus\" \/>\n<meta name=\"twitter:card\" content=\"summary_large_image\" \/>\n<meta name=\"twitter:title\" content=\"\u00bfPor qu\u00e9 usar protecci\u00f3n solar todo el a\u00f1o? | Blog de Arenal\" \/>\n<meta name=\"twitter:label1\" content=\"Escrito por\" \/>\n\t<meta name=\"twitter:data1\" content=\"hiberus\" \/>\n\t<meta name=\"twitter:label2\" content=\"Tiempo de lectura\" \/>\n\t<meta name=\"twitter:data2\" content=\"3 minutos\" \/>\n<script type=\"application\/ld+json\" class=\"yoast-schema-graph\">{\"@context\":\"https:\\\/\\\/schema.org\",\"@graph\":[{\"@type\":\"Article\",\"@id\":\"https:\\\/\\\/www.arenal.com\\\/blog\\\/usar-proteccion-solar-todo-el-ano#article\",\"isPartOf\":{\"@id\":\"https:\\\/\\\/www.arenal.com\\\/blog\\\/usar-proteccion-solar-todo-el-ano\"},\"author\":{\"name\":\"hiberus\",\"@id\":\"https:\\\/\\\/www.arenal.com\\\/blog\\\/#\\\/schema\\\/person\\\/5b0f9900f2fb7a87b0b8c40b98a29e31\"},\"headline\":\"\u00bfPor qu\u00e9 usar protecci\u00f3n solar todo el a\u00f1o?\",\"datePublished\":\"2019-04-29T23:33:01+00:00\",\"dateModified\":\"2025-03-12T10:09:32+00:00\",\"mainEntityOfPage\":{\"@id\":\"https:\\\/\\\/www.arenal.com\\\/blog\\\/usar-proteccion-solar-todo-el-ano\"},\"wordCount\":501,\"commentCount\":0,\"image\":{\"@id\":\"https:\\\/\\\/www.arenal.com\\\/blog\\\/usar-proteccion-solar-todo-el-ano#primaryimage\"},\"thumbnailUrl\":\"https:\\\/\\\/www.arenal.com\\\/blog\\\/wp-content\\\/uploads\\\/2022\\\/01\\\/8954791165982.jpeg\",\"articleSection\":[\"\u2600\ufe0f Verano en Arenal \u2600\ufe0f\"],\"inLanguage\":\"es\",\"potentialAction\":[{\"@type\":\"CommentAction\",\"name\":\"Comment\",\"target\":[\"https:\\\/\\\/www.arenal.com\\\/blog\\\/usar-proteccion-solar-todo-el-ano#respond\"]}]},{\"@type\":\"WebPage\",\"@id\":\"https:\\\/\\\/www.arenal.com\\\/blog\\\/usar-proteccion-solar-todo-el-ano\",\"url\":\"https:\\\/\\\/www.arenal.com\\\/blog\\\/usar-proteccion-solar-todo-el-ano\",\"name\":\"\u00bfPor qu\u00e9 usar protecci\u00f3n solar todo el a\u00f1o? | Blog de Arenal\",\"isPartOf\":{\"@id\":\"https:\\\/\\\/www.arenal.com\\\/blog\\\/#website\"},\"primaryImageOfPage\":{\"@id\":\"https:\\\/\\\/www.arenal.com\\\/blog\\\/usar-proteccion-solar-todo-el-ano#primaryimage\"},\"image\":{\"@id\":\"https:\\\/\\\/www.arenal.com\\\/blog\\\/usar-proteccion-solar-todo-el-ano#primaryimage\"},\"thumbnailUrl\":\"https:\\\/\\\/www.arenal.com\\\/blog\\\/wp-content\\\/uploads\\\/2022\\\/01\\\/8954791165982.jpeg\",\"datePublished\":\"2019-04-29T23:33:01+00:00\",\"dateModified\":\"2025-03-12T10:09:32+00:00\",\"author\":{\"@id\":\"https:\\\/\\\/www.arenal.com\\\/blog\\\/#\\\/schema\\\/person\\\/5b0f9900f2fb7a87b0b8c40b98a29e31\"},\"description\":\"La piel necesita protecci\u00f3n en todas las estaciones. En Arenal te contamos por qu\u00e9 es clave usar protecci\u00f3n solar todo el a\u00f1o y elegir el mejor SPF.\",\"breadcrumb\":{\"@id\":\"https:\\\/\\\/www.arenal.com\\\/blog\\\/usar-proteccion-solar-todo-el-ano#breadcrumb\"},\"inLanguage\":\"es\",\"potentialAction\":[{\"@type\":\"ReadAction\",\"target\":[\"https:\\\/\\\/www.arenal.com\\\/blog\\\/usar-proteccion-solar-todo-el-ano\"]}]},{\"@type\":\"ImageObject\",\"inLanguage\":\"es\",\"@id\":\"https:\\\/\\\/www.arenal.com\\\/blog\\\/usar-proteccion-solar-todo-el-ano#primaryimage\",\"url\":\"https:\\\/\\\/www.arenal.com\\\/blog\\\/wp-content\\\/uploads\\\/2022\\\/01\\\/8954791165982.jpeg\",\"contentUrl\":\"https:\\\/\\\/www.arenal.com\\\/blog\\\/wp-content\\\/uploads\\\/2022\\\/01\\\/8954791165982.jpeg\",\"width\":1140,\"height\":796,\"caption\":\"\u00bfPor qu\u00e9 usar protecci\u00f3n solar todo el a\u00f1o?\"},{\"@type\":\"BreadcrumbList\",\"@id\":\"https:\\\/\\\/www.arenal.com\\\/blog\\\/usar-proteccion-solar-todo-el-ano#breadcrumb\",\"itemListElement\":[{\"@type\":\"ListItem\",\"position\":1,\"name\":\"\u2600\ufe0f Verano en Arenal \u2600\ufe0f\",\"item\":\"https:\\\/\\\/www.arenal.com\\\/blog\\\/verano-en-arenal-solares\"},{\"@type\":\"ListItem\",\"position\":2,\"name\":\"\u00bfPor qu\u00e9 usar protecci\u00f3n solar todo el a\u00f1o?\"}]},{\"@type\":\"WebSite\",\"@id\":\"https:\\\/\\\/www.arenal.com\\\/blog\\\/#website\",\"url\":\"https:\\\/\\\/www.arenal.com\\\/blog\\\/\",\"name\":\"Blog de Arenal\",\"description\":\"\",\"potentialAction\":[{\"@type\":\"SearchAction\",\"target\":{\"@type\":\"EntryPoint\",\"urlTemplate\":\"https:\\\/\\\/www.arenal.com\\\/blog\\\/?s={search_term_string}\"},\"query-input\":{\"@type\":\"PropertyValueSpecification\",\"valueRequired\":true,\"valueName\":\"search_term_string\"}}],\"inLanguage\":\"es\"},{\"@type\":\"Person\",\"@id\":\"https:\\\/\\\/www.arenal.com\\\/blog\\\/#\\\/schema\\\/person\\\/5b0f9900f2fb7a87b0b8c40b98a29e31\",\"name\":\"hiberus\",\"image\":{\"@type\":\"ImageObject\",\"inLanguage\":\"es\",\"@id\":\"https:\\\/\\\/secure.gravatar.com\\\/avatar\\\/a0b97b568facc7d687254dae39c5cfb79af095aebc91173945f2a50629c9fe1a?s=96&d=mm&r=g\",\"url\":\"https:\\\/\\\/secure.gravatar.com\\\/avatar\\\/a0b97b568facc7d687254dae39c5cfb79af095aebc91173945f2a50629c9fe1a?s=96&d=mm&r=g\",\"contentUrl\":\"https:\\\/\\\/secure.gravatar.com\\\/avatar\\\/a0b97b568facc7d687254dae39c5cfb79af095aebc91173945f2a50629c9fe1a?s=96&d=mm&r=g\",\"caption\":\"hiberus\"},\"sameAs\":[\"https:\\\/\\\/www.arenal.com\"],\"url\":\"https:\\\/\\\/www.arenal.com\\\/blog\\\/author\\\/hiberus\"}]}<\/script>\n<!-- \/ Yoast SEO plugin. -->","yoast_head_json":{"title":"\u00bfPor qu\u00e9 usar protecci\u00f3n solar todo el a\u00f1o? | Blog de Arenal","description":"La piel necesita protecci\u00f3n en todas las estaciones. En Arenal te contamos por qu\u00e9 es clave usar protecci\u00f3n solar todo el a\u00f1o y elegir el mejor SPF.","robots":{"index":"index","follow":"follow","max-snippet":"max-snippet:-1","max-image-preview":"max-image-preview:large","max-video-preview":"max-video-preview:-1"},"canonical":"https:\/\/www.arenal.com\/blog\/usar-proteccion-solar-todo-el-ano","og_locale":"es_ES","og_type":"article","og_title":"\u00bfPor qu\u00e9 usar protecci\u00f3n solar todo el a\u00f1o? | Blog de Arenal","og_description":"La piel necesita protecci\u00f3n en todas las estaciones. En Arenal te contamos por qu\u00e9 es clave usar protecci\u00f3n solar todo el a\u00f1o y elegir el mejor SPF.","og_url":"https:\/\/www.arenal.com\/blog\/usar-proteccion-solar-todo-el-ano","og_site_name":"Blog de Arenal","article_published_time":"2019-04-29T23:33:01+00:00","article_modified_time":"2025-03-12T10:09:32+00:00","og_image":[{"width":1140,"height":796,"url":"https:\/\/www.arenal.com\/blog\/wp-content\/uploads\/2022\/01\/8954791165982.jpeg","type":"image\/jpeg"}],"author":"hiberus","twitter_card":"summary_large_image","twitter_title":"\u00bfPor qu\u00e9 usar protecci\u00f3n solar todo el a\u00f1o? | Blog de Arenal","twitter_misc":{"Escrito por":"hiberus","Tiempo de lectura":"3 minutos"},"schema":{"@context":"https:\/\/schema.org","@graph":[{"@type":"Article","@id":"https:\/\/www.arenal.com\/blog\/usar-proteccion-solar-todo-el-ano#article","isPartOf":{"@id":"https:\/\/www.arenal.com\/blog\/usar-proteccion-solar-todo-el-ano"},"author":{"name":"hiberus","@id":"https:\/\/www.arenal.com\/blog\/#\/schema\/person\/5b0f9900f2fb7a87b0b8c40b98a29e31"},"headline":"\u00bfPor qu\u00e9 usar protecci\u00f3n solar todo el a\u00f1o?","datePublished":"2019-04-29T23:33:01+00:00","dateModified":"2025-03-12T10:09:32+00:00","mainEntityOfPage":{"@id":"https:\/\/www.arenal.com\/blog\/usar-proteccion-solar-todo-el-ano"},"wordCount":501,"commentCount":0,"image":{"@id":"https:\/\/www.arenal.com\/blog\/usar-proteccion-solar-todo-el-ano#primaryimage"},"thumbnailUrl":"https:\/\/www.arenal.com\/blog\/wp-content\/uploads\/2022\/01\/8954791165982.jpeg","articleSection":["\u2600\ufe0f Verano en Arenal \u2600\ufe0f"],"inLanguage":"es","potentialAction":[{"@type":"CommentAction","name":"Comment","target":["https:\/\/www.arenal.com\/blog\/usar-proteccion-solar-todo-el-ano#respond"]}]},{"@type":"WebPage","@id":"https:\/\/www.arenal.com\/blog\/usar-proteccion-solar-todo-el-ano","url":"https:\/\/www.arenal.com\/blog\/usar-proteccion-solar-todo-el-ano","name":"\u00bfPor qu\u00e9 usar protecci\u00f3n solar todo el a\u00f1o? | Blog de Arenal","isPartOf":{"@id":"https:\/\/www.arenal.com\/blog\/#website"},"primaryImageOfPage":{"@id":"https:\/\/www.arenal.com\/blog\/usar-proteccion-solar-todo-el-ano#primaryimage"},"image":{"@id":"https:\/\/www.arenal.com\/blog\/usar-proteccion-solar-todo-el-ano#primaryimage"},"thumbnailUrl":"https:\/\/www.arenal.com\/blog\/wp-content\/uploads\/2022\/01\/8954791165982.jpeg","datePublished":"2019-04-29T23:33:01+00:00","dateModified":"2025-03-12T10:09:32+00:00","author":{"@id":"https:\/\/www.arenal.com\/blog\/#\/schema\/person\/5b0f9900f2fb7a87b0b8c40b98a29e31"},"description":"La piel necesita protecci\u00f3n en todas las estaciones. En Arenal te contamos por qu\u00e9 es clave usar protecci\u00f3n solar todo el a\u00f1o y elegir el mejor SPF.","breadcrumb":{"@id":"https:\/\/www.arenal.com\/blog\/usar-proteccion-solar-todo-el-ano#breadcrumb"},"inLanguage":"es","potentialAction":[{"@type":"ReadAction","target":["https:\/\/www.arenal.com\/blog\/usar-proteccion-solar-todo-el-ano"]}]},{"@type":"ImageObject","inLanguage":"es","@id":"https:\/\/www.arenal.com\/blog\/usar-proteccion-solar-todo-el-ano#primaryimage","url":"https:\/\/www.arenal.com\/blog\/wp-content\/uploads\/2022\/01\/8954791165982.jpeg","contentUrl":"https:\/\/www.arenal.com\/blog\/wp-content\/uploads\/2022\/01\/8954791165982.jpeg","width":1140,"height":796,"caption":"\u00bfPor qu\u00e9 usar protecci\u00f3n solar todo el a\u00f1o?"},{"@type":"BreadcrumbList","@id":"https:\/\/www.arenal.com\/blog\/usar-proteccion-solar-todo-el-ano#breadcrumb","itemListElement":[{"@type":"ListItem","position":1,"name":"\u2600\ufe0f Verano en Arenal \u2600\ufe0f","item":"https:\/\/www.arenal.com\/blog\/verano-en-arenal-solares"},{"@type":"ListItem","position":2,"name":"\u00bfPor qu\u00e9 usar protecci\u00f3n solar todo el a\u00f1o?"}]},{"@type":"WebSite","@id":"https:\/\/www.arenal.com\/blog\/#website","url":"https:\/\/www.arenal.com\/blog\/","name":"Blog de Arenal","description":"","potentialAction":[{"@type":"SearchAction","target":{"@type":"EntryPoint","urlTemplate":"https:\/\/www.arenal.com\/blog\/?s={search_term_string}"},"query-input":{"@type":"PropertyValueSpecification","valueRequired":true,"valueName":"search_term_string"}}],"inLanguage":"es"},{"@type":"Person","@id":"https:\/\/www.arenal.com\/blog\/#\/schema\/person\/5b0f9900f2fb7a87b0b8c40b98a29e31","name":"hiberus","image":{"@type":"ImageObject","inLanguage":"es","@id":"https:\/\/secure.gravatar.com\/avatar\/a0b97b568facc7d687254dae39c5cfb79af095aebc91173945f2a50629c9fe1a?s=96&d=mm&r=g","url":"https:\/\/secure.gravatar.com\/avatar\/a0b97b568facc7d687254dae39c5cfb79af095aebc91173945f2a50629c9fe1a?s=96&d=mm&r=g","contentUrl":"https:\/\/secure.gravatar.com\/avatar\/a0b97b568facc7d687254dae39c5cfb79af095aebc91173945f2a50629c9fe1a?s=96&d=mm&r=g","caption":"hiberus"},"sameAs":["https:\/\/www.arenal.com"],"url":"https:\/\/www.arenal.com\/blog\/author\/hiberus"}]}},"_links":{"self":[{"href":"https:\/\/www.arenal.com\/blog\/wp-json\/wp\/v2\/posts\/898","targetHints":{"allow":["GET"]}}],"collection":[{"href":"https:\/\/www.arenal.com\/blog\/wp-json\/wp\/v2\/posts"}],"about":[{"href":"https:\/\/www.arenal.com\/blog\/wp-json\/wp\/v2\/types\/post"}],"author":[{"embeddable":true,"href":"https:\/\/www.arenal.com\/blog\/wp-json\/wp\/v2\/users\/1"}],"replies":[{"embeddable":true,"href":"https:\/\/www.arenal.com\/blog\/wp-json\/wp\/v2\/comments?post=898"}],"version-history":[{"count":10,"href":"https:\/\/www.arenal.com\/blog\/wp-json\/wp\/v2\/posts\/898\/revisions"}],"predecessor-version":[{"id":4873,"href":"https:\/\/www.arenal.com\/blog\/wp-json\/wp\/v2\/posts\/898\/revisions\/4873"}],"wp:featuredmedia":[{"embeddable":true,"href":"https:\/\/www.arenal.com\/blog\/wp-json\/wp\/v2\/media\/1263"}],"wp:attachment":[{"href":"https:\/\/www.arenal.com\/blog\/wp-json\/wp\/v2\/media?parent=898"}],"wp:term":[{"taxonomy":"category","embeddable":true,"href":"https:\/\/www.arenal.com\/blog\/wp-json\/wp\/v2\/categories?post=898"},{"taxonomy":"post_tag","embeddable":true,"href":"https:\/\/www.arenal.com\/blog\/wp-json\/wp\/v2\/tags?post=898"}],"curies":[{"name":"wp","href":"https:\/\/api.w.org\/{rel}","templated":true}]}}