{"id":888,"date":"2019-03-21T00:07:55","date_gmt":"2019-03-20T23:07:55","guid":{"rendered":"https:\/\/www.arenal.com\/plantas-que-florecen-en-primavera\/"},"modified":"2025-11-10T11:17:28","modified_gmt":"2025-11-10T10:17:28","slug":"plantas-que-florecen-en-primavera","status":"publish","type":"post","link":"https:\/\/www.arenal.com\/blog\/plantas-que-florecen-en-primavera","title":{"rendered":"5 plantas que florecen en primavera para tu jard\u00edn"},"content":{"rendered":"<p>Llega la primavera, los arboles empiezan a florecer y el buen tiempo hace que queramos pasar m\u00e1s tiempo en exteriores. Si tienes un jard\u00edn o una terraza con flores es la \u00e9poca perfecta para revisar el estado de tus plantas y acondicionar el terreno a la temporada de las flores por excelencia. Hoy te presentamos cinco plantas que florecen en primavera para tu jard\u00edn.<\/p>\n<div id=\"ez-toc-container\" class=\"ez-toc-v2_0_82_2 counter-hierarchy ez-toc-counter ez-toc-custom ez-toc-container-direction\">\n<div class=\"ez-toc-title-container\">\n<p class=\"ez-toc-title\" style=\"cursor:inherit\">Indice de contenidos<\/p>\n<span class=\"ez-toc-title-toggle\"><a href=\"#\" class=\"ez-toc-pull-right ez-toc-btn ez-toc-btn-xs ez-toc-btn-default ez-toc-toggle\" aria-label=\"Alternar tabla de contenidos\"><span class=\"ez-toc-js-icon-con\"><span class=\"\"><span class=\"eztoc-hide\" style=\"display:none;\">Toggle<\/span><span class=\"ez-toc-icon-toggle-span\"><svg style=\"fill: #000000;color:#000000\" xmlns=\"http:\/\/www.w3.org\/2000\/svg\" class=\"list-377408\" width=\"20px\" height=\"20px\" viewBox=\"0 0 24 24\" fill=\"none\"><path d=\"M6 6H4v2h2V6zm14 0H8v2h12V6zM4 11h2v2H4v-2zm16 0H8v2h12v-2zM4 16h2v2H4v-2zm16 0H8v2h12v-2z\" fill=\"currentColor\"><\/path><\/svg><svg style=\"fill: #000000;color:#000000\" class=\"arrow-unsorted-368013\" xmlns=\"http:\/\/www.w3.org\/2000\/svg\" width=\"10px\" height=\"10px\" viewBox=\"0 0 24 24\" version=\"1.2\" baseProfile=\"tiny\"><path d=\"M18.2 9.3l-6.2-6.3-6.2 6.3c-.2.2-.3.4-.3.7s.1.5.3.7c.2.2.4.3.7.3h11c.3 0 .5-.1.7-.3.2-.2.3-.5.3-.7s-.1-.5-.3-.7zM5.8 14.7l6.2 6.3 6.2-6.3c.2-.2.3-.5.3-.7s-.1-.5-.3-.7c-.2-.2-.4-.3-.7-.3h-11c-.3 0-.5.1-.7.3-.2.2-.3.5-.3.7s.1.5.3.7z\"\/><\/svg><\/span><\/span><\/span><\/a><\/span><\/div>\n<nav><ul class='ez-toc-list ez-toc-list-level-1 ' ><li class='ez-toc-page-1 ez-toc-heading-level-2'><a class=\"ez-toc-link ez-toc-heading-1\" href=\"https:\/\/www.arenal.com\/blog\/plantas-que-florecen-en-primavera\/#Narciso\" >Narciso<\/a><\/li><li class='ez-toc-page-1 ez-toc-heading-level-2'><a class=\"ez-toc-link ez-toc-heading-2\" href=\"https:\/\/www.arenal.com\/blog\/plantas-que-florecen-en-primavera\/#Tulipan\" >Tulip\u00e1n<\/a><\/li><li class='ez-toc-page-1 ez-toc-heading-level-2'><a class=\"ez-toc-link ez-toc-heading-3\" href=\"https:\/\/www.arenal.com\/blog\/plantas-que-florecen-en-primavera\/#Lirio_de_los_valles\" >Lirio de los valles<\/a><\/li><li class='ez-toc-page-1 ez-toc-heading-level-2'><a class=\"ez-toc-link ez-toc-heading-4\" href=\"https:\/\/www.arenal.com\/blog\/plantas-que-florecen-en-primavera\/#Lila\" >Lila<\/a><\/li><li class='ez-toc-page-1 ez-toc-heading-level-2'><a class=\"ez-toc-link ez-toc-heading-5\" href=\"https:\/\/www.arenal.com\/blog\/plantas-que-florecen-en-primavera\/#Flores_de_azafran\" >Flores de azafr\u00e1n<\/a><\/li><\/ul><\/nav><\/div>\n<h2><span class=\"ez-toc-section\" id=\"Narciso\"><\/span>Narciso<span class=\"ez-toc-section-end\"><\/span><\/h2>\n<p>El narciso es una flor muy llamativa que florece en primavera. Sus colores pueden variar y son muy diferentes entre s\u00ed. Poseen un aroma inconfundible y muy agradable para d\u00edas m\u00e1s c\u00e1lidos, ya que resulta muy refrescante. Esta flor es perfecta para estas fechas, ya que comienzan a florecer durante los \u00faltimos coletazos del invierno y primavera.<\/p>\n<h2><span class=\"ez-toc-section\" id=\"Tulipan\"><\/span>Tulip\u00e1n<span class=\"ez-toc-section-end\"><\/span><\/h2>\n<p>\u00bfCu\u00e1ntas veces has so\u00f1ado con un jard\u00edn como esas largas praderas holandesas llenas de tulipanes? Con tantas formas y colores disponibles, es dif\u00edcil elegir solo un tipo de bulbo de tulip\u00e1n para el jard\u00edn. Puedes comprar un surtido de bulbos de colores variados. Tienen una buena resistencia al frio y la intemperie por lo que resultan adecuados para exterior. La temporada perfecta de los tulipanes va desde mediados de marzo hasta finales de mayo.<\/p>\n<h2><span class=\"ez-toc-section\" id=\"Lirio_de_los_valles\"><\/span>Lirio de los valles<span class=\"ez-toc-section-end\"><\/span><\/h2>\n<p>Las delicadas flores crecen en \u00e1reas h\u00famedas, por lo que la primavera y sus abundantes lluvias resulta la mejor estaci\u00f3n para ver crecer estas bellas flores. Al igual que el narciso, el Lirio de los valles tiene un olor caracter\u00edstico y suave que hace que su jard\u00edn sea el lugar perfecto para pasar largas tardes disfrutando del buen tiempo. Si quieres dar vida a tu jard\u00edn o terraza desde ya, te recomendamos dejar tu Jardin a punto. Utiliza sustratos como Compo Substrato Tierra 5 L, a base de turba negra de m\u00e1xima calidad, ideal para todo tipo de <a href=\"https:\/\/www.arenal.com\/hogar\/jardineria\/c\/1_0000000923\">plantas<\/a> y cultivos.<\/p>\n<h2><span class=\"ez-toc-section\" id=\"Lila\"><\/span>Lila<span class=\"ez-toc-section-end\"><\/span><\/h2>\n<p>No hay una fragancia de primavera m\u00e1s dulce que la de las flores Lilas. Las variedades lilas, una de las mejores flores para plantar en primavera, vienen en todas las formas y tama\u00f1os, desde arbustos enanos hasta \u00e1rboles m\u00e1s altos. Ad\u00e1ptala a tus necesidades y puebla tu jard\u00edn o terraza de una de las flores m\u00e1s elegantes de la naturaleza.<\/p>\n<h2><span class=\"ez-toc-section\" id=\"Flores_de_azafran\"><\/span>Flores de azafr\u00e1n<span class=\"ez-toc-section-end\"><\/span><\/h2>\n<p>Las flores de azafr\u00e1n con aspecto de joya se ven genial es espacios grandes y al aire libre. Son resistentes a la intemperie y florecen en febrero, por lo que son perfectas para los primeros d\u00edas de primavera. Si quieres aumentar la fertilidad de las plantas, puedes usar Compo Fertilizante L\u00edquido Para Todo Tipo De Plantas 500 Ml, un fertilizante ideal para todo tipo de plantas. Aumenta la resistencia de las plantas y favorece su desarrollo y floraci\u00f3n.<\/p>\n<p>En <a href=\"https:\/\/www.arenal.com\/\">Arenal<\/a> contamos con una secci\u00f3n de <a href=\"https:\/\/www.arenal.com\/hogar\/jardineria\/c\/1_0000000923\">jardiner\u00eda<\/a>, para que encuentres el mejor producto para tus plantas y una gran variedad de semillas para tu jard\u00edn\u00a0\u00a1Disfruta de la primavera y convierte tu jard\u00edn y terraza en un lugar incre\u00edble!<\/p>\n","protected":false},"excerpt":{"rendered":"<p>\u00bfTienes un jard\u00edn o una terraza con plantas? Te presentamos cinco plantas que florecen en primavera para un jard\u00edn 10.<\/p>\n","protected":false},"author":1,"featured_media":1309,"comment_status":"open","ping_status":"open","sticky":false,"template":"","format":"standard","meta":{"footnotes":""},"categories":[235],"tags":[],"class_list":["post-888","post","type-post","status-publish","format-standard","has-post-thumbnail","hentry","category-hogar"],"featured_image_src":"https:\/\/www.arenal.com\/blog\/wp-content\/uploads\/2022\/01\/8954794508318-scaled.jpeg","author_info":{"display_name":"hiberus","author_link":"https:\/\/www.arenal.com\/blog\/author\/hiberus"},"yoast_head":"<!-- This site is optimized with the Yoast SEO plugin v27.4 - https:\/\/yoast.com\/product\/yoast-seo-wordpress\/ -->\n<title>Plantas que florecen en primavera | Blog de Arenal<\/title>\n<meta name=\"description\" content=\"\u00bfTienes un jard\u00edn o una terraza con plantas? Te presentamos cinco plantas que florecen en primavera para un jard\u00edn 10.\" \/>\n<meta name=\"robots\" content=\"index, follow, max-snippet:-1, max-image-preview:large, max-video-preview:-1\" \/>\n<link rel=\"canonical\" href=\"https:\/\/www.arenal.com\/blog\/plantas-que-florecen-en-primavera\" \/>\n<meta property=\"og:locale\" content=\"es_ES\" \/>\n<meta property=\"og:type\" content=\"article\" \/>\n<meta property=\"og:title\" content=\"5 plantas que florecen en primavera para tu jard\u00edn | Blog de Arenal\" \/>\n<meta property=\"og:description\" content=\"\u00bfTienes un jard\u00edn o una terraza con plantas? Te presentamos cinco plantas que florecen en primavera para un jard\u00edn 10.\" \/>\n<meta property=\"og:url\" content=\"https:\/\/www.arenal.com\/blog\/plantas-que-florecen-en-primavera\" \/>\n<meta property=\"og:site_name\" content=\"Blog de Arenal\" \/>\n<meta property=\"article:published_time\" content=\"2019-03-20T23:07:55+00:00\" \/>\n<meta property=\"article:modified_time\" content=\"2025-11-10T10:17:28+00:00\" \/>\n<meta property=\"og:image\" content=\"https:\/\/www.arenal.com\/blog\/wp-content\/uploads\/2022\/01\/8954794508318-scaled.jpeg\" \/>\n\t<meta property=\"og:image:width\" content=\"1140\" \/>\n\t<meta property=\"og:image:height\" content=\"760\" \/>\n\t<meta property=\"og:image:type\" content=\"image\/jpeg\" \/>\n<meta name=\"author\" content=\"hiberus\" \/>\n<meta name=\"twitter:card\" content=\"summary_large_image\" \/>\n<meta name=\"twitter:title\" content=\"5 plantas que florecen en primavera para tu jard\u00edn | Blog de Arenal\" \/>\n<meta name=\"twitter:label1\" content=\"Escrito por\" \/>\n\t<meta name=\"twitter:data1\" content=\"hiberus\" \/>\n<script type=\"application\/ld+json\" class=\"yoast-schema-graph\">{\"@context\":\"https:\\\/\\\/schema.org\",\"@graph\":[{\"@type\":\"Article\",\"@id\":\"https:\\\/\\\/www.arenal.com\\\/blog\\\/plantas-que-florecen-en-primavera#article\",\"isPartOf\":{\"@id\":\"https:\\\/\\\/www.arenal.com\\\/blog\\\/plantas-que-florecen-en-primavera\"},\"author\":{\"name\":\"hiberus\",\"@id\":\"https:\\\/\\\/www.arenal.com\\\/blog\\\/#\\\/schema\\\/person\\\/5b0f9900f2fb7a87b0b8c40b98a29e31\"},\"headline\":\"5 plantas que florecen en primavera para tu jard\u00edn\",\"datePublished\":\"2019-03-20T23:07:55+00:00\",\"dateModified\":\"2025-11-10T10:17:28+00:00\",\"mainEntityOfPage\":{\"@id\":\"https:\\\/\\\/www.arenal.com\\\/blog\\\/plantas-que-florecen-en-primavera\"},\"wordCount\":526,\"commentCount\":0,\"image\":{\"@id\":\"https:\\\/\\\/www.arenal.com\\\/blog\\\/plantas-que-florecen-en-primavera#primaryimage\"},\"thumbnailUrl\":\"https:\\\/\\\/www.arenal.com\\\/blog\\\/wp-content\\\/uploads\\\/2022\\\/01\\\/8954794508318-scaled.jpeg\",\"articleSection\":[\"Hogar\"],\"inLanguage\":\"es\",\"potentialAction\":[{\"@type\":\"CommentAction\",\"name\":\"Comment\",\"target\":[\"https:\\\/\\\/www.arenal.com\\\/blog\\\/plantas-que-florecen-en-primavera#respond\"]}]},{\"@type\":\"WebPage\",\"@id\":\"https:\\\/\\\/www.arenal.com\\\/blog\\\/plantas-que-florecen-en-primavera\",\"url\":\"https:\\\/\\\/www.arenal.com\\\/blog\\\/plantas-que-florecen-en-primavera\",\"name\":\"Plantas que florecen en primavera | Blog de Arenal\",\"isPartOf\":{\"@id\":\"https:\\\/\\\/www.arenal.com\\\/blog\\\/#website\"},\"primaryImageOfPage\":{\"@id\":\"https:\\\/\\\/www.arenal.com\\\/blog\\\/plantas-que-florecen-en-primavera#primaryimage\"},\"image\":{\"@id\":\"https:\\\/\\\/www.arenal.com\\\/blog\\\/plantas-que-florecen-en-primavera#primaryimage\"},\"thumbnailUrl\":\"https:\\\/\\\/www.arenal.com\\\/blog\\\/wp-content\\\/uploads\\\/2022\\\/01\\\/8954794508318-scaled.jpeg\",\"datePublished\":\"2019-03-20T23:07:55+00:00\",\"dateModified\":\"2025-11-10T10:17:28+00:00\",\"author\":{\"@id\":\"https:\\\/\\\/www.arenal.com\\\/blog\\\/#\\\/schema\\\/person\\\/5b0f9900f2fb7a87b0b8c40b98a29e31\"},\"description\":\"\u00bfTienes un jard\u00edn o una terraza con plantas? Te presentamos cinco plantas que florecen en primavera para un jard\u00edn 10.\",\"breadcrumb\":{\"@id\":\"https:\\\/\\\/www.arenal.com\\\/blog\\\/plantas-que-florecen-en-primavera#breadcrumb\"},\"inLanguage\":\"es\",\"potentialAction\":[{\"@type\":\"ReadAction\",\"target\":[\"https:\\\/\\\/www.arenal.com\\\/blog\\\/plantas-que-florecen-en-primavera\"]}]},{\"@type\":\"ImageObject\",\"inLanguage\":\"es\",\"@id\":\"https:\\\/\\\/www.arenal.com\\\/blog\\\/plantas-que-florecen-en-primavera#primaryimage\",\"url\":\"https:\\\/\\\/www.arenal.com\\\/blog\\\/wp-content\\\/uploads\\\/2022\\\/01\\\/8954794508318-scaled.jpeg\",\"contentUrl\":\"https:\\\/\\\/www.arenal.com\\\/blog\\\/wp-content\\\/uploads\\\/2022\\\/01\\\/8954794508318-scaled.jpeg\",\"width\":1140,\"height\":760,\"caption\":\"5 plantas que florecen en primavera para tu jard\u00edn\"},{\"@type\":\"BreadcrumbList\",\"@id\":\"https:\\\/\\\/www.arenal.com\\\/blog\\\/plantas-que-florecen-en-primavera#breadcrumb\",\"itemListElement\":[{\"@type\":\"ListItem\",\"position\":1,\"name\":\"Hogar\",\"item\":\"https:\\\/\\\/www.arenal.com\\\/blog\\\/hogar\"},{\"@type\":\"ListItem\",\"position\":2,\"name\":\"5 plantas que florecen en primavera para tu jard\u00edn\"}]},{\"@type\":\"WebSite\",\"@id\":\"https:\\\/\\\/www.arenal.com\\\/blog\\\/#website\",\"url\":\"https:\\\/\\\/www.arenal.com\\\/blog\\\/\",\"name\":\"Blog de Arenal\",\"description\":\"\",\"potentialAction\":[{\"@type\":\"SearchAction\",\"target\":{\"@type\":\"EntryPoint\",\"urlTemplate\":\"https:\\\/\\\/www.arenal.com\\\/blog\\\/?s={search_term_string}\"},\"query-input\":{\"@type\":\"PropertyValueSpecification\",\"valueRequired\":true,\"valueName\":\"search_term_string\"}}],\"inLanguage\":\"es\"},{\"@type\":\"Person\",\"@id\":\"https:\\\/\\\/www.arenal.com\\\/blog\\\/#\\\/schema\\\/person\\\/5b0f9900f2fb7a87b0b8c40b98a29e31\",\"name\":\"hiberus\",\"image\":{\"@type\":\"ImageObject\",\"inLanguage\":\"es\",\"@id\":\"https:\\\/\\\/secure.gravatar.com\\\/avatar\\\/a0b97b568facc7d687254dae39c5cfb79af095aebc91173945f2a50629c9fe1a?s=96&d=mm&r=g\",\"url\":\"https:\\\/\\\/secure.gravatar.com\\\/avatar\\\/a0b97b568facc7d687254dae39c5cfb79af095aebc91173945f2a50629c9fe1a?s=96&d=mm&r=g\",\"contentUrl\":\"https:\\\/\\\/secure.gravatar.com\\\/avatar\\\/a0b97b568facc7d687254dae39c5cfb79af095aebc91173945f2a50629c9fe1a?s=96&d=mm&r=g\",\"caption\":\"hiberus\"},\"sameAs\":[\"https:\\\/\\\/www.arenal.com\"],\"url\":\"https:\\\/\\\/www.arenal.com\\\/blog\\\/author\\\/hiberus\"}]}<\/script>\n<!-- \/ Yoast SEO plugin. -->","yoast_head_json":{"title":"Plantas que florecen en primavera | Blog de Arenal","description":"\u00bfTienes un jard\u00edn o una terraza con plantas? Te presentamos cinco plantas que florecen en primavera para un jard\u00edn 10.","robots":{"index":"index","follow":"follow","max-snippet":"max-snippet:-1","max-image-preview":"max-image-preview:large","max-video-preview":"max-video-preview:-1"},"canonical":"https:\/\/www.arenal.com\/blog\/plantas-que-florecen-en-primavera","og_locale":"es_ES","og_type":"article","og_title":"5 plantas que florecen en primavera para tu jard\u00edn | Blog de Arenal","og_description":"\u00bfTienes un jard\u00edn o una terraza con plantas? Te presentamos cinco plantas que florecen en primavera para un jard\u00edn 10.","og_url":"https:\/\/www.arenal.com\/blog\/plantas-que-florecen-en-primavera","og_site_name":"Blog de Arenal","article_published_time":"2019-03-20T23:07:55+00:00","article_modified_time":"2025-11-10T10:17:28+00:00","og_image":[{"width":1140,"height":760,"url":"https:\/\/www.arenal.com\/blog\/wp-content\/uploads\/2022\/01\/8954794508318-scaled.jpeg","type":"image\/jpeg"}],"author":"hiberus","twitter_card":"summary_large_image","twitter_title":"5 plantas que florecen en primavera para tu jard\u00edn | Blog de Arenal","twitter_misc":{"Escrito por":"hiberus"},"schema":{"@context":"https:\/\/schema.org","@graph":[{"@type":"Article","@id":"https:\/\/www.arenal.com\/blog\/plantas-que-florecen-en-primavera#article","isPartOf":{"@id":"https:\/\/www.arenal.com\/blog\/plantas-que-florecen-en-primavera"},"author":{"name":"hiberus","@id":"https:\/\/www.arenal.com\/blog\/#\/schema\/person\/5b0f9900f2fb7a87b0b8c40b98a29e31"},"headline":"5 plantas que florecen en primavera para tu jard\u00edn","datePublished":"2019-03-20T23:07:55+00:00","dateModified":"2025-11-10T10:17:28+00:00","mainEntityOfPage":{"@id":"https:\/\/www.arenal.com\/blog\/plantas-que-florecen-en-primavera"},"wordCount":526,"commentCount":0,"image":{"@id":"https:\/\/www.arenal.com\/blog\/plantas-que-florecen-en-primavera#primaryimage"},"thumbnailUrl":"https:\/\/www.arenal.com\/blog\/wp-content\/uploads\/2022\/01\/8954794508318-scaled.jpeg","articleSection":["Hogar"],"inLanguage":"es","potentialAction":[{"@type":"CommentAction","name":"Comment","target":["https:\/\/www.arenal.com\/blog\/plantas-que-florecen-en-primavera#respond"]}]},{"@type":"WebPage","@id":"https:\/\/www.arenal.com\/blog\/plantas-que-florecen-en-primavera","url":"https:\/\/www.arenal.com\/blog\/plantas-que-florecen-en-primavera","name":"Plantas que florecen en primavera | Blog de Arenal","isPartOf":{"@id":"https:\/\/www.arenal.com\/blog\/#website"},"primaryImageOfPage":{"@id":"https:\/\/www.arenal.com\/blog\/plantas-que-florecen-en-primavera#primaryimage"},"image":{"@id":"https:\/\/www.arenal.com\/blog\/plantas-que-florecen-en-primavera#primaryimage"},"thumbnailUrl":"https:\/\/www.arenal.com\/blog\/wp-content\/uploads\/2022\/01\/8954794508318-scaled.jpeg","datePublished":"2019-03-20T23:07:55+00:00","dateModified":"2025-11-10T10:17:28+00:00","author":{"@id":"https:\/\/www.arenal.com\/blog\/#\/schema\/person\/5b0f9900f2fb7a87b0b8c40b98a29e31"},"description":"\u00bfTienes un jard\u00edn o una terraza con plantas? Te presentamos cinco plantas que florecen en primavera para un jard\u00edn 10.","breadcrumb":{"@id":"https:\/\/www.arenal.com\/blog\/plantas-que-florecen-en-primavera#breadcrumb"},"inLanguage":"es","potentialAction":[{"@type":"ReadAction","target":["https:\/\/www.arenal.com\/blog\/plantas-que-florecen-en-primavera"]}]},{"@type":"ImageObject","inLanguage":"es","@id":"https:\/\/www.arenal.com\/blog\/plantas-que-florecen-en-primavera#primaryimage","url":"https:\/\/www.arenal.com\/blog\/wp-content\/uploads\/2022\/01\/8954794508318-scaled.jpeg","contentUrl":"https:\/\/www.arenal.com\/blog\/wp-content\/uploads\/2022\/01\/8954794508318-scaled.jpeg","width":1140,"height":760,"caption":"5 plantas que florecen en primavera para tu jard\u00edn"},{"@type":"BreadcrumbList","@id":"https:\/\/www.arenal.com\/blog\/plantas-que-florecen-en-primavera#breadcrumb","itemListElement":[{"@type":"ListItem","position":1,"name":"Hogar","item":"https:\/\/www.arenal.com\/blog\/hogar"},{"@type":"ListItem","position":2,"name":"5 plantas que florecen en primavera para tu jard\u00edn"}]},{"@type":"WebSite","@id":"https:\/\/www.arenal.com\/blog\/#website","url":"https:\/\/www.arenal.com\/blog\/","name":"Blog de Arenal","description":"","potentialAction":[{"@type":"SearchAction","target":{"@type":"EntryPoint","urlTemplate":"https:\/\/www.arenal.com\/blog\/?s={search_term_string}"},"query-input":{"@type":"PropertyValueSpecification","valueRequired":true,"valueName":"search_term_string"}}],"inLanguage":"es"},{"@type":"Person","@id":"https:\/\/www.arenal.com\/blog\/#\/schema\/person\/5b0f9900f2fb7a87b0b8c40b98a29e31","name":"hiberus","image":{"@type":"ImageObject","inLanguage":"es","@id":"https:\/\/secure.gravatar.com\/avatar\/a0b97b568facc7d687254dae39c5cfb79af095aebc91173945f2a50629c9fe1a?s=96&d=mm&r=g","url":"https:\/\/secure.gravatar.com\/avatar\/a0b97b568facc7d687254dae39c5cfb79af095aebc91173945f2a50629c9fe1a?s=96&d=mm&r=g","contentUrl":"https:\/\/secure.gravatar.com\/avatar\/a0b97b568facc7d687254dae39c5cfb79af095aebc91173945f2a50629c9fe1a?s=96&d=mm&r=g","caption":"hiberus"},"sameAs":["https:\/\/www.arenal.com"],"url":"https:\/\/www.arenal.com\/blog\/author\/hiberus"}]}},"_links":{"self":[{"href":"https:\/\/www.arenal.com\/blog\/wp-json\/wp\/v2\/posts\/888","targetHints":{"allow":["GET"]}}],"collection":[{"href":"https:\/\/www.arenal.com\/blog\/wp-json\/wp\/v2\/posts"}],"about":[{"href":"https:\/\/www.arenal.com\/blog\/wp-json\/wp\/v2\/types\/post"}],"author":[{"embeddable":true,"href":"https:\/\/www.arenal.com\/blog\/wp-json\/wp\/v2\/users\/1"}],"replies":[{"embeddable":true,"href":"https:\/\/www.arenal.com\/blog\/wp-json\/wp\/v2\/comments?post=888"}],"version-history":[{"count":7,"href":"https:\/\/www.arenal.com\/blog\/wp-json\/wp\/v2\/posts\/888\/revisions"}],"predecessor-version":[{"id":8146,"href":"https:\/\/www.arenal.com\/blog\/wp-json\/wp\/v2\/posts\/888\/revisions\/8146"}],"wp:featuredmedia":[{"embeddable":true,"href":"https:\/\/www.arenal.com\/blog\/wp-json\/wp\/v2\/media\/1309"}],"wp:attachment":[{"href":"https:\/\/www.arenal.com\/blog\/wp-json\/wp\/v2\/media?parent=888"}],"wp:term":[{"taxonomy":"category","embeddable":true,"href":"https:\/\/www.arenal.com\/blog\/wp-json\/wp\/v2\/categories?post=888"},{"taxonomy":"post_tag","embeddable":true,"href":"https:\/\/www.arenal.com\/blog\/wp-json\/wp\/v2\/tags?post=888"}],"curies":[{"name":"wp","href":"https:\/\/api.w.org\/{rel}","templated":true}]}}