{"id":885,"date":"2019-03-07T00:54:51","date_gmt":"2019-03-06T23:54:51","guid":{"rendered":"https:\/\/www.arenal.com\/que-es-la-cosmeceutica\/"},"modified":"2025-06-04T10:26:11","modified_gmt":"2025-06-04T09:26:11","slug":"que-es-la-cosmeceutica","status":"publish","type":"post","link":"https:\/\/www.arenal.com\/blog\/que-es-la-cosmeceutica","title":{"rendered":"\u00bfQu\u00e9 es la cosmec\u00e9utica? Diferencias con la cosm\u00e9tica tradicional"},"content":{"rendered":"<p>\u00bfHas o\u00eddo hablar de este nuevo t\u00e9rmino? \u00bfSabes qu\u00e9 es la cosmec\u00e9utica y sus diferencias con respecto a la cosm\u00e9tica tradicional? Seguramente si has llegado hasta aqu\u00ed has escuchado hablar sobre este nuevo t\u00e9rmino de cosm\u00e9tica, ligado a la industria farmac\u00e9utica. En el art\u00edculo de hoy te explicamos de qu\u00e9 se trata la nueva revoluci\u00f3n en cosm\u00e9tica.<\/p>\n<h2>La cosmec\u00e9utica, fusi\u00f3n entre cosm\u00e9tica y tratamiento farmac\u00e9utico<\/h2>\n<p>Son muchos los t\u00e9rminos que est\u00e1n eclosionando el mundo de la <a href=\"https:\/\/www.arenal.com\/cosmetica\/alta-gama\">cosm\u00e9tica<\/a>. Seguramente ya hayas o\u00eddo hablar sobre cosm\u00e9tica natural, cosm\u00e9tica eco o cosm\u00e9tica coreana. Todas ellas son nuevas tendencias en el mundo de los tratamientos de belleza, que cumplen una serie de caracter\u00edsticas que las han hecho triunfar entre las consumidoras habituales de cosm\u00e9tica. Pero\u2026 \u00bfQu\u00e9 es la cosmec\u00e9utica?<\/p>\n<p>El t\u00e9rmino de cosmec\u00e9utica surge de la fusi\u00f3n entre cosm\u00e9tica y farmac\u00e9utica. Se trata de tratamientos de cosm\u00e9tica para el cuidado de la piel, ya sea tratamientos faciales, corporales o capilares; que tienen un componente o principio activo en su f\u00f3rmula con mayores niveles de concentraci\u00f3n que en los cosm\u00e9ticos tradicionales. Con ello, se asegura que los ingredientes de su f\u00f3rmula sean m\u00e1s efectivos y tengan un mayor impacto sobre el cuidado de la piel.<\/p>\n<p>El objetivo de los tratamientos de cosmec\u00e9utica puede ser diverso: limpiar, embellecer la piel, hidratar, reducir las l\u00edneas de expresi\u00f3n, tonificar, y un largo etc\u00e9tera. En definitiva, cualquier persona, hombre o mujer, puede encontrar un tratamiento espec\u00edfico para \u00e9l o ella teniendo en cuenta sus necesidades. Los productos de cosmec\u00e9utica poseen ingredientes biol\u00f3gicamente activos que persiguen fines est\u00e9ticos (como los productos cosm\u00e9ticos frecuentes) y adem\u00e1s tienen una alta capacidad bioqu\u00edmica sobre la piel.<\/p>\n<p>Aunque todav\u00eda no son conocidos por la mayor\u00eda, se est\u00e1n convirtiendo en un producto muy buscado y demandado, sobre todo en t\u00e9rminos de tratamientos de antiedad. Los principios activos m\u00e1s reclamados responden al \u00e1cido hialur\u00f3nico, col\u00e1geno, retinol, c\u00e9lulas madre y antioxidantes, como la vitamina C.<\/p>\n<p>En Arenal encontrar\u00e1s a la venta una de las marcas m\u00e1s prestigiosas y punteras en tratamientos de cosmec\u00e9utica, Strivectin. La marca est\u00e1 especializada en productos faciales y corporales, poniendo \u00e9nfasis en los tratamientos antiarrugas (cremas de d\u00eda y de noche, contornos de ojos, cremas antiarrugas y anti estr\u00edas para el cuerpo, etc.). La f\u00f3rmula de sus productos es altamente hidratante, aunque no resulta grasa. Se absorbe f\u00e1cilmente en la piel y \u00a0es altamente efectivo para reducir la apariencia de l\u00edneas de expresi\u00f3n y arrugas.<\/p>\n<p>Tanto si est\u00e1s buscando una crema facial para tus primeras l\u00edneas de expresi\u00f3n, como si ya tienes unas cuantas se\u00f1as de edad, Strivectin resulta la opci\u00f3n ideal para poder prevenir y reducir arrugas \u00a1Encuentra en <a href=\"https:\/\/www.arenal.com\/\">Arenal<\/a> el producto que buscas de cosmec\u00e9utica o los <a href=\"https:\/\/www.arenal.com\/cosmetica\/estuches-de-cosmetica\/c\/1_0000000748\">estuches de cosm\u00e9tica<\/a> m\u00e1s completos al mejor precio!<\/p>\n","protected":false},"excerpt":{"rendered":"<p>\u00bfHas o\u00eddo hablar de este nuevo t\u00e9rmino? \u00bfSabes qu\u00e9 es la cosmec\u00e9utica y sus diferencias con respecto a la cosm\u00e9tica tradicional?<\/p>\n","protected":false},"author":1,"featured_media":1358,"comment_status":"open","ping_status":"open","sticky":false,"template":"","format":"standard","meta":{"footnotes":""},"categories":[622],"tags":[],"class_list":["post-885","post","type-post","status-publish","format-standard","has-post-thumbnail","hentry","category-cosmetica-dermocosmetica"],"featured_image_src":"https:\/\/www.arenal.com\/blog\/wp-content\/uploads\/2022\/01\/8954797850654-scaled.jpeg","author_info":{"display_name":"hiberus","author_link":"https:\/\/www.arenal.com\/blog\/author\/hiberus"},"yoast_head":"<!-- This site is optimized with the Yoast SEO plugin v27.4 - https:\/\/yoast.com\/product\/yoast-seo-wordpress\/ -->\n<title>Cosmec\u00e9utica vs. cosm\u00e9tica tradicional | Blog de Arenal<\/title>\n<meta name=\"description\" content=\"\u00bfHas o\u00eddo hablar de este nuevo t\u00e9rmino? \u00bfSabes qu\u00e9 es la cosmec\u00e9utica y sus diferencias con respecto a la cosm\u00e9tica tradicional?\" \/>\n<meta name=\"robots\" content=\"index, follow, max-snippet:-1, max-image-preview:large, max-video-preview:-1\" \/>\n<link rel=\"canonical\" href=\"https:\/\/www.arenal.com\/blog\/que-es-la-cosmeceutica\" \/>\n<meta property=\"og:locale\" content=\"es_ES\" \/>\n<meta property=\"og:type\" content=\"article\" \/>\n<meta property=\"og:title\" content=\"\u00bfQu\u00e9 es la cosmec\u00e9utica? Diferencias con la cosm\u00e9tica tradicional | Blog de Arenal\" \/>\n<meta property=\"og:description\" content=\"\u00bfHas o\u00eddo hablar de este nuevo t\u00e9rmino? \u00bfSabes qu\u00e9 es la cosmec\u00e9utica y sus diferencias con respecto a la cosm\u00e9tica tradicional?\" \/>\n<meta property=\"og:url\" content=\"https:\/\/www.arenal.com\/blog\/que-es-la-cosmeceutica\" \/>\n<meta property=\"og:site_name\" content=\"Blog de Arenal\" \/>\n<meta property=\"article:published_time\" content=\"2019-03-06T23:54:51+00:00\" \/>\n<meta property=\"article:modified_time\" content=\"2025-06-04T09:26:11+00:00\" \/>\n<meta property=\"og:image\" content=\"https:\/\/www.arenal.com\/blog\/wp-content\/uploads\/2022\/01\/8954797850654-scaled.jpeg\" \/>\n\t<meta property=\"og:image:width\" content=\"1140\" \/>\n\t<meta property=\"og:image:height\" content=\"760\" \/>\n\t<meta property=\"og:image:type\" content=\"image\/jpeg\" \/>\n<meta name=\"author\" content=\"hiberus\" \/>\n<meta name=\"twitter:card\" content=\"summary_large_image\" \/>\n<meta name=\"twitter:title\" content=\"\u00bfQu\u00e9 es la cosmec\u00e9utica? Diferencias con la cosm\u00e9tica tradicional | Blog de Arenal\" \/>\n<meta name=\"twitter:label1\" content=\"Escrito por\" \/>\n\t<meta name=\"twitter:data1\" content=\"hiberus\" \/>\n\t<meta name=\"twitter:label2\" content=\"Tiempo de lectura\" \/>\n\t<meta name=\"twitter:data2\" content=\"3 minutos\" \/>\n<script type=\"application\/ld+json\" class=\"yoast-schema-graph\">{\"@context\":\"https:\\\/\\\/schema.org\",\"@graph\":[{\"@type\":\"Article\",\"@id\":\"https:\\\/\\\/www.arenal.com\\\/blog\\\/que-es-la-cosmeceutica#article\",\"isPartOf\":{\"@id\":\"https:\\\/\\\/www.arenal.com\\\/blog\\\/que-es-la-cosmeceutica\"},\"author\":{\"name\":\"hiberus\",\"@id\":\"https:\\\/\\\/www.arenal.com\\\/blog\\\/#\\\/schema\\\/person\\\/5b0f9900f2fb7a87b0b8c40b98a29e31\"},\"headline\":\"\u00bfQu\u00e9 es la cosmec\u00e9utica? Diferencias con la cosm\u00e9tica tradicional\",\"datePublished\":\"2019-03-06T23:54:51+00:00\",\"dateModified\":\"2025-06-04T09:26:11+00:00\",\"mainEntityOfPage\":{\"@id\":\"https:\\\/\\\/www.arenal.com\\\/blog\\\/que-es-la-cosmeceutica\"},\"wordCount\":536,\"commentCount\":0,\"image\":{\"@id\":\"https:\\\/\\\/www.arenal.com\\\/blog\\\/que-es-la-cosmeceutica#primaryimage\"},\"thumbnailUrl\":\"https:\\\/\\\/www.arenal.com\\\/blog\\\/wp-content\\\/uploads\\\/2022\\\/01\\\/8954797850654-scaled.jpeg\",\"articleSection\":[\"Cosm\u00e9tica\"],\"inLanguage\":\"es\",\"potentialAction\":[{\"@type\":\"CommentAction\",\"name\":\"Comment\",\"target\":[\"https:\\\/\\\/www.arenal.com\\\/blog\\\/que-es-la-cosmeceutica#respond\"]}]},{\"@type\":\"WebPage\",\"@id\":\"https:\\\/\\\/www.arenal.com\\\/blog\\\/que-es-la-cosmeceutica\",\"url\":\"https:\\\/\\\/www.arenal.com\\\/blog\\\/que-es-la-cosmeceutica\",\"name\":\"Cosmec\u00e9utica vs. cosm\u00e9tica tradicional | Blog de Arenal\",\"isPartOf\":{\"@id\":\"https:\\\/\\\/www.arenal.com\\\/blog\\\/#website\"},\"primaryImageOfPage\":{\"@id\":\"https:\\\/\\\/www.arenal.com\\\/blog\\\/que-es-la-cosmeceutica#primaryimage\"},\"image\":{\"@id\":\"https:\\\/\\\/www.arenal.com\\\/blog\\\/que-es-la-cosmeceutica#primaryimage\"},\"thumbnailUrl\":\"https:\\\/\\\/www.arenal.com\\\/blog\\\/wp-content\\\/uploads\\\/2022\\\/01\\\/8954797850654-scaled.jpeg\",\"datePublished\":\"2019-03-06T23:54:51+00:00\",\"dateModified\":\"2025-06-04T09:26:11+00:00\",\"author\":{\"@id\":\"https:\\\/\\\/www.arenal.com\\\/blog\\\/#\\\/schema\\\/person\\\/5b0f9900f2fb7a87b0b8c40b98a29e31\"},\"description\":\"\u00bfHas o\u00eddo hablar de este nuevo t\u00e9rmino? \u00bfSabes qu\u00e9 es la cosmec\u00e9utica y sus diferencias con respecto a la cosm\u00e9tica tradicional?\",\"breadcrumb\":{\"@id\":\"https:\\\/\\\/www.arenal.com\\\/blog\\\/que-es-la-cosmeceutica#breadcrumb\"},\"inLanguage\":\"es\",\"potentialAction\":[{\"@type\":\"ReadAction\",\"target\":[\"https:\\\/\\\/www.arenal.com\\\/blog\\\/que-es-la-cosmeceutica\"]}]},{\"@type\":\"ImageObject\",\"inLanguage\":\"es\",\"@id\":\"https:\\\/\\\/www.arenal.com\\\/blog\\\/que-es-la-cosmeceutica#primaryimage\",\"url\":\"https:\\\/\\\/www.arenal.com\\\/blog\\\/wp-content\\\/uploads\\\/2022\\\/01\\\/8954797850654-scaled.jpeg\",\"contentUrl\":\"https:\\\/\\\/www.arenal.com\\\/blog\\\/wp-content\\\/uploads\\\/2022\\\/01\\\/8954797850654-scaled.jpeg\",\"width\":1140,\"height\":760,\"caption\":\"\u00bfQu\u00e9 es la cosmec\u00e9utica? Diferencias con la cosm\u00e9tica tradicional\"},{\"@type\":\"BreadcrumbList\",\"@id\":\"https:\\\/\\\/www.arenal.com\\\/blog\\\/que-es-la-cosmeceutica#breadcrumb\",\"itemListElement\":[{\"@type\":\"ListItem\",\"position\":1,\"name\":\"Cosm\u00e9tica\",\"item\":\"https:\\\/\\\/www.arenal.com\\\/blog\\\/cosmetica-dermocosmetica\"},{\"@type\":\"ListItem\",\"position\":2,\"name\":\"\u00bfQu\u00e9 es la cosmec\u00e9utica? Diferencias con la cosm\u00e9tica tradicional\"}]},{\"@type\":\"WebSite\",\"@id\":\"https:\\\/\\\/www.arenal.com\\\/blog\\\/#website\",\"url\":\"https:\\\/\\\/www.arenal.com\\\/blog\\\/\",\"name\":\"Blog de Arenal\",\"description\":\"\",\"potentialAction\":[{\"@type\":\"SearchAction\",\"target\":{\"@type\":\"EntryPoint\",\"urlTemplate\":\"https:\\\/\\\/www.arenal.com\\\/blog\\\/?s={search_term_string}\"},\"query-input\":{\"@type\":\"PropertyValueSpecification\",\"valueRequired\":true,\"valueName\":\"search_term_string\"}}],\"inLanguage\":\"es\"},{\"@type\":\"Person\",\"@id\":\"https:\\\/\\\/www.arenal.com\\\/blog\\\/#\\\/schema\\\/person\\\/5b0f9900f2fb7a87b0b8c40b98a29e31\",\"name\":\"hiberus\",\"image\":{\"@type\":\"ImageObject\",\"inLanguage\":\"es\",\"@id\":\"https:\\\/\\\/secure.gravatar.com\\\/avatar\\\/a0b97b568facc7d687254dae39c5cfb79af095aebc91173945f2a50629c9fe1a?s=96&d=mm&r=g\",\"url\":\"https:\\\/\\\/secure.gravatar.com\\\/avatar\\\/a0b97b568facc7d687254dae39c5cfb79af095aebc91173945f2a50629c9fe1a?s=96&d=mm&r=g\",\"contentUrl\":\"https:\\\/\\\/secure.gravatar.com\\\/avatar\\\/a0b97b568facc7d687254dae39c5cfb79af095aebc91173945f2a50629c9fe1a?s=96&d=mm&r=g\",\"caption\":\"hiberus\"},\"sameAs\":[\"https:\\\/\\\/www.arenal.com\"],\"url\":\"https:\\\/\\\/www.arenal.com\\\/blog\\\/author\\\/hiberus\"}]}<\/script>\n<!-- \/ Yoast SEO plugin. -->","yoast_head_json":{"title":"Cosmec\u00e9utica vs. cosm\u00e9tica tradicional | Blog de Arenal","description":"\u00bfHas o\u00eddo hablar de este nuevo t\u00e9rmino? \u00bfSabes qu\u00e9 es la cosmec\u00e9utica y sus diferencias con respecto a la cosm\u00e9tica tradicional?","robots":{"index":"index","follow":"follow","max-snippet":"max-snippet:-1","max-image-preview":"max-image-preview:large","max-video-preview":"max-video-preview:-1"},"canonical":"https:\/\/www.arenal.com\/blog\/que-es-la-cosmeceutica","og_locale":"es_ES","og_type":"article","og_title":"\u00bfQu\u00e9 es la cosmec\u00e9utica? Diferencias con la cosm\u00e9tica tradicional | Blog de Arenal","og_description":"\u00bfHas o\u00eddo hablar de este nuevo t\u00e9rmino? \u00bfSabes qu\u00e9 es la cosmec\u00e9utica y sus diferencias con respecto a la cosm\u00e9tica tradicional?","og_url":"https:\/\/www.arenal.com\/blog\/que-es-la-cosmeceutica","og_site_name":"Blog de Arenal","article_published_time":"2019-03-06T23:54:51+00:00","article_modified_time":"2025-06-04T09:26:11+00:00","og_image":[{"width":1140,"height":760,"url":"https:\/\/www.arenal.com\/blog\/wp-content\/uploads\/2022\/01\/8954797850654-scaled.jpeg","type":"image\/jpeg"}],"author":"hiberus","twitter_card":"summary_large_image","twitter_title":"\u00bfQu\u00e9 es la cosmec\u00e9utica? Diferencias con la cosm\u00e9tica tradicional | Blog de Arenal","twitter_misc":{"Escrito por":"hiberus","Tiempo de lectura":"3 minutos"},"schema":{"@context":"https:\/\/schema.org","@graph":[{"@type":"Article","@id":"https:\/\/www.arenal.com\/blog\/que-es-la-cosmeceutica#article","isPartOf":{"@id":"https:\/\/www.arenal.com\/blog\/que-es-la-cosmeceutica"},"author":{"name":"hiberus","@id":"https:\/\/www.arenal.com\/blog\/#\/schema\/person\/5b0f9900f2fb7a87b0b8c40b98a29e31"},"headline":"\u00bfQu\u00e9 es la cosmec\u00e9utica? Diferencias con la cosm\u00e9tica tradicional","datePublished":"2019-03-06T23:54:51+00:00","dateModified":"2025-06-04T09:26:11+00:00","mainEntityOfPage":{"@id":"https:\/\/www.arenal.com\/blog\/que-es-la-cosmeceutica"},"wordCount":536,"commentCount":0,"image":{"@id":"https:\/\/www.arenal.com\/blog\/que-es-la-cosmeceutica#primaryimage"},"thumbnailUrl":"https:\/\/www.arenal.com\/blog\/wp-content\/uploads\/2022\/01\/8954797850654-scaled.jpeg","articleSection":["Cosm\u00e9tica"],"inLanguage":"es","potentialAction":[{"@type":"CommentAction","name":"Comment","target":["https:\/\/www.arenal.com\/blog\/que-es-la-cosmeceutica#respond"]}]},{"@type":"WebPage","@id":"https:\/\/www.arenal.com\/blog\/que-es-la-cosmeceutica","url":"https:\/\/www.arenal.com\/blog\/que-es-la-cosmeceutica","name":"Cosmec\u00e9utica vs. cosm\u00e9tica tradicional | Blog de Arenal","isPartOf":{"@id":"https:\/\/www.arenal.com\/blog\/#website"},"primaryImageOfPage":{"@id":"https:\/\/www.arenal.com\/blog\/que-es-la-cosmeceutica#primaryimage"},"image":{"@id":"https:\/\/www.arenal.com\/blog\/que-es-la-cosmeceutica#primaryimage"},"thumbnailUrl":"https:\/\/www.arenal.com\/blog\/wp-content\/uploads\/2022\/01\/8954797850654-scaled.jpeg","datePublished":"2019-03-06T23:54:51+00:00","dateModified":"2025-06-04T09:26:11+00:00","author":{"@id":"https:\/\/www.arenal.com\/blog\/#\/schema\/person\/5b0f9900f2fb7a87b0b8c40b98a29e31"},"description":"\u00bfHas o\u00eddo hablar de este nuevo t\u00e9rmino? \u00bfSabes qu\u00e9 es la cosmec\u00e9utica y sus diferencias con respecto a la cosm\u00e9tica tradicional?","breadcrumb":{"@id":"https:\/\/www.arenal.com\/blog\/que-es-la-cosmeceutica#breadcrumb"},"inLanguage":"es","potentialAction":[{"@type":"ReadAction","target":["https:\/\/www.arenal.com\/blog\/que-es-la-cosmeceutica"]}]},{"@type":"ImageObject","inLanguage":"es","@id":"https:\/\/www.arenal.com\/blog\/que-es-la-cosmeceutica#primaryimage","url":"https:\/\/www.arenal.com\/blog\/wp-content\/uploads\/2022\/01\/8954797850654-scaled.jpeg","contentUrl":"https:\/\/www.arenal.com\/blog\/wp-content\/uploads\/2022\/01\/8954797850654-scaled.jpeg","width":1140,"height":760,"caption":"\u00bfQu\u00e9 es la cosmec\u00e9utica? Diferencias con la cosm\u00e9tica tradicional"},{"@type":"BreadcrumbList","@id":"https:\/\/www.arenal.com\/blog\/que-es-la-cosmeceutica#breadcrumb","itemListElement":[{"@type":"ListItem","position":1,"name":"Cosm\u00e9tica","item":"https:\/\/www.arenal.com\/blog\/cosmetica-dermocosmetica"},{"@type":"ListItem","position":2,"name":"\u00bfQu\u00e9 es la cosmec\u00e9utica? Diferencias con la cosm\u00e9tica tradicional"}]},{"@type":"WebSite","@id":"https:\/\/www.arenal.com\/blog\/#website","url":"https:\/\/www.arenal.com\/blog\/","name":"Blog de Arenal","description":"","potentialAction":[{"@type":"SearchAction","target":{"@type":"EntryPoint","urlTemplate":"https:\/\/www.arenal.com\/blog\/?s={search_term_string}"},"query-input":{"@type":"PropertyValueSpecification","valueRequired":true,"valueName":"search_term_string"}}],"inLanguage":"es"},{"@type":"Person","@id":"https:\/\/www.arenal.com\/blog\/#\/schema\/person\/5b0f9900f2fb7a87b0b8c40b98a29e31","name":"hiberus","image":{"@type":"ImageObject","inLanguage":"es","@id":"https:\/\/secure.gravatar.com\/avatar\/a0b97b568facc7d687254dae39c5cfb79af095aebc91173945f2a50629c9fe1a?s=96&d=mm&r=g","url":"https:\/\/secure.gravatar.com\/avatar\/a0b97b568facc7d687254dae39c5cfb79af095aebc91173945f2a50629c9fe1a?s=96&d=mm&r=g","contentUrl":"https:\/\/secure.gravatar.com\/avatar\/a0b97b568facc7d687254dae39c5cfb79af095aebc91173945f2a50629c9fe1a?s=96&d=mm&r=g","caption":"hiberus"},"sameAs":["https:\/\/www.arenal.com"],"url":"https:\/\/www.arenal.com\/blog\/author\/hiberus"}]}},"_links":{"self":[{"href":"https:\/\/www.arenal.com\/blog\/wp-json\/wp\/v2\/posts\/885","targetHints":{"allow":["GET"]}}],"collection":[{"href":"https:\/\/www.arenal.com\/blog\/wp-json\/wp\/v2\/posts"}],"about":[{"href":"https:\/\/www.arenal.com\/blog\/wp-json\/wp\/v2\/types\/post"}],"author":[{"embeddable":true,"href":"https:\/\/www.arenal.com\/blog\/wp-json\/wp\/v2\/users\/1"}],"replies":[{"embeddable":true,"href":"https:\/\/www.arenal.com\/blog\/wp-json\/wp\/v2\/comments?post=885"}],"version-history":[{"count":6,"href":"https:\/\/www.arenal.com\/blog\/wp-json\/wp\/v2\/posts\/885\/revisions"}],"predecessor-version":[{"id":7171,"href":"https:\/\/www.arenal.com\/blog\/wp-json\/wp\/v2\/posts\/885\/revisions\/7171"}],"wp:featuredmedia":[{"embeddable":true,"href":"https:\/\/www.arenal.com\/blog\/wp-json\/wp\/v2\/media\/1358"}],"wp:attachment":[{"href":"https:\/\/www.arenal.com\/blog\/wp-json\/wp\/v2\/media?parent=885"}],"wp:term":[{"taxonomy":"category","embeddable":true,"href":"https:\/\/www.arenal.com\/blog\/wp-json\/wp\/v2\/categories?post=885"},{"taxonomy":"post_tag","embeddable":true,"href":"https:\/\/www.arenal.com\/blog\/wp-json\/wp\/v2\/tags?post=885"}],"curies":[{"name":"wp","href":"https:\/\/api.w.org\/{rel}","templated":true}]}}