{"id":882,"date":"2019-02-26T00:53:41","date_gmt":"2019-02-25T23:53:41","guid":{"rendered":"https:\/\/www.arenal.com\/protege-a-tu-perro-del-frio\/"},"modified":"2025-06-04T12:06:13","modified_gmt":"2025-06-04T11:06:13","slug":"protege-a-tu-perro-del-frio","status":"publish","type":"post","link":"https:\/\/www.arenal.com\/blog\/protege-a-tu-perro-del-frio","title":{"rendered":"\u00bfLos perros tienen fr\u00edo? Protege a tu perro del fr\u00edo"},"content":{"rendered":"<p>\u00bfA tu perro le encanta el invierno o es de los que se acurruca en el sof\u00e1 bajo una manta? De cualquier forma, debes saber que hay perros que soportan mejor que otros las bajas temperaturas del invierno, y depende de varios tama\u00f1os, como la raza, el tipo de pelo, el peso o el porcentaje de grasa corporal del canino. En l\u00edneas generales se puede afirmar que los perros tienen frio, pero depende mucho del tipo de perro. En el art\u00edculo de hoy te contamos c\u00f3mo proteger a tu perro del fr\u00edo.<\/p>\n<p>Seguro que has escuchado m\u00e1s de una vez que las mascotas no tienen frio, ya que su tipo de pelo act\u00faa como aislante. Esta afirmaci\u00f3n no es del todo falsa, porque si es cierto que el pelaje de perros y gatos les ayuda a mitigar el frio; pero lo cierto es que no es suficiente. Al igual que los humanos, los animales dom\u00e9sticos buscan el refugio interior y el clima fr\u00edo puede ser tan duro para ellos como lo es para nosotros.<\/p>\n<p>Los perros pueden sufrir graves problemas de salud por el frio extremo, como la congelaci\u00f3n o hipotermia. Si tu perrito duerme fuera del hogar o pasa tiempo en la calle es importante que est\u00e9s atento a los signos de piel p\u00e1lida o gris, dura y fr\u00eda, una reducci\u00f3n en el ritmo card\u00edaco y respiratorio, etc.<\/p>\n<p>Algunas razas de perros est\u00e1n bendecidas con un pelaje grueso que las mantiene protegidas de las bajas temperaturas; en cambio, otros perros tienen menos pelo y son m\u00e1s indicados para climas m\u00e1s c\u00e1lidos. Tambi\u00e9n influye el tama\u00f1o del perro en la tolerancia al frio. Los perros peque\u00f1os conservan peor el calor que los perros grandes, ya que, en general, suelen tener menor porcentaje de grasa y masa magra.<\/p>\n<div id=\"ez-toc-container\" class=\"ez-toc-v2_0_82_2 counter-hierarchy ez-toc-counter ez-toc-custom ez-toc-container-direction\">\n<div class=\"ez-toc-title-container\">\n<p class=\"ez-toc-title\" style=\"cursor:inherit\">Indice de contenidos<\/p>\n<span class=\"ez-toc-title-toggle\"><a href=\"#\" class=\"ez-toc-pull-right ez-toc-btn ez-toc-btn-xs ez-toc-btn-default ez-toc-toggle\" aria-label=\"Alternar tabla de contenidos\"><span class=\"ez-toc-js-icon-con\"><span class=\"\"><span class=\"eztoc-hide\" style=\"display:none;\">Toggle<\/span><span class=\"ez-toc-icon-toggle-span\"><svg style=\"fill: #000000;color:#000000\" xmlns=\"http:\/\/www.w3.org\/2000\/svg\" class=\"list-377408\" width=\"20px\" height=\"20px\" viewBox=\"0 0 24 24\" fill=\"none\"><path d=\"M6 6H4v2h2V6zm14 0H8v2h12V6zM4 11h2v2H4v-2zm16 0H8v2h12v-2zM4 16h2v2H4v-2zm16 0H8v2h12v-2z\" fill=\"currentColor\"><\/path><\/svg><svg style=\"fill: #000000;color:#000000\" class=\"arrow-unsorted-368013\" xmlns=\"http:\/\/www.w3.org\/2000\/svg\" width=\"10px\" height=\"10px\" viewBox=\"0 0 24 24\" version=\"1.2\" baseProfile=\"tiny\"><path d=\"M18.2 9.3l-6.2-6.3-6.2 6.3c-.2.2-.3.4-.3.7s.1.5.3.7c.2.2.4.3.7.3h11c.3 0 .5-.1.7-.3.2-.2.3-.5.3-.7s-.1-.5-.3-.7zM5.8 14.7l6.2 6.3 6.2-6.3c.2-.2.3-.5.3-.7s-.1-.5-.3-.7c-.2-.2-.4-.3-.7-.3h-11c-.3 0-.5.1-.7.3-.2.2-.3.5-.3.7s.1.5.3.7z\"\/><\/svg><\/span><\/span><\/span><\/a><\/span><\/div>\n<nav><ul class='ez-toc-list ez-toc-list-level-1 ' ><li class='ez-toc-page-1 ez-toc-heading-level-2'><a class=\"ez-toc-link ez-toc-heading-1\" href=\"https:\/\/www.arenal.com\/blog\/protege-a-tu-perro-del-frio\/#Como_proteger_a_los_perros_del_frio\" >C\u00f3mo proteger a los perros del frio<\/a><ul class='ez-toc-list-level-3' ><li class='ez-toc-heading-level-3'><a class=\"ez-toc-link ez-toc-heading-2\" href=\"https:\/\/www.arenal.com\/blog\/protege-a-tu-perro-del-frio\/#Limita_el_tiempo_al_aire_libre_en_invierno\" >Limita el tiempo al aire libre en invierno<\/a><\/li><li class='ez-toc-page-1 ez-toc-heading-level-3'><a class=\"ez-toc-link ez-toc-heading-3\" href=\"https:\/\/www.arenal.com\/blog\/protege-a-tu-perro-del-frio\/#Prepara_mantas_para_dormir\" >Prepara mantas para dormir<\/a><\/li><li class='ez-toc-page-1 ez-toc-heading-level-3'><a class=\"ez-toc-link ez-toc-heading-4\" href=\"https:\/\/www.arenal.com\/blog\/protege-a-tu-perro-del-frio\/#Manten_al_perro_hidratado\" >Mant\u00e9n al perro hidratado<\/a><\/li><li class='ez-toc-page-1 ez-toc-heading-level-3'><a class=\"ez-toc-link ez-toc-heading-5\" href=\"https:\/\/www.arenal.com\/blog\/protege-a-tu-perro-del-frio\/#Alimenta_al_perro_normalmente\" >Alimenta al perro normalmente<\/a><\/li><\/ul><\/li><\/ul><\/nav><\/div>\n<h2><span class=\"ez-toc-section\" id=\"Como_proteger_a_los_perros_del_frio\"><\/span>C\u00f3mo proteger a los perros del frio<span class=\"ez-toc-section-end\"><\/span><\/h2>\n<p>A continuaci\u00f3n, te ofrecemos una serie de consejos para proteger a los perros del fr\u00edo sin importar su tama\u00f1o o raza.<\/p>\n<h3><span class=\"ez-toc-section\" id=\"Limita_el_tiempo_al_aire_libre_en_invierno\"><\/span>Limita el tiempo al aire libre en invierno<span class=\"ez-toc-section-end\"><\/span><\/h3>\n<p>Los perros son animales que, a diferencia de otros animales dom\u00e9sticos, disfrutan largos paseo y al aire libre. Es importante que los perros salgan a pasear varias veces al d\u00eda, pero con cierto control. Evita que permanezcan parados por mucho tiempo en el exterior si el d\u00eda es g\u00e9lido.<\/p>\n<h3><span class=\"ez-toc-section\" id=\"Prepara_mantas_para_dormir\"><\/span>Prepara mantas para dormir<span class=\"ez-toc-section-end\"><\/span><\/h3>\n<p>Otra opci\u00f3n para evitar los efectos de las bajas temperaturas es acomodar la zona para dormir con mantas. M\u00e1s a\u00fan, si tu perro duerme en un lugar fresco.<\/p>\n<h3><span class=\"ez-toc-section\" id=\"Manten_al_perro_hidratado\"><\/span>Mant\u00e9n al perro hidratado<span class=\"ez-toc-section-end\"><\/span><\/h3>\n<p>D\u00e9jale un cuenco con agua y rev\u00edsala normalmente. La hidrataci\u00f3n es importante para mejorar no solo la tolerancia al frio, sino el estado de salud general.<\/p>\n<h3><span class=\"ez-toc-section\" id=\"Alimenta_al_perro_normalmente\"><\/span>Alimenta al perro normalmente<span class=\"ez-toc-section-end\"><\/span><\/h3>\n<p>La grasa corporal es un buen aislante. Los perros m\u00e1s delgados tienden a enfriarse m\u00e1s r\u00e1pido. Sin embargo, hacer engordar a tu perro no es una buena medida para protegerlo del invierno. Ofrece a tu mascota una alimentaci\u00f3n saludable para cuidar su salud, eligiendo marcas de comida para perros como\u00a0Cesar.<\/p>\n<p>\u00bfTienes alguna duda m\u00e1s sobre c\u00f3mo proteger a los perros del frio? Visita <a href=\"https:\/\/www.arenal.com\/\">Arenal<\/a> para encontrar los mejores productos para el cuidado de tu perro.<\/p>\n","protected":false},"excerpt":{"rendered":"<p>\u00bfA tu perro le encanta el invierno o es de los que se acurruca en el sof\u00e1 bajo una manta? Descubre c\u00f3mo proteger a tu perro del fr\u00edo.<\/p>\n","protected":false},"author":1,"featured_media":1310,"comment_status":"open","ping_status":"open","sticky":false,"template":"","format":"standard","meta":{"footnotes":""},"categories":[633,235],"tags":[],"class_list":["post-882","post","type-post","status-publish","format-standard","has-post-thumbnail","hentry","category-mascotas","category-hogar"],"featured_image_src":"https:\/\/www.arenal.com\/blog\/wp-content\/uploads\/2022\/01\/8954794573854-scaled.jpeg","author_info":{"display_name":"hiberus","author_link":"https:\/\/www.arenal.com\/blog\/author\/hiberus"},"yoast_head":"<!-- This site is optimized with the Yoast SEO plugin v27.4 - https:\/\/yoast.com\/product\/yoast-seo-wordpress\/ -->\n<title>\u00bfLos perros tienen fr\u00edo? | Blog de Arenal<\/title>\n<meta name=\"description\" content=\"Protege a tu perro del fr\u00edo con abrigos, cuidados especiales y paseos cortos. Asegura su bienestar durante el invierno con nuestros consejos.\" \/>\n<meta name=\"robots\" content=\"index, follow, max-snippet:-1, max-image-preview:large, max-video-preview:-1\" \/>\n<link rel=\"canonical\" href=\"https:\/\/www.arenal.com\/blog\/protege-a-tu-perro-del-frio\" \/>\n<meta property=\"og:locale\" content=\"es_ES\" \/>\n<meta property=\"og:type\" content=\"article\" \/>\n<meta property=\"og:title\" content=\"\u00bfLos perros tienen fr\u00edo? Protege a tu perro del fr\u00edo | Blog de Arenal\" \/>\n<meta property=\"og:description\" content=\"Protege a tu perro del fr\u00edo con abrigos, cuidados especiales y paseos cortos. Asegura su bienestar durante el invierno con nuestros consejos.\" \/>\n<meta property=\"og:url\" content=\"https:\/\/www.arenal.com\/blog\/protege-a-tu-perro-del-frio\" \/>\n<meta property=\"og:site_name\" content=\"Blog de Arenal\" \/>\n<meta property=\"article:published_time\" content=\"2019-02-25T23:53:41+00:00\" \/>\n<meta property=\"article:modified_time\" content=\"2025-06-04T11:06:13+00:00\" \/>\n<meta property=\"og:image\" content=\"https:\/\/www.arenal.com\/blog\/wp-content\/uploads\/2022\/01\/8954794573854-scaled.jpeg\" \/>\n\t<meta property=\"og:image:width\" content=\"1140\" \/>\n\t<meta property=\"og:image:height\" content=\"757\" \/>\n\t<meta property=\"og:image:type\" content=\"image\/jpeg\" \/>\n<meta name=\"author\" content=\"hiberus\" \/>\n<meta name=\"twitter:card\" content=\"summary_large_image\" \/>\n<meta name=\"twitter:title\" content=\"\u00bfLos perros tienen fr\u00edo? Protege a tu perro del fr\u00edo | Blog de Arenal\" \/>\n<meta name=\"twitter:label1\" content=\"Escrito por\" \/>\n\t<meta name=\"twitter:data1\" content=\"hiberus\" \/>\n\t<meta name=\"twitter:label2\" content=\"Tiempo de lectura\" \/>\n\t<meta name=\"twitter:data2\" content=\"3 minutos\" \/>\n<script type=\"application\/ld+json\" class=\"yoast-schema-graph\">{\"@context\":\"https:\\\/\\\/schema.org\",\"@graph\":[{\"@type\":\"Article\",\"@id\":\"https:\\\/\\\/www.arenal.com\\\/blog\\\/protege-a-tu-perro-del-frio#article\",\"isPartOf\":{\"@id\":\"https:\\\/\\\/www.arenal.com\\\/blog\\\/protege-a-tu-perro-del-frio\"},\"author\":{\"name\":\"hiberus\",\"@id\":\"https:\\\/\\\/www.arenal.com\\\/blog\\\/#\\\/schema\\\/person\\\/5b0f9900f2fb7a87b0b8c40b98a29e31\"},\"headline\":\"\u00bfLos perros tienen fr\u00edo? Protege a tu perro del fr\u00edo\",\"datePublished\":\"2019-02-25T23:53:41+00:00\",\"dateModified\":\"2025-06-04T11:06:13+00:00\",\"mainEntityOfPage\":{\"@id\":\"https:\\\/\\\/www.arenal.com\\\/blog\\\/protege-a-tu-perro-del-frio\"},\"wordCount\":580,\"commentCount\":0,\"image\":{\"@id\":\"https:\\\/\\\/www.arenal.com\\\/blog\\\/protege-a-tu-perro-del-frio#primaryimage\"},\"thumbnailUrl\":\"https:\\\/\\\/www.arenal.com\\\/blog\\\/wp-content\\\/uploads\\\/2022\\\/01\\\/8954794573854-scaled.jpeg\",\"articleSection\":[\"Mascotas\",\"Hogar\"],\"inLanguage\":\"es\",\"potentialAction\":[{\"@type\":\"CommentAction\",\"name\":\"Comment\",\"target\":[\"https:\\\/\\\/www.arenal.com\\\/blog\\\/protege-a-tu-perro-del-frio#respond\"]}]},{\"@type\":\"WebPage\",\"@id\":\"https:\\\/\\\/www.arenal.com\\\/blog\\\/protege-a-tu-perro-del-frio\",\"url\":\"https:\\\/\\\/www.arenal.com\\\/blog\\\/protege-a-tu-perro-del-frio\",\"name\":\"\u00bfLos perros tienen fr\u00edo? | Blog de Arenal\",\"isPartOf\":{\"@id\":\"https:\\\/\\\/www.arenal.com\\\/blog\\\/#website\"},\"primaryImageOfPage\":{\"@id\":\"https:\\\/\\\/www.arenal.com\\\/blog\\\/protege-a-tu-perro-del-frio#primaryimage\"},\"image\":{\"@id\":\"https:\\\/\\\/www.arenal.com\\\/blog\\\/protege-a-tu-perro-del-frio#primaryimage\"},\"thumbnailUrl\":\"https:\\\/\\\/www.arenal.com\\\/blog\\\/wp-content\\\/uploads\\\/2022\\\/01\\\/8954794573854-scaled.jpeg\",\"datePublished\":\"2019-02-25T23:53:41+00:00\",\"dateModified\":\"2025-06-04T11:06:13+00:00\",\"author\":{\"@id\":\"https:\\\/\\\/www.arenal.com\\\/blog\\\/#\\\/schema\\\/person\\\/5b0f9900f2fb7a87b0b8c40b98a29e31\"},\"description\":\"Protege a tu perro del fr\u00edo con abrigos, cuidados especiales y paseos cortos. Asegura su bienestar durante el invierno con nuestros consejos.\",\"breadcrumb\":{\"@id\":\"https:\\\/\\\/www.arenal.com\\\/blog\\\/protege-a-tu-perro-del-frio#breadcrumb\"},\"inLanguage\":\"es\",\"potentialAction\":[{\"@type\":\"ReadAction\",\"target\":[\"https:\\\/\\\/www.arenal.com\\\/blog\\\/protege-a-tu-perro-del-frio\"]}]},{\"@type\":\"ImageObject\",\"inLanguage\":\"es\",\"@id\":\"https:\\\/\\\/www.arenal.com\\\/blog\\\/protege-a-tu-perro-del-frio#primaryimage\",\"url\":\"https:\\\/\\\/www.arenal.com\\\/blog\\\/wp-content\\\/uploads\\\/2022\\\/01\\\/8954794573854-scaled.jpeg\",\"contentUrl\":\"https:\\\/\\\/www.arenal.com\\\/blog\\\/wp-content\\\/uploads\\\/2022\\\/01\\\/8954794573854-scaled.jpeg\",\"width\":1140,\"height\":757,\"caption\":\"\u00bfLos perros tienen fr\u00edo? Protege a tu perro del fr\u00edo\"},{\"@type\":\"BreadcrumbList\",\"@id\":\"https:\\\/\\\/www.arenal.com\\\/blog\\\/protege-a-tu-perro-del-frio#breadcrumb\",\"itemListElement\":[{\"@type\":\"ListItem\",\"position\":1,\"name\":\"Mascotas\",\"item\":\"https:\\\/\\\/www.arenal.com\\\/blog\\\/mascotas\"},{\"@type\":\"ListItem\",\"position\":2,\"name\":\"\u00bfLos perros tienen fr\u00edo? Protege a tu perro del fr\u00edo\"}]},{\"@type\":\"WebSite\",\"@id\":\"https:\\\/\\\/www.arenal.com\\\/blog\\\/#website\",\"url\":\"https:\\\/\\\/www.arenal.com\\\/blog\\\/\",\"name\":\"Blog de Arenal\",\"description\":\"\",\"potentialAction\":[{\"@type\":\"SearchAction\",\"target\":{\"@type\":\"EntryPoint\",\"urlTemplate\":\"https:\\\/\\\/www.arenal.com\\\/blog\\\/?s={search_term_string}\"},\"query-input\":{\"@type\":\"PropertyValueSpecification\",\"valueRequired\":true,\"valueName\":\"search_term_string\"}}],\"inLanguage\":\"es\"},{\"@type\":\"Person\",\"@id\":\"https:\\\/\\\/www.arenal.com\\\/blog\\\/#\\\/schema\\\/person\\\/5b0f9900f2fb7a87b0b8c40b98a29e31\",\"name\":\"hiberus\",\"image\":{\"@type\":\"ImageObject\",\"inLanguage\":\"es\",\"@id\":\"https:\\\/\\\/secure.gravatar.com\\\/avatar\\\/a0b97b568facc7d687254dae39c5cfb79af095aebc91173945f2a50629c9fe1a?s=96&d=mm&r=g\",\"url\":\"https:\\\/\\\/secure.gravatar.com\\\/avatar\\\/a0b97b568facc7d687254dae39c5cfb79af095aebc91173945f2a50629c9fe1a?s=96&d=mm&r=g\",\"contentUrl\":\"https:\\\/\\\/secure.gravatar.com\\\/avatar\\\/a0b97b568facc7d687254dae39c5cfb79af095aebc91173945f2a50629c9fe1a?s=96&d=mm&r=g\",\"caption\":\"hiberus\"},\"sameAs\":[\"https:\\\/\\\/www.arenal.com\"],\"url\":\"https:\\\/\\\/www.arenal.com\\\/blog\\\/author\\\/hiberus\"}]}<\/script>\n<!-- \/ Yoast SEO plugin. -->","yoast_head_json":{"title":"\u00bfLos perros tienen fr\u00edo? | Blog de Arenal","description":"Protege a tu perro del fr\u00edo con abrigos, cuidados especiales y paseos cortos. Asegura su bienestar durante el invierno con nuestros consejos.","robots":{"index":"index","follow":"follow","max-snippet":"max-snippet:-1","max-image-preview":"max-image-preview:large","max-video-preview":"max-video-preview:-1"},"canonical":"https:\/\/www.arenal.com\/blog\/protege-a-tu-perro-del-frio","og_locale":"es_ES","og_type":"article","og_title":"\u00bfLos perros tienen fr\u00edo? Protege a tu perro del fr\u00edo | Blog de Arenal","og_description":"Protege a tu perro del fr\u00edo con abrigos, cuidados especiales y paseos cortos. Asegura su bienestar durante el invierno con nuestros consejos.","og_url":"https:\/\/www.arenal.com\/blog\/protege-a-tu-perro-del-frio","og_site_name":"Blog de Arenal","article_published_time":"2019-02-25T23:53:41+00:00","article_modified_time":"2025-06-04T11:06:13+00:00","og_image":[{"width":1140,"height":757,"url":"https:\/\/www.arenal.com\/blog\/wp-content\/uploads\/2022\/01\/8954794573854-scaled.jpeg","type":"image\/jpeg"}],"author":"hiberus","twitter_card":"summary_large_image","twitter_title":"\u00bfLos perros tienen fr\u00edo? Protege a tu perro del fr\u00edo | Blog de Arenal","twitter_misc":{"Escrito por":"hiberus","Tiempo de lectura":"3 minutos"},"schema":{"@context":"https:\/\/schema.org","@graph":[{"@type":"Article","@id":"https:\/\/www.arenal.com\/blog\/protege-a-tu-perro-del-frio#article","isPartOf":{"@id":"https:\/\/www.arenal.com\/blog\/protege-a-tu-perro-del-frio"},"author":{"name":"hiberus","@id":"https:\/\/www.arenal.com\/blog\/#\/schema\/person\/5b0f9900f2fb7a87b0b8c40b98a29e31"},"headline":"\u00bfLos perros tienen fr\u00edo? Protege a tu perro del fr\u00edo","datePublished":"2019-02-25T23:53:41+00:00","dateModified":"2025-06-04T11:06:13+00:00","mainEntityOfPage":{"@id":"https:\/\/www.arenal.com\/blog\/protege-a-tu-perro-del-frio"},"wordCount":580,"commentCount":0,"image":{"@id":"https:\/\/www.arenal.com\/blog\/protege-a-tu-perro-del-frio#primaryimage"},"thumbnailUrl":"https:\/\/www.arenal.com\/blog\/wp-content\/uploads\/2022\/01\/8954794573854-scaled.jpeg","articleSection":["Mascotas","Hogar"],"inLanguage":"es","potentialAction":[{"@type":"CommentAction","name":"Comment","target":["https:\/\/www.arenal.com\/blog\/protege-a-tu-perro-del-frio#respond"]}]},{"@type":"WebPage","@id":"https:\/\/www.arenal.com\/blog\/protege-a-tu-perro-del-frio","url":"https:\/\/www.arenal.com\/blog\/protege-a-tu-perro-del-frio","name":"\u00bfLos perros tienen fr\u00edo? | Blog de Arenal","isPartOf":{"@id":"https:\/\/www.arenal.com\/blog\/#website"},"primaryImageOfPage":{"@id":"https:\/\/www.arenal.com\/blog\/protege-a-tu-perro-del-frio#primaryimage"},"image":{"@id":"https:\/\/www.arenal.com\/blog\/protege-a-tu-perro-del-frio#primaryimage"},"thumbnailUrl":"https:\/\/www.arenal.com\/blog\/wp-content\/uploads\/2022\/01\/8954794573854-scaled.jpeg","datePublished":"2019-02-25T23:53:41+00:00","dateModified":"2025-06-04T11:06:13+00:00","author":{"@id":"https:\/\/www.arenal.com\/blog\/#\/schema\/person\/5b0f9900f2fb7a87b0b8c40b98a29e31"},"description":"Protege a tu perro del fr\u00edo con abrigos, cuidados especiales y paseos cortos. Asegura su bienestar durante el invierno con nuestros consejos.","breadcrumb":{"@id":"https:\/\/www.arenal.com\/blog\/protege-a-tu-perro-del-frio#breadcrumb"},"inLanguage":"es","potentialAction":[{"@type":"ReadAction","target":["https:\/\/www.arenal.com\/blog\/protege-a-tu-perro-del-frio"]}]},{"@type":"ImageObject","inLanguage":"es","@id":"https:\/\/www.arenal.com\/blog\/protege-a-tu-perro-del-frio#primaryimage","url":"https:\/\/www.arenal.com\/blog\/wp-content\/uploads\/2022\/01\/8954794573854-scaled.jpeg","contentUrl":"https:\/\/www.arenal.com\/blog\/wp-content\/uploads\/2022\/01\/8954794573854-scaled.jpeg","width":1140,"height":757,"caption":"\u00bfLos perros tienen fr\u00edo? Protege a tu perro del fr\u00edo"},{"@type":"BreadcrumbList","@id":"https:\/\/www.arenal.com\/blog\/protege-a-tu-perro-del-frio#breadcrumb","itemListElement":[{"@type":"ListItem","position":1,"name":"Mascotas","item":"https:\/\/www.arenal.com\/blog\/mascotas"},{"@type":"ListItem","position":2,"name":"\u00bfLos perros tienen fr\u00edo? Protege a tu perro del fr\u00edo"}]},{"@type":"WebSite","@id":"https:\/\/www.arenal.com\/blog\/#website","url":"https:\/\/www.arenal.com\/blog\/","name":"Blog de Arenal","description":"","potentialAction":[{"@type":"SearchAction","target":{"@type":"EntryPoint","urlTemplate":"https:\/\/www.arenal.com\/blog\/?s={search_term_string}"},"query-input":{"@type":"PropertyValueSpecification","valueRequired":true,"valueName":"search_term_string"}}],"inLanguage":"es"},{"@type":"Person","@id":"https:\/\/www.arenal.com\/blog\/#\/schema\/person\/5b0f9900f2fb7a87b0b8c40b98a29e31","name":"hiberus","image":{"@type":"ImageObject","inLanguage":"es","@id":"https:\/\/secure.gravatar.com\/avatar\/a0b97b568facc7d687254dae39c5cfb79af095aebc91173945f2a50629c9fe1a?s=96&d=mm&r=g","url":"https:\/\/secure.gravatar.com\/avatar\/a0b97b568facc7d687254dae39c5cfb79af095aebc91173945f2a50629c9fe1a?s=96&d=mm&r=g","contentUrl":"https:\/\/secure.gravatar.com\/avatar\/a0b97b568facc7d687254dae39c5cfb79af095aebc91173945f2a50629c9fe1a?s=96&d=mm&r=g","caption":"hiberus"},"sameAs":["https:\/\/www.arenal.com"],"url":"https:\/\/www.arenal.com\/blog\/author\/hiberus"}]}},"_links":{"self":[{"href":"https:\/\/www.arenal.com\/blog\/wp-json\/wp\/v2\/posts\/882","targetHints":{"allow":["GET"]}}],"collection":[{"href":"https:\/\/www.arenal.com\/blog\/wp-json\/wp\/v2\/posts"}],"about":[{"href":"https:\/\/www.arenal.com\/blog\/wp-json\/wp\/v2\/types\/post"}],"author":[{"embeddable":true,"href":"https:\/\/www.arenal.com\/blog\/wp-json\/wp\/v2\/users\/1"}],"replies":[{"embeddable":true,"href":"https:\/\/www.arenal.com\/blog\/wp-json\/wp\/v2\/comments?post=882"}],"version-history":[{"count":4,"href":"https:\/\/www.arenal.com\/blog\/wp-json\/wp\/v2\/posts\/882\/revisions"}],"predecessor-version":[{"id":7418,"href":"https:\/\/www.arenal.com\/blog\/wp-json\/wp\/v2\/posts\/882\/revisions\/7418"}],"wp:featuredmedia":[{"embeddable":true,"href":"https:\/\/www.arenal.com\/blog\/wp-json\/wp\/v2\/media\/1310"}],"wp:attachment":[{"href":"https:\/\/www.arenal.com\/blog\/wp-json\/wp\/v2\/media?parent=882"}],"wp:term":[{"taxonomy":"category","embeddable":true,"href":"https:\/\/www.arenal.com\/blog\/wp-json\/wp\/v2\/categories?post=882"},{"taxonomy":"post_tag","embeddable":true,"href":"https:\/\/www.arenal.com\/blog\/wp-json\/wp\/v2\/tags?post=882"}],"curies":[{"name":"wp","href":"https:\/\/api.w.org\/{rel}","templated":true}]}}