{"id":876,"date":"2019-01-28T00:01:28","date_gmt":"2019-01-27T23:01:28","guid":{"rendered":"https:\/\/www.arenal.com\/strivectin-marca-cosmeceutica-exclusiva\/"},"modified":"2025-03-12T11:12:53","modified_gmt":"2025-03-12T10:12:53","slug":"strivectin-marca-cosmeceutica-exclusiva","status":"publish","type":"post","link":"https:\/\/www.arenal.com\/blog\/strivectin-marca-cosmeceutica-exclusiva","title":{"rendered":"La marca de cosmec\u00e9utica Strivectin de venta exclusiva en Arenal"},"content":{"rendered":"<p>En <a href=\"https:\/\/www.arenal.com\/\">Arenal<\/a> nos adentramos de lleno en el mundo de la cosmec\u00e9utica con la incorporaci\u00f3n de los productos de StriVectin en nuestro cat\u00e1logo <strong>de venta exclusiva en Espa\u00f1a<\/strong>. La marca estadounidense es pionera en llevar la ciencia a la belleza y sus productos cuentan con la tecnolog\u00eda patentada NIA 114 y ahora llegan a Espa\u00f1a con Arenal.<\/p>\n<p>Las opiniones sobre StriVectin son variadas, pero si hay algo en lo que no hay duda, es que StriVectin se ha convertido en un potente enemigo para las arrugas y los signos visibles de la edad.<\/p>\n<p>Entre sus productos encontramos los contornos de ojos de StriVectin o la crema corporal tensora StriVectin. Todos ellos con la tecnolog\u00eda innovadora en el mundo de la cosm\u00e9tica tra\u00edda por dos bioqu\u00edmicos con una dedicaci\u00f3n absoluta a su descubrimiento.<\/p>\n<h2>Tecnolog\u00eda NIA 114 de StriVectin<\/h2>\n<p>La tecnolog\u00eda NIA 114 de StriVectin surge tras un largo proceso de investigaci\u00f3n de m\u00e1s de 35 a\u00f1os sobre el da\u00f1o causado por el sol y la prevenci\u00f3n del c\u00e1ncer de piel. Como resultado, dan con una mol\u00e9cula optimizada de Niacina o Vitamina B3, que revitaliza y refuerza la barrera cut\u00e1nea.<\/p>\n<p>Los productos de StriVectin, al estar pensados bajo esta premisa, reducen el impacto de los agresores externos, fortalecen la piel y potencian la acci\u00f3n del resto de ingredientes de la f\u00f3rmula qu\u00edmica del producto cosm\u00e9tico. Ahora llegan a Espa\u00f1a dentro de Arenal de forma exclusiva, as\u00ed que se acab\u00f3 comprar sus productos en el extranjero y esperar impaciente su env\u00edo.<\/p>\n<h2>Para qu\u00e9 sirve StriVectin<\/h2>\n<p>La marca se define a s\u00ed misma como una colecci\u00f3n de soluciones inteligentes y espec\u00edficas para el envejecimiento y el cambio de la piel. El cuidado de la piel es su mayor objetivo y lo hace con productos dedicados en exclusiva a la correcci\u00f3n de arrugas y signos visibles de la edad.<\/p>\n<p>Un claro ejemplo de ello es el serum Multiaction Infusi\u00f3n De Juventud 29 Ml cuyo principal foco de atenci\u00f3n es rejuvenecer la piel. Alisa las l\u00edneas de expresi\u00f3n de forma visible, reafirma la piel y unifica su textura.<\/p>\n<p>Centrado en las estr\u00edas adem\u00e1s de las arrugas de expresi\u00f3n, cuentan con el Concentrado Intensivo Antiarrugas Y Antiestr\u00edas 135 Ml. Hidrata y mejora la textura de la piel, reduciendo las l\u00edneas de expresi\u00f3n y convirti\u00e9ndose en un agente de prevenci\u00f3n contra las estr\u00edas.<\/p>\n<p>Para el uso diario, apuestan por su crema corporal tensora 200 Ml, que une cafe\u00edna y p\u00e9ptidos para tonificar, hidratar y suavizar la piel, mejorando su elasticidad. Para unos resultados \u00f3ptimos conviene utilizarla dos veces al d\u00eda, una por la ma\u00f1ana y otra por la noche.<\/p>\n<p>Podr\u00e1s encontrar los nuevos productos de StriVectin en exclusiva en Espa\u00f1a en Arenal dentro de nuestra secci\u00f3n de <a href=\"https:\/\/www.arenal.com\/parafarmacia\/dermocosmetica\/c\/1_0000000017\">cosm\u00e9tica de parafarmacia<\/a>. No lo dudes m\u00e1s y dile adi\u00f3s a las arrugas y l\u00edneas de expresi\u00f3n con un solo gesto. \u00danete al fen\u00f3meno anti-arrugas y conoce la cosmec\u00e9utica de la mano de nuestra nueva marca en Arenal<\/p>\n<p>\u00bfConoc\u00edas los productos de StriVectin? \u00a1Comparte tu experiencia con la comunidad de Arenal!<\/p>\n","protected":false},"excerpt":{"rendered":"<p>En Arenal nos adentramos de lleno en el mundo de la cosmec\u00e9utica con la incorporaci\u00f3n de los productos de StriVectin en nuestro cat\u00e1logo de venta exclusiva en Espa\u00f1a.<\/p>\n","protected":false},"author":1,"featured_media":1297,"comment_status":"open","ping_status":"open","sticky":false,"template":"","format":"standard","meta":{"footnotes":""},"categories":[628,622],"tags":[],"class_list":["post-876","post","type-post","status-publish","format-standard","has-post-thumbnail","hentry","category-reviews","category-cosmetica-dermocosmetica"],"featured_image_src":"https:\/\/www.arenal.com\/blog\/wp-content\/uploads\/2022\/01\/8954793394206-scaled.jpeg","author_info":{"display_name":"hiberus","author_link":"https:\/\/www.arenal.com\/blog\/author\/hiberus"},"yoast_head":"<!-- This site is optimized with the Yoast SEO plugin v27.4 - https:\/\/yoast.com\/product\/yoast-seo-wordpress\/ -->\n<title>Strivectin: cosmec\u00e9utica exclusiva | Blog de Arenal<\/title>\n<meta name=\"description\" content=\"Strivectin revoluciona la cosmec\u00e9utica con f\u00f3rmulas avanzadas. Descubre en Arenal sus productos exclusivos y c\u00f3mo mejoran la apariencia de tu piel.\" \/>\n<meta name=\"robots\" content=\"index, follow, max-snippet:-1, max-image-preview:large, max-video-preview:-1\" \/>\n<link rel=\"canonical\" href=\"https:\/\/www.arenal.com\/blog\/strivectin-marca-cosmeceutica-exclusiva\" \/>\n<meta property=\"og:locale\" content=\"es_ES\" \/>\n<meta property=\"og:type\" content=\"article\" \/>\n<meta property=\"og:title\" content=\"La marca de cosmec\u00e9utica Strivectin de venta exclusiva en Arenal | Blog de Arenal\" \/>\n<meta property=\"og:description\" content=\"Strivectin revoluciona la cosmec\u00e9utica con f\u00f3rmulas avanzadas. Descubre en Arenal sus productos exclusivos y c\u00f3mo mejoran la apariencia de tu piel.\" \/>\n<meta property=\"og:url\" content=\"https:\/\/www.arenal.com\/blog\/strivectin-marca-cosmeceutica-exclusiva\" \/>\n<meta property=\"og:site_name\" content=\"Blog de Arenal\" \/>\n<meta property=\"article:published_time\" content=\"2019-01-27T23:01:28+00:00\" \/>\n<meta property=\"article:modified_time\" content=\"2025-03-12T10:12:53+00:00\" \/>\n<meta property=\"og:image\" content=\"https:\/\/www.arenal.com\/blog\/wp-content\/uploads\/2022\/01\/8954793394206-scaled.jpeg\" \/>\n\t<meta property=\"og:image:width\" content=\"1140\" \/>\n\t<meta property=\"og:image:height\" content=\"757\" \/>\n\t<meta property=\"og:image:type\" content=\"image\/jpeg\" \/>\n<meta name=\"author\" content=\"hiberus\" \/>\n<meta name=\"twitter:card\" content=\"summary_large_image\" \/>\n<meta name=\"twitter:title\" content=\"La marca de cosmec\u00e9utica Strivectin de venta exclusiva en Arenal | Blog de Arenal\" \/>\n<meta name=\"twitter:label1\" content=\"Escrito por\" \/>\n\t<meta name=\"twitter:data1\" content=\"hiberus\" \/>\n\t<meta name=\"twitter:label2\" content=\"Tiempo de lectura\" \/>\n\t<meta name=\"twitter:data2\" content=\"3 minutos\" \/>\n<script type=\"application\/ld+json\" class=\"yoast-schema-graph\">{\"@context\":\"https:\\\/\\\/schema.org\",\"@graph\":[{\"@type\":\"Article\",\"@id\":\"https:\\\/\\\/www.arenal.com\\\/blog\\\/strivectin-marca-cosmeceutica-exclusiva#article\",\"isPartOf\":{\"@id\":\"https:\\\/\\\/www.arenal.com\\\/blog\\\/strivectin-marca-cosmeceutica-exclusiva\"},\"author\":{\"name\":\"hiberus\",\"@id\":\"https:\\\/\\\/www.arenal.com\\\/blog\\\/#\\\/schema\\\/person\\\/5b0f9900f2fb7a87b0b8c40b98a29e31\"},\"headline\":\"La marca de cosmec\u00e9utica Strivectin de venta exclusiva en Arenal\",\"datePublished\":\"2019-01-27T23:01:28+00:00\",\"dateModified\":\"2025-03-12T10:12:53+00:00\",\"mainEntityOfPage\":{\"@id\":\"https:\\\/\\\/www.arenal.com\\\/blog\\\/strivectin-marca-cosmeceutica-exclusiva\"},\"wordCount\":562,\"commentCount\":0,\"image\":{\"@id\":\"https:\\\/\\\/www.arenal.com\\\/blog\\\/strivectin-marca-cosmeceutica-exclusiva#primaryimage\"},\"thumbnailUrl\":\"https:\\\/\\\/www.arenal.com\\\/blog\\\/wp-content\\\/uploads\\\/2022\\\/01\\\/8954793394206-scaled.jpeg\",\"articleSection\":[\"Rese\u00f1as de productos\",\"Cosm\u00e9tica\"],\"inLanguage\":\"es\",\"potentialAction\":[{\"@type\":\"CommentAction\",\"name\":\"Comment\",\"target\":[\"https:\\\/\\\/www.arenal.com\\\/blog\\\/strivectin-marca-cosmeceutica-exclusiva#respond\"]}]},{\"@type\":\"WebPage\",\"@id\":\"https:\\\/\\\/www.arenal.com\\\/blog\\\/strivectin-marca-cosmeceutica-exclusiva\",\"url\":\"https:\\\/\\\/www.arenal.com\\\/blog\\\/strivectin-marca-cosmeceutica-exclusiva\",\"name\":\"Strivectin: cosmec\u00e9utica exclusiva | Blog de Arenal\",\"isPartOf\":{\"@id\":\"https:\\\/\\\/www.arenal.com\\\/blog\\\/#website\"},\"primaryImageOfPage\":{\"@id\":\"https:\\\/\\\/www.arenal.com\\\/blog\\\/strivectin-marca-cosmeceutica-exclusiva#primaryimage\"},\"image\":{\"@id\":\"https:\\\/\\\/www.arenal.com\\\/blog\\\/strivectin-marca-cosmeceutica-exclusiva#primaryimage\"},\"thumbnailUrl\":\"https:\\\/\\\/www.arenal.com\\\/blog\\\/wp-content\\\/uploads\\\/2022\\\/01\\\/8954793394206-scaled.jpeg\",\"datePublished\":\"2019-01-27T23:01:28+00:00\",\"dateModified\":\"2025-03-12T10:12:53+00:00\",\"author\":{\"@id\":\"https:\\\/\\\/www.arenal.com\\\/blog\\\/#\\\/schema\\\/person\\\/5b0f9900f2fb7a87b0b8c40b98a29e31\"},\"description\":\"Strivectin revoluciona la cosmec\u00e9utica con f\u00f3rmulas avanzadas. Descubre en Arenal sus productos exclusivos y c\u00f3mo mejoran la apariencia de tu piel.\",\"breadcrumb\":{\"@id\":\"https:\\\/\\\/www.arenal.com\\\/blog\\\/strivectin-marca-cosmeceutica-exclusiva#breadcrumb\"},\"inLanguage\":\"es\",\"potentialAction\":[{\"@type\":\"ReadAction\",\"target\":[\"https:\\\/\\\/www.arenal.com\\\/blog\\\/strivectin-marca-cosmeceutica-exclusiva\"]}]},{\"@type\":\"ImageObject\",\"inLanguage\":\"es\",\"@id\":\"https:\\\/\\\/www.arenal.com\\\/blog\\\/strivectin-marca-cosmeceutica-exclusiva#primaryimage\",\"url\":\"https:\\\/\\\/www.arenal.com\\\/blog\\\/wp-content\\\/uploads\\\/2022\\\/01\\\/8954793394206-scaled.jpeg\",\"contentUrl\":\"https:\\\/\\\/www.arenal.com\\\/blog\\\/wp-content\\\/uploads\\\/2022\\\/01\\\/8954793394206-scaled.jpeg\",\"width\":1140,\"height\":757,\"caption\":\"La marca de cosmec\u00e9utica Strivectin de venta exclusiva en Arenal\"},{\"@type\":\"BreadcrumbList\",\"@id\":\"https:\\\/\\\/www.arenal.com\\\/blog\\\/strivectin-marca-cosmeceutica-exclusiva#breadcrumb\",\"itemListElement\":[{\"@type\":\"ListItem\",\"position\":1,\"name\":\"Rese\u00f1as de productos\",\"item\":\"https:\\\/\\\/www.arenal.com\\\/blog\\\/reviews\"},{\"@type\":\"ListItem\",\"position\":2,\"name\":\"La marca de cosmec\u00e9utica Strivectin de venta exclusiva en Arenal\"}]},{\"@type\":\"WebSite\",\"@id\":\"https:\\\/\\\/www.arenal.com\\\/blog\\\/#website\",\"url\":\"https:\\\/\\\/www.arenal.com\\\/blog\\\/\",\"name\":\"Blog de Arenal\",\"description\":\"\",\"potentialAction\":[{\"@type\":\"SearchAction\",\"target\":{\"@type\":\"EntryPoint\",\"urlTemplate\":\"https:\\\/\\\/www.arenal.com\\\/blog\\\/?s={search_term_string}\"},\"query-input\":{\"@type\":\"PropertyValueSpecification\",\"valueRequired\":true,\"valueName\":\"search_term_string\"}}],\"inLanguage\":\"es\"},{\"@type\":\"Person\",\"@id\":\"https:\\\/\\\/www.arenal.com\\\/blog\\\/#\\\/schema\\\/person\\\/5b0f9900f2fb7a87b0b8c40b98a29e31\",\"name\":\"hiberus\",\"image\":{\"@type\":\"ImageObject\",\"inLanguage\":\"es\",\"@id\":\"https:\\\/\\\/secure.gravatar.com\\\/avatar\\\/a0b97b568facc7d687254dae39c5cfb79af095aebc91173945f2a50629c9fe1a?s=96&d=mm&r=g\",\"url\":\"https:\\\/\\\/secure.gravatar.com\\\/avatar\\\/a0b97b568facc7d687254dae39c5cfb79af095aebc91173945f2a50629c9fe1a?s=96&d=mm&r=g\",\"contentUrl\":\"https:\\\/\\\/secure.gravatar.com\\\/avatar\\\/a0b97b568facc7d687254dae39c5cfb79af095aebc91173945f2a50629c9fe1a?s=96&d=mm&r=g\",\"caption\":\"hiberus\"},\"sameAs\":[\"https:\\\/\\\/www.arenal.com\"],\"url\":\"https:\\\/\\\/www.arenal.com\\\/blog\\\/author\\\/hiberus\"}]}<\/script>\n<!-- \/ Yoast SEO plugin. -->","yoast_head_json":{"title":"Strivectin: cosmec\u00e9utica exclusiva | Blog de Arenal","description":"Strivectin revoluciona la cosmec\u00e9utica con f\u00f3rmulas avanzadas. Descubre en Arenal sus productos exclusivos y c\u00f3mo mejoran la apariencia de tu piel.","robots":{"index":"index","follow":"follow","max-snippet":"max-snippet:-1","max-image-preview":"max-image-preview:large","max-video-preview":"max-video-preview:-1"},"canonical":"https:\/\/www.arenal.com\/blog\/strivectin-marca-cosmeceutica-exclusiva","og_locale":"es_ES","og_type":"article","og_title":"La marca de cosmec\u00e9utica Strivectin de venta exclusiva en Arenal | Blog de Arenal","og_description":"Strivectin revoluciona la cosmec\u00e9utica con f\u00f3rmulas avanzadas. Descubre en Arenal sus productos exclusivos y c\u00f3mo mejoran la apariencia de tu piel.","og_url":"https:\/\/www.arenal.com\/blog\/strivectin-marca-cosmeceutica-exclusiva","og_site_name":"Blog de Arenal","article_published_time":"2019-01-27T23:01:28+00:00","article_modified_time":"2025-03-12T10:12:53+00:00","og_image":[{"width":1140,"height":757,"url":"https:\/\/www.arenal.com\/blog\/wp-content\/uploads\/2022\/01\/8954793394206-scaled.jpeg","type":"image\/jpeg"}],"author":"hiberus","twitter_card":"summary_large_image","twitter_title":"La marca de cosmec\u00e9utica Strivectin de venta exclusiva en Arenal | Blog de Arenal","twitter_misc":{"Escrito por":"hiberus","Tiempo de lectura":"3 minutos"},"schema":{"@context":"https:\/\/schema.org","@graph":[{"@type":"Article","@id":"https:\/\/www.arenal.com\/blog\/strivectin-marca-cosmeceutica-exclusiva#article","isPartOf":{"@id":"https:\/\/www.arenal.com\/blog\/strivectin-marca-cosmeceutica-exclusiva"},"author":{"name":"hiberus","@id":"https:\/\/www.arenal.com\/blog\/#\/schema\/person\/5b0f9900f2fb7a87b0b8c40b98a29e31"},"headline":"La marca de cosmec\u00e9utica Strivectin de venta exclusiva en Arenal","datePublished":"2019-01-27T23:01:28+00:00","dateModified":"2025-03-12T10:12:53+00:00","mainEntityOfPage":{"@id":"https:\/\/www.arenal.com\/blog\/strivectin-marca-cosmeceutica-exclusiva"},"wordCount":562,"commentCount":0,"image":{"@id":"https:\/\/www.arenal.com\/blog\/strivectin-marca-cosmeceutica-exclusiva#primaryimage"},"thumbnailUrl":"https:\/\/www.arenal.com\/blog\/wp-content\/uploads\/2022\/01\/8954793394206-scaled.jpeg","articleSection":["Rese\u00f1as de productos","Cosm\u00e9tica"],"inLanguage":"es","potentialAction":[{"@type":"CommentAction","name":"Comment","target":["https:\/\/www.arenal.com\/blog\/strivectin-marca-cosmeceutica-exclusiva#respond"]}]},{"@type":"WebPage","@id":"https:\/\/www.arenal.com\/blog\/strivectin-marca-cosmeceutica-exclusiva","url":"https:\/\/www.arenal.com\/blog\/strivectin-marca-cosmeceutica-exclusiva","name":"Strivectin: cosmec\u00e9utica exclusiva | Blog de Arenal","isPartOf":{"@id":"https:\/\/www.arenal.com\/blog\/#website"},"primaryImageOfPage":{"@id":"https:\/\/www.arenal.com\/blog\/strivectin-marca-cosmeceutica-exclusiva#primaryimage"},"image":{"@id":"https:\/\/www.arenal.com\/blog\/strivectin-marca-cosmeceutica-exclusiva#primaryimage"},"thumbnailUrl":"https:\/\/www.arenal.com\/blog\/wp-content\/uploads\/2022\/01\/8954793394206-scaled.jpeg","datePublished":"2019-01-27T23:01:28+00:00","dateModified":"2025-03-12T10:12:53+00:00","author":{"@id":"https:\/\/www.arenal.com\/blog\/#\/schema\/person\/5b0f9900f2fb7a87b0b8c40b98a29e31"},"description":"Strivectin revoluciona la cosmec\u00e9utica con f\u00f3rmulas avanzadas. Descubre en Arenal sus productos exclusivos y c\u00f3mo mejoran la apariencia de tu piel.","breadcrumb":{"@id":"https:\/\/www.arenal.com\/blog\/strivectin-marca-cosmeceutica-exclusiva#breadcrumb"},"inLanguage":"es","potentialAction":[{"@type":"ReadAction","target":["https:\/\/www.arenal.com\/blog\/strivectin-marca-cosmeceutica-exclusiva"]}]},{"@type":"ImageObject","inLanguage":"es","@id":"https:\/\/www.arenal.com\/blog\/strivectin-marca-cosmeceutica-exclusiva#primaryimage","url":"https:\/\/www.arenal.com\/blog\/wp-content\/uploads\/2022\/01\/8954793394206-scaled.jpeg","contentUrl":"https:\/\/www.arenal.com\/blog\/wp-content\/uploads\/2022\/01\/8954793394206-scaled.jpeg","width":1140,"height":757,"caption":"La marca de cosmec\u00e9utica Strivectin de venta exclusiva en Arenal"},{"@type":"BreadcrumbList","@id":"https:\/\/www.arenal.com\/blog\/strivectin-marca-cosmeceutica-exclusiva#breadcrumb","itemListElement":[{"@type":"ListItem","position":1,"name":"Rese\u00f1as de productos","item":"https:\/\/www.arenal.com\/blog\/reviews"},{"@type":"ListItem","position":2,"name":"La marca de cosmec\u00e9utica Strivectin de venta exclusiva en Arenal"}]},{"@type":"WebSite","@id":"https:\/\/www.arenal.com\/blog\/#website","url":"https:\/\/www.arenal.com\/blog\/","name":"Blog de Arenal","description":"","potentialAction":[{"@type":"SearchAction","target":{"@type":"EntryPoint","urlTemplate":"https:\/\/www.arenal.com\/blog\/?s={search_term_string}"},"query-input":{"@type":"PropertyValueSpecification","valueRequired":true,"valueName":"search_term_string"}}],"inLanguage":"es"},{"@type":"Person","@id":"https:\/\/www.arenal.com\/blog\/#\/schema\/person\/5b0f9900f2fb7a87b0b8c40b98a29e31","name":"hiberus","image":{"@type":"ImageObject","inLanguage":"es","@id":"https:\/\/secure.gravatar.com\/avatar\/a0b97b568facc7d687254dae39c5cfb79af095aebc91173945f2a50629c9fe1a?s=96&d=mm&r=g","url":"https:\/\/secure.gravatar.com\/avatar\/a0b97b568facc7d687254dae39c5cfb79af095aebc91173945f2a50629c9fe1a?s=96&d=mm&r=g","contentUrl":"https:\/\/secure.gravatar.com\/avatar\/a0b97b568facc7d687254dae39c5cfb79af095aebc91173945f2a50629c9fe1a?s=96&d=mm&r=g","caption":"hiberus"},"sameAs":["https:\/\/www.arenal.com"],"url":"https:\/\/www.arenal.com\/blog\/author\/hiberus"}]}},"_links":{"self":[{"href":"https:\/\/www.arenal.com\/blog\/wp-json\/wp\/v2\/posts\/876","targetHints":{"allow":["GET"]}}],"collection":[{"href":"https:\/\/www.arenal.com\/blog\/wp-json\/wp\/v2\/posts"}],"about":[{"href":"https:\/\/www.arenal.com\/blog\/wp-json\/wp\/v2\/types\/post"}],"author":[{"embeddable":true,"href":"https:\/\/www.arenal.com\/blog\/wp-json\/wp\/v2\/users\/1"}],"replies":[{"embeddable":true,"href":"https:\/\/www.arenal.com\/blog\/wp-json\/wp\/v2\/comments?post=876"}],"version-history":[{"count":4,"href":"https:\/\/www.arenal.com\/blog\/wp-json\/wp\/v2\/posts\/876\/revisions"}],"predecessor-version":[{"id":7170,"href":"https:\/\/www.arenal.com\/blog\/wp-json\/wp\/v2\/posts\/876\/revisions\/7170"}],"wp:featuredmedia":[{"embeddable":true,"href":"https:\/\/www.arenal.com\/blog\/wp-json\/wp\/v2\/media\/1297"}],"wp:attachment":[{"href":"https:\/\/www.arenal.com\/blog\/wp-json\/wp\/v2\/media?parent=876"}],"wp:term":[{"taxonomy":"category","embeddable":true,"href":"https:\/\/www.arenal.com\/blog\/wp-json\/wp\/v2\/categories?post=876"},{"taxonomy":"post_tag","embeddable":true,"href":"https:\/\/www.arenal.com\/blog\/wp-json\/wp\/v2\/tags?post=876"}],"curies":[{"name":"wp","href":"https:\/\/api.w.org\/{rel}","templated":true}]}}