{"id":857,"date":"2018-10-30T00:32:16","date_gmt":"2018-10-29T23:32:16","guid":{"rendered":"https:\/\/www.arenal.com\/maquillaje-casual-para-dia-a-dia\/"},"modified":"2025-06-04T11:15:59","modified_gmt":"2025-06-04T10:15:59","slug":"maquillaje-casual-para-dia-a-dia","status":"publish","type":"post","link":"https:\/\/www.arenal.com\/blog\/maquillaje-casual-para-dia-a-dia","title":{"rendered":"Maquillaje casual para el d\u00eda a d\u00eda con productos b\u00e1sicos"},"content":{"rendered":"<p>\u00bfNecesitas inspiraci\u00f3n para hacerte un maquillaje distinto para ir a la oficina? \u00bfEst\u00e1s cansada del corrector, el eyeliner y la m\u00e1scara de pesta\u00f1as como base de tu maquillaje del d\u00eda a d\u00eda? Tranquila, no eres la \u00fanica. Desde Arenal te invitamos a probar un estilo de <a href=\"https:\/\/www.arenal.com\/maquillaje\/c\/1_0000000003\">maquillaje<\/a> casual para el d\u00eda a d\u00eda con productos b\u00e1sicos, tanto o m\u00e1s que los que te hemos enumerado antes.<\/p>\n<div id=\"ez-toc-container\" class=\"ez-toc-v2_0_82_2 counter-hierarchy ez-toc-counter ez-toc-custom ez-toc-container-direction\">\n<div class=\"ez-toc-title-container\">\n<p class=\"ez-toc-title\" style=\"cursor:inherit\">Indice de contenidos<\/p>\n<span class=\"ez-toc-title-toggle\"><a href=\"#\" class=\"ez-toc-pull-right ez-toc-btn ez-toc-btn-xs ez-toc-btn-default ez-toc-toggle\" aria-label=\"Alternar tabla de contenidos\"><span class=\"ez-toc-js-icon-con\"><span class=\"\"><span class=\"eztoc-hide\" style=\"display:none;\">Toggle<\/span><span class=\"ez-toc-icon-toggle-span\"><svg style=\"fill: #000000;color:#000000\" xmlns=\"http:\/\/www.w3.org\/2000\/svg\" class=\"list-377408\" width=\"20px\" height=\"20px\" viewBox=\"0 0 24 24\" fill=\"none\"><path d=\"M6 6H4v2h2V6zm14 0H8v2h12V6zM4 11h2v2H4v-2zm16 0H8v2h12v-2zM4 16h2v2H4v-2zm16 0H8v2h12v-2z\" fill=\"currentColor\"><\/path><\/svg><svg style=\"fill: #000000;color:#000000\" class=\"arrow-unsorted-368013\" xmlns=\"http:\/\/www.w3.org\/2000\/svg\" width=\"10px\" height=\"10px\" viewBox=\"0 0 24 24\" version=\"1.2\" baseProfile=\"tiny\"><path d=\"M18.2 9.3l-6.2-6.3-6.2 6.3c-.2.2-.3.4-.3.7s.1.5.3.7c.2.2.4.3.7.3h11c.3 0 .5-.1.7-.3.2-.2.3-.5.3-.7s-.1-.5-.3-.7zM5.8 14.7l6.2 6.3 6.2-6.3c.2-.2.3-.5.3-.7s-.1-.5-.3-.7c-.2-.2-.4-.3-.7-.3h-11c-.3 0-.5.1-.7.3-.2.2-.3.5-.3.7s.1.5.3.7z\"\/><\/svg><\/span><\/span><\/span><\/a><\/span><\/div>\n<nav><ul class='ez-toc-list ez-toc-list-level-1 ' ><li class='ez-toc-page-1 ez-toc-heading-level-2'><a class=\"ez-toc-link ez-toc-heading-1\" href=\"https:\/\/www.arenal.com\/blog\/maquillaje-casual-para-dia-a-dia\/#Lapiz_de_cejas\" >L\u00e1piz de cejas<\/a><\/li><li class='ez-toc-page-1 ez-toc-heading-level-2'><a class=\"ez-toc-link ez-toc-heading-2\" href=\"https:\/\/www.arenal.com\/blog\/maquillaje-casual-para-dia-a-dia\/#Pasate_al_delineador_marron\" >P\u00e1sate al delineador marr\u00f3n<\/a><\/li><li class='ez-toc-page-1 ez-toc-heading-level-2'><a class=\"ez-toc-link ez-toc-heading-3\" href=\"https:\/\/www.arenal.com\/blog\/maquillaje-casual-para-dia-a-dia\/#Balsamo_para_los_labios\" >B\u00e1lsamo para los labios<\/a><\/li><li class='ez-toc-page-1 ez-toc-heading-level-2'><a class=\"ez-toc-link ez-toc-heading-4\" href=\"https:\/\/www.arenal.com\/blog\/maquillaje-casual-para-dia-a-dia\/#BB_Cream_y_CC\" >BB Cream y CC<\/a><\/li><li class='ez-toc-page-1 ez-toc-heading-level-2'><a class=\"ez-toc-link ez-toc-heading-5\" href=\"https:\/\/www.arenal.com\/blog\/maquillaje-casual-para-dia-a-dia\/#Colorete_rosado\" >Colorete rosado<\/a><\/li><li class='ez-toc-page-1 ez-toc-heading-level-2'><a class=\"ez-toc-link ez-toc-heading-6\" href=\"https:\/\/www.arenal.com\/blog\/maquillaje-casual-para-dia-a-dia\/#Mascara_de_pestanas\" >M\u00e1scara de pesta\u00f1as<\/a><\/li><\/ul><\/nav><\/div>\n<h2><span class=\"ez-toc-section\" id=\"Lapiz_de_cejas\"><\/span><a href=\"https:\/\/www.arenal.com\/maquillaje\/ojos\/delineadores-de-ojos\/c\/1_0000000647\">L\u00e1piz de cejas<\/a><span class=\"ez-toc-section-end\"><\/span><\/h2>\n<p>A estas alturas ya deber\u00edas tener alg\u00fan que otro producto de <a href=\"https:\/\/www.arenal.com\/maquillaje\/ojos\/cejas\/c\/1_0000000652\">maquillaje de cejas<\/a>. De no ser as\u00ed, es momento de que inviertas en, al menos, un l\u00e1piz de cejas. Los productos para maquillar las cejas en l\u00e1piz son de los m\u00e1s f\u00e1ciles para maquillarte esa zona en poco tiempo aunque tambi\u00e9n podr\u00e1s encontrar\u00a0productos para cejas en gel, rotulador o incluso en polvo como una sombra de ojos\u00a0si lo prefieres.<\/p>\n<p>Si buscas un resultado natural, marca solo el trazo en la parte superior de la ceja, dejando la parte inferior con su forma natural.<\/p>\n<p>Recuerda que debes elegir un tono que vaya con tu ceja o, alg\u00fan tono por encima o por abajo en caso de llevar el pelo te\u00f1ido.<\/p>\n<h2><span class=\"ez-toc-section\" id=\"Pasate_al_delineador_marron\"><\/span>P\u00e1sate al delineador marr\u00f3n<span class=\"ez-toc-section-end\"><\/span><\/h2>\n<p>El <a href=\"https:\/\/www.arenal.com\/maquillaje\/ojos\/delineadores-de-ojos\/c\/1_0000000647\">delineador de ojos<\/a> es uno de esos productos que no puede faltar en ning\u00fan neceser. Los cl\u00e7asicos son los delineadores de color negro si quieres un acabado intenso o marr\u00f3n si prefieres un acabado m\u00e1s natural aunque tambi\u00e9n existen delineadores en tonos ocre, dorados y grises que te pueden quedar muy discretos para un maquillaje casual para el d\u00eda a d\u00eda, aunque sofisticado.<\/p>\n<p>Si el delineado negro te parece muy agresivo para todo el d\u00eda en la oficina, un truco es\u00a0usar uno de color marr\u00f3n y maquillar tus pesta\u00f1as en el mismo tono si no quieres un look muy cargado.<\/p>\n<h2><span class=\"ez-toc-section\" id=\"Balsamo_para_los_labios\"><\/span>B\u00e1lsamo para los labios<span class=\"ez-toc-section-end\"><\/span><\/h2>\n<p>El color de labios puede cambiar un maquillaje por completo. Lo ideal ser\u00eda contar con tres <a href=\"https:\/\/www.arenal.com\/maquillaje\/labios\/barras-de-labios\/c\/1_0000000635\">labiales<\/a> diferentes: un color intenso por ejemplo, un rojo o un vino, otro nude para un look m\u00e1s cl\u00e1sico y un b\u00e1lsamo de labios para mantenerlos hidratados a diario.<\/p>\n<p>De esa forma, para el d\u00eda a d\u00eda podemos utilizar\u00a0el cl\u00e1sico <a href=\"https:\/\/www.arenal.com\/marcas\/carmex\/c\/BBU\">Carmex<\/a>\u00a0que\u00a0cuidar\u00e1 los labios para tenerlos 100% hidratados o el tono nude si queremos maquillarlos un poco y,\u00a0el tono m\u00e1s intenso para salir con amigos, cenar en pareja, o simplemente\u00a0para esos d\u00edas un poco m\u00e1s especiales.<\/p>\n<h2><span class=\"ez-toc-section\" id=\"BB_Cream_y_CC\"><\/span><a href=\"https:\/\/www.arenal.com\/maquillaje\/rostro\/bb-cream-y-cc-cream\/c\/1_0000001050\">BB Cream y CC<\/a><span class=\"ez-toc-section-end\"><\/span><\/h2>\n<p>La bb cream se\u00a0ha convertido en un b\u00e1sico de belleza en los \u00faltimos a\u00f1os. Su nombre es un acr\u00f3nimo de Blemish Balm, que significa algo como \u201cb\u00e1lsamo anti imperfecciones\u201d y que une maquillaje con tratamiento para la piel.<\/p>\n<p>Si eres perezosa por la ma\u00f1ana este producto es para ti ya que al aplicar\u00a0una bb cream\u00a0conseguir\u00e1s estar hidratada a la vez que unificas el tono de tu piel, evitando manchas e imperfecciones y consiguiendo un acabado muy natural.<\/p>\n<h2><span class=\"ez-toc-section\" id=\"Colorete_rosado\"><\/span>Colorete rosado<span class=\"ez-toc-section-end\"><\/span><\/h2>\n<p>Muchas veces cuando nos maquillamos perdemos ese rubor natural de nuestras mejillas con <a href=\"https:\/\/www.arenal.com\/maquillaje\/rostro\/bases-de-maquillaje\/c\/1_0000000639\">bases de maquillaje<\/a> muy cubrientes. Si quieres un maquillaje natural, se recomienda usar como colof\u00f3n al maquillaje un colorete rosado, que imite el color natural de nuestras mejillas al sonrojarnos un poco.<\/p>\n<h2><span class=\"ez-toc-section\" id=\"Mascara_de_pestanas\"><\/span>M\u00e1scara de pesta\u00f1as<span class=\"ez-toc-section-end\"><\/span><\/h2>\n<p>La m\u00e1scara de pesta\u00f1as es un producto imprescindible para conseguir una buena cara al momento. Una buena m\u00e1scara de pesta\u00f1as aplicada en una o dos capas de m\u00e1scara nos ayudar\u00e1 a oscurecer nuestras pesta\u00f1as naturales, m\u00e1s largas y conseguir una mayor densidad que har\u00e1 que tengamos una mirada mucho m\u00e1s despierta. Puedes elegir tu m\u00e1scara de pesta\u00f1as entre la extensa oferta de Arenal:<\/p>\n<ul>\n<li><a href=\"https:\/\/www.arenal.com\/marcas\/bourjois\/bourjois-mascaras-pestanas\">M\u00e1scaras de pesta\u00f1as Bourjois<\/a><\/li>\n<li><a href=\"https:\/\/www.arenal.com\/marcas\/lancome\/c\/AGZ\/mascara-de-pestanas\">M\u00e1scaras de pesta\u00f1as Lancome<\/a><\/li>\n<li><a href=\"https:\/\/www.arenal.com\/marcas\/rimmel\/rimmel-mascaras-pestanas\">M\u00e1scaras de pesta\u00f1as Rimmel<\/a><\/li>\n<li><a href=\"https:\/\/www.arenal.com\/marcas\/sisley\/c\/BEU\/mascara-de-pestanas\">M\u00e1scaras de pesta\u00f1as Sisley<\/a><\/li>\n<\/ul>\n<p>Y t\u00fa, \u00bfQu\u00e9 productos utilizas cuando quieres un resultado totalmente natural? \u00bfC\u00f3mo elaboras un maquillaje casual para el d\u00eda a d\u00eda con productos b\u00e1sicos? Comparte con la comunidad <a href=\"https:\/\/www.arenal.com\/\">Arenal<\/a> tus secretos de belleza para resaltar tu belleza natural.<\/p>\n","protected":false},"excerpt":{"rendered":"<p>\u00bfNecesitas inspiraci\u00f3n para hacerte un maquillaje distinto para ir a la oficina? \u00bfEst\u00e1s cansada del corrector, el eyeliner y la m\u00e1scara de pesta\u00f1as como base de tu maquillaje del d\u00eda a d\u00eda? Descubre c\u00f3mo maquillaste para el d\u00eda a d\u00eda<\/p>\n","protected":false},"author":1,"featured_media":1337,"comment_status":"open","ping_status":"open","sticky":false,"template":"","format":"standard","meta":{"footnotes":""},"categories":[626,231],"tags":[],"class_list":["post-857","post","type-post","status-publish","format-standard","has-post-thumbnail","hentry","category-tutoriales","category-consejos-y-rutinas-de-maquillaje"],"featured_image_src":"https:\/\/www.arenal.com\/blog\/wp-content\/uploads\/2022\/01\/8954796408862.jpeg","author_info":{"display_name":"hiberus","author_link":"https:\/\/www.arenal.com\/blog\/author\/hiberus"},"yoast_head":"<!-- This site is optimized with the Yoast SEO plugin v27.4 - https:\/\/yoast.com\/product\/yoast-seo-wordpress\/ -->\n<title>Maquillaje casual para el d\u00eda a d\u00eda | Blog de Arenal<\/title>\n<meta name=\"description\" content=\"\u00bfNecesitas inspiraci\u00f3n para hacerte un maquillaje distinto para ir a la oficina? Descubre maquillaje para el d\u00eda a d\u00eda.\" \/>\n<meta name=\"robots\" content=\"index, follow, max-snippet:-1, max-image-preview:large, max-video-preview:-1\" \/>\n<link rel=\"canonical\" href=\"https:\/\/www.arenal.com\/blog\/maquillaje-casual-para-dia-a-dia\" \/>\n<meta property=\"og:locale\" content=\"es_ES\" \/>\n<meta property=\"og:type\" content=\"article\" \/>\n<meta property=\"og:title\" content=\"Maquillaje casual para el d\u00eda a d\u00eda con productos b\u00e1sicos | Blog de Arenal\" \/>\n<meta property=\"og:description\" content=\"\u00bfNecesitas inspiraci\u00f3n para hacerte un maquillaje distinto para ir a la oficina? Descubre maquillaje para el d\u00eda a d\u00eda.\" \/>\n<meta property=\"og:url\" content=\"https:\/\/www.arenal.com\/blog\/maquillaje-casual-para-dia-a-dia\" \/>\n<meta property=\"og:site_name\" content=\"Blog de Arenal\" \/>\n<meta property=\"article:published_time\" content=\"2018-10-29T23:32:16+00:00\" \/>\n<meta property=\"article:modified_time\" content=\"2025-06-04T10:15:59+00:00\" \/>\n<meta property=\"og:image\" content=\"https:\/\/www.arenal.com\/blog\/wp-content\/uploads\/2022\/01\/8954796408862.jpeg\" \/>\n\t<meta property=\"og:image:width\" content=\"1140\" \/>\n\t<meta property=\"og:image:height\" content=\"760\" \/>\n\t<meta property=\"og:image:type\" content=\"image\/jpeg\" \/>\n<meta name=\"author\" content=\"hiberus\" \/>\n<meta name=\"twitter:card\" content=\"summary_large_image\" \/>\n<meta name=\"twitter:title\" content=\"Maquillaje casual para el d\u00eda a d\u00eda con productos b\u00e1sicos | Blog de Arenal\" \/>\n<meta name=\"twitter:label1\" content=\"Escrito por\" \/>\n\t<meta name=\"twitter:data1\" content=\"hiberus\" \/>\n\t<meta name=\"twitter:label2\" content=\"Tiempo de lectura\" \/>\n\t<meta name=\"twitter:data2\" content=\"3 minutos\" \/>\n<script type=\"application\/ld+json\" class=\"yoast-schema-graph\">{\"@context\":\"https:\\\/\\\/schema.org\",\"@graph\":[{\"@type\":\"Article\",\"@id\":\"https:\\\/\\\/www.arenal.com\\\/blog\\\/maquillaje-casual-para-dia-a-dia#article\",\"isPartOf\":{\"@id\":\"https:\\\/\\\/www.arenal.com\\\/blog\\\/maquillaje-casual-para-dia-a-dia\"},\"author\":{\"name\":\"hiberus\",\"@id\":\"https:\\\/\\\/www.arenal.com\\\/blog\\\/#\\\/schema\\\/person\\\/5b0f9900f2fb7a87b0b8c40b98a29e31\"},\"headline\":\"Maquillaje casual para el d\u00eda a d\u00eda con productos b\u00e1sicos\",\"datePublished\":\"2018-10-29T23:32:16+00:00\",\"dateModified\":\"2025-06-04T10:15:59+00:00\",\"mainEntityOfPage\":{\"@id\":\"https:\\\/\\\/www.arenal.com\\\/blog\\\/maquillaje-casual-para-dia-a-dia\"},\"wordCount\":735,\"commentCount\":0,\"image\":{\"@id\":\"https:\\\/\\\/www.arenal.com\\\/blog\\\/maquillaje-casual-para-dia-a-dia#primaryimage\"},\"thumbnailUrl\":\"https:\\\/\\\/www.arenal.com\\\/blog\\\/wp-content\\\/uploads\\\/2022\\\/01\\\/8954796408862.jpeg\",\"articleSection\":[\"Tutoriales\",\"Maquillaje\"],\"inLanguage\":\"es\",\"potentialAction\":[{\"@type\":\"CommentAction\",\"name\":\"Comment\",\"target\":[\"https:\\\/\\\/www.arenal.com\\\/blog\\\/maquillaje-casual-para-dia-a-dia#respond\"]}]},{\"@type\":\"WebPage\",\"@id\":\"https:\\\/\\\/www.arenal.com\\\/blog\\\/maquillaje-casual-para-dia-a-dia\",\"url\":\"https:\\\/\\\/www.arenal.com\\\/blog\\\/maquillaje-casual-para-dia-a-dia\",\"name\":\"Maquillaje casual para el d\u00eda a d\u00eda | Blog de Arenal\",\"isPartOf\":{\"@id\":\"https:\\\/\\\/www.arenal.com\\\/blog\\\/#website\"},\"primaryImageOfPage\":{\"@id\":\"https:\\\/\\\/www.arenal.com\\\/blog\\\/maquillaje-casual-para-dia-a-dia#primaryimage\"},\"image\":{\"@id\":\"https:\\\/\\\/www.arenal.com\\\/blog\\\/maquillaje-casual-para-dia-a-dia#primaryimage\"},\"thumbnailUrl\":\"https:\\\/\\\/www.arenal.com\\\/blog\\\/wp-content\\\/uploads\\\/2022\\\/01\\\/8954796408862.jpeg\",\"datePublished\":\"2018-10-29T23:32:16+00:00\",\"dateModified\":\"2025-06-04T10:15:59+00:00\",\"author\":{\"@id\":\"https:\\\/\\\/www.arenal.com\\\/blog\\\/#\\\/schema\\\/person\\\/5b0f9900f2fb7a87b0b8c40b98a29e31\"},\"description\":\"\u00bfNecesitas inspiraci\u00f3n para hacerte un maquillaje distinto para ir a la oficina? Descubre maquillaje para el d\u00eda a d\u00eda.\",\"breadcrumb\":{\"@id\":\"https:\\\/\\\/www.arenal.com\\\/blog\\\/maquillaje-casual-para-dia-a-dia#breadcrumb\"},\"inLanguage\":\"es\",\"potentialAction\":[{\"@type\":\"ReadAction\",\"target\":[\"https:\\\/\\\/www.arenal.com\\\/blog\\\/maquillaje-casual-para-dia-a-dia\"]}]},{\"@type\":\"ImageObject\",\"inLanguage\":\"es\",\"@id\":\"https:\\\/\\\/www.arenal.com\\\/blog\\\/maquillaje-casual-para-dia-a-dia#primaryimage\",\"url\":\"https:\\\/\\\/www.arenal.com\\\/blog\\\/wp-content\\\/uploads\\\/2022\\\/01\\\/8954796408862.jpeg\",\"contentUrl\":\"https:\\\/\\\/www.arenal.com\\\/blog\\\/wp-content\\\/uploads\\\/2022\\\/01\\\/8954796408862.jpeg\",\"width\":1140,\"height\":760,\"caption\":\"Maquillaje casual para el d\u00eda a d\u00eda con productos b\u00e1sicos\"},{\"@type\":\"BreadcrumbList\",\"@id\":\"https:\\\/\\\/www.arenal.com\\\/blog\\\/maquillaje-casual-para-dia-a-dia#breadcrumb\",\"itemListElement\":[{\"@type\":\"ListItem\",\"position\":1,\"name\":\"Tutoriales\",\"item\":\"https:\\\/\\\/www.arenal.com\\\/blog\\\/tutoriales\"},{\"@type\":\"ListItem\",\"position\":2,\"name\":\"Maquillaje casual para el d\u00eda a d\u00eda con productos b\u00e1sicos\"}]},{\"@type\":\"WebSite\",\"@id\":\"https:\\\/\\\/www.arenal.com\\\/blog\\\/#website\",\"url\":\"https:\\\/\\\/www.arenal.com\\\/blog\\\/\",\"name\":\"Blog de Arenal\",\"description\":\"\",\"potentialAction\":[{\"@type\":\"SearchAction\",\"target\":{\"@type\":\"EntryPoint\",\"urlTemplate\":\"https:\\\/\\\/www.arenal.com\\\/blog\\\/?s={search_term_string}\"},\"query-input\":{\"@type\":\"PropertyValueSpecification\",\"valueRequired\":true,\"valueName\":\"search_term_string\"}}],\"inLanguage\":\"es\"},{\"@type\":\"Person\",\"@id\":\"https:\\\/\\\/www.arenal.com\\\/blog\\\/#\\\/schema\\\/person\\\/5b0f9900f2fb7a87b0b8c40b98a29e31\",\"name\":\"hiberus\",\"image\":{\"@type\":\"ImageObject\",\"inLanguage\":\"es\",\"@id\":\"https:\\\/\\\/secure.gravatar.com\\\/avatar\\\/a0b97b568facc7d687254dae39c5cfb79af095aebc91173945f2a50629c9fe1a?s=96&d=mm&r=g\",\"url\":\"https:\\\/\\\/secure.gravatar.com\\\/avatar\\\/a0b97b568facc7d687254dae39c5cfb79af095aebc91173945f2a50629c9fe1a?s=96&d=mm&r=g\",\"contentUrl\":\"https:\\\/\\\/secure.gravatar.com\\\/avatar\\\/a0b97b568facc7d687254dae39c5cfb79af095aebc91173945f2a50629c9fe1a?s=96&d=mm&r=g\",\"caption\":\"hiberus\"},\"sameAs\":[\"https:\\\/\\\/www.arenal.com\"],\"url\":\"https:\\\/\\\/www.arenal.com\\\/blog\\\/author\\\/hiberus\"}]}<\/script>\n<!-- \/ Yoast SEO plugin. -->","yoast_head_json":{"title":"Maquillaje casual para el d\u00eda a d\u00eda | Blog de Arenal","description":"\u00bfNecesitas inspiraci\u00f3n para hacerte un maquillaje distinto para ir a la oficina? Descubre maquillaje para el d\u00eda a d\u00eda.","robots":{"index":"index","follow":"follow","max-snippet":"max-snippet:-1","max-image-preview":"max-image-preview:large","max-video-preview":"max-video-preview:-1"},"canonical":"https:\/\/www.arenal.com\/blog\/maquillaje-casual-para-dia-a-dia","og_locale":"es_ES","og_type":"article","og_title":"Maquillaje casual para el d\u00eda a d\u00eda con productos b\u00e1sicos | Blog de Arenal","og_description":"\u00bfNecesitas inspiraci\u00f3n para hacerte un maquillaje distinto para ir a la oficina? Descubre maquillaje para el d\u00eda a d\u00eda.","og_url":"https:\/\/www.arenal.com\/blog\/maquillaje-casual-para-dia-a-dia","og_site_name":"Blog de Arenal","article_published_time":"2018-10-29T23:32:16+00:00","article_modified_time":"2025-06-04T10:15:59+00:00","og_image":[{"width":1140,"height":760,"url":"https:\/\/www.arenal.com\/blog\/wp-content\/uploads\/2022\/01\/8954796408862.jpeg","type":"image\/jpeg"}],"author":"hiberus","twitter_card":"summary_large_image","twitter_title":"Maquillaje casual para el d\u00eda a d\u00eda con productos b\u00e1sicos | Blog de Arenal","twitter_misc":{"Escrito por":"hiberus","Tiempo de lectura":"3 minutos"},"schema":{"@context":"https:\/\/schema.org","@graph":[{"@type":"Article","@id":"https:\/\/www.arenal.com\/blog\/maquillaje-casual-para-dia-a-dia#article","isPartOf":{"@id":"https:\/\/www.arenal.com\/blog\/maquillaje-casual-para-dia-a-dia"},"author":{"name":"hiberus","@id":"https:\/\/www.arenal.com\/blog\/#\/schema\/person\/5b0f9900f2fb7a87b0b8c40b98a29e31"},"headline":"Maquillaje casual para el d\u00eda a d\u00eda con productos b\u00e1sicos","datePublished":"2018-10-29T23:32:16+00:00","dateModified":"2025-06-04T10:15:59+00:00","mainEntityOfPage":{"@id":"https:\/\/www.arenal.com\/blog\/maquillaje-casual-para-dia-a-dia"},"wordCount":735,"commentCount":0,"image":{"@id":"https:\/\/www.arenal.com\/blog\/maquillaje-casual-para-dia-a-dia#primaryimage"},"thumbnailUrl":"https:\/\/www.arenal.com\/blog\/wp-content\/uploads\/2022\/01\/8954796408862.jpeg","articleSection":["Tutoriales","Maquillaje"],"inLanguage":"es","potentialAction":[{"@type":"CommentAction","name":"Comment","target":["https:\/\/www.arenal.com\/blog\/maquillaje-casual-para-dia-a-dia#respond"]}]},{"@type":"WebPage","@id":"https:\/\/www.arenal.com\/blog\/maquillaje-casual-para-dia-a-dia","url":"https:\/\/www.arenal.com\/blog\/maquillaje-casual-para-dia-a-dia","name":"Maquillaje casual para el d\u00eda a d\u00eda | Blog de Arenal","isPartOf":{"@id":"https:\/\/www.arenal.com\/blog\/#website"},"primaryImageOfPage":{"@id":"https:\/\/www.arenal.com\/blog\/maquillaje-casual-para-dia-a-dia#primaryimage"},"image":{"@id":"https:\/\/www.arenal.com\/blog\/maquillaje-casual-para-dia-a-dia#primaryimage"},"thumbnailUrl":"https:\/\/www.arenal.com\/blog\/wp-content\/uploads\/2022\/01\/8954796408862.jpeg","datePublished":"2018-10-29T23:32:16+00:00","dateModified":"2025-06-04T10:15:59+00:00","author":{"@id":"https:\/\/www.arenal.com\/blog\/#\/schema\/person\/5b0f9900f2fb7a87b0b8c40b98a29e31"},"description":"\u00bfNecesitas inspiraci\u00f3n para hacerte un maquillaje distinto para ir a la oficina? Descubre maquillaje para el d\u00eda a d\u00eda.","breadcrumb":{"@id":"https:\/\/www.arenal.com\/blog\/maquillaje-casual-para-dia-a-dia#breadcrumb"},"inLanguage":"es","potentialAction":[{"@type":"ReadAction","target":["https:\/\/www.arenal.com\/blog\/maquillaje-casual-para-dia-a-dia"]}]},{"@type":"ImageObject","inLanguage":"es","@id":"https:\/\/www.arenal.com\/blog\/maquillaje-casual-para-dia-a-dia#primaryimage","url":"https:\/\/www.arenal.com\/blog\/wp-content\/uploads\/2022\/01\/8954796408862.jpeg","contentUrl":"https:\/\/www.arenal.com\/blog\/wp-content\/uploads\/2022\/01\/8954796408862.jpeg","width":1140,"height":760,"caption":"Maquillaje casual para el d\u00eda a d\u00eda con productos b\u00e1sicos"},{"@type":"BreadcrumbList","@id":"https:\/\/www.arenal.com\/blog\/maquillaje-casual-para-dia-a-dia#breadcrumb","itemListElement":[{"@type":"ListItem","position":1,"name":"Tutoriales","item":"https:\/\/www.arenal.com\/blog\/tutoriales"},{"@type":"ListItem","position":2,"name":"Maquillaje casual para el d\u00eda a d\u00eda con productos b\u00e1sicos"}]},{"@type":"WebSite","@id":"https:\/\/www.arenal.com\/blog\/#website","url":"https:\/\/www.arenal.com\/blog\/","name":"Blog de Arenal","description":"","potentialAction":[{"@type":"SearchAction","target":{"@type":"EntryPoint","urlTemplate":"https:\/\/www.arenal.com\/blog\/?s={search_term_string}"},"query-input":{"@type":"PropertyValueSpecification","valueRequired":true,"valueName":"search_term_string"}}],"inLanguage":"es"},{"@type":"Person","@id":"https:\/\/www.arenal.com\/blog\/#\/schema\/person\/5b0f9900f2fb7a87b0b8c40b98a29e31","name":"hiberus","image":{"@type":"ImageObject","inLanguage":"es","@id":"https:\/\/secure.gravatar.com\/avatar\/a0b97b568facc7d687254dae39c5cfb79af095aebc91173945f2a50629c9fe1a?s=96&d=mm&r=g","url":"https:\/\/secure.gravatar.com\/avatar\/a0b97b568facc7d687254dae39c5cfb79af095aebc91173945f2a50629c9fe1a?s=96&d=mm&r=g","contentUrl":"https:\/\/secure.gravatar.com\/avatar\/a0b97b568facc7d687254dae39c5cfb79af095aebc91173945f2a50629c9fe1a?s=96&d=mm&r=g","caption":"hiberus"},"sameAs":["https:\/\/www.arenal.com"],"url":"https:\/\/www.arenal.com\/blog\/author\/hiberus"}]}},"_links":{"self":[{"href":"https:\/\/www.arenal.com\/blog\/wp-json\/wp\/v2\/posts\/857","targetHints":{"allow":["GET"]}}],"collection":[{"href":"https:\/\/www.arenal.com\/blog\/wp-json\/wp\/v2\/posts"}],"about":[{"href":"https:\/\/www.arenal.com\/blog\/wp-json\/wp\/v2\/types\/post"}],"author":[{"embeddable":true,"href":"https:\/\/www.arenal.com\/blog\/wp-json\/wp\/v2\/users\/1"}],"replies":[{"embeddable":true,"href":"https:\/\/www.arenal.com\/blog\/wp-json\/wp\/v2\/comments?post=857"}],"version-history":[{"count":6,"href":"https:\/\/www.arenal.com\/blog\/wp-json\/wp\/v2\/posts\/857\/revisions"}],"predecessor-version":[{"id":5622,"href":"https:\/\/www.arenal.com\/blog\/wp-json\/wp\/v2\/posts\/857\/revisions\/5622"}],"wp:featuredmedia":[{"embeddable":true,"href":"https:\/\/www.arenal.com\/blog\/wp-json\/wp\/v2\/media\/1337"}],"wp:attachment":[{"href":"https:\/\/www.arenal.com\/blog\/wp-json\/wp\/v2\/media?parent=857"}],"wp:term":[{"taxonomy":"category","embeddable":true,"href":"https:\/\/www.arenal.com\/blog\/wp-json\/wp\/v2\/categories?post=857"},{"taxonomy":"post_tag","embeddable":true,"href":"https:\/\/www.arenal.com\/blog\/wp-json\/wp\/v2\/tags?post=857"}],"curies":[{"name":"wp","href":"https:\/\/api.w.org\/{rel}","templated":true}]}}