{"id":7830,"date":"2025-09-19T07:00:00","date_gmt":"2025-09-19T06:00:00","guid":{"rendered":"https:\/\/www.arenal.com\/blog\/?p=7830"},"modified":"2025-09-29T16:32:39","modified_gmt":"2025-09-29T15:32:39","slug":"el-bano-del-bebe-prepara-una-rutina-magica-para-tu-peque","status":"publish","type":"post","link":"https:\/\/www.arenal.com\/blog\/el-bano-del-bebe-prepara-una-rutina-magica-para-tu-peque","title":{"rendered":"El ba\u00f1o del beb\u00e9: prepara una rutina m\u00e1gica para tu peque\u00a0"},"content":{"rendered":"\n<p><strong>El ba\u00f1o del beb\u00e9, m\u00e1s all\u00e1 de la limpieza, ofrece una oportunidad de fortalecer los v\u00ednculos emocionales entre el beb\u00e9 y sus cuidadores. <\/strong>Es un momento de ternura y<strong> conexi\u00f3n<\/strong> que ofrece un <strong>espacio de relajaci\u00f3n que contribuye al bienestar emocional del peque\u00f1o<\/strong>. Con los cuidados adecuados y una rutina bien organizada, el ba\u00f1o puede transformarse en un instante m\u00e1gico que el beb\u00e9 no solo disfrutar\u00e1 sino que tambi\u00e9n aprovechar\u00e1.&nbsp;<\/p>\n\n\n\n<div id=\"ez-toc-container\" class=\"ez-toc-v2_0_82_2 counter-hierarchy ez-toc-counter ez-toc-custom ez-toc-container-direction\">\n<div class=\"ez-toc-title-container\">\n<p class=\"ez-toc-title\" style=\"cursor:inherit\">Indice de contenidos<\/p>\n<span class=\"ez-toc-title-toggle\"><a href=\"#\" class=\"ez-toc-pull-right ez-toc-btn ez-toc-btn-xs ez-toc-btn-default ez-toc-toggle\" aria-label=\"Alternar tabla de contenidos\"><span class=\"ez-toc-js-icon-con\"><span class=\"\"><span class=\"eztoc-hide\" style=\"display:none;\">Toggle<\/span><span class=\"ez-toc-icon-toggle-span\"><svg style=\"fill: #000000;color:#000000\" xmlns=\"http:\/\/www.w3.org\/2000\/svg\" class=\"list-377408\" width=\"20px\" height=\"20px\" viewBox=\"0 0 24 24\" fill=\"none\"><path d=\"M6 6H4v2h2V6zm14 0H8v2h12V6zM4 11h2v2H4v-2zm16 0H8v2h12v-2zM4 16h2v2H4v-2zm16 0H8v2h12v-2z\" fill=\"currentColor\"><\/path><\/svg><svg style=\"fill: #000000;color:#000000\" class=\"arrow-unsorted-368013\" xmlns=\"http:\/\/www.w3.org\/2000\/svg\" width=\"10px\" height=\"10px\" viewBox=\"0 0 24 24\" version=\"1.2\" baseProfile=\"tiny\"><path d=\"M18.2 9.3l-6.2-6.3-6.2 6.3c-.2.2-.3.4-.3.7s.1.5.3.7c.2.2.4.3.7.3h11c.3 0 .5-.1.7-.3.2-.2.3-.5.3-.7s-.1-.5-.3-.7zM5.8 14.7l6.2 6.3 6.2-6.3c.2-.2.3-.5.3-.7s-.1-.5-.3-.7c-.2-.2-.4-.3-.7-.3h-11c-.3 0-.5.1-.7.3-.2.2-.3.5-.3.7s.1.5.3.7z\"\/><\/svg><\/span><\/span><\/span><\/a><\/span><\/div>\n<nav><ul class='ez-toc-list ez-toc-list-level-1 ' ><li class='ez-toc-page-1 ez-toc-heading-level-2'><a class=\"ez-toc-link ez-toc-heading-1\" href=\"https:\/\/www.arenal.com\/blog\/el-bano-del-bebe-prepara-una-rutina-magica-para-tu-peque\/#%C2%BFCual_es_la_importancia_de_la_hora_del_bano_del_bebe\" >\u00bfCu\u00e1l es la importancia de la hora del ba\u00f1o del beb\u00e9?&nbsp;<\/a><\/li><li class='ez-toc-page-1 ez-toc-heading-level-2'><a class=\"ez-toc-link ez-toc-heading-2\" href=\"https:\/\/www.arenal.com\/blog\/el-bano-del-bebe-prepara-una-rutina-magica-para-tu-peque\/#%C2%BFCada_cuanto_hay_que_banar_al_bebe\" >\u00bfCada cu\u00e1nto hay que ba\u00f1ar al beb\u00e9?&nbsp;<\/a><\/li><li class='ez-toc-page-1 ez-toc-heading-level-2'><a class=\"ez-toc-link ez-toc-heading-3\" href=\"https:\/\/www.arenal.com\/blog\/el-bano-del-bebe-prepara-una-rutina-magica-para-tu-peque\/#%C2%BFComo_es_la_rutina_de_bano_para_bebes_perfecta\" >\u00bfC\u00f3mo es la rutina de ba\u00f1o para beb\u00e9s perfecta?&nbsp;<\/a><ul class='ez-toc-list-level-3' ><li class='ez-toc-heading-level-3'><a class=\"ez-toc-link ez-toc-heading-4\" href=\"https:\/\/www.arenal.com\/blog\/el-bano-del-bebe-prepara-una-rutina-magica-para-tu-peque\/#Preparar_el_espacio_con_antelacion\" >Preparar el espacio con antelaci\u00f3n&nbsp;<\/a><\/li><li class='ez-toc-page-1 ez-toc-heading-level-3'><a class=\"ez-toc-link ez-toc-heading-5\" href=\"https:\/\/www.arenal.com\/blog\/el-bano-del-bebe-prepara-una-rutina-magica-para-tu-peque\/#Controlar_la_temperatura_del_agua\" >Controlar la temperatura del agua&nbsp;<\/a><\/li><li class='ez-toc-page-1 ez-toc-heading-level-3'><a class=\"ez-toc-link ez-toc-heading-6\" href=\"https:\/\/www.arenal.com\/blog\/el-bano-del-bebe-prepara-una-rutina-magica-para-tu-peque\/#Introducir_al_bebe_con_suavidad\" >Introducir al beb\u00e9 con suavidad&nbsp;<\/a><\/li><li class='ez-toc-page-1 ez-toc-heading-level-3'><a class=\"ez-toc-link ez-toc-heading-7\" href=\"https:\/\/www.arenal.com\/blog\/el-bano-del-bebe-prepara-una-rutina-magica-para-tu-peque\/#Orden_de_limpieza_recomendado\" >Orden de limpieza recomendado&nbsp;<\/a><\/li><li class='ez-toc-page-1 ez-toc-heading-level-3'><a class=\"ez-toc-link ez-toc-heading-8\" href=\"https:\/\/www.arenal.com\/blog\/el-bano-del-bebe-prepara-una-rutina-magica-para-tu-peque\/#El_secado_y_la_hidratacion\" >El secado y la hidrataci\u00f3n&nbsp;<\/a><\/li><li class='ez-toc-page-1 ez-toc-heading-level-3'><a class=\"ez-toc-link ez-toc-heading-9\" href=\"https:\/\/www.arenal.com\/blog\/el-bano-del-bebe-prepara-una-rutina-magica-para-tu-peque\/#Incorporar_un_masaje_relajante\" >Incorporar un masaje relajante&nbsp;<\/a><\/li><li class='ez-toc-page-1 ez-toc-heading-level-3'><a class=\"ez-toc-link ez-toc-heading-10\" href=\"https:\/\/www.arenal.com\/blog\/el-bano-del-bebe-prepara-una-rutina-magica-para-tu-peque\/#Momento_de_vestir_y_acurrucar\" >Momento de vestir y acurrucar&nbsp;<\/a><\/li><li class='ez-toc-page-1 ez-toc-heading-level-3'><a class=\"ez-toc-link ez-toc-heading-11\" href=\"https:\/\/www.arenal.com\/blog\/el-bano-del-bebe-prepara-una-rutina-magica-para-tu-peque\/#Productos_imprescindibles_para_el_bano_del_bebe\" >Productos imprescindibles para el ba\u00f1o del beb\u00e9&nbsp;<\/a><\/li><\/ul><\/li><li class='ez-toc-page-1 ez-toc-heading-level-2'><a class=\"ez-toc-link ez-toc-heading-12\" href=\"https:\/\/www.arenal.com\/blog\/el-bano-del-bebe-prepara-una-rutina-magica-para-tu-peque\/#Preguntas_frecuentes\" >Preguntas frecuentes<\/a><\/li><\/ul><\/nav><\/div>\n<h2 class=\"wp-block-heading\"><span class=\"ez-toc-section\" id=\"%C2%BFCual_es_la_importancia_de_la_hora_del_bano_del_bebe\"><\/span>\u00bfCu\u00e1l es la importancia de la hora del ba\u00f1o del beb\u00e9?&nbsp;<span class=\"ez-toc-section-end\"><\/span><\/h2>\n\n\n\n<p><strong>Ba\u00f1ar a un reci\u00e9n nacido no solo sirve para mantenerlo limpio, tambi\u00e9n cumple una funci\u00f3n emocional y fisiol\u00f3gica.<\/strong> El contacto con el agua estimula sus sentidos, favorece la circulaci\u00f3n y relaja la musculatura tras un d\u00eda de actividad y aprendizajes. Adem\u00e1s, <strong>la hora del ba\u00f1o ayuda a instaurar rutinas<\/strong> que aportan seguridad, ya que los beb\u00e9s se sienten m\u00e1s tranquilos cuando saben qu\u00e9 va a ocurrir.&nbsp;<\/p>\n\n\n\n<p>Otro de los grandes beneficios es que <strong>el ba\u00f1o nocturno suele preparar al beb\u00e9 para el descanso.<\/strong> El agua tibia produce un efecto relajante, lo que facilita que concilien el sue\u00f1o de manera m\u00e1s profunda. Por todo ello, el ba\u00f1o es un momento esencial de la <a href=\"https:\/\/www.arenal.com\/higiene\/higiene-infantil\/c\/1_0000000815\" target=\"_blank\" rel=\"noreferrer noopener\"><strong>higiene infantil<\/strong><\/a>, pero tambi\u00e9n de su desarrollo emocional.&nbsp;<\/p>\n\n\n\n<figure class=\"wp-block-image size-large\"><img loading=\"lazy\" decoding=\"async\" width=\"1024\" height=\"683\" src=\"https:\/\/www.arenal.com\/blog\/wp-content\/uploads\/2025\/09\/productos-bano-bebe-1024x683.jpg\" alt=\"Ba\u00f1o del bebe\" class=\"wp-image-7932\" srcset=\"https:\/\/www.arenal.com\/blog\/wp-content\/uploads\/2025\/09\/productos-bano-bebe-1024x683.jpg 1024w, https:\/\/www.arenal.com\/blog\/wp-content\/uploads\/2025\/09\/productos-bano-bebe-300x200.jpg 300w, https:\/\/www.arenal.com\/blog\/wp-content\/uploads\/2025\/09\/productos-bano-bebe-768x512.jpg 768w, https:\/\/www.arenal.com\/blog\/wp-content\/uploads\/2025\/09\/productos-bano-bebe.jpg 1140w\" sizes=\"auto, (max-width: 1024px) 100vw, 1024px\" \/><\/figure>\n\n\n\n<h2 class=\"wp-block-heading\"><span class=\"ez-toc-section\" id=\"%C2%BFCada_cuanto_hay_que_banar_al_bebe\"><\/span>\u00bfCada cu\u00e1nto hay que ba\u00f1ar al beb\u00e9?&nbsp;<span class=\"ez-toc-section-end\"><\/span><\/h2>\n\n\n\n<p><strong>La frecuencia del ba\u00f1o es una de las dudas m\u00e1s comunes entre los padres y madres<\/strong>. En los primeros d\u00edas de vida, lo recomendable es realizar ba\u00f1os con esponja hasta que el cord\u00f3n umbilical cicatrice. A partir de entonces, <strong>no es necesario ba\u00f1ar al beb\u00e9 diariamente<\/strong>; con dos o tres veces por semana suele ser suficiente. Sin embargo, muchos padres optan por hacerlo cada noche porque el agua tibia les ayuda a relajar al peque\u00f1o antes de dormir.&nbsp;<\/p>\n\n\n\n<p><strong>Es importante recordar que la piel del beb\u00e9 es muy delicada y un exceso de ba\u00f1os podr\u00eda resecarla. <\/strong>Si decides espaciar los ba\u00f1os, puedes mantener la higiene diaria limpiando las zonas m\u00e1s expuestas, como la cara, el cuello, las manos y el \u00e1rea del pa\u00f1al, con el apoyo de productos suaves y seguros como <a href=\"https:\/\/www.arenal.com\/higiene\/higiene-infantil\/toallitas-humedas-infantiles\/c\/1_0000000823\" target=\"_blank\" rel=\"noreferrer noopener\"><strong>toallitas infantiles<\/strong><\/a><strong> y <\/strong><a href=\"https:\/\/www.arenal.com\/higiene\/higiene-infantil\/esponjas-infantiles\/c\/1_0000000821\" target=\"_blank\" rel=\"noreferrer noopener\"><strong>esponjas para bebes<\/strong><\/a>. As\u00ed se logra un equilibrio perfecto entre limpieza y cuidado de la piel.&nbsp;<\/p>\n\n\n\n<h2 class=\"wp-block-heading\"><span class=\"ez-toc-section\" id=\"%C2%BFComo_es_la_rutina_de_bano_para_bebes_perfecta\"><\/span>\u00bfC\u00f3mo es la rutina de ba\u00f1o para beb\u00e9s perfecta?&nbsp;<span class=\"ez-toc-section-end\"><\/span><\/h2>\n\n\n\n<p>La rutina de ba\u00f1o ideal no consiste \u00fanicamente en limpiar, sino en crear un ambiente adecuado para <strong>compartir un momento \u00edntimo y tierno entre beb\u00e9 y cuidador o cuidadora.<\/strong>&nbsp;<\/p>\n\n\n\n<h3 class=\"wp-block-heading\"><span class=\"ez-toc-section\" id=\"Preparar_el_espacio_con_antelacion\"><\/span>Preparar el espacio con antelaci\u00f3n&nbsp;<span class=\"ez-toc-section-end\"><\/span><\/h3>\n\n\n\n<p>Antes de empezar, aseg\u00farate de que la <strong>habitaci\u00f3n est\u00e9 a una temperatura agradable<\/strong>, sin corrientes de aire. Ten a mano la ba\u00f1era, el agua tibia, una toalla suave, pa\u00f1ales limpios y la ropa que el beb\u00e9 usar\u00e1 despu\u00e9s. Disponerlo todo con antelaci\u00f3n <strong>evita interrupciones y permite mantener al peque\u00f1o seguro<\/strong> en todo momento.&nbsp;<\/p>\n\n\n\n<h3 class=\"wp-block-heading\"><span class=\"ez-toc-section\" id=\"Controlar_la_temperatura_del_agua\"><\/span>Controlar la temperatura del agua&nbsp;<span class=\"ez-toc-section-end\"><\/span><\/h3>\n\n\n\n<p><strong>El agua debe rondar los 36-37 grados<\/strong>. Puedes comprobarla con un term\u00f3metro de ba\u00f1o o con la parte interna de tu mu\u00f1eca. Una temperatura adecuada proporciona confort al beb\u00e9 y reduce el riesgo de enfriamiento o quemaduras.&nbsp;<\/p>\n\n\n\n<h3 class=\"wp-block-heading\"><span class=\"ez-toc-section\" id=\"Introducir_al_bebe_con_suavidad\"><\/span>Introducir al beb\u00e9 con suavidad&nbsp;<span class=\"ez-toc-section-end\"><\/span><\/h3>\n\n\n\n<p><strong>Sujeta al peque\u00f1o con firmeza pero de manera delicada<\/strong>, apoyando su cabeza y cuello. Sum\u00e9rgelo lentamente para que se acostumbre al contacto con el agua. El movimiento pausado le da seguridad y transforma el ba\u00f1o en un momento placentero.&nbsp;<\/p>\n\n\n\n<h3 class=\"wp-block-heading\"><span class=\"ez-toc-section\" id=\"Orden_de_limpieza_recomendado\"><\/span>Orden de limpieza recomendado&nbsp;<span class=\"ez-toc-section-end\"><\/span><\/h3>\n\n\n\n<p><strong>Comienza lavando la cara con agua limpia y una esponja suave<\/strong>. Despu\u00e9s, contin\u00faa con brazos, pecho y piernas. La zona del pa\u00f1al y los pliegues de la piel deben dejarse para el final, evitando que el agua se ensucie antes de tiempo.&nbsp;<\/p>\n\n\n\n<h3 class=\"wp-block-heading\"><span class=\"ez-toc-section\" id=\"El_secado_y_la_hidratacion\"><\/span>El secado y la hidrataci\u00f3n&nbsp;<span class=\"ez-toc-section-end\"><\/span><\/h3>\n\n\n\n<p>Al sacar al beb\u00e9, <strong>envu\u00e9lvelo inmediatamente en una toalla c\u00e1lida y seca<\/strong>. Da peque\u00f1os toques, sin frotar, para no irritar su piel. Luego, aplica <a href=\"https:\/\/www.arenal.com\/higiene\/higiene-infantil\/cremas-infantiles\/c\/1_0000001119\" target=\"_blank\" rel=\"noreferrer noopener\"><strong>cremas infantiles<\/strong><\/a> o lociones espec\u00edficas para mantener la piel nutrida y evitar la sequedad.&nbsp;<\/p>\n\n\n\n<h3 class=\"wp-block-heading\"><span class=\"ez-toc-section\" id=\"Incorporar_un_masaje_relajante\"><\/span>Incorporar un masaje relajante&nbsp;<span class=\"ez-toc-section-end\"><\/span><\/h3>\n\n\n\n<p>Tras la hidrataci\u00f3n, muchos padres y madres <strong>aprovechan para dar un masaje suave con <\/strong><a href=\"https:\/\/www.arenal.com\/higiene\/higiene-infantil\/aceites-infantiles\/c\/1_0000001122\" target=\"_blank\" rel=\"noreferrer noopener\"><strong>aceites infantiles<\/strong><\/a><strong>. <\/strong>Este gesto no solo mejora la circulaci\u00f3n, sino que fortalece el v\u00ednculo afectivo y ayuda al beb\u00e9 a relajarse antes de dormir.&nbsp;<\/p>\n\n\n\n<h3 class=\"wp-block-heading\"><span class=\"ez-toc-section\" id=\"Momento_de_vestir_y_acurrucar\"><\/span>Momento de vestir y acurrucar&nbsp;<span class=\"ez-toc-section-end\"><\/span><\/h3>\n\n\n\n<p>Finalmente, <strong>coloca un pa\u00f1al limpio y viste al beb\u00e9 con ropa c\u00f3moda<\/strong>. El cierre de la rutina puede acompa\u00f1arse de <strong>canciones suaves, nanas o incluso una caricia tranquila<\/strong> que el peque\u00f1o asociar\u00e1 con la calma antes de descansar.&nbsp;<\/p>\n\n\n\n<h3 class=\"wp-block-heading\"><span class=\"ez-toc-section\" id=\"Productos_imprescindibles_para_el_bano_del_bebe\"><\/span>Productos imprescindibles para el ba\u00f1o del beb\u00e9&nbsp;<span class=\"ez-toc-section-end\"><\/span><\/h3>\n\n\n\n<p>Para que la experiencia sea completa, <strong>contar con los productos adecuados es clave<\/strong>. Cada detalle importa, desde la ba\u00f1era hasta los cosm\u00e9ticos. Estos son algunos de los productos que no te pueden faltar:&nbsp;<\/p>\n\n\n\n<ul class=\"wp-block-list\">\n<li style=\"margin-left:25px\"><strong>\u25cf<\/strong> <strong>Esponjas infantiles<\/strong>: ideales para limpiar suavemente sin da\u00f1ar la piel. Se adaptan a la delicadeza de los reci\u00e9n nacidos y hacen m\u00e1s agradable el contacto con el agua.&nbsp;<\/li>\n<\/ul>\n\n\n\n<ul class=\"wp-block-list\">\n<li style=\"margin-left:25px\"><strong>\u25cf<\/strong> <a href=\"https:\/\/www.arenal.com\/higiene\/higiene-infantil\/geles-infantiles\/c\/1_0000001120\" target=\"_blank\" rel=\"noreferrer noopener\"><strong>Geles para ni\u00f1os y ni\u00f1as<\/strong><\/a>: formulados con ingredientes suaves, limpian sin alterar la barrera natural de la piel. Suelen estar libres de perfumes agresivos y se aclaran f\u00e1cilmente.&nbsp;<\/li>\n<\/ul>\n\n\n\n<ul class=\"wp-block-list\">\n<li style=\"margin-left:25px\"><strong>\u25cf<\/strong> <a href=\"https:\/\/www.arenal.com\/higiene\/higiene-infantil\/champus-infantiles\/c\/1_0000001121\" target=\"_blank\" rel=\"noreferrer noopener\"><strong>Champ\u00fas infantiles<\/strong><\/a>: dise\u00f1ados para no irritar los ojos ni el cuero cabelludo. Aportan frescor y suavidad al cabello del beb\u00e9.&nbsp;<\/li>\n<\/ul>\n\n\n\n<ul class=\"wp-block-list\">\n<li style=\"margin-left:25px\"><strong>\u25cf<\/strong> <a href=\"https:\/\/www.arenal.com\/higiene\/higiene-infantil\/colonias-infantiles\/c\/1_0000000822\" target=\"_blank\" rel=\"noreferrer noopener\"><strong>Colonias de beb\u00e9<\/strong><\/a>: aportan un aroma fresco y delicado, siempre con f\u00f3rmulas adaptadas a pieles infantiles para evitar reacciones.&nbsp;<\/li>\n<\/ul>\n\n\n\n<p>M\u00e1s all\u00e1 del ba\u00f1o, <strong>la rutina de cuidado tambi\u00e9n incluye h\u00e1bitos como<\/strong> <a href=\"https:\/\/www.arenal.com\/blog\/cepillar-dientes-bebe\" target=\"_blank\" rel=\"noreferrer noopener\"><strong>cepillar los dientes del beb\u00e9<\/strong><\/a> en cuanto aparece el primer diente, empleando la <a href=\"https:\/\/www.arenal.com\/blog\/mejor-pasta-dientes-infantil\" target=\"_blank\" rel=\"noreferrer noopener\"><strong>mejor pasta de dientes infantil<\/strong><\/a> para proteger su boca desde el inicio. As\u00ed, la higiene se entiende como un conjunto de gestos diarios que acompa\u00f1an el crecimiento del peque\u00f1o.&nbsp;<\/p>\n\n\n\n<p><strong>El ba\u00f1o del beb\u00e9 es uno de los momentos m\u00e1s especiales de la infancia<\/strong>, una oportunidad para reforzar el v\u00ednculo con los padres, promover la relajaci\u00f3n y establecer <strong>h\u00e1bitos de cuidado que marcar\u00e1n el futuro<\/strong>.&nbsp;&nbsp;<\/p>\n\n\n\n<figure class=\"wp-block-image size-large\"><img loading=\"lazy\" decoding=\"async\" width=\"1024\" height=\"683\" src=\"https:\/\/www.arenal.com\/blog\/wp-content\/uploads\/2025\/09\/rutina-bano-bebe-1024x683.jpg\" alt=\"Ba\u00f1o del bebe\" class=\"wp-image-7931\" srcset=\"https:\/\/www.arenal.com\/blog\/wp-content\/uploads\/2025\/09\/rutina-bano-bebe-1024x683.jpg 1024w, https:\/\/www.arenal.com\/blog\/wp-content\/uploads\/2025\/09\/rutina-bano-bebe-300x200.jpg 300w, https:\/\/www.arenal.com\/blog\/wp-content\/uploads\/2025\/09\/rutina-bano-bebe-768x512.jpg 768w, https:\/\/www.arenal.com\/blog\/wp-content\/uploads\/2025\/09\/rutina-bano-bebe.jpg 1140w\" sizes=\"auto, (max-width: 1024px) 100vw, 1024px\" \/><\/figure>\n\n\n\n<h2 class=\"wp-block-heading\"><span class=\"ez-toc-section\" id=\"Preguntas_frecuentes\"><\/span><strong>Preguntas frecuentes<\/strong><span class=\"ez-toc-section-end\"><\/span><\/h2>\n\n\n<div class=\"wp-block-ub-content-toggle wp-block-ub-content-toggle-block\" id=\"ub-content-toggle-block-0c7308c7-908a-4e0e-aadc-38fab5479286\" data-mobilecollapse=\"false\" data-desktopcollapse=\"false\" data-preventcollapse=\"false\" data-showonlyone=\"false\">\n<div class=\"wp-block-ub-content-toggle-accordion\" style=\"border-color: #f1f1f1; \" id=\"ub-content-toggle-panel-block-\">\n\t\t\t<div class=\"wp-block-ub-content-toggle-accordion-title-wrap\" style=\"background-color: #f1f1f1;\" aria-controls=\"ub-content-toggle-panel-0-0c7308c7-908a-4e0e-aadc-38fab5479286\" tabindex=\"0\">\n\t\t\t<p class=\"wp-block-ub-content-toggle-accordion-title ub-content-toggle-title-0c7308c7-908a-4e0e-aadc-38fab5479286\" style=\"color: #000000; \"><strong>\u00bfCu\u00e1ntas veces puedo ba\u00f1ar a mi beb\u00e9 de 10 meses?<\/strong>\u00a0<\/p>\n\t\t\t<div class=\"wp-block-ub-content-toggle-accordion-toggle-wrap right\" style=\"color: #000000;\"><span class=\"wp-block-ub-content-toggle-accordion-state-indicator wp-block-ub-chevron-down open\"><\/span><\/div>\n\t\t<\/div>\n\t\t\t<div role=\"region\" aria-expanded=\"true\" class=\"wp-block-ub-content-toggle-accordion-content-wrap\" id=\"ub-content-toggle-panel-0-0c7308c7-908a-4e0e-aadc-38fab5479286\">\n\n<p>Puedes ba\u00f1ar a tu beb\u00e9 de 10 meses una vez al d\u00eda, siempre y cuando su piel est\u00e9 saludable y no est\u00e9 excesivamente seca. Algunos beb\u00e9s no necesitan ba\u00f1o diario si no est\u00e1n muy sucios, ya que la piel de los m\u00e1s peque\u00f1os es delicada. Puedes optar por un ba\u00f1o m\u00e1s ligero con solo agua en los d\u00edas que no sea necesario un ba\u00f1o completo.\u00a0<\/p>\n\n<\/div>\n\t\t<\/div>\n\n<div class=\"wp-block-ub-content-toggle-accordion\" style=\"border-color: #f1f1f1; \" id=\"ub-content-toggle-panel-block-\">\n\t\t\t<div class=\"wp-block-ub-content-toggle-accordion-title-wrap\" style=\"background-color: #f1f1f1;\" aria-controls=\"ub-content-toggle-panel-1-0c7308c7-908a-4e0e-aadc-38fab5479286\" tabindex=\"0\">\n\t\t\t<p class=\"wp-block-ub-content-toggle-accordion-title ub-content-toggle-title-0c7308c7-908a-4e0e-aadc-38fab5479286\" style=\"color: #000000; \"><strong>\u00bfQu\u00e9 pasa si ba\u00f1o a mi beb\u00e9 a las 6 de la ma\u00f1ana?<\/strong>\u00a0<\/p>\n\t\t\t<div class=\"wp-block-ub-content-toggle-accordion-toggle-wrap right\" style=\"color: #000000;\"><span class=\"wp-block-ub-content-toggle-accordion-state-indicator wp-block-ub-chevron-down open\"><\/span><\/div>\n\t\t<\/div>\n\t\t\t<div role=\"region\" aria-expanded=\"true\" class=\"wp-block-ub-content-toggle-accordion-content-wrap\" id=\"ub-content-toggle-panel-1-0c7308c7-908a-4e0e-aadc-38fab5479286\">\n\n<p>Ba\u00f1os a las 6 de la ma\u00f1ana generalmente no afectan al beb\u00e9, siempre y cuando no interrumpan su ciclo de sue\u00f1o o lo despierten bruscamente. Sin embargo, es importante que el ba\u00f1o sea relajante y no cause incomodidad, por lo que si el beb\u00e9 est\u00e1 demasiado dormido o irritable, podr\u00eda ser mejor esperar a un horario m\u00e1s adecuado.\u00a0<\/p>\n\n<\/div>\n\t\t<\/div>\n\n<div class=\"wp-block-ub-content-toggle-accordion\" style=\"border-color: #f1f1f1; \" id=\"ub-content-toggle-panel-block-\">\n\t\t\t<div class=\"wp-block-ub-content-toggle-accordion-title-wrap\" style=\"background-color: #f1f1f1;\" aria-controls=\"ub-content-toggle-panel-2-0c7308c7-908a-4e0e-aadc-38fab5479286\" tabindex=\"0\">\n\t\t\t<p class=\"wp-block-ub-content-toggle-accordion-title ub-content-toggle-title-0c7308c7-908a-4e0e-aadc-38fab5479286\" style=\"color: #000000; \"><strong>\u00bfQu\u00e9 horario es recomendable ba\u00f1ar a un beb\u00e9?<\/strong>\u00a0<\/p>\n\t\t\t<div class=\"wp-block-ub-content-toggle-accordion-toggle-wrap right\" style=\"color: #000000;\"><span class=\"wp-block-ub-content-toggle-accordion-state-indicator wp-block-ub-chevron-down open\"><\/span><\/div>\n\t\t<\/div>\n\t\t\t<div role=\"region\" aria-expanded=\"true\" class=\"wp-block-ub-content-toggle-accordion-content-wrap\" id=\"ub-content-toggle-panel-2-0c7308c7-908a-4e0e-aadc-38fab5479286\">\n\n<p>El horario recomendable para ba\u00f1ar a un beb\u00e9 depende de su rutina y necesidades. Generalmente, el mejor momento es antes de la siesta o justo antes de la hora de dormir, ya que el agua tibia puede relajarlo y ayudarlo a dormir mejor. Evitarlo inmediatamente despu\u00e9s de las comidas o si el beb\u00e9 est\u00e1 demasiado cansado es una buena pr\u00e1ctica.\u00a0<\/p>\n\n<\/div>\n\t\t<\/div>\n\n<div class=\"wp-block-ub-content-toggle-accordion\" style=\"border-color: #f1f1f1; \" id=\"ub-content-toggle-panel-block-\">\n\t\t\t<div class=\"wp-block-ub-content-toggle-accordion-title-wrap\" style=\"background-color: #f1f1f1;\" aria-controls=\"ub-content-toggle-panel-3-0c7308c7-908a-4e0e-aadc-38fab5479286\" tabindex=\"0\">\n\t\t\t<p class=\"wp-block-ub-content-toggle-accordion-title ub-content-toggle-title-0c7308c7-908a-4e0e-aadc-38fab5479286\" style=\"color: #000000; \"><strong>\u00bfCu\u00e1nto tiempo debe durar el ba\u00f1o de un beb\u00e9?<\/strong>\u00a0<\/p>\n\t\t\t<div class=\"wp-block-ub-content-toggle-accordion-toggle-wrap right\" style=\"color: #000000;\"><span class=\"wp-block-ub-content-toggle-accordion-state-indicator wp-block-ub-chevron-down open\"><\/span><\/div>\n\t\t<\/div>\n\t\t\t<div role=\"region\" aria-expanded=\"true\" class=\"wp-block-ub-content-toggle-accordion-content-wrap\" id=\"ub-content-toggle-panel-3-0c7308c7-908a-4e0e-aadc-38fab5479286\">\n\n<p>El ba\u00f1o de un beb\u00e9 debe durar entre 5 y 10 minutos, ya que la piel de los m\u00e1s peque\u00f1os es sensible y no necesita un ba\u00f1o largo. Un ba\u00f1o corto con agua tibia es suficiente para mantenerlo limpio sin irritar su piel.\u00a0<\/p>\n\n<\/div>\n\t\t<\/div>\n<\/div>","protected":false},"excerpt":{"rendered":"<p>Haz del ba\u00f1o un momento especial. Consejos para crear una rutina de higiene y relajaci\u00f3n para tu beb\u00e9.<\/p>\n","protected":false},"author":2,"featured_media":7933,"comment_status":"open","ping_status":"open","sticky":false,"template":"","format":"standard","meta":{"footnotes":""},"categories":[622],"tags":[],"class_list":["post-7830","post","type-post","status-publish","format-standard","has-post-thumbnail","hentry","category-cosmetica-dermocosmetica"],"featured_image_src":"https:\/\/www.arenal.com\/blog\/wp-content\/uploads\/2025\/09\/bano-del-bebe.jpg","author_info":{"display_name":"arenal","author_link":"https:\/\/www.arenal.com\/blog\/author\/arenal"},"yoast_head":"<!-- This site is optimized with the Yoast SEO plugin v27.4 - https:\/\/yoast.com\/product\/yoast-seo-wordpress\/ -->\n<title>El ba\u00f1o del beb\u00e9: prepara una rutina m\u00e1gica para tu peque<\/title>\n<meta name=\"description\" content=\"Haz del ba\u00f1o un momento especial. Consejos para crear una rutina de higiene y relajaci\u00f3n para tu beb\u00e9.\" \/>\n<meta name=\"robots\" content=\"index, follow, max-snippet:-1, max-image-preview:large, max-video-preview:-1\" \/>\n<link rel=\"canonical\" href=\"https:\/\/www.arenal.com\/blog\/el-bano-del-bebe-prepara-una-rutina-magica-para-tu-peque\" \/>\n<meta property=\"og:locale\" content=\"es_ES\" \/>\n<meta property=\"og:type\" content=\"article\" \/>\n<meta property=\"og:title\" content=\"El ba\u00f1o del beb\u00e9: prepara una rutina m\u00e1gica para tu peque\" \/>\n<meta property=\"og:description\" content=\"Haz del ba\u00f1o un momento especial. Consejos para crear una rutina de higiene y relajaci\u00f3n para tu beb\u00e9.\" \/>\n<meta property=\"og:url\" content=\"https:\/\/www.arenal.com\/blog\/el-bano-del-bebe-prepara-una-rutina-magica-para-tu-peque\" \/>\n<meta property=\"og:site_name\" content=\"Blog de Arenal\" \/>\n<meta property=\"article:published_time\" content=\"2025-09-19T06:00:00+00:00\" \/>\n<meta property=\"article:modified_time\" content=\"2025-09-29T15:32:39+00:00\" \/>\n<meta property=\"og:image\" content=\"https:\/\/www.arenal.com\/blog\/wp-content\/uploads\/2025\/09\/bano-del-bebe.jpg\" \/>\n\t<meta property=\"og:image:width\" content=\"1140\" \/>\n\t<meta property=\"og:image:height\" content=\"322\" \/>\n\t<meta property=\"og:image:type\" content=\"image\/jpeg\" \/>\n<meta name=\"author\" content=\"arenal\" \/>\n<meta name=\"twitter:card\" content=\"summary_large_image\" \/>\n<meta name=\"twitter:label1\" content=\"Escrito por\" \/>\n\t<meta name=\"twitter:data1\" content=\"arenal\" \/>\n\t<meta name=\"twitter:label2\" content=\"Tiempo de lectura\" \/>\n\t<meta name=\"twitter:data2\" content=\"6 minutos\" \/>\n<script type=\"application\/ld+json\" class=\"yoast-schema-graph\">{\"@context\":\"https:\\\/\\\/schema.org\",\"@graph\":[{\"@type\":\"Article\",\"@id\":\"https:\\\/\\\/www.arenal.com\\\/blog\\\/el-bano-del-bebe-prepara-una-rutina-magica-para-tu-peque#article\",\"isPartOf\":{\"@id\":\"https:\\\/\\\/www.arenal.com\\\/blog\\\/el-bano-del-bebe-prepara-una-rutina-magica-para-tu-peque\"},\"author\":{\"name\":\"arenal\",\"@id\":\"https:\\\/\\\/www.arenal.com\\\/blog\\\/#\\\/schema\\\/person\\\/75c321b161941947bdc15ffde9d6241f\"},\"headline\":\"El ba\u00f1o del beb\u00e9: prepara una rutina m\u00e1gica para tu peque\u00a0\",\"datePublished\":\"2025-09-19T06:00:00+00:00\",\"dateModified\":\"2025-09-29T15:32:39+00:00\",\"mainEntityOfPage\":{\"@id\":\"https:\\\/\\\/www.arenal.com\\\/blog\\\/el-bano-del-bebe-prepara-una-rutina-magica-para-tu-peque\"},\"wordCount\":1335,\"commentCount\":0,\"image\":{\"@id\":\"https:\\\/\\\/www.arenal.com\\\/blog\\\/el-bano-del-bebe-prepara-una-rutina-magica-para-tu-peque#primaryimage\"},\"thumbnailUrl\":\"https:\\\/\\\/www.arenal.com\\\/blog\\\/wp-content\\\/uploads\\\/2025\\\/09\\\/bano-del-bebe.jpg\",\"articleSection\":[\"Cosm\u00e9tica\"],\"inLanguage\":\"es\",\"potentialAction\":[{\"@type\":\"CommentAction\",\"name\":\"Comment\",\"target\":[\"https:\\\/\\\/www.arenal.com\\\/blog\\\/el-bano-del-bebe-prepara-una-rutina-magica-para-tu-peque#respond\"]}]},{\"@type\":\"WebPage\",\"@id\":\"https:\\\/\\\/www.arenal.com\\\/blog\\\/el-bano-del-bebe-prepara-una-rutina-magica-para-tu-peque\",\"url\":\"https:\\\/\\\/www.arenal.com\\\/blog\\\/el-bano-del-bebe-prepara-una-rutina-magica-para-tu-peque\",\"name\":\"El ba\u00f1o del beb\u00e9: prepara una rutina m\u00e1gica para tu peque\",\"isPartOf\":{\"@id\":\"https:\\\/\\\/www.arenal.com\\\/blog\\\/#website\"},\"primaryImageOfPage\":{\"@id\":\"https:\\\/\\\/www.arenal.com\\\/blog\\\/el-bano-del-bebe-prepara-una-rutina-magica-para-tu-peque#primaryimage\"},\"image\":{\"@id\":\"https:\\\/\\\/www.arenal.com\\\/blog\\\/el-bano-del-bebe-prepara-una-rutina-magica-para-tu-peque#primaryimage\"},\"thumbnailUrl\":\"https:\\\/\\\/www.arenal.com\\\/blog\\\/wp-content\\\/uploads\\\/2025\\\/09\\\/bano-del-bebe.jpg\",\"datePublished\":\"2025-09-19T06:00:00+00:00\",\"dateModified\":\"2025-09-29T15:32:39+00:00\",\"author\":{\"@id\":\"https:\\\/\\\/www.arenal.com\\\/blog\\\/#\\\/schema\\\/person\\\/75c321b161941947bdc15ffde9d6241f\"},\"description\":\"Haz del ba\u00f1o un momento especial. Consejos para crear una rutina de higiene y relajaci\u00f3n para tu beb\u00e9.\",\"breadcrumb\":{\"@id\":\"https:\\\/\\\/www.arenal.com\\\/blog\\\/el-bano-del-bebe-prepara-una-rutina-magica-para-tu-peque#breadcrumb\"},\"inLanguage\":\"es\",\"potentialAction\":[{\"@type\":\"ReadAction\",\"target\":[\"https:\\\/\\\/www.arenal.com\\\/blog\\\/el-bano-del-bebe-prepara-una-rutina-magica-para-tu-peque\"]}]},{\"@type\":\"ImageObject\",\"inLanguage\":\"es\",\"@id\":\"https:\\\/\\\/www.arenal.com\\\/blog\\\/el-bano-del-bebe-prepara-una-rutina-magica-para-tu-peque#primaryimage\",\"url\":\"https:\\\/\\\/www.arenal.com\\\/blog\\\/wp-content\\\/uploads\\\/2025\\\/09\\\/bano-del-bebe.jpg\",\"contentUrl\":\"https:\\\/\\\/www.arenal.com\\\/blog\\\/wp-content\\\/uploads\\\/2025\\\/09\\\/bano-del-bebe.jpg\",\"width\":1140,\"height\":322,\"caption\":\"Ba\u00f1o del bebe\"},{\"@type\":\"BreadcrumbList\",\"@id\":\"https:\\\/\\\/www.arenal.com\\\/blog\\\/el-bano-del-bebe-prepara-una-rutina-magica-para-tu-peque#breadcrumb\",\"itemListElement\":[{\"@type\":\"ListItem\",\"position\":1,\"name\":\"Cosm\u00e9tica\",\"item\":\"https:\\\/\\\/www.arenal.com\\\/blog\\\/cosmetica-dermocosmetica\"},{\"@type\":\"ListItem\",\"position\":2,\"name\":\"El ba\u00f1o del beb\u00e9: prepara una rutina m\u00e1gica para tu peque\u00a0\"}]},{\"@type\":\"WebSite\",\"@id\":\"https:\\\/\\\/www.arenal.com\\\/blog\\\/#website\",\"url\":\"https:\\\/\\\/www.arenal.com\\\/blog\\\/\",\"name\":\"Blog de Arenal\",\"description\":\"\",\"potentialAction\":[{\"@type\":\"SearchAction\",\"target\":{\"@type\":\"EntryPoint\",\"urlTemplate\":\"https:\\\/\\\/www.arenal.com\\\/blog\\\/?s={search_term_string}\"},\"query-input\":{\"@type\":\"PropertyValueSpecification\",\"valueRequired\":true,\"valueName\":\"search_term_string\"}}],\"inLanguage\":\"es\"},{\"@type\":\"Person\",\"@id\":\"https:\\\/\\\/www.arenal.com\\\/blog\\\/#\\\/schema\\\/person\\\/75c321b161941947bdc15ffde9d6241f\",\"name\":\"arenal\",\"image\":{\"@type\":\"ImageObject\",\"inLanguage\":\"es\",\"@id\":\"https:\\\/\\\/secure.gravatar.com\\\/avatar\\\/e930b117f1433c3126018d5f63c8b2d59f2a86bdb0425d8e5c9b3c027c902408?s=96&d=mm&r=g\",\"url\":\"https:\\\/\\\/secure.gravatar.com\\\/avatar\\\/e930b117f1433c3126018d5f63c8b2d59f2a86bdb0425d8e5c9b3c027c902408?s=96&d=mm&r=g\",\"contentUrl\":\"https:\\\/\\\/secure.gravatar.com\\\/avatar\\\/e930b117f1433c3126018d5f63c8b2d59f2a86bdb0425d8e5c9b3c027c902408?s=96&d=mm&r=g\",\"caption\":\"arenal\"},\"url\":\"https:\\\/\\\/www.arenal.com\\\/blog\\\/author\\\/arenal\"}]}<\/script>\n<!-- \/ Yoast SEO plugin. -->","yoast_head_json":{"title":"El ba\u00f1o del beb\u00e9: prepara una rutina m\u00e1gica para tu peque","description":"Haz del ba\u00f1o un momento especial. Consejos para crear una rutina de higiene y relajaci\u00f3n para tu beb\u00e9.","robots":{"index":"index","follow":"follow","max-snippet":"max-snippet:-1","max-image-preview":"max-image-preview:large","max-video-preview":"max-video-preview:-1"},"canonical":"https:\/\/www.arenal.com\/blog\/el-bano-del-bebe-prepara-una-rutina-magica-para-tu-peque","og_locale":"es_ES","og_type":"article","og_title":"El ba\u00f1o del beb\u00e9: prepara una rutina m\u00e1gica para tu peque","og_description":"Haz del ba\u00f1o un momento especial. Consejos para crear una rutina de higiene y relajaci\u00f3n para tu beb\u00e9.","og_url":"https:\/\/www.arenal.com\/blog\/el-bano-del-bebe-prepara-una-rutina-magica-para-tu-peque","og_site_name":"Blog de Arenal","article_published_time":"2025-09-19T06:00:00+00:00","article_modified_time":"2025-09-29T15:32:39+00:00","og_image":[{"width":1140,"height":322,"url":"https:\/\/www.arenal.com\/blog\/wp-content\/uploads\/2025\/09\/bano-del-bebe.jpg","type":"image\/jpeg"}],"author":"arenal","twitter_card":"summary_large_image","twitter_misc":{"Escrito por":"arenal","Tiempo de lectura":"6 minutos"},"schema":{"@context":"https:\/\/schema.org","@graph":[{"@type":"Article","@id":"https:\/\/www.arenal.com\/blog\/el-bano-del-bebe-prepara-una-rutina-magica-para-tu-peque#article","isPartOf":{"@id":"https:\/\/www.arenal.com\/blog\/el-bano-del-bebe-prepara-una-rutina-magica-para-tu-peque"},"author":{"name":"arenal","@id":"https:\/\/www.arenal.com\/blog\/#\/schema\/person\/75c321b161941947bdc15ffde9d6241f"},"headline":"El ba\u00f1o del beb\u00e9: prepara una rutina m\u00e1gica para tu peque\u00a0","datePublished":"2025-09-19T06:00:00+00:00","dateModified":"2025-09-29T15:32:39+00:00","mainEntityOfPage":{"@id":"https:\/\/www.arenal.com\/blog\/el-bano-del-bebe-prepara-una-rutina-magica-para-tu-peque"},"wordCount":1335,"commentCount":0,"image":{"@id":"https:\/\/www.arenal.com\/blog\/el-bano-del-bebe-prepara-una-rutina-magica-para-tu-peque#primaryimage"},"thumbnailUrl":"https:\/\/www.arenal.com\/blog\/wp-content\/uploads\/2025\/09\/bano-del-bebe.jpg","articleSection":["Cosm\u00e9tica"],"inLanguage":"es","potentialAction":[{"@type":"CommentAction","name":"Comment","target":["https:\/\/www.arenal.com\/blog\/el-bano-del-bebe-prepara-una-rutina-magica-para-tu-peque#respond"]}]},{"@type":"WebPage","@id":"https:\/\/www.arenal.com\/blog\/el-bano-del-bebe-prepara-una-rutina-magica-para-tu-peque","url":"https:\/\/www.arenal.com\/blog\/el-bano-del-bebe-prepara-una-rutina-magica-para-tu-peque","name":"El ba\u00f1o del beb\u00e9: prepara una rutina m\u00e1gica para tu peque","isPartOf":{"@id":"https:\/\/www.arenal.com\/blog\/#website"},"primaryImageOfPage":{"@id":"https:\/\/www.arenal.com\/blog\/el-bano-del-bebe-prepara-una-rutina-magica-para-tu-peque#primaryimage"},"image":{"@id":"https:\/\/www.arenal.com\/blog\/el-bano-del-bebe-prepara-una-rutina-magica-para-tu-peque#primaryimage"},"thumbnailUrl":"https:\/\/www.arenal.com\/blog\/wp-content\/uploads\/2025\/09\/bano-del-bebe.jpg","datePublished":"2025-09-19T06:00:00+00:00","dateModified":"2025-09-29T15:32:39+00:00","author":{"@id":"https:\/\/www.arenal.com\/blog\/#\/schema\/person\/75c321b161941947bdc15ffde9d6241f"},"description":"Haz del ba\u00f1o un momento especial. Consejos para crear una rutina de higiene y relajaci\u00f3n para tu beb\u00e9.","breadcrumb":{"@id":"https:\/\/www.arenal.com\/blog\/el-bano-del-bebe-prepara-una-rutina-magica-para-tu-peque#breadcrumb"},"inLanguage":"es","potentialAction":[{"@type":"ReadAction","target":["https:\/\/www.arenal.com\/blog\/el-bano-del-bebe-prepara-una-rutina-magica-para-tu-peque"]}]},{"@type":"ImageObject","inLanguage":"es","@id":"https:\/\/www.arenal.com\/blog\/el-bano-del-bebe-prepara-una-rutina-magica-para-tu-peque#primaryimage","url":"https:\/\/www.arenal.com\/blog\/wp-content\/uploads\/2025\/09\/bano-del-bebe.jpg","contentUrl":"https:\/\/www.arenal.com\/blog\/wp-content\/uploads\/2025\/09\/bano-del-bebe.jpg","width":1140,"height":322,"caption":"Ba\u00f1o del bebe"},{"@type":"BreadcrumbList","@id":"https:\/\/www.arenal.com\/blog\/el-bano-del-bebe-prepara-una-rutina-magica-para-tu-peque#breadcrumb","itemListElement":[{"@type":"ListItem","position":1,"name":"Cosm\u00e9tica","item":"https:\/\/www.arenal.com\/blog\/cosmetica-dermocosmetica"},{"@type":"ListItem","position":2,"name":"El ba\u00f1o del beb\u00e9: prepara una rutina m\u00e1gica para tu peque\u00a0"}]},{"@type":"WebSite","@id":"https:\/\/www.arenal.com\/blog\/#website","url":"https:\/\/www.arenal.com\/blog\/","name":"Blog de Arenal","description":"","potentialAction":[{"@type":"SearchAction","target":{"@type":"EntryPoint","urlTemplate":"https:\/\/www.arenal.com\/blog\/?s={search_term_string}"},"query-input":{"@type":"PropertyValueSpecification","valueRequired":true,"valueName":"search_term_string"}}],"inLanguage":"es"},{"@type":"Person","@id":"https:\/\/www.arenal.com\/blog\/#\/schema\/person\/75c321b161941947bdc15ffde9d6241f","name":"arenal","image":{"@type":"ImageObject","inLanguage":"es","@id":"https:\/\/secure.gravatar.com\/avatar\/e930b117f1433c3126018d5f63c8b2d59f2a86bdb0425d8e5c9b3c027c902408?s=96&d=mm&r=g","url":"https:\/\/secure.gravatar.com\/avatar\/e930b117f1433c3126018d5f63c8b2d59f2a86bdb0425d8e5c9b3c027c902408?s=96&d=mm&r=g","contentUrl":"https:\/\/secure.gravatar.com\/avatar\/e930b117f1433c3126018d5f63c8b2d59f2a86bdb0425d8e5c9b3c027c902408?s=96&d=mm&r=g","caption":"arenal"},"url":"https:\/\/www.arenal.com\/blog\/author\/arenal"}]}},"_links":{"self":[{"href":"https:\/\/www.arenal.com\/blog\/wp-json\/wp\/v2\/posts\/7830","targetHints":{"allow":["GET"]}}],"collection":[{"href":"https:\/\/www.arenal.com\/blog\/wp-json\/wp\/v2\/posts"}],"about":[{"href":"https:\/\/www.arenal.com\/blog\/wp-json\/wp\/v2\/types\/post"}],"author":[{"embeddable":true,"href":"https:\/\/www.arenal.com\/blog\/wp-json\/wp\/v2\/users\/2"}],"replies":[{"embeddable":true,"href":"https:\/\/www.arenal.com\/blog\/wp-json\/wp\/v2\/comments?post=7830"}],"version-history":[{"count":4,"href":"https:\/\/www.arenal.com\/blog\/wp-json\/wp\/v2\/posts\/7830\/revisions"}],"predecessor-version":[{"id":7941,"href":"https:\/\/www.arenal.com\/blog\/wp-json\/wp\/v2\/posts\/7830\/revisions\/7941"}],"wp:featuredmedia":[{"embeddable":true,"href":"https:\/\/www.arenal.com\/blog\/wp-json\/wp\/v2\/media\/7933"}],"wp:attachment":[{"href":"https:\/\/www.arenal.com\/blog\/wp-json\/wp\/v2\/media?parent=7830"}],"wp:term":[{"taxonomy":"category","embeddable":true,"href":"https:\/\/www.arenal.com\/blog\/wp-json\/wp\/v2\/categories?post=7830"},{"taxonomy":"post_tag","embeddable":true,"href":"https:\/\/www.arenal.com\/blog\/wp-json\/wp\/v2\/tags?post=7830"}],"curies":[{"name":"wp","href":"https:\/\/api.w.org\/{rel}","templated":true}]}}