{"id":7826,"date":"2025-09-17T07:00:00","date_gmt":"2025-09-17T06:00:00","guid":{"rendered":"https:\/\/www.arenal.com\/blog\/?p=7826"},"modified":"2025-09-29T16:32:43","modified_gmt":"2025-09-29T15:32:43","slug":"que-es-el-ciclo-circadiano-y-como-afecta-a-tu-bienestar","status":"publish","type":"post","link":"https:\/\/www.arenal.com\/blog\/que-es-el-ciclo-circadiano-y-como-afecta-a-tu-bienestar","title":{"rendered":"\u00bfQu\u00e9 es el ciclo circadiano y c\u00f3mo afecta a tu bienestar?\u00a0"},"content":{"rendered":"\n<p><strong>Cada d\u00eda nuestro cuerpo sigue un ritmo natural que influye en la energ\u00eda, el descanso y el rendimiento.<\/strong> Aunque no siempre somos conscientes de ello, existen procesos internos que marcan cu\u00e1ndo nos sentimos m\u00e1s despiertos, cu\u00e1ndo aparece el cansancio y qu\u00e9 momentos son m\u00e1s favorables para realizar determinadas actividades. <strong>Mantener este equilibrio es esencial para cuidar la salud f\u00edsica y mental<\/strong>, y peque\u00f1os desajustes pueden reflejarse en la calidad del sue\u00f1o, la concentraci\u00f3n o incluso en el estado de \u00e1nimo. <strong>El ciclo circadiano se encuentra en el centro de esta regulaci\u00f3n<\/strong> y entenderlo permite adoptar h\u00e1bitos m\u00e1s alineados con las necesidades del organismo.&nbsp;<\/p>\n\n\n\n<div id=\"ez-toc-container\" class=\"ez-toc-v2_0_82_2 counter-hierarchy ez-toc-counter ez-toc-custom ez-toc-container-direction\">\n<div class=\"ez-toc-title-container\">\n<p class=\"ez-toc-title\" style=\"cursor:inherit\">Indice de contenidos<\/p>\n<span class=\"ez-toc-title-toggle\"><a href=\"#\" class=\"ez-toc-pull-right ez-toc-btn ez-toc-btn-xs ez-toc-btn-default ez-toc-toggle\" aria-label=\"Alternar tabla de contenidos\"><span class=\"ez-toc-js-icon-con\"><span class=\"\"><span class=\"eztoc-hide\" style=\"display:none;\">Toggle<\/span><span class=\"ez-toc-icon-toggle-span\"><svg style=\"fill: #000000;color:#000000\" xmlns=\"http:\/\/www.w3.org\/2000\/svg\" class=\"list-377408\" width=\"20px\" height=\"20px\" viewBox=\"0 0 24 24\" fill=\"none\"><path d=\"M6 6H4v2h2V6zm14 0H8v2h12V6zM4 11h2v2H4v-2zm16 0H8v2h12v-2zM4 16h2v2H4v-2zm16 0H8v2h12v-2z\" fill=\"currentColor\"><\/path><\/svg><svg style=\"fill: #000000;color:#000000\" class=\"arrow-unsorted-368013\" xmlns=\"http:\/\/www.w3.org\/2000\/svg\" width=\"10px\" height=\"10px\" viewBox=\"0 0 24 24\" version=\"1.2\" baseProfile=\"tiny\"><path d=\"M18.2 9.3l-6.2-6.3-6.2 6.3c-.2.2-.3.4-.3.7s.1.5.3.7c.2.2.4.3.7.3h11c.3 0 .5-.1.7-.3.2-.2.3-.5.3-.7s-.1-.5-.3-.7zM5.8 14.7l6.2 6.3 6.2-6.3c.2-.2.3-.5.3-.7s-.1-.5-.3-.7c-.2-.2-.4-.3-.7-.3h-11c-.3 0-.5.1-.7.3-.2.2-.3.5-.3.7s.1.5.3.7z\"\/><\/svg><\/span><\/span><\/span><\/a><\/span><\/div>\n<nav><ul class='ez-toc-list ez-toc-list-level-1 ' ><li class='ez-toc-page-1 ez-toc-heading-level-2'><a class=\"ez-toc-link ez-toc-heading-1\" href=\"https:\/\/www.arenal.com\/blog\/que-es-el-ciclo-circadiano-y-como-afecta-a-tu-bienestar\/#%C2%BFQue_es_el_ciclo_circadiano\" >\u00bfQu\u00e9 es el ciclo circadiano?&nbsp;<\/a><\/li><li class='ez-toc-page-1 ez-toc-heading-level-2'><a class=\"ez-toc-link ez-toc-heading-2\" href=\"https:\/\/www.arenal.com\/blog\/que-es-el-ciclo-circadiano-y-como-afecta-a-tu-bienestar\/#%C2%BFComo_afecta_el_ciclo_circadiano_al_sueno\" >\u00bfC\u00f3mo afecta el ciclo circadiano al sue\u00f1o?&nbsp;<\/a><\/li><li class='ez-toc-page-1 ez-toc-heading-level-2'><a class=\"ez-toc-link ez-toc-heading-3\" href=\"https:\/\/www.arenal.com\/blog\/que-es-el-ciclo-circadiano-y-como-afecta-a-tu-bienestar\/#%C2%BFEl_ciclo_circadiano_de_la_mujer_es_diferente\" >\u00bfEl ciclo circadiano de la mujer es diferente?&nbsp;<\/a><\/li><li class='ez-toc-page-1 ez-toc-heading-level-2'><a class=\"ez-toc-link ez-toc-heading-4\" href=\"https:\/\/www.arenal.com\/blog\/que-es-el-ciclo-circadiano-y-como-afecta-a-tu-bienestar\/#%C2%BFCual_es_el_ciclo_circadiano_del_cortisol\" >\u00bfCu\u00e1l es el ciclo circadiano del cortisol?&nbsp;<\/a><\/li><li class='ez-toc-page-1 ez-toc-heading-level-2'><a class=\"ez-toc-link ez-toc-heading-5\" href=\"https:\/\/www.arenal.com\/blog\/que-es-el-ciclo-circadiano-y-como-afecta-a-tu-bienestar\/#Calculadora_de_ciclo_circadiano\" >Calculadora de ciclo circadiano&nbsp;<\/a><\/li><li class='ez-toc-page-1 ez-toc-heading-level-2'><a class=\"ez-toc-link ez-toc-heading-6\" href=\"https:\/\/www.arenal.com\/blog\/que-es-el-ciclo-circadiano-y-como-afecta-a-tu-bienestar\/#Preguntas_frecuentes\" >Preguntas frecuentes<\/a><\/li><\/ul><\/nav><\/div>\n<h2 class=\"wp-block-heading\"><span class=\"ez-toc-section\" id=\"%C2%BFQue_es_el_ciclo_circadiano\"><\/span>\u00bfQu\u00e9 es el ciclo circadiano?&nbsp;<span class=\"ez-toc-section-end\"><\/span><\/h2>\n\n\n\n<p><strong>El ciclo circadiano es un conjunto de procesos biol\u00f3gicos que siguen un ritmo de aproximadamente 24 horas.<\/strong> Se sincroniza principalmente con la luz y la oscuridad del ambiente, de manera que nuestro cuerpo se activa durante el d\u00eda y se prepara para descansar cuando llega la noche. <strong>Este sistema est\u00e1 controlado por el n\u00facleo supraquiasm\u00e1tico<\/strong>, una peque\u00f1a regi\u00f3n del cerebro situada en el hipot\u00e1lamo que act\u00faa como un aut\u00e9ntico director de orquesta regulando temperatura corporal, secreci\u00f3n hormonal y estados de alerta.&nbsp;<\/p>\n\n\n\n<p><strong>Aunque el ciclo es innato, factores externos<\/strong> como los horarios irregulares, el uso de pantallas antes de dormir o los viajes con cambios de huso horario <strong>pueden desajustarlo<\/strong>. Por eso, mantener una rutina constante y prestar atenci\u00f3n a las se\u00f1ales del cuerpo es esencial para conservar el equilibrio de este reloj interno.&nbsp;<\/p>\n\n\n\n<figure class=\"wp-block-image size-large\"><img loading=\"lazy\" decoding=\"async\" width=\"1024\" height=\"682\" src=\"https:\/\/www.arenal.com\/blog\/wp-content\/uploads\/2025\/09\/sueno-ciclo-circadiano-1024x682.jpg\" alt=\"Ciclo circadiano\" class=\"wp-image-7928\" srcset=\"https:\/\/www.arenal.com\/blog\/wp-content\/uploads\/2025\/09\/sueno-ciclo-circadiano-1024x682.jpg 1024w, https:\/\/www.arenal.com\/blog\/wp-content\/uploads\/2025\/09\/sueno-ciclo-circadiano-300x200.jpg 300w, https:\/\/www.arenal.com\/blog\/wp-content\/uploads\/2025\/09\/sueno-ciclo-circadiano-768x511.jpg 768w, https:\/\/www.arenal.com\/blog\/wp-content\/uploads\/2025\/09\/sueno-ciclo-circadiano.jpg 1140w\" sizes=\"auto, (max-width: 1024px) 100vw, 1024px\" \/><\/figure>\n\n\n\n<h2 class=\"wp-block-heading\"><span class=\"ez-toc-section\" id=\"%C2%BFComo_afecta_el_ciclo_circadiano_al_sueno\"><\/span>\u00bfC\u00f3mo afecta el ciclo circadiano al sue\u00f1o?&nbsp;<span class=\"ez-toc-section-end\"><\/span><\/h2>\n\n\n\n<p><strong>El descanso es uno de los aspectos m\u00e1s sensibles a los ritmos circadianos<\/strong>. La <a href=\"https:\/\/www.arenal.com\/blog\/melatonina-beneficios-usos-mitos\" target=\"_blank\" rel=\"noreferrer noopener\">melatonina<\/a>, conocida como la \u201chormona del sue\u00f1o\u201d, se libera cuando la luz ambiental disminuye, indicando al cuerpo que es hora de relajarse. <strong>Si el ciclo circadiano est\u00e1 alterado, la producci\u00f3n de melatonina se retrasa<\/strong> y esto provoca insomnio, despertares nocturnos o una sensaci\u00f3n de cansancio constante al despertar.&nbsp;<\/p>\n\n\n\n<p><strong>La calidad del sue\u00f1o tambi\u00e9n se ve influida por la regularidad de los horarios<\/strong>. Dormir y levantarse cada d\u00eda a la misma hora favorece que el organismo se adapte mejor a su propio ciclo. Adem\u00e1s, existen recursos naturales que pueden ayudar, como las <a href=\"https:\/\/www.arenal.com\/blog\/mejores-infusiones-para-dormir\" target=\"_blank\" rel=\"noreferrer noopener\"><strong>mejores infusiones para dormir<\/strong><\/a>, que facilitan la conciliaci\u00f3n y contribuyen a un descanso m\u00e1s reparador. Integrar estos h\u00e1bitos con una <strong>buena higiene del sue\u00f1o es clave para alinear el ritmo interno<\/strong> con las necesidades del cuerpo.&nbsp;<\/p>\n\n\n\n<h2 class=\"wp-block-heading\"><span class=\"ez-toc-section\" id=\"%C2%BFEl_ciclo_circadiano_de_la_mujer_es_diferente\"><\/span>\u00bfEl ciclo circadiano de la mujer es diferente?&nbsp;<span class=\"ez-toc-section-end\"><\/span><\/h2>\n\n\n\n<p><strong>Las mujeres experimentan variaciones en su ciclo circadiano debido a los cambios hormonales asociados a la menstruaci\u00f3n, el embarazo y la menopausia<\/strong>. Estas etapas generan fluctuaciones que pueden afectar tanto a la calidad como a la duraci\u00f3n del descanso. Estudios cient\u00edficos han demostrado que, de media, las mujeres tienden a tener un cronotipo m\u00e1s matutino, es decir, suelen despertarse y sentirse activas m\u00e1s temprano que los hombres.&nbsp;<\/p>\n\n\n\n<p>No obstante, <strong>estas diferencias no son universales y dependen tambi\u00e9n de factores individuales <\/strong>como la edad, el estilo de vida o la gen\u00e9tica. Lo que s\u00ed se observa de manera general es que los desajustes en el sue\u00f1o tienden a ser m\u00e1s frecuentes en las mujeres, especialmente durante los d\u00edas previos a la menstruaci\u00f3n, cuando se producen cambios en los niveles de progesterona y estr\u00f3genos. <strong>Entender esta relaci\u00f3n permite adoptar rutinas espec\u00edficas para mejorar el descanso<\/strong> en cada etapa de la vida.&nbsp;<\/p>\n\n\n\n<h2 class=\"wp-block-heading\"><span class=\"ez-toc-section\" id=\"%C2%BFCual_es_el_ciclo_circadiano_del_cortisol\"><\/span>\u00bfCu\u00e1l es el ciclo circadiano del cortisol?&nbsp;<span class=\"ez-toc-section-end\"><\/span><\/h2>\n\n\n\n<p><strong>El cortisol, conocido como la hormona del estr\u00e9s, sigue un patr\u00f3n circadiano muy marcado.<\/strong> Sus niveles son m\u00e1s altos por la ma\u00f1ana, alcanzando el pico m\u00e1ximo poco despu\u00e9s de despertar. <strong>Esta descarga prepara al organismo para la actividad<\/strong>, aumentando la energ\u00eda y la capacidad de concentraci\u00f3n. A lo largo del d\u00eda, los niveles de cortisol van disminuyendo progresivamente hasta <strong>llegar a su punto m\u00e1s bajo en la noche<\/strong>, momento en el que el cuerpo se encuentra en condiciones \u00f3ptimas para descansar.&nbsp;<\/p>\n\n\n\n<p><strong>Cuando el ciclo de cortisol se altera<\/strong>, ya sea por estr\u00e9s cr\u00f3nico, turnos de trabajo nocturno o h\u00e1bitos irregulares, <strong>el organismo puede perder su equilibrio<\/strong>. Esto se traduce en fatiga, dificultad para dormir y menor capacidad de respuesta frente a situaciones exigentes. Mantener una vida ordenada, con rutinas de ejercicio y buena alimentaci\u00f3n, ayuda a regular esta hormona y a mejorar la sensaci\u00f3n de bienestar.&nbsp;<\/p>\n\n\n\n<figure class=\"wp-block-image size-large\"><img loading=\"lazy\" decoding=\"async\" width=\"1024\" height=\"683\" src=\"https:\/\/www.arenal.com\/blog\/wp-content\/uploads\/2025\/09\/ciclo-circadiano-mujer-1024x683.jpg\" alt=\"Ciclo circadiano\" class=\"wp-image-7926\" srcset=\"https:\/\/www.arenal.com\/blog\/wp-content\/uploads\/2025\/09\/ciclo-circadiano-mujer-1024x683.jpg 1024w, https:\/\/www.arenal.com\/blog\/wp-content\/uploads\/2025\/09\/ciclo-circadiano-mujer-300x200.jpg 300w, https:\/\/www.arenal.com\/blog\/wp-content\/uploads\/2025\/09\/ciclo-circadiano-mujer-768x512.jpg 768w, https:\/\/www.arenal.com\/blog\/wp-content\/uploads\/2025\/09\/ciclo-circadiano-mujer.jpg 1140w\" sizes=\"auto, (max-width: 1024px) 100vw, 1024px\" \/><\/figure>\n\n\n\n<h2 class=\"wp-block-heading\"><span class=\"ez-toc-section\" id=\"Calculadora_de_ciclo_circadiano\"><\/span>Calculadora de ciclo circadiano&nbsp;<span class=\"ez-toc-section-end\"><\/span><\/h2>\n\n\n\n<p><strong>La calculadora de ciclo circadiano es una herramienta dise\u00f1ada para ayudarte a identificar cu\u00e1les son las mejores horas para dormir<\/strong> y despertar en funci\u00f3n de tus propios ritmos biol\u00f3gicos. Estas calculadoras suelen basarse en la duraci\u00f3n media de un ciclo de sue\u00f1o, que oscila entre 90 y 110 minutos. <strong>Al introducir la hora a la que necesitas despertarte, la calculadora sugiere diferentes franjas horarias para acostarte<\/strong>, evitando interrumpir un ciclo a medias y favoreciendo un despertar m\u00e1s ligero.&nbsp;<\/p>\n\n\n\n<p>Aunque no sustituye la importancia de una rutina constante, <strong>puede ser una gu\u00eda \u00fatil para quienes tienen horarios cambiantes <\/strong>o desean optimizar su descanso. Adem\u00e1s, puedes aplicar consejos sobre <a href=\"https:\/\/www.arenal.com\/blog\/como-dormir-bien\" target=\"_blank\" rel=\"noreferrer noopener\">c\u00f3mo dormir mejor<\/a> en combinaci\u00f3n con la calculadora, tales como limitar la exposici\u00f3n a pantallas antes de dormir, practicar t\u00e9cnicas de relajaci\u00f3n.&nbsp;<\/p>\n\n\n\n<p><strong>La influencia del ciclo circadiano abarca desde la calidad del sue\u00f1o hasta el equilibrio hormonal y el rendimiento mental<\/strong>. Cuando se respeta este ritmo, se favorece la energ\u00eda, la concentraci\u00f3n y la salud a largo plazo; cuando se altera, el organismo lo manifiesta a trav\u00e9s de fatiga, insomnio y menor capacidad de recuperaci\u00f3n. <strong>Prestar atenci\u00f3n a las se\u00f1ales del cuerpo<\/strong>, cuidar los h\u00e1bitos diarios y apoyarse en herramientas naturales o tecnol\u00f3gicas <strong>puede ser la clave para mejorar tu bienestar<\/strong> de forma integral.&nbsp;<\/p>\n\n\n\n<h2 class=\"wp-block-heading\"><span class=\"ez-toc-section\" id=\"Preguntas_frecuentes\"><\/span><strong>Preguntas frecuentes<\/strong><span class=\"ez-toc-section-end\"><\/span><\/h2>\n\n\n<div class=\"wp-block-ub-content-toggle wp-block-ub-content-toggle-block\" id=\"ub-content-toggle-block-f1293aa9-1991-4081-9713-b7cf8575ea4f\" data-mobilecollapse=\"false\" data-desktopcollapse=\"false\" data-preventcollapse=\"false\" data-showonlyone=\"false\">\n<div class=\"wp-block-ub-content-toggle-accordion\" style=\"border-color: #f1f1f1; \" id=\"ub-content-toggle-panel-block-\">\n\t\t\t<div class=\"wp-block-ub-content-toggle-accordion-title-wrap\" style=\"background-color: #f1f1f1;\" aria-controls=\"ub-content-toggle-panel-0-f1293aa9-1991-4081-9713-b7cf8575ea4f\" tabindex=\"0\">\n\t\t\t<p class=\"wp-block-ub-content-toggle-accordion-title ub-content-toggle-title-f1293aa9-1991-4081-9713-b7cf8575ea4f\" style=\"color: #000000; \"><strong>\u00bfC\u00f3mo puedo saber cu\u00e1l es mi ciclo circadiano?<\/strong>\u00a0<\/p>\n\t\t\t<div class=\"wp-block-ub-content-toggle-accordion-toggle-wrap right\" style=\"color: #000000;\"><span class=\"wp-block-ub-content-toggle-accordion-state-indicator wp-block-ub-chevron-down open\"><\/span><\/div>\n\t\t<\/div>\n\t\t\t<div role=\"region\" aria-expanded=\"true\" class=\"wp-block-ub-content-toggle-accordion-content-wrap\" id=\"ub-content-toggle-panel-0-f1293aa9-1991-4081-9713-b7cf8575ea4f\">\n\n<p>Para saber cu\u00e1l es tu ciclo circadiano, puedes observar tus patrones naturales de sue\u00f1o y vigilia. Si tiendes a dormir y despertarte a las mismas horas todos los d\u00edas, es posible que tu ciclo est\u00e9 alineado con tu ritmo circadiano. Tambi\u00e9n puedes probar aplicaciones que monitorean tu sue\u00f1o para identificar tus horarios de descanso m\u00e1s naturales.\u00a0<\/p>\n\n<\/div>\n\t\t<\/div>\n\n<div class=\"wp-block-ub-content-toggle-accordion\" style=\"border-color: #f1f1f1; \" id=\"ub-content-toggle-panel-block-\">\n\t\t\t<div class=\"wp-block-ub-content-toggle-accordion-title-wrap\" style=\"background-color: #f1f1f1;\" aria-controls=\"ub-content-toggle-panel-1-f1293aa9-1991-4081-9713-b7cf8575ea4f\" tabindex=\"0\">\n\t\t\t<p class=\"wp-block-ub-content-toggle-accordion-title ub-content-toggle-title-f1293aa9-1991-4081-9713-b7cf8575ea4f\" style=\"color: #000000; \"><strong>\u00bfC\u00f3mo resetear mi ciclo circadiano?<\/strong>\u00a0<\/p>\n\t\t\t<div class=\"wp-block-ub-content-toggle-accordion-toggle-wrap right\" style=\"color: #000000;\"><span class=\"wp-block-ub-content-toggle-accordion-state-indicator wp-block-ub-chevron-down open\"><\/span><\/div>\n\t\t<\/div>\n\t\t\t<div role=\"region\" aria-expanded=\"true\" class=\"wp-block-ub-content-toggle-accordion-content-wrap\" id=\"ub-content-toggle-panel-1-f1293aa9-1991-4081-9713-b7cf8575ea4f\">\n\n<p>Para resetear tu ciclo circadiano, es importante seguir una rutina consistente de sue\u00f1o, exponerte a la luz natural por la ma\u00f1ana y reducir la luz artificial por la noche. Evitar estimulantes como la cafe\u00edna antes de dormir y practicar relajaci\u00f3n tambi\u00e9n puede ayudar a ajustar tu reloj biol\u00f3gico y mejorar la calidad del sue\u00f1o.\u00a0<\/p>\n\n<\/div>\n\t\t<\/div>\n\n<div class=\"wp-block-ub-content-toggle-accordion\" style=\"border-color: #f1f1f1; \" id=\"ub-content-toggle-panel-block-\">\n\t\t\t<div class=\"wp-block-ub-content-toggle-accordion-title-wrap\" style=\"background-color: #f1f1f1;\" aria-controls=\"ub-content-toggle-panel-2-f1293aa9-1991-4081-9713-b7cf8575ea4f\" tabindex=\"0\">\n\t\t\t<p class=\"wp-block-ub-content-toggle-accordion-title ub-content-toggle-title-f1293aa9-1991-4081-9713-b7cf8575ea4f\" style=\"color: #000000; \"><strong>\u00bfQu\u00e9 pasa si duermo 4 ciclos de sue\u00f1o?<\/strong>\u00a0<\/p>\n\t\t\t<div class=\"wp-block-ub-content-toggle-accordion-toggle-wrap right\" style=\"color: #000000;\"><span class=\"wp-block-ub-content-toggle-accordion-state-indicator wp-block-ub-chevron-down open\"><\/span><\/div>\n\t\t<\/div>\n\t\t\t<div role=\"region\" aria-expanded=\"true\" class=\"wp-block-ub-content-toggle-accordion-content-wrap\" id=\"ub-content-toggle-panel-2-f1293aa9-1991-4081-9713-b7cf8575ea4f\">\n\n<p>Dormir solo 4 ciclos de sue\u00f1o (alrededor de 6 horas) puede afectar negativamente tu salud, ya que no alcanzar\u00edas las fases m\u00e1s profundas del sue\u00f1o, como el sue\u00f1o REM y el sue\u00f1o profundo, que son esenciales para la recuperaci\u00f3n f\u00edsica y mental. A largo plazo, esto puede llevar a fatiga, disminuci\u00f3n del rendimiento y problemas de salud.\u00a0<\/p>\n\n<\/div>\n\t\t<\/div>\n\n<div class=\"wp-block-ub-content-toggle-accordion\" style=\"border-color: #f1f1f1; \" id=\"ub-content-toggle-panel-block-\">\n\t\t\t<div class=\"wp-block-ub-content-toggle-accordion-title-wrap\" style=\"background-color: #f1f1f1;\" aria-controls=\"ub-content-toggle-panel-3-f1293aa9-1991-4081-9713-b7cf8575ea4f\" tabindex=\"0\">\n\t\t\t<p class=\"wp-block-ub-content-toggle-accordion-title ub-content-toggle-title-f1293aa9-1991-4081-9713-b7cf8575ea4f\" style=\"color: #000000; \"><strong>\u00bfQu\u00e9 hace el cortisol por la noche?<\/strong>\u00a0<\/p>\n\t\t\t<div class=\"wp-block-ub-content-toggle-accordion-toggle-wrap right\" style=\"color: #000000;\"><span class=\"wp-block-ub-content-toggle-accordion-state-indicator wp-block-ub-chevron-down open\"><\/span><\/div>\n\t\t<\/div>\n\t\t\t<div role=\"region\" aria-expanded=\"true\" class=\"wp-block-ub-content-toggle-accordion-content-wrap\" id=\"ub-content-toggle-panel-3-f1293aa9-1991-4081-9713-b7cf8575ea4f\">\n\n<p>El cortisol, conocido como la hormona del estr\u00e9s, se libera principalmente por la ma\u00f1ana para ayudarnos a despertar y estar alertas. Sin embargo, tambi\u00e9n puede aumentar durante la noche si hay estr\u00e9s o alteraciones en el ciclo circadiano, lo que puede dificultar el sue\u00f1o y generar insomnio. Un nivel elevado de cortisol nocturno interfiere con la calidad del descanso y puede afectar la salud general.\u00a0<\/p>\n\n<\/div>\n\t\t<\/div>\n<\/div>","protected":false},"excerpt":{"rendered":"<p>Conoce c\u00f3mo tu reloj biol\u00f3gico impacta en tu salud, sue\u00f1o y energ\u00eda diaria. Aprende a sincronizar tu rutina.<\/p>\n","protected":false},"author":2,"featured_media":7927,"comment_status":"open","ping_status":"open","sticky":false,"template":"","format":"standard","meta":{"footnotes":""},"categories":[624],"tags":[],"class_list":["post-7826","post","type-post","status-publish","format-standard","has-post-thumbnail","hentry","category-salud"],"featured_image_src":"https:\/\/www.arenal.com\/blog\/wp-content\/uploads\/2025\/09\/ciclo-circadiano.jpg","author_info":{"display_name":"arenal","author_link":"https:\/\/www.arenal.com\/blog\/author\/arenal"},"yoast_head":"<!-- This site is optimized with the Yoast SEO plugin v27.4 - https:\/\/yoast.com\/product\/yoast-seo-wordpress\/ -->\n<title>\u00bfQu\u00e9 es el ciclo circadiano y c\u00f3mo afecta a tu bienestar?<\/title>\n<meta name=\"description\" content=\"Conoce c\u00f3mo tu reloj biol\u00f3gico impacta en tu salud, sue\u00f1o y energ\u00eda diaria. Aprende a sincronizar tu rutina.\" \/>\n<meta name=\"robots\" content=\"index, follow, max-snippet:-1, max-image-preview:large, max-video-preview:-1\" \/>\n<link rel=\"canonical\" href=\"https:\/\/www.arenal.com\/blog\/que-es-el-ciclo-circadiano-y-como-afecta-a-tu-bienestar\" \/>\n<meta property=\"og:locale\" content=\"es_ES\" \/>\n<meta property=\"og:type\" content=\"article\" \/>\n<meta property=\"og:title\" content=\"\u00bfQu\u00e9 es el ciclo circadiano y c\u00f3mo afecta a tu bienestar?\" \/>\n<meta property=\"og:description\" content=\"Conoce c\u00f3mo tu reloj biol\u00f3gico impacta en tu salud, sue\u00f1o y energ\u00eda diaria. Aprende a sincronizar tu rutina.\" \/>\n<meta property=\"og:url\" content=\"https:\/\/www.arenal.com\/blog\/que-es-el-ciclo-circadiano-y-como-afecta-a-tu-bienestar\" \/>\n<meta property=\"og:site_name\" content=\"Blog de Arenal\" \/>\n<meta property=\"article:published_time\" content=\"2025-09-17T06:00:00+00:00\" \/>\n<meta property=\"article:modified_time\" content=\"2025-09-29T15:32:43+00:00\" \/>\n<meta property=\"og:image\" content=\"https:\/\/www.arenal.com\/blog\/wp-content\/uploads\/2025\/09\/ciclo-circadiano.jpg\" \/>\n\t<meta property=\"og:image:width\" content=\"1140\" \/>\n\t<meta property=\"og:image:height\" content=\"322\" \/>\n\t<meta property=\"og:image:type\" content=\"image\/jpeg\" \/>\n<meta name=\"author\" content=\"arenal\" \/>\n<meta name=\"twitter:card\" content=\"summary_large_image\" \/>\n<meta name=\"twitter:label1\" content=\"Escrito por\" \/>\n\t<meta name=\"twitter:data1\" content=\"arenal\" \/>\n\t<meta name=\"twitter:label2\" content=\"Tiempo de lectura\" \/>\n\t<meta name=\"twitter:data2\" content=\"6 minutos\" \/>\n<script type=\"application\/ld+json\" class=\"yoast-schema-graph\">{\"@context\":\"https:\\\/\\\/schema.org\",\"@graph\":[{\"@type\":\"Article\",\"@id\":\"https:\\\/\\\/www.arenal.com\\\/blog\\\/que-es-el-ciclo-circadiano-y-como-afecta-a-tu-bienestar#article\",\"isPartOf\":{\"@id\":\"https:\\\/\\\/www.arenal.com\\\/blog\\\/que-es-el-ciclo-circadiano-y-como-afecta-a-tu-bienestar\"},\"author\":{\"name\":\"arenal\",\"@id\":\"https:\\\/\\\/www.arenal.com\\\/blog\\\/#\\\/schema\\\/person\\\/75c321b161941947bdc15ffde9d6241f\"},\"headline\":\"\u00bfQu\u00e9 es el ciclo circadiano y c\u00f3mo afecta a tu bienestar?\u00a0\",\"datePublished\":\"2025-09-17T06:00:00+00:00\",\"dateModified\":\"2025-09-29T15:32:43+00:00\",\"mainEntityOfPage\":{\"@id\":\"https:\\\/\\\/www.arenal.com\\\/blog\\\/que-es-el-ciclo-circadiano-y-como-afecta-a-tu-bienestar\"},\"wordCount\":1295,\"commentCount\":0,\"image\":{\"@id\":\"https:\\\/\\\/www.arenal.com\\\/blog\\\/que-es-el-ciclo-circadiano-y-como-afecta-a-tu-bienestar#primaryimage\"},\"thumbnailUrl\":\"https:\\\/\\\/www.arenal.com\\\/blog\\\/wp-content\\\/uploads\\\/2025\\\/09\\\/ciclo-circadiano.jpg\",\"articleSection\":[\"Salud y cuidado personal\"],\"inLanguage\":\"es\",\"potentialAction\":[{\"@type\":\"CommentAction\",\"name\":\"Comment\",\"target\":[\"https:\\\/\\\/www.arenal.com\\\/blog\\\/que-es-el-ciclo-circadiano-y-como-afecta-a-tu-bienestar#respond\"]}]},{\"@type\":\"WebPage\",\"@id\":\"https:\\\/\\\/www.arenal.com\\\/blog\\\/que-es-el-ciclo-circadiano-y-como-afecta-a-tu-bienestar\",\"url\":\"https:\\\/\\\/www.arenal.com\\\/blog\\\/que-es-el-ciclo-circadiano-y-como-afecta-a-tu-bienestar\",\"name\":\"\u00bfQu\u00e9 es el ciclo circadiano y c\u00f3mo afecta a tu bienestar?\",\"isPartOf\":{\"@id\":\"https:\\\/\\\/www.arenal.com\\\/blog\\\/#website\"},\"primaryImageOfPage\":{\"@id\":\"https:\\\/\\\/www.arenal.com\\\/blog\\\/que-es-el-ciclo-circadiano-y-como-afecta-a-tu-bienestar#primaryimage\"},\"image\":{\"@id\":\"https:\\\/\\\/www.arenal.com\\\/blog\\\/que-es-el-ciclo-circadiano-y-como-afecta-a-tu-bienestar#primaryimage\"},\"thumbnailUrl\":\"https:\\\/\\\/www.arenal.com\\\/blog\\\/wp-content\\\/uploads\\\/2025\\\/09\\\/ciclo-circadiano.jpg\",\"datePublished\":\"2025-09-17T06:00:00+00:00\",\"dateModified\":\"2025-09-29T15:32:43+00:00\",\"author\":{\"@id\":\"https:\\\/\\\/www.arenal.com\\\/blog\\\/#\\\/schema\\\/person\\\/75c321b161941947bdc15ffde9d6241f\"},\"description\":\"Conoce c\u00f3mo tu reloj biol\u00f3gico impacta en tu salud, sue\u00f1o y energ\u00eda diaria. Aprende a sincronizar tu rutina.\",\"breadcrumb\":{\"@id\":\"https:\\\/\\\/www.arenal.com\\\/blog\\\/que-es-el-ciclo-circadiano-y-como-afecta-a-tu-bienestar#breadcrumb\"},\"inLanguage\":\"es\",\"potentialAction\":[{\"@type\":\"ReadAction\",\"target\":[\"https:\\\/\\\/www.arenal.com\\\/blog\\\/que-es-el-ciclo-circadiano-y-como-afecta-a-tu-bienestar\"]}]},{\"@type\":\"ImageObject\",\"inLanguage\":\"es\",\"@id\":\"https:\\\/\\\/www.arenal.com\\\/blog\\\/que-es-el-ciclo-circadiano-y-como-afecta-a-tu-bienestar#primaryimage\",\"url\":\"https:\\\/\\\/www.arenal.com\\\/blog\\\/wp-content\\\/uploads\\\/2025\\\/09\\\/ciclo-circadiano.jpg\",\"contentUrl\":\"https:\\\/\\\/www.arenal.com\\\/blog\\\/wp-content\\\/uploads\\\/2025\\\/09\\\/ciclo-circadiano.jpg\",\"width\":1140,\"height\":322,\"caption\":\"Ciclo circadiano\"},{\"@type\":\"BreadcrumbList\",\"@id\":\"https:\\\/\\\/www.arenal.com\\\/blog\\\/que-es-el-ciclo-circadiano-y-como-afecta-a-tu-bienestar#breadcrumb\",\"itemListElement\":[{\"@type\":\"ListItem\",\"position\":1,\"name\":\"Salud y cuidado personal\",\"item\":\"https:\\\/\\\/www.arenal.com\\\/blog\\\/salud\"},{\"@type\":\"ListItem\",\"position\":2,\"name\":\"\u00bfQu\u00e9 es el ciclo circadiano y c\u00f3mo afecta a tu bienestar?\u00a0\"}]},{\"@type\":\"WebSite\",\"@id\":\"https:\\\/\\\/www.arenal.com\\\/blog\\\/#website\",\"url\":\"https:\\\/\\\/www.arenal.com\\\/blog\\\/\",\"name\":\"Blog de Arenal\",\"description\":\"\",\"potentialAction\":[{\"@type\":\"SearchAction\",\"target\":{\"@type\":\"EntryPoint\",\"urlTemplate\":\"https:\\\/\\\/www.arenal.com\\\/blog\\\/?s={search_term_string}\"},\"query-input\":{\"@type\":\"PropertyValueSpecification\",\"valueRequired\":true,\"valueName\":\"search_term_string\"}}],\"inLanguage\":\"es\"},{\"@type\":\"Person\",\"@id\":\"https:\\\/\\\/www.arenal.com\\\/blog\\\/#\\\/schema\\\/person\\\/75c321b161941947bdc15ffde9d6241f\",\"name\":\"arenal\",\"image\":{\"@type\":\"ImageObject\",\"inLanguage\":\"es\",\"@id\":\"https:\\\/\\\/secure.gravatar.com\\\/avatar\\\/e930b117f1433c3126018d5f63c8b2d59f2a86bdb0425d8e5c9b3c027c902408?s=96&d=mm&r=g\",\"url\":\"https:\\\/\\\/secure.gravatar.com\\\/avatar\\\/e930b117f1433c3126018d5f63c8b2d59f2a86bdb0425d8e5c9b3c027c902408?s=96&d=mm&r=g\",\"contentUrl\":\"https:\\\/\\\/secure.gravatar.com\\\/avatar\\\/e930b117f1433c3126018d5f63c8b2d59f2a86bdb0425d8e5c9b3c027c902408?s=96&d=mm&r=g\",\"caption\":\"arenal\"},\"url\":\"https:\\\/\\\/www.arenal.com\\\/blog\\\/author\\\/arenal\"}]}<\/script>\n<!-- \/ Yoast SEO plugin. -->","yoast_head_json":{"title":"\u00bfQu\u00e9 es el ciclo circadiano y c\u00f3mo afecta a tu bienestar?","description":"Conoce c\u00f3mo tu reloj biol\u00f3gico impacta en tu salud, sue\u00f1o y energ\u00eda diaria. Aprende a sincronizar tu rutina.","robots":{"index":"index","follow":"follow","max-snippet":"max-snippet:-1","max-image-preview":"max-image-preview:large","max-video-preview":"max-video-preview:-1"},"canonical":"https:\/\/www.arenal.com\/blog\/que-es-el-ciclo-circadiano-y-como-afecta-a-tu-bienestar","og_locale":"es_ES","og_type":"article","og_title":"\u00bfQu\u00e9 es el ciclo circadiano y c\u00f3mo afecta a tu bienestar?","og_description":"Conoce c\u00f3mo tu reloj biol\u00f3gico impacta en tu salud, sue\u00f1o y energ\u00eda diaria. Aprende a sincronizar tu rutina.","og_url":"https:\/\/www.arenal.com\/blog\/que-es-el-ciclo-circadiano-y-como-afecta-a-tu-bienestar","og_site_name":"Blog de Arenal","article_published_time":"2025-09-17T06:00:00+00:00","article_modified_time":"2025-09-29T15:32:43+00:00","og_image":[{"width":1140,"height":322,"url":"https:\/\/www.arenal.com\/blog\/wp-content\/uploads\/2025\/09\/ciclo-circadiano.jpg","type":"image\/jpeg"}],"author":"arenal","twitter_card":"summary_large_image","twitter_misc":{"Escrito por":"arenal","Tiempo de lectura":"6 minutos"},"schema":{"@context":"https:\/\/schema.org","@graph":[{"@type":"Article","@id":"https:\/\/www.arenal.com\/blog\/que-es-el-ciclo-circadiano-y-como-afecta-a-tu-bienestar#article","isPartOf":{"@id":"https:\/\/www.arenal.com\/blog\/que-es-el-ciclo-circadiano-y-como-afecta-a-tu-bienestar"},"author":{"name":"arenal","@id":"https:\/\/www.arenal.com\/blog\/#\/schema\/person\/75c321b161941947bdc15ffde9d6241f"},"headline":"\u00bfQu\u00e9 es el ciclo circadiano y c\u00f3mo afecta a tu bienestar?\u00a0","datePublished":"2025-09-17T06:00:00+00:00","dateModified":"2025-09-29T15:32:43+00:00","mainEntityOfPage":{"@id":"https:\/\/www.arenal.com\/blog\/que-es-el-ciclo-circadiano-y-como-afecta-a-tu-bienestar"},"wordCount":1295,"commentCount":0,"image":{"@id":"https:\/\/www.arenal.com\/blog\/que-es-el-ciclo-circadiano-y-como-afecta-a-tu-bienestar#primaryimage"},"thumbnailUrl":"https:\/\/www.arenal.com\/blog\/wp-content\/uploads\/2025\/09\/ciclo-circadiano.jpg","articleSection":["Salud y cuidado personal"],"inLanguage":"es","potentialAction":[{"@type":"CommentAction","name":"Comment","target":["https:\/\/www.arenal.com\/blog\/que-es-el-ciclo-circadiano-y-como-afecta-a-tu-bienestar#respond"]}]},{"@type":"WebPage","@id":"https:\/\/www.arenal.com\/blog\/que-es-el-ciclo-circadiano-y-como-afecta-a-tu-bienestar","url":"https:\/\/www.arenal.com\/blog\/que-es-el-ciclo-circadiano-y-como-afecta-a-tu-bienestar","name":"\u00bfQu\u00e9 es el ciclo circadiano y c\u00f3mo afecta a tu bienestar?","isPartOf":{"@id":"https:\/\/www.arenal.com\/blog\/#website"},"primaryImageOfPage":{"@id":"https:\/\/www.arenal.com\/blog\/que-es-el-ciclo-circadiano-y-como-afecta-a-tu-bienestar#primaryimage"},"image":{"@id":"https:\/\/www.arenal.com\/blog\/que-es-el-ciclo-circadiano-y-como-afecta-a-tu-bienestar#primaryimage"},"thumbnailUrl":"https:\/\/www.arenal.com\/blog\/wp-content\/uploads\/2025\/09\/ciclo-circadiano.jpg","datePublished":"2025-09-17T06:00:00+00:00","dateModified":"2025-09-29T15:32:43+00:00","author":{"@id":"https:\/\/www.arenal.com\/blog\/#\/schema\/person\/75c321b161941947bdc15ffde9d6241f"},"description":"Conoce c\u00f3mo tu reloj biol\u00f3gico impacta en tu salud, sue\u00f1o y energ\u00eda diaria. Aprende a sincronizar tu rutina.","breadcrumb":{"@id":"https:\/\/www.arenal.com\/blog\/que-es-el-ciclo-circadiano-y-como-afecta-a-tu-bienestar#breadcrumb"},"inLanguage":"es","potentialAction":[{"@type":"ReadAction","target":["https:\/\/www.arenal.com\/blog\/que-es-el-ciclo-circadiano-y-como-afecta-a-tu-bienestar"]}]},{"@type":"ImageObject","inLanguage":"es","@id":"https:\/\/www.arenal.com\/blog\/que-es-el-ciclo-circadiano-y-como-afecta-a-tu-bienestar#primaryimage","url":"https:\/\/www.arenal.com\/blog\/wp-content\/uploads\/2025\/09\/ciclo-circadiano.jpg","contentUrl":"https:\/\/www.arenal.com\/blog\/wp-content\/uploads\/2025\/09\/ciclo-circadiano.jpg","width":1140,"height":322,"caption":"Ciclo circadiano"},{"@type":"BreadcrumbList","@id":"https:\/\/www.arenal.com\/blog\/que-es-el-ciclo-circadiano-y-como-afecta-a-tu-bienestar#breadcrumb","itemListElement":[{"@type":"ListItem","position":1,"name":"Salud y cuidado personal","item":"https:\/\/www.arenal.com\/blog\/salud"},{"@type":"ListItem","position":2,"name":"\u00bfQu\u00e9 es el ciclo circadiano y c\u00f3mo afecta a tu bienestar?\u00a0"}]},{"@type":"WebSite","@id":"https:\/\/www.arenal.com\/blog\/#website","url":"https:\/\/www.arenal.com\/blog\/","name":"Blog de Arenal","description":"","potentialAction":[{"@type":"SearchAction","target":{"@type":"EntryPoint","urlTemplate":"https:\/\/www.arenal.com\/blog\/?s={search_term_string}"},"query-input":{"@type":"PropertyValueSpecification","valueRequired":true,"valueName":"search_term_string"}}],"inLanguage":"es"},{"@type":"Person","@id":"https:\/\/www.arenal.com\/blog\/#\/schema\/person\/75c321b161941947bdc15ffde9d6241f","name":"arenal","image":{"@type":"ImageObject","inLanguage":"es","@id":"https:\/\/secure.gravatar.com\/avatar\/e930b117f1433c3126018d5f63c8b2d59f2a86bdb0425d8e5c9b3c027c902408?s=96&d=mm&r=g","url":"https:\/\/secure.gravatar.com\/avatar\/e930b117f1433c3126018d5f63c8b2d59f2a86bdb0425d8e5c9b3c027c902408?s=96&d=mm&r=g","contentUrl":"https:\/\/secure.gravatar.com\/avatar\/e930b117f1433c3126018d5f63c8b2d59f2a86bdb0425d8e5c9b3c027c902408?s=96&d=mm&r=g","caption":"arenal"},"url":"https:\/\/www.arenal.com\/blog\/author\/arenal"}]}},"_links":{"self":[{"href":"https:\/\/www.arenal.com\/blog\/wp-json\/wp\/v2\/posts\/7826","targetHints":{"allow":["GET"]}}],"collection":[{"href":"https:\/\/www.arenal.com\/blog\/wp-json\/wp\/v2\/posts"}],"about":[{"href":"https:\/\/www.arenal.com\/blog\/wp-json\/wp\/v2\/types\/post"}],"author":[{"embeddable":true,"href":"https:\/\/www.arenal.com\/blog\/wp-json\/wp\/v2\/users\/2"}],"replies":[{"embeddable":true,"href":"https:\/\/www.arenal.com\/blog\/wp-json\/wp\/v2\/comments?post=7826"}],"version-history":[{"count":5,"href":"https:\/\/www.arenal.com\/blog\/wp-json\/wp\/v2\/posts\/7826\/revisions"}],"predecessor-version":[{"id":7940,"href":"https:\/\/www.arenal.com\/blog\/wp-json\/wp\/v2\/posts\/7826\/revisions\/7940"}],"wp:featuredmedia":[{"embeddable":true,"href":"https:\/\/www.arenal.com\/blog\/wp-json\/wp\/v2\/media\/7927"}],"wp:attachment":[{"href":"https:\/\/www.arenal.com\/blog\/wp-json\/wp\/v2\/media?parent=7826"}],"wp:term":[{"taxonomy":"category","embeddable":true,"href":"https:\/\/www.arenal.com\/blog\/wp-json\/wp\/v2\/categories?post=7826"},{"taxonomy":"post_tag","embeddable":true,"href":"https:\/\/www.arenal.com\/blog\/wp-json\/wp\/v2\/tags?post=7826"}],"curies":[{"name":"wp","href":"https:\/\/api.w.org\/{rel}","templated":true}]}}