{"id":7816,"date":"2025-09-10T07:00:00","date_gmt":"2025-09-10T06:00:00","guid":{"rendered":"https:\/\/www.arenal.com\/blog\/?p=7816"},"modified":"2025-09-29T16:33:03","modified_gmt":"2025-09-29T15:33:03","slug":"los-mejores-peinados-para-dias-de-lluvia","status":"publish","type":"post","link":"https:\/\/www.arenal.com\/blog\/los-mejores-peinados-para-dias-de-lluvia","title":{"rendered":"Los mejores peinados para d\u00edas de lluvia\u00a0"},"content":{"rendered":"\n<p>Si eres de las que se desespera cuando empieza a llover porque <strong>tu pelo se encrespa o pierde forma, tranquila: no est\u00e1s sola<\/strong>. A todas nos ha pasado que hemos salido de casa con un look perfecto y, a la primera gota de agua, sentimos que el esfuerzo se va a la basura. La buena noticia es que existen <strong>peinados para d\u00edas de lluvia<\/strong> que realmente funcionan y que te van a salvar en <strong>esas jornadas h\u00famedas en las que el cabello parece tener vida propia.<\/strong>&nbsp;<\/p>\n\n\n\n<div id=\"ez-toc-container\" class=\"ez-toc-v2_0_82_2 counter-hierarchy ez-toc-counter ez-toc-custom ez-toc-container-direction\">\n<div class=\"ez-toc-title-container\">\n<p class=\"ez-toc-title\" style=\"cursor:inherit\">Indice de contenidos<\/p>\n<span class=\"ez-toc-title-toggle\"><a href=\"#\" class=\"ez-toc-pull-right ez-toc-btn ez-toc-btn-xs ez-toc-btn-default ez-toc-toggle\" aria-label=\"Alternar tabla de contenidos\"><span class=\"ez-toc-js-icon-con\"><span class=\"\"><span class=\"eztoc-hide\" style=\"display:none;\">Toggle<\/span><span class=\"ez-toc-icon-toggle-span\"><svg style=\"fill: #000000;color:#000000\" xmlns=\"http:\/\/www.w3.org\/2000\/svg\" class=\"list-377408\" width=\"20px\" height=\"20px\" viewBox=\"0 0 24 24\" fill=\"none\"><path d=\"M6 6H4v2h2V6zm14 0H8v2h12V6zM4 11h2v2H4v-2zm16 0H8v2h12v-2zM4 16h2v2H4v-2zm16 0H8v2h12v-2z\" fill=\"currentColor\"><\/path><\/svg><svg style=\"fill: #000000;color:#000000\" class=\"arrow-unsorted-368013\" xmlns=\"http:\/\/www.w3.org\/2000\/svg\" width=\"10px\" height=\"10px\" viewBox=\"0 0 24 24\" version=\"1.2\" baseProfile=\"tiny\"><path d=\"M18.2 9.3l-6.2-6.3-6.2 6.3c-.2.2-.3.4-.3.7s.1.5.3.7c.2.2.4.3.7.3h11c.3 0 .5-.1.7-.3.2-.2.3-.5.3-.7s-.1-.5-.3-.7zM5.8 14.7l6.2 6.3 6.2-6.3c.2-.2.3-.5.3-.7s-.1-.5-.3-.7c-.2-.2-.4-.3-.7-.3h-11c-.3 0-.5.1-.7.3-.2.2-.3.5-.3.7s.1.5.3.7z\"\/><\/svg><\/span><\/span><\/span><\/a><\/span><\/div>\n<nav><ul class='ez-toc-list ez-toc-list-level-1 ' ><li class='ez-toc-page-1 ez-toc-heading-level-2'><a class=\"ez-toc-link ez-toc-heading-1\" href=\"https:\/\/www.arenal.com\/blog\/los-mejores-peinados-para-dias-de-lluvia\/#%C2%BFCuales_son_los_mejores_peinados_para_lluvia\" >\u00bfCu\u00e1les son los mejores peinados para lluvia?&nbsp;<\/a><ul class='ez-toc-list-level-3' ><li class='ez-toc-heading-level-3'><a class=\"ez-toc-link ez-toc-heading-2\" href=\"https:\/\/www.arenal.com\/blog\/los-mejores-peinados-para-dias-de-lluvia\/#Coleta_baja_pulida\" >Coleta baja pulida&nbsp;<\/a><\/li><li class='ez-toc-page-1 ez-toc-heading-level-3'><a class=\"ez-toc-link ez-toc-heading-3\" href=\"https:\/\/www.arenal.com\/blog\/los-mejores-peinados-para-dias-de-lluvia\/#Mono_alto_desenfadado\" >Mo\u00f1o alto desenfadado&nbsp;<\/a><\/li><li class='ez-toc-page-1 ez-toc-heading-level-3'><a class=\"ez-toc-link ez-toc-heading-4\" href=\"https:\/\/www.arenal.com\/blog\/los-mejores-peinados-para-dias-de-lluvia\/#Trenza_lateral\" >Trenza lateral&nbsp;<\/a><\/li><li class='ez-toc-page-1 ez-toc-heading-level-3'><a class=\"ez-toc-link ez-toc-heading-5\" href=\"https:\/\/www.arenal.com\/blog\/los-mejores-peinados-para-dias-de-lluvia\/#Semirecogido_con_horquillas\" >Semirecogido con horquillas&nbsp;<\/a><\/li><\/ul><\/li><li class='ez-toc-page-1 ez-toc-heading-level-2'><a class=\"ez-toc-link ez-toc-heading-6\" href=\"https:\/\/www.arenal.com\/blog\/los-mejores-peinados-para-dias-de-lluvia\/#%C2%BFQue_necesito_para_hacerme_un_peinado_para_un_dia_lluvioso\" >\u00bfQu\u00e9 necesito para hacerme un peinado para un d\u00eda lluvioso?&nbsp;<\/a><\/li><li class='ez-toc-page-1 ez-toc-heading-level-2'><a class=\"ez-toc-link ez-toc-heading-7\" href=\"https:\/\/www.arenal.com\/blog\/los-mejores-peinados-para-dias-de-lluvia\/#Preguntas_frecuentes\" >Preguntas frecuentes<\/a><\/li><\/ul><\/nav><\/div>\n<h2 class=\"wp-block-heading\"><span class=\"ez-toc-section\" id=\"%C2%BFCuales_son_los_mejores_peinados_para_lluvia\"><\/span>\u00bfCu\u00e1les son los mejores peinados para lluvia?&nbsp;<span class=\"ez-toc-section-end\"><\/span><\/h2>\n\n\n\n<p><strong>La clave est\u00e1 en llevar el pelo controlado, protegido y con un toque de estilo<\/strong> que nos haga sentir seguras aunque el clima no coopere. Nosotras siempre recomendamos <strong>recogidos o semi recogidos porque aguantan mejor la humedad<\/strong> y, adem\u00e1s, se hacen r\u00e1pido. Aqu\u00ed te vamos a compartir todos nuestros favoritos.&nbsp;<\/p>\n\n\n\n<h3 class=\"wp-block-heading\"><span class=\"ez-toc-section\" id=\"Coleta_baja_pulida\"><\/span>Coleta baja pulida&nbsp;<span class=\"ez-toc-section-end\"><\/span><\/h3>\n\n\n\n<p><strong>La coleta baja es ese look todoterreno que nunca falla<\/strong>. Solo necesitas sujetar bien el cabello a la altura de la nuca y aplicar un poco de <a href=\"https:\/\/www.arenal.com\/cabello\/fijacion\/c\/1_0000000970\" target=\"_blank\" rel=\"noreferrer noopener\">fijador de pelo<\/a> para que quede brillante y sin encrespamiento. <strong>Es r\u00e1pida, elegante y combina con absolutamente todo<\/strong>, sin importar si quieres llevar un look formal o algo un poco m\u00e1s casual y c\u00f3modo. Para nosotras, es la mejor opci\u00f3n de <strong>peinados para un d\u00eda de lluvia<\/strong> cuando queremos algo pr\u00e1ctico y chic en minutos.&nbsp;<\/p>\n\n\n\n<h3 class=\"wp-block-heading\"><span class=\"ez-toc-section\" id=\"Mono_alto_desenfadado\"><\/span>Mo\u00f1o alto desenfadado&nbsp;<span class=\"ez-toc-section-end\"><\/span><\/h3>\n\n\n\n<p>El mo\u00f1o alto es un cl\u00e1sico de los d\u00edas ca\u00f3ticos. Por aqu\u00ed lo usamos mucho porque nos da altura, estiliza y, adem\u00e1s, <strong>nos evita estar pendientes de si el pelo se encrespa<\/strong>. Puedes hacerlo pulido si buscas un estilo formal o dejar mechones sueltos si prefieres un aire relajado. Tambi\u00e9n es ideal si lo que est\u00e1s buscando son <a href=\"https:\/\/www.arenal.com\/blog\/peinados-pelo-rizado\" target=\"_blank\" rel=\"noreferrer noopener\"><strong>peinados rizados<\/strong><\/a> para d\u00edas lluviosos, porque mantiene los bucles controlados y realza el look.&nbsp;<\/p>\n\n\n\n<h3 class=\"wp-block-heading\"><span class=\"ez-toc-section\" id=\"Trenza_lateral\"><\/span>Trenza lateral&nbsp;<span class=\"ez-toc-section-end\"><\/span><\/h3>\n\n\n\n<p>No hay nada m\u00e1s rom\u00e1ntico que una trenza lateral en un d\u00eda gris. Es pr\u00e1ctica porque mantiene todo en su sitio, pero tambi\u00e9n <strong>aporta un aire femenino que nunca pasa de moda<\/strong>. Adem\u00e1s, tambi\u00e9n es muy vers\u00e1til porque si le a\u00f1ades algunos <a href=\"https:\/\/www.arenal.com\/cabello\/complementos-para-el-cabello\/c\/1_0000000975\" target=\"_blank\" rel=\"noreferrer noopener\">accesorios para el pelo<\/a> como pinzas peque\u00f1as, pasadores con brillos o lazos, puede convertirse en uno de tus <a href=\"https:\/\/www.arenal.com\/blog\/peinados-para-navidad\" target=\"_blank\" rel=\"noreferrer noopener\"><strong>peinados elegantes<\/strong><\/a> preferidos. Con un toque de fijador quedar\u00e1 perfecta. A nosotras nos encanta que nos permite movernos con facilidad sin estar preocupadas de que la humedad arruine nuestros looks.&nbsp;<\/p>\n\n\n\n<h3 class=\"wp-block-heading\"><span class=\"ez-toc-section\" id=\"Semirecogido_con_horquillas\"><\/span>Semirecogido con horquillas&nbsp;<span class=\"ez-toc-section-end\"><\/span><\/h3>\n\n\n\n<p>Si prefieres llevar parte del pelo suelto, esta es tu opci\u00f3n. <strong>Basta con sujetar los mechones frontales hacia atr\u00e1s con <\/strong><a href=\"https:\/\/www.arenal.com\/cabello\/complementos-para-el-cabello\/horquillas-y-pinzas\/c\/1_0000000979\" target=\"_blank\" rel=\"noreferrer noopener\"><strong>horquillas<\/strong><\/a><strong> bonitas y listo<\/strong>: un look r\u00e1pido, vers\u00e1til y que resiste a la humedad. Es el comod\u00edn ideal cuando queremos algo sencillo pero con un toque especial. Cr\u00e9enos cuando decimos que este tipo de <strong>peinados para cuando llueve<\/strong> te pueden salvar en m\u00e1s de una ocasi\u00f3n.&nbsp;<\/p>\n\n\n\n<figure class=\"wp-block-image size-large\"><img loading=\"lazy\" decoding=\"async\" width=\"1024\" height=\"683\" src=\"https:\/\/www.arenal.com\/blog\/wp-content\/uploads\/2025\/09\/peinados-lluvia-1024x683.jpg\" alt=\"\" class=\"wp-image-7899\" srcset=\"https:\/\/www.arenal.com\/blog\/wp-content\/uploads\/2025\/09\/peinados-lluvia-1024x683.jpg 1024w, https:\/\/www.arenal.com\/blog\/wp-content\/uploads\/2025\/09\/peinados-lluvia-300x200.jpg 300w, https:\/\/www.arenal.com\/blog\/wp-content\/uploads\/2025\/09\/peinados-lluvia-768x512.jpg 768w, https:\/\/www.arenal.com\/blog\/wp-content\/uploads\/2025\/09\/peinados-lluvia.jpg 1140w\" sizes=\"auto, (max-width: 1024px) 100vw, 1024px\" \/><\/figure>\n\n\n\n<h2 class=\"wp-block-heading\"><span class=\"ez-toc-section\" id=\"%C2%BFQue_necesito_para_hacerme_un_peinado_para_un_dia_lluvioso\"><\/span>\u00bfQu\u00e9 necesito para hacerme un peinado para un d\u00eda lluvioso?&nbsp;<span class=\"ez-toc-section-end\"><\/span><\/h2>\n\n\n\n<p><strong>Para que estos peinados realmente funcionen, hay algunos b\u00e1sicos que no pueden faltar en tu tocador<\/strong>. Lo primero son los <a href=\"https:\/\/www.arenal.com\/blog\/tipos-de-peines\" target=\"_blank\" rel=\"noreferrer noopener\"><strong>tipos de peines<\/strong><\/a> adecuados: uno ancho para desenredar sin romper y otro fino para dar forma a los recogidos. Parece un detalle, pero marca la diferencia.&nbsp;<\/p>\n\n\n\n<p>Tambi\u00e9n recomendamos much\u00edsimo usar <a href=\"https:\/\/www.arenal.com\/blog\/aceites-para-el-pelo\" target=\"_blank\" rel=\"noreferrer noopener\"><strong>aceites para el pelo<\/strong><\/a> antes de peinar. No solo aportan brillo, sino que sellan la cut\u00edcula y hacen que el cabello resista mejor la humedad. Aplica muy poca cantidad de medios a puntas y notar\u00e1s un cambio incre\u00edble.&nbsp; <strong>Podr\u00e1s presumir de un <\/strong><a href=\"https:\/\/www.arenal.com\/blog\/como-tener-pelo-largo-consejos\" target=\"_blank\" rel=\"noreferrer noopener\"><strong>pelo largo y sano<\/strong><\/a><strong> m\u00e1s que nunca<\/strong>.&nbsp;<\/p>\n\n\n\n<p>Otro tip que te damos es que si tienes el cabello liso y quieres variar, <strong>aprender <\/strong><a href=\"https:\/\/www.arenal.com\/blog\/como-rizar-el-pelo-liso\" target=\"_blank\" rel=\"noreferrer noopener\"><strong>c\u00f3mo rizar el pelo liso<\/strong><\/a><strong> te abre un mont\u00f3n de opciones<\/strong>. Eso s\u00ed, en d\u00edas de lluvia, apuesta por rizos m\u00e1s marcados y con bastante fijador para que duren m\u00e1s.&nbsp;<\/p>\n\n\n\n<p>Por \u00faltimo, un truco que nos encanta es adaptar looks pensados para clima c\u00e1lido a los d\u00edas h\u00famedos. Un <a href=\"https:\/\/www.arenal.com\/blog\/peinados-verano-2020\" target=\"_blank\" rel=\"noreferrer noopener\"><strong>peinado para verano<\/strong><\/a> como las coletas altas o las peinados sueltos con trenzas, puede funcionar perfectamente en temporada de lluvias si le das un acabado m\u00e1s pulido con fijador.&nbsp;<\/p>\n\n\n\n<p><strong>As\u00ed que ya sabes: la lluvia no tiene por qu\u00e9 arruinar tu estilo<\/strong>. Solo necesitas los productos adecuados, algunos truquitos de cuidado y escoger el peinado que mejor encaje con tu rutina. Con estas ideas, incluso en los d\u00edas m\u00e1s grises, tu cabello puede convertirse en tu mejor accesorio.&nbsp;<\/p>\n\n\n\n<h2 class=\"wp-block-heading\"><span class=\"ez-toc-section\" id=\"Preguntas_frecuentes\"><\/span><strong>Preguntas frecuentes<\/strong><span class=\"ez-toc-section-end\"><\/span><\/h2>\n\n\n<div class=\"wp-block-ub-content-toggle wp-block-ub-content-toggle-block\" id=\"ub-content-toggle-block-ebada4b3-275d-4b06-bcfd-3108d55f1acc\" data-mobilecollapse=\"false\" data-desktopcollapse=\"false\" data-preventcollapse=\"false\" data-showonlyone=\"false\">\n<div class=\"wp-block-ub-content-toggle-accordion\" style=\"border-color: #f1f1f1; \" id=\"ub-content-toggle-panel-block-\">\n\t\t\t<div class=\"wp-block-ub-content-toggle-accordion-title-wrap\" style=\"background-color: #f1f1f1;\" aria-controls=\"ub-content-toggle-panel-0-ebada4b3-275d-4b06-bcfd-3108d55f1acc\" tabindex=\"0\">\n\t\t\t<p class=\"wp-block-ub-content-toggle-accordion-title ub-content-toggle-title-ebada4b3-275d-4b06-bcfd-3108d55f1acc\" style=\"color: #000000; \"><strong>\u00bfC\u00f3mo proteger el pelo de la lluvia?<\/strong>\u00a0<\/p>\n\t\t\t<div class=\"wp-block-ub-content-toggle-accordion-toggle-wrap right\" style=\"color: #000000;\"><span class=\"wp-block-ub-content-toggle-accordion-state-indicator wp-block-ub-chevron-down open\"><\/span><\/div>\n\t\t<\/div>\n\t\t\t<div role=\"region\" aria-expanded=\"true\" class=\"wp-block-ub-content-toggle-accordion-content-wrap\" id=\"ub-content-toggle-panel-0-ebada4b3-275d-4b06-bcfd-3108d55f1acc\">\n\n<p>Para proteger el pelo de la lluvia, es recomendable usar un paraguas o un sombrero impermeable, adem\u00e1s de aplicar productos antifrizz o protectores de humedad. Los aceites o s\u00e9rums tambi\u00e9n ayudan a sellar la cut\u00edcula del cabello y reducir el da\u00f1o por la exposici\u00f3n al agua.\u00a0<\/p>\n\n<\/div>\n\t\t<\/div>\n\n<div class=\"wp-block-ub-content-toggle-accordion\" style=\"border-color: #f1f1f1; \" id=\"ub-content-toggle-panel-block-\">\n\t\t\t<div class=\"wp-block-ub-content-toggle-accordion-title-wrap\" style=\"background-color: #f1f1f1;\" aria-controls=\"ub-content-toggle-panel-1-ebada4b3-275d-4b06-bcfd-3108d55f1acc\" tabindex=\"0\">\n\t\t\t<p class=\"wp-block-ub-content-toggle-accordion-title ub-content-toggle-title-ebada4b3-275d-4b06-bcfd-3108d55f1acc\" style=\"color: #000000; \"><strong>\u00bfC\u00f3mo hacer que no se encrespe el pelo con la lluvia?<\/strong>\u00a0<\/p>\n\t\t\t<div class=\"wp-block-ub-content-toggle-accordion-toggle-wrap right\" style=\"color: #000000;\"><span class=\"wp-block-ub-content-toggle-accordion-state-indicator wp-block-ub-chevron-down open\"><\/span><\/div>\n\t\t<\/div>\n\t\t\t<div role=\"region\" aria-expanded=\"true\" class=\"wp-block-ub-content-toggle-accordion-content-wrap\" id=\"ub-content-toggle-panel-1-ebada4b3-275d-4b06-bcfd-3108d55f1acc\">\n\n<p>Para evitar que el cabello se encrespe con la lluvia, lo ideal es aplicar un producto anti-frizz o una crema para peinar que controle el volumen y la humedad. Adem\u00e1s, secar bien el cabello antes de salir y usar productos con prote\u00ednas puede ayudar a mantener el control y la suavidad.\u00a0<\/p>\n\n<\/div>\n\t\t<\/div>\n\n<div class=\"wp-block-ub-content-toggle-accordion\" style=\"border-color: #f1f1f1; \" id=\"ub-content-toggle-panel-block-\">\n\t\t\t<div class=\"wp-block-ub-content-toggle-accordion-title-wrap\" style=\"background-color: #f1f1f1;\" aria-controls=\"ub-content-toggle-panel-2-ebada4b3-275d-4b06-bcfd-3108d55f1acc\" tabindex=\"0\">\n\t\t\t<p class=\"wp-block-ub-content-toggle-accordion-title ub-content-toggle-title-ebada4b3-275d-4b06-bcfd-3108d55f1acc\" style=\"color: #000000; \"><strong>\u00bfC\u00f3mo evitar que el viento y la lluvia afecten el peinado?<\/strong>\u00a0<\/p>\n\t\t\t<div class=\"wp-block-ub-content-toggle-accordion-toggle-wrap right\" style=\"color: #000000;\"><span class=\"wp-block-ub-content-toggle-accordion-state-indicator wp-block-ub-chevron-down open\"><\/span><\/div>\n\t\t<\/div>\n\t\t\t<div role=\"region\" aria-expanded=\"true\" class=\"wp-block-ub-content-toggle-accordion-content-wrap\" id=\"ub-content-toggle-panel-2-ebada4b3-275d-4b06-bcfd-3108d55f1acc\">\n\n<p>Para evitar que el viento y la lluvia afecten el peinado, puedes usar un protector de peinado en spray, que proporcionar\u00e1 fijaci\u00f3n y ayudar\u00e1 a mantener el estilo en su lugar. Adem\u00e1s, cubrir el cabello con un pa\u00f1uelo o sombrero tambi\u00e9n es una buena opci\u00f3n para mantenerlo protegido.\u00a0<\/p>\n\n<\/div>\n\t\t<\/div>\n\n<div class=\"wp-block-ub-content-toggle-accordion\" style=\"border-color: #f1f1f1; \" id=\"ub-content-toggle-panel-block-\">\n\t\t\t<div class=\"wp-block-ub-content-toggle-accordion-title-wrap\" style=\"background-color: #f1f1f1;\" aria-controls=\"ub-content-toggle-panel-3-ebada4b3-275d-4b06-bcfd-3108d55f1acc\" tabindex=\"0\">\n\t\t\t<p class=\"wp-block-ub-content-toggle-accordion-title ub-content-toggle-title-ebada4b3-275d-4b06-bcfd-3108d55f1acc\" style=\"color: #000000; \"><strong>\u00bfQu\u00e9 pasa si me plancho el pelo un d\u00eda de lluvia?<\/strong>\u00a0<\/p>\n\t\t\t<div class=\"wp-block-ub-content-toggle-accordion-toggle-wrap right\" style=\"color: #000000;\"><span class=\"wp-block-ub-content-toggle-accordion-state-indicator wp-block-ub-chevron-down open\"><\/span><\/div>\n\t\t<\/div>\n\t\t\t<div role=\"region\" aria-expanded=\"true\" class=\"wp-block-ub-content-toggle-accordion-content-wrap\" id=\"ub-content-toggle-panel-3-ebada4b3-275d-4b06-bcfd-3108d55f1acc\">\n\n<p>Si te planchas el pelo en un d\u00eda de lluvia, el calor de la plancha puede sellar temporalmente el estilo, pero la humedad del ambiente puede hacer que el cabello vuelva a perder su forma. Esto puede generar que el cabello se encrespe o se ablande r\u00e1pidamente.\u00a0<\/p>\n\n<\/div>\n\t\t<\/div>\n\n<div class=\"wp-block-ub-content-toggle-accordion\" style=\"border-color: #f1f1f1; \" id=\"ub-content-toggle-panel-block-\">\n\t\t\t<div class=\"wp-block-ub-content-toggle-accordion-title-wrap\" style=\"background-color: #f1f1f1;\" aria-controls=\"ub-content-toggle-panel-4-ebada4b3-275d-4b06-bcfd-3108d55f1acc\" tabindex=\"0\">\n\t\t\t<p class=\"wp-block-ub-content-toggle-accordion-title ub-content-toggle-title-ebada4b3-275d-4b06-bcfd-3108d55f1acc\" style=\"color: #000000; \"><strong>\u00bfQu\u00e9 le hace la lluvia al cabello?<\/strong>\u00a0<\/p>\n\t\t\t<div class=\"wp-block-ub-content-toggle-accordion-toggle-wrap right\" style=\"color: #000000;\"><span class=\"wp-block-ub-content-toggle-accordion-state-indicator wp-block-ub-chevron-down open\"><\/span><\/div>\n\t\t<\/div>\n\t\t\t<div role=\"region\" aria-expanded=\"true\" class=\"wp-block-ub-content-toggle-accordion-content-wrap\" id=\"ub-content-toggle-panel-4-ebada4b3-275d-4b06-bcfd-3108d55f1acc\">\n\n<p>La lluvia puede afectar al cabello de diversas maneras. El agua puede abrir las cut\u00edculas del cabello, haciendo que pierda hidrataci\u00f3n y brillo. Adem\u00e1s, la humedad puede hacer que el cabello se encrespe, pierda su forma o se vea m\u00e1s opaco debido a la absorci\u00f3n de agua.\u00a0<\/p>\n\n<\/div>\n\t\t<\/div>\n<\/div>","protected":false},"excerpt":{"rendered":"<p>Controla el frizz y luce perfecta aunque llueva. Insp\u00edrate con estos peinados f\u00e1ciles y estilosos para d\u00edas h\u00famedos.<\/p>\n","protected":false},"author":2,"featured_media":7900,"comment_status":"open","ping_status":"open","sticky":false,"template":"","format":"standard","meta":{"footnotes":""},"categories":[663],"tags":[],"class_list":["post-7816","post","type-post","status-publish","format-standard","has-post-thumbnail","hentry","category-tutoriales-cuidado-de-cabello"],"featured_image_src":"https:\/\/www.arenal.com\/blog\/wp-content\/uploads\/2025\/09\/peinados-dias-lluvia.jpg","author_info":{"display_name":"arenal","author_link":"https:\/\/www.arenal.com\/blog\/author\/arenal"},"yoast_head":"<!-- This site is optimized with the Yoast SEO plugin v27.4 - https:\/\/yoast.com\/product\/yoast-seo-wordpress\/ -->\n<title>Los mejores peinados para d\u00edas de lluvia<\/title>\n<meta name=\"description\" content=\"Controla el frizz y luce perfecta aunque llueva. Insp\u00edrate con estos peinados f\u00e1ciles y estilosos para d\u00edas h\u00famedos.\" \/>\n<meta name=\"robots\" content=\"index, follow, max-snippet:-1, max-image-preview:large, max-video-preview:-1\" \/>\n<link rel=\"canonical\" href=\"https:\/\/www.arenal.com\/blog\/los-mejores-peinados-para-dias-de-lluvia\" \/>\n<meta property=\"og:locale\" content=\"es_ES\" \/>\n<meta property=\"og:type\" content=\"article\" \/>\n<meta property=\"og:title\" content=\"Los mejores peinados para d\u00edas de lluvia\" \/>\n<meta property=\"og:description\" content=\"Controla el frizz y luce perfecta aunque llueva. Insp\u00edrate con estos peinados f\u00e1ciles y estilosos para d\u00edas h\u00famedos.\" \/>\n<meta property=\"og:url\" content=\"https:\/\/www.arenal.com\/blog\/los-mejores-peinados-para-dias-de-lluvia\" \/>\n<meta property=\"og:site_name\" content=\"Blog de Arenal\" \/>\n<meta property=\"article:published_time\" content=\"2025-09-10T06:00:00+00:00\" \/>\n<meta property=\"article:modified_time\" content=\"2025-09-29T15:33:03+00:00\" \/>\n<meta property=\"og:image\" content=\"https:\/\/www.arenal.com\/blog\/wp-content\/uploads\/2025\/09\/peinados-dias-lluvia.jpg\" \/>\n\t<meta property=\"og:image:width\" content=\"1140\" \/>\n\t<meta property=\"og:image:height\" content=\"322\" \/>\n\t<meta property=\"og:image:type\" content=\"image\/jpeg\" \/>\n<meta name=\"author\" content=\"arenal\" \/>\n<meta name=\"twitter:card\" content=\"summary_large_image\" \/>\n<meta name=\"twitter:label1\" content=\"Escrito por\" \/>\n\t<meta name=\"twitter:data1\" content=\"arenal\" \/>\n\t<meta name=\"twitter:label2\" content=\"Tiempo de lectura\" \/>\n\t<meta name=\"twitter:data2\" content=\"5 minutos\" \/>\n<script type=\"application\/ld+json\" class=\"yoast-schema-graph\">{\"@context\":\"https:\\\/\\\/schema.org\",\"@graph\":[{\"@type\":\"Article\",\"@id\":\"https:\\\/\\\/www.arenal.com\\\/blog\\\/los-mejores-peinados-para-dias-de-lluvia#article\",\"isPartOf\":{\"@id\":\"https:\\\/\\\/www.arenal.com\\\/blog\\\/los-mejores-peinados-para-dias-de-lluvia\"},\"author\":{\"name\":\"arenal\",\"@id\":\"https:\\\/\\\/www.arenal.com\\\/blog\\\/#\\\/schema\\\/person\\\/75c321b161941947bdc15ffde9d6241f\"},\"headline\":\"Los mejores peinados para d\u00edas de lluvia\u00a0\",\"datePublished\":\"2025-09-10T06:00:00+00:00\",\"dateModified\":\"2025-09-29T15:33:03+00:00\",\"mainEntityOfPage\":{\"@id\":\"https:\\\/\\\/www.arenal.com\\\/blog\\\/los-mejores-peinados-para-dias-de-lluvia\"},\"wordCount\":1067,\"commentCount\":0,\"image\":{\"@id\":\"https:\\\/\\\/www.arenal.com\\\/blog\\\/los-mejores-peinados-para-dias-de-lluvia#primaryimage\"},\"thumbnailUrl\":\"https:\\\/\\\/www.arenal.com\\\/blog\\\/wp-content\\\/uploads\\\/2025\\\/09\\\/peinados-dias-lluvia.jpg\",\"articleSection\":[\"Tutoriales de cuidado de cabello\"],\"inLanguage\":\"es\",\"potentialAction\":[{\"@type\":\"CommentAction\",\"name\":\"Comment\",\"target\":[\"https:\\\/\\\/www.arenal.com\\\/blog\\\/los-mejores-peinados-para-dias-de-lluvia#respond\"]}]},{\"@type\":\"WebPage\",\"@id\":\"https:\\\/\\\/www.arenal.com\\\/blog\\\/los-mejores-peinados-para-dias-de-lluvia\",\"url\":\"https:\\\/\\\/www.arenal.com\\\/blog\\\/los-mejores-peinados-para-dias-de-lluvia\",\"name\":\"Los mejores peinados para d\u00edas de lluvia\",\"isPartOf\":{\"@id\":\"https:\\\/\\\/www.arenal.com\\\/blog\\\/#website\"},\"primaryImageOfPage\":{\"@id\":\"https:\\\/\\\/www.arenal.com\\\/blog\\\/los-mejores-peinados-para-dias-de-lluvia#primaryimage\"},\"image\":{\"@id\":\"https:\\\/\\\/www.arenal.com\\\/blog\\\/los-mejores-peinados-para-dias-de-lluvia#primaryimage\"},\"thumbnailUrl\":\"https:\\\/\\\/www.arenal.com\\\/blog\\\/wp-content\\\/uploads\\\/2025\\\/09\\\/peinados-dias-lluvia.jpg\",\"datePublished\":\"2025-09-10T06:00:00+00:00\",\"dateModified\":\"2025-09-29T15:33:03+00:00\",\"author\":{\"@id\":\"https:\\\/\\\/www.arenal.com\\\/blog\\\/#\\\/schema\\\/person\\\/75c321b161941947bdc15ffde9d6241f\"},\"description\":\"Controla el frizz y luce perfecta aunque llueva. Insp\u00edrate con estos peinados f\u00e1ciles y estilosos para d\u00edas h\u00famedos.\",\"breadcrumb\":{\"@id\":\"https:\\\/\\\/www.arenal.com\\\/blog\\\/los-mejores-peinados-para-dias-de-lluvia#breadcrumb\"},\"inLanguage\":\"es\",\"potentialAction\":[{\"@type\":\"ReadAction\",\"target\":[\"https:\\\/\\\/www.arenal.com\\\/blog\\\/los-mejores-peinados-para-dias-de-lluvia\"]}]},{\"@type\":\"ImageObject\",\"inLanguage\":\"es\",\"@id\":\"https:\\\/\\\/www.arenal.com\\\/blog\\\/los-mejores-peinados-para-dias-de-lluvia#primaryimage\",\"url\":\"https:\\\/\\\/www.arenal.com\\\/blog\\\/wp-content\\\/uploads\\\/2025\\\/09\\\/peinados-dias-lluvia.jpg\",\"contentUrl\":\"https:\\\/\\\/www.arenal.com\\\/blog\\\/wp-content\\\/uploads\\\/2025\\\/09\\\/peinados-dias-lluvia.jpg\",\"width\":1140,\"height\":322},{\"@type\":\"BreadcrumbList\",\"@id\":\"https:\\\/\\\/www.arenal.com\\\/blog\\\/los-mejores-peinados-para-dias-de-lluvia#breadcrumb\",\"itemListElement\":[{\"@type\":\"ListItem\",\"position\":1,\"name\":\"Tutoriales\",\"item\":\"https:\\\/\\\/www.arenal.com\\\/blog\\\/tutoriales\"},{\"@type\":\"ListItem\",\"position\":2,\"name\":\"Tutoriales de cuidado de cabello\",\"item\":\"https:\\\/\\\/www.arenal.com\\\/blog\\\/tutoriales\\\/tutoriales-cuidado-de-cabello\"},{\"@type\":\"ListItem\",\"position\":3,\"name\":\"Los mejores peinados para d\u00edas de lluvia\u00a0\"}]},{\"@type\":\"WebSite\",\"@id\":\"https:\\\/\\\/www.arenal.com\\\/blog\\\/#website\",\"url\":\"https:\\\/\\\/www.arenal.com\\\/blog\\\/\",\"name\":\"Blog de Arenal\",\"description\":\"\",\"potentialAction\":[{\"@type\":\"SearchAction\",\"target\":{\"@type\":\"EntryPoint\",\"urlTemplate\":\"https:\\\/\\\/www.arenal.com\\\/blog\\\/?s={search_term_string}\"},\"query-input\":{\"@type\":\"PropertyValueSpecification\",\"valueRequired\":true,\"valueName\":\"search_term_string\"}}],\"inLanguage\":\"es\"},{\"@type\":\"Person\",\"@id\":\"https:\\\/\\\/www.arenal.com\\\/blog\\\/#\\\/schema\\\/person\\\/75c321b161941947bdc15ffde9d6241f\",\"name\":\"arenal\",\"image\":{\"@type\":\"ImageObject\",\"inLanguage\":\"es\",\"@id\":\"https:\\\/\\\/secure.gravatar.com\\\/avatar\\\/e930b117f1433c3126018d5f63c8b2d59f2a86bdb0425d8e5c9b3c027c902408?s=96&d=mm&r=g\",\"url\":\"https:\\\/\\\/secure.gravatar.com\\\/avatar\\\/e930b117f1433c3126018d5f63c8b2d59f2a86bdb0425d8e5c9b3c027c902408?s=96&d=mm&r=g\",\"contentUrl\":\"https:\\\/\\\/secure.gravatar.com\\\/avatar\\\/e930b117f1433c3126018d5f63c8b2d59f2a86bdb0425d8e5c9b3c027c902408?s=96&d=mm&r=g\",\"caption\":\"arenal\"},\"url\":\"https:\\\/\\\/www.arenal.com\\\/blog\\\/author\\\/arenal\"}]}<\/script>\n<!-- \/ Yoast SEO plugin. -->","yoast_head_json":{"title":"Los mejores peinados para d\u00edas de lluvia","description":"Controla el frizz y luce perfecta aunque llueva. Insp\u00edrate con estos peinados f\u00e1ciles y estilosos para d\u00edas h\u00famedos.","robots":{"index":"index","follow":"follow","max-snippet":"max-snippet:-1","max-image-preview":"max-image-preview:large","max-video-preview":"max-video-preview:-1"},"canonical":"https:\/\/www.arenal.com\/blog\/los-mejores-peinados-para-dias-de-lluvia","og_locale":"es_ES","og_type":"article","og_title":"Los mejores peinados para d\u00edas de lluvia","og_description":"Controla el frizz y luce perfecta aunque llueva. Insp\u00edrate con estos peinados f\u00e1ciles y estilosos para d\u00edas h\u00famedos.","og_url":"https:\/\/www.arenal.com\/blog\/los-mejores-peinados-para-dias-de-lluvia","og_site_name":"Blog de Arenal","article_published_time":"2025-09-10T06:00:00+00:00","article_modified_time":"2025-09-29T15:33:03+00:00","og_image":[{"width":1140,"height":322,"url":"https:\/\/www.arenal.com\/blog\/wp-content\/uploads\/2025\/09\/peinados-dias-lluvia.jpg","type":"image\/jpeg"}],"author":"arenal","twitter_card":"summary_large_image","twitter_misc":{"Escrito por":"arenal","Tiempo de lectura":"5 minutos"},"schema":{"@context":"https:\/\/schema.org","@graph":[{"@type":"Article","@id":"https:\/\/www.arenal.com\/blog\/los-mejores-peinados-para-dias-de-lluvia#article","isPartOf":{"@id":"https:\/\/www.arenal.com\/blog\/los-mejores-peinados-para-dias-de-lluvia"},"author":{"name":"arenal","@id":"https:\/\/www.arenal.com\/blog\/#\/schema\/person\/75c321b161941947bdc15ffde9d6241f"},"headline":"Los mejores peinados para d\u00edas de lluvia\u00a0","datePublished":"2025-09-10T06:00:00+00:00","dateModified":"2025-09-29T15:33:03+00:00","mainEntityOfPage":{"@id":"https:\/\/www.arenal.com\/blog\/los-mejores-peinados-para-dias-de-lluvia"},"wordCount":1067,"commentCount":0,"image":{"@id":"https:\/\/www.arenal.com\/blog\/los-mejores-peinados-para-dias-de-lluvia#primaryimage"},"thumbnailUrl":"https:\/\/www.arenal.com\/blog\/wp-content\/uploads\/2025\/09\/peinados-dias-lluvia.jpg","articleSection":["Tutoriales de cuidado de cabello"],"inLanguage":"es","potentialAction":[{"@type":"CommentAction","name":"Comment","target":["https:\/\/www.arenal.com\/blog\/los-mejores-peinados-para-dias-de-lluvia#respond"]}]},{"@type":"WebPage","@id":"https:\/\/www.arenal.com\/blog\/los-mejores-peinados-para-dias-de-lluvia","url":"https:\/\/www.arenal.com\/blog\/los-mejores-peinados-para-dias-de-lluvia","name":"Los mejores peinados para d\u00edas de lluvia","isPartOf":{"@id":"https:\/\/www.arenal.com\/blog\/#website"},"primaryImageOfPage":{"@id":"https:\/\/www.arenal.com\/blog\/los-mejores-peinados-para-dias-de-lluvia#primaryimage"},"image":{"@id":"https:\/\/www.arenal.com\/blog\/los-mejores-peinados-para-dias-de-lluvia#primaryimage"},"thumbnailUrl":"https:\/\/www.arenal.com\/blog\/wp-content\/uploads\/2025\/09\/peinados-dias-lluvia.jpg","datePublished":"2025-09-10T06:00:00+00:00","dateModified":"2025-09-29T15:33:03+00:00","author":{"@id":"https:\/\/www.arenal.com\/blog\/#\/schema\/person\/75c321b161941947bdc15ffde9d6241f"},"description":"Controla el frizz y luce perfecta aunque llueva. Insp\u00edrate con estos peinados f\u00e1ciles y estilosos para d\u00edas h\u00famedos.","breadcrumb":{"@id":"https:\/\/www.arenal.com\/blog\/los-mejores-peinados-para-dias-de-lluvia#breadcrumb"},"inLanguage":"es","potentialAction":[{"@type":"ReadAction","target":["https:\/\/www.arenal.com\/blog\/los-mejores-peinados-para-dias-de-lluvia"]}]},{"@type":"ImageObject","inLanguage":"es","@id":"https:\/\/www.arenal.com\/blog\/los-mejores-peinados-para-dias-de-lluvia#primaryimage","url":"https:\/\/www.arenal.com\/blog\/wp-content\/uploads\/2025\/09\/peinados-dias-lluvia.jpg","contentUrl":"https:\/\/www.arenal.com\/blog\/wp-content\/uploads\/2025\/09\/peinados-dias-lluvia.jpg","width":1140,"height":322},{"@type":"BreadcrumbList","@id":"https:\/\/www.arenal.com\/blog\/los-mejores-peinados-para-dias-de-lluvia#breadcrumb","itemListElement":[{"@type":"ListItem","position":1,"name":"Tutoriales","item":"https:\/\/www.arenal.com\/blog\/tutoriales"},{"@type":"ListItem","position":2,"name":"Tutoriales de cuidado de cabello","item":"https:\/\/www.arenal.com\/blog\/tutoriales\/tutoriales-cuidado-de-cabello"},{"@type":"ListItem","position":3,"name":"Los mejores peinados para d\u00edas de lluvia\u00a0"}]},{"@type":"WebSite","@id":"https:\/\/www.arenal.com\/blog\/#website","url":"https:\/\/www.arenal.com\/blog\/","name":"Blog de Arenal","description":"","potentialAction":[{"@type":"SearchAction","target":{"@type":"EntryPoint","urlTemplate":"https:\/\/www.arenal.com\/blog\/?s={search_term_string}"},"query-input":{"@type":"PropertyValueSpecification","valueRequired":true,"valueName":"search_term_string"}}],"inLanguage":"es"},{"@type":"Person","@id":"https:\/\/www.arenal.com\/blog\/#\/schema\/person\/75c321b161941947bdc15ffde9d6241f","name":"arenal","image":{"@type":"ImageObject","inLanguage":"es","@id":"https:\/\/secure.gravatar.com\/avatar\/e930b117f1433c3126018d5f63c8b2d59f2a86bdb0425d8e5c9b3c027c902408?s=96&d=mm&r=g","url":"https:\/\/secure.gravatar.com\/avatar\/e930b117f1433c3126018d5f63c8b2d59f2a86bdb0425d8e5c9b3c027c902408?s=96&d=mm&r=g","contentUrl":"https:\/\/secure.gravatar.com\/avatar\/e930b117f1433c3126018d5f63c8b2d59f2a86bdb0425d8e5c9b3c027c902408?s=96&d=mm&r=g","caption":"arenal"},"url":"https:\/\/www.arenal.com\/blog\/author\/arenal"}]}},"_links":{"self":[{"href":"https:\/\/www.arenal.com\/blog\/wp-json\/wp\/v2\/posts\/7816","targetHints":{"allow":["GET"]}}],"collection":[{"href":"https:\/\/www.arenal.com\/blog\/wp-json\/wp\/v2\/posts"}],"about":[{"href":"https:\/\/www.arenal.com\/blog\/wp-json\/wp\/v2\/types\/post"}],"author":[{"embeddable":true,"href":"https:\/\/www.arenal.com\/blog\/wp-json\/wp\/v2\/users\/2"}],"replies":[{"embeddable":true,"href":"https:\/\/www.arenal.com\/blog\/wp-json\/wp\/v2\/comments?post=7816"}],"version-history":[{"count":4,"href":"https:\/\/www.arenal.com\/blog\/wp-json\/wp\/v2\/posts\/7816\/revisions"}],"predecessor-version":[{"id":7902,"href":"https:\/\/www.arenal.com\/blog\/wp-json\/wp\/v2\/posts\/7816\/revisions\/7902"}],"wp:featuredmedia":[{"embeddable":true,"href":"https:\/\/www.arenal.com\/blog\/wp-json\/wp\/v2\/media\/7900"}],"wp:attachment":[{"href":"https:\/\/www.arenal.com\/blog\/wp-json\/wp\/v2\/media?parent=7816"}],"wp:term":[{"taxonomy":"category","embeddable":true,"href":"https:\/\/www.arenal.com\/blog\/wp-json\/wp\/v2\/categories?post=7816"},{"taxonomy":"post_tag","embeddable":true,"href":"https:\/\/www.arenal.com\/blog\/wp-json\/wp\/v2\/tags?post=7816"}],"curies":[{"name":"wp","href":"https:\/\/api.w.org\/{rel}","templated":true}]}}