{"id":7809,"date":"2025-09-05T07:00:00","date_gmt":"2025-09-05T06:00:00","guid":{"rendered":"https:\/\/www.arenal.com\/blog\/?p=7809"},"modified":"2025-09-03T08:15:31","modified_gmt":"2025-09-03T07:15:31","slug":"protege-tu-piel-conoce-los-activos-que-no-se-pueden-mezclar","status":"publish","type":"post","link":"https:\/\/www.arenal.com\/blog\/protege-tu-piel-conoce-los-activos-que-no-se-pueden-mezclar","title":{"rendered":"\u00a1Protege tu piel! Conoce los activos que no se pueden mezclar\u00a0"},"content":{"rendered":"\n<p>Si eres fan del skincare, seguro que m\u00e1s de una vez te has emocionado al descubrir un nuevo s\u00e9rum o una crema milagrosa y has pensado: <em>\u201c\u00a1Lo quiero todo en mi rutina!<\/em>\u201d. Pero cuidado, no todo se puede usar junto. Hay <strong>activos que no se pueden mezclar<\/strong> porque, en lugar de ayudarte, pueden irritar tu piel, anularse entre s\u00ed o incluso acelerar la aparici\u00f3n de rojeces y descamaci\u00f3n. Pero si no sabes cu\u00e1les son estos productos que nunca deben mezclarse, \u00a1no te preocupes! porque aqu\u00ed mismo <strong>te vamos a contar esas combinaciones prohibidas<\/strong> y <strong>c\u00f3mo aprovechar al m\u00e1ximo cada producto<\/strong> sin cometer errores que puedan da\u00f1ar tu piel.&nbsp;<\/p>\n\n\n\n<figure class=\"wp-block-image size-large\"><img loading=\"lazy\" decoding=\"async\" width=\"1024\" height=\"683\" src=\"https:\/\/www.arenal.com\/blog\/wp-content\/uploads\/2025\/08\/activos-que-no-se-pueden-mezclar-rutina-facial-1024x683.jpg\" alt=\"\" class=\"wp-image-7846\" srcset=\"https:\/\/www.arenal.com\/blog\/wp-content\/uploads\/2025\/08\/activos-que-no-se-pueden-mezclar-rutina-facial-1024x683.jpg 1024w, https:\/\/www.arenal.com\/blog\/wp-content\/uploads\/2025\/08\/activos-que-no-se-pueden-mezclar-rutina-facial-300x200.jpg 300w, https:\/\/www.arenal.com\/blog\/wp-content\/uploads\/2025\/08\/activos-que-no-se-pueden-mezclar-rutina-facial-768x512.jpg 768w, https:\/\/www.arenal.com\/blog\/wp-content\/uploads\/2025\/08\/activos-que-no-se-pueden-mezclar-rutina-facial.jpg 1140w\" sizes=\"auto, (max-width: 1024px) 100vw, 1024px\" \/><\/figure>\n\n\n\n<div id=\"ez-toc-container\" class=\"ez-toc-v2_0_82_2 counter-hierarchy ez-toc-counter ez-toc-custom ez-toc-container-direction\">\n<div class=\"ez-toc-title-container\">\n<p class=\"ez-toc-title\" style=\"cursor:inherit\">Indice de contenidos<\/p>\n<span class=\"ez-toc-title-toggle\"><a href=\"#\" class=\"ez-toc-pull-right ez-toc-btn ez-toc-btn-xs ez-toc-btn-default ez-toc-toggle\" aria-label=\"Alternar tabla de contenidos\"><span class=\"ez-toc-js-icon-con\"><span class=\"\"><span class=\"eztoc-hide\" style=\"display:none;\">Toggle<\/span><span class=\"ez-toc-icon-toggle-span\"><svg style=\"fill: #000000;color:#000000\" xmlns=\"http:\/\/www.w3.org\/2000\/svg\" class=\"list-377408\" width=\"20px\" height=\"20px\" viewBox=\"0 0 24 24\" fill=\"none\"><path d=\"M6 6H4v2h2V6zm14 0H8v2h12V6zM4 11h2v2H4v-2zm16 0H8v2h12v-2zM4 16h2v2H4v-2zm16 0H8v2h12v-2z\" fill=\"currentColor\"><\/path><\/svg><svg style=\"fill: #000000;color:#000000\" class=\"arrow-unsorted-368013\" xmlns=\"http:\/\/www.w3.org\/2000\/svg\" width=\"10px\" height=\"10px\" viewBox=\"0 0 24 24\" version=\"1.2\" baseProfile=\"tiny\"><path d=\"M18.2 9.3l-6.2-6.3-6.2 6.3c-.2.2-.3.4-.3.7s.1.5.3.7c.2.2.4.3.7.3h11c.3 0 .5-.1.7-.3.2-.2.3-.5.3-.7s-.1-.5-.3-.7zM5.8 14.7l6.2 6.3 6.2-6.3c.2-.2.3-.5.3-.7s-.1-.5-.3-.7c-.2-.2-.4-.3-.7-.3h-11c-.3 0-.5.1-.7.3-.2.2-.3.5-.3.7s.1.5.3.7z\"\/><\/svg><\/span><\/span><\/span><\/a><\/span><\/div>\n<nav><ul class='ez-toc-list ez-toc-list-level-1 ' ><li class='ez-toc-page-1 ez-toc-heading-level-2'><a class=\"ez-toc-link ez-toc-heading-1\" href=\"https:\/\/www.arenal.com\/blog\/protege-tu-piel-conoce-los-activos-que-no-se-pueden-mezclar\/#Productos_que_no_se_pueden_mezclar_en_tu_rutina_facial\" >Productos que no se pueden mezclar en tu rutina facial&nbsp;<\/a><ul class='ez-toc-list-level-3' ><li class='ez-toc-heading-level-3'><a class=\"ez-toc-link ez-toc-heading-2\" href=\"https:\/\/www.arenal.com\/blog\/protege-tu-piel-conoce-los-activos-que-no-se-pueden-mezclar\/#%C2%BFQue_no_mezclar_con_acido_glicolico\" >\u00bfQu\u00e9 no mezclar con \u00e1cido glic\u00f3lico?&nbsp;<\/a><\/li><li class='ez-toc-page-1 ez-toc-heading-level-3'><a class=\"ez-toc-link ez-toc-heading-3\" href=\"https:\/\/www.arenal.com\/blog\/protege-tu-piel-conoce-los-activos-que-no-se-pueden-mezclar\/#%C2%BFCon_que_no_mezclar_el_acido_salicilico\" >\u00bfCon qu\u00e9 no mezclar el \u00e1cido salic\u00edlico?&nbsp;<\/a><\/li><li class='ez-toc-page-1 ez-toc-heading-level-3'><a class=\"ez-toc-link ez-toc-heading-4\" href=\"https:\/\/www.arenal.com\/blog\/protege-tu-piel-conoce-los-activos-que-no-se-pueden-mezclar\/#%C2%BFCon_que_no_mezclar_peptidos\" >\u00bfCon qu\u00e9 no mezclar p\u00e9ptidos?&nbsp;<\/a><\/li><li class='ez-toc-page-1 ez-toc-heading-level-3'><a class=\"ez-toc-link ez-toc-heading-5\" href=\"https:\/\/www.arenal.com\/blog\/protege-tu-piel-conoce-los-activos-que-no-se-pueden-mezclar\/#%C2%BFQue_no_puedo_combinar_con_niacinamida\" >\u00bfQu\u00e9 no puedo combinar con niacinamida?&nbsp;<\/a><\/li><li class='ez-toc-page-1 ez-toc-heading-level-3'><a class=\"ez-toc-link ez-toc-heading-6\" href=\"https:\/\/www.arenal.com\/blog\/protege-tu-piel-conoce-los-activos-que-no-se-pueden-mezclar\/#%C2%BFQue_no_se_debe_mezclar_con_vitamina_C\" >\u00bfQu\u00e9 no se debe mezclar con vitamina C?&nbsp;<\/a><\/li><li class='ez-toc-page-1 ez-toc-heading-level-3'><a class=\"ez-toc-link ez-toc-heading-7\" href=\"https:\/\/www.arenal.com\/blog\/protege-tu-piel-conoce-los-activos-que-no-se-pueden-mezclar\/#%C2%BFQue_no_usar_junto_al_retinol\" >\u00bfQu\u00e9 no usar junto al retinol?&nbsp;<\/a><\/li><\/ul><\/li><li class='ez-toc-page-1 ez-toc-heading-level-2'><a class=\"ez-toc-link ez-toc-heading-8\" href=\"https:\/\/www.arenal.com\/blog\/protege-tu-piel-conoce-los-activos-que-no-se-pueden-mezclar\/#Como_aplicar_los_activos_sin_mezclarlos_mal\" >C\u00f3mo aplicar los activos sin mezclarlos mal&nbsp;<\/a><\/li><li class='ez-toc-page-1 ez-toc-heading-level-2'><a class=\"ez-toc-link ez-toc-heading-9\" href=\"https:\/\/www.arenal.com\/blog\/protege-tu-piel-conoce-los-activos-que-no-se-pueden-mezclar\/#El_equilibrio_es_tu_mejor_aliado\" >El equilibrio es tu mejor aliado&nbsp;<\/a><\/li><li class='ez-toc-page-1 ez-toc-heading-level-2'><a class=\"ez-toc-link ez-toc-heading-10\" href=\"https:\/\/www.arenal.com\/blog\/protege-tu-piel-conoce-los-activos-que-no-se-pueden-mezclar\/#Preguntas_frecuentes\" >Preguntas frecuentes<\/a><\/li><\/ul><\/nav><\/div>\n<h2 class=\"wp-block-heading\"><span class=\"ez-toc-section\" id=\"Productos_que_no_se_pueden_mezclar_en_tu_rutina_facial\"><\/span>Productos que no se pueden mezclar en tu rutina facial&nbsp;<span class=\"ez-toc-section-end\"><\/span><\/h2>\n\n\n\n<p>Lo primero que tienes que saber es que <strong>m\u00e1s no siempre significa mejor<\/strong>. Muchas os pregunt\u00e1is <strong>qu\u00e9 cremas no se pueden mezclar<\/strong>, y la respuesta es clara: depende de los ingredientes. Hay activos maravillosos que, si se usan mal, se vuelven demasiado agresivos. Un ejemplo cl\u00e1sico es la <strong>mezcla de vitamina C con retinol<\/strong>: un c\u00f3ctel demasiado agresivo para la gran mayor\u00eda de las pieles.&nbsp;<\/p>\n\n\n\n<p><strong>Otra combinaci\u00f3n que deber\u00edas evitar es la de exfoliantes fuertes entre s\u00ed<\/strong>, como \u00e1cido glic\u00f3lico y salic\u00edlico, porque terminan debilitando tu barrera cut\u00e1nea. Y, ojo, <strong>tampoco es buena idea juntar niacinamida con vitamina C pura<\/strong> en el mismo paso, porque ambos pierden fuerza.&nbsp;<\/p>\n\n\n\n<p>El secreto est\u00e1 en <a href=\"https:\/\/www.arenal.com\/blog\/como-organizar-productos-belleza\" target=\"_blank\" rel=\"noreferrer noopener\"><strong>organizar tus productos de belleza<\/strong><\/a><strong> <\/strong><strong>seg\u00fan tu tipo de piel<\/strong> y darles su propio espacio dentro de tu rutina. De este modo, todos funcionan como deben y tu piel lo agradece.&nbsp;<\/p>\n\n\n\n<h3 class=\"wp-block-heading\"><span class=\"ez-toc-section\" id=\"%C2%BFQue_no_mezclar_con_acido_glicolico\"><\/span>\u00bfQu\u00e9 no mezclar con \u00e1cido glic\u00f3lico?&nbsp;<span class=\"ez-toc-section-end\"><\/span><\/h3>\n\n\n\n<p><strong>El \u00e1cido glic\u00f3lico es uno de nuestros favoritos para renovar la piel<\/strong> y conseguir esa luminosidad digna de pasarela. Adem\u00e1s, es un b\u00e1sico para quienes sue\u00f1an con la tendencia <a href=\"https:\/\/www.arenal.com\/blog\/glass-skin-consigue-una-piel-de-cristal\" target=\"_blank\" rel=\"noreferrer noopener\"><strong>glass skin<\/strong><\/a>. Pero hay que saber usarlo. <strong>Nunca lo combines con retinol ni con vitamina C pura<\/strong>, porque la mezcla puede ser demasiado abrasiva y dejar tu piel sensible, roja o descamada.&nbsp;<\/p>\n\n\n\n<p><strong>Lo ideal es aplicarlo de noche<\/strong>, tras una buena <strong>limpieza facial<\/strong>, y dejarlo actuar sin a\u00f1adirle nada que compita. Si quieres usar vitamina C, hazlo por la ma\u00f1ana; si quieres retinol, res\u00e9rvalo para otra noche diferente. As\u00ed aprovechas su <strong>efecto renovador sin comprometer tu <\/strong><a href=\"https:\/\/www.arenal.com\/blog\/barrera-cutanea-danada-identificala-y-actua\" target=\"_blank\" rel=\"noreferrer noopener\"><strong>barrera cut\u00e1nea<\/strong><\/a><strong>.<\/strong>&nbsp;<\/p>\n\n\n\n<h3 class=\"wp-block-heading\"><span class=\"ez-toc-section\" id=\"%C2%BFCon_que_no_mezclar_el_acido_salicilico\"><\/span>\u00bfCon qu\u00e9 no mezclar el \u00e1cido salic\u00edlico?&nbsp;<span class=\"ez-toc-section-end\"><\/span><\/h3>\n\n\n\n<p><strong>El \u00e1cido salic\u00edlico es la joya de las pieles con tendencia acneica<\/strong>. Perfecto para mantener los poros limpios y decir adi\u00f3s a los puntos negros. Pero ojo, no es un ingrediente para mezclar a la ligera.&nbsp;<\/p>\n\n\n\n<p><strong>Nunca lo uses junto con retinol<\/strong>, porque la piel puede resecarse demasiado y volverse reactiva. <strong>Tampoco funciona bien con concentraciones altas de vitamina C<\/strong>, ya que se neutralizan entre s\u00ed.&nbsp;<\/p>\n\n\n\n<p>Si tu objetivo es dise\u00f1ar una <a href=\"https:\/\/www.arenal.com\/blog\/descubre-la-mejor-rutina-facial-para-piel-grasa\" target=\"_blank\" rel=\"noreferrer noopener\"><strong>rutina facial para pieles grasas<\/strong><\/a>, <strong>el \u00e1cido salic\u00edlico ser\u00e1 tu mejor aliado si lo aplicas poco a poco<\/strong> y lo alternas con ingredientes calmantes como el \u00e1cido hialur\u00f3nico o la niacinamida. As\u00ed consigues ese equilibrio entre limpieza profunda y cuidado respetuoso.&nbsp;<\/p>\n\n\n\n<h3 class=\"wp-block-heading\"><span class=\"ez-toc-section\" id=\"%C2%BFCon_que_no_mezclar_peptidos\"><\/span>\u00bfCon qu\u00e9 no mezclar p\u00e9ptidos?&nbsp;<span class=\"ez-toc-section-end\"><\/span><\/h3>\n\n\n\n<p><strong>Los p\u00e9ptidos son la ni\u00f1a bonita de las f\u00f3rmulas antiedad<\/strong>. Ayudan a mantener la firmeza y a estimular la producci\u00f3n de col\u00e1geno. Pero, aunque son delicados con la piel, <strong>no les sienta bien compartir espacio con exfoliantes fuertes<\/strong> ni con vitamina C pura.&nbsp;<\/p>\n\n\n\n<p>Por eso, si quieres incluirlos en tus <a href=\"https:\/\/www.arenal.com\/blog\/rutina-cuidado-facial\" target=\"_blank\" rel=\"noreferrer noopener\"><strong>rutinas de cuidado facial<\/strong><\/a>, dales un lugar protagonista. Funcionan de maravilla si buscas un efecto reafirmante, especialmente en una <a href=\"https:\/\/www.arenal.com\/blog\/rutina-piel-sensible\" target=\"_blank\" rel=\"noreferrer noopener\"><strong>rutina facial para piel sensible con rojeces<\/strong><\/a>, porque no irritan y ayudan a fortalecer la barrera cut\u00e1nea. Lo mejor es combinarlos con ingredientes nutritivos e hidratantes: ceramidas, \u00e1cido hialur\u00f3nico o incluso aceites ligeros.&nbsp;<\/p>\n\n\n\n<h3 class=\"wp-block-heading\"><span class=\"ez-toc-section\" id=\"%C2%BFQue_no_puedo_combinar_con_niacinamida\"><\/span>\u00bfQu\u00e9 no puedo combinar con niacinamida?&nbsp;<span class=\"ez-toc-section-end\"><\/span><\/h3>\n\n\n\n<p><strong>La niacinamida no se debe combinar con vitamina C (\u00e1cido asc\u00f3rbico)<\/strong>, ya que pueden neutralizarse entre s\u00ed y disminuir la efectividad de ambos ingredientes. Tambi\u00e9n se recomienda evitar la combinaci\u00f3n con productos que contengan AHA (alfahidroxi\u00e1cidos) o BHA (betahidroxi\u00e1cidos), ya que pueden alterar el pH de la piel, lo que podr\u00eda causar irritaci\u00f3n o disminuir la eficacia de la niacinamida. Sin embargo, si se usan en rutinas separadas, ambos ingredientes pueden ser beneficiosos.&nbsp;<\/p>\n\n\n\n<h3 class=\"wp-block-heading\"><span class=\"ez-toc-section\" id=\"%C2%BFQue_no_se_debe_mezclar_con_vitamina_C\"><\/span>\u00bfQu\u00e9 no se debe mezclar con vitamina C?&nbsp;<span class=\"ez-toc-section-end\"><\/span><\/h3>\n\n\n\n<p><strong>No debe mezclarse con productos que contengan niacinamida<\/strong>, ya que pueden neutralizarse mutuamente y disminuir su efectividad. <strong>Tampoco se recomienda combinarla con productos \u00e1cidos como AHA<\/strong> (alfahidroxi\u00e1cidos) <strong>o BHA (betahidroxi\u00e1cidos<\/strong>), ya que el pH bajo de estos ingredientes puede inactivar la vitamina C. Adem\u00e1s, <strong>evitar la mezcla con retinol o derivados de la vitamina A<\/strong>, ya que puede causar irritaci\u00f3n o sensibilidad en la piel. Para obtener los mejores resultados, es recomendable usar estos productos en rutinas separadas.&nbsp;<\/p>\n\n\n\n<h3 class=\"wp-block-heading\"><span class=\"ez-toc-section\" id=\"%C2%BFQue_no_usar_junto_al_retinol\"><\/span>\u00bfQu\u00e9 no usar junto al retinol?&nbsp;<span class=\"ez-toc-section-end\"><\/span><\/h3>\n\n\n\n<p>Adem\u00e1s de evitar mezclaro con vitamina C, AHA y BHA para evitar irritaciones y exceso de exfoliaci\u00f3n, tambi\u00e9n se recomienda no usar el retinol junto con niacinamida, ya que aunque no hay una interacci\u00f3n qu\u00edmica directa, algunas personas pueden experimentar mayor irritaci\u00f3n al combinar estos ingredientes. Para evitar problemas, es preferible usar retinol por la noche y los otros ingredientes en rutinas separadas.&nbsp;<\/p>\n\n\n\n<figure class=\"wp-block-image size-large\"><img loading=\"lazy\" decoding=\"async\" width=\"1024\" height=\"683\" src=\"https:\/\/www.arenal.com\/blog\/wp-content\/uploads\/2025\/08\/mezclar-bien-activos-maquillaje-1024x683.jpg\" alt=\"\" class=\"wp-image-7847\" srcset=\"https:\/\/www.arenal.com\/blog\/wp-content\/uploads\/2025\/08\/mezclar-bien-activos-maquillaje-1024x683.jpg 1024w, https:\/\/www.arenal.com\/blog\/wp-content\/uploads\/2025\/08\/mezclar-bien-activos-maquillaje-300x200.jpg 300w, https:\/\/www.arenal.com\/blog\/wp-content\/uploads\/2025\/08\/mezclar-bien-activos-maquillaje-768x512.jpg 768w, https:\/\/www.arenal.com\/blog\/wp-content\/uploads\/2025\/08\/mezclar-bien-activos-maquillaje.jpg 1140w\" sizes=\"auto, (max-width: 1024px) 100vw, 1024px\" \/><\/figure>\n\n\n\n<h2 class=\"wp-block-heading\"><span class=\"ez-toc-section\" id=\"Como_aplicar_los_activos_sin_mezclarlos_mal\"><\/span>C\u00f3mo aplicar los activos sin mezclarlos mal&nbsp;<span class=\"ez-toc-section-end\"><\/span><\/h2>\n\n\n\n<p>Aqu\u00ed est\u00e1 el verdadero truco: no necesitas renunciar a ninguno de tus favoritos, simplemente debes aprender a organizarlos. Por ejemplo:&nbsp;<\/p>\n\n\n\n<ul class=\"wp-block-list\">\n<li style=\"margin-left:25px;\"><strong>\u25cf<\/strong> <strong>Alterna noches<\/strong>: usa \u00e1cidos exfoliantes (glic\u00f3lico o salic\u00edlico) en d\u00edas distintos de retinol.&nbsp;<\/li>\n<\/ul>\n\n\n\n<ul class=\"wp-block-list\">\n<li style=\"margin-left:25px;\"><strong>\u25cf<\/strong> <strong>No uses todos los productos a la vez<\/strong>: vitamina C por la ma\u00f1ana, retinol por la noche.&nbsp;<\/li>\n<\/ul>\n\n\n\n<ul class=\"wp-block-list\">\n<li style=\"margin-left:25px;\"><strong>\u25cf<\/strong> <strong>Haz pausas<\/strong>: si un d\u00eda exfolias, al siguiente prioriza reparar con hidratantes.&nbsp;<\/li>\n<\/ul>\n\n\n\n<ul class=\"wp-block-list\">\n<li style=\"margin-left:25px;\"><strong>\u25cf<\/strong> <strong>Escucha a tu piel<\/strong>: aprender <strong>c\u00f3mo exfoliar la piel<\/strong> correctamente y <strong>cuidar la piel sensible<\/strong> es la base para evitar excesos.\u00a0<\/li>\n<\/ul>\n\n\n\n<p>Cuando entiendes estas reglas b\u00e1sicas, tu piel mejora de forma visible: menos rojeces, m\u00e1s luz y, sobre todo, resultados reales y duraderos.&nbsp;<\/p>\n\n\n\n<h2 class=\"wp-block-heading\"><span class=\"ez-toc-section\" id=\"El_equilibrio_es_tu_mejor_aliado\"><\/span>El equilibrio es tu mejor aliado&nbsp;<span class=\"ez-toc-section-end\"><\/span><\/h2>\n\n\n\n<p><strong>No necesitas diez pasos imposibles ni gastar una fortuna en productos que luego compiten entre s\u00ed<\/strong>. La clave es saber combinarlos y darles el protagonismo que merecen. Un <a href=\"https:\/\/www.arenal.com\/cosmetica\/serums-faciales\" target=\"_blank\" rel=\"noreferrer noopener\">s\u00e9rum facial<\/a> bien colocado puede cambiarlo todo, y un ingrediente usado en el momento adecuado puede ser el que marque la diferencia.&nbsp;<\/p>\n\n\n\n<p>Recuerda: el skincare no es cuesti\u00f3n de cantidad, sino de estrategia. Conociendo los <strong>activos que no se pueden mezclar<\/strong>, evitar\u00e1s irritaciones innecesarias y aprovechar\u00e1s lo mejor de cada f\u00f3rmula. Tu piel estar\u00e1 lista para brillar con esa luminosidad natural que tanto buscamos.&nbsp;<\/p>\n\n\n\n<h2 class=\"wp-block-heading\"><span class=\"ez-toc-section\" id=\"Preguntas_frecuentes\"><\/span><strong>Preguntas frecuentes<\/strong><span class=\"ez-toc-section-end\"><\/span><\/h2>\n\n\n<div class=\"wp-block-ub-content-toggle wp-block-ub-content-toggle-block\" id=\"ub-content-toggle-block-3fb9fe3c-1d24-429f-875a-597d839a49d0\" data-mobilecollapse=\"false\" data-desktopcollapse=\"false\" data-preventcollapse=\"false\" data-showonlyone=\"false\">\n<div class=\"wp-block-ub-content-toggle-accordion\" style=\"border-color: #f1f1f1; \" id=\"ub-content-toggle-panel-block-\">\n\t\t\t<div class=\"wp-block-ub-content-toggle-accordion-title-wrap\" style=\"background-color: #f1f1f1;\" aria-controls=\"ub-content-toggle-panel-0-3fb9fe3c-1d24-429f-875a-597d839a49d0\" tabindex=\"0\">\n\t\t\t<p class=\"wp-block-ub-content-toggle-accordion-title ub-content-toggle-title-3fb9fe3c-1d24-429f-875a-597d839a49d0\" style=\"color: #000000; \"><strong>\u00bfQu\u00e9 pasa si mezclo dos cremas diferentes?<\/strong>\u00a0<\/p>\n\t\t\t<div class=\"wp-block-ub-content-toggle-accordion-toggle-wrap right\" style=\"color: #000000;\"><span class=\"wp-block-ub-content-toggle-accordion-state-indicator wp-block-ub-chevron-down open\"><\/span><\/div>\n\t\t<\/div>\n\t\t\t<div role=\"region\" aria-expanded=\"true\" class=\"wp-block-ub-content-toggle-accordion-content-wrap\" id=\"ub-content-toggle-panel-0-3fb9fe3c-1d24-429f-875a-597d839a49d0\">\n\n<p>Si mezclas dos cremas diferentes, puedes correr el riesgo de que sus ingredientes se neutralicen o se vuelvan menos efectivos, adem\u00e1s de generar posibles reacciones en la piel como irritaci\u00f3n o brotes. Es importante asegurarse de que ambas cremas sean compatibles y no contengan ingredientes conflictivos entre s\u00ed.\u00a0<\/p>\n\n<\/div>\n\t\t<\/div>\n\n<div class=\"wp-block-ub-content-toggle-accordion\" style=\"border-color: #f1f1f1; \" id=\"ub-content-toggle-panel-block-\">\n\t\t\t<div class=\"wp-block-ub-content-toggle-accordion-title-wrap\" style=\"background-color: #f1f1f1;\" aria-controls=\"ub-content-toggle-panel-1-3fb9fe3c-1d24-429f-875a-597d839a49d0\" tabindex=\"0\">\n\t\t\t<p class=\"wp-block-ub-content-toggle-accordion-title ub-content-toggle-title-3fb9fe3c-1d24-429f-875a-597d839a49d0\" style=\"color: #000000; \"><strong>\u00bfCon qu\u00e9 se combinan bien los p\u00e9ptidos?<\/strong>\u00a0<\/p>\n\t\t\t<div class=\"wp-block-ub-content-toggle-accordion-toggle-wrap right\" style=\"color: #000000;\"><span class=\"wp-block-ub-content-toggle-accordion-state-indicator wp-block-ub-chevron-down open\"><\/span><\/div>\n\t\t<\/div>\n\t\t\t<div role=\"region\" aria-expanded=\"true\" class=\"wp-block-ub-content-toggle-accordion-content-wrap\" id=\"ub-content-toggle-panel-1-3fb9fe3c-1d24-429f-875a-597d839a49d0\">\n\n<p>Los p\u00e9ptidos se combinan bien con ingredientes hidratantes como el \u00e1cido hialur\u00f3nico, as\u00ed como con antioxidantes como la vitamina C. Tambi\u00e9n funcionan bien junto a retinol o niacinamida, ya que ayudan a mejorar la barrera cut\u00e1nea y a estimular la producci\u00f3n de col\u00e1geno sin causar irritaci\u00f3n.\u00a0<\/p>\n\n<\/div>\n\t\t<\/div>\n\n<div class=\"wp-block-ub-content-toggle-accordion\" style=\"border-color: #f1f1f1; \" id=\"ub-content-toggle-panel-block-\">\n\t\t\t<div class=\"wp-block-ub-content-toggle-accordion-title-wrap\" style=\"background-color: #f1f1f1;\" aria-controls=\"ub-content-toggle-panel-2-3fb9fe3c-1d24-429f-875a-597d839a49d0\" tabindex=\"0\">\n\t\t\t<p class=\"wp-block-ub-content-toggle-accordion-title ub-content-toggle-title-3fb9fe3c-1d24-429f-875a-597d839a49d0\" style=\"color: #000000; \"><strong>\u00bfCu\u00e1nto tiempo hay que esperar entre dos cremas?<\/strong>\u00a0<\/p>\n\t\t\t<div class=\"wp-block-ub-content-toggle-accordion-toggle-wrap right\" style=\"color: #000000;\"><span class=\"wp-block-ub-content-toggle-accordion-state-indicator wp-block-ub-chevron-down open\"><\/span><\/div>\n\t\t<\/div>\n\t\t\t<div role=\"region\" aria-expanded=\"true\" class=\"wp-block-ub-content-toggle-accordion-content-wrap\" id=\"ub-content-toggle-panel-2-3fb9fe3c-1d24-429f-875a-597d839a49d0\">\n\n<p>Generalmente, se recomienda esperar entre 1 a 3 minutos entre la aplicaci\u00f3n de dos cremas para permitir que el primer producto se absorba completamente antes de aplicar el siguiente. Esto evita que los ingredientes se mezclen y maximiza la eficacia de cada uno.\u00a0<\/p>\n\n<\/div>\n\t\t<\/div>\n\n<div class=\"wp-block-ub-content-toggle-accordion\" style=\"border-color: #f1f1f1; \" id=\"ub-content-toggle-panel-block-\">\n\t\t\t<div class=\"wp-block-ub-content-toggle-accordion-title-wrap\" style=\"background-color: #f1f1f1;\" aria-controls=\"ub-content-toggle-panel-3-3fb9fe3c-1d24-429f-875a-597d839a49d0\" tabindex=\"0\">\n\t\t\t<p class=\"wp-block-ub-content-toggle-accordion-title ub-content-toggle-title-3fb9fe3c-1d24-429f-875a-597d839a49d0\" style=\"color: #000000; \"><strong>\u00bfPuedo utilizar \u00e1cido k\u00f3jico con \u00e1cido salic\u00edlico<\/strong>?\u00a0<\/p>\n\t\t\t<div class=\"wp-block-ub-content-toggle-accordion-toggle-wrap right\" style=\"color: #000000;\"><span class=\"wp-block-ub-content-toggle-accordion-state-indicator wp-block-ub-chevron-down open\"><\/span><\/div>\n\t\t<\/div>\n\t\t\t<div role=\"region\" aria-expanded=\"true\" class=\"wp-block-ub-content-toggle-accordion-content-wrap\" id=\"ub-content-toggle-panel-3-3fb9fe3c-1d24-429f-875a-597d839a49d0\">\n\n<p>S\u00ed, puedes utilizar \u00e1cido k\u00f3jico con \u00e1cido salic\u00edlico, ya que ambos act\u00faan en la piel de maneras diferentes: el \u00e1cido k\u00f3jico es un despigmentante, mientras que el \u00e1cido salic\u00edlico es un exfoliante. Sin embargo, es importante usar productos con estos ingredientes de forma separada o con precauci\u00f3n para evitar irritaciones, especialmente si tienes piel sensible.\u00a0<\/p>\n\n<\/div>\n\t\t<\/div>\n<\/div>","protected":false},"excerpt":{"rendered":"<p>Evita errores en tu rutina. Aprende qu\u00e9 ingredientes cosm\u00e9ticos no debes combinar para mantener tu piel sana y protegida.<\/p>\n","protected":false},"author":2,"featured_media":7845,"comment_status":"open","ping_status":"open","sticky":false,"template":"","format":"standard","meta":{"footnotes":""},"categories":[662],"tags":[],"class_list":["post-7809","post","type-post","status-publish","format-standard","has-post-thumbnail","hentry","category-tutoriales-de-belleza"],"featured_image_src":"https:\/\/www.arenal.com\/blog\/wp-content\/uploads\/2025\/08\/activos-que-no-se-pueden-mezclar-.jpg","author_info":{"display_name":"arenal","author_link":"https:\/\/www.arenal.com\/blog\/author\/arenal"},"yoast_head":"<!-- This site is optimized with the Yoast SEO plugin v27.4 - https:\/\/yoast.com\/product\/yoast-seo-wordpress\/ -->\n<title>\u00a1Protege tu piel! Conoce los activos que no se pueden mezclar<\/title>\n<meta name=\"description\" content=\"Evita errores en tu rutina. Aprende qu\u00e9 ingredientes cosm\u00e9ticos no debes combinar para mantener tu piel sana y protegida.\" \/>\n<meta name=\"robots\" content=\"index, follow, max-snippet:-1, max-image-preview:large, max-video-preview:-1\" \/>\n<link rel=\"canonical\" href=\"https:\/\/www.arenal.com\/blog\/protege-tu-piel-conoce-los-activos-que-no-se-pueden-mezclar\" \/>\n<meta property=\"og:locale\" content=\"es_ES\" \/>\n<meta property=\"og:type\" content=\"article\" \/>\n<meta property=\"og:title\" content=\"\u00a1Protege tu piel! Conoce los activos que no se pueden mezclar\" \/>\n<meta property=\"og:description\" content=\"Evita errores en tu rutina. Aprende qu\u00e9 ingredientes cosm\u00e9ticos no debes combinar para mantener tu piel sana y protegida.\" \/>\n<meta property=\"og:url\" content=\"https:\/\/www.arenal.com\/blog\/protege-tu-piel-conoce-los-activos-que-no-se-pueden-mezclar\" \/>\n<meta property=\"og:site_name\" content=\"Blog de Arenal\" \/>\n<meta property=\"article:published_time\" content=\"2025-09-05T06:00:00+00:00\" \/>\n<meta property=\"og:image\" content=\"https:\/\/www.arenal.com\/blog\/wp-content\/uploads\/2025\/08\/activos-que-no-se-pueden-mezclar-.jpg\" \/>\n\t<meta property=\"og:image:width\" content=\"1140\" \/>\n\t<meta property=\"og:image:height\" content=\"322\" \/>\n\t<meta property=\"og:image:type\" content=\"image\/jpeg\" \/>\n<meta name=\"author\" content=\"arenal\" \/>\n<meta name=\"twitter:card\" content=\"summary_large_image\" \/>\n<meta name=\"twitter:label1\" content=\"Escrito por\" \/>\n\t<meta name=\"twitter:data1\" content=\"arenal\" \/>\n\t<meta name=\"twitter:label2\" content=\"Tiempo de lectura\" \/>\n\t<meta name=\"twitter:data2\" content=\"7 minutos\" \/>\n<script type=\"application\/ld+json\" class=\"yoast-schema-graph\">{\"@context\":\"https:\\\/\\\/schema.org\",\"@graph\":[{\"@type\":\"Article\",\"@id\":\"https:\\\/\\\/www.arenal.com\\\/blog\\\/protege-tu-piel-conoce-los-activos-que-no-se-pueden-mezclar#article\",\"isPartOf\":{\"@id\":\"https:\\\/\\\/www.arenal.com\\\/blog\\\/protege-tu-piel-conoce-los-activos-que-no-se-pueden-mezclar\"},\"author\":{\"name\":\"arenal\",\"@id\":\"https:\\\/\\\/www.arenal.com\\\/blog\\\/#\\\/schema\\\/person\\\/75c321b161941947bdc15ffde9d6241f\"},\"headline\":\"\u00a1Protege tu piel! Conoce los activos que no se pueden mezclar\u00a0\",\"datePublished\":\"2025-09-05T06:00:00+00:00\",\"mainEntityOfPage\":{\"@id\":\"https:\\\/\\\/www.arenal.com\\\/blog\\\/protege-tu-piel-conoce-los-activos-que-no-se-pueden-mezclar\"},\"wordCount\":1371,\"commentCount\":0,\"image\":{\"@id\":\"https:\\\/\\\/www.arenal.com\\\/blog\\\/protege-tu-piel-conoce-los-activos-que-no-se-pueden-mezclar#primaryimage\"},\"thumbnailUrl\":\"https:\\\/\\\/www.arenal.com\\\/blog\\\/wp-content\\\/uploads\\\/2025\\\/08\\\/activos-que-no-se-pueden-mezclar-.jpg\",\"articleSection\":[\"Tutoriales de belleza\"],\"inLanguage\":\"es\",\"potentialAction\":[{\"@type\":\"CommentAction\",\"name\":\"Comment\",\"target\":[\"https:\\\/\\\/www.arenal.com\\\/blog\\\/protege-tu-piel-conoce-los-activos-que-no-se-pueden-mezclar#respond\"]}]},{\"@type\":\"WebPage\",\"@id\":\"https:\\\/\\\/www.arenal.com\\\/blog\\\/protege-tu-piel-conoce-los-activos-que-no-se-pueden-mezclar\",\"url\":\"https:\\\/\\\/www.arenal.com\\\/blog\\\/protege-tu-piel-conoce-los-activos-que-no-se-pueden-mezclar\",\"name\":\"\u00a1Protege tu piel! Conoce los activos que no se pueden mezclar\",\"isPartOf\":{\"@id\":\"https:\\\/\\\/www.arenal.com\\\/blog\\\/#website\"},\"primaryImageOfPage\":{\"@id\":\"https:\\\/\\\/www.arenal.com\\\/blog\\\/protege-tu-piel-conoce-los-activos-que-no-se-pueden-mezclar#primaryimage\"},\"image\":{\"@id\":\"https:\\\/\\\/www.arenal.com\\\/blog\\\/protege-tu-piel-conoce-los-activos-que-no-se-pueden-mezclar#primaryimage\"},\"thumbnailUrl\":\"https:\\\/\\\/www.arenal.com\\\/blog\\\/wp-content\\\/uploads\\\/2025\\\/08\\\/activos-que-no-se-pueden-mezclar-.jpg\",\"datePublished\":\"2025-09-05T06:00:00+00:00\",\"author\":{\"@id\":\"https:\\\/\\\/www.arenal.com\\\/blog\\\/#\\\/schema\\\/person\\\/75c321b161941947bdc15ffde9d6241f\"},\"description\":\"Evita errores en tu rutina. Aprende qu\u00e9 ingredientes cosm\u00e9ticos no debes combinar para mantener tu piel sana y protegida.\",\"breadcrumb\":{\"@id\":\"https:\\\/\\\/www.arenal.com\\\/blog\\\/protege-tu-piel-conoce-los-activos-que-no-se-pueden-mezclar#breadcrumb\"},\"inLanguage\":\"es\",\"potentialAction\":[{\"@type\":\"ReadAction\",\"target\":[\"https:\\\/\\\/www.arenal.com\\\/blog\\\/protege-tu-piel-conoce-los-activos-que-no-se-pueden-mezclar\"]}]},{\"@type\":\"ImageObject\",\"inLanguage\":\"es\",\"@id\":\"https:\\\/\\\/www.arenal.com\\\/blog\\\/protege-tu-piel-conoce-los-activos-que-no-se-pueden-mezclar#primaryimage\",\"url\":\"https:\\\/\\\/www.arenal.com\\\/blog\\\/wp-content\\\/uploads\\\/2025\\\/08\\\/activos-que-no-se-pueden-mezclar-.jpg\",\"contentUrl\":\"https:\\\/\\\/www.arenal.com\\\/blog\\\/wp-content\\\/uploads\\\/2025\\\/08\\\/activos-que-no-se-pueden-mezclar-.jpg\",\"width\":1140,\"height\":322,\"caption\":\"Activos que no se pueden mezclar\u00a0\"},{\"@type\":\"BreadcrumbList\",\"@id\":\"https:\\\/\\\/www.arenal.com\\\/blog\\\/protege-tu-piel-conoce-los-activos-que-no-se-pueden-mezclar#breadcrumb\",\"itemListElement\":[{\"@type\":\"ListItem\",\"position\":1,\"name\":\"Tutoriales\",\"item\":\"https:\\\/\\\/www.arenal.com\\\/blog\\\/tutoriales\"},{\"@type\":\"ListItem\",\"position\":2,\"name\":\"Tutoriales de belleza\",\"item\":\"https:\\\/\\\/www.arenal.com\\\/blog\\\/tutoriales\\\/tutoriales-de-belleza\"},{\"@type\":\"ListItem\",\"position\":3,\"name\":\"\u00a1Protege tu piel! Conoce los activos que no se pueden mezclar\u00a0\"}]},{\"@type\":\"WebSite\",\"@id\":\"https:\\\/\\\/www.arenal.com\\\/blog\\\/#website\",\"url\":\"https:\\\/\\\/www.arenal.com\\\/blog\\\/\",\"name\":\"Blog de Arenal\",\"description\":\"\",\"potentialAction\":[{\"@type\":\"SearchAction\",\"target\":{\"@type\":\"EntryPoint\",\"urlTemplate\":\"https:\\\/\\\/www.arenal.com\\\/blog\\\/?s={search_term_string}\"},\"query-input\":{\"@type\":\"PropertyValueSpecification\",\"valueRequired\":true,\"valueName\":\"search_term_string\"}}],\"inLanguage\":\"es\"},{\"@type\":\"Person\",\"@id\":\"https:\\\/\\\/www.arenal.com\\\/blog\\\/#\\\/schema\\\/person\\\/75c321b161941947bdc15ffde9d6241f\",\"name\":\"arenal\",\"image\":{\"@type\":\"ImageObject\",\"inLanguage\":\"es\",\"@id\":\"https:\\\/\\\/secure.gravatar.com\\\/avatar\\\/e930b117f1433c3126018d5f63c8b2d59f2a86bdb0425d8e5c9b3c027c902408?s=96&d=mm&r=g\",\"url\":\"https:\\\/\\\/secure.gravatar.com\\\/avatar\\\/e930b117f1433c3126018d5f63c8b2d59f2a86bdb0425d8e5c9b3c027c902408?s=96&d=mm&r=g\",\"contentUrl\":\"https:\\\/\\\/secure.gravatar.com\\\/avatar\\\/e930b117f1433c3126018d5f63c8b2d59f2a86bdb0425d8e5c9b3c027c902408?s=96&d=mm&r=g\",\"caption\":\"arenal\"},\"url\":\"https:\\\/\\\/www.arenal.com\\\/blog\\\/author\\\/arenal\"}]}<\/script>\n<!-- \/ Yoast SEO plugin. -->","yoast_head_json":{"title":"\u00a1Protege tu piel! Conoce los activos que no se pueden mezclar","description":"Evita errores en tu rutina. Aprende qu\u00e9 ingredientes cosm\u00e9ticos no debes combinar para mantener tu piel sana y protegida.","robots":{"index":"index","follow":"follow","max-snippet":"max-snippet:-1","max-image-preview":"max-image-preview:large","max-video-preview":"max-video-preview:-1"},"canonical":"https:\/\/www.arenal.com\/blog\/protege-tu-piel-conoce-los-activos-que-no-se-pueden-mezclar","og_locale":"es_ES","og_type":"article","og_title":"\u00a1Protege tu piel! Conoce los activos que no se pueden mezclar","og_description":"Evita errores en tu rutina. Aprende qu\u00e9 ingredientes cosm\u00e9ticos no debes combinar para mantener tu piel sana y protegida.","og_url":"https:\/\/www.arenal.com\/blog\/protege-tu-piel-conoce-los-activos-que-no-se-pueden-mezclar","og_site_name":"Blog de Arenal","article_published_time":"2025-09-05T06:00:00+00:00","og_image":[{"width":1140,"height":322,"url":"https:\/\/www.arenal.com\/blog\/wp-content\/uploads\/2025\/08\/activos-que-no-se-pueden-mezclar-.jpg","type":"image\/jpeg"}],"author":"arenal","twitter_card":"summary_large_image","twitter_misc":{"Escrito por":"arenal","Tiempo de lectura":"7 minutos"},"schema":{"@context":"https:\/\/schema.org","@graph":[{"@type":"Article","@id":"https:\/\/www.arenal.com\/blog\/protege-tu-piel-conoce-los-activos-que-no-se-pueden-mezclar#article","isPartOf":{"@id":"https:\/\/www.arenal.com\/blog\/protege-tu-piel-conoce-los-activos-que-no-se-pueden-mezclar"},"author":{"name":"arenal","@id":"https:\/\/www.arenal.com\/blog\/#\/schema\/person\/75c321b161941947bdc15ffde9d6241f"},"headline":"\u00a1Protege tu piel! Conoce los activos que no se pueden mezclar\u00a0","datePublished":"2025-09-05T06:00:00+00:00","mainEntityOfPage":{"@id":"https:\/\/www.arenal.com\/blog\/protege-tu-piel-conoce-los-activos-que-no-se-pueden-mezclar"},"wordCount":1371,"commentCount":0,"image":{"@id":"https:\/\/www.arenal.com\/blog\/protege-tu-piel-conoce-los-activos-que-no-se-pueden-mezclar#primaryimage"},"thumbnailUrl":"https:\/\/www.arenal.com\/blog\/wp-content\/uploads\/2025\/08\/activos-que-no-se-pueden-mezclar-.jpg","articleSection":["Tutoriales de belleza"],"inLanguage":"es","potentialAction":[{"@type":"CommentAction","name":"Comment","target":["https:\/\/www.arenal.com\/blog\/protege-tu-piel-conoce-los-activos-que-no-se-pueden-mezclar#respond"]}]},{"@type":"WebPage","@id":"https:\/\/www.arenal.com\/blog\/protege-tu-piel-conoce-los-activos-que-no-se-pueden-mezclar","url":"https:\/\/www.arenal.com\/blog\/protege-tu-piel-conoce-los-activos-que-no-se-pueden-mezclar","name":"\u00a1Protege tu piel! Conoce los activos que no se pueden mezclar","isPartOf":{"@id":"https:\/\/www.arenal.com\/blog\/#website"},"primaryImageOfPage":{"@id":"https:\/\/www.arenal.com\/blog\/protege-tu-piel-conoce-los-activos-que-no-se-pueden-mezclar#primaryimage"},"image":{"@id":"https:\/\/www.arenal.com\/blog\/protege-tu-piel-conoce-los-activos-que-no-se-pueden-mezclar#primaryimage"},"thumbnailUrl":"https:\/\/www.arenal.com\/blog\/wp-content\/uploads\/2025\/08\/activos-que-no-se-pueden-mezclar-.jpg","datePublished":"2025-09-05T06:00:00+00:00","author":{"@id":"https:\/\/www.arenal.com\/blog\/#\/schema\/person\/75c321b161941947bdc15ffde9d6241f"},"description":"Evita errores en tu rutina. Aprende qu\u00e9 ingredientes cosm\u00e9ticos no debes combinar para mantener tu piel sana y protegida.","breadcrumb":{"@id":"https:\/\/www.arenal.com\/blog\/protege-tu-piel-conoce-los-activos-que-no-se-pueden-mezclar#breadcrumb"},"inLanguage":"es","potentialAction":[{"@type":"ReadAction","target":["https:\/\/www.arenal.com\/blog\/protege-tu-piel-conoce-los-activos-que-no-se-pueden-mezclar"]}]},{"@type":"ImageObject","inLanguage":"es","@id":"https:\/\/www.arenal.com\/blog\/protege-tu-piel-conoce-los-activos-que-no-se-pueden-mezclar#primaryimage","url":"https:\/\/www.arenal.com\/blog\/wp-content\/uploads\/2025\/08\/activos-que-no-se-pueden-mezclar-.jpg","contentUrl":"https:\/\/www.arenal.com\/blog\/wp-content\/uploads\/2025\/08\/activos-que-no-se-pueden-mezclar-.jpg","width":1140,"height":322,"caption":"Activos que no se pueden mezclar\u00a0"},{"@type":"BreadcrumbList","@id":"https:\/\/www.arenal.com\/blog\/protege-tu-piel-conoce-los-activos-que-no-se-pueden-mezclar#breadcrumb","itemListElement":[{"@type":"ListItem","position":1,"name":"Tutoriales","item":"https:\/\/www.arenal.com\/blog\/tutoriales"},{"@type":"ListItem","position":2,"name":"Tutoriales de belleza","item":"https:\/\/www.arenal.com\/blog\/tutoriales\/tutoriales-de-belleza"},{"@type":"ListItem","position":3,"name":"\u00a1Protege tu piel! Conoce los activos que no se pueden mezclar\u00a0"}]},{"@type":"WebSite","@id":"https:\/\/www.arenal.com\/blog\/#website","url":"https:\/\/www.arenal.com\/blog\/","name":"Blog de Arenal","description":"","potentialAction":[{"@type":"SearchAction","target":{"@type":"EntryPoint","urlTemplate":"https:\/\/www.arenal.com\/blog\/?s={search_term_string}"},"query-input":{"@type":"PropertyValueSpecification","valueRequired":true,"valueName":"search_term_string"}}],"inLanguage":"es"},{"@type":"Person","@id":"https:\/\/www.arenal.com\/blog\/#\/schema\/person\/75c321b161941947bdc15ffde9d6241f","name":"arenal","image":{"@type":"ImageObject","inLanguage":"es","@id":"https:\/\/secure.gravatar.com\/avatar\/e930b117f1433c3126018d5f63c8b2d59f2a86bdb0425d8e5c9b3c027c902408?s=96&d=mm&r=g","url":"https:\/\/secure.gravatar.com\/avatar\/e930b117f1433c3126018d5f63c8b2d59f2a86bdb0425d8e5c9b3c027c902408?s=96&d=mm&r=g","contentUrl":"https:\/\/secure.gravatar.com\/avatar\/e930b117f1433c3126018d5f63c8b2d59f2a86bdb0425d8e5c9b3c027c902408?s=96&d=mm&r=g","caption":"arenal"},"url":"https:\/\/www.arenal.com\/blog\/author\/arenal"}]}},"_links":{"self":[{"href":"https:\/\/www.arenal.com\/blog\/wp-json\/wp\/v2\/posts\/7809","targetHints":{"allow":["GET"]}}],"collection":[{"href":"https:\/\/www.arenal.com\/blog\/wp-json\/wp\/v2\/posts"}],"about":[{"href":"https:\/\/www.arenal.com\/blog\/wp-json\/wp\/v2\/types\/post"}],"author":[{"embeddable":true,"href":"https:\/\/www.arenal.com\/blog\/wp-json\/wp\/v2\/users\/2"}],"replies":[{"embeddable":true,"href":"https:\/\/www.arenal.com\/blog\/wp-json\/wp\/v2\/comments?post=7809"}],"version-history":[{"count":8,"href":"https:\/\/www.arenal.com\/blog\/wp-json\/wp\/v2\/posts\/7809\/revisions"}],"predecessor-version":[{"id":7915,"href":"https:\/\/www.arenal.com\/blog\/wp-json\/wp\/v2\/posts\/7809\/revisions\/7915"}],"wp:featuredmedia":[{"embeddable":true,"href":"https:\/\/www.arenal.com\/blog\/wp-json\/wp\/v2\/media\/7845"}],"wp:attachment":[{"href":"https:\/\/www.arenal.com\/blog\/wp-json\/wp\/v2\/media?parent=7809"}],"wp:term":[{"taxonomy":"category","embeddable":true,"href":"https:\/\/www.arenal.com\/blog\/wp-json\/wp\/v2\/categories?post=7809"},{"taxonomy":"post_tag","embeddable":true,"href":"https:\/\/www.arenal.com\/blog\/wp-json\/wp\/v2\/tags?post=7809"}],"curies":[{"name":"wp","href":"https:\/\/api.w.org\/{rel}","templated":true}]}}