{"id":7668,"date":"2025-07-28T07:00:00","date_gmt":"2025-07-28T06:00:00","guid":{"rendered":"https:\/\/www.arenal.com\/blog\/?p=7668"},"modified":"2025-09-23T11:11:20","modified_gmt":"2025-09-23T10:11:20","slug":"perfumes-verano-hombre","status":"publish","type":"post","link":"https:\/\/www.arenal.com\/blog\/perfumes-verano-hombre","title":{"rendered":"Perfumes para verano de hombre\u00a0"},"content":{"rendered":"\n<p>Cuando el calor aprieta, tu <a href=\"https:\/\/www.arenal.com\/blog\/perfumes-de-invierno-para-hombre\" target=\"_blank\" rel=\"noreferrer noopener\">colonia de invierno masculina<\/a> no tiene nada que hacer. <strong>Esa fragancia intensa que en enero te daba porte, en julio puede ser un asalto a las fosas nasales<\/strong> de cualquiera que se cruce contigo. El verano pide algo distinto. Algo fresco, ligero, con car\u00e1cter, pero sin pasarse de dram\u00e1tico. As\u00ed que si est\u00e1s buscando el <strong>perfume para verano de hombre perfecto<\/strong> para sobrevivir con estilo al calor, aqu\u00ed tienes una gu\u00eda clara y sin rodeos.&nbsp;<\/p>\n\n\n\n<div id=\"ez-toc-container\" class=\"ez-toc-v2_0_82_2 counter-hierarchy ez-toc-counter ez-toc-custom ez-toc-container-direction\">\n<div class=\"ez-toc-title-container\">\n<p class=\"ez-toc-title\" style=\"cursor:inherit\">Indice de contenidos<\/p>\n<span class=\"ez-toc-title-toggle\"><a href=\"#\" class=\"ez-toc-pull-right ez-toc-btn ez-toc-btn-xs ez-toc-btn-default ez-toc-toggle\" aria-label=\"Alternar tabla de contenidos\"><span class=\"ez-toc-js-icon-con\"><span class=\"\"><span class=\"eztoc-hide\" style=\"display:none;\">Toggle<\/span><span class=\"ez-toc-icon-toggle-span\"><svg style=\"fill: #000000;color:#000000\" xmlns=\"http:\/\/www.w3.org\/2000\/svg\" class=\"list-377408\" width=\"20px\" height=\"20px\" viewBox=\"0 0 24 24\" fill=\"none\"><path d=\"M6 6H4v2h2V6zm14 0H8v2h12V6zM4 11h2v2H4v-2zm16 0H8v2h12v-2zM4 16h2v2H4v-2zm16 0H8v2h12v-2z\" fill=\"currentColor\"><\/path><\/svg><svg style=\"fill: #000000;color:#000000\" class=\"arrow-unsorted-368013\" xmlns=\"http:\/\/www.w3.org\/2000\/svg\" width=\"10px\" height=\"10px\" viewBox=\"0 0 24 24\" version=\"1.2\" baseProfile=\"tiny\"><path d=\"M18.2 9.3l-6.2-6.3-6.2 6.3c-.2.2-.3.4-.3.7s.1.5.3.7c.2.2.4.3.7.3h11c.3 0 .5-.1.7-.3.2-.2.3-.5.3-.7s-.1-.5-.3-.7zM5.8 14.7l6.2 6.3 6.2-6.3c.2-.2.3-.5.3-.7s-.1-.5-.3-.7c-.2-.2-.4-.3-.7-.3h-11c-.3 0-.5.1-.7.3-.2.2-.3.5-.3.7s.1.5.3.7z\"\/><\/svg><\/span><\/span><\/span><\/a><\/span><\/div>\n<nav><ul class='ez-toc-list ez-toc-list-level-1 ' ><li class='ez-toc-page-1 ez-toc-heading-level-2'><a class=\"ez-toc-link ez-toc-heading-1\" href=\"https:\/\/www.arenal.com\/blog\/perfumes-verano-hombre\/#%C2%BFA_que_huelen_los_perfumes_de_verano_masculinos\" >\u00bfA qu\u00e9 huelen los perfumes de verano masculinos?&nbsp;<\/a><\/li><li class='ez-toc-page-1 ez-toc-heading-level-2'><a class=\"ez-toc-link ez-toc-heading-2\" href=\"https:\/\/www.arenal.com\/blog\/perfumes-verano-hombre\/#Los_mejores_perfumes_para_verano_de_hombre\" >Los mejores perfumes para verano de hombre&nbsp;<\/a><ul class='ez-toc-list-level-3' ><li class='ez-toc-heading-level-3'><a class=\"ez-toc-link ez-toc-heading-3\" href=\"https:\/\/www.arenal.com\/blog\/perfumes-verano-hombre\/#Cool_Water_de_Davidoff\" >Cool Water de Davidoff&nbsp;<\/a><\/li><li class='ez-toc-page-1 ez-toc-heading-level-3'><a class=\"ez-toc-link ez-toc-heading-4\" href=\"https:\/\/www.arenal.com\/blog\/perfumes-verano-hombre\/#Man_Wood_Essence_de_Bvlgari\" >Man Wood Essence de Bvlgari&nbsp;<\/a><\/li><li class='ez-toc-page-1 ez-toc-heading-level-3'><a class=\"ez-toc-link ez-toc-heading-5\" href=\"https:\/\/www.arenal.com\/blog\/perfumes-verano-hombre\/#Eau_De_Rochas_Homme_Rochas\" >Eau De Rochas Homme Rochas&nbsp;<\/a><\/li><li class='ez-toc-page-1 ez-toc-heading-level-3'><a class=\"ez-toc-link ez-toc-heading-6\" href=\"https:\/\/www.arenal.com\/blog\/perfumes-verano-hombre\/#Terre_DHermes_Parfum\" >Terre D\u2019Herm\u00e8s, Parfum&nbsp;<\/a><\/li><li class='ez-toc-page-1 ez-toc-heading-level-3'><a class=\"ez-toc-link ez-toc-heading-7\" href=\"https:\/\/www.arenal.com\/blog\/perfumes-verano-hombre\/#Loewe_7_edt\" >Loewe 7 edt&nbsp;<\/a><\/li><li class='ez-toc-page-1 ez-toc-heading-level-3'><a class=\"ez-toc-link ez-toc-heading-8\" href=\"https:\/\/www.arenal.com\/blog\/perfumes-verano-hombre\/#Kenzo_Homme_Marine\" >Kenzo Homme Marine&nbsp;<\/a><\/li><li class='ez-toc-page-1 ez-toc-heading-level-3'><a class=\"ez-toc-link ez-toc-heading-9\" href=\"https:\/\/www.arenal.com\/blog\/perfumes-verano-hombre\/#Valentino_Uomo_Born_in_Roma\" >Valentino Uomo Born in Roma&nbsp;<\/a><\/li><\/ul><\/li><\/ul><\/nav><\/div>\n<h2 class=\"wp-block-heading\"><span class=\"ez-toc-section\" id=\"%C2%BFA_que_huelen_los_perfumes_de_verano_masculinos\"><\/span>\u00bfA qu\u00e9 huelen los perfumes de verano masculinos?&nbsp;<span class=\"ez-toc-section-end\"><\/span><\/h2>\n\n\n\n<p>Un perfume de verano masculino es un <strong>c\u00f3ctel dise\u00f1ado para refrescar, seducir<\/strong> y ser un <a href=\"https:\/\/www.arenal.com\/blog\/disfruta-de-un-perfume-duradero-con-estos-5-tips\" target=\"_blank\" rel=\"noreferrer noopener\">perfume duradero<\/a> sin empalagar.&nbsp;<\/p>\n\n\n\n<p><strong>Lo primero que notar\u00e1s es una explosi\u00f3n c\u00edtrica o acu\u00e1tica<\/strong>: lim\u00f3n, bergamota, mandarina, menta, notas marinas&#8230; Todo lo que huela a limpio y fresco tiene su sitio. Despu\u00e9s, puede que aparezcan toques verdes, especiados o ligeramente amaderados, para que no parezca que te has ba\u00f1ado en Sprite.&nbsp;<\/p>\n\n\n\n<p><strong>La clave est\u00e1 en la ligereza<\/strong>. El perfume no debe abrumar, sino acompa\u00f1ar. Tiene que tener suficiente personalidad para que no pase desapercibido, pero sin convertirse en protagonista. <strong>Huele a limpio, a fresco, a vacaciones<\/strong>. As\u00ed deben ser los perfumes de verano para hombres.&nbsp;<\/p>\n\n\n\n<figure class=\"wp-block-image size-large\"><img loading=\"lazy\" decoding=\"async\" width=\"1024\" height=\"682\" src=\"https:\/\/www.arenal.com\/blog\/wp-content\/uploads\/2025\/07\/verano-perfumes-hombre-1024x682.jpg\" alt=\"\" class=\"wp-image-7679\" srcset=\"https:\/\/www.arenal.com\/blog\/wp-content\/uploads\/2025\/07\/verano-perfumes-hombre-1024x682.jpg 1024w, https:\/\/www.arenal.com\/blog\/wp-content\/uploads\/2025\/07\/verano-perfumes-hombre-300x200.jpg 300w, https:\/\/www.arenal.com\/blog\/wp-content\/uploads\/2025\/07\/verano-perfumes-hombre-768x511.jpg 768w, https:\/\/www.arenal.com\/blog\/wp-content\/uploads\/2025\/07\/verano-perfumes-hombre.jpg 1140w\" sizes=\"auto, (max-width: 1024px) 100vw, 1024px\" \/><\/figure>\n\n\n\n<h2 class=\"wp-block-heading\"><span class=\"ez-toc-section\" id=\"Los_mejores_perfumes_para_verano_de_hombre\"><\/span>Los mejores perfumes para verano de hombre&nbsp;<span class=\"ez-toc-section-end\"><\/span><\/h2>\n\n\n\n<p>Aqu\u00ed van <strong>algunas <\/strong><a href=\"https:\/\/www.arenal.com\/perfumeria\/perfumes-de-hombre\/c\/1_0000000494\" target=\"_blank\" rel=\"noreferrer noopener\"><strong>colonias masculinas<\/strong><\/a><strong> que cumplen con creces todo lo que se espera<\/strong> de un perfume de verano masculino. Son cl\u00e1sicos o casi cl\u00e1sicos que funcionan, huelen bien y no te har\u00e1n parecer el t\u00edpico tipo que se echa medio frasco antes de salir.\u00a0<\/p>\n\n\n\n<h3 class=\"wp-block-heading\"><span class=\"ez-toc-section\" id=\"Cool_Water_de_Davidoff\"><\/span>Cool Water de Davidoff&nbsp;<span class=\"ez-toc-section-end\"><\/span><\/h3>\n\n\n\n<p>Un cl\u00e1sico absoluto. Cool Water lleva a\u00f1os en la cima porque sabe exactamente lo que ofrece: <strong>frescura oce\u00e1nica, limpieza y masculinidad relajada<\/strong>. Huele a brisa marina, a lavanda, a menta, con un fondo algo amaderado que le da solidez.&nbsp;<\/p>\n\n\n\n<p><strong>Es ideal para d\u00edas calurosos, incluso para ir a la oficina.<\/strong> No es intrusivo, pero deja una estela que dice \u201ceste t\u00edo sabe lo que hace\u201d. A pesar de ser un perfume lanzado en los a\u00f1os 80, no huele a pasado. Sigue fresco, actual y funcional. Y adem\u00e1s, tiene buen precio. \u00bfQu\u00e9 m\u00e1s quieres?&nbsp;<\/p>\n\n\n\n<h3 class=\"wp-block-heading\"><span class=\"ez-toc-section\" id=\"Man_Wood_Essence_de_Bvlgari\"><\/span>Man Wood Essence de Bvlgari&nbsp;<span class=\"ez-toc-section-end\"><\/span><\/h3>\n\n\n\n<p><strong>Si quieres frescura, pero no est\u00e1s dispuesto a renunciar a un toque sofisticado<\/strong>, Man Wood Essence es tu apuesta. No es el t\u00edpico perfume acu\u00e1tico, pero s\u00ed sabe moverse bien en temperaturas altas.&nbsp;<\/p>\n\n\n\n<p>Aqu\u00ed hablamos de <strong>c\u00edtricos mezclados con notas verdes y un fondo amaderado<\/strong> que, en lugar de pesar, refresca. Es una mezcla bien equilibrada entre naturaleza y elegancia. Ideal si quieres destacar sin gritar. Es un <strong>perfume que se siente moderno, diferente, y con personalidad<\/strong>. Un <a href=\"https:\/\/www.arenal.com\/blog\/perfumes-hombres-aventureros\" target=\"_blank\" rel=\"noreferrer noopener\">perfume para hombres aventureros<\/a> que odian oler como todo el mundo.&nbsp;<\/p>\n\n\n\n<h3 class=\"wp-block-heading\"><span class=\"ez-toc-section\" id=\"Eau_De_Rochas_Homme_Rochas\"><\/span>Eau De Rochas Homme Rochas&nbsp;<span class=\"ez-toc-section-end\"><\/span><\/h3>\n\n\n\n<p>Eau De Rochas Homme es un <strong>chute de frescura c\u00edtrica con un punto picante y un fondo limpio<\/strong>. Ideal para climas realmente calurosos, de esos en los que sientes que te derrites con solo salir a la calle.&nbsp;<\/p>\n\n\n\n<p>Aqu\u00ed lo que manda es el lim\u00f3n, el pomelo, la albahaca y una sensaci\u00f3n constante de estar reci\u00e9n duchado. Tiene <strong>una vibra muy mediterr\u00e1nea, como para llevarlo en unas vacaciones en la costa.<\/strong> Lo mejor es que tiene un precio muy accesible y rinde como uno de gama alta.&nbsp;<\/p>\n\n\n\n<h3 class=\"wp-block-heading\"><span class=\"ez-toc-section\" id=\"Terre_DHermes_Parfum\"><\/span>Terre D\u2019Herm\u00e8s, Parfum&nbsp;<span class=\"ez-toc-section-end\"><\/span><\/h3>\n\n\n\n<p>Aqu\u00ed jugamos en otra liga. <strong>Terre D\u2019Herm\u00e8s no es el cl\u00e1sico perfume fresco<\/strong>, pero el Parfum (ojo: no confundir con la versi\u00f3n EDT<strong>) tiene una elegancia que tambi\u00e9n encaja en verano, sobre todo en las noches<\/strong>.&nbsp;<\/p>\n\n\n\n<p>La naranja y el pomelo abren el camino, pero luego entra el vetiver, el patchouli, y un fondo ambarado que le da profundidad sin hacerlo pesado. Es fresco, s\u00ed, pero tambi\u00e9n denso, terroso, complejo. No es para todos los d\u00edas ni para todas las narices, pero <strong>si quieres algo que diga \u201caqu\u00ed hay clase\u201d<\/strong>, este es tu <a href=\"https:\/\/www.arenal.com\/perfumeria\/perfumes-de-hombre\/perfumes-de-lujo-hombre\/c\/1_0000000496\" target=\"_blank\" rel=\"noreferrer noopener\">perfume de lujo masculino<\/a>.&nbsp;<\/p>\n\n\n\n<h3 class=\"wp-block-heading\"><span class=\"ez-toc-section\" id=\"Loewe_7_edt\"><\/span>Loewe 7 edt&nbsp;<span class=\"ez-toc-section-end\"><\/span><\/h3>\n\n\n\n<p>Loewe sabe hacer perfumes con car\u00e1cter, y Loewe 7 es prueba de ello. <strong>Es fresco, pero tambi\u00e9n tiene una nota especiada que lo diferencia del resto<\/strong>. Aqu\u00ed no hay c\u00edtricos protagonistas, sino incienso, pimienta y manzana roja, con un fondo amaderado.&nbsp;<\/p>\n\n\n\n<p>Lo interesante es que, pese a ese combo algo intenso, la versi\u00f3n EDT es sorprendentemente ligera y llevadera en verano. <strong>Es ideal para quienes quieren frescura, pero est\u00e1n aburridos de los c\u00edtricos y las notas acu\u00e1ticas<\/strong>. Tiene algo misterioso, algo inesperado. Si no te va lo t\u00edpico, prueba con este.&nbsp;<\/p>\n\n\n\n<figure class=\"wp-block-image size-large\"><img loading=\"lazy\" decoding=\"async\" width=\"1024\" height=\"683\" src=\"https:\/\/www.arenal.com\/blog\/wp-content\/uploads\/2025\/07\/perfumes-verano-hombre-1024x683.jpg\" alt=\"\" class=\"wp-image-7678\" srcset=\"https:\/\/www.arenal.com\/blog\/wp-content\/uploads\/2025\/07\/perfumes-verano-hombre-1024x683.jpg 1024w, https:\/\/www.arenal.com\/blog\/wp-content\/uploads\/2025\/07\/perfumes-verano-hombre-300x200.jpg 300w, https:\/\/www.arenal.com\/blog\/wp-content\/uploads\/2025\/07\/perfumes-verano-hombre-768x512.jpg 768w, https:\/\/www.arenal.com\/blog\/wp-content\/uploads\/2025\/07\/perfumes-verano-hombre.jpg 1140w\" sizes=\"auto, (max-width: 1024px) 100vw, 1024px\" \/><\/figure>\n\n\n\n<h3 class=\"wp-block-heading\"><span class=\"ez-toc-section\" id=\"Kenzo_Homme_Marine\"><\/span>Kenzo Homme Marine&nbsp;<span class=\"ez-toc-section-end\"><\/span><\/h3>\n\n\n\n<p><strong>Si el mar tuviera una colonia, probablemente oler\u00eda a esto<\/strong>. Kenzo Homme Marine es todo lo que uno espera de un perfume veraniego moderno: notas marinas cristalinas, un toque de menta, esencias amaderadas suaves y un punto salino que evoca brisa costera.&nbsp;<\/p>\n\n\n\n<p><strong>Es un <\/strong><a href=\"https:\/\/www.arenal.com\/blog\/20-perfumes-para-un-hombre-joven\" target=\"_blank\" rel=\"noreferrer noopener\"><strong>perfume para hombre joven<\/strong><\/a><strong> limpio y vibrante, sin caer en lo gen\u00e9rico.<\/strong> No abruma, no empalaga, y funciona igual de bien para una tarde de playa como para una cena al aire libre. Adem\u00e1s, tiene ese punto cool que Kenzo siempre sabe meter sin esfuerzo.&nbsp;<\/p>\n\n\n\n<h3 class=\"wp-block-heading\"><span class=\"ez-toc-section\" id=\"Valentino_Uomo_Born_in_Roma\"><\/span>Valentino Uomo Born in Roma&nbsp;<span class=\"ez-toc-section-end\"><\/span><\/h3>\n\n\n\n<p>Born in Roma <strong>no es el t\u00edpico perfume acu\u00e1tico<\/strong>, pero su versi\u00f3n m\u00e1s fresca sabe jugar muy bien en verano. Tiene una apertura chispeante con notas de salvia, sal y jengibre, y un fondo ambarado que lo mantiene masculino pero accesible.&nbsp;<\/p>\n\n\n\n<p><strong>Es un perfume con actitud, ideal para quienes quieren algo distinto sin pasarse de raros<\/strong>. Fresco, s\u00ed, pero tambi\u00e9n sexy y con presencia. Muy vers\u00e1til: puedes llevarlo al trabajo, a una cita, o en una escapada improvisada. Va a quedar bien, garantizado.&nbsp;<\/p>\n\n\n\n<p>En Arenal <strong>ponemos a tu disposici\u00f3n estas y muchas otras fragancias masculinas<\/strong> perfectas para llevar en verano. Encuentra tambi\u00e9n en nuestro cat\u00e1logo los <a href=\"https:\/\/www.arenal.com\/blog\/mejores-perfumes-de-hombre-regalar\" target=\"_blank\" rel=\"noreferrer noopener\">mejores perfumes de hombre para hacer un regalo<\/a> a alguien especial.&nbsp;<\/p>\n\n\n\n<p><strong>El verano no es excusa para oler igual que todo el mundo<\/strong>. Cambiar de perfume seg\u00fan la estaci\u00f3n no es una tonter\u00eda: es una forma de adaptar tu presencia al clima, al ambiente, al momento. Escoge bien y dejar\u00e1s huella incluso en los d\u00edas m\u00e1s calurosos.&nbsp;<\/p>\n","protected":false},"excerpt":{"rendered":"<p>Perfumes masculinos ideales para el verano: frescos, sofisticados y con car\u00e1cter.<\/p>\n","protected":false},"author":2,"featured_media":7680,"comment_status":"open","ping_status":"open","sticky":false,"template":"","format":"standard","meta":{"footnotes":""},"categories":[236],"tags":[],"class_list":["post-7668","post","type-post","status-publish","format-standard","has-post-thumbnail","hentry","category-perfumes"],"featured_image_src":"https:\/\/www.arenal.com\/blog\/wp-content\/uploads\/2025\/07\/perfumes-hombre-verano.jpg","author_info":{"display_name":"arenal","author_link":"https:\/\/www.arenal.com\/blog\/author\/arenal"},"yoast_head":"<!-- This site is optimized with the Yoast SEO plugin v27.4 - https:\/\/yoast.com\/product\/yoast-seo-wordpress\/ -->\n<title>Perfumes para verano de hombre<\/title>\n<meta name=\"description\" content=\"Perfumes masculinos ideales para el verano: frescos, sofisticados y con car\u00e1cter.\" \/>\n<meta name=\"robots\" content=\"index, follow, max-snippet:-1, max-image-preview:large, max-video-preview:-1\" \/>\n<link rel=\"canonical\" href=\"https:\/\/www.arenal.com\/blog\/perfumes-verano-hombre\" \/>\n<meta property=\"og:locale\" content=\"es_ES\" \/>\n<meta property=\"og:type\" content=\"article\" \/>\n<meta property=\"og:title\" content=\"Perfumes para verano de hombre\" \/>\n<meta property=\"og:description\" content=\"Perfumes masculinos ideales para el verano: frescos, sofisticados y con car\u00e1cter.\" \/>\n<meta property=\"og:url\" content=\"https:\/\/www.arenal.com\/blog\/perfumes-verano-hombre\" \/>\n<meta property=\"og:site_name\" content=\"Blog de Arenal\" \/>\n<meta property=\"article:published_time\" content=\"2025-07-28T06:00:00+00:00\" \/>\n<meta property=\"article:modified_time\" content=\"2025-09-23T10:11:20+00:00\" \/>\n<meta property=\"og:image\" content=\"https:\/\/www.arenal.com\/blog\/wp-content\/uploads\/2025\/07\/perfumes-hombre-verano.jpg\" \/>\n\t<meta property=\"og:image:width\" content=\"1140\" \/>\n\t<meta property=\"og:image:height\" content=\"322\" \/>\n\t<meta property=\"og:image:type\" content=\"image\/jpeg\" \/>\n<meta name=\"author\" content=\"arenal\" \/>\n<meta name=\"twitter:card\" content=\"summary_large_image\" \/>\n<meta name=\"twitter:label1\" content=\"Escrito por\" \/>\n\t<meta name=\"twitter:data1\" content=\"arenal\" \/>\n\t<meta name=\"twitter:label2\" content=\"Tiempo de lectura\" \/>\n\t<meta name=\"twitter:data2\" content=\"5 minutos\" \/>\n<script type=\"application\/ld+json\" class=\"yoast-schema-graph\">{\"@context\":\"https:\\\/\\\/schema.org\",\"@graph\":[{\"@type\":\"Article\",\"@id\":\"https:\\\/\\\/www.arenal.com\\\/blog\\\/perfumes-verano-hombre#article\",\"isPartOf\":{\"@id\":\"https:\\\/\\\/www.arenal.com\\\/blog\\\/perfumes-verano-hombre\"},\"author\":{\"name\":\"arenal\",\"@id\":\"https:\\\/\\\/www.arenal.com\\\/blog\\\/#\\\/schema\\\/person\\\/75c321b161941947bdc15ffde9d6241f\"},\"headline\":\"Perfumes para verano de hombre\u00a0\",\"datePublished\":\"2025-07-28T06:00:00+00:00\",\"dateModified\":\"2025-09-23T10:11:20+00:00\",\"mainEntityOfPage\":{\"@id\":\"https:\\\/\\\/www.arenal.com\\\/blog\\\/perfumes-verano-hombre\"},\"wordCount\":1088,\"commentCount\":0,\"image\":{\"@id\":\"https:\\\/\\\/www.arenal.com\\\/blog\\\/perfumes-verano-hombre#primaryimage\"},\"thumbnailUrl\":\"https:\\\/\\\/www.arenal.com\\\/blog\\\/wp-content\\\/uploads\\\/2025\\\/07\\\/perfumes-hombre-verano.jpg\",\"articleSection\":[\"Perfumes\"],\"inLanguage\":\"es\",\"potentialAction\":[{\"@type\":\"CommentAction\",\"name\":\"Comment\",\"target\":[\"https:\\\/\\\/www.arenal.com\\\/blog\\\/perfumes-verano-hombre#respond\"]}]},{\"@type\":\"WebPage\",\"@id\":\"https:\\\/\\\/www.arenal.com\\\/blog\\\/perfumes-verano-hombre\",\"url\":\"https:\\\/\\\/www.arenal.com\\\/blog\\\/perfumes-verano-hombre\",\"name\":\"Perfumes para verano de hombre\",\"isPartOf\":{\"@id\":\"https:\\\/\\\/www.arenal.com\\\/blog\\\/#website\"},\"primaryImageOfPage\":{\"@id\":\"https:\\\/\\\/www.arenal.com\\\/blog\\\/perfumes-verano-hombre#primaryimage\"},\"image\":{\"@id\":\"https:\\\/\\\/www.arenal.com\\\/blog\\\/perfumes-verano-hombre#primaryimage\"},\"thumbnailUrl\":\"https:\\\/\\\/www.arenal.com\\\/blog\\\/wp-content\\\/uploads\\\/2025\\\/07\\\/perfumes-hombre-verano.jpg\",\"datePublished\":\"2025-07-28T06:00:00+00:00\",\"dateModified\":\"2025-09-23T10:11:20+00:00\",\"author\":{\"@id\":\"https:\\\/\\\/www.arenal.com\\\/blog\\\/#\\\/schema\\\/person\\\/75c321b161941947bdc15ffde9d6241f\"},\"description\":\"Perfumes masculinos ideales para el verano: frescos, sofisticados y con car\u00e1cter.\",\"breadcrumb\":{\"@id\":\"https:\\\/\\\/www.arenal.com\\\/blog\\\/perfumes-verano-hombre#breadcrumb\"},\"inLanguage\":\"es\",\"potentialAction\":[{\"@type\":\"ReadAction\",\"target\":[\"https:\\\/\\\/www.arenal.com\\\/blog\\\/perfumes-verano-hombre\"]}]},{\"@type\":\"ImageObject\",\"inLanguage\":\"es\",\"@id\":\"https:\\\/\\\/www.arenal.com\\\/blog\\\/perfumes-verano-hombre#primaryimage\",\"url\":\"https:\\\/\\\/www.arenal.com\\\/blog\\\/wp-content\\\/uploads\\\/2025\\\/07\\\/perfumes-hombre-verano.jpg\",\"contentUrl\":\"https:\\\/\\\/www.arenal.com\\\/blog\\\/wp-content\\\/uploads\\\/2025\\\/07\\\/perfumes-hombre-verano.jpg\",\"width\":1140,\"height\":322},{\"@type\":\"BreadcrumbList\",\"@id\":\"https:\\\/\\\/www.arenal.com\\\/blog\\\/perfumes-verano-hombre#breadcrumb\",\"itemListElement\":[{\"@type\":\"ListItem\",\"position\":1,\"name\":\"Perfumes\",\"item\":\"https:\\\/\\\/www.arenal.com\\\/blog\\\/perfumes\"},{\"@type\":\"ListItem\",\"position\":2,\"name\":\"Perfumes para verano de hombre\u00a0\"}]},{\"@type\":\"WebSite\",\"@id\":\"https:\\\/\\\/www.arenal.com\\\/blog\\\/#website\",\"url\":\"https:\\\/\\\/www.arenal.com\\\/blog\\\/\",\"name\":\"Blog de Arenal\",\"description\":\"\",\"potentialAction\":[{\"@type\":\"SearchAction\",\"target\":{\"@type\":\"EntryPoint\",\"urlTemplate\":\"https:\\\/\\\/www.arenal.com\\\/blog\\\/?s={search_term_string}\"},\"query-input\":{\"@type\":\"PropertyValueSpecification\",\"valueRequired\":true,\"valueName\":\"search_term_string\"}}],\"inLanguage\":\"es\"},{\"@type\":\"Person\",\"@id\":\"https:\\\/\\\/www.arenal.com\\\/blog\\\/#\\\/schema\\\/person\\\/75c321b161941947bdc15ffde9d6241f\",\"name\":\"arenal\",\"image\":{\"@type\":\"ImageObject\",\"inLanguage\":\"es\",\"@id\":\"https:\\\/\\\/secure.gravatar.com\\\/avatar\\\/e930b117f1433c3126018d5f63c8b2d59f2a86bdb0425d8e5c9b3c027c902408?s=96&d=mm&r=g\",\"url\":\"https:\\\/\\\/secure.gravatar.com\\\/avatar\\\/e930b117f1433c3126018d5f63c8b2d59f2a86bdb0425d8e5c9b3c027c902408?s=96&d=mm&r=g\",\"contentUrl\":\"https:\\\/\\\/secure.gravatar.com\\\/avatar\\\/e930b117f1433c3126018d5f63c8b2d59f2a86bdb0425d8e5c9b3c027c902408?s=96&d=mm&r=g\",\"caption\":\"arenal\"},\"url\":\"https:\\\/\\\/www.arenal.com\\\/blog\\\/author\\\/arenal\"}]}<\/script>\n<!-- \/ Yoast SEO plugin. -->","yoast_head_json":{"title":"Perfumes para verano de hombre","description":"Perfumes masculinos ideales para el verano: frescos, sofisticados y con car\u00e1cter.","robots":{"index":"index","follow":"follow","max-snippet":"max-snippet:-1","max-image-preview":"max-image-preview:large","max-video-preview":"max-video-preview:-1"},"canonical":"https:\/\/www.arenal.com\/blog\/perfumes-verano-hombre","og_locale":"es_ES","og_type":"article","og_title":"Perfumes para verano de hombre","og_description":"Perfumes masculinos ideales para el verano: frescos, sofisticados y con car\u00e1cter.","og_url":"https:\/\/www.arenal.com\/blog\/perfumes-verano-hombre","og_site_name":"Blog de Arenal","article_published_time":"2025-07-28T06:00:00+00:00","article_modified_time":"2025-09-23T10:11:20+00:00","og_image":[{"width":1140,"height":322,"url":"https:\/\/www.arenal.com\/blog\/wp-content\/uploads\/2025\/07\/perfumes-hombre-verano.jpg","type":"image\/jpeg"}],"author":"arenal","twitter_card":"summary_large_image","twitter_misc":{"Escrito por":"arenal","Tiempo de lectura":"5 minutos"},"schema":{"@context":"https:\/\/schema.org","@graph":[{"@type":"Article","@id":"https:\/\/www.arenal.com\/blog\/perfumes-verano-hombre#article","isPartOf":{"@id":"https:\/\/www.arenal.com\/blog\/perfumes-verano-hombre"},"author":{"name":"arenal","@id":"https:\/\/www.arenal.com\/blog\/#\/schema\/person\/75c321b161941947bdc15ffde9d6241f"},"headline":"Perfumes para verano de hombre\u00a0","datePublished":"2025-07-28T06:00:00+00:00","dateModified":"2025-09-23T10:11:20+00:00","mainEntityOfPage":{"@id":"https:\/\/www.arenal.com\/blog\/perfumes-verano-hombre"},"wordCount":1088,"commentCount":0,"image":{"@id":"https:\/\/www.arenal.com\/blog\/perfumes-verano-hombre#primaryimage"},"thumbnailUrl":"https:\/\/www.arenal.com\/blog\/wp-content\/uploads\/2025\/07\/perfumes-hombre-verano.jpg","articleSection":["Perfumes"],"inLanguage":"es","potentialAction":[{"@type":"CommentAction","name":"Comment","target":["https:\/\/www.arenal.com\/blog\/perfumes-verano-hombre#respond"]}]},{"@type":"WebPage","@id":"https:\/\/www.arenal.com\/blog\/perfumes-verano-hombre","url":"https:\/\/www.arenal.com\/blog\/perfumes-verano-hombre","name":"Perfumes para verano de hombre","isPartOf":{"@id":"https:\/\/www.arenal.com\/blog\/#website"},"primaryImageOfPage":{"@id":"https:\/\/www.arenal.com\/blog\/perfumes-verano-hombre#primaryimage"},"image":{"@id":"https:\/\/www.arenal.com\/blog\/perfumes-verano-hombre#primaryimage"},"thumbnailUrl":"https:\/\/www.arenal.com\/blog\/wp-content\/uploads\/2025\/07\/perfumes-hombre-verano.jpg","datePublished":"2025-07-28T06:00:00+00:00","dateModified":"2025-09-23T10:11:20+00:00","author":{"@id":"https:\/\/www.arenal.com\/blog\/#\/schema\/person\/75c321b161941947bdc15ffde9d6241f"},"description":"Perfumes masculinos ideales para el verano: frescos, sofisticados y con car\u00e1cter.","breadcrumb":{"@id":"https:\/\/www.arenal.com\/blog\/perfumes-verano-hombre#breadcrumb"},"inLanguage":"es","potentialAction":[{"@type":"ReadAction","target":["https:\/\/www.arenal.com\/blog\/perfumes-verano-hombre"]}]},{"@type":"ImageObject","inLanguage":"es","@id":"https:\/\/www.arenal.com\/blog\/perfumes-verano-hombre#primaryimage","url":"https:\/\/www.arenal.com\/blog\/wp-content\/uploads\/2025\/07\/perfumes-hombre-verano.jpg","contentUrl":"https:\/\/www.arenal.com\/blog\/wp-content\/uploads\/2025\/07\/perfumes-hombre-verano.jpg","width":1140,"height":322},{"@type":"BreadcrumbList","@id":"https:\/\/www.arenal.com\/blog\/perfumes-verano-hombre#breadcrumb","itemListElement":[{"@type":"ListItem","position":1,"name":"Perfumes","item":"https:\/\/www.arenal.com\/blog\/perfumes"},{"@type":"ListItem","position":2,"name":"Perfumes para verano de hombre\u00a0"}]},{"@type":"WebSite","@id":"https:\/\/www.arenal.com\/blog\/#website","url":"https:\/\/www.arenal.com\/blog\/","name":"Blog de Arenal","description":"","potentialAction":[{"@type":"SearchAction","target":{"@type":"EntryPoint","urlTemplate":"https:\/\/www.arenal.com\/blog\/?s={search_term_string}"},"query-input":{"@type":"PropertyValueSpecification","valueRequired":true,"valueName":"search_term_string"}}],"inLanguage":"es"},{"@type":"Person","@id":"https:\/\/www.arenal.com\/blog\/#\/schema\/person\/75c321b161941947bdc15ffde9d6241f","name":"arenal","image":{"@type":"ImageObject","inLanguage":"es","@id":"https:\/\/secure.gravatar.com\/avatar\/e930b117f1433c3126018d5f63c8b2d59f2a86bdb0425d8e5c9b3c027c902408?s=96&d=mm&r=g","url":"https:\/\/secure.gravatar.com\/avatar\/e930b117f1433c3126018d5f63c8b2d59f2a86bdb0425d8e5c9b3c027c902408?s=96&d=mm&r=g","contentUrl":"https:\/\/secure.gravatar.com\/avatar\/e930b117f1433c3126018d5f63c8b2d59f2a86bdb0425d8e5c9b3c027c902408?s=96&d=mm&r=g","caption":"arenal"},"url":"https:\/\/www.arenal.com\/blog\/author\/arenal"}]}},"_links":{"self":[{"href":"https:\/\/www.arenal.com\/blog\/wp-json\/wp\/v2\/posts\/7668","targetHints":{"allow":["GET"]}}],"collection":[{"href":"https:\/\/www.arenal.com\/blog\/wp-json\/wp\/v2\/posts"}],"about":[{"href":"https:\/\/www.arenal.com\/blog\/wp-json\/wp\/v2\/types\/post"}],"author":[{"embeddable":true,"href":"https:\/\/www.arenal.com\/blog\/wp-json\/wp\/v2\/users\/2"}],"replies":[{"embeddable":true,"href":"https:\/\/www.arenal.com\/blog\/wp-json\/wp\/v2\/comments?post=7668"}],"version-history":[{"count":3,"href":"https:\/\/www.arenal.com\/blog\/wp-json\/wp\/v2\/posts\/7668\/revisions"}],"predecessor-version":[{"id":7976,"href":"https:\/\/www.arenal.com\/blog\/wp-json\/wp\/v2\/posts\/7668\/revisions\/7976"}],"wp:featuredmedia":[{"embeddable":true,"href":"https:\/\/www.arenal.com\/blog\/wp-json\/wp\/v2\/media\/7680"}],"wp:attachment":[{"href":"https:\/\/www.arenal.com\/blog\/wp-json\/wp\/v2\/media?parent=7668"}],"wp:term":[{"taxonomy":"category","embeddable":true,"href":"https:\/\/www.arenal.com\/blog\/wp-json\/wp\/v2\/categories?post=7668"},{"taxonomy":"post_tag","embeddable":true,"href":"https:\/\/www.arenal.com\/blog\/wp-json\/wp\/v2\/tags?post=7668"}],"curies":[{"name":"wp","href":"https:\/\/api.w.org\/{rel}","templated":true}]}}