{"id":7638,"date":"2025-07-23T07:00:00","date_gmt":"2025-07-23T06:00:00","guid":{"rendered":"https:\/\/www.arenal.com\/blog\/?p=7638"},"modified":"2025-07-29T10:22:48","modified_gmt":"2025-07-29T09:22:48","slug":"pintalabios-de-verano","status":"publish","type":"post","link":"https:\/\/www.arenal.com\/blog\/pintalabios-de-verano","title":{"rendered":"Descubre los pintalabios del verano\u00a0"},"content":{"rendered":"\n<p>Cuando el sol brilla y la temperatura sube, no solo es momento de sacar los vestidos frescos y las gafas de sol, sino tambi\u00e9n de <strong>elegir esos tonos vibrantes y atrevidos para nuestros labios que tanto nos gustan. <\/strong>Prep\u00e1rate para conocer los colores que estar\u00e1n dominando las calles y las pasarelas, y los <strong>pintalabios del verano<\/strong> que no puedes dejar de a\u00f1adir a tu <a href=\"https:\/\/www.arenal.com\/maquillaje\/estuches-de-maquillaje\/c\/1_0000000666\" target=\"_blank\" rel=\"noreferrer noopener\">estuche de maquillaje<\/a>.&nbsp;<\/p>\n\n\n\n<div id=\"ez-toc-container\" class=\"ez-toc-v2_0_82_2 counter-hierarchy ez-toc-counter ez-toc-custom ez-toc-container-direction\">\n<div class=\"ez-toc-title-container\">\n<p class=\"ez-toc-title\" style=\"cursor:inherit\">Indice de contenidos<\/p>\n<span class=\"ez-toc-title-toggle\"><a href=\"#\" class=\"ez-toc-pull-right ez-toc-btn ez-toc-btn-xs ez-toc-btn-default ez-toc-toggle\" aria-label=\"Alternar tabla de contenidos\"><span class=\"ez-toc-js-icon-con\"><span class=\"\"><span class=\"eztoc-hide\" style=\"display:none;\">Toggle<\/span><span class=\"ez-toc-icon-toggle-span\"><svg style=\"fill: #000000;color:#000000\" xmlns=\"http:\/\/www.w3.org\/2000\/svg\" class=\"list-377408\" width=\"20px\" height=\"20px\" viewBox=\"0 0 24 24\" fill=\"none\"><path d=\"M6 6H4v2h2V6zm14 0H8v2h12V6zM4 11h2v2H4v-2zm16 0H8v2h12v-2zM4 16h2v2H4v-2zm16 0H8v2h12v-2z\" fill=\"currentColor\"><\/path><\/svg><svg style=\"fill: #000000;color:#000000\" class=\"arrow-unsorted-368013\" xmlns=\"http:\/\/www.w3.org\/2000\/svg\" width=\"10px\" height=\"10px\" viewBox=\"0 0 24 24\" version=\"1.2\" baseProfile=\"tiny\"><path d=\"M18.2 9.3l-6.2-6.3-6.2 6.3c-.2.2-.3.4-.3.7s.1.5.3.7c.2.2.4.3.7.3h11c.3 0 .5-.1.7-.3.2-.2.3-.5.3-.7s-.1-.5-.3-.7zM5.8 14.7l6.2 6.3 6.2-6.3c.2-.2.3-.5.3-.7s-.1-.5-.3-.7c-.2-.2-.4-.3-.7-.3h-11c-.3 0-.5.1-.7.3-.2.2-.3.5-.3.7s.1.5.3.7z\"\/><\/svg><\/span><\/span><\/span><\/a><\/span><\/div>\n<nav><ul class='ez-toc-list ez-toc-list-level-1 ' ><li class='ez-toc-page-1 ez-toc-heading-level-2'><a class=\"ez-toc-link ez-toc-heading-1\" href=\"https:\/\/www.arenal.com\/blog\/pintalabios-de-verano\/#Los_colores_de_pintalabios_del_verano\" >Los colores de pintalabios del verano&nbsp;<\/a><ul class='ez-toc-list-level-3' ><li class='ez-toc-heading-level-3'><a class=\"ez-toc-link ez-toc-heading-2\" href=\"https:\/\/www.arenal.com\/blog\/pintalabios-de-verano\/#Nude_rosado\" >Nude rosado&nbsp;<\/a><\/li><li class='ez-toc-page-1 ez-toc-heading-level-3'><a class=\"ez-toc-link ez-toc-heading-3\" href=\"https:\/\/www.arenal.com\/blog\/pintalabios-de-verano\/#Pintalabios_cereza\" >Pintalabios cereza&nbsp;<\/a><\/li><li class='ez-toc-page-1 ez-toc-heading-level-3'><a class=\"ez-toc-link ez-toc-heading-4\" href=\"https:\/\/www.arenal.com\/blog\/pintalabios-de-verano\/#Frambuesa_deliciosa_y_fresca\" >Frambuesa deliciosa y fresca&nbsp;<\/a><\/li><li class='ez-toc-page-1 ez-toc-heading-level-3'><a class=\"ez-toc-link ez-toc-heading-5\" href=\"https:\/\/www.arenal.com\/blog\/pintalabios-de-verano\/#Pintalabios_de_verano_rosa_caramelo\" >Pintalabios de verano rosa caramelo&nbsp;<\/a><\/li><li class='ez-toc-page-1 ez-toc-heading-level-3'><a class=\"ez-toc-link ez-toc-heading-6\" href=\"https:\/\/www.arenal.com\/blog\/pintalabios-de-verano\/#Marron_terracota\" >Marr\u00f3n terracota&nbsp;<\/a><\/li><li class='ez-toc-page-1 ez-toc-heading-level-3'><a class=\"ez-toc-link ez-toc-heading-7\" href=\"https:\/\/www.arenal.com\/blog\/pintalabios-de-verano\/#Rojo_afrutado\" >Rojo afrutado&nbsp;<\/a><\/li><\/ul><\/li><li class='ez-toc-page-1 ez-toc-heading-level-2'><a class=\"ez-toc-link ez-toc-heading-8\" href=\"https:\/\/www.arenal.com\/blog\/pintalabios-de-verano\/#Los_mejores_pintalabios_del_verano_%C2%A1no_te_los_pierdas\" >Los mejores pintalabios del verano \u00a1no te los pierdas!&nbsp;<\/a><\/li><\/ul><\/nav><\/div>\n<h2 class=\"wp-block-heading\"><span class=\"ez-toc-section\" id=\"Los_colores_de_pintalabios_del_verano\"><\/span>Los colores de pintalabios del verano&nbsp;<span class=\"ez-toc-section-end\"><\/span><\/h2>\n\n\n\n<p>Una de las partes m\u00e1s divertidas del <a href=\"https:\/\/www.arenal.com\/maquillaje\/c\/1_0000000003\" target=\"_blank\" rel=\"noreferrer noopener\">maquillaje<\/a> es el experimentar con los colores y adaptar las tonalidades al modo que tenemos en cada momento. <strong>En verano nos apetecen colores m\u00e1s frescos y ligeros<\/strong> as\u00ed que te vamos a dar algunos de los tonos de labial que m\u00e1s se llevan en esta temporada, aunque, por supuesto, tus gustos personales siempre deben ser tu prioridad.&nbsp;<\/p>\n\n\n\n<h3 class=\"wp-block-heading\"><span class=\"ez-toc-section\" id=\"Nude_rosado\"><\/span>Nude rosado&nbsp;<span class=\"ez-toc-section-end\"><\/span><\/h3>\n\n\n\n<p>El nude rosado es el tono perfecto para aquellas que buscan algo natural pero con un toque de frescura. Este color tiene la capacidad de resaltar tus labios de forma discreta, lo que lo convierte en <strong>un aliado ideal para el d\u00eda a d\u00eda<\/strong>. Adem\u00e1s, es incre\u00edblemente vers\u00e1til: lo puedes usar en cualquier ocasi\u00f3n, desde una reuni\u00f3n de trabajo hasta una tarde con amigas.&nbsp;<\/p>\n\n\n\n<figure class=\"wp-block-image size-large\"><img loading=\"lazy\" decoding=\"async\" width=\"1024\" height=\"683\" src=\"https:\/\/www.arenal.com\/blog\/wp-content\/uploads\/2025\/07\/colores-pintalabios-para-verano-1024x683.jpg\" alt=\"Descubre los pintalabios del verano\u00a0\" class=\"wp-image-7642\" srcset=\"https:\/\/www.arenal.com\/blog\/wp-content\/uploads\/2025\/07\/colores-pintalabios-para-verano-1024x683.jpg 1024w, https:\/\/www.arenal.com\/blog\/wp-content\/uploads\/2025\/07\/colores-pintalabios-para-verano-300x200.jpg 300w, https:\/\/www.arenal.com\/blog\/wp-content\/uploads\/2025\/07\/colores-pintalabios-para-verano-768x512.jpg 768w, https:\/\/www.arenal.com\/blog\/wp-content\/uploads\/2025\/07\/colores-pintalabios-para-verano.jpg 1140w\" sizes=\"auto, (max-width: 1024px) 100vw, 1024px\" \/><\/figure>\n\n\n\n<h3 class=\"wp-block-heading\"><span class=\"ez-toc-section\" id=\"Pintalabios_cereza\"><\/span>Pintalabios cereza&nbsp;<span class=\"ez-toc-section-end\"><\/span><\/h3>\n\n\n\n<p>Si te gustan los tonos m\u00e1s intensos, el pintalabios cereza es una excelente opci\u00f3n para este verano. Es el <strong>equilibrio perfecto entre un rojo cl\u00e1sico y un rosa m\u00e1s fresco<\/strong>, d\u00e1ndole a tus labios un toque de color vibrante y sofisticado. Este tono funciona especialmente bien en pieles medias y oscuras, pero tambi\u00e9n se adapta a cualquier tipo de tez, elevando tu look de manera instant\u00e1nea.&nbsp;<\/p>\n\n\n\n<h3 class=\"wp-block-heading\"><span class=\"ez-toc-section\" id=\"Frambuesa_deliciosa_y_fresca\"><\/span>Frambuesa deliciosa y fresca&nbsp;<span class=\"ez-toc-section-end\"><\/span><\/h3>\n\n\n\n<p>\u00bfQuieres un tono que grite verano sin ser demasiado llamativo? El color frambuesa es la opci\u00f3n ideal. Es un <strong>color profundo y rico, que combina perfectamente con la temporada estival<\/strong>. Con su acabado suave y satinado, es perfecto para esos atardeceres relajados o una noche de fiesta.&nbsp;&nbsp;<\/p>\n\n\n\n<h3 class=\"wp-block-heading\"><span class=\"ez-toc-section\" id=\"Pintalabios_de_verano_rosa_caramelo\"><\/span>Pintalabios de verano rosa caramelo&nbsp;<span class=\"ez-toc-section-end\"><\/span><\/h3>\n\n\n\n<p>El rosa caramelo <strong>es uno de esos tonos que nunca pasa de moda<\/strong>. Este verano, vuelve con fuerza <strong>para darle un toque dulce y femenino a tus labios<\/strong>. Es un color suave, pero con suficiente personalidad como para destacarse. Es perfecto para crear un look natural pero pulido, ideal para el d\u00eda y para las noches m\u00e1s relajadas.&nbsp;<\/p>\n\n\n\n<h3 class=\"wp-block-heading\"><span class=\"ez-toc-section\" id=\"Marron_terracota\"><\/span>Marr\u00f3n terracota&nbsp;<span class=\"ez-toc-section-end\"><\/span><\/h3>\n\n\n\n<p>El marr\u00f3n terracota es uno de esos tonos que, aunque parece m\u00e1s oto\u00f1al, se reinventa cada verano. <strong>Este a\u00f1o, se lleva m\u00e1s c\u00e1lido y luminoso, creando un contraste perfecto con los tonos dorados de la temporada<\/strong>. Si buscas un look m\u00e1s sofisticado y con car\u00e1cter, el marr\u00f3n terracota es la opci\u00f3n ganadora.&nbsp;<\/p>\n\n\n\n<h3 class=\"wp-block-heading\"><span class=\"ez-toc-section\" id=\"Rojo_afrutado\"><\/span>Rojo afrutado&nbsp;<span class=\"ez-toc-section-end\"><\/span><\/h3>\n\n\n\n<p>Nada dice verano como un rojo afrutado, y este verano se lleva en todas sus versiones. Desde tonos m\u00e1s c\u00e1lidos hasta los m\u00e1s frescos y \u00e1cidos, este color es ideal para aquellas que quieren darle a su look un toque audaz y vibrante. Adem\u00e1s<strong>, el rojo siempre transmite confianza<\/strong>, y este tono es perfecto para lucir esos labios impecables en cualquier momento del d\u00eda.&nbsp;<\/p>\n\n\n\n<figure class=\"wp-block-image size-large\"><img loading=\"lazy\" decoding=\"async\" width=\"1024\" height=\"683\" src=\"https:\/\/www.arenal.com\/blog\/wp-content\/uploads\/2025\/07\/colores-pintalabios-verano-1024x683.jpg\" alt=\"Descubre los pintalabios del verano\u00a0\" class=\"wp-image-7641\" srcset=\"https:\/\/www.arenal.com\/blog\/wp-content\/uploads\/2025\/07\/colores-pintalabios-verano-1024x683.jpg 1024w, https:\/\/www.arenal.com\/blog\/wp-content\/uploads\/2025\/07\/colores-pintalabios-verano-300x200.jpg 300w, https:\/\/www.arenal.com\/blog\/wp-content\/uploads\/2025\/07\/colores-pintalabios-verano-768x512.jpg 768w, https:\/\/www.arenal.com\/blog\/wp-content\/uploads\/2025\/07\/colores-pintalabios-verano.jpg 1140w\" sizes=\"auto, (max-width: 1024px) 100vw, 1024px\" \/><\/figure>\n\n\n\n<h2 class=\"wp-block-heading\"><span class=\"ez-toc-section\" id=\"Los_mejores_pintalabios_del_verano_%C2%A1no_te_los_pierdas\"><\/span>Los mejores pintalabios del verano \u00a1no te los pierdas!&nbsp;<span class=\"ez-toc-section-end\"><\/span><\/h2>\n\n\n\n<p>Con tantas opciones disponibles, <strong>elegir el pintalabios perfecto puede ser un desaf\u00edo<\/strong>. Pero no te preocupes, hemos seleccionado para ti algunos de los productos m\u00e1s destacados que no pueden faltar en tu neceser este verano. Si buscas duraci\u00f3n, intensidad de color y un acabado perfecto, estos son los mejores pintalabios que se llevar\u00e1n durante toda la temporada.&nbsp;<\/p>\n\n\n\n<p><a href=\"https:\/\/www.arenal.com\/3ina-the-longwear-lipstick\/p\/BP00008799\" target=\"_blank\" rel=\"noreferrer noopener\">The Longwear Lipstick 3ina<\/a>&nbsp;<\/p>\n\n\n\n<p>La f\u00f3rmula de larga duraci\u00f3n&nbsp; de este pintalabios de verano no solo garantiza que el color se mantenga impecable durante horas, sino que tambi\u00e9n <strong>proporciona una textura cremosa que no reseca los labios<\/strong>. Adem\u00e1s, viene en una gama de tonos vibrantes perfectos para la \u00e9poca estival.&nbsp;<\/p>\n\n\n\n<p><a href=\"https:\/\/www.arenal.com\/dior-rouge-dior-barra-de-labios-confort-y-larga-duracion-tratamiento-floral-hidratante\/p\/BP00005097\" target=\"_blank\" rel=\"noreferrer noopener\">Rouge Dior<\/a>&nbsp;<\/p>\n\n\n\n<p>Dior nunca decepciona. Este pintalabios ic\u00f3nico es <strong>conocido por su calidad de lujo y su f\u00f3rmula hidratante<\/strong>. Los colores son intensos y duraderos, lo que lo convierte en una elecci\u00f3n de confianza para cualquier ocasi\u00f3n. Si buscas un pintalabios de alta gama que mantenga tus labios hidratados y con color vibrante durante todo el d\u00eda, este es el indicado.&nbsp;<\/p>\n\n\n\n<p><a href=\"https:\/\/www.arenal.com\/nars-powermatte-lip-pigment\/p\/BP00008801\" target=\"_blank\" rel=\"noreferrer noopener\">Powermatte Lip Pigment Nars<\/a>&nbsp;<\/p>\n\n\n\n<p>El Powermatte Lip Pigment de Nars es perfecto para aquellas personas que buscan un <strong>acabado mate sin sacrificar la comodidad<\/strong>. Este producto tiene una f\u00f3rmula ligera pero altamente pigmentada, lo que asegura que tus labios se vean perfectos durante horas. Adem\u00e1s, est\u00e1 dise\u00f1ado para facilitar una aplicaci\u00f3n precisa, sin retoques, ideal para un look impecable en cualquier momento.&nbsp;<\/p>\n\n\n\n<p><a href=\"https:\/\/www.arenal.com\/yves-saint-laurent-rouge-pur-couture-the-slim-barra-de-labios\/p\/BP00001614\" target=\"_blank\" rel=\"noreferrer noopener\">Rouge Pur Couture The Slim Yves Saint Laurent<\/a>&nbsp;<\/p>\n\n\n\n<p>Con un dise\u00f1o sofisticado y una f\u00f3rmula que garantiza un color intenso y duradero, este producto es <strong>ideal para darle un toque de lujo a tu look<\/strong>. Adem\u00e1s, su textura sedosa se desliza suavemente sobre los labios, proporcionando un acabado impecable.&nbsp;<\/p>\n\n\n\n<p><a href=\"https:\/\/www.arenal.com\/maybelline-new-york-superstay-matte-ink-pintalabios-mate-larga-duracion\/p\/BP00002420\" target=\"_blank\" rel=\"noreferrer noopener\">Superstay Matte Ink Maybelline New York<\/a>&nbsp;<\/p>\n\n\n\n<p>Si buscas un pintalabios con una durabilidad extrema, el Superstay Matte Ink de Maybelline New York es el m\u00e1s recomendado. Este pintalabios <strong>ofrece una cobertura total con un acabado mate que no se mueve<\/strong>, incluso despu\u00e9s de comer o beber. Su f\u00f3rmula \u00fanica promete mantener el color durante todo el d\u00eda sin necesidad de retoques, lo que lo convierte en un favorito para el verano.&nbsp;<\/p>\n\n\n\n<p>Cada uno de estos pintalabios tiene algo especial: desde la durabilidad y comodidad hasta la variedad de tonos y acabados<strong>. \u00a1Este verano, no tienes excusa para no lucir unos labios perfectos!<\/strong>&nbsp;<\/p>\n","protected":false},"excerpt":{"rendered":"<p>Los tonos de labios que est\u00e1n de moda este verano: vibrantes, frescos y de larga duraci\u00f3n.<\/p>\n","protected":false},"author":2,"featured_media":7640,"comment_status":"open","ping_status":"open","sticky":false,"template":"","format":"standard","meta":{"footnotes":""},"categories":[231],"tags":[],"class_list":["post-7638","post","type-post","status-publish","format-standard","has-post-thumbnail","hentry","category-consejos-y-rutinas-de-maquillaje"],"featured_image_src":"https:\/\/www.arenal.com\/blog\/wp-content\/uploads\/2025\/07\/pintalabios-verano.jpg","author_info":{"display_name":"arenal","author_link":"https:\/\/www.arenal.com\/blog\/author\/arenal"},"yoast_head":"<!-- This site is optimized with the Yoast SEO plugin v27.4 - https:\/\/yoast.com\/product\/yoast-seo-wordpress\/ -->\n<title>Descubre los pintalabios del verano<\/title>\n<meta name=\"description\" content=\"Los tonos de labios que est\u00e1n de moda este verano: vibrantes, frescos y de larga duraci\u00f3n.\" \/>\n<meta name=\"robots\" content=\"index, follow, max-snippet:-1, max-image-preview:large, max-video-preview:-1\" \/>\n<link rel=\"canonical\" href=\"https:\/\/www.arenal.com\/blog\/pintalabios-de-verano\" \/>\n<meta property=\"og:locale\" content=\"es_ES\" \/>\n<meta property=\"og:type\" content=\"article\" \/>\n<meta property=\"og:title\" content=\"Descubre los pintalabios del verano\" \/>\n<meta property=\"og:description\" content=\"Los tonos de labios que est\u00e1n de moda este verano: vibrantes, frescos y de larga duraci\u00f3n.\" \/>\n<meta property=\"og:url\" content=\"https:\/\/www.arenal.com\/blog\/pintalabios-de-verano\" \/>\n<meta property=\"og:site_name\" content=\"Blog de Arenal\" \/>\n<meta property=\"article:published_time\" content=\"2025-07-23T06:00:00+00:00\" \/>\n<meta property=\"article:modified_time\" content=\"2025-07-29T09:22:48+00:00\" \/>\n<meta property=\"og:image\" content=\"https:\/\/www.arenal.com\/blog\/wp-content\/uploads\/2025\/07\/pintalabios-verano.jpg\" \/>\n\t<meta property=\"og:image:width\" content=\"1140\" \/>\n\t<meta property=\"og:image:height\" content=\"322\" \/>\n\t<meta property=\"og:image:type\" content=\"image\/jpeg\" \/>\n<meta name=\"author\" content=\"arenal\" \/>\n<meta name=\"twitter:card\" content=\"summary_large_image\" \/>\n<meta name=\"twitter:label1\" content=\"Escrito por\" \/>\n\t<meta name=\"twitter:data1\" content=\"arenal\" \/>\n\t<meta name=\"twitter:label2\" content=\"Tiempo de lectura\" \/>\n\t<meta name=\"twitter:data2\" content=\"5 minutos\" \/>\n<script type=\"application\/ld+json\" class=\"yoast-schema-graph\">{\"@context\":\"https:\\\/\\\/schema.org\",\"@graph\":[{\"@type\":\"Article\",\"@id\":\"https:\\\/\\\/www.arenal.com\\\/blog\\\/pintalabios-de-verano#article\",\"isPartOf\":{\"@id\":\"https:\\\/\\\/www.arenal.com\\\/blog\\\/pintalabios-de-verano\"},\"author\":{\"name\":\"arenal\",\"@id\":\"https:\\\/\\\/www.arenal.com\\\/blog\\\/#\\\/schema\\\/person\\\/75c321b161941947bdc15ffde9d6241f\"},\"headline\":\"Descubre los pintalabios del verano\u00a0\",\"datePublished\":\"2025-07-23T06:00:00+00:00\",\"dateModified\":\"2025-07-29T09:22:48+00:00\",\"mainEntityOfPage\":{\"@id\":\"https:\\\/\\\/www.arenal.com\\\/blog\\\/pintalabios-de-verano\"},\"wordCount\":994,\"commentCount\":0,\"image\":{\"@id\":\"https:\\\/\\\/www.arenal.com\\\/blog\\\/pintalabios-de-verano#primaryimage\"},\"thumbnailUrl\":\"https:\\\/\\\/www.arenal.com\\\/blog\\\/wp-content\\\/uploads\\\/2025\\\/07\\\/pintalabios-verano.jpg\",\"articleSection\":[\"Maquillaje\"],\"inLanguage\":\"es\",\"potentialAction\":[{\"@type\":\"CommentAction\",\"name\":\"Comment\",\"target\":[\"https:\\\/\\\/www.arenal.com\\\/blog\\\/pintalabios-de-verano#respond\"]}]},{\"@type\":\"WebPage\",\"@id\":\"https:\\\/\\\/www.arenal.com\\\/blog\\\/pintalabios-de-verano\",\"url\":\"https:\\\/\\\/www.arenal.com\\\/blog\\\/pintalabios-de-verano\",\"name\":\"Descubre los pintalabios del verano\",\"isPartOf\":{\"@id\":\"https:\\\/\\\/www.arenal.com\\\/blog\\\/#website\"},\"primaryImageOfPage\":{\"@id\":\"https:\\\/\\\/www.arenal.com\\\/blog\\\/pintalabios-de-verano#primaryimage\"},\"image\":{\"@id\":\"https:\\\/\\\/www.arenal.com\\\/blog\\\/pintalabios-de-verano#primaryimage\"},\"thumbnailUrl\":\"https:\\\/\\\/www.arenal.com\\\/blog\\\/wp-content\\\/uploads\\\/2025\\\/07\\\/pintalabios-verano.jpg\",\"datePublished\":\"2025-07-23T06:00:00+00:00\",\"dateModified\":\"2025-07-29T09:22:48+00:00\",\"author\":{\"@id\":\"https:\\\/\\\/www.arenal.com\\\/blog\\\/#\\\/schema\\\/person\\\/75c321b161941947bdc15ffde9d6241f\"},\"description\":\"Los tonos de labios que est\u00e1n de moda este verano: vibrantes, frescos y de larga duraci\u00f3n.\",\"breadcrumb\":{\"@id\":\"https:\\\/\\\/www.arenal.com\\\/blog\\\/pintalabios-de-verano#breadcrumb\"},\"inLanguage\":\"es\",\"potentialAction\":[{\"@type\":\"ReadAction\",\"target\":[\"https:\\\/\\\/www.arenal.com\\\/blog\\\/pintalabios-de-verano\"]}]},{\"@type\":\"ImageObject\",\"inLanguage\":\"es\",\"@id\":\"https:\\\/\\\/www.arenal.com\\\/blog\\\/pintalabios-de-verano#primaryimage\",\"url\":\"https:\\\/\\\/www.arenal.com\\\/blog\\\/wp-content\\\/uploads\\\/2025\\\/07\\\/pintalabios-verano.jpg\",\"contentUrl\":\"https:\\\/\\\/www.arenal.com\\\/blog\\\/wp-content\\\/uploads\\\/2025\\\/07\\\/pintalabios-verano.jpg\",\"width\":1140,\"height\":322,\"caption\":\"Descubre los pintalabios del verano\u00a0\"},{\"@type\":\"BreadcrumbList\",\"@id\":\"https:\\\/\\\/www.arenal.com\\\/blog\\\/pintalabios-de-verano#breadcrumb\",\"itemListElement\":[{\"@type\":\"ListItem\",\"position\":1,\"name\":\"Maquillaje\",\"item\":\"https:\\\/\\\/www.arenal.com\\\/blog\\\/consejos-y-rutinas-de-maquillaje\"},{\"@type\":\"ListItem\",\"position\":2,\"name\":\"Descubre los pintalabios del verano\u00a0\"}]},{\"@type\":\"WebSite\",\"@id\":\"https:\\\/\\\/www.arenal.com\\\/blog\\\/#website\",\"url\":\"https:\\\/\\\/www.arenal.com\\\/blog\\\/\",\"name\":\"Blog de Arenal\",\"description\":\"\",\"potentialAction\":[{\"@type\":\"SearchAction\",\"target\":{\"@type\":\"EntryPoint\",\"urlTemplate\":\"https:\\\/\\\/www.arenal.com\\\/blog\\\/?s={search_term_string}\"},\"query-input\":{\"@type\":\"PropertyValueSpecification\",\"valueRequired\":true,\"valueName\":\"search_term_string\"}}],\"inLanguage\":\"es\"},{\"@type\":\"Person\",\"@id\":\"https:\\\/\\\/www.arenal.com\\\/blog\\\/#\\\/schema\\\/person\\\/75c321b161941947bdc15ffde9d6241f\",\"name\":\"arenal\",\"image\":{\"@type\":\"ImageObject\",\"inLanguage\":\"es\",\"@id\":\"https:\\\/\\\/secure.gravatar.com\\\/avatar\\\/e930b117f1433c3126018d5f63c8b2d59f2a86bdb0425d8e5c9b3c027c902408?s=96&d=mm&r=g\",\"url\":\"https:\\\/\\\/secure.gravatar.com\\\/avatar\\\/e930b117f1433c3126018d5f63c8b2d59f2a86bdb0425d8e5c9b3c027c902408?s=96&d=mm&r=g\",\"contentUrl\":\"https:\\\/\\\/secure.gravatar.com\\\/avatar\\\/e930b117f1433c3126018d5f63c8b2d59f2a86bdb0425d8e5c9b3c027c902408?s=96&d=mm&r=g\",\"caption\":\"arenal\"},\"url\":\"https:\\\/\\\/www.arenal.com\\\/blog\\\/author\\\/arenal\"}]}<\/script>\n<!-- \/ Yoast SEO plugin. -->","yoast_head_json":{"title":"Descubre los pintalabios del verano","description":"Los tonos de labios que est\u00e1n de moda este verano: vibrantes, frescos y de larga duraci\u00f3n.","robots":{"index":"index","follow":"follow","max-snippet":"max-snippet:-1","max-image-preview":"max-image-preview:large","max-video-preview":"max-video-preview:-1"},"canonical":"https:\/\/www.arenal.com\/blog\/pintalabios-de-verano","og_locale":"es_ES","og_type":"article","og_title":"Descubre los pintalabios del verano","og_description":"Los tonos de labios que est\u00e1n de moda este verano: vibrantes, frescos y de larga duraci\u00f3n.","og_url":"https:\/\/www.arenal.com\/blog\/pintalabios-de-verano","og_site_name":"Blog de Arenal","article_published_time":"2025-07-23T06:00:00+00:00","article_modified_time":"2025-07-29T09:22:48+00:00","og_image":[{"width":1140,"height":322,"url":"https:\/\/www.arenal.com\/blog\/wp-content\/uploads\/2025\/07\/pintalabios-verano.jpg","type":"image\/jpeg"}],"author":"arenal","twitter_card":"summary_large_image","twitter_misc":{"Escrito por":"arenal","Tiempo de lectura":"5 minutos"},"schema":{"@context":"https:\/\/schema.org","@graph":[{"@type":"Article","@id":"https:\/\/www.arenal.com\/blog\/pintalabios-de-verano#article","isPartOf":{"@id":"https:\/\/www.arenal.com\/blog\/pintalabios-de-verano"},"author":{"name":"arenal","@id":"https:\/\/www.arenal.com\/blog\/#\/schema\/person\/75c321b161941947bdc15ffde9d6241f"},"headline":"Descubre los pintalabios del verano\u00a0","datePublished":"2025-07-23T06:00:00+00:00","dateModified":"2025-07-29T09:22:48+00:00","mainEntityOfPage":{"@id":"https:\/\/www.arenal.com\/blog\/pintalabios-de-verano"},"wordCount":994,"commentCount":0,"image":{"@id":"https:\/\/www.arenal.com\/blog\/pintalabios-de-verano#primaryimage"},"thumbnailUrl":"https:\/\/www.arenal.com\/blog\/wp-content\/uploads\/2025\/07\/pintalabios-verano.jpg","articleSection":["Maquillaje"],"inLanguage":"es","potentialAction":[{"@type":"CommentAction","name":"Comment","target":["https:\/\/www.arenal.com\/blog\/pintalabios-de-verano#respond"]}]},{"@type":"WebPage","@id":"https:\/\/www.arenal.com\/blog\/pintalabios-de-verano","url":"https:\/\/www.arenal.com\/blog\/pintalabios-de-verano","name":"Descubre los pintalabios del verano","isPartOf":{"@id":"https:\/\/www.arenal.com\/blog\/#website"},"primaryImageOfPage":{"@id":"https:\/\/www.arenal.com\/blog\/pintalabios-de-verano#primaryimage"},"image":{"@id":"https:\/\/www.arenal.com\/blog\/pintalabios-de-verano#primaryimage"},"thumbnailUrl":"https:\/\/www.arenal.com\/blog\/wp-content\/uploads\/2025\/07\/pintalabios-verano.jpg","datePublished":"2025-07-23T06:00:00+00:00","dateModified":"2025-07-29T09:22:48+00:00","author":{"@id":"https:\/\/www.arenal.com\/blog\/#\/schema\/person\/75c321b161941947bdc15ffde9d6241f"},"description":"Los tonos de labios que est\u00e1n de moda este verano: vibrantes, frescos y de larga duraci\u00f3n.","breadcrumb":{"@id":"https:\/\/www.arenal.com\/blog\/pintalabios-de-verano#breadcrumb"},"inLanguage":"es","potentialAction":[{"@type":"ReadAction","target":["https:\/\/www.arenal.com\/blog\/pintalabios-de-verano"]}]},{"@type":"ImageObject","inLanguage":"es","@id":"https:\/\/www.arenal.com\/blog\/pintalabios-de-verano#primaryimage","url":"https:\/\/www.arenal.com\/blog\/wp-content\/uploads\/2025\/07\/pintalabios-verano.jpg","contentUrl":"https:\/\/www.arenal.com\/blog\/wp-content\/uploads\/2025\/07\/pintalabios-verano.jpg","width":1140,"height":322,"caption":"Descubre los pintalabios del verano\u00a0"},{"@type":"BreadcrumbList","@id":"https:\/\/www.arenal.com\/blog\/pintalabios-de-verano#breadcrumb","itemListElement":[{"@type":"ListItem","position":1,"name":"Maquillaje","item":"https:\/\/www.arenal.com\/blog\/consejos-y-rutinas-de-maquillaje"},{"@type":"ListItem","position":2,"name":"Descubre los pintalabios del verano\u00a0"}]},{"@type":"WebSite","@id":"https:\/\/www.arenal.com\/blog\/#website","url":"https:\/\/www.arenal.com\/blog\/","name":"Blog de Arenal","description":"","potentialAction":[{"@type":"SearchAction","target":{"@type":"EntryPoint","urlTemplate":"https:\/\/www.arenal.com\/blog\/?s={search_term_string}"},"query-input":{"@type":"PropertyValueSpecification","valueRequired":true,"valueName":"search_term_string"}}],"inLanguage":"es"},{"@type":"Person","@id":"https:\/\/www.arenal.com\/blog\/#\/schema\/person\/75c321b161941947bdc15ffde9d6241f","name":"arenal","image":{"@type":"ImageObject","inLanguage":"es","@id":"https:\/\/secure.gravatar.com\/avatar\/e930b117f1433c3126018d5f63c8b2d59f2a86bdb0425d8e5c9b3c027c902408?s=96&d=mm&r=g","url":"https:\/\/secure.gravatar.com\/avatar\/e930b117f1433c3126018d5f63c8b2d59f2a86bdb0425d8e5c9b3c027c902408?s=96&d=mm&r=g","contentUrl":"https:\/\/secure.gravatar.com\/avatar\/e930b117f1433c3126018d5f63c8b2d59f2a86bdb0425d8e5c9b3c027c902408?s=96&d=mm&r=g","caption":"arenal"},"url":"https:\/\/www.arenal.com\/blog\/author\/arenal"}]}},"_links":{"self":[{"href":"https:\/\/www.arenal.com\/blog\/wp-json\/wp\/v2\/posts\/7638","targetHints":{"allow":["GET"]}}],"collection":[{"href":"https:\/\/www.arenal.com\/blog\/wp-json\/wp\/v2\/posts"}],"about":[{"href":"https:\/\/www.arenal.com\/blog\/wp-json\/wp\/v2\/types\/post"}],"author":[{"embeddable":true,"href":"https:\/\/www.arenal.com\/blog\/wp-json\/wp\/v2\/users\/2"}],"replies":[{"embeddable":true,"href":"https:\/\/www.arenal.com\/blog\/wp-json\/wp\/v2\/comments?post=7638"}],"version-history":[{"count":2,"href":"https:\/\/www.arenal.com\/blog\/wp-json\/wp\/v2\/posts\/7638\/revisions"}],"predecessor-version":[{"id":7644,"href":"https:\/\/www.arenal.com\/blog\/wp-json\/wp\/v2\/posts\/7638\/revisions\/7644"}],"wp:featuredmedia":[{"embeddable":true,"href":"https:\/\/www.arenal.com\/blog\/wp-json\/wp\/v2\/media\/7640"}],"wp:attachment":[{"href":"https:\/\/www.arenal.com\/blog\/wp-json\/wp\/v2\/media?parent=7638"}],"wp:term":[{"taxonomy":"category","embeddable":true,"href":"https:\/\/www.arenal.com\/blog\/wp-json\/wp\/v2\/categories?post=7638"},{"taxonomy":"post_tag","embeddable":true,"href":"https:\/\/www.arenal.com\/blog\/wp-json\/wp\/v2\/tags?post=7638"}],"curies":[{"name":"wp","href":"https:\/\/api.w.org\/{rel}","templated":true}]}}