{"id":7518,"date":"2025-06-16T07:00:00","date_gmt":"2025-06-16T06:00:00","guid":{"rendered":"https:\/\/www.arenal.com\/blog\/?p=7518"},"modified":"2025-06-30T08:20:51","modified_gmt":"2025-06-30T07:20:51","slug":"tintes-fantasia","status":"publish","type":"post","link":"https:\/\/www.arenal.com\/blog\/tintes-fantasia","title":{"rendered":"Tintes fantas\u00eda. Trucos para que dure m\u00e1s\u00a0"},"content":{"rendered":"\n<p>Aunque ya no es tan f\u00e1cil de ver como hace unos a\u00f1os, cuando <strong>lucir una melena de colores fantas\u00eda<\/strong> era lo m\u00e1s popular, los colores pasteles y vibrantes siguen siendo una forma muy efectiva de transmitir personalidad, individualismo y darle un toque divertido a tu look.&nbsp;<\/p>\n\n\n\n<p>Sin embargo, una de las razones por las que ha perdido popularidad, es que <strong>el mantenimiento de los tintes fantas\u00eda es un poco m\u00e1s complejo<\/strong> que el de los tintes normales.&nbsp;&nbsp;<\/p>\n\n\n\n<p>No obstante, existen algunos <strong>trucos <\/strong>que puedes seguir <strong>para alargar la duraci\u00f3n de tu tinte fantas\u00eda<\/strong> y evitar tener que reaplicarlo tan a menudo y en este art\u00edculo de blog te los vamos a contar todos.&nbsp;<\/p>\n\n\n\n<div id=\"ez-toc-container\" class=\"ez-toc-v2_0_82_2 counter-hierarchy ez-toc-counter ez-toc-custom ez-toc-container-direction\">\n<div class=\"ez-toc-title-container\">\n<p class=\"ez-toc-title\" style=\"cursor:inherit\">Indice de contenidos<\/p>\n<span class=\"ez-toc-title-toggle\"><a href=\"#\" class=\"ez-toc-pull-right ez-toc-btn ez-toc-btn-xs ez-toc-btn-default ez-toc-toggle\" aria-label=\"Alternar tabla de contenidos\"><span class=\"ez-toc-js-icon-con\"><span class=\"\"><span class=\"eztoc-hide\" style=\"display:none;\">Toggle<\/span><span class=\"ez-toc-icon-toggle-span\"><svg style=\"fill: #000000;color:#000000\" xmlns=\"http:\/\/www.w3.org\/2000\/svg\" class=\"list-377408\" width=\"20px\" height=\"20px\" viewBox=\"0 0 24 24\" fill=\"none\"><path d=\"M6 6H4v2h2V6zm14 0H8v2h12V6zM4 11h2v2H4v-2zm16 0H8v2h12v-2zM4 16h2v2H4v-2zm16 0H8v2h12v-2z\" fill=\"currentColor\"><\/path><\/svg><svg style=\"fill: #000000;color:#000000\" class=\"arrow-unsorted-368013\" xmlns=\"http:\/\/www.w3.org\/2000\/svg\" width=\"10px\" height=\"10px\" viewBox=\"0 0 24 24\" version=\"1.2\" baseProfile=\"tiny\"><path d=\"M18.2 9.3l-6.2-6.3-6.2 6.3c-.2.2-.3.4-.3.7s.1.5.3.7c.2.2.4.3.7.3h11c.3 0 .5-.1.7-.3.2-.2.3-.5.3-.7s-.1-.5-.3-.7zM5.8 14.7l6.2 6.3 6.2-6.3c.2-.2.3-.5.3-.7s-.1-.5-.3-.7c-.2-.2-.4-.3-.7-.3h-11c-.3 0-.5.1-.7.3-.2.2-.3.5-.3.7s.1.5.3.7z\"\/><\/svg><\/span><\/span><\/span><\/a><\/span><\/div>\n<nav><ul class='ez-toc-list ez-toc-list-level-1 ' ><li class='ez-toc-page-1 ez-toc-heading-level-2'><a class=\"ez-toc-link ez-toc-heading-1\" href=\"https:\/\/www.arenal.com\/blog\/tintes-fantasia\/#%C2%BFComo_tenirse_el_pelo_en_casa_con_tinte_fantasia\" >\u00bfC\u00f3mo te\u00f1irse el pelo en casa con tinte fantas\u00eda?&nbsp;<\/a><\/li><li class='ez-toc-page-1 ez-toc-heading-level-2'><a class=\"ez-toc-link ez-toc-heading-2\" href=\"https:\/\/www.arenal.com\/blog\/tintes-fantasia\/#Como_hacer_que_dure_mas_el_tinte_fantasia\" >C\u00f3mo hacer que dure m\u00e1s el tinte fantas\u00eda&nbsp;<\/a><ul class='ez-toc-list-level-3' ><li class='ez-toc-heading-level-3'><a class=\"ez-toc-link ez-toc-heading-3\" href=\"https:\/\/www.arenal.com\/blog\/tintes-fantasia\/#Hidrata_nutre_e_hidrata_otra_vez\" >Hidrata, nutre e hidrata otra vez&nbsp;<\/a><\/li><li class='ez-toc-page-1 ez-toc-heading-level-3'><a class=\"ez-toc-link ez-toc-heading-4\" href=\"https:\/\/www.arenal.com\/blog\/tintes-fantasia\/#Lava_tu_cabello_con_agua_fria\" >Lava tu cabello con agua fr\u00eda&nbsp;<\/a><\/li><li class='ez-toc-page-1 ez-toc-heading-level-3'><a class=\"ez-toc-link ez-toc-heading-5\" href=\"https:\/\/www.arenal.com\/blog\/tintes-fantasia\/#Utiliza_productos_suaves\" >Utiliza productos suaves&nbsp;<\/a><\/li><li class='ez-toc-page-1 ez-toc-heading-level-3'><a class=\"ez-toc-link ez-toc-heading-6\" href=\"https:\/\/www.arenal.com\/blog\/tintes-fantasia\/#Evita_las_herramientas_de_calor_y_el_sol\" >Evita las herramientas de calor y el sol&nbsp;<\/a><\/li><li class='ez-toc-page-1 ez-toc-heading-level-3'><a class=\"ez-toc-link ez-toc-heading-7\" href=\"https:\/\/www.arenal.com\/blog\/tintes-fantasia\/#Espacia_los_lavados\" >Espacia los lavados&nbsp;<\/a><\/li><li class='ez-toc-page-1 ez-toc-heading-level-3'><a class=\"ez-toc-link ez-toc-heading-8\" href=\"https:\/\/www.arenal.com\/blog\/tintes-fantasia\/#Mascarilla_con_color\" >Mascarilla con color&nbsp;<\/a><\/li><\/ul><\/li><li class='ez-toc-page-1 ez-toc-heading-level-2'><a class=\"ez-toc-link ez-toc-heading-9\" href=\"https:\/\/www.arenal.com\/blog\/tintes-fantasia\/#Tintes_fantasia_duraderos\" >Tintes fantas\u00eda duraderos&nbsp;<\/a><\/li><\/ul><\/nav><\/div>\n<h2 class=\"wp-block-heading\"><span class=\"ez-toc-section\" id=\"%C2%BFComo_tenirse_el_pelo_en_casa_con_tinte_fantasia\"><\/span>\u00bfC\u00f3mo <a href=\"https:\/\/www.arenal.com\/blog\/como-tenir-pelo-en-casa\" target=\"_blank\" rel=\"noreferrer noopener\">te\u00f1irse el pelo en casa<\/a> con tinte fantas\u00eda?&nbsp;<span class=\"ez-toc-section-end\"><\/span><\/h2>\n\n\n\n<p><strong>Los colores fantas\u00eda para el pelo son como las acuarelas<\/strong>: cuanto m\u00e1s blanco sea el fondo, m\u00e1s puro y vibrante ser\u00e1 el resultado de color. En cambio, sobre un fondo oscuro, a penas notar\u00e1s el color.&nbsp;&nbsp;<\/p>\n\n\n\n<p>Otra <strong>diferencia entre los <\/strong><a href=\"https:\/\/www.arenal.com\/cabello\/coloracion\/tintes\/c\/1_0000000992\" target=\"_blank\" rel=\"noreferrer noopener\"><strong>tintes de pelo<\/strong><\/a><strong> tradicionales y los fantas\u00eda<\/strong>, es que estos \u00faltimos no incluyen per\u00f3xido para aclarar el pelo en el mismo momento de utilizarlos. Es m\u00e1s, son m\u00e1s parecidos a una <a href=\"https:\/\/www.arenal.com\/cabello\/mascarillas\/hidratante\/c\/1_0000000950\" target=\"_blank\" rel=\"noreferrer noopener\">mascarilla hidratante<\/a> con color. Por lo tanto, <strong>los tintes fantas\u00eda tienen que aplicarse sobre cabellos previamente decolorados<\/strong> o naturalmente muy rubios.&nbsp;<\/p>\n\n\n\n<p><strong>Utilizar <\/strong><a href=\"https:\/\/www.arenal.com\/cabello\/coloracion\/decolorantes-y-matizadores\/decolorantes\/c\/1_0000000997\" target=\"_blank\" rel=\"noreferrer noopener\"><strong>decolorantes<\/strong><\/a><strong> en casa es bastante complicado<\/strong> si no se tiene experiencia, por lo que te recomendamos que vayas a una peluquer\u00eda para asegurar un resultado homog\u00e9neo y que da\u00f1e el cabello lo m\u00ednimo posible. Si eres muy morena y quieres llegar a un color muy claro, casi blanco, <strong>es posible que necesites m\u00e1s de una sesi\u00f3n<\/strong>, espaciada en el tiempo, para evitar quemar tu cabello y utilizar <a href=\"https:\/\/www.arenal.com\/blog\/consejos-pelo-danado-decoloracion\" target=\"_blank\" rel=\"noreferrer noopener\">tratamientos para el pelo da\u00f1ado<\/a> intensivos entre sesi\u00f3n y sesi\u00f3n.&nbsp;<\/p>\n\n\n\n<p>Una vez que tu pelo est\u00e1 decolorado, <strong>la aplicaci\u00f3n del tinte fantas\u00eda es mucho m\u00e1s sencilla<\/strong>. Solo tienes que <strong>separar tu cabello seco<\/strong> <strong>en secciones<\/strong> e ir aplicando abundantes cantidades de producto, asegur\u00e1ndote de que cada mech\u00f3n queda bien cubierto. Cuando hayas completado toda la cabeza, puedes recogerlo con una pinza y cubrirlo con un gorro de ducha o papel de plata para que no se reseque ni gotee. <strong>D\u00e9jalo el tiempo que te indique el fabricante<\/strong>, que normalmente es entre 20 y 30 minutos y despu\u00e9s acl\u00e1ralo con abundante agua tibia (no caliente).&nbsp;<\/p>\n\n\n\n<p>Eso s\u00ed, no te olvides de usar guantes, una camiseta que no te importe que se manche y <strong>cubrir las orejas y los bordes de la cara<\/strong> con un poco de vaselina (esto te ayudar\u00e1 a <a href=\"https:\/\/www.arenal.com\/blog\/como-quitar-manchas-de-tinte-de-la-piel\" target=\"_blank\" rel=\"noreferrer noopener\">quitar las manchas de tinte de tu piel<\/a>).&nbsp;<\/p>\n\n\n\n<figure class=\"wp-block-image size-large\"><img loading=\"lazy\" decoding=\"async\" width=\"1024\" height=\"683\" src=\"https:\/\/www.arenal.com\/blog\/wp-content\/uploads\/2025\/06\/tintes-fantasia-duradero-1024x683.jpg\" alt=\"Tintes fantas\u00eda. Trucos para que dure m\u00e1s\" class=\"wp-image-7520\" srcset=\"https:\/\/www.arenal.com\/blog\/wp-content\/uploads\/2025\/06\/tintes-fantasia-duradero-1024x683.jpg 1024w, https:\/\/www.arenal.com\/blog\/wp-content\/uploads\/2025\/06\/tintes-fantasia-duradero-300x200.jpg 300w, https:\/\/www.arenal.com\/blog\/wp-content\/uploads\/2025\/06\/tintes-fantasia-duradero-768x512.jpg 768w, https:\/\/www.arenal.com\/blog\/wp-content\/uploads\/2025\/06\/tintes-fantasia-duradero.jpg 1140w\" sizes=\"auto, (max-width: 1024px) 100vw, 1024px\" \/><figcaption class=\"wp-element-caption\">Photo of tired sleepy woman with dyed hair keeps hand on face closes eyes feels overworked after sleepless night wears slumber suit blindfold on forehead poses against pink background. Lack of sleep<\/figcaption><\/figure>\n\n\n\n<h2 class=\"wp-block-heading\"><span class=\"ez-toc-section\" id=\"Como_hacer_que_dure_mas_el_tinte_fantasia\"><\/span>C\u00f3mo hacer que dure m\u00e1s el tinte fantas\u00eda&nbsp;<span class=\"ez-toc-section-end\"><\/span><\/h2>\n\n\n\n<p>El tinte fantas\u00eda va perdiendo intensidad con los lavados porque <strong>no es un tinte permanente<\/strong>. Por eso, si quieres mantenerlo vibrante e intenso, hay que hacer retoques con cierta frecuencia. Pero hay algunos trucos que puedes emplear para poder espaciar esos retoques y que tu cabello fantas\u00eda luzca su mejor aspecto durante m\u00e1s tiempo.&nbsp;<\/p>\n\n\n\n<h3 class=\"wp-block-heading\"><span class=\"ez-toc-section\" id=\"Hidrata_nutre_e_hidrata_otra_vez\"><\/span>Hidrata, nutre e hidrata otra vez&nbsp;<span class=\"ez-toc-section-end\"><\/span><\/h3>\n\n\n\n<p><strong>Despu\u00e9s de la decoloraci\u00f3n, el cabello se queda m\u00e1s seco, fr\u00e1gil y poroso<\/strong>. Cuanto m\u00e1s da\u00f1ado est\u00e9 el cabello, m\u00e1s r\u00e1pido se desprender\u00e1 del tinte. Por lo tanto, lo mejor que puedes hacer para alargar la duraci\u00f3n de tu tinte, es <strong>hidratar y nutrir tu cabello como si te fuese la vida en ello<\/strong>. Entre las <a href=\"https:\/\/www.arenal.com\/blog\/propiedades-aceite-de-coco\" target=\"_blank\" rel=\"noreferrer noopener\">propiedades del aceite de coco<\/a> est\u00e1 la de hidratar profundamente el cabello, as\u00ed que te recomendamos <strong>aplicarte una mascarilla casera de aceite de coco al menos una vez cada dos semanas<\/strong>. Los <a href=\"https:\/\/www.arenal.com\/cabello\/tratamientos-capilares\/keratina\/c\/1_0000000968\" target=\"_blank\" rel=\"noreferrer noopener\">tratamientos de keratina<\/a> tambi\u00e9n te ser\u00e1n muy \u00fatiles.&nbsp;<\/p>\n\n\n\n<h3 class=\"wp-block-heading\"><span class=\"ez-toc-section\" id=\"Lava_tu_cabello_con_agua_fria\"><\/span>Lava tu cabello con agua fr\u00eda&nbsp;<span class=\"ez-toc-section-end\"><\/span><\/h3>\n\n\n\n<p>Este es un consejo complicado de seguir especialmente si es invierno y hacer fr\u00edo, pero <strong>el agua caliente abre los poros de tu cabello<\/strong> y hace que escupa el tinte mucho m\u00e1s r\u00e1pido. Si puedes lavarte el pelo con agua fr\u00eda, notar\u00e1s que el color se mantiene brillante m\u00e1s tiempo.&nbsp;&nbsp;<\/p>\n\n\n\n<h3 class=\"wp-block-heading\"><span class=\"ez-toc-section\" id=\"Utiliza_productos_suaves\"><\/span>Utiliza productos suaves&nbsp;<span class=\"ez-toc-section-end\"><\/span><\/h3>\n\n\n\n<p>Los sulfatos y otros agentes limpiadores agresivos ser\u00e1n la muerte de tu color fantas\u00eda. <strong>Apuesta por un <\/strong><a href=\"https:\/\/www.arenal.com\/cabello\/champus\/champu-sin-sulfatos\/c\/1_0000000936\" target=\"_blank\" rel=\"noreferrer noopener\"><strong>champ\u00fa sin sulfatos ni siliconas<\/strong><\/a><strong> ni parabenos<\/strong> y si adem\u00e1s puede incluir agentes hidratantes, mejor. Cuanto m\u00e1s hidrates tu melena, m\u00e1s brillante y duradero ser\u00e1 el tinte.&nbsp;&nbsp;<\/p>\n\n\n\n<h3 class=\"wp-block-heading\"><span class=\"ez-toc-section\" id=\"Evita_las_herramientas_de_calor_y_el_sol\"><\/span>Evita las herramientas de calor y el sol&nbsp;<span class=\"ez-toc-section-end\"><\/span><\/h3>\n\n\n\n<p>Una vez m\u00e1s, esto es m\u00e1s f\u00e1cil de hacer durante el verano, pero las planchas, los rizadores y los secadores de pelo <strong>da\u00f1an mucho tu cabello, lo resecan y abren los poros<\/strong>. Evita usar estos art\u00edculos en exceso y si debes hacerlo, opta por un buen <a href=\"https:\/\/www.arenal.com\/cabello\/tratamientos-capilares\/proteccion-termica\/c\/1_0000000969\" target=\"_blank\" rel=\"noreferrer noopener\">protector t\u00e9rmico<\/a>.&nbsp;<\/p>\n\n\n\n<p><strong>Lo mismo sucede con el sol.<\/strong> Si alguna vez has escuchado eso de que el sol aclara el pelo y se come el color de la ropa tendida, ten por seguro que es verdad y que le pasar\u00e1 a tu cabello te\u00f1ido de un color fantas\u00eda. <strong>Prot\u00e9gelo y exponte al sol lo menos posible<\/strong>.&nbsp;<\/p>\n\n\n\n<h3 class=\"wp-block-heading\"><span class=\"ez-toc-section\" id=\"Espacia_los_lavados\"><\/span>Espacia los lavados&nbsp;<span class=\"ez-toc-section-end\"><\/span><\/h3>\n\n\n\n<p>Si tienes la posibilidad de lavarte el pelo solo dos o tres veces por semana, tu tinte fantas\u00eda aguantar\u00e1 m\u00e1s tiempo si verse desva\u00eddo. <strong>Puedes probar con los <\/strong><a href=\"https:\/\/www.arenal.com\/cabello\/champus\/champu-en-seco\/c\/1_0000000939\" target=\"_blank\" rel=\"noreferrer noopener\"><strong>champ\u00fas secos<\/strong><\/a> y otros trucos para espaciar los lavados de pelo.&nbsp;&nbsp;<\/p>\n\n\n\n<h3 class=\"wp-block-heading\"><span class=\"ez-toc-section\" id=\"Mascarilla_con_color\"><\/span><a href=\"https:\/\/www.arenal.com\/cabello\/mascarillas\/con-color\" target=\"_blank\" rel=\"noreferrer noopener\">Mascarilla con color<\/a>&nbsp;<span class=\"ez-toc-section-end\"><\/span><\/h3>\n\n\n\n<p>Aplicar una mascarilla capilar con color es una de las formas m\u00e1s c\u00f3modas y r\u00e1pidas de <strong>mantener el color fantas\u00eda durante m\u00e1s tiempo<\/strong>. Si no encuentras una mascarilla de tu color, siempre puedes mezclar un poco de tu tinte con tu acondicionador habitual. Util\u00edzalo como haces habitualmente y <strong>acl\u00e1ralo bien al final del lavado<\/strong>. Te aseguramos que notar\u00e1s la diferencia.&nbsp;<\/p>\n\n\n\n<p>Otro detalle importante que debes tener en cuenta es que <strong>tanto el cloro de las piscinas como el agua del mar, har\u00e1n que tu tinte fantas\u00eda se aclare<\/strong> mucho m\u00e1s r\u00e1pido, as\u00ed que el truco de la mascarilla de color puede ser la mejor opci\u00f3n para mantener el tono y la salud de tu cabello durante la \u00e9poca de m\u00e1s calor.\u00a0<\/p>\n\n\n\n<figure class=\"wp-block-image size-large\"><img loading=\"lazy\" decoding=\"async\" width=\"1024\" height=\"681\" src=\"https:\/\/www.arenal.com\/blog\/wp-content\/uploads\/2025\/06\/como-tenirse-pelo-tinte-fantasia-1024x681.png\" alt=\"Tintes fantas\u00eda. Trucos para que dure m\u00e1s\" class=\"wp-image-7521\" srcset=\"https:\/\/www.arenal.com\/blog\/wp-content\/uploads\/2025\/06\/como-tenirse-pelo-tinte-fantasia-1024x681.png 1024w, https:\/\/www.arenal.com\/blog\/wp-content\/uploads\/2025\/06\/como-tenirse-pelo-tinte-fantasia-300x199.png 300w, https:\/\/www.arenal.com\/blog\/wp-content\/uploads\/2025\/06\/como-tenirse-pelo-tinte-fantasia-768x511.png 768w, https:\/\/www.arenal.com\/blog\/wp-content\/uploads\/2025\/06\/como-tenirse-pelo-tinte-fantasia.png 1140w\" sizes=\"auto, (max-width: 1024px) 100vw, 1024px\" \/><\/figure>\n\n\n\n<h2 class=\"wp-block-heading\"><span class=\"ez-toc-section\" id=\"Tintes_fantasia_duraderos\"><\/span>Tintes fantas\u00eda duraderos&nbsp;<span class=\"ez-toc-section-end\"><\/span><\/h2>\n\n\n\n<p>Hay muchas marcas diferentes que ofrecen tonalidades fantas\u00eda. Si quieres lucir un brillante cabello rosa, un azul profundo o un m\u00e1gico violeta, tendr\u00e1s que escoger una que ofrezca los ingredientes que se ajusten a tus necesidades y el tono que est\u00e1s buscando. Como ya hemos mencionado, <strong>los tintes fantas\u00eda no son permanentes<\/strong>, sino que son m\u00e1s parecidos a un ba\u00f1o de color que se va aclarando con los lavados. Pero tambi\u00e9n hay <strong>algunas marcas de tintes fantas\u00eda duraderos<\/strong>. Por ejemplo, <strong>Goldwell Elumen<\/strong> utiliza una tecnolog\u00eda de iones exclusiva que hace que los pigmentos se adhieran a\u00fan m\u00e1s a la cut\u00edcula y la superficie del cabello, alargando la duraci\u00f3n del color. Adem\u00e1s, no tiene amoniaco ni oxidantes, por lo que no causa da\u00f1o al cabello. Otras marcas que ofrecen tintes fantas\u00eda bastante duraderos pueden ser <strong>Manic Panic, La Riche Directions o Crazy Colors<\/strong>.&nbsp;<\/p>\n\n\n\n<p>Aunque a algunas personas les encantar\u00eda que los tintes fantas\u00eda pudieran ser tan permanentes como los colores m\u00e1s naturales, de momento la tecnolog\u00eda solo permite ba\u00f1os de color que duran una o dos semanas. Pero si sigues estos <strong>trucos podr\u00e1s alargar la duraci\u00f3n del color y mantener tu tinte vibrante<\/strong> y muy bonito, adem\u00e1s de cuidar tu cabello.&nbsp;&nbsp;<\/p>\n","protected":false},"excerpt":{"rendered":"<p>Aunque ya no es tan f\u00e1cil de ver como hace unos a\u00f1os, cuando lucir una melena de colores fantas\u00eda era<\/p>\n","protected":false},"author":2,"featured_media":7522,"comment_status":"open","ping_status":"open","sticky":false,"template":"","format":"standard","meta":{"footnotes":""},"categories":[234],"tags":[],"class_list":["post-7518","post","type-post","status-publish","format-standard","has-post-thumbnail","hentry","category-cuidado-del-cabello"],"featured_image_src":"https:\/\/www.arenal.com\/blog\/wp-content\/uploads\/2025\/06\/tintes-fantasticos.png","author_info":{"display_name":"arenal","author_link":"https:\/\/www.arenal.com\/blog\/author\/arenal"},"yoast_head":"<!-- This site is optimized with the Yoast SEO plugin v27.4 - https:\/\/yoast.com\/product\/yoast-seo-wordpress\/ -->\n<title>Tintes fantas\u00eda. Trucos para que dure m\u00e1s<\/title>\n<meta name=\"description\" content=\"Haz que tu tinte fantas\u00eda se vea vibrante por m\u00e1s tiempo con estos consejos clave para cuidarlo antes, durante y despu\u00e9s de aplicarlo.\" \/>\n<meta name=\"robots\" content=\"index, follow, max-snippet:-1, max-image-preview:large, max-video-preview:-1\" \/>\n<link rel=\"canonical\" href=\"https:\/\/www.arenal.com\/blog\/tintes-fantasia\" \/>\n<meta property=\"og:locale\" content=\"es_ES\" \/>\n<meta property=\"og:type\" content=\"article\" \/>\n<meta property=\"og:title\" content=\"Tintes fantas\u00eda. Trucos para que dure m\u00e1s\" \/>\n<meta property=\"og:description\" content=\"Haz que tu tinte fantas\u00eda se vea vibrante por m\u00e1s tiempo con estos consejos clave para cuidarlo antes, durante y despu\u00e9s de aplicarlo.\" \/>\n<meta property=\"og:url\" content=\"https:\/\/www.arenal.com\/blog\/tintes-fantasia\" \/>\n<meta property=\"og:site_name\" content=\"Blog de Arenal\" \/>\n<meta property=\"article:published_time\" content=\"2025-06-16T06:00:00+00:00\" \/>\n<meta property=\"article:modified_time\" content=\"2025-06-30T07:20:51+00:00\" \/>\n<meta property=\"og:image\" content=\"https:\/\/www.arenal.com\/blog\/wp-content\/uploads\/2025\/06\/tintes-fantasticos.png\" \/>\n\t<meta property=\"og:image:width\" content=\"1140\" \/>\n\t<meta property=\"og:image:height\" content=\"322\" \/>\n\t<meta property=\"og:image:type\" content=\"image\/png\" \/>\n<meta name=\"author\" content=\"arenal\" \/>\n<meta name=\"twitter:card\" content=\"summary_large_image\" \/>\n<meta name=\"twitter:label1\" content=\"Escrito por\" \/>\n\t<meta name=\"twitter:data1\" content=\"arenal\" \/>\n\t<meta name=\"twitter:label2\" content=\"Tiempo de lectura\" \/>\n\t<meta name=\"twitter:data2\" content=\"6 minutos\" \/>\n<script type=\"application\/ld+json\" class=\"yoast-schema-graph\">{\"@context\":\"https:\\\/\\\/schema.org\",\"@graph\":[{\"@type\":\"Article\",\"@id\":\"https:\\\/\\\/www.arenal.com\\\/blog\\\/tintes-fantasia#article\",\"isPartOf\":{\"@id\":\"https:\\\/\\\/www.arenal.com\\\/blog\\\/tintes-fantasia\"},\"author\":{\"name\":\"arenal\",\"@id\":\"https:\\\/\\\/www.arenal.com\\\/blog\\\/#\\\/schema\\\/person\\\/75c321b161941947bdc15ffde9d6241f\"},\"headline\":\"Tintes fantas\u00eda. Trucos para que dure m\u00e1s\u00a0\",\"datePublished\":\"2025-06-16T06:00:00+00:00\",\"dateModified\":\"2025-06-30T07:20:51+00:00\",\"mainEntityOfPage\":{\"@id\":\"https:\\\/\\\/www.arenal.com\\\/blog\\\/tintes-fantasia\"},\"wordCount\":1368,\"commentCount\":0,\"image\":{\"@id\":\"https:\\\/\\\/www.arenal.com\\\/blog\\\/tintes-fantasia#primaryimage\"},\"thumbnailUrl\":\"https:\\\/\\\/www.arenal.com\\\/blog\\\/wp-content\\\/uploads\\\/2025\\\/06\\\/tintes-fantasticos.png\",\"articleSection\":[\"Cuidado del cabello\"],\"inLanguage\":\"es\",\"potentialAction\":[{\"@type\":\"CommentAction\",\"name\":\"Comment\",\"target\":[\"https:\\\/\\\/www.arenal.com\\\/blog\\\/tintes-fantasia#respond\"]}]},{\"@type\":\"WebPage\",\"@id\":\"https:\\\/\\\/www.arenal.com\\\/blog\\\/tintes-fantasia\",\"url\":\"https:\\\/\\\/www.arenal.com\\\/blog\\\/tintes-fantasia\",\"name\":\"Tintes fantas\u00eda. Trucos para que dure m\u00e1s\",\"isPartOf\":{\"@id\":\"https:\\\/\\\/www.arenal.com\\\/blog\\\/#website\"},\"primaryImageOfPage\":{\"@id\":\"https:\\\/\\\/www.arenal.com\\\/blog\\\/tintes-fantasia#primaryimage\"},\"image\":{\"@id\":\"https:\\\/\\\/www.arenal.com\\\/blog\\\/tintes-fantasia#primaryimage\"},\"thumbnailUrl\":\"https:\\\/\\\/www.arenal.com\\\/blog\\\/wp-content\\\/uploads\\\/2025\\\/06\\\/tintes-fantasticos.png\",\"datePublished\":\"2025-06-16T06:00:00+00:00\",\"dateModified\":\"2025-06-30T07:20:51+00:00\",\"author\":{\"@id\":\"https:\\\/\\\/www.arenal.com\\\/blog\\\/#\\\/schema\\\/person\\\/75c321b161941947bdc15ffde9d6241f\"},\"description\":\"Haz que tu tinte fantas\u00eda se vea vibrante por m\u00e1s tiempo con estos consejos clave para cuidarlo antes, durante y despu\u00e9s de aplicarlo.\",\"breadcrumb\":{\"@id\":\"https:\\\/\\\/www.arenal.com\\\/blog\\\/tintes-fantasia#breadcrumb\"},\"inLanguage\":\"es\",\"potentialAction\":[{\"@type\":\"ReadAction\",\"target\":[\"https:\\\/\\\/www.arenal.com\\\/blog\\\/tintes-fantasia\"]}]},{\"@type\":\"ImageObject\",\"inLanguage\":\"es\",\"@id\":\"https:\\\/\\\/www.arenal.com\\\/blog\\\/tintes-fantasia#primaryimage\",\"url\":\"https:\\\/\\\/www.arenal.com\\\/blog\\\/wp-content\\\/uploads\\\/2025\\\/06\\\/tintes-fantasticos.png\",\"contentUrl\":\"https:\\\/\\\/www.arenal.com\\\/blog\\\/wp-content\\\/uploads\\\/2025\\\/06\\\/tintes-fantasticos.png\",\"width\":1140,\"height\":322,\"caption\":\"Tintes fantas\u00eda. Trucos para que dure m\u00e1s\"},{\"@type\":\"BreadcrumbList\",\"@id\":\"https:\\\/\\\/www.arenal.com\\\/blog\\\/tintes-fantasia#breadcrumb\",\"itemListElement\":[{\"@type\":\"ListItem\",\"position\":1,\"name\":\"Cuidado del cabello\",\"item\":\"https:\\\/\\\/www.arenal.com\\\/blog\\\/cuidado-del-cabello\"},{\"@type\":\"ListItem\",\"position\":2,\"name\":\"Tintes fantas\u00eda. Trucos para que dure m\u00e1s\u00a0\"}]},{\"@type\":\"WebSite\",\"@id\":\"https:\\\/\\\/www.arenal.com\\\/blog\\\/#website\",\"url\":\"https:\\\/\\\/www.arenal.com\\\/blog\\\/\",\"name\":\"Blog de Arenal\",\"description\":\"\",\"potentialAction\":[{\"@type\":\"SearchAction\",\"target\":{\"@type\":\"EntryPoint\",\"urlTemplate\":\"https:\\\/\\\/www.arenal.com\\\/blog\\\/?s={search_term_string}\"},\"query-input\":{\"@type\":\"PropertyValueSpecification\",\"valueRequired\":true,\"valueName\":\"search_term_string\"}}],\"inLanguage\":\"es\"},{\"@type\":\"Person\",\"@id\":\"https:\\\/\\\/www.arenal.com\\\/blog\\\/#\\\/schema\\\/person\\\/75c321b161941947bdc15ffde9d6241f\",\"name\":\"arenal\",\"image\":{\"@type\":\"ImageObject\",\"inLanguage\":\"es\",\"@id\":\"https:\\\/\\\/secure.gravatar.com\\\/avatar\\\/e930b117f1433c3126018d5f63c8b2d59f2a86bdb0425d8e5c9b3c027c902408?s=96&d=mm&r=g\",\"url\":\"https:\\\/\\\/secure.gravatar.com\\\/avatar\\\/e930b117f1433c3126018d5f63c8b2d59f2a86bdb0425d8e5c9b3c027c902408?s=96&d=mm&r=g\",\"contentUrl\":\"https:\\\/\\\/secure.gravatar.com\\\/avatar\\\/e930b117f1433c3126018d5f63c8b2d59f2a86bdb0425d8e5c9b3c027c902408?s=96&d=mm&r=g\",\"caption\":\"arenal\"},\"url\":\"https:\\\/\\\/www.arenal.com\\\/blog\\\/author\\\/arenal\"}]}<\/script>\n<!-- \/ Yoast SEO plugin. -->","yoast_head_json":{"title":"Tintes fantas\u00eda. Trucos para que dure m\u00e1s","description":"Haz que tu tinte fantas\u00eda se vea vibrante por m\u00e1s tiempo con estos consejos clave para cuidarlo antes, durante y despu\u00e9s de aplicarlo.","robots":{"index":"index","follow":"follow","max-snippet":"max-snippet:-1","max-image-preview":"max-image-preview:large","max-video-preview":"max-video-preview:-1"},"canonical":"https:\/\/www.arenal.com\/blog\/tintes-fantasia","og_locale":"es_ES","og_type":"article","og_title":"Tintes fantas\u00eda. Trucos para que dure m\u00e1s","og_description":"Haz que tu tinte fantas\u00eda se vea vibrante por m\u00e1s tiempo con estos consejos clave para cuidarlo antes, durante y despu\u00e9s de aplicarlo.","og_url":"https:\/\/www.arenal.com\/blog\/tintes-fantasia","og_site_name":"Blog de Arenal","article_published_time":"2025-06-16T06:00:00+00:00","article_modified_time":"2025-06-30T07:20:51+00:00","og_image":[{"width":1140,"height":322,"url":"https:\/\/www.arenal.com\/blog\/wp-content\/uploads\/2025\/06\/tintes-fantasticos.png","type":"image\/png"}],"author":"arenal","twitter_card":"summary_large_image","twitter_misc":{"Escrito por":"arenal","Tiempo de lectura":"6 minutos"},"schema":{"@context":"https:\/\/schema.org","@graph":[{"@type":"Article","@id":"https:\/\/www.arenal.com\/blog\/tintes-fantasia#article","isPartOf":{"@id":"https:\/\/www.arenal.com\/blog\/tintes-fantasia"},"author":{"name":"arenal","@id":"https:\/\/www.arenal.com\/blog\/#\/schema\/person\/75c321b161941947bdc15ffde9d6241f"},"headline":"Tintes fantas\u00eda. Trucos para que dure m\u00e1s\u00a0","datePublished":"2025-06-16T06:00:00+00:00","dateModified":"2025-06-30T07:20:51+00:00","mainEntityOfPage":{"@id":"https:\/\/www.arenal.com\/blog\/tintes-fantasia"},"wordCount":1368,"commentCount":0,"image":{"@id":"https:\/\/www.arenal.com\/blog\/tintes-fantasia#primaryimage"},"thumbnailUrl":"https:\/\/www.arenal.com\/blog\/wp-content\/uploads\/2025\/06\/tintes-fantasticos.png","articleSection":["Cuidado del cabello"],"inLanguage":"es","potentialAction":[{"@type":"CommentAction","name":"Comment","target":["https:\/\/www.arenal.com\/blog\/tintes-fantasia#respond"]}]},{"@type":"WebPage","@id":"https:\/\/www.arenal.com\/blog\/tintes-fantasia","url":"https:\/\/www.arenal.com\/blog\/tintes-fantasia","name":"Tintes fantas\u00eda. Trucos para que dure m\u00e1s","isPartOf":{"@id":"https:\/\/www.arenal.com\/blog\/#website"},"primaryImageOfPage":{"@id":"https:\/\/www.arenal.com\/blog\/tintes-fantasia#primaryimage"},"image":{"@id":"https:\/\/www.arenal.com\/blog\/tintes-fantasia#primaryimage"},"thumbnailUrl":"https:\/\/www.arenal.com\/blog\/wp-content\/uploads\/2025\/06\/tintes-fantasticos.png","datePublished":"2025-06-16T06:00:00+00:00","dateModified":"2025-06-30T07:20:51+00:00","author":{"@id":"https:\/\/www.arenal.com\/blog\/#\/schema\/person\/75c321b161941947bdc15ffde9d6241f"},"description":"Haz que tu tinte fantas\u00eda se vea vibrante por m\u00e1s tiempo con estos consejos clave para cuidarlo antes, durante y despu\u00e9s de aplicarlo.","breadcrumb":{"@id":"https:\/\/www.arenal.com\/blog\/tintes-fantasia#breadcrumb"},"inLanguage":"es","potentialAction":[{"@type":"ReadAction","target":["https:\/\/www.arenal.com\/blog\/tintes-fantasia"]}]},{"@type":"ImageObject","inLanguage":"es","@id":"https:\/\/www.arenal.com\/blog\/tintes-fantasia#primaryimage","url":"https:\/\/www.arenal.com\/blog\/wp-content\/uploads\/2025\/06\/tintes-fantasticos.png","contentUrl":"https:\/\/www.arenal.com\/blog\/wp-content\/uploads\/2025\/06\/tintes-fantasticos.png","width":1140,"height":322,"caption":"Tintes fantas\u00eda. Trucos para que dure m\u00e1s"},{"@type":"BreadcrumbList","@id":"https:\/\/www.arenal.com\/blog\/tintes-fantasia#breadcrumb","itemListElement":[{"@type":"ListItem","position":1,"name":"Cuidado del cabello","item":"https:\/\/www.arenal.com\/blog\/cuidado-del-cabello"},{"@type":"ListItem","position":2,"name":"Tintes fantas\u00eda. Trucos para que dure m\u00e1s\u00a0"}]},{"@type":"WebSite","@id":"https:\/\/www.arenal.com\/blog\/#website","url":"https:\/\/www.arenal.com\/blog\/","name":"Blog de Arenal","description":"","potentialAction":[{"@type":"SearchAction","target":{"@type":"EntryPoint","urlTemplate":"https:\/\/www.arenal.com\/blog\/?s={search_term_string}"},"query-input":{"@type":"PropertyValueSpecification","valueRequired":true,"valueName":"search_term_string"}}],"inLanguage":"es"},{"@type":"Person","@id":"https:\/\/www.arenal.com\/blog\/#\/schema\/person\/75c321b161941947bdc15ffde9d6241f","name":"arenal","image":{"@type":"ImageObject","inLanguage":"es","@id":"https:\/\/secure.gravatar.com\/avatar\/e930b117f1433c3126018d5f63c8b2d59f2a86bdb0425d8e5c9b3c027c902408?s=96&d=mm&r=g","url":"https:\/\/secure.gravatar.com\/avatar\/e930b117f1433c3126018d5f63c8b2d59f2a86bdb0425d8e5c9b3c027c902408?s=96&d=mm&r=g","contentUrl":"https:\/\/secure.gravatar.com\/avatar\/e930b117f1433c3126018d5f63c8b2d59f2a86bdb0425d8e5c9b3c027c902408?s=96&d=mm&r=g","caption":"arenal"},"url":"https:\/\/www.arenal.com\/blog\/author\/arenal"}]}},"_links":{"self":[{"href":"https:\/\/www.arenal.com\/blog\/wp-json\/wp\/v2\/posts\/7518","targetHints":{"allow":["GET"]}}],"collection":[{"href":"https:\/\/www.arenal.com\/blog\/wp-json\/wp\/v2\/posts"}],"about":[{"href":"https:\/\/www.arenal.com\/blog\/wp-json\/wp\/v2\/types\/post"}],"author":[{"embeddable":true,"href":"https:\/\/www.arenal.com\/blog\/wp-json\/wp\/v2\/users\/2"}],"replies":[{"embeddable":true,"href":"https:\/\/www.arenal.com\/blog\/wp-json\/wp\/v2\/comments?post=7518"}],"version-history":[{"count":2,"href":"https:\/\/www.arenal.com\/blog\/wp-json\/wp\/v2\/posts\/7518\/revisions"}],"predecessor-version":[{"id":7523,"href":"https:\/\/www.arenal.com\/blog\/wp-json\/wp\/v2\/posts\/7518\/revisions\/7523"}],"wp:featuredmedia":[{"embeddable":true,"href":"https:\/\/www.arenal.com\/blog\/wp-json\/wp\/v2\/media\/7522"}],"wp:attachment":[{"href":"https:\/\/www.arenal.com\/blog\/wp-json\/wp\/v2\/media?parent=7518"}],"wp:term":[{"taxonomy":"category","embeddable":true,"href":"https:\/\/www.arenal.com\/blog\/wp-json\/wp\/v2\/categories?post=7518"},{"taxonomy":"post_tag","embeddable":true,"href":"https:\/\/www.arenal.com\/blog\/wp-json\/wp\/v2\/tags?post=7518"}],"curies":[{"name":"wp","href":"https:\/\/api.w.org\/{rel}","templated":true}]}}