{"id":7388,"date":"2025-05-23T19:00:00","date_gmt":"2025-05-23T18:00:00","guid":{"rendered":"https:\/\/www.arenal.com\/blog\/?p=7388"},"modified":"2025-06-02T07:20:42","modified_gmt":"2025-06-02T06:20:42","slug":"perfumes-viaje-cuantos-puedo-llevar-maleta","status":"publish","type":"post","link":"https:\/\/www.arenal.com\/blog\/perfumes-viaje-cuantos-puedo-llevar-maleta","title":{"rendered":"Cu\u00e1ntos perfumes puedo llevar en la maleta de mano: Normativa y consejos\u00a0"},"content":{"rendered":"\n<p>Nuestro perfume es una parte m\u00e1s de nuestro estilo personal. Una se\u00f1a de identidad que nos define y nos caracteriza. Por eso, cuando nos vamos de viaje, es habitual hacerse preguntas como \u201c\u00bf<strong>cu\u00e1ntos perfumes puedo llevar en la maleta de mano<\/strong>?\u201d o \u201c\u00bf<strong>con cu\u00e1ntos perfumes puedo viajar<\/strong>?\u201d. Teniendo en cuenta las normativas sobre equipaje de mano, es lo m\u00e1s normal no aclararse y tener dudas.&nbsp;&nbsp;<\/p>\n\n\n\n<p>Para que no te veas en la tesitura de que tener que abandonar tu perfume preferido en casa o peor, en el control de seguridad, vamos a darte todas las claves y responder a todas tus preguntas m\u00e1s acuciantes.&nbsp;<\/p>\n\n\n\n<div id=\"ez-toc-container\" class=\"ez-toc-v2_0_82_2 counter-hierarchy ez-toc-counter ez-toc-custom ez-toc-container-direction\">\n<div class=\"ez-toc-title-container\">\n<p class=\"ez-toc-title\" style=\"cursor:inherit\">Indice de contenidos<\/p>\n<span class=\"ez-toc-title-toggle\"><a href=\"#\" class=\"ez-toc-pull-right ez-toc-btn ez-toc-btn-xs ez-toc-btn-default ez-toc-toggle\" aria-label=\"Alternar tabla de contenidos\"><span class=\"ez-toc-js-icon-con\"><span class=\"\"><span class=\"eztoc-hide\" style=\"display:none;\">Toggle<\/span><span class=\"ez-toc-icon-toggle-span\"><svg style=\"fill: #000000;color:#000000\" xmlns=\"http:\/\/www.w3.org\/2000\/svg\" class=\"list-377408\" width=\"20px\" height=\"20px\" viewBox=\"0 0 24 24\" fill=\"none\"><path d=\"M6 6H4v2h2V6zm14 0H8v2h12V6zM4 11h2v2H4v-2zm16 0H8v2h12v-2zM4 16h2v2H4v-2zm16 0H8v2h12v-2z\" fill=\"currentColor\"><\/path><\/svg><svg style=\"fill: #000000;color:#000000\" class=\"arrow-unsorted-368013\" xmlns=\"http:\/\/www.w3.org\/2000\/svg\" width=\"10px\" height=\"10px\" viewBox=\"0 0 24 24\" version=\"1.2\" baseProfile=\"tiny\"><path d=\"M18.2 9.3l-6.2-6.3-6.2 6.3c-.2.2-.3.4-.3.7s.1.5.3.7c.2.2.4.3.7.3h11c.3 0 .5-.1.7-.3.2-.2.3-.5.3-.7s-.1-.5-.3-.7zM5.8 14.7l6.2 6.3 6.2-6.3c.2-.2.3-.5.3-.7s-.1-.5-.3-.7c-.2-.2-.4-.3-.7-.3h-11c-.3 0-.5.1-.7.3-.2.2-.3.5-.3.7s.1.5.3.7z\"\/><\/svg><\/span><\/span><\/span><\/a><\/span><\/div>\n<nav><ul class='ez-toc-list ez-toc-list-level-1 ' ><li class='ez-toc-page-1 ez-toc-heading-level-2'><a class=\"ez-toc-link ez-toc-heading-1\" href=\"https:\/\/www.arenal.com\/blog\/perfumes-viaje-cuantos-puedo-llevar-maleta\/#%C2%BFSe_pueden_llevar_perfumes_en_el_avion\" >\u00bfSe pueden llevar perfumes en el avi\u00f3n?&nbsp;<\/a><\/li><li class='ez-toc-page-1 ez-toc-heading-level-2'><a class=\"ez-toc-link ez-toc-heading-2\" href=\"https:\/\/www.arenal.com\/blog\/perfumes-viaje-cuantos-puedo-llevar-maleta\/#%C2%BFDonde_llevar_los_perfumes_en_el_avion\" >\u00bfD\u00f3nde llevar los perfumes en el avi\u00f3n?&nbsp;&nbsp;<\/a><\/li><li class='ez-toc-page-1 ez-toc-heading-level-2'><a class=\"ez-toc-link ez-toc-heading-3\" href=\"https:\/\/www.arenal.com\/blog\/perfumes-viaje-cuantos-puedo-llevar-maleta\/#%C2%BFCuantos_perfumes_puedo_llevar_en_la_maleta_de_mano\" >\u00bfCu\u00e1ntos perfumes puedo llevar en la maleta de mano?&nbsp;<\/a><\/li><li class='ez-toc-page-1 ez-toc-heading-level-2'><a class=\"ez-toc-link ez-toc-heading-4\" href=\"https:\/\/www.arenal.com\/blog\/perfumes-viaje-cuantos-puedo-llevar-maleta\/#Como_llevar_perfumes_en_la_maleta_de_mano\" >C\u00f3mo llevar perfumes en la maleta de mano&nbsp;<\/a><\/li><li class='ez-toc-page-1 ez-toc-heading-level-2'><a class=\"ez-toc-link ez-toc-heading-5\" href=\"https:\/\/www.arenal.com\/blog\/perfumes-viaje-cuantos-puedo-llevar-maleta\/#Perfumes_tamano_viaje_y_perfumes_solidos\" >Perfumes tama\u00f1o viaje y perfumes s\u00f3lidos&nbsp;<\/a><\/li><\/ul><\/nav><\/div>\n<h2 class=\"wp-block-heading\"><span class=\"ez-toc-section\" id=\"%C2%BFSe_pueden_llevar_perfumes_en_el_avion\"><\/span>\u00bfSe pueden llevar <a href=\"https:\/\/www.arenal.com\/perfumeria\/c\/1_0000000001\" target=\"_blank\" rel=\"noreferrer noopener\">perfumes<\/a> en el avi\u00f3n?&nbsp;<span class=\"ez-toc-section-end\"><\/span><\/h2>\n\n\n\n<p>La pregunta m\u00e1s general, cuya respuesta puede parecer obvia pero no lo es tanto: S\u00ed, <strong>puedes llevar perfumes en el avi\u00f3n<\/strong>. Pero hay una normativa estricta que concierne al formato y, sobre todo, al tama\u00f1o, a la que tienes que prestar mucha atenci\u00f3n para no cometer errores y encontrarte con que los encargados de seguridad se quedan con tu preciado perfume.&nbsp;&nbsp;<\/p>\n\n\n\n<figure class=\"wp-block-image size-large\"><img loading=\"lazy\" decoding=\"async\" width=\"1024\" height=\"683\" src=\"https:\/\/www.arenal.com\/blog\/wp-content\/uploads\/2025\/05\/tamano-perfumes-viaje-1024x683.png\" alt=\"\" class=\"wp-image-7444\" srcset=\"https:\/\/www.arenal.com\/blog\/wp-content\/uploads\/2025\/05\/tamano-perfumes-viaje-1024x683.png 1024w, https:\/\/www.arenal.com\/blog\/wp-content\/uploads\/2025\/05\/tamano-perfumes-viaje-300x200.png 300w, https:\/\/www.arenal.com\/blog\/wp-content\/uploads\/2025\/05\/tamano-perfumes-viaje-768x512.png 768w, https:\/\/www.arenal.com\/blog\/wp-content\/uploads\/2025\/05\/tamano-perfumes-viaje.png 1140w\" sizes=\"auto, (max-width: 1024px) 100vw, 1024px\" \/><\/figure>\n\n\n\n<h2 class=\"wp-block-heading\"><span class=\"ez-toc-section\" id=\"%C2%BFDonde_llevar_los_perfumes_en_el_avion\"><\/span>\u00bfD\u00f3nde llevar los perfumes en el avi\u00f3n?&nbsp;&nbsp;<span class=\"ez-toc-section-end\"><\/span><\/h2>\n\n\n\n<p>A la hora de viajar en avi\u00f3n, tienes dos opciones para llevar cualquier clase de l\u00edquido o crema: O en la maleta de mano o en la maleta facturada.&nbsp;&nbsp;<\/p>\n\n\n\n<p>La maleta facturada es la opci\u00f3n m\u00e1s segura <strong>donde llevar cremas y perfumes en el avi\u00f3n<\/strong>: no hay restricci\u00f3n de tama\u00f1o ni de cantidad, as\u00ed que puedes llevar tantos productos de cosm\u00e9tica, maquillaje y perfumer\u00eda como quieras y quepan.&nbsp;<\/p>\n\n\n\n<p>Eso s\u00ed, la maleta facturada tiene varios inconvenientes. Para empezar, puede que sea totalmente innecesaria. Si vas a hacer un viaje breve, lo m\u00e1s normal es prescindir de facturar, ya que es un proceso que ralentiza el viaje y es m\u00e1s dif\u00edcil moverse con ella. Adem\u00e1s, siempre existe el riesgo de que se pierda.&nbsp;&nbsp;<\/p>\n\n\n\n<p>La otra opci\u00f3n es, por supuesto, el equipaje de mano. Pero \u00bf<strong>cu\u00e1ntos perfumes se pueden llevar en la maleta de mano<\/strong>?&nbsp;&nbsp;<\/p>\n\n\n\n<h2 class=\"wp-block-heading\"><span class=\"ez-toc-section\" id=\"%C2%BFCuantos_perfumes_puedo_llevar_en_la_maleta_de_mano\"><\/span>\u00bfCu\u00e1ntos perfumes puedo llevar en la maleta de mano?&nbsp;<span class=\"ez-toc-section-end\"><\/span><\/h2>\n\n\n\n<p>Lo primero que debes tener en cuenta es que cada recipiente que contenga l\u00edquidos o cremas debe tener como <strong>m\u00e1ximo 100 ml de capacidad<\/strong>.&nbsp;&nbsp;<\/p>\n\n\n\n<p>Lo segundo, es que est\u00e1 <strong>permitido llevar m\u00e1s de un art\u00edculo<\/strong> en distintos botes de no m\u00e1s de 100 ml de capacidad.&nbsp;&nbsp;<\/p>\n\n\n\n<p>Dependiendo del aeropuerto, existe un <strong>m\u00e1ximo de 1 litro de capacidad total<\/strong>, entre todos los recipientes individuales que lleves. Si eres una aut\u00e9ntica fan\u00e1tica de los perfumes y quieres llevar contigo una amplia variedad de ellos hasta el punto de que te est\u00e1s planteando \u201c\u00bf<strong>con cu\u00e1ntos perfumes puedo viajar<\/strong>?\u201d, el m\u00e1ximo en el caso de estos aeropuertos y l\u00edneas con un l\u00edmite de un litro, ser\u00eda 10 perfumes en recipientes de 100ml.&nbsp;&nbsp;<\/p>\n\n\n\n<p>No que decir tiene que, si los perfumes van contenidos en recipientes de menor capacidad, entonces podr\u00edas <strong>transportar m\u00e1s perfumes<\/strong>. Todo esto asumiendo que sean los \u00fanicos l\u00edquidos que quieras llevar contigo en tu equipaje de mano.&nbsp;<\/p>\n\n\n\n<p>Por suerte, la mayor\u00eda de los <a href=\"https:\/\/www.arenal.com\/perfumeria\/perfumes-de-mujer\/c\/1_0000000490\" target=\"_blank\" rel=\"noreferrer noopener\">perfumes de mujer<\/a> y <a href=\"https:\/\/www.arenal.com\/perfumeria\/perfumes-de-hombre\/c\/1_0000000494\" target=\"_blank\" rel=\"noreferrer noopener\">perfumes de hombre<\/a> que puedes encontrar en perfumer\u00edas como Arenal, vienen en <strong>frascos de entre 30 ml y 100 ml<\/strong>, lo que significa que no deber\u00edas tener ning\u00fan problema para llevar contigo por lo menos un frasco de tu perfume favorito. Sin embargo, no te preocupes porque tambi\u00e9n hay otras opciones.&nbsp;&nbsp;<\/p>\n\n\n\n<figure class=\"wp-block-image size-large\"><img loading=\"lazy\" decoding=\"async\" width=\"1024\" height=\"681\" src=\"https:\/\/www.arenal.com\/blog\/wp-content\/uploads\/2025\/05\/numero-perfumes-maleta-1024x681.jpg\" alt=\"\" class=\"wp-image-7442\" srcset=\"https:\/\/www.arenal.com\/blog\/wp-content\/uploads\/2025\/05\/numero-perfumes-maleta-1024x681.jpg 1024w, https:\/\/www.arenal.com\/blog\/wp-content\/uploads\/2025\/05\/numero-perfumes-maleta-300x199.jpg 300w, https:\/\/www.arenal.com\/blog\/wp-content\/uploads\/2025\/05\/numero-perfumes-maleta-768x511.jpg 768w, https:\/\/www.arenal.com\/blog\/wp-content\/uploads\/2025\/05\/numero-perfumes-maleta.jpg 1140w\" sizes=\"auto, (max-width: 1024px) 100vw, 1024px\" \/><\/figure>\n\n\n\n<h2 class=\"wp-block-heading\"><span class=\"ez-toc-section\" id=\"Como_llevar_perfumes_en_la_maleta_de_mano\"><\/span>C\u00f3mo llevar perfumes en la maleta de mano&nbsp;<span class=\"ez-toc-section-end\"><\/span><\/h2>\n\n\n\n<p>Si quieres llevar tu perfume de mujer lujo en tu maleta o bolso de mano tendr\u00e1s que utilizar una <strong>bolsa transparente con cierre \u2018zip\u2019<\/strong>. Es importante que la bolsa sea de la <strong>medida est\u00e1ndar (20 cm x 20 cm)<\/strong> y que se pueda ver el contenido (no sirven las bolsas opacas o traslucidas. Si llevas otros productos en formato crema, gel o l\u00edquido, tambi\u00e9n deber\u00e1n ir dentro de estas bolsas. Si no tienes ninguna, en los aeropuertos suele haber estas bolsas disponibles antes pasar por el control de seguridad. Pero si lo vas a necesitar, te recomendamos que dejes todos estos productos bien a mano para no tener que perder tiempo rebuscando en la maleta.&nbsp;&nbsp;<\/p>\n\n\n\n<h2 class=\"wp-block-heading\"><span class=\"ez-toc-section\" id=\"Perfumes_tamano_viaje_y_perfumes_solidos\"><\/span>Perfumes tama\u00f1o viaje y perfumes s\u00f3lidos&nbsp;<span class=\"ez-toc-section-end\"><\/span><\/h2>\n\n\n\n<p>Otra opci\u00f3n si de verdad te preocupa d\u00f3nde llevar los perfumes en el avi\u00f3n y cu\u00e1ntos perfumes puedes llevar en la maleta de mano, es elegir perfumes tama\u00f1o viaje o perfumes s\u00f3lidos.&nbsp;&nbsp;<\/p>\n\n\n\n<p>Los perfumes tama\u00f1o viaje son tus perfumes favoritos pero en frascos de tama\u00f1o reducido. Como hemos comentado, como puedes llevar hasta 100ml en un mismo frasco, esto no suele ser necesario, pero si no quieres que ocupe tanto espacio o arriesgarte a que se rompa tu frasco de perfume principal, entonces los perfumes tama\u00f1o viaje pueden ser una opci\u00f3n id\u00f3nea.&nbsp;&nbsp;<\/p>\n\n\n\n<p>Por otro lado, muchas marcas de perfumes han empezado a dise\u00f1ar perfumes en formato solido que puedes conseguir en forma de barra o vaselina. Estos formatos son muy pr\u00e1cticos para viajar y tambi\u00e9n para llevar contigo y poder retocar tu aroma en cualquier momento del d\u00eda.&nbsp;&nbsp;<\/p>\n\n\n\n<p>Ahora ya sabes cu\u00e1ntos perfumes se pueden llevar en la maleta de mano y c\u00f3mo debes transportarlos para que no haya ning\u00fan problema en el control de seguridad. Disfruta de llevar contigo tu aroma personal all\u00e1 donde vayas y no te olvides de que en Arenal perfumer\u00edas tenemos todas tus fragancias favoritas.&nbsp;<\/p>\n","protected":false},"excerpt":{"rendered":"<p>\u00bfTienes dudas sobre cu\u00e1ntos perfumes puedes llevar en la maleta de mano? Te explicamos las normas y consejos clave.<\/p>\n","protected":false},"author":2,"featured_media":7443,"comment_status":"open","ping_status":"open","sticky":false,"template":"","format":"standard","meta":{"footnotes":""},"categories":[655,236],"tags":[654],"class_list":["post-7388","post","type-post","status-publish","format-standard","has-post-thumbnail","hentry","category-dudas","category-perfumes","tag-perfumeria"],"featured_image_src":"https:\/\/www.arenal.com\/blog\/wp-content\/uploads\/2025\/05\/perfumes-maleta-de-mano.jpg","author_info":{"display_name":"arenal","author_link":"https:\/\/www.arenal.com\/blog\/author\/arenal"},"yoast_head":"<!-- This site is optimized with the Yoast SEO plugin v27.4 - https:\/\/yoast.com\/product\/yoast-seo-wordpress\/ -->\n<title>Cu\u00e1ntos perfumes puedo llevar en la maleta de mano: Normativa y consejos<\/title>\n<meta name=\"description\" content=\"\u00bfTienes dudas sobre cu\u00e1ntos perfumes puedes llevar en la maleta de mano? Te explicamos las normas y consejos clave.\" \/>\n<meta name=\"robots\" content=\"index, follow, max-snippet:-1, max-image-preview:large, max-video-preview:-1\" \/>\n<link rel=\"canonical\" href=\"https:\/\/www.arenal.com\/blog\/perfumes-viaje-cuantos-puedo-llevar-maleta\" \/>\n<meta property=\"og:locale\" content=\"es_ES\" \/>\n<meta property=\"og:type\" content=\"article\" \/>\n<meta property=\"og:title\" content=\"Cu\u00e1ntos perfumes puedo llevar en la maleta de mano: Normativa y consejos\" \/>\n<meta property=\"og:description\" content=\"\u00bfTienes dudas sobre cu\u00e1ntos perfumes puedes llevar en la maleta de mano? Te explicamos las normas y consejos clave.\" \/>\n<meta property=\"og:url\" content=\"https:\/\/www.arenal.com\/blog\/perfumes-viaje-cuantos-puedo-llevar-maleta\" \/>\n<meta property=\"og:site_name\" content=\"Blog de Arenal\" \/>\n<meta property=\"article:published_time\" content=\"2025-05-23T18:00:00+00:00\" \/>\n<meta property=\"article:modified_time\" content=\"2025-06-02T06:20:42+00:00\" \/>\n<meta property=\"og:image\" content=\"https:\/\/www.arenal.com\/blog\/wp-content\/uploads\/2025\/05\/perfumes-maleta-de-mano.jpg\" \/>\n\t<meta property=\"og:image:width\" content=\"1140\" \/>\n\t<meta property=\"og:image:height\" content=\"322\" \/>\n\t<meta property=\"og:image:type\" content=\"image\/jpeg\" \/>\n<meta name=\"author\" content=\"arenal\" \/>\n<meta name=\"twitter:card\" content=\"summary_large_image\" \/>\n<meta name=\"twitter:label1\" content=\"Escrito por\" \/>\n\t<meta name=\"twitter:data1\" content=\"arenal\" \/>\n\t<meta name=\"twitter:label2\" content=\"Tiempo de lectura\" \/>\n\t<meta name=\"twitter:data2\" content=\"5 minutos\" \/>\n<script type=\"application\/ld+json\" class=\"yoast-schema-graph\">{\"@context\":\"https:\\\/\\\/schema.org\",\"@graph\":[{\"@type\":\"Article\",\"@id\":\"https:\\\/\\\/www.arenal.com\\\/blog\\\/perfumes-viaje-cuantos-puedo-llevar-maleta#article\",\"isPartOf\":{\"@id\":\"https:\\\/\\\/www.arenal.com\\\/blog\\\/perfumes-viaje-cuantos-puedo-llevar-maleta\"},\"author\":{\"name\":\"arenal\",\"@id\":\"https:\\\/\\\/www.arenal.com\\\/blog\\\/#\\\/schema\\\/person\\\/75c321b161941947bdc15ffde9d6241f\"},\"headline\":\"Cu\u00e1ntos perfumes puedo llevar en la maleta de mano: Normativa y consejos\u00a0\",\"datePublished\":\"2025-05-23T18:00:00+00:00\",\"dateModified\":\"2025-06-02T06:20:42+00:00\",\"mainEntityOfPage\":{\"@id\":\"https:\\\/\\\/www.arenal.com\\\/blog\\\/perfumes-viaje-cuantos-puedo-llevar-maleta\"},\"wordCount\":985,\"commentCount\":0,\"image\":{\"@id\":\"https:\\\/\\\/www.arenal.com\\\/blog\\\/perfumes-viaje-cuantos-puedo-llevar-maleta#primaryimage\"},\"thumbnailUrl\":\"https:\\\/\\\/www.arenal.com\\\/blog\\\/wp-content\\\/uploads\\\/2025\\\/05\\\/perfumes-maleta-de-mano.jpg\",\"keywords\":[\"Perfumer\u00eda\"],\"articleSection\":[\"Dudas\",\"Perfumes\"],\"inLanguage\":\"es\",\"potentialAction\":[{\"@type\":\"CommentAction\",\"name\":\"Comment\",\"target\":[\"https:\\\/\\\/www.arenal.com\\\/blog\\\/perfumes-viaje-cuantos-puedo-llevar-maleta#respond\"]}]},{\"@type\":\"WebPage\",\"@id\":\"https:\\\/\\\/www.arenal.com\\\/blog\\\/perfumes-viaje-cuantos-puedo-llevar-maleta\",\"url\":\"https:\\\/\\\/www.arenal.com\\\/blog\\\/perfumes-viaje-cuantos-puedo-llevar-maleta\",\"name\":\"Cu\u00e1ntos perfumes puedo llevar en la maleta de mano: Normativa y consejos\",\"isPartOf\":{\"@id\":\"https:\\\/\\\/www.arenal.com\\\/blog\\\/#website\"},\"primaryImageOfPage\":{\"@id\":\"https:\\\/\\\/www.arenal.com\\\/blog\\\/perfumes-viaje-cuantos-puedo-llevar-maleta#primaryimage\"},\"image\":{\"@id\":\"https:\\\/\\\/www.arenal.com\\\/blog\\\/perfumes-viaje-cuantos-puedo-llevar-maleta#primaryimage\"},\"thumbnailUrl\":\"https:\\\/\\\/www.arenal.com\\\/blog\\\/wp-content\\\/uploads\\\/2025\\\/05\\\/perfumes-maleta-de-mano.jpg\",\"datePublished\":\"2025-05-23T18:00:00+00:00\",\"dateModified\":\"2025-06-02T06:20:42+00:00\",\"author\":{\"@id\":\"https:\\\/\\\/www.arenal.com\\\/blog\\\/#\\\/schema\\\/person\\\/75c321b161941947bdc15ffde9d6241f\"},\"description\":\"\u00bfTienes dudas sobre cu\u00e1ntos perfumes puedes llevar en la maleta de mano? Te explicamos las normas y consejos clave.\",\"breadcrumb\":{\"@id\":\"https:\\\/\\\/www.arenal.com\\\/blog\\\/perfumes-viaje-cuantos-puedo-llevar-maleta#breadcrumb\"},\"inLanguage\":\"es\",\"potentialAction\":[{\"@type\":\"ReadAction\",\"target\":[\"https:\\\/\\\/www.arenal.com\\\/blog\\\/perfumes-viaje-cuantos-puedo-llevar-maleta\"]}]},{\"@type\":\"ImageObject\",\"inLanguage\":\"es\",\"@id\":\"https:\\\/\\\/www.arenal.com\\\/blog\\\/perfumes-viaje-cuantos-puedo-llevar-maleta#primaryimage\",\"url\":\"https:\\\/\\\/www.arenal.com\\\/blog\\\/wp-content\\\/uploads\\\/2025\\\/05\\\/perfumes-maleta-de-mano.jpg\",\"contentUrl\":\"https:\\\/\\\/www.arenal.com\\\/blog\\\/wp-content\\\/uploads\\\/2025\\\/05\\\/perfumes-maleta-de-mano.jpg\",\"width\":1140,\"height\":322,\"caption\":\"Tama\u00f1o perfumes viaje\"},{\"@type\":\"BreadcrumbList\",\"@id\":\"https:\\\/\\\/www.arenal.com\\\/blog\\\/perfumes-viaje-cuantos-puedo-llevar-maleta#breadcrumb\",\"itemListElement\":[{\"@type\":\"ListItem\",\"position\":1,\"name\":\"Perfumes\",\"item\":\"https:\\\/\\\/www.arenal.com\\\/blog\\\/perfumes\"},{\"@type\":\"ListItem\",\"position\":2,\"name\":\"Cu\u00e1ntos perfumes puedo llevar en la maleta de mano: Normativa y consejos\u00a0\"}]},{\"@type\":\"WebSite\",\"@id\":\"https:\\\/\\\/www.arenal.com\\\/blog\\\/#website\",\"url\":\"https:\\\/\\\/www.arenal.com\\\/blog\\\/\",\"name\":\"Blog de Arenal\",\"description\":\"\",\"potentialAction\":[{\"@type\":\"SearchAction\",\"target\":{\"@type\":\"EntryPoint\",\"urlTemplate\":\"https:\\\/\\\/www.arenal.com\\\/blog\\\/?s={search_term_string}\"},\"query-input\":{\"@type\":\"PropertyValueSpecification\",\"valueRequired\":true,\"valueName\":\"search_term_string\"}}],\"inLanguage\":\"es\"},{\"@type\":\"Person\",\"@id\":\"https:\\\/\\\/www.arenal.com\\\/blog\\\/#\\\/schema\\\/person\\\/75c321b161941947bdc15ffde9d6241f\",\"name\":\"arenal\",\"image\":{\"@type\":\"ImageObject\",\"inLanguage\":\"es\",\"@id\":\"https:\\\/\\\/secure.gravatar.com\\\/avatar\\\/e930b117f1433c3126018d5f63c8b2d59f2a86bdb0425d8e5c9b3c027c902408?s=96&d=mm&r=g\",\"url\":\"https:\\\/\\\/secure.gravatar.com\\\/avatar\\\/e930b117f1433c3126018d5f63c8b2d59f2a86bdb0425d8e5c9b3c027c902408?s=96&d=mm&r=g\",\"contentUrl\":\"https:\\\/\\\/secure.gravatar.com\\\/avatar\\\/e930b117f1433c3126018d5f63c8b2d59f2a86bdb0425d8e5c9b3c027c902408?s=96&d=mm&r=g\",\"caption\":\"arenal\"},\"url\":\"https:\\\/\\\/www.arenal.com\\\/blog\\\/author\\\/arenal\"}]}<\/script>\n<!-- \/ Yoast SEO plugin. -->","yoast_head_json":{"title":"Cu\u00e1ntos perfumes puedo llevar en la maleta de mano: Normativa y consejos","description":"\u00bfTienes dudas sobre cu\u00e1ntos perfumes puedes llevar en la maleta de mano? Te explicamos las normas y consejos clave.","robots":{"index":"index","follow":"follow","max-snippet":"max-snippet:-1","max-image-preview":"max-image-preview:large","max-video-preview":"max-video-preview:-1"},"canonical":"https:\/\/www.arenal.com\/blog\/perfumes-viaje-cuantos-puedo-llevar-maleta","og_locale":"es_ES","og_type":"article","og_title":"Cu\u00e1ntos perfumes puedo llevar en la maleta de mano: Normativa y consejos","og_description":"\u00bfTienes dudas sobre cu\u00e1ntos perfumes puedes llevar en la maleta de mano? Te explicamos las normas y consejos clave.","og_url":"https:\/\/www.arenal.com\/blog\/perfumes-viaje-cuantos-puedo-llevar-maleta","og_site_name":"Blog de Arenal","article_published_time":"2025-05-23T18:00:00+00:00","article_modified_time":"2025-06-02T06:20:42+00:00","og_image":[{"width":1140,"height":322,"url":"https:\/\/www.arenal.com\/blog\/wp-content\/uploads\/2025\/05\/perfumes-maleta-de-mano.jpg","type":"image\/jpeg"}],"author":"arenal","twitter_card":"summary_large_image","twitter_misc":{"Escrito por":"arenal","Tiempo de lectura":"5 minutos"},"schema":{"@context":"https:\/\/schema.org","@graph":[{"@type":"Article","@id":"https:\/\/www.arenal.com\/blog\/perfumes-viaje-cuantos-puedo-llevar-maleta#article","isPartOf":{"@id":"https:\/\/www.arenal.com\/blog\/perfumes-viaje-cuantos-puedo-llevar-maleta"},"author":{"name":"arenal","@id":"https:\/\/www.arenal.com\/blog\/#\/schema\/person\/75c321b161941947bdc15ffde9d6241f"},"headline":"Cu\u00e1ntos perfumes puedo llevar en la maleta de mano: Normativa y consejos\u00a0","datePublished":"2025-05-23T18:00:00+00:00","dateModified":"2025-06-02T06:20:42+00:00","mainEntityOfPage":{"@id":"https:\/\/www.arenal.com\/blog\/perfumes-viaje-cuantos-puedo-llevar-maleta"},"wordCount":985,"commentCount":0,"image":{"@id":"https:\/\/www.arenal.com\/blog\/perfumes-viaje-cuantos-puedo-llevar-maleta#primaryimage"},"thumbnailUrl":"https:\/\/www.arenal.com\/blog\/wp-content\/uploads\/2025\/05\/perfumes-maleta-de-mano.jpg","keywords":["Perfumer\u00eda"],"articleSection":["Dudas","Perfumes"],"inLanguage":"es","potentialAction":[{"@type":"CommentAction","name":"Comment","target":["https:\/\/www.arenal.com\/blog\/perfumes-viaje-cuantos-puedo-llevar-maleta#respond"]}]},{"@type":"WebPage","@id":"https:\/\/www.arenal.com\/blog\/perfumes-viaje-cuantos-puedo-llevar-maleta","url":"https:\/\/www.arenal.com\/blog\/perfumes-viaje-cuantos-puedo-llevar-maleta","name":"Cu\u00e1ntos perfumes puedo llevar en la maleta de mano: Normativa y consejos","isPartOf":{"@id":"https:\/\/www.arenal.com\/blog\/#website"},"primaryImageOfPage":{"@id":"https:\/\/www.arenal.com\/blog\/perfumes-viaje-cuantos-puedo-llevar-maleta#primaryimage"},"image":{"@id":"https:\/\/www.arenal.com\/blog\/perfumes-viaje-cuantos-puedo-llevar-maleta#primaryimage"},"thumbnailUrl":"https:\/\/www.arenal.com\/blog\/wp-content\/uploads\/2025\/05\/perfumes-maleta-de-mano.jpg","datePublished":"2025-05-23T18:00:00+00:00","dateModified":"2025-06-02T06:20:42+00:00","author":{"@id":"https:\/\/www.arenal.com\/blog\/#\/schema\/person\/75c321b161941947bdc15ffde9d6241f"},"description":"\u00bfTienes dudas sobre cu\u00e1ntos perfumes puedes llevar en la maleta de mano? Te explicamos las normas y consejos clave.","breadcrumb":{"@id":"https:\/\/www.arenal.com\/blog\/perfumes-viaje-cuantos-puedo-llevar-maleta#breadcrumb"},"inLanguage":"es","potentialAction":[{"@type":"ReadAction","target":["https:\/\/www.arenal.com\/blog\/perfumes-viaje-cuantos-puedo-llevar-maleta"]}]},{"@type":"ImageObject","inLanguage":"es","@id":"https:\/\/www.arenal.com\/blog\/perfumes-viaje-cuantos-puedo-llevar-maleta#primaryimage","url":"https:\/\/www.arenal.com\/blog\/wp-content\/uploads\/2025\/05\/perfumes-maleta-de-mano.jpg","contentUrl":"https:\/\/www.arenal.com\/blog\/wp-content\/uploads\/2025\/05\/perfumes-maleta-de-mano.jpg","width":1140,"height":322,"caption":"Tama\u00f1o perfumes viaje"},{"@type":"BreadcrumbList","@id":"https:\/\/www.arenal.com\/blog\/perfumes-viaje-cuantos-puedo-llevar-maleta#breadcrumb","itemListElement":[{"@type":"ListItem","position":1,"name":"Perfumes","item":"https:\/\/www.arenal.com\/blog\/perfumes"},{"@type":"ListItem","position":2,"name":"Cu\u00e1ntos perfumes puedo llevar en la maleta de mano: Normativa y consejos\u00a0"}]},{"@type":"WebSite","@id":"https:\/\/www.arenal.com\/blog\/#website","url":"https:\/\/www.arenal.com\/blog\/","name":"Blog de Arenal","description":"","potentialAction":[{"@type":"SearchAction","target":{"@type":"EntryPoint","urlTemplate":"https:\/\/www.arenal.com\/blog\/?s={search_term_string}"},"query-input":{"@type":"PropertyValueSpecification","valueRequired":true,"valueName":"search_term_string"}}],"inLanguage":"es"},{"@type":"Person","@id":"https:\/\/www.arenal.com\/blog\/#\/schema\/person\/75c321b161941947bdc15ffde9d6241f","name":"arenal","image":{"@type":"ImageObject","inLanguage":"es","@id":"https:\/\/secure.gravatar.com\/avatar\/e930b117f1433c3126018d5f63c8b2d59f2a86bdb0425d8e5c9b3c027c902408?s=96&d=mm&r=g","url":"https:\/\/secure.gravatar.com\/avatar\/e930b117f1433c3126018d5f63c8b2d59f2a86bdb0425d8e5c9b3c027c902408?s=96&d=mm&r=g","contentUrl":"https:\/\/secure.gravatar.com\/avatar\/e930b117f1433c3126018d5f63c8b2d59f2a86bdb0425d8e5c9b3c027c902408?s=96&d=mm&r=g","caption":"arenal"},"url":"https:\/\/www.arenal.com\/blog\/author\/arenal"}]}},"_links":{"self":[{"href":"https:\/\/www.arenal.com\/blog\/wp-json\/wp\/v2\/posts\/7388","targetHints":{"allow":["GET"]}}],"collection":[{"href":"https:\/\/www.arenal.com\/blog\/wp-json\/wp\/v2\/posts"}],"about":[{"href":"https:\/\/www.arenal.com\/blog\/wp-json\/wp\/v2\/types\/post"}],"author":[{"embeddable":true,"href":"https:\/\/www.arenal.com\/blog\/wp-json\/wp\/v2\/users\/2"}],"replies":[{"embeddable":true,"href":"https:\/\/www.arenal.com\/blog\/wp-json\/wp\/v2\/comments?post=7388"}],"version-history":[{"count":2,"href":"https:\/\/www.arenal.com\/blog\/wp-json\/wp\/v2\/posts\/7388\/revisions"}],"predecessor-version":[{"id":7445,"href":"https:\/\/www.arenal.com\/blog\/wp-json\/wp\/v2\/posts\/7388\/revisions\/7445"}],"wp:featuredmedia":[{"embeddable":true,"href":"https:\/\/www.arenal.com\/blog\/wp-json\/wp\/v2\/media\/7443"}],"wp:attachment":[{"href":"https:\/\/www.arenal.com\/blog\/wp-json\/wp\/v2\/media?parent=7388"}],"wp:term":[{"taxonomy":"category","embeddable":true,"href":"https:\/\/www.arenal.com\/blog\/wp-json\/wp\/v2\/categories?post=7388"},{"taxonomy":"post_tag","embeddable":true,"href":"https:\/\/www.arenal.com\/blog\/wp-json\/wp\/v2\/tags?post=7388"}],"curies":[{"name":"wp","href":"https:\/\/api.w.org\/{rel}","templated":true}]}}