{"id":7291,"date":"2025-04-09T19:00:00","date_gmt":"2025-04-09T18:00:00","guid":{"rendered":"https:\/\/www.arenal.com\/blog\/?p=7291"},"modified":"2025-04-29T09:04:34","modified_gmt":"2025-04-29T08:04:34","slug":"mascara-led-facial","status":"publish","type":"post","link":"https:\/\/www.arenal.com\/blog\/mascara-led-facial","title":{"rendered":"M\u00e1scara led facial. \u00bfQu\u00e9 es y para qu\u00e9 sirve?\u00a0"},"content":{"rendered":"\n<p>El <a href=\"https:\/\/www.arenal.com\/parafarmacia\/salud\/lociones-y-cremas-de-parafarmacia\/c\/1_0000000564\" target=\"_blank\" rel=\"noreferrer noopener\">cuidado de la piel<\/a> ha ido evolucionado a lo largo del tiempo pero la llegada de la tecnolog\u00eda ha supuesto una aut\u00e9ntica revoluci\u00f3n que ha cambiado por completo el panorama no solo en los <strong>tratamientos de belleza<\/strong> profesionales sino en las <a href=\"https:\/\/www.arenal.com\/blog\/rutina-cuidado-facial\" target=\"_blank\" rel=\"noreferrer noopener\">rutinas de cuidado facial<\/a> que puedes hacer en casa. Uno de estos novedosos dispositivos es la <strong>m\u00e1scara led facial<\/strong>, una tecnolog\u00eda que utiliza la terapia de luz para tratar diferentes problemas de la piel de manera no invasiva.&nbsp;<\/p>\n\n\n\n<p>\u00bfTe interesa saber c\u00f3mo funciona y todos sus beneficios? \u00a1Entonces no dejes de leer!&nbsp;<\/p>\n\n\n\n<figure class=\"wp-block-image size-large\"><img loading=\"lazy\" decoding=\"async\" width=\"1024\" height=\"683\" src=\"https:\/\/www.arenal.com\/blog\/wp-content\/uploads\/2025\/04\/usos_mascara_led_facial-1024x683.jpg\" alt=\"\" class=\"wp-image-7284\" srcset=\"https:\/\/www.arenal.com\/blog\/wp-content\/uploads\/2025\/04\/usos_mascara_led_facial-1024x683.jpg 1024w, https:\/\/www.arenal.com\/blog\/wp-content\/uploads\/2025\/04\/usos_mascara_led_facial-300x200.jpg 300w, https:\/\/www.arenal.com\/blog\/wp-content\/uploads\/2025\/04\/usos_mascara_led_facial-768x512.jpg 768w, https:\/\/www.arenal.com\/blog\/wp-content\/uploads\/2025\/04\/usos_mascara_led_facial.jpg 1140w\" sizes=\"auto, (max-width: 1024px) 100vw, 1024px\" \/><\/figure>\n\n\n\n<div id=\"ez-toc-container\" class=\"ez-toc-v2_0_82_2 counter-hierarchy ez-toc-counter ez-toc-custom ez-toc-container-direction\">\n<div class=\"ez-toc-title-container\">\n<p class=\"ez-toc-title\" style=\"cursor:inherit\">Indice de contenidos<\/p>\n<span class=\"ez-toc-title-toggle\"><a href=\"#\" class=\"ez-toc-pull-right ez-toc-btn ez-toc-btn-xs ez-toc-btn-default ez-toc-toggle\" aria-label=\"Alternar tabla de contenidos\"><span class=\"ez-toc-js-icon-con\"><span class=\"\"><span class=\"eztoc-hide\" style=\"display:none;\">Toggle<\/span><span class=\"ez-toc-icon-toggle-span\"><svg style=\"fill: #000000;color:#000000\" xmlns=\"http:\/\/www.w3.org\/2000\/svg\" class=\"list-377408\" width=\"20px\" height=\"20px\" viewBox=\"0 0 24 24\" fill=\"none\"><path d=\"M6 6H4v2h2V6zm14 0H8v2h12V6zM4 11h2v2H4v-2zm16 0H8v2h12v-2zM4 16h2v2H4v-2zm16 0H8v2h12v-2z\" fill=\"currentColor\"><\/path><\/svg><svg style=\"fill: #000000;color:#000000\" class=\"arrow-unsorted-368013\" xmlns=\"http:\/\/www.w3.org\/2000\/svg\" width=\"10px\" height=\"10px\" viewBox=\"0 0 24 24\" version=\"1.2\" baseProfile=\"tiny\"><path d=\"M18.2 9.3l-6.2-6.3-6.2 6.3c-.2.2-.3.4-.3.7s.1.5.3.7c.2.2.4.3.7.3h11c.3 0 .5-.1.7-.3.2-.2.3-.5.3-.7s-.1-.5-.3-.7zM5.8 14.7l6.2 6.3 6.2-6.3c.2-.2.3-.5.3-.7s-.1-.5-.3-.7c-.2-.2-.4-.3-.7-.3h-11c-.3 0-.5.1-.7.3-.2.2-.3.5-.3.7s.1.5.3.7z\"\/><\/svg><\/span><\/span><\/span><\/a><\/span><\/div>\n<nav><ul class='ez-toc-list ez-toc-list-level-1 ' ><li class='ez-toc-page-1 ez-toc-heading-level-2'><a class=\"ez-toc-link ez-toc-heading-1\" href=\"https:\/\/www.arenal.com\/blog\/mascara-led-facial\/#%C2%BFQue_es_una_mascara_de_luz_led_facial\" >\u00bfQu\u00e9 es una m\u00e1scara de luz led facial?&nbsp;<\/a><\/li><li class='ez-toc-page-1 ez-toc-heading-level-2'><a class=\"ez-toc-link ez-toc-heading-2\" href=\"https:\/\/www.arenal.com\/blog\/mascara-led-facial\/#Mascara_led_facial_%C2%BFpara_que_sirve\" >M\u00e1scara led facial \u00bfpara qu\u00e9 sirve?&nbsp;<\/a><\/li><li class='ez-toc-page-1 ez-toc-heading-level-2'><a class=\"ez-toc-link ez-toc-heading-3\" href=\"https:\/\/www.arenal.com\/blog\/mascara-led-facial\/#Como_usar_la_mascara_led_facial\" >C\u00f3mo usar la m\u00e1scara led facial&nbsp;<\/a><\/li><li class='ez-toc-page-1 ez-toc-heading-level-2'><a class=\"ez-toc-link ez-toc-heading-4\" href=\"https:\/\/www.arenal.com\/blog\/mascara-led-facial\/#Mascara_led_facial_beneficios\" >M\u00e1scara led facial beneficios&nbsp;<\/a><\/li><li class='ez-toc-page-1 ez-toc-heading-level-2'><a class=\"ez-toc-link ez-toc-heading-5\" href=\"https:\/\/www.arenal.com\/blog\/mascara-led-facial\/#Alternativas_a_la_mascara_led_facial_dispositivo_UFO%E2%84%A2_2_de_Foreo\" >Alternativas a la m\u00e1scara led facial: dispositivo UFO\u2122 2 de Foreo&nbsp;<\/a><\/li><\/ul><\/nav><\/div>\n<h2 class=\"wp-block-heading\"><span class=\"ez-toc-section\" id=\"%C2%BFQue_es_una_mascara_de_luz_led_facial\"><\/span>\u00bfQu\u00e9 es una m\u00e1scara de luz led facial?&nbsp;<span class=\"ez-toc-section-end\"><\/span><\/h2>\n\n\n\n<p>La m\u00e1scara led facial es un <strong>dispositivo de cuidado de la piel<\/strong> que emite luces LED (diodos emisores de luz) en diferentes colores para <strong>tratar distintos problemas cut\u00e1neos<\/strong>. A diferencia de otros tratamientos dermatol\u00f3gicos m\u00e1s agresivos, la terapia de luz LED es indolora y no invasiva, lo que la convierte en una <strong>opci\u00f3n segura para todo tipo de pieles<\/strong>. Esto es perfecto para todas aquellas personas que a\u00fan siguen pregunt\u00e1ndose \u201c\u00bf<a href=\"https:\/\/www.arenal.com\/blog\/como-saber-tipo-piel\" target=\"_blank\" rel=\"noreferrer noopener\">qu\u00e9 tipo de piel tengo<\/a>?\u201d.&nbsp;&nbsp;<\/p>\n\n\n\n<p>Las m\u00e1scaras led faciales emiten luces de distintos colores que atacan diversas preocupaciones y afecciones de la piel.&nbsp;<\/p>\n\n\n\n<ul class=\"wp-block-list\">\n<li style=\"margin-left:25px\"><strong>\u25cf<\/strong> <strong>Luz roja.<\/strong>&nbsp;<\/li>\n<\/ul>\n\n\n\n<ul class=\"wp-block-list\">\n<li style=\"margin-left:25px\"><strong>\u25cf<\/strong> <strong>Luz azul.<\/strong>&nbsp;<\/li>\n<\/ul>\n\n\n\n<ul class=\"wp-block-list\">\n<li style=\"margin-left:25px\"><strong>\u25cf<\/strong> <strong>Luz verde.<\/strong>&nbsp;<\/li>\n<\/ul>\n\n\n\n<ul class=\"wp-block-list\">\n<li style=\"margin-left:25px\"><strong>\u25cf<\/strong> <strong>Luz amarilla.<\/strong>&nbsp;<\/li>\n<\/ul>\n\n\n\n<ul class=\"wp-block-list\">\n<li style=\"margin-left:25px\"><strong>\u25cf<\/strong> <strong>Luz p\u00farpura.<\/strong>&nbsp;<\/li>\n<\/ul>\n\n\n\n<p>La mayor\u00eda de las m\u00e1scaras cuentan con diferentes configuraciones para adaptar el tratamiento a las necesidades de cada usuario.&nbsp;<\/p>\n\n\n\n<h2 class=\"wp-block-heading\"><span class=\"ez-toc-section\" id=\"Mascara_led_facial_%C2%BFpara_que_sirve\"><\/span>M\u00e1scara led facial \u00bfpara qu\u00e9 sirve?&nbsp;<span class=\"ez-toc-section-end\"><\/span><\/h2>\n\n\n\n<p>El uso de la m\u00e1scara led facial se ha convertido en una tendencia en la rutina de belleza porque ofrece m\u00faltiples beneficios sin necesidad de acudir a una cl\u00ednica est\u00e9tica. Pero, <strong>\u00bfpara qu\u00e9 sirve realmente este dispositivo?:&nbsp;<\/strong>&nbsp;<\/p>\n\n\n\n<ul class=\"wp-block-list\">\n<li style=\"margin-left:25px\"><strong>\u25cf<\/strong> <strong>Rejuvenecimiento facial:<\/strong> La luz roja ayuda a estimular la producci\u00f3n de col\u00e1geno y elastina, lo que reduce la apariencia de las arrugas y es muy efectiva para, por ejemplo, <a href=\"https:\/\/www.arenal.com\/blog\/como-reducir-lineas-expresion-frente\" target=\"_blank\" rel=\"noreferrer noopener\">quitar l\u00edneas de expresi\u00f3n de la frente<\/a> y otras zonas del rostro.&nbsp;<\/li>\n<\/ul>\n\n\n\n<ul class=\"wp-block-list\">\n<li style=\"margin-left:25px\"><strong>\u25cf<\/strong> <strong>Tratamiento del acn\u00e9:<\/strong> La luz azul es muy eficaz para eliminar las bacterias responsables del acn\u00e9 y prevenir futuros brotes, algo m\u00e1s c\u00f3modo que los <a href=\"https:\/\/www.arenal.com\/blog\/parches-granos-solucion-acne\" target=\"_blank\" rel=\"noreferrer noopener\">parches para granos<\/a>.&nbsp;&nbsp;<\/li>\n<\/ul>\n\n\n\n<ul class=\"wp-block-list\">\n<li style=\"margin-left:25px\"><strong>\u25cf<\/strong> <strong>Unificaci\u00f3n del tono de piel:<\/strong> La luz verde y amarilla ayudan a reducir la hiperpigmentaci\u00f3n y mejorar la apariencia de <a href=\"https:\/\/www.arenal.com\/blog\/como-quitar-las-manchas-del-sol-en-la-cara\" target=\"_blank\" rel=\"noreferrer noopener\">manchas de sol en la cara<\/a> y rojeces.&nbsp;<\/li>\n<\/ul>\n\n\n\n<ul class=\"wp-block-list\">\n<li style=\"margin-left:25px\"><strong>\u25cf<\/strong> <a href=\"https:\/\/www.arenal.com\/blog\/como-cuidar-piel-sensible\" target=\"_blank\" rel=\"noreferrer noopener\"><strong>Cuidado de piel sensible<\/strong><\/a><strong>:<\/strong> Gracias a su acci\u00f3n no invasiva, la terapia LED es ideal para pieles que no toleran productos agresivos.&nbsp;<\/li>\n<\/ul>\n\n\n\n<ul class=\"wp-block-list\">\n<li style=\"margin-left:25px\"><strong>\u25cf<\/strong> <strong>Reducci\u00f3n de inflamaci\u00f3n y rojeces:<\/strong> Algunas luces ayudan a calmar la piel despu\u00e9s de otros tratamientos, como <a href=\"https:\/\/www.arenal.com\/blog\/como-exfoliar-la-piel\" target=\"_blank\" rel=\"noreferrer noopener\">exfoliaci\u00f3n de la piel<\/a> o una <a href=\"https:\/\/www.arenal.com\/blog\/como-hacer-una-limpieza-facial-en-casa\" target=\"_blank\" rel=\"noreferrer noopener\">limpieza facial en casa<\/a> profunda.&nbsp;<\/li>\n<\/ul>\n\n\n\n<p>En definitiva, se trata de un dispositivo vers\u00e1til que mejora la apariencia y salud de la piel con una rutina de uso constante.&nbsp;<\/p>\n\n\n\n<figure class=\"wp-block-image size-full\"><img loading=\"lazy\" decoding=\"async\" width=\"612\" height=\"459\" src=\"https:\/\/www.arenal.com\/blog\/wp-content\/uploads\/2025\/04\/beneficios_mascara_led_facial.jpg\" alt=\"\" class=\"wp-image-7285\" srcset=\"https:\/\/www.arenal.com\/blog\/wp-content\/uploads\/2025\/04\/beneficios_mascara_led_facial.jpg 612w, https:\/\/www.arenal.com\/blog\/wp-content\/uploads\/2025\/04\/beneficios_mascara_led_facial-300x225.jpg 300w\" sizes=\"auto, (max-width: 612px) 100vw, 612px\" \/><figcaption class=\"wp-element-caption\">Woman lies in bed with led light therapy facial mask and relax. Home skincare and me time concept. Light rejuvenating mask for facial skin therapy. Photodynamic therapy mask on female face. Copy space<\/figcaption><\/figure>\n\n\n\n<h2 class=\"wp-block-heading\"><span class=\"ez-toc-section\" id=\"Como_usar_la_mascara_led_facial\"><\/span>C\u00f3mo usar la m\u00e1scara led facial&nbsp;<span class=\"ez-toc-section-end\"><\/span><\/h2>\n\n\n\n<p>Para obtener los mejores resultados con la <strong>m\u00e1scara led facial<\/strong>, es importante seguir unos pasos b\u00e1sicos en la rutina de aplicaci\u00f3n:&nbsp;<\/p>\n\n\n\n<ol start=\"1\" class=\"wp-block-list\">\n<li><strong>Limpieza de la piel:<\/strong> Antes de usar la m\u00e1scara, aseg\u00farate de que tu piel est\u00e9 completamente limpia y libre de maquillaje o productos.\u00a0<\/li>\n<\/ol>\n\n\n\n<ol start=\"2\" class=\"wp-block-list\">\n<li><strong>Aplicaci\u00f3n de un s\u00e9rum (opcional):<\/strong> Algunas m\u00e1scaras permiten el uso de s\u00e9rums espec\u00edficos que potencian los efectos de la terapia LED. Aseg\u00farate de que el producto sea compatible con la luz LED.\u00a0<\/li>\n<\/ol>\n\n\n\n<ol start=\"3\" class=\"wp-block-list\">\n<li><strong>Colocaci\u00f3n de la m\u00e1scara:<\/strong> Ajusta el dispositivo sobre el rostro y selecciona el color de luz seg\u00fan tus necesidades.\u00a0<\/li>\n<\/ol>\n\n\n\n<ol start=\"4\" class=\"wp-block-list\">\n<li><strong>Tiempo de exposici\u00f3n:<\/strong> La mayor\u00eda de los tratamientos duran entre 10 y 20 minutos. Es recomendable no exceder este tiempo para evitar una sobreestimulaci\u00f3n de la piel.\u00a0<\/li>\n<\/ol>\n\n\n\n<ol start=\"5\" class=\"wp-block-list\">\n<li><strong>Finalizaci\u00f3n y cuidado posterior:<\/strong> Tras el uso, puedes aplicar un <a href=\"https:\/\/www.arenal.com\/cosmetica\/cosmetica-facial\/hidratantes-y-nutritivas\/c\/1_0000000674\" target=\"_blank\" rel=\"noreferrer noopener\">tratamiento de hidrataci\u00f3n facial<\/a> o un <a href=\"https:\/\/www.arenal.com\/cosmetica\/serums-faciales\" target=\"_blank\" rel=\"noreferrer noopener\">s\u00e9rum facial<\/a> calmante para potenciar los efectos del tratamiento.\u00a0<\/li>\n<\/ol>\n\n\n\n<p>Se recomienda usar la m\u00e1scara entre 3 y 5 veces por semana para notar mejoras en la piel.&nbsp;<\/p>\n\n\n\n<h2 class=\"wp-block-heading\"><span class=\"ez-toc-section\" id=\"Mascara_led_facial_beneficios\"><\/span>M\u00e1scara led facial beneficios&nbsp;<span class=\"ez-toc-section-end\"><\/span><\/h2>\n\n\n\n<p>La popularidad de la m\u00e1scara de luz LED no es casualidad. Su uso regular aporta una serie de beneficios que la convierten en una excelente aliada para la piel.&nbsp;<\/p>\n\n\n\n<ol start=\"1\" class=\"wp-block-list\">\n<li><strong>Tratamiento eficaz sin efectos secundarios: <\/strong>A diferencia de otros procedimientos como el l\u00e1ser o los peelings qu\u00edmicos, la terapia de luz LED no irrita la piel ni produce descamaci\u00f3n. Es un m\u00e9todo seguro y apto para todos los tipos de piel.\u00a0<\/li>\n<\/ol>\n\n\n\n<ol start=\"2\" class=\"wp-block-list\">\n<li><strong>Mejora visible en la textura de la piel: <\/strong>El uso constante de la m\u00e1scara ayuda a cerrar poros, mejorar la firmeza y aportar luminosidad al rostro.\u00a0<\/li>\n<\/ol>\n\n\n\n<ol start=\"3\" class=\"wp-block-list\">\n<li><strong>Reducci\u00f3n del envejecimiento prematuro: <\/strong>Al estimular la producci\u00f3n de col\u00e1geno, se previenen arrugas y flacidez, manteniendo la piel m\u00e1s joven durante m\u00e1s tiempo.\u00a0<\/li>\n<\/ol>\n\n\n\n<ol start=\"4\" class=\"wp-block-list\">\n<li><strong>Control del acn\u00e9 y piel grasa: <\/strong>Las luces azul y p\u00farpura son ideales para quienes sufren de acn\u00e9, ya que reducen la inflamaci\u00f3n y eliminan bacterias sin necesidad de recurrir a productos agresivos.\u00a0<\/li>\n<\/ol>\n\n\n\n<ol start=\"5\" class=\"wp-block-list\">\n<li><strong>Relajaci\u00f3n y bienestar: <\/strong>Adem\u00e1s de sus beneficios est\u00e9ticos, la m\u00e1scara proporciona un momento de autocuidado que puede formar parte de una rutina de relajaci\u00f3n.\u00a0<\/li>\n<\/ol>\n\n\n\n<h2 class=\"wp-block-heading\"><span class=\"ez-toc-section\" id=\"Alternativas_a_la_mascara_led_facial_dispositivo_UFO%E2%84%A2_2_de_Foreo\"><\/span>Alternativas a la m\u00e1scara led facial: dispositivo <a href=\"https:\/\/www.arenal.com\/foreo-ufo-2-tratamiento-para-mascarilla-pearl-pink\/p\/000000000000094807\" target=\"_blank\" rel=\"noreferrer noopener\">UFO\u2122 2 de Foreo<\/a>&nbsp;<span class=\"ez-toc-section-end\"><\/span><\/h2>\n\n\n\n<p>La \u00fanica desventaja que puede tener una <strong>m\u00e1scara led facial<\/strong> completa es que se trata de un dispositivo relativamente grande. Si quieres ahorrar espacio pero obtener todos los beneficios de un tratamiento con m\u00e1scara led, te recomendamos probar el <strong>dispositivo UFO\u2122 2 de Foreo<\/strong> que puedes encontrar en Arenal Perfumer\u00edas.&nbsp;<\/p>\n\n\n\n<p>Este dispositivo tiene la ventaja de ofrecer un tama\u00f1o reducido, al tener forma de disco, pero ofrece toda la potencia y funciones de una m\u00e1scara completa. Adem\u00e1s, el modelo 2 cuenta con otras opciones m\u00e1s all\u00e1 de las luces LED puesto que cuenta con tecnolog\u00eda de hiperinfusi\u00f3n, crioterapia y termoterapia. Con este dispositivo puedes conseguir un tratamiento facial completo en pocos minutos:&nbsp;<\/p>\n\n\n\n<ul class=\"wp-block-list\">\n<li style=\"margin-left:25px\"><strong>\u25cf Masajes con pulsaciones T-Sonic\u2122<\/strong> que mejoran la absorci\u00f3n de productos cosm\u00e9ticos.&nbsp;<\/li>\n<\/ul>\n\n\n\n<ul class=\"wp-block-list\">\n<li style=\"margin-left:25px\"><strong>\u25cf<\/strong> <strong>Terapia de luz LED en varios colores<\/strong> incluyendo led blanco y led cian.&nbsp;<\/li>\n<\/ul>\n\n\n\n<ul class=\"wp-block-list\">\n<li style=\"margin-left:25px\"><strong>\u25cf<\/strong> <strong>Calor y fr\u00edo controlado<\/strong> para cerrar poros, mejorar la circulaci\u00f3n y potenciar los efectos de mascarillas faciales.&nbsp;<\/li>\n<\/ul>\n\n\n\n<ul class=\"wp-block-list\">\n<li style=\"margin-left:25px\"><strong>\u25cf<\/strong> <strong>Compatibilidad con mascarillas Foreo activadas<\/strong> para personalizar el tratamiento seg\u00fan las necesidades de la piel.&nbsp;<\/li>\n<\/ul>\n\n\n\n<p>El dispositivo UFO\u2122 2 de Foreo lleva el cuidado de la piel a otro nivel al combinar m\u00faltiples tecnolog\u00edas en un solo aparato.&nbsp;<\/p>\n\n\n\n<p>El cuidado facial ha evolucionado con dispositivos innovadores que permiten mejorar la piel desde casa. La <strong>m\u00e1scara led facial<\/strong> es una opci\u00f3n eficaz y segura para tratar problemas como arrugas, acn\u00e9 o manchas. Mantener una rutina de cuidado facial constante y elegir los productos adecuados para las necesidades de tu piel.&nbsp;<\/p>\n","protected":false},"excerpt":{"rendered":"<p>El cuidado de la piel ha ido evolucionado a lo largo del tiempo pero la llegada de la tecnolog\u00eda ha<\/p>\n","protected":false},"author":2,"featured_media":7283,"comment_status":"open","ping_status":"open","sticky":false,"template":"","format":"standard","meta":{"footnotes":""},"categories":[655,622],"tags":[637,653],"class_list":["post-7291","post","type-post","status-publish","format-standard","has-post-thumbnail","hentry","category-dudas","category-cosmetica-dermocosmetica","tag-facial","tag-salud"],"featured_image_src":"https:\/\/www.arenal.com\/blog\/wp-content\/uploads\/2025\/04\/mascara_led_facial_para_que_sirve.jpg","author_info":{"display_name":"arenal","author_link":"https:\/\/www.arenal.com\/blog\/author\/arenal"},"yoast_head":"<!-- This site is optimized with the Yoast SEO plugin v27.4 - https:\/\/yoast.com\/product\/yoast-seo-wordpress\/ -->\n<title>Mascara led facial. \u00bfQu\u00e9 es y para qu\u00e9 sirve?<\/title>\n<meta name=\"description\" content=\"Descubre qu\u00e9 es una m\u00e1scara LED facial y para qu\u00e9 sirve. Conoce sus beneficios, colores y c\u00f3mo puede mejorar la salud de tu piel. \u00a1Luce un rostro radiante!\" \/>\n<meta name=\"robots\" content=\"index, follow, max-snippet:-1, max-image-preview:large, max-video-preview:-1\" \/>\n<link rel=\"canonical\" href=\"https:\/\/www.arenal.com\/blog\/mascara-led-facial\" \/>\n<meta property=\"og:locale\" content=\"es_ES\" \/>\n<meta property=\"og:type\" content=\"article\" \/>\n<meta property=\"og:title\" content=\"Mascara led facial. \u00bfQu\u00e9 es y para qu\u00e9 sirve?\" \/>\n<meta property=\"og:description\" content=\"Descubre qu\u00e9 es una m\u00e1scara LED facial y para qu\u00e9 sirve. Conoce sus beneficios, colores y c\u00f3mo puede mejorar la salud de tu piel. \u00a1Luce un rostro radiante!\" \/>\n<meta property=\"og:url\" content=\"https:\/\/www.arenal.com\/blog\/mascara-led-facial\" \/>\n<meta property=\"og:site_name\" content=\"Blog de Arenal\" \/>\n<meta property=\"article:published_time\" content=\"2025-04-09T18:00:00+00:00\" \/>\n<meta property=\"article:modified_time\" content=\"2025-04-29T08:04:34+00:00\" \/>\n<meta property=\"og:image\" content=\"https:\/\/www.arenal.com\/blog\/wp-content\/uploads\/2025\/04\/mascara_led_facial_para_que_sirve.jpg\" \/>\n\t<meta property=\"og:image:width\" content=\"1140\" \/>\n\t<meta property=\"og:image:height\" content=\"322\" \/>\n\t<meta property=\"og:image:type\" content=\"image\/jpeg\" \/>\n<meta name=\"author\" content=\"arenal\" \/>\n<meta name=\"twitter:card\" content=\"summary_large_image\" \/>\n<meta name=\"twitter:label1\" content=\"Escrito por\" \/>\n\t<meta name=\"twitter:data1\" content=\"arenal\" \/>\n\t<meta name=\"twitter:label2\" content=\"Tiempo de lectura\" \/>\n\t<meta name=\"twitter:data2\" content=\"6 minutos\" \/>\n<script type=\"application\/ld+json\" class=\"yoast-schema-graph\">{\"@context\":\"https:\\\/\\\/schema.org\",\"@graph\":[{\"@type\":\"Article\",\"@id\":\"https:\\\/\\\/www.arenal.com\\\/blog\\\/mascara-led-facial#article\",\"isPartOf\":{\"@id\":\"https:\\\/\\\/www.arenal.com\\\/blog\\\/mascara-led-facial\"},\"author\":{\"name\":\"arenal\",\"@id\":\"https:\\\/\\\/www.arenal.com\\\/blog\\\/#\\\/schema\\\/person\\\/75c321b161941947bdc15ffde9d6241f\"},\"headline\":\"M\u00e1scara led facial. \u00bfQu\u00e9 es y para qu\u00e9 sirve?\u00a0\",\"datePublished\":\"2025-04-09T18:00:00+00:00\",\"dateModified\":\"2025-04-29T08:04:34+00:00\",\"mainEntityOfPage\":{\"@id\":\"https:\\\/\\\/www.arenal.com\\\/blog\\\/mascara-led-facial\"},\"wordCount\":1210,\"commentCount\":0,\"image\":{\"@id\":\"https:\\\/\\\/www.arenal.com\\\/blog\\\/mascara-led-facial#primaryimage\"},\"thumbnailUrl\":\"https:\\\/\\\/www.arenal.com\\\/blog\\\/wp-content\\\/uploads\\\/2025\\\/04\\\/mascara_led_facial_para_que_sirve.jpg\",\"keywords\":[\"Cuidado facial\",\"Salud\"],\"articleSection\":[\"Dudas\",\"Cosm\u00e9tica\"],\"inLanguage\":\"es\",\"potentialAction\":[{\"@type\":\"CommentAction\",\"name\":\"Comment\",\"target\":[\"https:\\\/\\\/www.arenal.com\\\/blog\\\/mascara-led-facial#respond\"]}]},{\"@type\":\"WebPage\",\"@id\":\"https:\\\/\\\/www.arenal.com\\\/blog\\\/mascara-led-facial\",\"url\":\"https:\\\/\\\/www.arenal.com\\\/blog\\\/mascara-led-facial\",\"name\":\"Mascara led facial. \u00bfQu\u00e9 es y para qu\u00e9 sirve?\",\"isPartOf\":{\"@id\":\"https:\\\/\\\/www.arenal.com\\\/blog\\\/#website\"},\"primaryImageOfPage\":{\"@id\":\"https:\\\/\\\/www.arenal.com\\\/blog\\\/mascara-led-facial#primaryimage\"},\"image\":{\"@id\":\"https:\\\/\\\/www.arenal.com\\\/blog\\\/mascara-led-facial#primaryimage\"},\"thumbnailUrl\":\"https:\\\/\\\/www.arenal.com\\\/blog\\\/wp-content\\\/uploads\\\/2025\\\/04\\\/mascara_led_facial_para_que_sirve.jpg\",\"datePublished\":\"2025-04-09T18:00:00+00:00\",\"dateModified\":\"2025-04-29T08:04:34+00:00\",\"author\":{\"@id\":\"https:\\\/\\\/www.arenal.com\\\/blog\\\/#\\\/schema\\\/person\\\/75c321b161941947bdc15ffde9d6241f\"},\"description\":\"Descubre qu\u00e9 es una m\u00e1scara LED facial y para qu\u00e9 sirve. Conoce sus beneficios, colores y c\u00f3mo puede mejorar la salud de tu piel. \u00a1Luce un rostro radiante!\",\"breadcrumb\":{\"@id\":\"https:\\\/\\\/www.arenal.com\\\/blog\\\/mascara-led-facial#breadcrumb\"},\"inLanguage\":\"es\",\"potentialAction\":[{\"@type\":\"ReadAction\",\"target\":[\"https:\\\/\\\/www.arenal.com\\\/blog\\\/mascara-led-facial\"]}]},{\"@type\":\"ImageObject\",\"inLanguage\":\"es\",\"@id\":\"https:\\\/\\\/www.arenal.com\\\/blog\\\/mascara-led-facial#primaryimage\",\"url\":\"https:\\\/\\\/www.arenal.com\\\/blog\\\/wp-content\\\/uploads\\\/2025\\\/04\\\/mascara_led_facial_para_que_sirve.jpg\",\"contentUrl\":\"https:\\\/\\\/www.arenal.com\\\/blog\\\/wp-content\\\/uploads\\\/2025\\\/04\\\/mascara_led_facial_para_que_sirve.jpg\",\"width\":1140,\"height\":322},{\"@type\":\"BreadcrumbList\",\"@id\":\"https:\\\/\\\/www.arenal.com\\\/blog\\\/mascara-led-facial#breadcrumb\",\"itemListElement\":[{\"@type\":\"ListItem\",\"position\":1,\"name\":\"Maquillaje\",\"item\":\"https:\\\/\\\/www.arenal.com\\\/blog\\\/consejos-y-rutinas-de-maquillaje\"},{\"@type\":\"ListItem\",\"position\":2,\"name\":\"Dudas\",\"item\":\"https:\\\/\\\/www.arenal.com\\\/blog\\\/consejos-y-rutinas-de-maquillaje\\\/dudas\"},{\"@type\":\"ListItem\",\"position\":3,\"name\":\"M\u00e1scara led facial. \u00bfQu\u00e9 es y para qu\u00e9 sirve?\u00a0\"}]},{\"@type\":\"WebSite\",\"@id\":\"https:\\\/\\\/www.arenal.com\\\/blog\\\/#website\",\"url\":\"https:\\\/\\\/www.arenal.com\\\/blog\\\/\",\"name\":\"Blog de Arenal\",\"description\":\"\",\"potentialAction\":[{\"@type\":\"SearchAction\",\"target\":{\"@type\":\"EntryPoint\",\"urlTemplate\":\"https:\\\/\\\/www.arenal.com\\\/blog\\\/?s={search_term_string}\"},\"query-input\":{\"@type\":\"PropertyValueSpecification\",\"valueRequired\":true,\"valueName\":\"search_term_string\"}}],\"inLanguage\":\"es\"},{\"@type\":\"Person\",\"@id\":\"https:\\\/\\\/www.arenal.com\\\/blog\\\/#\\\/schema\\\/person\\\/75c321b161941947bdc15ffde9d6241f\",\"name\":\"arenal\",\"image\":{\"@type\":\"ImageObject\",\"inLanguage\":\"es\",\"@id\":\"https:\\\/\\\/secure.gravatar.com\\\/avatar\\\/e930b117f1433c3126018d5f63c8b2d59f2a86bdb0425d8e5c9b3c027c902408?s=96&d=mm&r=g\",\"url\":\"https:\\\/\\\/secure.gravatar.com\\\/avatar\\\/e930b117f1433c3126018d5f63c8b2d59f2a86bdb0425d8e5c9b3c027c902408?s=96&d=mm&r=g\",\"contentUrl\":\"https:\\\/\\\/secure.gravatar.com\\\/avatar\\\/e930b117f1433c3126018d5f63c8b2d59f2a86bdb0425d8e5c9b3c027c902408?s=96&d=mm&r=g\",\"caption\":\"arenal\"},\"url\":\"https:\\\/\\\/www.arenal.com\\\/blog\\\/author\\\/arenal\"}]}<\/script>\n<!-- \/ Yoast SEO plugin. -->","yoast_head_json":{"title":"Mascara led facial. \u00bfQu\u00e9 es y para qu\u00e9 sirve?","description":"Descubre qu\u00e9 es una m\u00e1scara LED facial y para qu\u00e9 sirve. Conoce sus beneficios, colores y c\u00f3mo puede mejorar la salud de tu piel. \u00a1Luce un rostro radiante!","robots":{"index":"index","follow":"follow","max-snippet":"max-snippet:-1","max-image-preview":"max-image-preview:large","max-video-preview":"max-video-preview:-1"},"canonical":"https:\/\/www.arenal.com\/blog\/mascara-led-facial","og_locale":"es_ES","og_type":"article","og_title":"Mascara led facial. \u00bfQu\u00e9 es y para qu\u00e9 sirve?","og_description":"Descubre qu\u00e9 es una m\u00e1scara LED facial y para qu\u00e9 sirve. Conoce sus beneficios, colores y c\u00f3mo puede mejorar la salud de tu piel. \u00a1Luce un rostro radiante!","og_url":"https:\/\/www.arenal.com\/blog\/mascara-led-facial","og_site_name":"Blog de Arenal","article_published_time":"2025-04-09T18:00:00+00:00","article_modified_time":"2025-04-29T08:04:34+00:00","og_image":[{"width":1140,"height":322,"url":"https:\/\/www.arenal.com\/blog\/wp-content\/uploads\/2025\/04\/mascara_led_facial_para_que_sirve.jpg","type":"image\/jpeg"}],"author":"arenal","twitter_card":"summary_large_image","twitter_misc":{"Escrito por":"arenal","Tiempo de lectura":"6 minutos"},"schema":{"@context":"https:\/\/schema.org","@graph":[{"@type":"Article","@id":"https:\/\/www.arenal.com\/blog\/mascara-led-facial#article","isPartOf":{"@id":"https:\/\/www.arenal.com\/blog\/mascara-led-facial"},"author":{"name":"arenal","@id":"https:\/\/www.arenal.com\/blog\/#\/schema\/person\/75c321b161941947bdc15ffde9d6241f"},"headline":"M\u00e1scara led facial. \u00bfQu\u00e9 es y para qu\u00e9 sirve?\u00a0","datePublished":"2025-04-09T18:00:00+00:00","dateModified":"2025-04-29T08:04:34+00:00","mainEntityOfPage":{"@id":"https:\/\/www.arenal.com\/blog\/mascara-led-facial"},"wordCount":1210,"commentCount":0,"image":{"@id":"https:\/\/www.arenal.com\/blog\/mascara-led-facial#primaryimage"},"thumbnailUrl":"https:\/\/www.arenal.com\/blog\/wp-content\/uploads\/2025\/04\/mascara_led_facial_para_que_sirve.jpg","keywords":["Cuidado facial","Salud"],"articleSection":["Dudas","Cosm\u00e9tica"],"inLanguage":"es","potentialAction":[{"@type":"CommentAction","name":"Comment","target":["https:\/\/www.arenal.com\/blog\/mascara-led-facial#respond"]}]},{"@type":"WebPage","@id":"https:\/\/www.arenal.com\/blog\/mascara-led-facial","url":"https:\/\/www.arenal.com\/blog\/mascara-led-facial","name":"Mascara led facial. \u00bfQu\u00e9 es y para qu\u00e9 sirve?","isPartOf":{"@id":"https:\/\/www.arenal.com\/blog\/#website"},"primaryImageOfPage":{"@id":"https:\/\/www.arenal.com\/blog\/mascara-led-facial#primaryimage"},"image":{"@id":"https:\/\/www.arenal.com\/blog\/mascara-led-facial#primaryimage"},"thumbnailUrl":"https:\/\/www.arenal.com\/blog\/wp-content\/uploads\/2025\/04\/mascara_led_facial_para_que_sirve.jpg","datePublished":"2025-04-09T18:00:00+00:00","dateModified":"2025-04-29T08:04:34+00:00","author":{"@id":"https:\/\/www.arenal.com\/blog\/#\/schema\/person\/75c321b161941947bdc15ffde9d6241f"},"description":"Descubre qu\u00e9 es una m\u00e1scara LED facial y para qu\u00e9 sirve. Conoce sus beneficios, colores y c\u00f3mo puede mejorar la salud de tu piel. \u00a1Luce un rostro radiante!","breadcrumb":{"@id":"https:\/\/www.arenal.com\/blog\/mascara-led-facial#breadcrumb"},"inLanguage":"es","potentialAction":[{"@type":"ReadAction","target":["https:\/\/www.arenal.com\/blog\/mascara-led-facial"]}]},{"@type":"ImageObject","inLanguage":"es","@id":"https:\/\/www.arenal.com\/blog\/mascara-led-facial#primaryimage","url":"https:\/\/www.arenal.com\/blog\/wp-content\/uploads\/2025\/04\/mascara_led_facial_para_que_sirve.jpg","contentUrl":"https:\/\/www.arenal.com\/blog\/wp-content\/uploads\/2025\/04\/mascara_led_facial_para_que_sirve.jpg","width":1140,"height":322},{"@type":"BreadcrumbList","@id":"https:\/\/www.arenal.com\/blog\/mascara-led-facial#breadcrumb","itemListElement":[{"@type":"ListItem","position":1,"name":"Maquillaje","item":"https:\/\/www.arenal.com\/blog\/consejos-y-rutinas-de-maquillaje"},{"@type":"ListItem","position":2,"name":"Dudas","item":"https:\/\/www.arenal.com\/blog\/consejos-y-rutinas-de-maquillaje\/dudas"},{"@type":"ListItem","position":3,"name":"M\u00e1scara led facial. \u00bfQu\u00e9 es y para qu\u00e9 sirve?\u00a0"}]},{"@type":"WebSite","@id":"https:\/\/www.arenal.com\/blog\/#website","url":"https:\/\/www.arenal.com\/blog\/","name":"Blog de Arenal","description":"","potentialAction":[{"@type":"SearchAction","target":{"@type":"EntryPoint","urlTemplate":"https:\/\/www.arenal.com\/blog\/?s={search_term_string}"},"query-input":{"@type":"PropertyValueSpecification","valueRequired":true,"valueName":"search_term_string"}}],"inLanguage":"es"},{"@type":"Person","@id":"https:\/\/www.arenal.com\/blog\/#\/schema\/person\/75c321b161941947bdc15ffde9d6241f","name":"arenal","image":{"@type":"ImageObject","inLanguage":"es","@id":"https:\/\/secure.gravatar.com\/avatar\/e930b117f1433c3126018d5f63c8b2d59f2a86bdb0425d8e5c9b3c027c902408?s=96&d=mm&r=g","url":"https:\/\/secure.gravatar.com\/avatar\/e930b117f1433c3126018d5f63c8b2d59f2a86bdb0425d8e5c9b3c027c902408?s=96&d=mm&r=g","contentUrl":"https:\/\/secure.gravatar.com\/avatar\/e930b117f1433c3126018d5f63c8b2d59f2a86bdb0425d8e5c9b3c027c902408?s=96&d=mm&r=g","caption":"arenal"},"url":"https:\/\/www.arenal.com\/blog\/author\/arenal"}]}},"_links":{"self":[{"href":"https:\/\/www.arenal.com\/blog\/wp-json\/wp\/v2\/posts\/7291","targetHints":{"allow":["GET"]}}],"collection":[{"href":"https:\/\/www.arenal.com\/blog\/wp-json\/wp\/v2\/posts"}],"about":[{"href":"https:\/\/www.arenal.com\/blog\/wp-json\/wp\/v2\/types\/post"}],"author":[{"embeddable":true,"href":"https:\/\/www.arenal.com\/blog\/wp-json\/wp\/v2\/users\/2"}],"replies":[{"embeddable":true,"href":"https:\/\/www.arenal.com\/blog\/wp-json\/wp\/v2\/comments?post=7291"}],"version-history":[{"count":2,"href":"https:\/\/www.arenal.com\/blog\/wp-json\/wp\/v2\/posts\/7291\/revisions"}],"predecessor-version":[{"id":7294,"href":"https:\/\/www.arenal.com\/blog\/wp-json\/wp\/v2\/posts\/7291\/revisions\/7294"}],"wp:featuredmedia":[{"embeddable":true,"href":"https:\/\/www.arenal.com\/blog\/wp-json\/wp\/v2\/media\/7283"}],"wp:attachment":[{"href":"https:\/\/www.arenal.com\/blog\/wp-json\/wp\/v2\/media?parent=7291"}],"wp:term":[{"taxonomy":"category","embeddable":true,"href":"https:\/\/www.arenal.com\/blog\/wp-json\/wp\/v2\/categories?post=7291"},{"taxonomy":"post_tag","embeddable":true,"href":"https:\/\/www.arenal.com\/blog\/wp-json\/wp\/v2\/tags?post=7291"}],"curies":[{"name":"wp","href":"https:\/\/api.w.org\/{rel}","templated":true}]}}