{"id":7143,"date":"2025-02-17T13:56:34","date_gmt":"2025-02-17T12:56:34","guid":{"rendered":"https:\/\/www.arenal.com\/blog\/?p=7143"},"modified":"2025-02-25T10:26:35","modified_gmt":"2025-02-25T09:26:35","slug":"corte-bixie","status":"publish","type":"post","link":"https:\/\/www.arenal.com\/blog\/corte-bixie","title":{"rendered":"Conoce el corte bixie, el peinado que arrasa esta temporada"},"content":{"rendered":"\n<p>El mundo de la moda y la belleza est\u00e1 lleno de tendencias que van y vienen, pero pocas logran quedarse y marcar un antes y un despu\u00e9s. Este es el caso del <strong>corte bixie<\/strong>, un estilo que combina la frescura del pixie con la elegancia del bob, creando un peinado \u00fanico que est\u00e1 conquistando a mujeres de todas las edades. Si est\u00e1s buscando un cambio de look que sea <strong>vers\u00e1til, moderno y lleno de personalidad<\/strong>, el corte bixie podr\u00eda ser tu mejor opci\u00f3n.<\/p>\n\n\n\n<div id=\"ez-toc-container\" class=\"ez-toc-v2_0_82_2 counter-hierarchy ez-toc-counter ez-toc-custom ez-toc-container-direction\">\n<div class=\"ez-toc-title-container\">\n<p class=\"ez-toc-title\" style=\"cursor:inherit\">Indice de contenidos<\/p>\n<span class=\"ez-toc-title-toggle\"><a href=\"#\" class=\"ez-toc-pull-right ez-toc-btn ez-toc-btn-xs ez-toc-btn-default ez-toc-toggle\" aria-label=\"Alternar tabla de contenidos\"><span class=\"ez-toc-js-icon-con\"><span class=\"\"><span class=\"eztoc-hide\" style=\"display:none;\">Toggle<\/span><span class=\"ez-toc-icon-toggle-span\"><svg style=\"fill: #000000;color:#000000\" xmlns=\"http:\/\/www.w3.org\/2000\/svg\" class=\"list-377408\" width=\"20px\" height=\"20px\" viewBox=\"0 0 24 24\" fill=\"none\"><path d=\"M6 6H4v2h2V6zm14 0H8v2h12V6zM4 11h2v2H4v-2zm16 0H8v2h12v-2zM4 16h2v2H4v-2zm16 0H8v2h12v-2z\" fill=\"currentColor\"><\/path><\/svg><svg style=\"fill: #000000;color:#000000\" class=\"arrow-unsorted-368013\" xmlns=\"http:\/\/www.w3.org\/2000\/svg\" width=\"10px\" height=\"10px\" viewBox=\"0 0 24 24\" version=\"1.2\" baseProfile=\"tiny\"><path d=\"M18.2 9.3l-6.2-6.3-6.2 6.3c-.2.2-.3.4-.3.7s.1.5.3.7c.2.2.4.3.7.3h11c.3 0 .5-.1.7-.3.2-.2.3-.5.3-.7s-.1-.5-.3-.7zM5.8 14.7l6.2 6.3 6.2-6.3c.2-.2.3-.5.3-.7s-.1-.5-.3-.7c-.2-.2-.4-.3-.7-.3h-11c-.3 0-.5.1-.7.3-.2.2-.3.5-.3.7s.1.5.3.7z\"\/><\/svg><\/span><\/span><\/span><\/a><\/span><\/div>\n<nav><ul class='ez-toc-list ez-toc-list-level-1 ' ><li class='ez-toc-page-1 ez-toc-heading-level-2'><a class=\"ez-toc-link ez-toc-heading-1\" href=\"https:\/\/www.arenal.com\/blog\/corte-bixie\/#%C2%BFQue_es_el_corte_bixie\" >\u00bfQu\u00e9 es el corte bixie?<\/a><\/li><li class='ez-toc-page-1 ez-toc-heading-level-2'><a class=\"ez-toc-link ez-toc-heading-2\" href=\"https:\/\/www.arenal.com\/blog\/corte-bixie\/#%C2%BFA_quien_favorece_el_corte_de_pelo_bixie\" >\u00bfA qui\u00e9n favorece el corte de pelo bixie?<\/a><\/li><li class='ez-toc-page-1 ez-toc-heading-level-2'><a class=\"ez-toc-link ez-toc-heading-3\" href=\"https:\/\/www.arenal.com\/blog\/corte-bixie\/#Corte_bixie_en_casa_%C2%BFque_necesitas\" >Corte bixie en casa: \u00bfqu\u00e9 necesitas?<\/a><\/li><li class='ez-toc-page-1 ez-toc-heading-level-2'><a class=\"ez-toc-link ez-toc-heading-4\" href=\"https:\/\/www.arenal.com\/blog\/corte-bixie\/#Como_combinar_tu_corte_bixie\" >C\u00f3mo combinar tu corte bixie<\/a><\/li><li class='ez-toc-page-1 ez-toc-heading-level-2'><a class=\"ez-toc-link ez-toc-heading-5\" href=\"https:\/\/www.arenal.com\/blog\/corte-bixie\/#Bixie_despuntado_%C2%A1dale_un_giro_a_este_corte\" >Bixie despuntado: \u00a1dale un giro a este corte!<\/a><\/li><\/ul><\/nav><\/div>\n<h2 class=\"wp-block-heading\"><span class=\"ez-toc-section\" id=\"%C2%BFQue_es_el_corte_bixie\"><\/span>\u00bfQu\u00e9 es el corte bixie?<span class=\"ez-toc-section-end\"><\/span><\/h2>\n\n\n\n<p>El <strong>corte bixie<\/strong> es una fusi\u00f3n perfecta entre el cl\u00e1sico corte pixie y el atemporal corte bob. De ah\u00ed deriva su nombre, una mezcla entre ambos estilos. Este peinado se caracteriza por ser ligeramente m\u00e1s largo que el pixie pero m\u00e1s corto que el bob, lo que le aporta un equilibrio entre frescura y sofisticaci\u00f3n. Su longitud suele alcanzar la mand\u00edbula o ligeramente por debajo, y su textura es fundamental para darle movimiento y un acabado natural.<\/p>\n\n\n\n<p>Aunque inicialmente podr\u00eda parecer un corte simple, el <strong>bixie haircut<\/strong> ofrece m\u00faltiples variaciones que se adaptan a diferentes tipos de cabello y formas de rostro. Desde un <strong>bixie despuntado<\/strong> hasta versiones m\u00e1s pulidas, este peinado permite personalizaci\u00f3n para lograr un estilo \u00fanico.<\/p>\n\n\n\n<figure class=\"wp-block-image size-large\"><img loading=\"lazy\" decoding=\"async\" width=\"1024\" height=\"683\" src=\"https:\/\/www.arenal.com\/blog\/wp-content\/uploads\/2025\/02\/corte_de_pelo_bixie_arenal-1024x683.jpg\" alt=\"\" class=\"wp-image-7142\" srcset=\"https:\/\/www.arenal.com\/blog\/wp-content\/uploads\/2025\/02\/corte_de_pelo_bixie_arenal-1024x683.jpg 1024w, https:\/\/www.arenal.com\/blog\/wp-content\/uploads\/2025\/02\/corte_de_pelo_bixie_arenal-300x200.jpg 300w, https:\/\/www.arenal.com\/blog\/wp-content\/uploads\/2025\/02\/corte_de_pelo_bixie_arenal-768x512.jpg 768w, https:\/\/www.arenal.com\/blog\/wp-content\/uploads\/2025\/02\/corte_de_pelo_bixie_arenal-scaled.jpg 1140w\" sizes=\"auto, (max-width: 1024px) 100vw, 1024px\" \/><\/figure>\n\n\n\n<h2 class=\"wp-block-heading\"><span class=\"ez-toc-section\" id=\"%C2%BFA_quien_favorece_el_corte_de_pelo_bixie\"><\/span>\u00bfA qui\u00e9n favorece el corte de pelo bixie?<span class=\"ez-toc-section-end\"><\/span><\/h2>\n\n\n\n<p>De entre todos los <a href=\"https:\/\/www.arenal.com\/blog\/tendencias-cortes-de-pelo-mujer-2020\">cortes de pelo de mujer<\/a>, \u00bfpor qu\u00e9 deber\u00edas elegir el bixie? El <strong>corte de pelo bixie<\/strong> tiene la ventaja de ser muy vers\u00e1til, por lo que favorece a una amplia variedad de personas. Este estilo es ideal para quienes desean un cambio radical pero no est\u00e1n dispuestas a optar por un corte extremadamente corto. Adem\u00e1s, su longitud media permite mantener algo de volumen y textura, lo que resulta perfecto para destacar los rasgos faciales.<\/p>\n\n\n\n<p style=\"margin-left:25px;\"><strong>\u25cf<\/strong> <strong>Rostros ovalados<\/strong>: Este tipo de rostro es el m\u00e1s vers\u00e1til, por lo que el bixie encaja a la perfecci\u00f3n. Puedes jugar con capas y flequillos para a\u00f1adir un toque \u00fanico.<\/p>\n\n\n\n<p style=\"margin-left:25px;\"><strong>\u25cf<\/strong> <strong>Rostros redondos<\/strong>: Si tienes la cara redonda, opta por un bixie con capas m\u00e1s largas en los laterales para alargar visualmente el rostro.<\/p>\n\n\n\n<p style=\"margin-left:25px;\"><strong>\u25cf<\/strong> <strong>Rostros cuadrados o angulosos<\/strong>: Un <strong>bixie despuntado<\/strong> con un acabado suave ayuda a equilibrar los rasgos m\u00e1s marcados, aportando un aire delicado y moderno.<\/p>\n\n\n\n<p>En cuanto al tipo de cabello, este corte funciona bien tanto en cabellos lisos como en ondulados. Incluso si buscas <a href=\"https:\/\/www.arenal.com\/blog\/peinados-pelo-rizado\">peinados rizados<\/a>, un bixie puede funcionar bien, siempre que se a\u00f1adan capas estrat\u00e9gicas para controlar el volumen y definir el peinado. Si tienes el pelo fino, este corte maximizar\u00e1 el efecto volumen.<\/p>\n\n\n\n<figure class=\"wp-block-image size-large\"><img loading=\"lazy\" decoding=\"async\" width=\"1024\" height=\"683\" src=\"https:\/\/www.arenal.com\/blog\/wp-content\/uploads\/2025\/02\/corte_pelo_bixie_arenal-1024x683.jpg\" alt=\"\" class=\"wp-image-7141\" srcset=\"https:\/\/www.arenal.com\/blog\/wp-content\/uploads\/2025\/02\/corte_pelo_bixie_arenal-1024x683.jpg 1024w, https:\/\/www.arenal.com\/blog\/wp-content\/uploads\/2025\/02\/corte_pelo_bixie_arenal-300x200.jpg 300w, https:\/\/www.arenal.com\/blog\/wp-content\/uploads\/2025\/02\/corte_pelo_bixie_arenal-768x512.jpg 768w, https:\/\/www.arenal.com\/blog\/wp-content\/uploads\/2025\/02\/corte_pelo_bixie_arenal-scaled.jpg 1140w\" sizes=\"auto, (max-width: 1024px) 100vw, 1024px\" \/><\/figure>\n\n\n\n<h2 class=\"wp-block-heading\"><span class=\"ez-toc-section\" id=\"Corte_bixie_en_casa_%C2%BFque_necesitas\"><\/span>Corte bixie en casa: \u00bfqu\u00e9 necesitas?<span class=\"ez-toc-section-end\"><\/span><\/h2>\n\n\n\n<p>Si te sientes aventurera y prefieres probar el <strong>bixie cut<\/strong> en casa, es importante contar con las herramientas adecuadas y seguir algunos pasos b\u00e1sicos. Saber <a href=\"https:\/\/www.arenal.com\/blog\/cortar-pelo-en-casa\">c\u00f3mo cortarse el pelo en casa<\/a> ayuda a ahorrar mucho dinero, aunque es recomendable acudir a un profesional para obtener un acabado perfecto. Con estos consejos podr\u00e1s dar tus primeros pasos y hacerte un corte pelo bixie fant\u00e1stico:<\/p>\n\n\n\n<p>1. <strong>Herramientas b\u00e1sicas<\/strong>: Necesitar\u00e1s unas tijeras de peluquer\u00eda, una m\u00e1quina cortapelos para definir las capas inferiores, un peine de dientes finos y pinzas para sujetar el cabello.<\/p>\n\n\n\n<p>2. <strong>Preparaci\u00f3n del cabello<\/strong>: Lava y seca tu cabello antes de comenzar. Es m\u00e1s f\u00e1cil trabajar con el pelo limpio y seco, ya que podr\u00e1s observar c\u00f3mo se asienta el corte de forma natural.<\/p>\n\n\n\n<p>3. <strong>Divide el cabello en secciones<\/strong>: Comienza separando el cabello en varias partes. Esto te permitir\u00e1 trabajar capa por capa para lograr un corte uniforme.<\/p>\n\n\n\n<p>4. <strong>Corta con cuidado<\/strong>: Empieza por las capas inferiores, dejando m\u00e1s longitud en la parte superior para crear el <a href=\"https:\/\/www.arenal.com\/blog\/pelo-con-mas-volumen\">volumen en el pelo<\/a> caracter\u00edstico del bixie.<\/p>\n\n\n\n<p>5. <strong>Despuntado para el acabado final<\/strong>: Si deseas un estilo m\u00e1s desenfadado, utiliza la t\u00e9cnica de despuntado. Esto dar\u00e1 textura y movimiento a tu corte.<\/p>\n\n\n\n<p>Aunque hacerlo en casa es una opci\u00f3n, un profesional podr\u00e1 asesorarte sobre la mejor versi\u00f3n del <strong>corte bixie<\/strong> para tu rostro y tipo de cabello.<\/p>\n\n\n\n<h2 class=\"wp-block-heading\"><span class=\"ez-toc-section\" id=\"Como_combinar_tu_corte_bixie\"><\/span>C\u00f3mo combinar tu corte bixie<span class=\"ez-toc-section-end\"><\/span><\/h2>\n\n\n\n<p>Una de las mayores ventajas del <strong>bixie haircut<\/strong> es su versatilidad a la hora de combinarlo con diferentes estilos y accesorios. Aqu\u00ed te dejamos algunas ideas para sacarle el m\u00e1ximo partido:<\/p>\n\n\n\n<p style=\"margin-left:25px;\"><strong>\u25cf<\/strong> <strong>Flequillos<\/strong>: A\u00f1adir un flequillo puede transformar completamente tu bixie. Un flequillo lateral aporta elegancia, mientras que uno recto puede a\u00f1adir un toque juvenil y atrevido.<\/p>\n\n\n\n<p style=\"margin-left:25px;\"><strong>\u25cf<\/strong> <strong>Texturizadores y productos<\/strong>: Usa productos como ceras o espumas para dar textura y definici\u00f3n a tu cabello. Esto es especialmente \u00fatil si optas por un bixie despuntado.<\/p>\n\n\n\n<p style=\"margin-left:25px;\"><strong>\u25cf<\/strong> <strong><u><a href=\"https:\/\/www.arenal.com\/cabello\/complementos-para-el-cabello\/c\/1_0000000975\">Accesorios para el pelo<\/a><\/u><\/strong>: <a href=\"https:\/\/www.arenal.com\/cabello\/complementos-para-el-cabello\/diademas\/c\/1_0000000981\">Diademas<\/a>, pasadores y <a href=\"https:\/\/www.arenal.com\/cabello\/complementos-para-el-cabello\/horquillas-y-pinzas\/c\/1_0000000979\">horquillas de pelo<\/a> o pa\u00f1uelos pueden a\u00f1adir un toque extra de personalidad. Son ideales para ocasiones especiales o para cambiar tu look en segundos.<\/p>\n\n\n\n<p style=\"margin-left:25px;\"><strong>\u25cf<\/strong> <strong><u><a href=\"https:\/\/www.arenal.com\/cabello\/coloracion\/c\/1_0000000991\">Coloraci\u00f3n<\/a><\/u><\/strong>: Si est\u00e1s buscando un cambio a\u00fan m\u00e1s radical, <a href=\"https:\/\/www.arenal.com\/blog\/como-tenir-pelo-en-casa\">te\u00f1irse el pelo en casa<\/a> con mechas o colores de moda es la mejor opci\u00f3n. Los tonos pastel o balayage funcionan muy bien con el bixie.<\/p>\n\n\n\n<figure class=\"wp-block-gallery has-nested-images columns-default is-cropped wp-block-gallery-1 is-layout-flex wp-block-gallery-is-layout-flex\">\n<figure class=\"wp-block-image size-large\"><img loading=\"lazy\" decoding=\"async\" width=\"1024\" height=\"683\" data-id=\"7139\" src=\"https:\/\/www.arenal.com\/blog\/wp-content\/uploads\/2025\/02\/pelo_bixie_arenal-1024x683.jpg\" alt=\"\" class=\"wp-image-7139\" srcset=\"https:\/\/www.arenal.com\/blog\/wp-content\/uploads\/2025\/02\/pelo_bixie_arenal-1024x683.jpg 1024w, https:\/\/www.arenal.com\/blog\/wp-content\/uploads\/2025\/02\/pelo_bixie_arenal-300x200.jpg 300w, https:\/\/www.arenal.com\/blog\/wp-content\/uploads\/2025\/02\/pelo_bixie_arenal-768x512.jpg 768w, https:\/\/www.arenal.com\/blog\/wp-content\/uploads\/2025\/02\/pelo_bixie_arenal.jpg 1140w\" sizes=\"auto, (max-width: 1024px) 100vw, 1024px\" \/><\/figure>\n<\/figure>\n\n\n\n<h2 class=\"wp-block-heading\"><span class=\"ez-toc-section\" id=\"Bixie_despuntado_%C2%A1dale_un_giro_a_este_corte\"><\/span>Bixie despuntado: \u00a1dale un giro a este corte!<span class=\"ez-toc-section-end\"><\/span><\/h2>\n\n\n\n<p>El <strong>bixie despuntado<\/strong> es una variante del corte bixie que se caracteriza por su acabado irregular y desenfadado. Este estilo es perfecto si buscas un look moderno, lleno de personalidad y con un aire juvenil. Las puntas desiguales y las capas estrat\u00e9gicamente cortadas a\u00f1aden movimiento y dimensi\u00f3n al peinado, convirti\u00e9ndolo en una opci\u00f3n ideal para quienes desean un toque m\u00e1s informal.<\/p>\n\n\n\n<p>Para lograr un <strong>bixie despuntado<\/strong>, es fundamental trabajar con la textura del cabello. Esto se consigue utilizando tijeras de entresacar o incluso con t\u00e9cnicas como el corte a navaja. Adem\u00e1s, aplicar productos texturizantes como ceras o sprays ayudar\u00e1 a definir las puntas y mantener ese acabado desenfadado.<\/p>\n\n\n\n<p>El bixie despuntado tambi\u00e9n es ideal para quienes desean un corte f\u00e1cil de mantener. Su longitud intermedia y su textura natural hacen que sea sencillo de peinar y estilizar en el d\u00eda a d\u00eda.<\/p>\n\n\n\n<p>Su capacidad de adaptarse a diferentes formas de rostro, tipos de cabello y estilos lo convierten en una opci\u00f3n vers\u00e1til y atractiva. Ya sea que optes por un <strong>bixie cut<\/strong> cl\u00e1sico o te atrevas con un <strong>bixie despuntado<\/strong>, este peinado seguramente te har\u00e1 destacar y sentirte renovada.<\/p>\n\n\n\n<p>Si est\u00e1s considerando un cambio de look, no dudes en probar el corte bixie. Es moderno, pr\u00e1ctico y lleno de posibilidades para adaptarlo a tu propio estilo. \u00a1Atr\u00e9vete a transformar tu imagen con este corte que est\u00e1 arrasando esta temporada!<\/p>\n","protected":false},"excerpt":{"rendered":"<p>El mundo de la moda y la belleza est\u00e1 lleno de tendencias que van y vienen, pero pocas logran quedarse<\/p>\n","protected":false},"author":2,"featured_media":7140,"comment_status":"open","ping_status":"open","sticky":false,"template":"","format":"standard","meta":{"footnotes":""},"categories":[234,235],"tags":[642,648],"class_list":["post-7143","post","type-post","status-publish","format-standard","has-post-thumbnail","hentry","category-cuidado-del-cabello","category-hogar","tag-cabello","tag-peinados"],"featured_image_src":"https:\/\/www.arenal.com\/blog\/wp-content\/uploads\/2025\/02\/que_es_corte_bixie.jpg","author_info":{"display_name":"arenal","author_link":"https:\/\/www.arenal.com\/blog\/author\/arenal"},"yoast_head":"<!-- This site is optimized with the Yoast SEO plugin v27.4 - https:\/\/yoast.com\/product\/yoast-seo-wordpress\/ -->\n<title>Conoce el corte bixie, el peinado que arrasa esta temporada<\/title>\n<meta name=\"description\" content=\"Conoce el corte bixie, la tendencia de los a\u00f1os 90 que vuelve a llevarse.\" \/>\n<meta name=\"robots\" content=\"index, follow, max-snippet:-1, max-image-preview:large, max-video-preview:-1\" \/>\n<link rel=\"canonical\" href=\"https:\/\/www.arenal.com\/blog\/corte-bixie\" \/>\n<meta property=\"og:locale\" content=\"es_ES\" \/>\n<meta property=\"og:type\" content=\"article\" \/>\n<meta property=\"og:title\" content=\"Conoce el corte bixie, el peinado que arrasa esta temporada\" \/>\n<meta property=\"og:description\" content=\"Conoce el corte bixie, la tendencia de los a\u00f1os 90 que vuelve a llevarse.\" \/>\n<meta property=\"og:url\" content=\"https:\/\/www.arenal.com\/blog\/corte-bixie\" \/>\n<meta property=\"og:site_name\" content=\"Blog de Arenal\" \/>\n<meta property=\"article:published_time\" content=\"2025-02-17T12:56:34+00:00\" \/>\n<meta property=\"article:modified_time\" content=\"2025-02-25T09:26:35+00:00\" \/>\n<meta property=\"og:image\" content=\"https:\/\/www.arenal.com\/blog\/wp-content\/uploads\/2025\/02\/que_es_corte_bixie.jpg\" \/>\n\t<meta property=\"og:image:width\" content=\"1140\" \/>\n\t<meta property=\"og:image:height\" content=\"322\" \/>\n\t<meta property=\"og:image:type\" content=\"image\/jpeg\" \/>\n<meta name=\"author\" content=\"arenal\" \/>\n<meta name=\"twitter:card\" content=\"summary_large_image\" \/>\n<meta name=\"twitter:label1\" content=\"Escrito por\" \/>\n\t<meta name=\"twitter:data1\" content=\"arenal\" \/>\n\t<meta name=\"twitter:label2\" content=\"Tiempo de lectura\" \/>\n\t<meta name=\"twitter:data2\" content=\"6 minutos\" \/>\n<script type=\"application\/ld+json\" class=\"yoast-schema-graph\">{\"@context\":\"https:\\\/\\\/schema.org\",\"@graph\":[{\"@type\":\"Article\",\"@id\":\"https:\\\/\\\/www.arenal.com\\\/blog\\\/corte-bixie#article\",\"isPartOf\":{\"@id\":\"https:\\\/\\\/www.arenal.com\\\/blog\\\/corte-bixie\"},\"author\":{\"name\":\"arenal\",\"@id\":\"https:\\\/\\\/www.arenal.com\\\/blog\\\/#\\\/schema\\\/person\\\/75c321b161941947bdc15ffde9d6241f\"},\"headline\":\"Conoce el corte bixie, el peinado que arrasa esta temporada\",\"datePublished\":\"2025-02-17T12:56:34+00:00\",\"dateModified\":\"2025-02-25T09:26:35+00:00\",\"mainEntityOfPage\":{\"@id\":\"https:\\\/\\\/www.arenal.com\\\/blog\\\/corte-bixie\"},\"wordCount\":1127,\"commentCount\":0,\"image\":{\"@id\":\"https:\\\/\\\/www.arenal.com\\\/blog\\\/corte-bixie#primaryimage\"},\"thumbnailUrl\":\"https:\\\/\\\/www.arenal.com\\\/blog\\\/wp-content\\\/uploads\\\/2025\\\/02\\\/que_es_corte_bixie.jpg\",\"keywords\":[\"cabello\",\"Peinados\"],\"articleSection\":[\"Cuidado del cabello\",\"Hogar\"],\"inLanguage\":\"es\",\"potentialAction\":[{\"@type\":\"CommentAction\",\"name\":\"Comment\",\"target\":[\"https:\\\/\\\/www.arenal.com\\\/blog\\\/corte-bixie#respond\"]}]},{\"@type\":\"WebPage\",\"@id\":\"https:\\\/\\\/www.arenal.com\\\/blog\\\/corte-bixie\",\"url\":\"https:\\\/\\\/www.arenal.com\\\/blog\\\/corte-bixie\",\"name\":\"Conoce el corte bixie, el peinado que arrasa esta temporada\",\"isPartOf\":{\"@id\":\"https:\\\/\\\/www.arenal.com\\\/blog\\\/#website\"},\"primaryImageOfPage\":{\"@id\":\"https:\\\/\\\/www.arenal.com\\\/blog\\\/corte-bixie#primaryimage\"},\"image\":{\"@id\":\"https:\\\/\\\/www.arenal.com\\\/blog\\\/corte-bixie#primaryimage\"},\"thumbnailUrl\":\"https:\\\/\\\/www.arenal.com\\\/blog\\\/wp-content\\\/uploads\\\/2025\\\/02\\\/que_es_corte_bixie.jpg\",\"datePublished\":\"2025-02-17T12:56:34+00:00\",\"dateModified\":\"2025-02-25T09:26:35+00:00\",\"author\":{\"@id\":\"https:\\\/\\\/www.arenal.com\\\/blog\\\/#\\\/schema\\\/person\\\/75c321b161941947bdc15ffde9d6241f\"},\"description\":\"Conoce el corte bixie, la tendencia de los a\u00f1os 90 que vuelve a llevarse.\",\"breadcrumb\":{\"@id\":\"https:\\\/\\\/www.arenal.com\\\/blog\\\/corte-bixie#breadcrumb\"},\"inLanguage\":\"es\",\"potentialAction\":[{\"@type\":\"ReadAction\",\"target\":[\"https:\\\/\\\/www.arenal.com\\\/blog\\\/corte-bixie\"]}]},{\"@type\":\"ImageObject\",\"inLanguage\":\"es\",\"@id\":\"https:\\\/\\\/www.arenal.com\\\/blog\\\/corte-bixie#primaryimage\",\"url\":\"https:\\\/\\\/www.arenal.com\\\/blog\\\/wp-content\\\/uploads\\\/2025\\\/02\\\/que_es_corte_bixie.jpg\",\"contentUrl\":\"https:\\\/\\\/www.arenal.com\\\/blog\\\/wp-content\\\/uploads\\\/2025\\\/02\\\/que_es_corte_bixie.jpg\",\"width\":1140,\"height\":322},{\"@type\":\"BreadcrumbList\",\"@id\":\"https:\\\/\\\/www.arenal.com\\\/blog\\\/corte-bixie#breadcrumb\",\"itemListElement\":[{\"@type\":\"ListItem\",\"position\":1,\"name\":\"Hogar\",\"item\":\"https:\\\/\\\/www.arenal.com\\\/blog\\\/hogar\"},{\"@type\":\"ListItem\",\"position\":2,\"name\":\"Conoce el corte bixie, el peinado que arrasa esta temporada\"}]},{\"@type\":\"WebSite\",\"@id\":\"https:\\\/\\\/www.arenal.com\\\/blog\\\/#website\",\"url\":\"https:\\\/\\\/www.arenal.com\\\/blog\\\/\",\"name\":\"Blog de Arenal\",\"description\":\"\",\"potentialAction\":[{\"@type\":\"SearchAction\",\"target\":{\"@type\":\"EntryPoint\",\"urlTemplate\":\"https:\\\/\\\/www.arenal.com\\\/blog\\\/?s={search_term_string}\"},\"query-input\":{\"@type\":\"PropertyValueSpecification\",\"valueRequired\":true,\"valueName\":\"search_term_string\"}}],\"inLanguage\":\"es\"},{\"@type\":\"Person\",\"@id\":\"https:\\\/\\\/www.arenal.com\\\/blog\\\/#\\\/schema\\\/person\\\/75c321b161941947bdc15ffde9d6241f\",\"name\":\"arenal\",\"image\":{\"@type\":\"ImageObject\",\"inLanguage\":\"es\",\"@id\":\"https:\\\/\\\/secure.gravatar.com\\\/avatar\\\/e930b117f1433c3126018d5f63c8b2d59f2a86bdb0425d8e5c9b3c027c902408?s=96&d=mm&r=g\",\"url\":\"https:\\\/\\\/secure.gravatar.com\\\/avatar\\\/e930b117f1433c3126018d5f63c8b2d59f2a86bdb0425d8e5c9b3c027c902408?s=96&d=mm&r=g\",\"contentUrl\":\"https:\\\/\\\/secure.gravatar.com\\\/avatar\\\/e930b117f1433c3126018d5f63c8b2d59f2a86bdb0425d8e5c9b3c027c902408?s=96&d=mm&r=g\",\"caption\":\"arenal\"},\"url\":\"https:\\\/\\\/www.arenal.com\\\/blog\\\/author\\\/arenal\"}]}<\/script>\n<!-- \/ Yoast SEO plugin. -->","yoast_head_json":{"title":"Conoce el corte bixie, el peinado que arrasa esta temporada","description":"Conoce el corte bixie, la tendencia de los a\u00f1os 90 que vuelve a llevarse.","robots":{"index":"index","follow":"follow","max-snippet":"max-snippet:-1","max-image-preview":"max-image-preview:large","max-video-preview":"max-video-preview:-1"},"canonical":"https:\/\/www.arenal.com\/blog\/corte-bixie","og_locale":"es_ES","og_type":"article","og_title":"Conoce el corte bixie, el peinado que arrasa esta temporada","og_description":"Conoce el corte bixie, la tendencia de los a\u00f1os 90 que vuelve a llevarse.","og_url":"https:\/\/www.arenal.com\/blog\/corte-bixie","og_site_name":"Blog de Arenal","article_published_time":"2025-02-17T12:56:34+00:00","article_modified_time":"2025-02-25T09:26:35+00:00","og_image":[{"width":1140,"height":322,"url":"https:\/\/www.arenal.com\/blog\/wp-content\/uploads\/2025\/02\/que_es_corte_bixie.jpg","type":"image\/jpeg"}],"author":"arenal","twitter_card":"summary_large_image","twitter_misc":{"Escrito por":"arenal","Tiempo de lectura":"6 minutos"},"schema":{"@context":"https:\/\/schema.org","@graph":[{"@type":"Article","@id":"https:\/\/www.arenal.com\/blog\/corte-bixie#article","isPartOf":{"@id":"https:\/\/www.arenal.com\/blog\/corte-bixie"},"author":{"name":"arenal","@id":"https:\/\/www.arenal.com\/blog\/#\/schema\/person\/75c321b161941947bdc15ffde9d6241f"},"headline":"Conoce el corte bixie, el peinado que arrasa esta temporada","datePublished":"2025-02-17T12:56:34+00:00","dateModified":"2025-02-25T09:26:35+00:00","mainEntityOfPage":{"@id":"https:\/\/www.arenal.com\/blog\/corte-bixie"},"wordCount":1127,"commentCount":0,"image":{"@id":"https:\/\/www.arenal.com\/blog\/corte-bixie#primaryimage"},"thumbnailUrl":"https:\/\/www.arenal.com\/blog\/wp-content\/uploads\/2025\/02\/que_es_corte_bixie.jpg","keywords":["cabello","Peinados"],"articleSection":["Cuidado del cabello","Hogar"],"inLanguage":"es","potentialAction":[{"@type":"CommentAction","name":"Comment","target":["https:\/\/www.arenal.com\/blog\/corte-bixie#respond"]}]},{"@type":"WebPage","@id":"https:\/\/www.arenal.com\/blog\/corte-bixie","url":"https:\/\/www.arenal.com\/blog\/corte-bixie","name":"Conoce el corte bixie, el peinado que arrasa esta temporada","isPartOf":{"@id":"https:\/\/www.arenal.com\/blog\/#website"},"primaryImageOfPage":{"@id":"https:\/\/www.arenal.com\/blog\/corte-bixie#primaryimage"},"image":{"@id":"https:\/\/www.arenal.com\/blog\/corte-bixie#primaryimage"},"thumbnailUrl":"https:\/\/www.arenal.com\/blog\/wp-content\/uploads\/2025\/02\/que_es_corte_bixie.jpg","datePublished":"2025-02-17T12:56:34+00:00","dateModified":"2025-02-25T09:26:35+00:00","author":{"@id":"https:\/\/www.arenal.com\/blog\/#\/schema\/person\/75c321b161941947bdc15ffde9d6241f"},"description":"Conoce el corte bixie, la tendencia de los a\u00f1os 90 que vuelve a llevarse.","breadcrumb":{"@id":"https:\/\/www.arenal.com\/blog\/corte-bixie#breadcrumb"},"inLanguage":"es","potentialAction":[{"@type":"ReadAction","target":["https:\/\/www.arenal.com\/blog\/corte-bixie"]}]},{"@type":"ImageObject","inLanguage":"es","@id":"https:\/\/www.arenal.com\/blog\/corte-bixie#primaryimage","url":"https:\/\/www.arenal.com\/blog\/wp-content\/uploads\/2025\/02\/que_es_corte_bixie.jpg","contentUrl":"https:\/\/www.arenal.com\/blog\/wp-content\/uploads\/2025\/02\/que_es_corte_bixie.jpg","width":1140,"height":322},{"@type":"BreadcrumbList","@id":"https:\/\/www.arenal.com\/blog\/corte-bixie#breadcrumb","itemListElement":[{"@type":"ListItem","position":1,"name":"Hogar","item":"https:\/\/www.arenal.com\/blog\/hogar"},{"@type":"ListItem","position":2,"name":"Conoce el corte bixie, el peinado que arrasa esta temporada"}]},{"@type":"WebSite","@id":"https:\/\/www.arenal.com\/blog\/#website","url":"https:\/\/www.arenal.com\/blog\/","name":"Blog de Arenal","description":"","potentialAction":[{"@type":"SearchAction","target":{"@type":"EntryPoint","urlTemplate":"https:\/\/www.arenal.com\/blog\/?s={search_term_string}"},"query-input":{"@type":"PropertyValueSpecification","valueRequired":true,"valueName":"search_term_string"}}],"inLanguage":"es"},{"@type":"Person","@id":"https:\/\/www.arenal.com\/blog\/#\/schema\/person\/75c321b161941947bdc15ffde9d6241f","name":"arenal","image":{"@type":"ImageObject","inLanguage":"es","@id":"https:\/\/secure.gravatar.com\/avatar\/e930b117f1433c3126018d5f63c8b2d59f2a86bdb0425d8e5c9b3c027c902408?s=96&d=mm&r=g","url":"https:\/\/secure.gravatar.com\/avatar\/e930b117f1433c3126018d5f63c8b2d59f2a86bdb0425d8e5c9b3c027c902408?s=96&d=mm&r=g","contentUrl":"https:\/\/secure.gravatar.com\/avatar\/e930b117f1433c3126018d5f63c8b2d59f2a86bdb0425d8e5c9b3c027c902408?s=96&d=mm&r=g","caption":"arenal"},"url":"https:\/\/www.arenal.com\/blog\/author\/arenal"}]}},"_links":{"self":[{"href":"https:\/\/www.arenal.com\/blog\/wp-json\/wp\/v2\/posts\/7143","targetHints":{"allow":["GET"]}}],"collection":[{"href":"https:\/\/www.arenal.com\/blog\/wp-json\/wp\/v2\/posts"}],"about":[{"href":"https:\/\/www.arenal.com\/blog\/wp-json\/wp\/v2\/types\/post"}],"author":[{"embeddable":true,"href":"https:\/\/www.arenal.com\/blog\/wp-json\/wp\/v2\/users\/2"}],"replies":[{"embeddable":true,"href":"https:\/\/www.arenal.com\/blog\/wp-json\/wp\/v2\/comments?post=7143"}],"version-history":[{"count":2,"href":"https:\/\/www.arenal.com\/blog\/wp-json\/wp\/v2\/posts\/7143\/revisions"}],"predecessor-version":[{"id":7145,"href":"https:\/\/www.arenal.com\/blog\/wp-json\/wp\/v2\/posts\/7143\/revisions\/7145"}],"wp:featuredmedia":[{"embeddable":true,"href":"https:\/\/www.arenal.com\/blog\/wp-json\/wp\/v2\/media\/7140"}],"wp:attachment":[{"href":"https:\/\/www.arenal.com\/blog\/wp-json\/wp\/v2\/media?parent=7143"}],"wp:term":[{"taxonomy":"category","embeddable":true,"href":"https:\/\/www.arenal.com\/blog\/wp-json\/wp\/v2\/categories?post=7143"},{"taxonomy":"post_tag","embeddable":true,"href":"https:\/\/www.arenal.com\/blog\/wp-json\/wp\/v2\/tags?post=7143"}],"curies":[{"name":"wp","href":"https:\/\/api.w.org\/{rel}","templated":true}]}}