{"id":6864,"date":"2024-12-18T18:50:00","date_gmt":"2024-12-18T17:50:00","guid":{"rendered":"https:\/\/www.arenal.com\/blog\/?p=6864"},"modified":"2025-02-25T10:26:38","modified_gmt":"2025-02-25T09:26:38","slug":"tintes-blancos-pelo","status":"publish","type":"post","link":"https:\/\/www.arenal.com\/blog\/tintes-blancos-pelo","title":{"rendered":"Tintes blancos \u00bfquieres una melena blanca como la nieve?\u00a0"},"content":{"rendered":"\n<p>El <strong>cabello rubio platino<\/strong> siempre ha sido muy popular pero desde hace unos a\u00f1os se ha ido popularizando una nueva tendencia que lleva la decoloraci\u00f3n un paso m\u00e1s all\u00e1: los <strong>tintes blancos<\/strong>. Tanto mujeres como hombres se ven cautivados por este look, que ofrece una apariencia entre m\u00edstica y futurista pero llena de elegancia.&nbsp;<\/p>\n\n\n\n<p>Si sientes curiosidad por c\u00f3mo se puede lograr lucir un cabello blanco impecable y si puede ser el cambio de estilo que estabas buscando, te recomendamos que sigas leyendo porque te lo vamos a contar todo sobre los <strong>tintes blancos<\/strong>, c\u00f3mo aplicarlos y c\u00f3mo mantenerlos para lucir siempre una radiante melena blanca como la nieve reci\u00e9n ca\u00edda.&nbsp;<\/p>\n\n\n\n<div id=\"ez-toc-container\" class=\"ez-toc-v2_0_82_2 counter-hierarchy ez-toc-counter ez-toc-custom ez-toc-container-direction\">\n<div class=\"ez-toc-title-container\">\n<p class=\"ez-toc-title\" style=\"cursor:inherit\">Indice de contenidos<\/p>\n<span class=\"ez-toc-title-toggle\"><a href=\"#\" class=\"ez-toc-pull-right ez-toc-btn ez-toc-btn-xs ez-toc-btn-default ez-toc-toggle\" aria-label=\"Alternar tabla de contenidos\"><span class=\"ez-toc-js-icon-con\"><span class=\"\"><span class=\"eztoc-hide\" style=\"display:none;\">Toggle<\/span><span class=\"ez-toc-icon-toggle-span\"><svg style=\"fill: #000000;color:#000000\" xmlns=\"http:\/\/www.w3.org\/2000\/svg\" class=\"list-377408\" width=\"20px\" height=\"20px\" viewBox=\"0 0 24 24\" fill=\"none\"><path d=\"M6 6H4v2h2V6zm14 0H8v2h12V6zM4 11h2v2H4v-2zm16 0H8v2h12v-2zM4 16h2v2H4v-2zm16 0H8v2h12v-2z\" fill=\"currentColor\"><\/path><\/svg><svg style=\"fill: #000000;color:#000000\" class=\"arrow-unsorted-368013\" xmlns=\"http:\/\/www.w3.org\/2000\/svg\" width=\"10px\" height=\"10px\" viewBox=\"0 0 24 24\" version=\"1.2\" baseProfile=\"tiny\"><path d=\"M18.2 9.3l-6.2-6.3-6.2 6.3c-.2.2-.3.4-.3.7s.1.5.3.7c.2.2.4.3.7.3h11c.3 0 .5-.1.7-.3.2-.2.3-.5.3-.7s-.1-.5-.3-.7zM5.8 14.7l6.2 6.3 6.2-6.3c.2-.2.3-.5.3-.7s-.1-.5-.3-.7c-.2-.2-.4-.3-.7-.3h-11c-.3 0-.5.1-.7.3-.2.2-.3.5-.3.7s.1.5.3.7z\"\/><\/svg><\/span><\/span><\/span><\/a><\/span><\/div>\n<nav><ul class='ez-toc-list ez-toc-list-level-1 ' ><li class='ez-toc-page-1 ez-toc-heading-level-2'><a class=\"ez-toc-link ez-toc-heading-1\" href=\"https:\/\/www.arenal.com\/blog\/tintes-blancos-pelo\/#%C2%BFQue_son_los_tintes_blancos_para_cabello\" >\u00bfQu\u00e9 son los tintes blancos para cabello?&nbsp;<\/a><\/li><li class='ez-toc-page-1 ez-toc-heading-level-2'><a class=\"ez-toc-link ez-toc-heading-2\" href=\"https:\/\/www.arenal.com\/blog\/tintes-blancos-pelo\/#Tipos_de_tintes_rubios_blancos\" >Tipos de tintes rubios blancos&nbsp;<\/a><\/li><li class='ez-toc-page-1 ez-toc-heading-level-2'><a class=\"ez-toc-link ez-toc-heading-3\" href=\"https:\/\/www.arenal.com\/blog\/tintes-blancos-pelo\/#Tenirse_de_blanco_el_pelo_%C2%BFmoda_pasajera_o_estilo_duradero\" >Te\u00f1irse de blanco el pelo: \u00bfmoda pasajera o estilo duradero?&nbsp;<\/a><\/li><li class='ez-toc-page-1 ez-toc-heading-level-2'><a class=\"ez-toc-link ez-toc-heading-4\" href=\"https:\/\/www.arenal.com\/blog\/tintes-blancos-pelo\/#%C2%BFComo_utilizar_tintes_blancos\" >\u00bfC\u00f3mo utilizar tintes blancos?&nbsp;<\/a><\/li><li class='ez-toc-page-1 ez-toc-heading-level-2'><a class=\"ez-toc-link ez-toc-heading-5\" href=\"https:\/\/www.arenal.com\/blog\/tintes-blancos-pelo\/#%C2%BFCuanto_dura_el_tinte_blanco_en_el_cabello\" >\u00bfCu\u00e1nto dura el tinte blanco en el cabello?&nbsp;<\/a><\/li><li class='ez-toc-page-1 ez-toc-heading-level-2'><a class=\"ez-toc-link ez-toc-heading-6\" href=\"https:\/\/www.arenal.com\/blog\/tintes-blancos-pelo\/#Mantenimiento_de_los_tintes_blancos\" >Mantenimiento de los tintes blancos&nbsp;<\/a><\/li><\/ul><\/nav><\/div>\n<h2 class=\"wp-block-heading\"><span class=\"ez-toc-section\" id=\"%C2%BFQue_son_los_tintes_blancos_para_cabello\"><\/span>\u00bfQu\u00e9 son los tintes blancos para cabello?&nbsp;<span class=\"ez-toc-section-end\"><\/span><\/h2>\n\n\n\n<p>Los <strong>tintes blancos para cabello<\/strong> son productos dise\u00f1ados para dar al pelo un color blanco o muy claro, eliminando los pigmentos naturales. A diferencia de otros <a href=\"https:\/\/www.arenal.com\/blog\/tintes-para-morenas\" target=\"_blank\" rel=\"noreferrer noopener\">tintes para morenas<\/a> m\u00e1s comunes como los casta\u00f1os, los chocolate o los negros, para lograr un tono verdaderamente blanco, se requiere una decoloraci\u00f3n previa bastante intensa para preparar el cabello y permitir que el color blanco se fije correctamente.&nbsp;<\/p>\n\n\n\n<p>Este tipo de tintes no solo se limita a un p\u00fablico espec\u00edfico. Tanto los hombres con pelo corto como las mujeres con largas melenas est\u00e1n optando por este color para destacar. Ya sea por su apariencia pulida o por el impacto visual que genera, te\u00f1irse de blanco es una declaraci\u00f3n de intenciones: estilo, confianza y modernidad.&nbsp;<\/p>\n\n\n\n<figure class=\"wp-block-image size-large\"><img loading=\"lazy\" decoding=\"async\" width=\"1024\" height=\"683\" src=\"https:\/\/www.arenal.com\/blog\/wp-content\/uploads\/2024\/12\/tinte_pelo_blanco_arenal-1024x683.jpg\" alt=\"Tintes blancos \u00bfquieres una melena blanca como la nieve?\" class=\"wp-image-6855\" srcset=\"https:\/\/www.arenal.com\/blog\/wp-content\/uploads\/2024\/12\/tinte_pelo_blanco_arenal-1024x683.jpg 1024w, https:\/\/www.arenal.com\/blog\/wp-content\/uploads\/2024\/12\/tinte_pelo_blanco_arenal-300x200.jpg 300w, https:\/\/www.arenal.com\/blog\/wp-content\/uploads\/2024\/12\/tinte_pelo_blanco_arenal-768x512.jpg 768w, https:\/\/www.arenal.com\/blog\/wp-content\/uploads\/2024\/12\/tinte_pelo_blanco_arenal.jpg 1140w\" sizes=\"auto, (max-width: 1024px) 100vw, 1024px\" \/><\/figure>\n\n\n\n<h2 class=\"wp-block-heading\"><span class=\"ez-toc-section\" id=\"Tipos_de_tintes_rubios_blancos\"><\/span>Tipos de tintes rubios blancos&nbsp;<span class=\"ez-toc-section-end\"><\/span><\/h2>\n\n\n\n<p>Una de las principales preocupaciones con este tipo de coloraciones es encontrar <a href=\"https:\/\/www.arenal.com\/blog\/tintes-rubios-que-no-queden-naranjas\" target=\"_blank\" rel=\"noreferrer noopener\">tintes rubios que no queden naranjas<\/a> y es importante saber que hay una amplia variedad de tonalidades y matices que puedes dar a tu cabello blanco:&nbsp;<\/p>\n\n\n\n<ul class=\"wp-block-list\">\n<li style=\"margin-left:25px;\"><strong>\u25cf<\/strong> <strong>Rubio platino:<\/strong> Este es el m\u00e1s cl\u00e1sico de todos, un rubio casi blanco pero que no llega a serlo y que se puede personalizar en base a tu tono de piel y de ojos para lograr una combinaci\u00f3n perfecta.&nbsp;<\/li>\n<\/ul>\n\n\n\n<ul class=\"wp-block-list\">\n<li style=\"margin-left:25px;\"><strong>\u25cf<\/strong> <strong>Blanco puro:<\/strong> Se trata de un tinte blanco que no tiene matices ni subtonos. Es muy dif\u00edcil de conseguir pero ofrece un look fant\u00e1stico y futurista, como de otro mundo.&nbsp;<\/li>\n<\/ul>\n\n\n\n<ul class=\"wp-block-list\">\n<li style=\"margin-left:25px;\"><strong>\u25cf<\/strong> <strong>Gris perlado:<\/strong> Un tono blanco con matices plateados que a\u00f1ade dimensi\u00f3n y un aire sofisticado. Es ideal si est\u00e1s empezando a lucir canas y quieres abrazar el look completo.&nbsp;<\/li>\n<\/ul>\n\n\n\n<ul class=\"wp-block-list\">\n<li style=\"margin-left:25px;\"><strong>\u25cf<\/strong> <strong>Blanco ceniza:<\/strong> Con un sutil matiz gris\u00e1ceo, este tipo de tinte es ideal para quienes quieren evitar un blanco demasiado brillante.&nbsp;<\/li>\n<\/ul>\n\n\n\n<ul class=\"wp-block-list\">\n<li style=\"margin-left:25px;\"><strong>\u25cf<\/strong> <strong>Blanco nacarado:<\/strong> Mezcla el blanco con un leve reflejo rosado o lila, dando un aspecto et\u00e9reo y fantasioso. Si lo tuyo es parecer un hada o una ninfa, con este tinte blanco lo conseguir\u00e1s.&nbsp;<\/li>\n<\/ul>\n\n\n\n<p>Si eres hombre y est\u00e1s pensando en un pasarte a un <strong>tinte blanco para pelo corto<\/strong>, te recomendamos optar por tonos puros o platino suelen ser los que mejor funcionan en este tipo de cabello. Por otro lado, el <strong>tinte de pelo blanco para mujer<\/strong> en estilos como el nacarado o el perlado puede dar un toque \u00fanico y muy femenino y si llevas el pelo largo, aportar\u00e1n profundidad.&nbsp;<\/p>\n\n\n\n<figure class=\"wp-block-image size-large\"><img loading=\"lazy\" decoding=\"async\" width=\"1024\" height=\"683\" src=\"https:\/\/www.arenal.com\/blog\/wp-content\/uploads\/2024\/12\/tenirse_de_blanco_arenal-1024x683.jpg\" alt=\"Tintes blancos \u00bfquieres una melena blanca como la nieve?\" class=\"wp-image-6858\" srcset=\"https:\/\/www.arenal.com\/blog\/wp-content\/uploads\/2024\/12\/tenirse_de_blanco_arenal-1024x683.jpg 1024w, https:\/\/www.arenal.com\/blog\/wp-content\/uploads\/2024\/12\/tenirse_de_blanco_arenal-300x200.jpg 300w, https:\/\/www.arenal.com\/blog\/wp-content\/uploads\/2024\/12\/tenirse_de_blanco_arenal-768x512.jpg 768w, https:\/\/www.arenal.com\/blog\/wp-content\/uploads\/2024\/12\/tenirse_de_blanco_arenal.jpg 1140w\" sizes=\"auto, (max-width: 1024px) 100vw, 1024px\" \/><\/figure>\n\n\n\n<h2 class=\"wp-block-heading\"><span class=\"ez-toc-section\" id=\"Tenirse_de_blanco_el_pelo_%C2%BFmoda_pasajera_o_estilo_duradero\"><\/span>Te\u00f1irse de blanco el pelo: \u00bfmoda pasajera o estilo duradero?&nbsp;<span class=\"ez-toc-section-end\"><\/span><\/h2>\n\n\n\n<p>Aunque pueda parecer una moda temporal, lo cierto es que los <strong>tintes blancos<\/strong> han llegado para quedarse. Esta tendencia que comenz\u00f3 con influencers y celebridades y que llamaba much\u00edsimo la atenci\u00f3n, ahora se ha asentado como una opci\u00f3n para cualquier persona que busque un cambio radical y obtener un <strong>look llamativo pero elegante<\/strong>. Como suele decirse, el negro y el blanco combinan con todo, por lo que este tipo de tinte de cabello se adapta a casi cualquier estilo, desde los m\u00e1s femeninos y dulces hasta los m\u00e1s agresivos y radicales.&nbsp;<\/p>\n\n\n\n<p>Lo fascinante de este color es que no discrimina por g\u00e9nero ni edad. Los <strong>tintes blancos para hombre<\/strong> est\u00e1n ganando popularidad entre quienes desean un look moderno y atrevido. Mientras tanto, las mujeres est\u00e1n explorando diferentes estilos, desde melenas completas hasta mechas blancas en combinaci\u00f3n con otros colores.&nbsp;<\/p>\n\n\n\n<p>Sin embargo, <strong>optar por este color requiere compromiso<\/strong>, ya que el proceso de decoloraci\u00f3n y mantenimiento puede ser exigente. La buena noticia es que los resultados valen totalmente el esfuerzo.&nbsp;<\/p>\n\n\n\n<h2 class=\"wp-block-heading\"><span class=\"ez-toc-section\" id=\"%C2%BFComo_utilizar_tintes_blancos\"><\/span>\u00bfC\u00f3mo utilizar tintes blancos?&nbsp;<span class=\"ez-toc-section-end\"><\/span><\/h2>\n\n\n\n<p>Antes de tratar de <a href=\"https:\/\/www.arenal.com\/blog\/como-tenir-pelo-en-casa\" target=\"_blank\" rel=\"noreferrer noopener\">te\u00f1irse el pelo en casa<\/a> de blanco, es crucial conocer el proceso y c\u00f3mo lograrlo. De hecho, nuestra recomendaci\u00f3n es que, a no ser que ya tengas experiencia, acudas a una peluquer\u00eda o sal\u00f3n de belleza si quieres lograr un acabado perfecto, especialmente si partes de un tono oscuro o si has utilizado otros tintes anteriormente:&nbsp;<\/p>\n\n\n\n<ol start=\"1\" class=\"wp-block-list\">\n<li><strong>Decoloraci\u00f3n:<\/strong> Este es el primer paso esencial para eliminar los pigmentos naturales del cabello. Dependiendo de tu color base, puede ser necesario repetir este proceso m\u00e1s de una vez. Es preferible hacer varias decoloraciones espaciadas en el tiempo que utilizar agentes muy agresivos y tratar de eliminar todo el color de una sola vez. Corres el riesgo de quemar tu cabello.&nbsp;<\/li>\n<\/ol>\n\n\n\n<ol start=\"2\" class=\"wp-block-list\">\n<li><strong>Aplicaci\u00f3n del <\/strong><a href=\"https:\/\/www.arenal.com\/cabello\/coloracion\/tintes\/c\/1_0000000992\" target=\"_blank\" rel=\"noreferrer noopener\"><strong>tinte de pelo<\/strong><\/a><strong>:<\/strong> Una vez decolorado, tendr\u00e1s que enjuagar muy bien tu cabello para eliminar cualquier resto del producto decolorante. Aplica el tinte blanco siguiendo con exactitud las instrucciones del producto. Aseg\u00farate de usar guantes, de proteger tu piel de posibles manchas y tambi\u00e9n de que sabes <a href=\"https:\/\/www.arenal.com\/blog\/como-quitar-manchas-de-tinte-de-la-piel\" target=\"_blank\" rel=\"noreferrer noopener\">c\u00f3mo quitar manchas de tinte<\/a> de la piel en caso de necesitarlo.&nbsp;<\/li>\n<\/ol>\n\n\n\n<ol start=\"3\" class=\"wp-block-list\">\n<li><a href=\"https:\/\/www.arenal.com\/cabello\/coloracion\/decolorantes-y-matizadores\/matizadores\/c\/1_0000000996\" target=\"_blank\" rel=\"noreferrer noopener\"><strong>Matizador<\/strong><\/a><strong>:<\/strong> Para evitar tonos amarillos no deseados, utiliza un matizador que neutralice los pigmentos c\u00e1lidos. Los matizadores con pigmentos violetas son ideales para mantener un blanco limpio. Utiliza el <a href=\"https:\/\/www.arenal.com\/blog\/mejor-champu-matizador\" target=\"_blank\" rel=\"noreferrer noopener\">mejor champ\u00fa matizador<\/a> que encuentres para lograr el efecto deseado.&nbsp;<\/li>\n<\/ol>\n\n\n\n<ol start=\"4\" class=\"wp-block-list\">\n<li><strong>Cuidados posteriores:<\/strong> Despu\u00e9s de te\u00f1irte, es fundamental utilizar productos espec\u00edficos para cabellos te\u00f1idos, como <a href=\"https:\/\/www.arenal.com\/cabello\/champus\/champu-sin-sulfatos\/c\/1_0000000936\" target=\"_blank\" rel=\"noreferrer noopener\">champ\u00fas sin sulfatos<\/a> y <a href=\"https:\/\/www.arenal.com\/cabello\/mascarillas\/hidratante\/c\/1_0000000950\" target=\"_blank\" rel=\"noreferrer noopener\">mascarillas hidratantes<\/a> y utilizar alg\u00fan <a href=\"https:\/\/www.arenal.com\/cabello\/tratamientos-capilares\/keratina\/c\/1_0000000968\" target=\"_blank\" rel=\"noreferrer noopener\">tratamiento de keratina<\/a> de vez en cuando para recuperar la estructura del cabello.&nbsp;<\/li>\n<\/ol>\n\n\n\n<h2 class=\"wp-block-heading\"><span class=\"ez-toc-section\" id=\"%C2%BFCuanto_dura_el_tinte_blanco_en_el_cabello\"><\/span>\u00bfCu\u00e1nto dura el tinte blanco en el cabello?&nbsp;<span class=\"ez-toc-section-end\"><\/span><\/h2>\n\n\n\n<p>La duraci\u00f3n del <strong>tinte blanco<\/strong> depende de varios factores, como la porosidad del cabello, la calidad del tinte y el cuidado posterior. De promedio, este color puede durar entre 4 y 6 semanas antes de necesitar un retoque. Sin embargo, mantenerlo en perfectas condiciones requiere ciertos cuidados adicionales:&nbsp;<\/p>\n\n\n\n<ul class=\"wp-block-list\">\n<li style=\"margin-left:25px;\"><strong>\u25cf<\/strong> <strong>Evita el lavado frecuente:<\/strong> Lavar el cabello demasiadas veces puede acelerar la p\u00e9rdida de color. Lo ideal es hacerlo 2-3 veces por semana as\u00ed que haz uso de trucos como el <a href=\"https:\/\/www.arenal.com\/blog\/champu-en-seco\" target=\"_blank\" rel=\"noreferrer noopener\">champ\u00fa seco<\/a> para poder espaciar los lavados. Cuando te laves el cabello, hazlo con el <strong>agua tan fr\u00eda como puedas tolerar<\/strong>, para cerrar los poros y evitar que el color se escape.&nbsp;<\/li>\n<\/ul>\n\n\n\n<ul class=\"wp-block-list\">\n<li style=\"margin-left:25px;\"><strong>\u25cf<\/strong> <strong>Usa productos espec\u00edficos:<\/strong> Opta por champ\u00fas y acondicionadores dise\u00f1ados para cabellos te\u00f1idos. Los productos con pigmentos violetas como los <a href=\"https:\/\/www.arenal.com\/cabello\/champus\/morado\" target=\"_blank\" rel=\"noreferrer noopener\">champ\u00fas morados<\/a> son especialmente \u00fatiles para mantener el blanco brillante.&nbsp;<\/li>\n<\/ul>\n\n\n\n<ul class=\"wp-block-list\">\n<li style=\"margin-left:25px;\"><strong>\u25cf<\/strong> <strong>Protecci\u00f3n contra el sol:<\/strong> Los rayos UV pueden amarillear el tinte blanco. Usa sombreros o productos con protector solar para el cabello si vas a estar expuesto al sol durante mucho tiempo.&nbsp;<\/li>\n<\/ul>\n\n\n\n<figure class=\"wp-block-image size-large\"><img loading=\"lazy\" decoding=\"async\" width=\"1024\" height=\"683\" src=\"https:\/\/www.arenal.com\/blog\/wp-content\/uploads\/2024\/12\/pelo_tinte_blanco_arenal-1024x683.jpg\" alt=\"Tintes blancos \u00bfquieres una melena blanca como la nieve?\" class=\"wp-image-6859\" srcset=\"https:\/\/www.arenal.com\/blog\/wp-content\/uploads\/2024\/12\/pelo_tinte_blanco_arenal-1024x683.jpg 1024w, https:\/\/www.arenal.com\/blog\/wp-content\/uploads\/2024\/12\/pelo_tinte_blanco_arenal-300x200.jpg 300w, https:\/\/www.arenal.com\/blog\/wp-content\/uploads\/2024\/12\/pelo_tinte_blanco_arenal-768x512.jpg 768w, https:\/\/www.arenal.com\/blog\/wp-content\/uploads\/2024\/12\/pelo_tinte_blanco_arenal.jpg 1140w\" sizes=\"auto, (max-width: 1024px) 100vw, 1024px\" \/><\/figure>\n\n\n\n<h2 class=\"wp-block-heading\"><span class=\"ez-toc-section\" id=\"Mantenimiento_de_los_tintes_blancos\"><\/span>Mantenimiento de los tintes blancos&nbsp;<span class=\"ez-toc-section-end\"><\/span><\/h2>\n\n\n\n<p>El mantenimiento de los <strong>tintes blancos para cabello<\/strong> requiere cierta dedicaci\u00f3n, pero con la rutina adecuada puedes prolongar su duraci\u00f3n y mantenerlo impecable. Aqu\u00ed te dejamos algunos consejos clave:&nbsp;<\/p>\n\n\n\n<ul class=\"wp-block-list\">\n<li style=\"margin-left:25px;\"><strong>\u25cf<\/strong> <strong>Hidrataci\u00f3n:<\/strong> La decoloraci\u00f3n puede resecar el cabello, as\u00ed que utiliza mascarillas hidratantes una o dos veces por semana para mantenerlo suave y saludable.&nbsp;<\/li>\n<\/ul>\n\n\n\n<ul class=\"wp-block-list\">\n<li style=\"margin-left:25px;\"><strong>\u25cf<\/strong> <strong>Retoques regulares:<\/strong> A medida que crece el cabello, las ra\u00edces naturales comenzar\u00e1n a notarse. Es importante retocarlas cada 4-6 semanas para mantener el color uniforme.&nbsp;<\/li>\n<\/ul>\n\n\n\n<ul class=\"wp-block-list\">\n<li style=\"margin-left:25px;\"><strong>\u25cf<\/strong> <strong>Evita el calor extremo:<\/strong> Las herramientas de calor, como planchas o secadores, pueden da\u00f1ar el cabello te\u00f1ido. Usa siempre <a href=\"https:\/\/www.arenal.com\/blog\/protector-termico-pelo\" target=\"_blank\" rel=\"noreferrer noopener\">protectores t\u00e9rmicos<\/a> antes de utilizarlas.&nbsp;<\/li>\n<\/ul>\n\n\n\n<ul class=\"wp-block-list\">\n<li style=\"margin-left:25px;\"><strong>\u25cf<\/strong> <strong>Matizadores:<\/strong> Aplica un matizador una vez por semana para evitar que aparezcan tonos amarillos o anaranjados.&nbsp;<\/li>\n<\/ul>\n\n\n\n<p>No te vamos a enga\u00f1ar, los <strong>tintes blancos para hombre<\/strong> y mujer suponen un grado de compromiso que no todo el mundo puede asumir. Sin embargo, tambi\u00e9n son una elecci\u00f3n estil\u00edstica audaz y lo que est\u00e1 claro es que te\u00f1irse de blanco es una manera fant\u00e1stica de destacar y expresar tu individualidad.&nbsp;<\/p>\n\n\n\n<p><strong>\u00bfLista para un cambio radical?<\/strong> Con la informaci\u00f3n adecuada y los productos correctos, lograr ese cabello blanco como la nieve que tanto deseas est\u00e1 a tu alcance. \u00a1An\u00edmate y dale a tu cabello el protagonismo que merece!&nbsp;<\/p>\n","protected":false},"excerpt":{"rendered":"<p>El cabello rubio platino siempre ha sido muy popular pero desde hace unos a\u00f1os se ha ido popularizando una nueva<\/p>\n","protected":false},"author":2,"featured_media":6856,"comment_status":"open","ping_status":"open","sticky":false,"template":"","format":"standard","meta":{"footnotes":""},"categories":[655,234],"tags":[642],"class_list":["post-6864","post","type-post","status-publish","format-standard","has-post-thumbnail","hentry","category-dudas","category-cuidado-del-cabello","tag-cabello"],"featured_image_src":"https:\/\/www.arenal.com\/blog\/wp-content\/uploads\/2024\/12\/tintes_blancos_arenal.jpg","author_info":{"display_name":"arenal","author_link":"https:\/\/www.arenal.com\/blog\/author\/arenal"},"yoast_head":"<!-- This site is optimized with the Yoast SEO plugin v27.4 - https:\/\/yoast.com\/product\/yoast-seo-wordpress\/ -->\n<title>Tintes blancos \u00bfQuieres una melena blanca como la nieve?<\/title>\n<meta name=\"description\" content=\"Si quieres lucir una melena de fantas\u00eda, aprende aqu\u00ed como emplear tintes blancos para el cabello.\" \/>\n<meta name=\"robots\" content=\"index, follow, max-snippet:-1, max-image-preview:large, max-video-preview:-1\" \/>\n<link rel=\"canonical\" href=\"https:\/\/www.arenal.com\/blog\/tintes-blancos-pelo\" \/>\n<meta property=\"og:locale\" content=\"es_ES\" \/>\n<meta property=\"og:type\" content=\"article\" \/>\n<meta property=\"og:title\" content=\"Tintes blancos \u00bfQuieres una melena blanca como la nieve?\" \/>\n<meta property=\"og:description\" content=\"Si quieres lucir una melena de fantas\u00eda, aprende aqu\u00ed como emplear tintes blancos para el cabello.\" \/>\n<meta property=\"og:url\" content=\"https:\/\/www.arenal.com\/blog\/tintes-blancos-pelo\" \/>\n<meta property=\"og:site_name\" content=\"Blog de Arenal\" \/>\n<meta property=\"article:published_time\" content=\"2024-12-18T17:50:00+00:00\" \/>\n<meta property=\"article:modified_time\" content=\"2025-02-25T09:26:38+00:00\" \/>\n<meta property=\"og:image\" content=\"https:\/\/www.arenal.com\/blog\/wp-content\/uploads\/2024\/12\/tintes_blancos_arenal.jpg\" \/>\n\t<meta property=\"og:image:width\" content=\"1140\" \/>\n\t<meta property=\"og:image:height\" content=\"322\" \/>\n\t<meta property=\"og:image:type\" content=\"image\/jpeg\" \/>\n<meta name=\"author\" content=\"arenal\" \/>\n<meta name=\"twitter:card\" content=\"summary_large_image\" \/>\n<meta name=\"twitter:label1\" content=\"Escrito por\" \/>\n\t<meta name=\"twitter:data1\" content=\"arenal\" \/>\n\t<meta name=\"twitter:label2\" content=\"Tiempo de lectura\" \/>\n\t<meta name=\"twitter:data2\" content=\"7 minutos\" \/>\n<script type=\"application\/ld+json\" class=\"yoast-schema-graph\">{\"@context\":\"https:\\\/\\\/schema.org\",\"@graph\":[{\"@type\":\"Article\",\"@id\":\"https:\\\/\\\/www.arenal.com\\\/blog\\\/tintes-blancos-pelo#article\",\"isPartOf\":{\"@id\":\"https:\\\/\\\/www.arenal.com\\\/blog\\\/tintes-blancos-pelo\"},\"author\":{\"name\":\"arenal\",\"@id\":\"https:\\\/\\\/www.arenal.com\\\/blog\\\/#\\\/schema\\\/person\\\/75c321b161941947bdc15ffde9d6241f\"},\"headline\":\"Tintes blancos \u00bfquieres una melena blanca como la nieve?\u00a0\",\"datePublished\":\"2024-12-18T17:50:00+00:00\",\"dateModified\":\"2025-02-25T09:26:38+00:00\",\"mainEntityOfPage\":{\"@id\":\"https:\\\/\\\/www.arenal.com\\\/blog\\\/tintes-blancos-pelo\"},\"wordCount\":1467,\"commentCount\":0,\"image\":{\"@id\":\"https:\\\/\\\/www.arenal.com\\\/blog\\\/tintes-blancos-pelo#primaryimage\"},\"thumbnailUrl\":\"https:\\\/\\\/www.arenal.com\\\/blog\\\/wp-content\\\/uploads\\\/2024\\\/12\\\/tintes_blancos_arenal.jpg\",\"keywords\":[\"cabello\"],\"articleSection\":[\"Dudas\",\"Cuidado del cabello\"],\"inLanguage\":\"es\",\"potentialAction\":[{\"@type\":\"CommentAction\",\"name\":\"Comment\",\"target\":[\"https:\\\/\\\/www.arenal.com\\\/blog\\\/tintes-blancos-pelo#respond\"]}]},{\"@type\":\"WebPage\",\"@id\":\"https:\\\/\\\/www.arenal.com\\\/blog\\\/tintes-blancos-pelo\",\"url\":\"https:\\\/\\\/www.arenal.com\\\/blog\\\/tintes-blancos-pelo\",\"name\":\"Tintes blancos \u00bfQuieres una melena blanca como la nieve?\",\"isPartOf\":{\"@id\":\"https:\\\/\\\/www.arenal.com\\\/blog\\\/#website\"},\"primaryImageOfPage\":{\"@id\":\"https:\\\/\\\/www.arenal.com\\\/blog\\\/tintes-blancos-pelo#primaryimage\"},\"image\":{\"@id\":\"https:\\\/\\\/www.arenal.com\\\/blog\\\/tintes-blancos-pelo#primaryimage\"},\"thumbnailUrl\":\"https:\\\/\\\/www.arenal.com\\\/blog\\\/wp-content\\\/uploads\\\/2024\\\/12\\\/tintes_blancos_arenal.jpg\",\"datePublished\":\"2024-12-18T17:50:00+00:00\",\"dateModified\":\"2025-02-25T09:26:38+00:00\",\"author\":{\"@id\":\"https:\\\/\\\/www.arenal.com\\\/blog\\\/#\\\/schema\\\/person\\\/75c321b161941947bdc15ffde9d6241f\"},\"description\":\"Si quieres lucir una melena de fantas\u00eda, aprende aqu\u00ed como emplear tintes blancos para el cabello.\",\"breadcrumb\":{\"@id\":\"https:\\\/\\\/www.arenal.com\\\/blog\\\/tintes-blancos-pelo#breadcrumb\"},\"inLanguage\":\"es\",\"potentialAction\":[{\"@type\":\"ReadAction\",\"target\":[\"https:\\\/\\\/www.arenal.com\\\/blog\\\/tintes-blancos-pelo\"]}]},{\"@type\":\"ImageObject\",\"inLanguage\":\"es\",\"@id\":\"https:\\\/\\\/www.arenal.com\\\/blog\\\/tintes-blancos-pelo#primaryimage\",\"url\":\"https:\\\/\\\/www.arenal.com\\\/blog\\\/wp-content\\\/uploads\\\/2024\\\/12\\\/tintes_blancos_arenal.jpg\",\"contentUrl\":\"https:\\\/\\\/www.arenal.com\\\/blog\\\/wp-content\\\/uploads\\\/2024\\\/12\\\/tintes_blancos_arenal.jpg\",\"width\":1140,\"height\":322,\"caption\":\"Tintes blancos \u00bfquieres una melena blanca como la nieve?\"},{\"@type\":\"BreadcrumbList\",\"@id\":\"https:\\\/\\\/www.arenal.com\\\/blog\\\/tintes-blancos-pelo#breadcrumb\",\"itemListElement\":[{\"@type\":\"ListItem\",\"position\":1,\"name\":\"Cuidado del cabello\",\"item\":\"https:\\\/\\\/www.arenal.com\\\/blog\\\/cuidado-del-cabello\"},{\"@type\":\"ListItem\",\"position\":2,\"name\":\"Tintes blancos \u00bfquieres una melena blanca como la nieve?\u00a0\"}]},{\"@type\":\"WebSite\",\"@id\":\"https:\\\/\\\/www.arenal.com\\\/blog\\\/#website\",\"url\":\"https:\\\/\\\/www.arenal.com\\\/blog\\\/\",\"name\":\"Blog de Arenal\",\"description\":\"\",\"potentialAction\":[{\"@type\":\"SearchAction\",\"target\":{\"@type\":\"EntryPoint\",\"urlTemplate\":\"https:\\\/\\\/www.arenal.com\\\/blog\\\/?s={search_term_string}\"},\"query-input\":{\"@type\":\"PropertyValueSpecification\",\"valueRequired\":true,\"valueName\":\"search_term_string\"}}],\"inLanguage\":\"es\"},{\"@type\":\"Person\",\"@id\":\"https:\\\/\\\/www.arenal.com\\\/blog\\\/#\\\/schema\\\/person\\\/75c321b161941947bdc15ffde9d6241f\",\"name\":\"arenal\",\"image\":{\"@type\":\"ImageObject\",\"inLanguage\":\"es\",\"@id\":\"https:\\\/\\\/secure.gravatar.com\\\/avatar\\\/e930b117f1433c3126018d5f63c8b2d59f2a86bdb0425d8e5c9b3c027c902408?s=96&d=mm&r=g\",\"url\":\"https:\\\/\\\/secure.gravatar.com\\\/avatar\\\/e930b117f1433c3126018d5f63c8b2d59f2a86bdb0425d8e5c9b3c027c902408?s=96&d=mm&r=g\",\"contentUrl\":\"https:\\\/\\\/secure.gravatar.com\\\/avatar\\\/e930b117f1433c3126018d5f63c8b2d59f2a86bdb0425d8e5c9b3c027c902408?s=96&d=mm&r=g\",\"caption\":\"arenal\"},\"url\":\"https:\\\/\\\/www.arenal.com\\\/blog\\\/author\\\/arenal\"}]}<\/script>\n<!-- \/ Yoast SEO plugin. -->","yoast_head_json":{"title":"Tintes blancos \u00bfQuieres una melena blanca como la nieve?","description":"Si quieres lucir una melena de fantas\u00eda, aprende aqu\u00ed como emplear tintes blancos para el cabello.","robots":{"index":"index","follow":"follow","max-snippet":"max-snippet:-1","max-image-preview":"max-image-preview:large","max-video-preview":"max-video-preview:-1"},"canonical":"https:\/\/www.arenal.com\/blog\/tintes-blancos-pelo","og_locale":"es_ES","og_type":"article","og_title":"Tintes blancos \u00bfQuieres una melena blanca como la nieve?","og_description":"Si quieres lucir una melena de fantas\u00eda, aprende aqu\u00ed como emplear tintes blancos para el cabello.","og_url":"https:\/\/www.arenal.com\/blog\/tintes-blancos-pelo","og_site_name":"Blog de Arenal","article_published_time":"2024-12-18T17:50:00+00:00","article_modified_time":"2025-02-25T09:26:38+00:00","og_image":[{"width":1140,"height":322,"url":"https:\/\/www.arenal.com\/blog\/wp-content\/uploads\/2024\/12\/tintes_blancos_arenal.jpg","type":"image\/jpeg"}],"author":"arenal","twitter_card":"summary_large_image","twitter_misc":{"Escrito por":"arenal","Tiempo de lectura":"7 minutos"},"schema":{"@context":"https:\/\/schema.org","@graph":[{"@type":"Article","@id":"https:\/\/www.arenal.com\/blog\/tintes-blancos-pelo#article","isPartOf":{"@id":"https:\/\/www.arenal.com\/blog\/tintes-blancos-pelo"},"author":{"name":"arenal","@id":"https:\/\/www.arenal.com\/blog\/#\/schema\/person\/75c321b161941947bdc15ffde9d6241f"},"headline":"Tintes blancos \u00bfquieres una melena blanca como la nieve?\u00a0","datePublished":"2024-12-18T17:50:00+00:00","dateModified":"2025-02-25T09:26:38+00:00","mainEntityOfPage":{"@id":"https:\/\/www.arenal.com\/blog\/tintes-blancos-pelo"},"wordCount":1467,"commentCount":0,"image":{"@id":"https:\/\/www.arenal.com\/blog\/tintes-blancos-pelo#primaryimage"},"thumbnailUrl":"https:\/\/www.arenal.com\/blog\/wp-content\/uploads\/2024\/12\/tintes_blancos_arenal.jpg","keywords":["cabello"],"articleSection":["Dudas","Cuidado del cabello"],"inLanguage":"es","potentialAction":[{"@type":"CommentAction","name":"Comment","target":["https:\/\/www.arenal.com\/blog\/tintes-blancos-pelo#respond"]}]},{"@type":"WebPage","@id":"https:\/\/www.arenal.com\/blog\/tintes-blancos-pelo","url":"https:\/\/www.arenal.com\/blog\/tintes-blancos-pelo","name":"Tintes blancos \u00bfQuieres una melena blanca como la nieve?","isPartOf":{"@id":"https:\/\/www.arenal.com\/blog\/#website"},"primaryImageOfPage":{"@id":"https:\/\/www.arenal.com\/blog\/tintes-blancos-pelo#primaryimage"},"image":{"@id":"https:\/\/www.arenal.com\/blog\/tintes-blancos-pelo#primaryimage"},"thumbnailUrl":"https:\/\/www.arenal.com\/blog\/wp-content\/uploads\/2024\/12\/tintes_blancos_arenal.jpg","datePublished":"2024-12-18T17:50:00+00:00","dateModified":"2025-02-25T09:26:38+00:00","author":{"@id":"https:\/\/www.arenal.com\/blog\/#\/schema\/person\/75c321b161941947bdc15ffde9d6241f"},"description":"Si quieres lucir una melena de fantas\u00eda, aprende aqu\u00ed como emplear tintes blancos para el cabello.","breadcrumb":{"@id":"https:\/\/www.arenal.com\/blog\/tintes-blancos-pelo#breadcrumb"},"inLanguage":"es","potentialAction":[{"@type":"ReadAction","target":["https:\/\/www.arenal.com\/blog\/tintes-blancos-pelo"]}]},{"@type":"ImageObject","inLanguage":"es","@id":"https:\/\/www.arenal.com\/blog\/tintes-blancos-pelo#primaryimage","url":"https:\/\/www.arenal.com\/blog\/wp-content\/uploads\/2024\/12\/tintes_blancos_arenal.jpg","contentUrl":"https:\/\/www.arenal.com\/blog\/wp-content\/uploads\/2024\/12\/tintes_blancos_arenal.jpg","width":1140,"height":322,"caption":"Tintes blancos \u00bfquieres una melena blanca como la nieve?"},{"@type":"BreadcrumbList","@id":"https:\/\/www.arenal.com\/blog\/tintes-blancos-pelo#breadcrumb","itemListElement":[{"@type":"ListItem","position":1,"name":"Cuidado del cabello","item":"https:\/\/www.arenal.com\/blog\/cuidado-del-cabello"},{"@type":"ListItem","position":2,"name":"Tintes blancos \u00bfquieres una melena blanca como la nieve?\u00a0"}]},{"@type":"WebSite","@id":"https:\/\/www.arenal.com\/blog\/#website","url":"https:\/\/www.arenal.com\/blog\/","name":"Blog de Arenal","description":"","potentialAction":[{"@type":"SearchAction","target":{"@type":"EntryPoint","urlTemplate":"https:\/\/www.arenal.com\/blog\/?s={search_term_string}"},"query-input":{"@type":"PropertyValueSpecification","valueRequired":true,"valueName":"search_term_string"}}],"inLanguage":"es"},{"@type":"Person","@id":"https:\/\/www.arenal.com\/blog\/#\/schema\/person\/75c321b161941947bdc15ffde9d6241f","name":"arenal","image":{"@type":"ImageObject","inLanguage":"es","@id":"https:\/\/secure.gravatar.com\/avatar\/e930b117f1433c3126018d5f63c8b2d59f2a86bdb0425d8e5c9b3c027c902408?s=96&d=mm&r=g","url":"https:\/\/secure.gravatar.com\/avatar\/e930b117f1433c3126018d5f63c8b2d59f2a86bdb0425d8e5c9b3c027c902408?s=96&d=mm&r=g","contentUrl":"https:\/\/secure.gravatar.com\/avatar\/e930b117f1433c3126018d5f63c8b2d59f2a86bdb0425d8e5c9b3c027c902408?s=96&d=mm&r=g","caption":"arenal"},"url":"https:\/\/www.arenal.com\/blog\/author\/arenal"}]}},"_links":{"self":[{"href":"https:\/\/www.arenal.com\/blog\/wp-json\/wp\/v2\/posts\/6864","targetHints":{"allow":["GET"]}}],"collection":[{"href":"https:\/\/www.arenal.com\/blog\/wp-json\/wp\/v2\/posts"}],"about":[{"href":"https:\/\/www.arenal.com\/blog\/wp-json\/wp\/v2\/types\/post"}],"author":[{"embeddable":true,"href":"https:\/\/www.arenal.com\/blog\/wp-json\/wp\/v2\/users\/2"}],"replies":[{"embeddable":true,"href":"https:\/\/www.arenal.com\/blog\/wp-json\/wp\/v2\/comments?post=6864"}],"version-history":[{"count":2,"href":"https:\/\/www.arenal.com\/blog\/wp-json\/wp\/v2\/posts\/6864\/revisions"}],"predecessor-version":[{"id":6871,"href":"https:\/\/www.arenal.com\/blog\/wp-json\/wp\/v2\/posts\/6864\/revisions\/6871"}],"wp:featuredmedia":[{"embeddable":true,"href":"https:\/\/www.arenal.com\/blog\/wp-json\/wp\/v2\/media\/6856"}],"wp:attachment":[{"href":"https:\/\/www.arenal.com\/blog\/wp-json\/wp\/v2\/media?parent=6864"}],"wp:term":[{"taxonomy":"category","embeddable":true,"href":"https:\/\/www.arenal.com\/blog\/wp-json\/wp\/v2\/categories?post=6864"},{"taxonomy":"post_tag","embeddable":true,"href":"https:\/\/www.arenal.com\/blog\/wp-json\/wp\/v2\/tags?post=6864"}],"curies":[{"name":"wp","href":"https:\/\/api.w.org\/{rel}","templated":true}]}}