{"id":6203,"date":"2025-09-26T06:45:00","date_gmt":"2025-09-26T05:45:00","guid":{"rendered":"https:\/\/www.arenal.com\/blog\/?p=6203"},"modified":"2025-09-29T16:32:25","modified_gmt":"2025-09-29T15:32:25","slug":"cosmeticos-en-avion","status":"publish","type":"post","link":"https:\/\/www.arenal.com\/blog\/cosmeticos-en-avion","title":{"rendered":"\u00bfSe puede llevar maquillaje en el avi\u00f3n?\u00a0"},"content":{"rendered":"\n<p>Es comprensible que quieras <strong>llevar todo tu maquillaje en el avi\u00f3n<\/strong> cuando vas de viaje. \u00a1Nunca se sabe qu\u00e9 vas a necesitar! Pero para quienes viajan solo con equipaje de mano, esto no es viable, <strong>a no ser que tengas una rutina de maquillaje muy minimalista<\/strong>.&nbsp;<\/p>\n\n\n\n<p>En Arenal Perfumer\u00edas hemos preparado esta gu\u00eda para que no te cueste nada organizar tu neceser y tu maleta. Te contamos <strong>c\u00f3mo llevar cosm\u00e9ticos en el avi\u00f3n<\/strong>, c\u00f3mo empaquetar los productos en formato l\u00edquido para evitar problemas en los controles y otros trucos que quiz\u00e1 no conoc\u00edas.&nbsp;&nbsp;<\/p>\n\n\n\n<div id=\"ez-toc-container\" class=\"ez-toc-v2_0_82_2 counter-hierarchy ez-toc-counter ez-toc-custom ez-toc-container-direction\">\n<div class=\"ez-toc-title-container\">\n<p class=\"ez-toc-title\" style=\"cursor:inherit\">Indice de contenidos<\/p>\n<span class=\"ez-toc-title-toggle\"><a href=\"#\" class=\"ez-toc-pull-right ez-toc-btn ez-toc-btn-xs ez-toc-btn-default ez-toc-toggle\" aria-label=\"Alternar tabla de contenidos\"><span class=\"ez-toc-js-icon-con\"><span class=\"\"><span class=\"eztoc-hide\" style=\"display:none;\">Toggle<\/span><span class=\"ez-toc-icon-toggle-span\"><svg style=\"fill: #000000;color:#000000\" xmlns=\"http:\/\/www.w3.org\/2000\/svg\" class=\"list-377408\" width=\"20px\" height=\"20px\" viewBox=\"0 0 24 24\" fill=\"none\"><path d=\"M6 6H4v2h2V6zm14 0H8v2h12V6zM4 11h2v2H4v-2zm16 0H8v2h12v-2zM4 16h2v2H4v-2zm16 0H8v2h12v-2z\" fill=\"currentColor\"><\/path><\/svg><svg style=\"fill: #000000;color:#000000\" class=\"arrow-unsorted-368013\" xmlns=\"http:\/\/www.w3.org\/2000\/svg\" width=\"10px\" height=\"10px\" viewBox=\"0 0 24 24\" version=\"1.2\" baseProfile=\"tiny\"><path d=\"M18.2 9.3l-6.2-6.3-6.2 6.3c-.2.2-.3.4-.3.7s.1.5.3.7c.2.2.4.3.7.3h11c.3 0 .5-.1.7-.3.2-.2.3-.5.3-.7s-.1-.5-.3-.7zM5.8 14.7l6.2 6.3 6.2-6.3c.2-.2.3-.5.3-.7s-.1-.5-.3-.7c-.2-.2-.4-.3-.7-.3h-11c-.3 0-.5.1-.7.3-.2.2-.3.5-.3.7s.1.5.3.7z\"\/><\/svg><\/span><\/span><\/span><\/a><\/span><\/div>\n<nav><ul class='ez-toc-list ez-toc-list-level-1 ' ><li class='ez-toc-page-1 ez-toc-heading-level-2'><a class=\"ez-toc-link ez-toc-heading-1\" href=\"https:\/\/www.arenal.com\/blog\/cosmeticos-en-avion\/#%C2%BFCual_es_la_normativa_sobre_maquillaje_en_el_avion\" >\u00bfCu\u00e1l es la normativa sobre maquillaje en el avi\u00f3n?&nbsp;<\/a><\/li><li class='ez-toc-page-1 ez-toc-heading-level-2'><a class=\"ez-toc-link ez-toc-heading-2\" href=\"https:\/\/www.arenal.com\/blog\/cosmeticos-en-avion\/#%C2%BFQue_cosmeticos_se_pueden_llevar_en_el_equipaje_de_mano\" >\u00bfQu\u00e9 cosm\u00e9ticos se pueden llevar en el equipaje de mano?&nbsp;<\/a><\/li><li class='ez-toc-page-1 ez-toc-heading-level-2'><a class=\"ez-toc-link ez-toc-heading-3\" href=\"https:\/\/www.arenal.com\/blog\/cosmeticos-en-avion\/#%C2%BFQue_productos_se_consideran_liquidos%E2%80%AF\" >\u00bfQu\u00e9 productos se consideran l\u00edquidos?\u202f&nbsp;<\/a><\/li><li class='ez-toc-page-1 ez-toc-heading-level-2'><a class=\"ez-toc-link ez-toc-heading-4\" href=\"https:\/\/www.arenal.com\/blog\/cosmeticos-en-avion\/#%C2%BFComo_llevar_cosmeticos_en_el_avion_sin_incumplir_la_normativa\" >\u00bfC\u00f3mo llevar cosm\u00e9ticos en el avi\u00f3n sin incumplir la normativa?&nbsp;<\/a><\/li><li class='ez-toc-page-1 ez-toc-heading-level-2'><a class=\"ez-toc-link ez-toc-heading-5\" href=\"https:\/\/www.arenal.com\/blog\/cosmeticos-en-avion\/#%C2%BFPuedo_llevar_cosmeticos_en_el_avion_comprados_en_el_Duty_Free\" >\u00bfPuedo llevar cosm\u00e9ticos en el avi\u00f3n comprados en el Duty Free?&nbsp;<\/a><\/li><li class='ez-toc-page-1 ez-toc-heading-level-2'><a class=\"ez-toc-link ez-toc-heading-6\" href=\"https:\/\/www.arenal.com\/blog\/cosmeticos-en-avion\/#%C2%BFComo_preparar_el_neceser_de_maquillaje_para_avion\" >\u00bfC\u00f3mo preparar el neceser de maquillaje para avi\u00f3n?&nbsp;<\/a><\/li><li class='ez-toc-page-1 ez-toc-heading-level-2'><a class=\"ez-toc-link ez-toc-heading-7\" href=\"https:\/\/www.arenal.com\/blog\/cosmeticos-en-avion\/#%C2%BFPuedes_llevar_una_cuchilla_de_depilacion_en_el_equipaje_de_mano%E2%80%AF\" >\u00bfPuedes llevar una cuchilla de depilaci\u00f3n en el equipaje de mano?\u202f&nbsp;<\/a><\/li><li class='ez-toc-page-1 ez-toc-heading-level-2'><a class=\"ez-toc-link ez-toc-heading-8\" href=\"https:\/\/www.arenal.com\/blog\/cosmeticos-en-avion\/#%C2%BFCuales_son_las_cuchillas_de_afeitar_no_permitidas_en_el_avion\" >\u00bfCu\u00e1les son las cuchillas de afeitar no permitidas en el avi\u00f3n?<\/a><\/li><li class='ez-toc-page-1 ez-toc-heading-level-2'><a class=\"ez-toc-link ez-toc-heading-9\" href=\"https:\/\/www.arenal.com\/blog\/cosmeticos-en-avion\/#Lleva_tus_cosmeticos_en_el_equipaje_de_mano%E2%80%AF\" >Lleva tus cosm\u00e9ticos en el equipaje de mano\u202f&nbsp;<\/a><\/li><li class='ez-toc-page-1 ez-toc-heading-level-2'><a class=\"ez-toc-link ez-toc-heading-10\" href=\"https:\/\/www.arenal.com\/blog\/cosmeticos-en-avion\/#Preguntas_frecuentes\" >Preguntas frecuentes&nbsp;<\/a><\/li><\/ul><\/nav><\/div>\n<h2 class=\"wp-block-heading\"><span class=\"ez-toc-section\" id=\"%C2%BFCual_es_la_normativa_sobre_maquillaje_en_el_avion\"><\/span>\u00bfCu\u00e1l es la normativa sobre maquillaje en el avi\u00f3n?&nbsp;<span class=\"ez-toc-section-end\"><\/span><\/h2>\n\n\n\n<p><strong>Si vas a facturar la maleta no tendr\u00e1s ning\u00fan problema<\/strong> ya que puedes llevar tantos productos como desees y del tama\u00f1o que consideres necesario para seguir con tu rutina de maquillaje y <em>skincare<\/em> all\u00e1 d\u00f3nde vayas.\u202fSin embargo, los aeropuertos siguen unas estrictas normas por la seguridad de todos, en lo que se refiere a l\u00edquidos y <strong>cosm\u00e9ticos en equipaje de mano<\/strong>.&nbsp;&nbsp;<\/p>\n\n\n\n<p>Para garantizar un viaje sin contratiempos, es fundamental conocer la normativa sobre los<strong>\u202fl\u00edquidos permitidos en la cabina del avi\u00f3n<\/strong>.&nbsp;<\/p>\n\n\n\n<h2 class=\"wp-block-heading\"><span class=\"ez-toc-section\" id=\"%C2%BFQue_cosmeticos_se_pueden_llevar_en_el_equipaje_de_mano\"><\/span>\u00bfQu\u00e9 cosm\u00e9ticos se pueden llevar en el equipaje de mano?&nbsp;<span class=\"ez-toc-section-end\"><\/span><\/h2>\n\n\n\n<p>En general, <strong>los pasajeros pueden llevar cualquier tipo de producto cosm\u00e9tico<\/strong> siempre y cuando se haga siguiendo la normativa. Esto significa utilizar un neceser trasparente o, en su defecto,\u202f<a href=\"https:\/\/www.arenal.com\/hogar\/accesorios-para-casa\/conservacion-de-alimentos\/bolsas-para-congelar\/c\/1_0000000828\" target=\"_blank\" rel=\"noreferrer noopener\">bolsas para congelar<\/a>\u202ftipo zip del tama\u00f1o apropiado y que los envases sean del tama\u00f1o autorizado.&nbsp;<\/p>\n\n\n\n<p>Cada envase puede contener un<strong>\u202fm\u00e1ximo de 100 ml\u202fy todos estos envases no pueden superar un litro en total.<\/strong> Estos productos deben ser presentados por separado del equipaje de mano durante el control de seguridad, permitiendo al personal del aeropuerto inspeccionarlos f\u00e1cilmente.\u202f&nbsp;<\/p>\n\n\n\n<figure class=\"wp-block-image size-large\"><img loading=\"lazy\" decoding=\"async\" width=\"1024\" height=\"683\" src=\"https:\/\/www.arenal.com\/blog\/wp-content\/uploads\/2024\/07\/cosmeticos_avion_arenal-1024x683.jpg\" alt=\"\" class=\"wp-image-6187\" srcset=\"https:\/\/www.arenal.com\/blog\/wp-content\/uploads\/2024\/07\/cosmeticos_avion_arenal-1024x683.jpg 1024w, https:\/\/www.arenal.com\/blog\/wp-content\/uploads\/2024\/07\/cosmeticos_avion_arenal-300x200.jpg 300w, https:\/\/www.arenal.com\/blog\/wp-content\/uploads\/2024\/07\/cosmeticos_avion_arenal-768x512.jpg 768w, https:\/\/www.arenal.com\/blog\/wp-content\/uploads\/2024\/07\/cosmeticos_avion_arenal.jpg 1140w\" sizes=\"auto, (max-width: 1024px) 100vw, 1024px\" \/><\/figure>\n\n\n\n<h2 class=\"wp-block-heading\"><span class=\"ez-toc-section\" id=\"%C2%BFQue_productos_se_consideran_liquidos%E2%80%AF\"><\/span>\u00bfQu\u00e9 productos se consideran l\u00edquidos?\u202f&nbsp;<span class=\"ez-toc-section-end\"><\/span><\/h2>\n\n\n\n<p>Habr\u00e1s notado que no solo el agua, las bebidas o los <a href=\"https:\/\/www.arenal.com\/perfumeria\/c\/1_0000000001\" target=\"_blank\" rel=\"noreferrer noopener\">perfumes<\/a> se consideran l\u00edquidos a la hora de pasar por el control de seguridad del aeropuerto. Estos son los tipos de cosm\u00e9ticos y productos que se consideran l\u00edquidos en este caso:&nbsp;<\/p>\n\n\n\n<ul class=\"wp-block-list\">\n<li  style=\"margin-left:25px;\">\u202f<strong>\u25cf<\/strong> <a href=\"https:\/\/www.arenal.com\/parafarmacia\/salud\/lociones-y-cremas-de-parafarmacia\/c\/1_0000000564\" target=\"_blank\" rel=\"noreferrer noopener\">Cremas y lociones<\/a>\u202f&nbsp;<\/li>\n<\/ul>\n\n\n\n<ul class=\"wp-block-list\">\n<li  style=\"margin-left:25px;\">\u202f<strong>\u25cf<\/strong> <a href=\"https:\/\/www.arenal.com\/higiene\/bucal\/pasta-de-dientes\/c\/1_0000000790\" target=\"_blank\" rel=\"noreferrer noopener\">Pastas de dientes<\/a>\u202fy\u202f<a href=\"https:\/\/www.arenal.com\/higiene\/bucal\/colutorios-bucales\/c\/1_0000000791\" target=\"_blank\" rel=\"noreferrer noopener\">colutorios<\/a>\u202f&nbsp;<\/li>\n<\/ul>\n\n\n\n<ul class=\"wp-block-list\">\n<li  style=\"margin-left:25px;\">\u202f<strong>\u25cf<\/strong> <a href=\"https:\/\/www.arenal.com\/cabello\/tratamientos-capilares\/aceite\" target=\"_blank\" rel=\"noreferrer noopener\">Aceites<\/a>\u202f(tanto para piel como para el pelo)\u202f&nbsp;<\/li>\n<\/ul>\n\n\n\n<ul class=\"wp-block-list\">\n<li  style=\"margin-left:25px;\"><strong>\u25cf<\/strong> \u202f<a href=\"https:\/\/www.arenal.com\/cosmetica\/serums-faciales\" target=\"_blank\" rel=\"noreferrer noopener\">S\u00e9rums<\/a>\u202f\u202f&nbsp;<\/li>\n<\/ul>\n\n\n\n<ul class=\"wp-block-list\">\n<li  style=\"margin-left:25px;\">\u202f<strong>\u25cf<\/strong> <a href=\"https:\/\/www.arenal.com\/higiene\/corporal\/geles-y-jabones-de-bano\/c\/1_0000000107\" target=\"_blank\" rel=\"noreferrer noopener\">Geles<\/a>,\u202f<a href=\"https:\/\/www.arenal.com\/cabello\/champus\/c\/1_0000000926\" target=\"_blank\" rel=\"noreferrer noopener\">champ\u00fas<\/a>\u202fy\u202f<a href=\"https:\/\/www.arenal.com\/cabello\/acondicionadores\/c\/1_0000000941\" target=\"_blank\" rel=\"noreferrer noopener\">acondicionadores<\/a>\u202f&nbsp;<\/li>\n<\/ul>\n\n\n\n<ul class=\"wp-block-list\">\n<li  style=\"margin-left:25px;\">\u202f<strong>\u25cf<\/strong> <a href=\"https:\/\/www.arenal.com\/higiene\/desodorantes\/c\/1_0000000796\" target=\"_blank\" rel=\"noreferrer noopener\">Desodorantes<\/a>\u202f(tambi\u00e9n en spray)\u202f\u202f&nbsp;<\/li>\n<\/ul>\n\n\n\n<h2 class=\"wp-block-heading\"><span class=\"ez-toc-section\" id=\"%C2%BFComo_llevar_cosmeticos_en_el_avion_sin_incumplir_la_normativa\"><\/span>\u00bfC\u00f3mo llevar cosm\u00e9ticos en el avi\u00f3n sin incumplir la normativa?&nbsp;<span class=\"ez-toc-section-end\"><\/span><\/h2>\n\n\n\n<p>Para facilitar el cumplimiento de estas normativas, muchas marcas de cosm\u00e9tica ofrecen minitallas o kits de viaje. Estos\u202f<a href=\"https:\/\/www.arenal.com\/higiene\/neceseres-y-kit-de-viaje\/c\/1_0000000814\" target=\"_blank\" rel=\"noreferrer noopener\">neceseres de viaje<\/a>\u202fcontienen <strong>productos esenciales en formato miniatura<\/strong>, dise\u00f1ados para ocupar el menor espacio posible y asegurar que no te falte nada durante tus vacaciones. Adem\u00e1s de ser pr\u00e1cticos, estos kits suelen estar disponibles tanto en tiendas f\u00edsicas como online, con tama\u00f1os que no superan los 100 ml.\u202f&nbsp;<\/p>\n\n\n\n<h2 class=\"wp-block-heading\"><span class=\"ez-toc-section\" id=\"%C2%BFPuedo_llevar_cosmeticos_en_el_avion_comprados_en_el_Duty_Free\"><\/span>\u00bfPuedo llevar cosm\u00e9ticos en el avi\u00f3n comprados en el Duty Free?&nbsp;<span class=\"ez-toc-section-end\"><\/span><\/h2>\n\n\n\n<p>Las compras realizadas en las tiendas duty free ubicadas despu\u00e9s del control de seguridad, o dentro del avi\u00f3n, tambi\u00e9n<strong>\u202fest\u00e1n permitidas en la cabina.\u202f<\/strong>\u202f&nbsp;<\/p>\n\n\n\n<p>Estos productos, en cualquiera de los formatos l\u00edquidos, pueden subirse a bordo sin problemas. Eso s\u00ed, siempre hay que\u202f<strong>conservar el recibo de compra y la bolsa debe mantenerse bien sellada<\/strong>. Es importante no abrir estos productos hasta llegar a tu destino para evitar problemas durante el vuelo.\u202f&nbsp;<\/p>\n\n\n\n<figure class=\"wp-block-image size-large\"><img loading=\"lazy\" decoding=\"async\" width=\"1024\" height=\"683\" src=\"https:\/\/www.arenal.com\/blog\/wp-content\/uploads\/2024\/07\/cosmeticos_equipaje_mano_arenal-1024x683.jpg\" alt=\"\" class=\"wp-image-6185\" srcset=\"https:\/\/www.arenal.com\/blog\/wp-content\/uploads\/2024\/07\/cosmeticos_equipaje_mano_arenal-1024x683.jpg 1024w, https:\/\/www.arenal.com\/blog\/wp-content\/uploads\/2024\/07\/cosmeticos_equipaje_mano_arenal-300x200.jpg 300w, https:\/\/www.arenal.com\/blog\/wp-content\/uploads\/2024\/07\/cosmeticos_equipaje_mano_arenal-768x512.jpg 768w, https:\/\/www.arenal.com\/blog\/wp-content\/uploads\/2024\/07\/cosmeticos_equipaje_mano_arenal.jpg 1140w\" sizes=\"auto, (max-width: 1024px) 100vw, 1024px\" \/><\/figure>\n\n\n\n<h2 class=\"wp-block-heading\"><span class=\"ez-toc-section\" id=\"%C2%BFComo_preparar_el_neceser_de_maquillaje_para_avion\"><\/span>\u00bfC\u00f3mo preparar el neceser de maquillaje para avi\u00f3n?&nbsp;<span class=\"ez-toc-section-end\"><\/span><\/h2>\n\n\n\n<p>\u00bfNecesitas ayuda para saber qu\u00e9 incluir en tu neceser de maquillaje y cosm\u00e9ticos para llevar en tu equipaje de mano? Toma nota de los siguientes tips:&nbsp;<\/p>\n\n\n\n<ul class=\"wp-block-list\">\n<li  style=\"margin-left:25px;\"><strong>\u25cf<\/strong> <strong>Selecciona solo lo esencial<\/strong>: prioriza los productos que realmente necesitar\u00e1s durante el vuelo y tu estancia.\u202f&nbsp;<\/li>\n<\/ul>\n\n\n\n<ul class=\"wp-block-list\">\n<li  style=\"margin-left:25px;\"><strong>\u25cf<\/strong> <strong>Sustituir l\u00edquidos por s\u00f3lidos<\/strong>: Opta por productos en formato s\u00f3lido como champ\u00fas s\u00f3lidos, desodorantes en barra y toallitas desmaquillantes para minimizar la cantidad de l\u00edquidos.<strong>\u202f<\/strong>\u202f&nbsp;<\/li>\n<\/ul>\n\n\n\n<ul class=\"wp-block-list\">\n<li  style=\"margin-left:25px;\"><strong>\u25cf<\/strong> <strong>Evitar productos inflamables<\/strong>: verifica las etiquetas para asegurarte de que los productos no sean inflamables, ya que estos est\u00e1n prohibidos.<strong>\u202f<\/strong>\u202f&nbsp;<\/li>\n<\/ul>\n\n\n\n<ul class=\"wp-block-list\">\n<li  style=\"margin-left:25px;\"><strong>\u25cf<\/strong> <strong>Utiliza recipientes reutilizables<\/strong>: puedes comprar recipientes de viaje para rellenarlos con tus cosm\u00e9ticos favoritos. Estos recipientes est\u00e1n dise\u00f1ados para cumplir con las normativas de seguridad.\u202f&nbsp;<\/li>\n<\/ul>\n\n\n\n<ul class=\"wp-block-list\">\n<li  style=\"margin-left:25px;\"><strong>\u25cf<\/strong> <strong>Uso de envases de pl\u00e1stico<\/strong>: Aunque no est\u00e1 prohibido usar envases de vidrio, es recomendable usar pl\u00e1sticos para evitar roturas.\u202f&nbsp;<\/li>\n<\/ul>\n\n\n\n<ul class=\"wp-block-list\">\n<li  style=\"margin-left:25px;\"><strong>\u25cf<\/strong> <strong>Organiza tu neceser<\/strong>: un neceser transparente con m\u00faltiples compartimentos puede ayudarte a mantener tus productos organizados y f\u00e1ciles de inspeccionar.\u202f&nbsp;<\/li>\n<\/ul>\n\n\n\n<ul class=\"wp-block-list\">\n<li  style=\"margin-left:25px;\"><strong>\u25cf<\/strong> <strong>Mant\u00e9n los recibos a mano<\/strong>: si compras productos en el duty free, aseg\u00farate de guardar los recibos en un lugar accesible para mostrarlos si es necesario.\u202f&nbsp;<\/li>\n<\/ul>\n\n\n\n<h2 class=\"wp-block-heading\"><span class=\"ez-toc-section\" id=\"%C2%BFPuedes_llevar_una_cuchilla_de_depilacion_en_el_equipaje_de_mano%E2%80%AF\"><\/span>\u00bfPuedes llevar una cuchilla de depilaci\u00f3n en el equipaje de mano?\u202f&nbsp;<span class=\"ez-toc-section-end\"><\/span><\/h2>\n\n\n\n<p>Los cosm\u00e9ticos en formato l\u00edquido no son los \u00fanicos que causas dudas. \u00bfQu\u00e9 pasa con los accesorios como limas, corta\u00fa\u00f1as o <a href=\"https:\/\/www.arenal.com\/higiene\/afeitado\/maquinas-de-afeitar\/c\/1_0000001005\" target=\"_blank\" rel=\"noreferrer noopener\">maquinillas de afeitar<\/a>? Hay algunos tipos que s\u00ed est\u00e1n permitidos:&nbsp;<\/p>\n\n\n\n<ul class=\"wp-block-list\">\n<li  style=\"margin-left:25px;\"><strong>\u25cf<\/strong> <strong>Maquinillas desechables<\/strong>: las maquinillas desechables est\u00e1n permitidas en el equipaje de mano. Estas maquinillas tienen un cabezal fijo y no se pueden desmontar, lo que las hace seguras para llevar en la cabina del avi\u00f3n.\u202f&nbsp;<\/li>\n<\/ul>\n\n\n\n<ul class=\"wp-block-list\">\n<li  style=\"margin-left:25px;\"><strong>\u25cf<\/strong> <strong>Depiladoras el\u00e9ctricas<\/strong>: las depiladoras y recortadoras el\u00e9ctricas tambi\u00e9n se pueden llevar en el equipaje de mano. Estos dispositivos no presentan riesgo y son pr\u00e1cticos para mantener tu rutina de depilaci\u00f3n durante el viaje.\u202f&nbsp;<\/li>\n<\/ul>\n\n\n\n<ul class=\"wp-block-list\">\n<li  style=\"margin-left:25px;\"><strong>\u25cf<\/strong> <strong>Recambios<\/strong>: los recambios para maquinillas de depilaci\u00f3n pueden transportarse en el equipaje de mano siempre y cuando est\u00e9n en su empaque original y no hayan sido abiertos.\u202f&nbsp;<\/li>\n<\/ul>\n\n\n\n<h2 class=\"wp-block-heading\"><span class=\"ez-toc-section\" id=\"%C2%BFCuales_son_las_cuchillas_de_afeitar_no_permitidas_en_el_avion\"><\/span>\u00bfCu\u00e1les son las cuchillas de afeitar no permitidas en el avi\u00f3n?<span class=\"ez-toc-section-end\"><\/span><\/h2>\n\n\n\n<ul class=\"wp-block-list\">\n<li  style=\"margin-left:25px;\"><strong>\u25cf<\/strong> <strong>Maquinillas de seguridad o de doble filo<\/strong>: no est\u00e1n permitidas en el equipaje de mano debido a que sus hojas pueden ser retiradas y representar un riesgo. Si necesitas llevar este tipo de maquinillas, deber\u00e1s empacarlas en tu maleta facturada.\u202f&nbsp;<\/li>\n<\/ul>\n\n\n\n<ul class=\"wp-block-list\">\n<li style=\"margin-left:25px;\"><strong>\u25cf<\/strong> <strong>Hojas de afeitar sueltas<\/strong>: al igual que las anteriores, deben ir en el equipaje facturado.\u202f&nbsp;<\/li>\n<\/ul>\n\n\n\n<figure class=\"wp-block-image size-large\"><img loading=\"lazy\" decoding=\"async\" width=\"1024\" height=\"683\" src=\"https:\/\/www.arenal.com\/blog\/wp-content\/uploads\/2024\/07\/neceser_maquillaje_avion_arenal-1024x683.jpg\" alt=\"\" class=\"wp-image-6188\" srcset=\"https:\/\/www.arenal.com\/blog\/wp-content\/uploads\/2024\/07\/neceser_maquillaje_avion_arenal-1024x683.jpg 1024w, https:\/\/www.arenal.com\/blog\/wp-content\/uploads\/2024\/07\/neceser_maquillaje_avion_arenal-300x200.jpg 300w, https:\/\/www.arenal.com\/blog\/wp-content\/uploads\/2024\/07\/neceser_maquillaje_avion_arenal-768x512.jpg 768w, https:\/\/www.arenal.com\/blog\/wp-content\/uploads\/2024\/07\/neceser_maquillaje_avion_arenal.jpg 1140w\" sizes=\"auto, (max-width: 1024px) 100vw, 1024px\" \/><\/figure>\n\n\n\n<h2 class=\"wp-block-heading\"><span class=\"ez-toc-section\" id=\"Lleva_tus_cosmeticos_en_el_equipaje_de_mano%E2%80%AF\"><\/span>Lleva tus cosm\u00e9ticos en el equipaje de mano\u202f&nbsp;<span class=\"ez-toc-section-end\"><\/span><\/h2>\n\n\n\n<p>Viajar con tus c<strong>osm\u00e9ticos en la cabina del avi\u00f3n\u202f<\/strong>no tiene por qu\u00e9 ser complicado. Conocer las normativas y prepararte adecuadamente te permitir\u00e1 llevar tus productos esenciales sin problemas.\u202f\u202f&nbsp;<\/p>\n\n\n\n<p>Recuerda seleccionar solo los productos imprescindibles, utilizar recipientes de viaje y mantener organizados tus cosm\u00e9ticos. En<strong>\u202fArenal Perfumer\u00edas\u202f<\/strong>puedes hacerte con todo lo necesario para disfrutar de tu vuelo y de tus vacaciones con la tranquilidad de tener todo lo que necesitas para cuidar tu piel y lucir radiante.\u202f&nbsp;<\/p>\n\n\n\n<p>\u00bfTienes alg\u00fan truco o consejo para llevar cosm\u00e9ticos en el avi\u00f3n? \u00a1Comp\u00e1rtelo en los comentarios y ayuda a otros viajeros a preparar su\u202f<strong>neceser de viaje perfecto<\/strong>!\u202f&nbsp;<\/p>\n\n\n\n<h2 class=\"wp-block-heading\"><span class=\"ez-toc-section\" id=\"Preguntas_frecuentes\"><\/span><strong>Preguntas frecuentes<\/strong>&nbsp;<span class=\"ez-toc-section-end\"><\/span><\/h2>\n\n\n<div class=\"wp-block-ub-content-toggle wp-block-ub-content-toggle-block\" id=\"ub-content-toggle-block-463b2c36-cc7a-4b0b-a0b7-074a67bd618a\" data-mobilecollapse=\"false\" data-desktopcollapse=\"false\" data-preventcollapse=\"false\" data-showonlyone=\"false\">\n<div class=\"wp-block-ub-content-toggle-accordion\" style=\"border-color: #f1f1f1; \" id=\"ub-content-toggle-panel-block-\">\n\t\t\t<div class=\"wp-block-ub-content-toggle-accordion-title-wrap\" style=\"background-color: #f1f1f1;\" aria-controls=\"ub-content-toggle-panel-0-463b2c36-cc7a-4b0b-a0b7-074a67bd618a\" tabindex=\"0\">\n\t\t\t<p class=\"wp-block-ub-content-toggle-accordion-title ub-content-toggle-title-463b2c36-cc7a-4b0b-a0b7-074a67bd618a\" style=\"color: #000000; \"><strong>\u00bfEl r\u00edmel se considera l\u00edquido en un avi\u00f3n?<\/strong>\u00a0<\/p>\n\t\t\t<div class=\"wp-block-ub-content-toggle-accordion-toggle-wrap right\" style=\"color: #000000;\"><span class=\"wp-block-ub-content-toggle-accordion-state-indicator wp-block-ub-chevron-down open\"><\/span><\/div>\n\t\t<\/div>\n\t\t\t<div role=\"region\" aria-expanded=\"true\" class=\"wp-block-ub-content-toggle-accordion-content-wrap\" id=\"ub-content-toggle-panel-0-463b2c36-cc7a-4b0b-a0b7-074a67bd618a\">\n\n<p>El r\u00edmel s\u00ed se considera l\u00edquido en un avi\u00f3n, por lo que debe cumplir con la normativa de l\u00edquidos en el equipaje de mano: envases de m\u00e1ximo 100 ml y dentro de una bolsa transparente con cierre herm\u00e9tico.\u00a0<\/p>\n\n<\/div>\n\t\t<\/div>\n\n<div class=\"wp-block-ub-content-toggle-accordion\" style=\"border-color: #f1f1f1; \" id=\"ub-content-toggle-panel-block-\">\n\t\t\t<div class=\"wp-block-ub-content-toggle-accordion-title-wrap\" style=\"background-color: #f1f1f1;\" aria-controls=\"ub-content-toggle-panel-1-463b2c36-cc7a-4b0b-a0b7-074a67bd618a\" tabindex=\"0\">\n\t\t\t<p class=\"wp-block-ub-content-toggle-accordion-title ub-content-toggle-title-463b2c36-cc7a-4b0b-a0b7-074a67bd618a\" style=\"color: #000000; \"><strong>\u00bfQu\u00e9 productos de maquillaje se consideran l\u00edquidos?<\/strong>\u00a0<\/p>\n\t\t\t<div class=\"wp-block-ub-content-toggle-accordion-toggle-wrap right\" style=\"color: #000000;\"><span class=\"wp-block-ub-content-toggle-accordion-state-indicator wp-block-ub-chevron-down open\"><\/span><\/div>\n\t\t<\/div>\n\t\t\t<div role=\"region\" aria-expanded=\"true\" class=\"wp-block-ub-content-toggle-accordion-content-wrap\" id=\"ub-content-toggle-panel-1-463b2c36-cc7a-4b0b-a0b7-074a67bd618a\">\n\n<p>Se consideran l\u00edquidos en maquillaje las bases fluidas, correctores l\u00edquidos, brillos y labiales en crema, delineadores en gel o l\u00edquido, sombras en crema, esmaltes de u\u00f1as y cualquier producto en crema, gel o pasta.\u00a0<\/p>\n\n<\/div>\n\t\t<\/div>\n\n<div class=\"wp-block-ub-content-toggle-accordion\" style=\"border-color: #f1f1f1; \" id=\"ub-content-toggle-panel-block-\">\n\t\t\t<div class=\"wp-block-ub-content-toggle-accordion-title-wrap\" style=\"background-color: #f1f1f1;\" aria-controls=\"ub-content-toggle-panel-2-463b2c36-cc7a-4b0b-a0b7-074a67bd618a\" tabindex=\"0\">\n\t\t\t<p class=\"wp-block-ub-content-toggle-accordion-title ub-content-toggle-title-463b2c36-cc7a-4b0b-a0b7-074a67bd618a\" style=\"color: #000000; \"><strong>\u00bfD\u00f3nde debo guardar mi maquillaje durante el vuelo?<\/strong>\u00a0<\/p>\n\t\t\t<div class=\"wp-block-ub-content-toggle-accordion-toggle-wrap right\" style=\"color: #000000;\"><span class=\"wp-block-ub-content-toggle-accordion-state-indicator wp-block-ub-chevron-down open\"><\/span><\/div>\n\t\t<\/div>\n\t\t\t<div role=\"region\" aria-expanded=\"true\" class=\"wp-block-ub-content-toggle-accordion-content-wrap\" id=\"ub-content-toggle-panel-2-463b2c36-cc7a-4b0b-a0b7-074a67bd618a\">\n\n<p>El maquillaje que lleves en cabina debe guardarse en la bolsa transparente para l\u00edquidos dentro del equipaje de mano, mientras que el resto o los formatos mayores a 100 ml conviene colocarlos en la maleta facturada.\u00a0<\/p>\n\n<\/div>\n\t\t<\/div>\n<\/div>","protected":false},"excerpt":{"rendered":"<p>Te explicamos qu\u00e9 productos de maquillaje puedes llevar en cabina y c\u00f3mo viajar con tu neceser sin problemas.<\/p>\n","protected":false},"author":2,"featured_media":6186,"comment_status":"open","ping_status":"open","sticky":false,"template":"","format":"standard","meta":{"footnotes":""},"categories":[655,231],"tags":[638,637],"class_list":["post-6203","post","type-post","status-publish","format-standard","has-post-thumbnail","hentry","category-dudas","category-consejos-y-rutinas-de-maquillaje","tag-corporal","tag-facial"],"featured_image_src":"https:\/\/www.arenal.com\/blog\/wp-content\/uploads\/2024\/07\/maquillaje_avion_arenal.jpg","author_info":{"display_name":"arenal","author_link":"https:\/\/www.arenal.com\/blog\/author\/arenal"},"yoast_head":"<!-- This site is optimized with the Yoast SEO plugin v27.4 - https:\/\/yoast.com\/product\/yoast-seo-wordpress\/ -->\n<title>\u00bfSe puede llevar maquillaje en el avi\u00f3n?<\/title>\n<meta name=\"description\" content=\"Te explicamos qu\u00e9 productos de maquillaje puedes llevar en cabina y c\u00f3mo viajar con tu neceser sin problemas.\" \/>\n<meta name=\"robots\" content=\"index, follow, max-snippet:-1, max-image-preview:large, max-video-preview:-1\" \/>\n<link rel=\"canonical\" href=\"https:\/\/www.arenal.com\/blog\/cosmeticos-en-avion\" \/>\n<meta property=\"og:locale\" content=\"es_ES\" \/>\n<meta property=\"og:type\" content=\"article\" \/>\n<meta property=\"og:title\" content=\"\u00bfSe puede llevar maquillaje en el avi\u00f3n?\" \/>\n<meta property=\"og:description\" content=\"Te explicamos qu\u00e9 productos de maquillaje puedes llevar en cabina y c\u00f3mo viajar con tu neceser sin problemas.\" \/>\n<meta property=\"og:url\" content=\"https:\/\/www.arenal.com\/blog\/cosmeticos-en-avion\" \/>\n<meta property=\"og:site_name\" content=\"Blog de Arenal\" \/>\n<meta property=\"article:published_time\" content=\"2025-09-26T05:45:00+00:00\" \/>\n<meta property=\"article:modified_time\" content=\"2025-09-29T15:32:25+00:00\" \/>\n<meta property=\"og:image\" content=\"https:\/\/www.arenal.com\/blog\/wp-content\/uploads\/2024\/07\/maquillaje_avion_arenal.jpg\" \/>\n\t<meta property=\"og:image:width\" content=\"1140\" \/>\n\t<meta property=\"og:image:height\" content=\"322\" \/>\n\t<meta property=\"og:image:type\" content=\"image\/jpeg\" \/>\n<meta name=\"author\" content=\"arenal\" \/>\n<meta name=\"twitter:card\" content=\"summary_large_image\" \/>\n<meta name=\"twitter:label1\" content=\"Escrito por\" \/>\n\t<meta name=\"twitter:data1\" content=\"arenal\" \/>\n\t<meta name=\"twitter:label2\" content=\"Tiempo de lectura\" \/>\n\t<meta name=\"twitter:data2\" content=\"6 minutos\" \/>\n<script type=\"application\/ld+json\" class=\"yoast-schema-graph\">{\"@context\":\"https:\\\/\\\/schema.org\",\"@graph\":[{\"@type\":\"Article\",\"@id\":\"https:\\\/\\\/www.arenal.com\\\/blog\\\/cosmeticos-en-avion#article\",\"isPartOf\":{\"@id\":\"https:\\\/\\\/www.arenal.com\\\/blog\\\/cosmeticos-en-avion\"},\"author\":{\"name\":\"arenal\",\"@id\":\"https:\\\/\\\/www.arenal.com\\\/blog\\\/#\\\/schema\\\/person\\\/75c321b161941947bdc15ffde9d6241f\"},\"headline\":\"\u00bfSe puede llevar maquillaje en el avi\u00f3n?\u00a0\",\"datePublished\":\"2025-09-26T05:45:00+00:00\",\"dateModified\":\"2025-09-29T15:32:25+00:00\",\"mainEntityOfPage\":{\"@id\":\"https:\\\/\\\/www.arenal.com\\\/blog\\\/cosmeticos-en-avion\"},\"wordCount\":1281,\"commentCount\":0,\"image\":{\"@id\":\"https:\\\/\\\/www.arenal.com\\\/blog\\\/cosmeticos-en-avion#primaryimage\"},\"thumbnailUrl\":\"https:\\\/\\\/www.arenal.com\\\/blog\\\/wp-content\\\/uploads\\\/2024\\\/07\\\/maquillaje_avion_arenal.jpg\",\"keywords\":[\"Cuidado corporal\",\"Cuidado facial\"],\"articleSection\":[\"Dudas\",\"Maquillaje\"],\"inLanguage\":\"es\",\"potentialAction\":[{\"@type\":\"CommentAction\",\"name\":\"Comment\",\"target\":[\"https:\\\/\\\/www.arenal.com\\\/blog\\\/cosmeticos-en-avion#respond\"]}]},{\"@type\":\"WebPage\",\"@id\":\"https:\\\/\\\/www.arenal.com\\\/blog\\\/cosmeticos-en-avion\",\"url\":\"https:\\\/\\\/www.arenal.com\\\/blog\\\/cosmeticos-en-avion\",\"name\":\"\u00bfSe puede llevar maquillaje en el avi\u00f3n?\",\"isPartOf\":{\"@id\":\"https:\\\/\\\/www.arenal.com\\\/blog\\\/#website\"},\"primaryImageOfPage\":{\"@id\":\"https:\\\/\\\/www.arenal.com\\\/blog\\\/cosmeticos-en-avion#primaryimage\"},\"image\":{\"@id\":\"https:\\\/\\\/www.arenal.com\\\/blog\\\/cosmeticos-en-avion#primaryimage\"},\"thumbnailUrl\":\"https:\\\/\\\/www.arenal.com\\\/blog\\\/wp-content\\\/uploads\\\/2024\\\/07\\\/maquillaje_avion_arenal.jpg\",\"datePublished\":\"2025-09-26T05:45:00+00:00\",\"dateModified\":\"2025-09-29T15:32:25+00:00\",\"author\":{\"@id\":\"https:\\\/\\\/www.arenal.com\\\/blog\\\/#\\\/schema\\\/person\\\/75c321b161941947bdc15ffde9d6241f\"},\"description\":\"Te explicamos qu\u00e9 productos de maquillaje puedes llevar en cabina y c\u00f3mo viajar con tu neceser sin problemas.\",\"breadcrumb\":{\"@id\":\"https:\\\/\\\/www.arenal.com\\\/blog\\\/cosmeticos-en-avion#breadcrumb\"},\"inLanguage\":\"es\",\"potentialAction\":[{\"@type\":\"ReadAction\",\"target\":[\"https:\\\/\\\/www.arenal.com\\\/blog\\\/cosmeticos-en-avion\"]}]},{\"@type\":\"ImageObject\",\"inLanguage\":\"es\",\"@id\":\"https:\\\/\\\/www.arenal.com\\\/blog\\\/cosmeticos-en-avion#primaryimage\",\"url\":\"https:\\\/\\\/www.arenal.com\\\/blog\\\/wp-content\\\/uploads\\\/2024\\\/07\\\/maquillaje_avion_arenal.jpg\",\"contentUrl\":\"https:\\\/\\\/www.arenal.com\\\/blog\\\/wp-content\\\/uploads\\\/2024\\\/07\\\/maquillaje_avion_arenal.jpg\",\"width\":1140,\"height\":322},{\"@type\":\"BreadcrumbList\",\"@id\":\"https:\\\/\\\/www.arenal.com\\\/blog\\\/cosmeticos-en-avion#breadcrumb\",\"itemListElement\":[{\"@type\":\"ListItem\",\"position\":1,\"name\":\"Maquillaje\",\"item\":\"https:\\\/\\\/www.arenal.com\\\/blog\\\/consejos-y-rutinas-de-maquillaje\"},{\"@type\":\"ListItem\",\"position\":2,\"name\":\"\u00bfSe puede llevar maquillaje en el avi\u00f3n?\u00a0\"}]},{\"@type\":\"WebSite\",\"@id\":\"https:\\\/\\\/www.arenal.com\\\/blog\\\/#website\",\"url\":\"https:\\\/\\\/www.arenal.com\\\/blog\\\/\",\"name\":\"Blog de Arenal\",\"description\":\"\",\"potentialAction\":[{\"@type\":\"SearchAction\",\"target\":{\"@type\":\"EntryPoint\",\"urlTemplate\":\"https:\\\/\\\/www.arenal.com\\\/blog\\\/?s={search_term_string}\"},\"query-input\":{\"@type\":\"PropertyValueSpecification\",\"valueRequired\":true,\"valueName\":\"search_term_string\"}}],\"inLanguage\":\"es\"},{\"@type\":\"Person\",\"@id\":\"https:\\\/\\\/www.arenal.com\\\/blog\\\/#\\\/schema\\\/person\\\/75c321b161941947bdc15ffde9d6241f\",\"name\":\"arenal\",\"image\":{\"@type\":\"ImageObject\",\"inLanguage\":\"es\",\"@id\":\"https:\\\/\\\/secure.gravatar.com\\\/avatar\\\/e930b117f1433c3126018d5f63c8b2d59f2a86bdb0425d8e5c9b3c027c902408?s=96&d=mm&r=g\",\"url\":\"https:\\\/\\\/secure.gravatar.com\\\/avatar\\\/e930b117f1433c3126018d5f63c8b2d59f2a86bdb0425d8e5c9b3c027c902408?s=96&d=mm&r=g\",\"contentUrl\":\"https:\\\/\\\/secure.gravatar.com\\\/avatar\\\/e930b117f1433c3126018d5f63c8b2d59f2a86bdb0425d8e5c9b3c027c902408?s=96&d=mm&r=g\",\"caption\":\"arenal\"},\"url\":\"https:\\\/\\\/www.arenal.com\\\/blog\\\/author\\\/arenal\"}]}<\/script>\n<!-- \/ Yoast SEO plugin. -->","yoast_head_json":{"title":"\u00bfSe puede llevar maquillaje en el avi\u00f3n?","description":"Te explicamos qu\u00e9 productos de maquillaje puedes llevar en cabina y c\u00f3mo viajar con tu neceser sin problemas.","robots":{"index":"index","follow":"follow","max-snippet":"max-snippet:-1","max-image-preview":"max-image-preview:large","max-video-preview":"max-video-preview:-1"},"canonical":"https:\/\/www.arenal.com\/blog\/cosmeticos-en-avion","og_locale":"es_ES","og_type":"article","og_title":"\u00bfSe puede llevar maquillaje en el avi\u00f3n?","og_description":"Te explicamos qu\u00e9 productos de maquillaje puedes llevar en cabina y c\u00f3mo viajar con tu neceser sin problemas.","og_url":"https:\/\/www.arenal.com\/blog\/cosmeticos-en-avion","og_site_name":"Blog de Arenal","article_published_time":"2025-09-26T05:45:00+00:00","article_modified_time":"2025-09-29T15:32:25+00:00","og_image":[{"width":1140,"height":322,"url":"https:\/\/www.arenal.com\/blog\/wp-content\/uploads\/2024\/07\/maquillaje_avion_arenal.jpg","type":"image\/jpeg"}],"author":"arenal","twitter_card":"summary_large_image","twitter_misc":{"Escrito por":"arenal","Tiempo de lectura":"6 minutos"},"schema":{"@context":"https:\/\/schema.org","@graph":[{"@type":"Article","@id":"https:\/\/www.arenal.com\/blog\/cosmeticos-en-avion#article","isPartOf":{"@id":"https:\/\/www.arenal.com\/blog\/cosmeticos-en-avion"},"author":{"name":"arenal","@id":"https:\/\/www.arenal.com\/blog\/#\/schema\/person\/75c321b161941947bdc15ffde9d6241f"},"headline":"\u00bfSe puede llevar maquillaje en el avi\u00f3n?\u00a0","datePublished":"2025-09-26T05:45:00+00:00","dateModified":"2025-09-29T15:32:25+00:00","mainEntityOfPage":{"@id":"https:\/\/www.arenal.com\/blog\/cosmeticos-en-avion"},"wordCount":1281,"commentCount":0,"image":{"@id":"https:\/\/www.arenal.com\/blog\/cosmeticos-en-avion#primaryimage"},"thumbnailUrl":"https:\/\/www.arenal.com\/blog\/wp-content\/uploads\/2024\/07\/maquillaje_avion_arenal.jpg","keywords":["Cuidado corporal","Cuidado facial"],"articleSection":["Dudas","Maquillaje"],"inLanguage":"es","potentialAction":[{"@type":"CommentAction","name":"Comment","target":["https:\/\/www.arenal.com\/blog\/cosmeticos-en-avion#respond"]}]},{"@type":"WebPage","@id":"https:\/\/www.arenal.com\/blog\/cosmeticos-en-avion","url":"https:\/\/www.arenal.com\/blog\/cosmeticos-en-avion","name":"\u00bfSe puede llevar maquillaje en el avi\u00f3n?","isPartOf":{"@id":"https:\/\/www.arenal.com\/blog\/#website"},"primaryImageOfPage":{"@id":"https:\/\/www.arenal.com\/blog\/cosmeticos-en-avion#primaryimage"},"image":{"@id":"https:\/\/www.arenal.com\/blog\/cosmeticos-en-avion#primaryimage"},"thumbnailUrl":"https:\/\/www.arenal.com\/blog\/wp-content\/uploads\/2024\/07\/maquillaje_avion_arenal.jpg","datePublished":"2025-09-26T05:45:00+00:00","dateModified":"2025-09-29T15:32:25+00:00","author":{"@id":"https:\/\/www.arenal.com\/blog\/#\/schema\/person\/75c321b161941947bdc15ffde9d6241f"},"description":"Te explicamos qu\u00e9 productos de maquillaje puedes llevar en cabina y c\u00f3mo viajar con tu neceser sin problemas.","breadcrumb":{"@id":"https:\/\/www.arenal.com\/blog\/cosmeticos-en-avion#breadcrumb"},"inLanguage":"es","potentialAction":[{"@type":"ReadAction","target":["https:\/\/www.arenal.com\/blog\/cosmeticos-en-avion"]}]},{"@type":"ImageObject","inLanguage":"es","@id":"https:\/\/www.arenal.com\/blog\/cosmeticos-en-avion#primaryimage","url":"https:\/\/www.arenal.com\/blog\/wp-content\/uploads\/2024\/07\/maquillaje_avion_arenal.jpg","contentUrl":"https:\/\/www.arenal.com\/blog\/wp-content\/uploads\/2024\/07\/maquillaje_avion_arenal.jpg","width":1140,"height":322},{"@type":"BreadcrumbList","@id":"https:\/\/www.arenal.com\/blog\/cosmeticos-en-avion#breadcrumb","itemListElement":[{"@type":"ListItem","position":1,"name":"Maquillaje","item":"https:\/\/www.arenal.com\/blog\/consejos-y-rutinas-de-maquillaje"},{"@type":"ListItem","position":2,"name":"\u00bfSe puede llevar maquillaje en el avi\u00f3n?\u00a0"}]},{"@type":"WebSite","@id":"https:\/\/www.arenal.com\/blog\/#website","url":"https:\/\/www.arenal.com\/blog\/","name":"Blog de Arenal","description":"","potentialAction":[{"@type":"SearchAction","target":{"@type":"EntryPoint","urlTemplate":"https:\/\/www.arenal.com\/blog\/?s={search_term_string}"},"query-input":{"@type":"PropertyValueSpecification","valueRequired":true,"valueName":"search_term_string"}}],"inLanguage":"es"},{"@type":"Person","@id":"https:\/\/www.arenal.com\/blog\/#\/schema\/person\/75c321b161941947bdc15ffde9d6241f","name":"arenal","image":{"@type":"ImageObject","inLanguage":"es","@id":"https:\/\/secure.gravatar.com\/avatar\/e930b117f1433c3126018d5f63c8b2d59f2a86bdb0425d8e5c9b3c027c902408?s=96&d=mm&r=g","url":"https:\/\/secure.gravatar.com\/avatar\/e930b117f1433c3126018d5f63c8b2d59f2a86bdb0425d8e5c9b3c027c902408?s=96&d=mm&r=g","contentUrl":"https:\/\/secure.gravatar.com\/avatar\/e930b117f1433c3126018d5f63c8b2d59f2a86bdb0425d8e5c9b3c027c902408?s=96&d=mm&r=g","caption":"arenal"},"url":"https:\/\/www.arenal.com\/blog\/author\/arenal"}]}},"_links":{"self":[{"href":"https:\/\/www.arenal.com\/blog\/wp-json\/wp\/v2\/posts\/6203","targetHints":{"allow":["GET"]}}],"collection":[{"href":"https:\/\/www.arenal.com\/blog\/wp-json\/wp\/v2\/posts"}],"about":[{"href":"https:\/\/www.arenal.com\/blog\/wp-json\/wp\/v2\/types\/post"}],"author":[{"embeddable":true,"href":"https:\/\/www.arenal.com\/blog\/wp-json\/wp\/v2\/users\/2"}],"replies":[{"embeddable":true,"href":"https:\/\/www.arenal.com\/blog\/wp-json\/wp\/v2\/comments?post=6203"}],"version-history":[{"count":7,"href":"https:\/\/www.arenal.com\/blog\/wp-json\/wp\/v2\/posts\/6203\/revisions"}],"predecessor-version":[{"id":7994,"href":"https:\/\/www.arenal.com\/blog\/wp-json\/wp\/v2\/posts\/6203\/revisions\/7994"}],"wp:featuredmedia":[{"embeddable":true,"href":"https:\/\/www.arenal.com\/blog\/wp-json\/wp\/v2\/media\/6186"}],"wp:attachment":[{"href":"https:\/\/www.arenal.com\/blog\/wp-json\/wp\/v2\/media?parent=6203"}],"wp:term":[{"taxonomy":"category","embeddable":true,"href":"https:\/\/www.arenal.com\/blog\/wp-json\/wp\/v2\/categories?post=6203"},{"taxonomy":"post_tag","embeddable":true,"href":"https:\/\/www.arenal.com\/blog\/wp-json\/wp\/v2\/tags?post=6203"}],"curies":[{"name":"wp","href":"https:\/\/api.w.org\/{rel}","templated":true}]}}