{"id":5913,"date":"2024-06-03T07:00:00","date_gmt":"2024-06-03T06:00:00","guid":{"rendered":"https:\/\/www.arenal.com\/blog\/?p=5913"},"modified":"2025-06-04T11:17:12","modified_gmt":"2025-06-04T10:17:12","slug":"quitar-granos-enquitados-sin-dolor","status":"publish","type":"post","link":"https:\/\/www.arenal.com\/blog\/quitar-granos-enquitados-sin-dolor","title":{"rendered":"\u00bfC\u00f3mo quitar granos enquistados? Tratamiento y prevenci\u00f3n"},"content":{"rendered":"\n<p>\u00bfTe has encontrado alguna vez con esos molestos <strong>granos enquistados<\/strong> que parecen tener vida propia, enterrados bajo la piel y neg\u00e1ndose a salir a la superficie? \u00a1No te alarmes! Los granos enquistados pueden ser muy molestos, pero hay formas efectivas de tratarlos y prevenirlos. En este post te contamos todo lo que necesitas saber sobre estos comedones y c\u00f3mo tratarlos.&nbsp;<\/p>\n\n\n\n<div id=\"ez-toc-container\" class=\"ez-toc-v2_0_82_2 counter-hierarchy ez-toc-counter ez-toc-custom ez-toc-container-direction\">\n<div class=\"ez-toc-title-container\">\n<p class=\"ez-toc-title\" style=\"cursor:inherit\">Indice de contenidos<\/p>\n<span class=\"ez-toc-title-toggle\"><a href=\"#\" class=\"ez-toc-pull-right ez-toc-btn ez-toc-btn-xs ez-toc-btn-default ez-toc-toggle\" aria-label=\"Alternar tabla de contenidos\"><span class=\"ez-toc-js-icon-con\"><span class=\"\"><span class=\"eztoc-hide\" style=\"display:none;\">Toggle<\/span><span class=\"ez-toc-icon-toggle-span\"><svg style=\"fill: #000000;color:#000000\" xmlns=\"http:\/\/www.w3.org\/2000\/svg\" class=\"list-377408\" width=\"20px\" height=\"20px\" viewBox=\"0 0 24 24\" fill=\"none\"><path d=\"M6 6H4v2h2V6zm14 0H8v2h12V6zM4 11h2v2H4v-2zm16 0H8v2h12v-2zM4 16h2v2H4v-2zm16 0H8v2h12v-2z\" fill=\"currentColor\"><\/path><\/svg><svg style=\"fill: #000000;color:#000000\" class=\"arrow-unsorted-368013\" xmlns=\"http:\/\/www.w3.org\/2000\/svg\" width=\"10px\" height=\"10px\" viewBox=\"0 0 24 24\" version=\"1.2\" baseProfile=\"tiny\"><path d=\"M18.2 9.3l-6.2-6.3-6.2 6.3c-.2.2-.3.4-.3.7s.1.5.3.7c.2.2.4.3.7.3h11c.3 0 .5-.1.7-.3.2-.2.3-.5.3-.7s-.1-.5-.3-.7zM5.8 14.7l6.2 6.3 6.2-6.3c.2-.2.3-.5.3-.7s-.1-.5-.3-.7c-.2-.2-.4-.3-.7-.3h-11c-.3 0-.5.1-.7.3-.2.2-.3.5-.3.7s.1.5.3.7z\"\/><\/svg><\/span><\/span><\/span><\/a><\/span><\/div>\n<nav><ul class='ez-toc-list ez-toc-list-level-1 ' ><li class='ez-toc-page-1 ez-toc-heading-level-2'><a class=\"ez-toc-link ez-toc-heading-1\" href=\"https:\/\/www.arenal.com\/blog\/quitar-granos-enquitados-sin-dolor\/#%C2%BFQue_es_un_grano_enquistado\" >\u00bfQu\u00e9 es un grano enquistado?&nbsp;<\/a><\/li><li class='ez-toc-page-1 ez-toc-heading-level-2'><a class=\"ez-toc-link ez-toc-heading-2\" href=\"https:\/\/www.arenal.com\/blog\/quitar-granos-enquitados-sin-dolor\/#Causas_de_los_granos_enquistados\" >Causas de los granos enquistados&nbsp;<\/a><\/li><li class='ez-toc-page-1 ez-toc-heading-level-2'><a class=\"ez-toc-link ez-toc-heading-3\" href=\"https:\/\/www.arenal.com\/blog\/quitar-granos-enquitados-sin-dolor\/#%C2%BFComo_quitar_los_granos_enquistados\" >\u00bfC\u00f3mo quitar los granos enquistados?&nbsp;<\/a><\/li><li class='ez-toc-page-1 ez-toc-heading-level-2'><a class=\"ez-toc-link ez-toc-heading-4\" href=\"https:\/\/www.arenal.com\/blog\/quitar-granos-enquitados-sin-dolor\/#Crema_para_granos_enquistados\" >Crema para granos enquistados&nbsp;<\/a><\/li><li class='ez-toc-page-1 ez-toc-heading-level-2'><a class=\"ez-toc-link ez-toc-heading-5\" href=\"https:\/\/www.arenal.com\/blog\/quitar-granos-enquitados-sin-dolor\/#Como_prevenir_los_granos_enquistados\" >C\u00f3mo prevenir los granos enquistados&nbsp;&nbsp;<\/a><\/li><\/ul><\/nav><\/div>\n<h2 class=\"wp-block-heading\"><span class=\"ez-toc-section\" id=\"%C2%BFQue_es_un_grano_enquistado\"><\/span>\u00bfQu\u00e9 es un grano enquistado?&nbsp;<span class=\"ez-toc-section-end\"><\/span><\/h2>\n\n\n\n<p>Muchos no conocen o no utilizan el t\u00e9rmino \u2018grano interno\u2019 y prefieren utilizar \u2018grano enquistado\u2019 para definir este tipo de lesiones en la piel. De igual modo, queremos dar respuesta a la pregunta \u201c\u00bfqu\u00e9 es un grano enquistado?\u201d. Los granos enquistados son aquellos que <strong>se forman de bajo de la piel <\/strong>y no se dejan ver demasiado. Sin embargo, se pueden notar al tacto, como un peque\u00f1o bulto; o a trav\u00e9s del dolor, ya que, en muchos casos, los granos enquistados traen consigo una sensaci\u00f3n bastante molesta. Tambi\u00e9n pueden inflamarse o enrojecerse.&nbsp;<\/p>\n\n\n\n<p>Los granos enquistados aparecen por norma general en el ment\u00f3n, las mejillas, la frente o alrededor de los labios. Es decir, suenen brotar <strong>granos enquistados en la cara<\/strong>. Pero no se limitan al rostro, ya que te pueden salir granos enquistados en la espalda, las piernas o incluso en las ingles.&nbsp;<\/p>\n\n\n<div class=\"wp-block-image\">\n<figure class=\"aligncenter size-large is-resized\"><img loading=\"lazy\" decoding=\"async\" width=\"760\" height=\"1140\" src=\"https:\/\/www.arenal.com\/blog\/wp-content\/uploads\/2024\/06\/exfoliacion_granos_enquistados_arenal-v2-edited.jpg\" alt=\"\" class=\"wp-image-5920\" style=\"width:406px;height:auto\" srcset=\"https:\/\/www.arenal.com\/blog\/wp-content\/uploads\/2024\/06\/exfoliacion_granos_enquistados_arenal-v2-edited.jpg 760w, https:\/\/www.arenal.com\/blog\/wp-content\/uploads\/2024\/06\/exfoliacion_granos_enquistados_arenal-v2-edited-200x300.jpg 200w, https:\/\/www.arenal.com\/blog\/wp-content\/uploads\/2024\/06\/exfoliacion_granos_enquistados_arenal-v2-edited-683x1024.jpg 683w\" sizes=\"auto, (max-width: 760px) 100vw, 760px\" \/><\/figure>\n<\/div>\n\n\n<h2 class=\"wp-block-heading\"><span class=\"ez-toc-section\" id=\"Causas_de_los_granos_enquistados\"><\/span>Causas de los granos enquistados&nbsp;<span class=\"ez-toc-section-end\"><\/span><\/h2>\n\n\n\n<p>La obstrucci\u00f3n de los poros con sebo, c\u00e9lulas muertas de la piel y bacterias es la causa principal de los granos enquistados. Esta especie de \u2018tap\u00f3n\u2019 provoca una <strong>inflamaci\u00f3n <\/strong>debajo de la superficie de la piel.&nbsp;<\/p>\n\n\n\n<p>La falta de exfoliaci\u00f3n adecuada, el exceso de producci\u00f3n de sebo y factores hormonales son algunas de las razones por las que los granos enquistados pueden aparecer. Como ves, hay muchas<strong> razones que pueden causar la aparici\u00f3n de granos enquistados<\/strong>, pero estas son las m\u00e1s destacadas:&nbsp;<\/p>\n\n\n\n<h3 class=\"wp-block-heading\">Cambios hormonales&nbsp;<\/h3>\n\n\n\n<p>Los cambios hormonales, como los que experimentan los adolescentes, pueden hacer que las <strong>gl\u00e1ndulas seb\u00e1ceas se activen <\/strong>m\u00e1s, produciendo m\u00e1s grasa de la que la piel puede manejar. Esto ocurre tambi\u00e9n durante el embarazo y los ciclos menstruales.&nbsp;<\/p>\n\n\n\n<h3 class=\"wp-block-heading\">Gen\u00e9tica&nbsp;<\/h3>\n\n\n\n<p>Si tus padres han sufrido de acn\u00e9 severo, es m\u00e1s probable que t\u00fa tambi\u00e9n experimentes estas complicaciones. El<strong> factor gen\u00e9tico puede influir<\/strong> en c\u00f3mo reacciona tu piel ante las acumulaciones de sebo y c\u00e9lulas muertas, aumentando la probabilidad de desarrollar granos enquistados.&nbsp;<\/p>\n\n\n\n<h3 class=\"wp-block-heading\">Uso de productos inadecuados&nbsp;<\/h3>\n\n\n\n<p>El uso de cosm\u00e9ticos que no son adecuados para tu tipo de piel contribuye al desarrollo de acn\u00e9 y granos enquistados. No todos los productos de <a href=\"https:\/\/www.arenal.com\/cosmetica\/cosmetica-facial\/c\/1_0000000667\" target=\"_blank\" rel=\"noreferrer noopener\">cosm\u00e9tica facial<\/a> son id\u00f3neos para todos los tipos de piel. Cada art\u00edculo est\u00e1<strong> indicado para un tipo de piel espec\u00edfico <\/strong>debido a sus formulaciones. Algunos maquillajes y cremas hidratantes densas pueden obstruir los poros, atrapando sebo y bacterias en el interior, lo que lleva a brotes m\u00e1s severos y profundos.&nbsp;<\/p>\n\n\n\n<h3 class=\"wp-block-heading\">Factores externos&nbsp;<\/h3>\n\n\n\n<p>La <strong>acumulaci\u00f3n de suciedad y grasa<\/strong> en la piel, ya sea por la falta de una <a href=\"https:\/\/www.arenal.com\/blog\/rutina-cuidado-facial\" target=\"_blank\" rel=\"noreferrer noopener\">rutina de limpieza facial<\/a> o por factores externos, como sudoraci\u00f3n intensa, puede empeorar el acn\u00e9 y provocar la formaci\u00f3n de granos enquistados.&nbsp;<\/p>\n\n\n\n<figure class=\"wp-block-image size-large\"><img loading=\"lazy\" decoding=\"async\" width=\"1024\" height=\"683\" src=\"https:\/\/www.arenal.com\/blog\/wp-content\/uploads\/2024\/05\/quitar_granos_enquistados_arenal-v2-1024x683.jpg\" alt=\"\" class=\"wp-image-5911\" srcset=\"https:\/\/www.arenal.com\/blog\/wp-content\/uploads\/2024\/05\/quitar_granos_enquistados_arenal-v2-1024x683.jpg 1024w, https:\/\/www.arenal.com\/blog\/wp-content\/uploads\/2024\/05\/quitar_granos_enquistados_arenal-v2-300x200.jpg 300w, https:\/\/www.arenal.com\/blog\/wp-content\/uploads\/2024\/05\/quitar_granos_enquistados_arenal-v2-768x512.jpg 768w, https:\/\/www.arenal.com\/blog\/wp-content\/uploads\/2024\/05\/quitar_granos_enquistados_arenal-v2.jpg 1140w\" sizes=\"auto, (max-width: 1024px) 100vw, 1024px\" \/><\/figure>\n\n\n\n<h2 class=\"wp-block-heading\"><span class=\"ez-toc-section\" id=\"%C2%BFComo_quitar_los_granos_enquistados\"><\/span>\u00bfC\u00f3mo quitar los granos enquistados?&nbsp;<span class=\"ez-toc-section-end\"><\/span><\/h2>\n\n\n\n<p>\u00a1Para! Puede que la primera reacci\u00f3n al ver los granos enquistados sea intentar explotarlos, pero esto solo va a conseguir <strong>causarte heridas<\/strong> en la piel o incluso una infecci\u00f3n.&nbsp;<\/p>\n\n\n\n<p>Los granos enquistados suelen desaparecer con el paso del tiempo, pero si quieres acelerar este proceso, te compartimos algunos <strong>consejos<\/strong>:&nbsp;<\/p>\n\n\n\n<ul class=\"wp-block-list\">\n<li><strong>Compresa caliente<\/strong>: toma una toalla limpia y sum\u00e9rgela en agua caliente. Presiona con ella el grano interno durante unos 10 minutos. Con esta t\u00e9cnica conseguir\u00e1s reducir el dolor y el poro se habr\u00e1 abierto, por lo que empezar\u00e1 a salir a la superficie.&nbsp;<\/li>\n\n\n\n<li><strong>Ingredientes naturales<\/strong>: la miel, por ejemplo, puede ser \u00fatil con los granos enquistados. Es importante que sea de origen natural y que est\u00e9 cruda, ya que es de esta manera como ataca la inflamaci\u00f3n de la piel.&nbsp;<\/li>\n\n\n\n<li><strong>Tratamientos localizados<\/strong>: cosm\u00e9ticos que est\u00e9n formulados a base de <a href=\"https:\/\/www.arenal.com\/granadiet-aceite-arbol-de-te-50-ml\/p\/000000000000111685\" target=\"_blank\" rel=\"noreferrer noopener\">aceite esencial de \u00e1rbol de t\u00e9<\/a>, romero o salvia cuentan con las propiedades de estos ingredientes, es decir, cicatrizantes y antiinflamatorias.\u00a0<\/li>\n\n\n\n<li><strong>Mascarillas<\/strong>: existen numerosas f\u00f3rmulas que act\u00faan sobre el acn\u00e9 para dejar una piel lisa y uniforme. Por ejemplo, la mascarilla de arcilla verde de Caudalie (la Vinopure mascarilla purificante) trabaja en reducir las imperfecciones propias de las pieles con tendencia acneica.&nbsp;<\/li>\n<\/ul>\n\n\n\n<h2 class=\"wp-block-heading\"><span class=\"ez-toc-section\" id=\"Crema_para_granos_enquistados\"><\/span>Crema para granos enquistados&nbsp;<span class=\"ez-toc-section-end\"><\/span><\/h2>\n\n\n\n<p>Los granos enquistados tambi\u00e9n se pueden tratar con cosm\u00e9ticos. De hecho, hay marcas que han formulado <strong>l\u00edneas completas<\/strong> para tratar el acn\u00e9. Algunos ejemplos son: <a href=\"https:\/\/www.arenal.com\/marcas\/isdin\/isdin-acniben\" target=\"_blank\" rel=\"noreferrer noopener\">Isdin Acniben<\/a>, <a href=\"https:\/\/www.arenal.com\/marcas\/avene\/c\/AQW\" target=\"_blank\" rel=\"noreferrer noopener\">Av\u00e8ne Cleanance<\/a>, <a href=\"https:\/\/www.arenal.com\/marcas\/bioderma\/c\/CML\" target=\"_blank\" rel=\"noreferrer noopener\">Mat Control de Bioderma<\/a> o <a href=\"https:\/\/www.arenal.com\/marcas\/roche-posay\/la-roche-posay-effaclar\" target=\"_blank\" rel=\"noreferrer noopener\">La Roche Posay Effaclar<\/a>.&nbsp;<\/p>\n\n\n\n<p>Pero si lo que est\u00e1s buscando es una<strong> crema espec\u00edfica para los granos enquistados<\/strong>, a continuaci\u00f3n, te destacamos dos. Ambas las puedes compraren Arenal Perfumer\u00edas:&nbsp;<\/p>\n\n\n\n<ul class=\"wp-block-list\">\n<li><a href=\"https:\/\/www.arenal.com\/la-roche-posay-effaclar-duo-spf-30-gel-crema-anti-imperfecciones-40-ml\/p\/N3470476\" target=\"_blank\" rel=\"noreferrer noopener\">La Roche-Posay Effaclar Duo<\/a>: es ideal para eliminar las marcas de la cara. Act\u00faa tanto como corrector de imperfecciones m\u00e1s notables, as\u00ed como en otras marcas de la cara. Est\u00e1 desarrollada con una <strong>f\u00f3rmula anti-imperfecciones<\/strong> que act\u00faa en 8 horas desde su aplicaci\u00f3n.&nbsp;&nbsp;<\/li>\n\n\n\n<li>&nbsp;<a href=\"https:\/\/www.arenal.com\/avene-cleanance-comedomed-anti-imperfecciones-30-ml\/p\/N1924025\" target=\"_blank\" rel=\"noreferrer noopener\">Avene Cleanance comedomed concentrado anti-imperfecciones<\/a>: con esta crema-pomada podr\u00e1s reducir los granos y puntos negros y es id\u00f3nea para deshacerse de los granos enquistados. Cuenta con una f\u00f3rmula de absorci\u00f3n r\u00e1pida que act\u00faa como un <strong>peeling en la superficie<\/strong>, limpiando la grasa de la piel. Adem\u00e1s, tambi\u00e9n frena la aparici\u00f3n de nuevas imperfecciones en el rostro.&nbsp;<\/li>\n<\/ul>\n\n\n\n<p>Si, despu\u00e9s de haber agotado todas estas posibilidades, tus granos enquistados siguen contigo durante meses, te recomendamos que visites a tu m\u00e9dico o dermat\u00f3logo. La <strong>opini\u00f3n de estos profesionales de la salud <\/strong>te derivar\u00e1 a un tratamiento espec\u00edfico para tu tipo de problema, necesidades y circunstancias. En caso de fuerte inflamaci\u00f3n del grano interno, fiebre, sudoraci\u00f3n o s\u00edntomas de infecci\u00f3n es fundamentar que consultes con urgencia a un m\u00e9dico.&nbsp;&nbsp;<\/p>\n\n\n\n<figure class=\"wp-block-image size-large\"><img loading=\"lazy\" decoding=\"async\" width=\"1024\" height=\"683\" src=\"https:\/\/www.arenal.com\/blog\/wp-content\/uploads\/2024\/05\/tratamiento_granos_enquistados_arenal-v3-1024x683.jpg\" alt=\"\" class=\"wp-image-5914\" srcset=\"https:\/\/www.arenal.com\/blog\/wp-content\/uploads\/2024\/05\/tratamiento_granos_enquistados_arenal-v3-1024x683.jpg 1024w, https:\/\/www.arenal.com\/blog\/wp-content\/uploads\/2024\/05\/tratamiento_granos_enquistados_arenal-v3-300x200.jpg 300w, https:\/\/www.arenal.com\/blog\/wp-content\/uploads\/2024\/05\/tratamiento_granos_enquistados_arenal-v3-768x512.jpg 768w, https:\/\/www.arenal.com\/blog\/wp-content\/uploads\/2024\/05\/tratamiento_granos_enquistados_arenal-v3.jpg 1140w\" sizes=\"auto, (max-width: 1024px) 100vw, 1024px\" \/><\/figure>\n\n\n\n<h2 class=\"wp-block-heading\"><span class=\"ez-toc-section\" id=\"Como_prevenir_los_granos_enquistados\"><\/span>C\u00f3mo prevenir los granos enquistados&nbsp;&nbsp;<span class=\"ez-toc-section-end\"><\/span><\/h2>\n\n\n\n<p>Como hemos visto, los estos granos son un problema que <strong>puede afectar a cualquier persona<\/strong>. Suelen venir acompa\u00f1ados de una sensaci\u00f3n molesta, sin embargo, con los cuidados adecuados, se pueden conseguir eliminar.&nbsp;<\/p>\n\n\n\n<p>A continuaci\u00f3n, queremos darte algunos consejos para evitar que esos dolorosos granos aparezcan. Son<strong> tres tips muy sencillos<\/strong> que te ayudar\u00e1n a mantener una piel saludable y radiante.&nbsp;<\/p>\n\n\n\n<h3 class=\"wp-block-heading\">S\u00e9 constante en la limpieza de tu piel&nbsp;<\/h3>\n\n\n\n<p>La limpieza es el primer <strong>paso fundamental <\/strong>en la prevenci\u00f3n de todo tipo de acn\u00e9. Deber\u00edas tener este paso fijo tanto en tu rutina de ma\u00f1ana como antes de dormir.&nbsp;&nbsp;<\/p>\n\n\n\n<p>En el caso de los granos enquistados, es conveniente utilizar un <strong>limpiador suave <\/strong>que respete el pH natural de tu piel sin despojarla de sus aceites esenciales. Te recomendamos <a href=\"https:\/\/www.arenal.com\/cetaphil-locion-limpiadora\/p\/BP00003286\" target=\"_blank\" rel=\"noreferrer noopener\">Cetaphil Locion limpiadora<\/a>.&nbsp;<\/p>\n\n\n\n<h3 class=\"wp-block-heading\">Utiliza productos adecuados para tu tipo de piel&nbsp;<\/h3>\n\n\n\n<p>Tanto en el maquillaje como en todos tus art\u00edculos de cosm\u00e9tica, es muy necesario que escojas<strong> productos compatibles con tu tipo de piel<\/strong>. No est\u00e1 formulada igual una base de maquillaje para piel grasa que otra para piel seca.&nbsp;&nbsp;<\/p>\n\n\n\n<p>Para evitar la obstrucci\u00f3n de poros, opta siempre por productos etiquetados como<strong> no comedog\u00e9nicos<\/strong> y libres de aceites. Dos de los que puedes encontrar en Arenal son la <a href=\"https:\/\/www.arenal.com\/shiseido-revitalessence-skin-glow-foundation\/p\/BP00003416\" target=\"_blank\" rel=\"noreferrer noopener\">Shiseido Revitalessence skin glow<\/a> o la <a href=\"https:\/\/www.arenal.com\/clinique-base-de-maquillaje-antiblemish-solutions-make-up\/p\/BP00005120\" target=\"_blank\" rel=\"noreferrer noopener\">Clinique antiblemish solutions<\/a>.&nbsp;<\/p>\n\n\n\n<h3 class=\"wp-block-heading\">\u00a1No toques los granos!&nbsp;<\/h3>\n\n\n\n<p>Algunas personas lo encuentran tentador o incluso satisfactorio, pero \u00a1los granos no se tocan! Manipularlos solo va a <strong>empeorar el problema<\/strong>: infecci\u00f3n, mayor inflamaci\u00f3n y hasta cicatrices. Arriba te hemos recomendado dos opciones de crema para granos enquistados. Puedes encontrar ambas en la p\u00e1gina web de <a href=\"https:\/\/www.arenal.com\/\" target=\"_blank\" rel=\"noreferrer noopener\">Arenal Perfumer\u00edas<\/a>.&nbsp;<\/p>\n\n\n\n<p>Recuerda, la clave para prevenir los<strong> granos enquistados<\/strong> est\u00e1 en la consistencia y en la elecci\u00f3n de productos adecuados para tu tipo de piel. Visita las <a href=\"https:\/\/www.arenal.com\/tiendas\" target=\"_blank\" rel=\"noreferrer noopener\">tiendas<\/a> de Arenal para conocer estos productos y encontrar todo lo que necesitas para mantener tu piel libre de imperfecciones.&nbsp;&nbsp;<\/p>\n","protected":false},"excerpt":{"rendered":"<p>\u00bfTe has encontrado alguna vez con esos molestos granos enquistados que parecen tener vida propia, enterrados bajo la piel y neg\u00e1ndose a salir a la superficie? \u00a1No te alarmes! Los granos enquistados pueden ser muy molestos, pero hay formas efectivas de tratarlos y prevenirlos.<\/p>\n","protected":false},"author":2,"featured_media":5910,"comment_status":"open","ping_status":"open","sticky":false,"template":"","format":"standard","meta":{"footnotes":""},"categories":[624],"tags":[637,653],"class_list":["post-5913","post","type-post","status-publish","format-standard","has-post-thumbnail","hentry","category-salud","tag-facial","tag-salud"],"featured_image_src":"https:\/\/www.arenal.com\/blog\/wp-content\/uploads\/2024\/05\/granos_enquistados_arenal.jpg","author_info":{"display_name":"arenal","author_link":"https:\/\/www.arenal.com\/blog\/author\/arenal"},"yoast_head":"<!-- This site is optimized with the Yoast SEO plugin v27.4 - https:\/\/yoast.com\/product\/yoast-seo-wordpress\/ -->\n<title>C\u00f3mo quitar granos enquistados | Blog de Arenal<\/title>\n<meta name=\"description\" content=\"Los granos enquistados no avisan y son muy dolorosos. Por suerte hay trucos para deshacerse de los granos enquistados en cara \u00a1sin da\u00f1os!\" \/>\n<meta name=\"robots\" content=\"index, follow, max-snippet:-1, max-image-preview:large, max-video-preview:-1\" \/>\n<link rel=\"canonical\" href=\"https:\/\/www.arenal.com\/blog\/quitar-granos-enquitados-sin-dolor\" \/>\n<meta property=\"og:locale\" content=\"es_ES\" \/>\n<meta property=\"og:type\" content=\"article\" \/>\n<meta property=\"og:title\" content=\"C\u00f3mo quitar granos enquistados | Blog de Arenal\" \/>\n<meta property=\"og:description\" content=\"Los granos enquistados no avisan y son muy dolorosos. Por suerte hay trucos para deshacerse de los granos enquistados en cara \u00a1sin da\u00f1os!\" \/>\n<meta property=\"og:url\" content=\"https:\/\/www.arenal.com\/blog\/quitar-granos-enquitados-sin-dolor\" \/>\n<meta property=\"og:site_name\" content=\"Blog de Arenal\" \/>\n<meta property=\"article:published_time\" content=\"2024-06-03T06:00:00+00:00\" \/>\n<meta property=\"article:modified_time\" content=\"2025-06-04T10:17:12+00:00\" \/>\n<meta property=\"og:image\" content=\"https:\/\/www.arenal.com\/blog\/wp-content\/uploads\/2024\/05\/granos_enquistados_arenal.jpg\" \/>\n\t<meta property=\"og:image:width\" content=\"1140\" \/>\n\t<meta property=\"og:image:height\" content=\"322\" \/>\n\t<meta property=\"og:image:type\" content=\"image\/jpeg\" \/>\n<meta name=\"author\" content=\"arenal\" \/>\n<meta name=\"twitter:card\" content=\"summary_large_image\" \/>\n<meta name=\"twitter:label1\" content=\"Escrito por\" \/>\n\t<meta name=\"twitter:data1\" content=\"arenal\" \/>\n\t<meta name=\"twitter:label2\" content=\"Tiempo de lectura\" \/>\n\t<meta name=\"twitter:data2\" content=\"7 minutos\" \/>\n<script type=\"application\/ld+json\" class=\"yoast-schema-graph\">{\"@context\":\"https:\\\/\\\/schema.org\",\"@graph\":[{\"@type\":\"Article\",\"@id\":\"https:\\\/\\\/www.arenal.com\\\/blog\\\/quitar-granos-enquitados-sin-dolor#article\",\"isPartOf\":{\"@id\":\"https:\\\/\\\/www.arenal.com\\\/blog\\\/quitar-granos-enquitados-sin-dolor\"},\"author\":{\"name\":\"arenal\",\"@id\":\"https:\\\/\\\/www.arenal.com\\\/blog\\\/#\\\/schema\\\/person\\\/75c321b161941947bdc15ffde9d6241f\"},\"headline\":\"\u00bfC\u00f3mo quitar granos enquistados? Tratamiento y prevenci\u00f3n\",\"datePublished\":\"2024-06-03T06:00:00+00:00\",\"dateModified\":\"2025-06-04T10:17:12+00:00\",\"mainEntityOfPage\":{\"@id\":\"https:\\\/\\\/www.arenal.com\\\/blog\\\/quitar-granos-enquitados-sin-dolor\"},\"wordCount\":1404,\"commentCount\":0,\"image\":{\"@id\":\"https:\\\/\\\/www.arenal.com\\\/blog\\\/quitar-granos-enquitados-sin-dolor#primaryimage\"},\"thumbnailUrl\":\"https:\\\/\\\/www.arenal.com\\\/blog\\\/wp-content\\\/uploads\\\/2024\\\/05\\\/granos_enquistados_arenal.jpg\",\"keywords\":[\"Cuidado facial\",\"Salud\"],\"articleSection\":[\"Salud y cuidado personal\"],\"inLanguage\":\"es\",\"potentialAction\":[{\"@type\":\"CommentAction\",\"name\":\"Comment\",\"target\":[\"https:\\\/\\\/www.arenal.com\\\/blog\\\/quitar-granos-enquitados-sin-dolor#respond\"]}]},{\"@type\":\"WebPage\",\"@id\":\"https:\\\/\\\/www.arenal.com\\\/blog\\\/quitar-granos-enquitados-sin-dolor\",\"url\":\"https:\\\/\\\/www.arenal.com\\\/blog\\\/quitar-granos-enquitados-sin-dolor\",\"name\":\"C\u00f3mo quitar granos enquistados | Blog de Arenal\",\"isPartOf\":{\"@id\":\"https:\\\/\\\/www.arenal.com\\\/blog\\\/#website\"},\"primaryImageOfPage\":{\"@id\":\"https:\\\/\\\/www.arenal.com\\\/blog\\\/quitar-granos-enquitados-sin-dolor#primaryimage\"},\"image\":{\"@id\":\"https:\\\/\\\/www.arenal.com\\\/blog\\\/quitar-granos-enquitados-sin-dolor#primaryimage\"},\"thumbnailUrl\":\"https:\\\/\\\/www.arenal.com\\\/blog\\\/wp-content\\\/uploads\\\/2024\\\/05\\\/granos_enquistados_arenal.jpg\",\"datePublished\":\"2024-06-03T06:00:00+00:00\",\"dateModified\":\"2025-06-04T10:17:12+00:00\",\"author\":{\"@id\":\"https:\\\/\\\/www.arenal.com\\\/blog\\\/#\\\/schema\\\/person\\\/75c321b161941947bdc15ffde9d6241f\"},\"description\":\"Los granos enquistados no avisan y son muy dolorosos. Por suerte hay trucos para deshacerse de los granos enquistados en cara \u00a1sin da\u00f1os!\",\"breadcrumb\":{\"@id\":\"https:\\\/\\\/www.arenal.com\\\/blog\\\/quitar-granos-enquitados-sin-dolor#breadcrumb\"},\"inLanguage\":\"es\",\"potentialAction\":[{\"@type\":\"ReadAction\",\"target\":[\"https:\\\/\\\/www.arenal.com\\\/blog\\\/quitar-granos-enquitados-sin-dolor\"]}]},{\"@type\":\"ImageObject\",\"inLanguage\":\"es\",\"@id\":\"https:\\\/\\\/www.arenal.com\\\/blog\\\/quitar-granos-enquitados-sin-dolor#primaryimage\",\"url\":\"https:\\\/\\\/www.arenal.com\\\/blog\\\/wp-content\\\/uploads\\\/2024\\\/05\\\/granos_enquistados_arenal.jpg\",\"contentUrl\":\"https:\\\/\\\/www.arenal.com\\\/blog\\\/wp-content\\\/uploads\\\/2024\\\/05\\\/granos_enquistados_arenal.jpg\",\"width\":1140,\"height\":322},{\"@type\":\"BreadcrumbList\",\"@id\":\"https:\\\/\\\/www.arenal.com\\\/blog\\\/quitar-granos-enquitados-sin-dolor#breadcrumb\",\"itemListElement\":[{\"@type\":\"ListItem\",\"position\":1,\"name\":\"Salud y cuidado personal\",\"item\":\"https:\\\/\\\/www.arenal.com\\\/blog\\\/salud\"},{\"@type\":\"ListItem\",\"position\":2,\"name\":\"\u00bfC\u00f3mo quitar granos enquistados? Tratamiento y prevenci\u00f3n\"}]},{\"@type\":\"WebSite\",\"@id\":\"https:\\\/\\\/www.arenal.com\\\/blog\\\/#website\",\"url\":\"https:\\\/\\\/www.arenal.com\\\/blog\\\/\",\"name\":\"Blog de Arenal\",\"description\":\"\",\"potentialAction\":[{\"@type\":\"SearchAction\",\"target\":{\"@type\":\"EntryPoint\",\"urlTemplate\":\"https:\\\/\\\/www.arenal.com\\\/blog\\\/?s={search_term_string}\"},\"query-input\":{\"@type\":\"PropertyValueSpecification\",\"valueRequired\":true,\"valueName\":\"search_term_string\"}}],\"inLanguage\":\"es\"},{\"@type\":\"Person\",\"@id\":\"https:\\\/\\\/www.arenal.com\\\/blog\\\/#\\\/schema\\\/person\\\/75c321b161941947bdc15ffde9d6241f\",\"name\":\"arenal\",\"image\":{\"@type\":\"ImageObject\",\"inLanguage\":\"es\",\"@id\":\"https:\\\/\\\/secure.gravatar.com\\\/avatar\\\/e930b117f1433c3126018d5f63c8b2d59f2a86bdb0425d8e5c9b3c027c902408?s=96&d=mm&r=g\",\"url\":\"https:\\\/\\\/secure.gravatar.com\\\/avatar\\\/e930b117f1433c3126018d5f63c8b2d59f2a86bdb0425d8e5c9b3c027c902408?s=96&d=mm&r=g\",\"contentUrl\":\"https:\\\/\\\/secure.gravatar.com\\\/avatar\\\/e930b117f1433c3126018d5f63c8b2d59f2a86bdb0425d8e5c9b3c027c902408?s=96&d=mm&r=g\",\"caption\":\"arenal\"},\"url\":\"https:\\\/\\\/www.arenal.com\\\/blog\\\/author\\\/arenal\"}]}<\/script>\n<!-- \/ Yoast SEO plugin. -->","yoast_head_json":{"title":"C\u00f3mo quitar granos enquistados | Blog de Arenal","description":"Los granos enquistados no avisan y son muy dolorosos. Por suerte hay trucos para deshacerse de los granos enquistados en cara \u00a1sin da\u00f1os!","robots":{"index":"index","follow":"follow","max-snippet":"max-snippet:-1","max-image-preview":"max-image-preview:large","max-video-preview":"max-video-preview:-1"},"canonical":"https:\/\/www.arenal.com\/blog\/quitar-granos-enquitados-sin-dolor","og_locale":"es_ES","og_type":"article","og_title":"C\u00f3mo quitar granos enquistados | Blog de Arenal","og_description":"Los granos enquistados no avisan y son muy dolorosos. Por suerte hay trucos para deshacerse de los granos enquistados en cara \u00a1sin da\u00f1os!","og_url":"https:\/\/www.arenal.com\/blog\/quitar-granos-enquitados-sin-dolor","og_site_name":"Blog de Arenal","article_published_time":"2024-06-03T06:00:00+00:00","article_modified_time":"2025-06-04T10:17:12+00:00","og_image":[{"width":1140,"height":322,"url":"https:\/\/www.arenal.com\/blog\/wp-content\/uploads\/2024\/05\/granos_enquistados_arenal.jpg","type":"image\/jpeg"}],"author":"arenal","twitter_card":"summary_large_image","twitter_misc":{"Escrito por":"arenal","Tiempo de lectura":"7 minutos"},"schema":{"@context":"https:\/\/schema.org","@graph":[{"@type":"Article","@id":"https:\/\/www.arenal.com\/blog\/quitar-granos-enquitados-sin-dolor#article","isPartOf":{"@id":"https:\/\/www.arenal.com\/blog\/quitar-granos-enquitados-sin-dolor"},"author":{"name":"arenal","@id":"https:\/\/www.arenal.com\/blog\/#\/schema\/person\/75c321b161941947bdc15ffde9d6241f"},"headline":"\u00bfC\u00f3mo quitar granos enquistados? Tratamiento y prevenci\u00f3n","datePublished":"2024-06-03T06:00:00+00:00","dateModified":"2025-06-04T10:17:12+00:00","mainEntityOfPage":{"@id":"https:\/\/www.arenal.com\/blog\/quitar-granos-enquitados-sin-dolor"},"wordCount":1404,"commentCount":0,"image":{"@id":"https:\/\/www.arenal.com\/blog\/quitar-granos-enquitados-sin-dolor#primaryimage"},"thumbnailUrl":"https:\/\/www.arenal.com\/blog\/wp-content\/uploads\/2024\/05\/granos_enquistados_arenal.jpg","keywords":["Cuidado facial","Salud"],"articleSection":["Salud y cuidado personal"],"inLanguage":"es","potentialAction":[{"@type":"CommentAction","name":"Comment","target":["https:\/\/www.arenal.com\/blog\/quitar-granos-enquitados-sin-dolor#respond"]}]},{"@type":"WebPage","@id":"https:\/\/www.arenal.com\/blog\/quitar-granos-enquitados-sin-dolor","url":"https:\/\/www.arenal.com\/blog\/quitar-granos-enquitados-sin-dolor","name":"C\u00f3mo quitar granos enquistados | Blog de Arenal","isPartOf":{"@id":"https:\/\/www.arenal.com\/blog\/#website"},"primaryImageOfPage":{"@id":"https:\/\/www.arenal.com\/blog\/quitar-granos-enquitados-sin-dolor#primaryimage"},"image":{"@id":"https:\/\/www.arenal.com\/blog\/quitar-granos-enquitados-sin-dolor#primaryimage"},"thumbnailUrl":"https:\/\/www.arenal.com\/blog\/wp-content\/uploads\/2024\/05\/granos_enquistados_arenal.jpg","datePublished":"2024-06-03T06:00:00+00:00","dateModified":"2025-06-04T10:17:12+00:00","author":{"@id":"https:\/\/www.arenal.com\/blog\/#\/schema\/person\/75c321b161941947bdc15ffde9d6241f"},"description":"Los granos enquistados no avisan y son muy dolorosos. Por suerte hay trucos para deshacerse de los granos enquistados en cara \u00a1sin da\u00f1os!","breadcrumb":{"@id":"https:\/\/www.arenal.com\/blog\/quitar-granos-enquitados-sin-dolor#breadcrumb"},"inLanguage":"es","potentialAction":[{"@type":"ReadAction","target":["https:\/\/www.arenal.com\/blog\/quitar-granos-enquitados-sin-dolor"]}]},{"@type":"ImageObject","inLanguage":"es","@id":"https:\/\/www.arenal.com\/blog\/quitar-granos-enquitados-sin-dolor#primaryimage","url":"https:\/\/www.arenal.com\/blog\/wp-content\/uploads\/2024\/05\/granos_enquistados_arenal.jpg","contentUrl":"https:\/\/www.arenal.com\/blog\/wp-content\/uploads\/2024\/05\/granos_enquistados_arenal.jpg","width":1140,"height":322},{"@type":"BreadcrumbList","@id":"https:\/\/www.arenal.com\/blog\/quitar-granos-enquitados-sin-dolor#breadcrumb","itemListElement":[{"@type":"ListItem","position":1,"name":"Salud y cuidado personal","item":"https:\/\/www.arenal.com\/blog\/salud"},{"@type":"ListItem","position":2,"name":"\u00bfC\u00f3mo quitar granos enquistados? Tratamiento y prevenci\u00f3n"}]},{"@type":"WebSite","@id":"https:\/\/www.arenal.com\/blog\/#website","url":"https:\/\/www.arenal.com\/blog\/","name":"Blog de Arenal","description":"","potentialAction":[{"@type":"SearchAction","target":{"@type":"EntryPoint","urlTemplate":"https:\/\/www.arenal.com\/blog\/?s={search_term_string}"},"query-input":{"@type":"PropertyValueSpecification","valueRequired":true,"valueName":"search_term_string"}}],"inLanguage":"es"},{"@type":"Person","@id":"https:\/\/www.arenal.com\/blog\/#\/schema\/person\/75c321b161941947bdc15ffde9d6241f","name":"arenal","image":{"@type":"ImageObject","inLanguage":"es","@id":"https:\/\/secure.gravatar.com\/avatar\/e930b117f1433c3126018d5f63c8b2d59f2a86bdb0425d8e5c9b3c027c902408?s=96&d=mm&r=g","url":"https:\/\/secure.gravatar.com\/avatar\/e930b117f1433c3126018d5f63c8b2d59f2a86bdb0425d8e5c9b3c027c902408?s=96&d=mm&r=g","contentUrl":"https:\/\/secure.gravatar.com\/avatar\/e930b117f1433c3126018d5f63c8b2d59f2a86bdb0425d8e5c9b3c027c902408?s=96&d=mm&r=g","caption":"arenal"},"url":"https:\/\/www.arenal.com\/blog\/author\/arenal"}]}},"_links":{"self":[{"href":"https:\/\/www.arenal.com\/blog\/wp-json\/wp\/v2\/posts\/5913","targetHints":{"allow":["GET"]}}],"collection":[{"href":"https:\/\/www.arenal.com\/blog\/wp-json\/wp\/v2\/posts"}],"about":[{"href":"https:\/\/www.arenal.com\/blog\/wp-json\/wp\/v2\/types\/post"}],"author":[{"embeddable":true,"href":"https:\/\/www.arenal.com\/blog\/wp-json\/wp\/v2\/users\/2"}],"replies":[{"embeddable":true,"href":"https:\/\/www.arenal.com\/blog\/wp-json\/wp\/v2\/comments?post=5913"}],"version-history":[{"count":8,"href":"https:\/\/www.arenal.com\/blog\/wp-json\/wp\/v2\/posts\/5913\/revisions"}],"predecessor-version":[{"id":7004,"href":"https:\/\/www.arenal.com\/blog\/wp-json\/wp\/v2\/posts\/5913\/revisions\/7004"}],"wp:featuredmedia":[{"embeddable":true,"href":"https:\/\/www.arenal.com\/blog\/wp-json\/wp\/v2\/media\/5910"}],"wp:attachment":[{"href":"https:\/\/www.arenal.com\/blog\/wp-json\/wp\/v2\/media?parent=5913"}],"wp:term":[{"taxonomy":"category","embeddable":true,"href":"https:\/\/www.arenal.com\/blog\/wp-json\/wp\/v2\/categories?post=5913"},{"taxonomy":"post_tag","embeddable":true,"href":"https:\/\/www.arenal.com\/blog\/wp-json\/wp\/v2\/tags?post=5913"}],"curies":[{"name":"wp","href":"https:\/\/api.w.org\/{rel}","templated":true}]}}