{"id":4887,"date":"2023-12-04T17:25:58","date_gmt":"2023-12-04T16:25:58","guid":{"rendered":"https:\/\/www.arenal.com\/blog\/?p=4887"},"modified":"2025-08-28T08:16:47","modified_gmt":"2025-08-28T07:16:47","slug":"los-mejores-complementos-alimenticios-para-una-piel-radiante","status":"publish","type":"post","link":"https:\/\/www.arenal.com\/blog\/los-mejores-complementos-alimenticios-para-una-piel-radiante","title":{"rendered":"Los mejores complementos alimenticios para una piel radiante"},"content":{"rendered":"\n<p>Recuerda que los <strong>complementos alimenticios<\/strong> para piel no deben utilizarse como sustitutos de una dieta variada y equilibrada, y un estilo de vida saludable.<\/p>\n\n\n\n<p>Cuidarnos por dentro, para sentirlo por fuera. En los \u00faltimos tiempos el cuidado desde el interior ha comenzado a ganar protagonismo. Practicar <em>mindfulness<\/em> o seguir una dieta sana y equilibrada empleando productos frescos y de temporada son algunos ejemplos de c\u00f3mo hemos ido transformando nuestra concepci\u00f3n de que la belleza comienza desde dentro.<\/p>\n\n\n\n<p>Del mismo modo, poco a poco van apareciendo nuevas soluciones de nutricosmetica que contribuyen al cuidado de nuestra piel, cabello y u\u00f1as desde el interior. La b\u00fasqueda de una piel radiante y saludable ha llevado a muchas personas a explorar diversas opciones, y los <strong>complementos alimenticios <\/strong>se han vuelto cada vez m\u00e1s populares en este contexto. Estos suplementos no solo ofrecen una forma conveniente de abordar las necesidades nutricionales espec\u00edficas de la piel, sino que tambi\u00e9n pueden potenciar los resultados de tu rutina de cuidado diario.<\/p>\n\n\n\n<p>La piel puede deteriorarse por&nbsp;factores como el envejecimiento, la radiaci\u00f3n ultravioleta, las hormonas o los h\u00e1bitos alimenticios y&nbsp;realizar una limpieza facial, emplear s\u00e9rums antioxidantes y tomar complementos alimenticios que cuiden tu piel desde dentro son algunos de pasos b\u00e1sicos para lograr una rutina de belleza completa.&nbsp;<\/p>\n\n\n\n<p>En este art\u00edculo, exploraremos los mejores <strong>complementos alimenticios para la piel<\/strong> que puedes incorporar a tu estilo de vida para lograr una piel m\u00e1s radiante.<\/p>\n\n\n\n<div id=\"ez-toc-container\" class=\"ez-toc-v2_0_82_2 counter-hierarchy ez-toc-counter ez-toc-custom ez-toc-container-direction\">\n<div class=\"ez-toc-title-container\">\n<p class=\"ez-toc-title\" style=\"cursor:inherit\">Indice de contenidos<\/p>\n<span class=\"ez-toc-title-toggle\"><a href=\"#\" class=\"ez-toc-pull-right ez-toc-btn ez-toc-btn-xs ez-toc-btn-default ez-toc-toggle\" aria-label=\"Alternar tabla de contenidos\"><span class=\"ez-toc-js-icon-con\"><span class=\"\"><span class=\"eztoc-hide\" style=\"display:none;\">Toggle<\/span><span class=\"ez-toc-icon-toggle-span\"><svg style=\"fill: #000000;color:#000000\" xmlns=\"http:\/\/www.w3.org\/2000\/svg\" class=\"list-377408\" width=\"20px\" height=\"20px\" viewBox=\"0 0 24 24\" fill=\"none\"><path d=\"M6 6H4v2h2V6zm14 0H8v2h12V6zM4 11h2v2H4v-2zm16 0H8v2h12v-2zM4 16h2v2H4v-2zm16 0H8v2h12v-2z\" fill=\"currentColor\"><\/path><\/svg><svg style=\"fill: #000000;color:#000000\" class=\"arrow-unsorted-368013\" xmlns=\"http:\/\/www.w3.org\/2000\/svg\" width=\"10px\" height=\"10px\" viewBox=\"0 0 24 24\" version=\"1.2\" baseProfile=\"tiny\"><path d=\"M18.2 9.3l-6.2-6.3-6.2 6.3c-.2.2-.3.4-.3.7s.1.5.3.7c.2.2.4.3.7.3h11c.3 0 .5-.1.7-.3.2-.2.3-.5.3-.7s-.1-.5-.3-.7zM5.8 14.7l6.2 6.3 6.2-6.3c.2-.2.3-.5.3-.7s-.1-.5-.3-.7c-.2-.2-.4-.3-.7-.3h-11c-.3 0-.5.1-.7.3-.2.2-.3.5-.3.7s.1.5.3.7z\"\/><\/svg><\/span><\/span><\/span><\/a><\/span><\/div>\n<nav><ul class='ez-toc-list ez-toc-list-level-1 ' ><li class='ez-toc-page-1 ez-toc-heading-level-2'><a class=\"ez-toc-link ez-toc-heading-1\" href=\"https:\/\/www.arenal.com\/blog\/los-mejores-complementos-alimenticios-para-una-piel-radiante\/#Colnatur_Beauty_lleva_tu_cuidado_de_cabello_piel_y_unas_a_otro_nivel\" >Colnatur Beauty lleva tu cuidado de cabello, piel y u\u00f1as a otro nivel.<\/a><\/li><li class='ez-toc-page-1 ez-toc-heading-level-2'><a class=\"ez-toc-link ez-toc-heading-2\" href=\"https:\/\/www.arenal.com\/blog\/los-mejores-complementos-alimenticios-para-una-piel-radiante\/#Natura_Essenziale_Levadura_de_cerveza_y_germen_de_trigo\" >Natura Essenziale Levadura de cerveza y germen de trigo<\/a><\/li><li class='ez-toc-page-1 ez-toc-heading-level-2'><a class=\"ez-toc-link ez-toc-heading-3\" href=\"https:\/\/www.arenal.com\/blog\/los-mejores-complementos-alimenticios-para-una-piel-radiante\/#Aceite_de_Onagra_Colestagra_de_%C2%ABSoria_Natural%C2%BB\" >Aceite de Onagra Colestagra de \u00abSoria Natural\u00bb<\/a><\/li><\/ul><\/nav><\/div>\n<h2 class=\"wp-block-heading\"><span class=\"ez-toc-section\" id=\"Colnatur_Beauty_lleva_tu_cuidado_de_cabello_piel_y_unas_a_otro_nivel\"><\/span><a href=\"https:\/\/www.arenal.com\/colnatur-colageno-sabor-frutos-del-bosque-30-sobres\/p\/N176861\">Colnatur Beauty<\/a> lleva tu cuidado de cabello, piel y u\u00f1as a otro nivel.<span class=\"ez-toc-section-end\"><\/span><\/h2>\n\n\n\n<p>Entre los mejores complementos alimenticios para la piel te recomendamos que tomes un complemento alimenticio a base de col\u00e1geno VERISOL\u00ae con \u00e1cido hialur\u00f3nico y antioxidantes**, que contribuyen a contrarrestar los efectos del envejecimiento, la radiaci\u00f3n ultravioleta, las hormonas o los h\u00e1bitos alimenticios, que favorecen el deterioro de la piel.<\/p>\n\n\n\n<p>El <strong>col\u00e1geno VERISOL\u00ae<\/strong> es un col\u00e1geno espec\u00edfico para belleza, que presenta eficacia demostrada para la disminuci\u00f3n de arrugas, la mejora de la elasticidad de la piel, la reducci\u00f3n de celulitis y la mejora de la fragilidad de las u\u00f1as. <\/p>\n\n\n\n<p>El <strong>\u00e1cido hialur\u00f3nico<\/strong>, por su parte, desempe\u00f1a una funci\u00f3n clave en la hidrataci\u00f3n de la piel, por su capacidad para retener agua; la <strong>coenzima Q10 y el extracto de A\u00e7a\u00ed<\/strong>, cuentan con poder antioxidante, y las vitaminas y minerales, como la <strong>vitamina C<\/strong>, contribuyen a la formaci\u00f3n normal de col\u00e1geno para el funcionamiento normal de la piel. Adem\u00e1s, la <strong>vitamina B<sup>2<\/sup><\/strong> ayuda al mantenimiento de la piel en condiciones normales, y <strong>el zinc y el selenio<\/strong> contribuyen al mantenimiento del cabello y las u\u00f1as en condiciones normales. La <strong>vitamina C, B<sup>2<\/sup>, el zinc y el selenio<\/strong> favorecen la protecci\u00f3n de las c\u00e9lulas frente al da\u00f1o oxidativo. Colnatur Beauty se presenta en un estuche con 30 sobres con sabor a frutos del bosque, y se recomienda tomar un sobre al d\u00eda, disuelto en agua, yogurt u otros l\u00edquidos.<\/p>\n\n\n<div class=\"wp-block-image\">\n<figure class=\"aligncenter size-full is-resized\"><img loading=\"lazy\" decoding=\"async\" width=\"934\" height=\"466\" src=\"https:\/\/www.arenal.com\/blog\/wp-content\/uploads\/2023\/11\/Colnatur-Beauty.png\" alt=\"\" class=\"wp-image-4895\" style=\"width:576px;height:auto\" srcset=\"https:\/\/www.arenal.com\/blog\/wp-content\/uploads\/2023\/11\/Colnatur-Beauty.png 934w, https:\/\/www.arenal.com\/blog\/wp-content\/uploads\/2023\/11\/Colnatur-Beauty-300x150.png 300w, https:\/\/www.arenal.com\/blog\/wp-content\/uploads\/2023\/11\/Colnatur-Beauty-768x383.png 768w\" sizes=\"auto, (max-width: 934px) 100vw, 934px\" \/><\/figure>\n<\/div>\n\n\n<p><\/p>\n\n\n\n<p>*La vitamina C contribuye a la formaci\u00f3n normal de col\u00e1geno para el funcionamiento normal de la piel. El zinc y el selenio contribuyen al mantenimiento normal del cabello y las u\u00f1as en condiciones normales.<\/p>\n\n\n\n<p>**La vitamina C, el selenio, el zinc y la vitamina B2 contribuyen a la protecci\u00f3n de las c\u00e9lulas frente al da\u00f1o oxidativo.<\/p>\n\n\n\n<h2 class=\"wp-block-heading\"><span class=\"ez-toc-section\" id=\"Natura_Essenziale_Levadura_de_cerveza_y_germen_de_trigo\"><\/span><a href=\"https:\/\/www.arenal.com\/leotron-levadura-de-cerveza-y-germen-de-trigo-200-comprimidos\/p\/N3036856\">Natura Essenziale Levadura de cerveza y germen de trigo<\/a><span class=\"ez-toc-section-end\"><\/span><\/h2>\n\n\n\n<p>Natura Essenziale presenta Levadura de Cerveza y Germen de Trigo en un envase con 200 comprimidos es otro de los complementos alimenticios para la piel de Arenal. Este complemento alimenticio contribuye al mantenimiento de una piel, cabello y u\u00f1as normales. Su f\u00f3rmula est\u00e1 enriquecida con levadura de cerveza, vitaminas A y E, as\u00ed como zinc y selenio, proporcionando un apoyo integral para tu bienestar general.<\/p>\n\n\n\n<figure class=\"wp-block-image size-full\"><img loading=\"lazy\" decoding=\"async\" width=\"802\" height=\"421\" src=\"https:\/\/www.arenal.com\/blog\/wp-content\/uploads\/2023\/11\/Natura-Essenziale-Levadura-de-cerveza-y-germen-de-trigo.png\" alt=\"Natura Essenziale Levadura de cerveza y germen de trigo\" class=\"wp-image-4900\" srcset=\"https:\/\/www.arenal.com\/blog\/wp-content\/uploads\/2023\/11\/Natura-Essenziale-Levadura-de-cerveza-y-germen-de-trigo.png 802w, https:\/\/www.arenal.com\/blog\/wp-content\/uploads\/2023\/11\/Natura-Essenziale-Levadura-de-cerveza-y-germen-de-trigo-300x157.png 300w, https:\/\/www.arenal.com\/blog\/wp-content\/uploads\/2023\/11\/Natura-Essenziale-Levadura-de-cerveza-y-germen-de-trigo-768x403.png 768w\" sizes=\"auto, (max-width: 802px) 100vw, 802px\" \/><\/figure>\n\n\n\n<h2 class=\"wp-block-heading\"><span class=\"ez-toc-section\" id=\"Aceite_de_Onagra_Colestagra_de_%C2%ABSoria_Natural%C2%BB\"><\/span><a href=\"https:\/\/www.arenal.com\/soria-natural-aceite-de-onagra-colestagra-perlas-de-702-mg\/p\/BP00004148\">Aceite de Onagra Colestagra de \u00abSoria Natural\u00bb<\/a><span class=\"ez-toc-section-end\"><\/span><\/h2>\n\n\n\n<p>Las Perlas de Aceite de Onagra de Natura Essenziale ofrecen un respaldo integral para la piel y el equilibrio hormonal. Extra\u00eddo de las semillas de Onagra, rico en \u00e1cidos grasos insaturados esenciales para diversos procesos metab\u00f3licos, este complemento alimenticio no solo favorece la salud cut\u00e1nea, sino que tambi\u00e9n brinda apoyo durante momentos clave como el s\u00edndrome premenstrual y el climaterio. Cada envase contiene 120 perlas de aceite de Onagra, asegurando una fuente conveniente y efectiva de estos beneficios para tu bienestar general.<\/p>\n\n\n\n<figure class=\"wp-block-image size-full\"><img loading=\"lazy\" decoding=\"async\" width=\"796\" height=\"360\" src=\"https:\/\/www.arenal.com\/blog\/wp-content\/uploads\/2023\/11\/Soria-Natural-Perlas-aceite-de-onagra.png\" alt=\"Aceite de Onagra Colestagra de &quot;Soria Natural&quot;\" class=\"wp-image-4901\" srcset=\"https:\/\/www.arenal.com\/blog\/wp-content\/uploads\/2023\/11\/Soria-Natural-Perlas-aceite-de-onagra.png 796w, https:\/\/www.arenal.com\/blog\/wp-content\/uploads\/2023\/11\/Soria-Natural-Perlas-aceite-de-onagra-300x136.png 300w, https:\/\/www.arenal.com\/blog\/wp-content\/uploads\/2023\/11\/Soria-Natural-Perlas-aceite-de-onagra-768x347.png 768w\" sizes=\"auto, (max-width: 796px) 100vw, 796px\" \/><\/figure>\n\n\n\n<p>Hazte con los mejores complementos alimenticios para la piel y mucho m\u00e1s en Arenal Perfumer\u00edas.<\/p>\n","protected":false},"excerpt":{"rendered":"<p>Descubre los mejores complementos alimenticios para la piel. Nutre tu piel con nuestra selecci\u00f3n de productos especializados para lograr una tez radiante y saludable. \u00a1Potencia tu belleza natural con nuestras opciones de alta calidad y mejora la salud de tu piel hoy mismo!<\/p>\n","protected":false},"author":2,"featured_media":4892,"comment_status":"open","ping_status":"open","sticky":false,"template":"","format":"standard","meta":{"footnotes":""},"categories":[622],"tags":[638,637],"class_list":["post-4887","post","type-post","status-publish","format-standard","has-post-thumbnail","hentry","category-cosmetica-dermocosmetica","tag-corporal","tag-facial"],"featured_image_src":"https:\/\/www.arenal.com\/blog\/wp-content\/uploads\/2023\/11\/pexels-nataliya-vaitkevich-7615621-2-scaled.jpg","author_info":{"display_name":"arenal","author_link":"https:\/\/www.arenal.com\/blog\/author\/arenal"},"yoast_head":"<!-- This site is optimized with the Yoast SEO plugin v27.4 - https:\/\/yoast.com\/product\/yoast-seo-wordpress\/ -->\n<title>Suplementos para una piel radiante | Blog de Arenal<\/title>\n<meta name=\"description\" content=\"Descubre los mejores complementos alimenticios para la piel. Nutre tu piel con estos productos para lograr una tez radiante y saludable.\" \/>\n<meta name=\"robots\" content=\"index, follow, max-snippet:-1, max-image-preview:large, max-video-preview:-1\" \/>\n<link rel=\"canonical\" href=\"https:\/\/www.arenal.com\/blog\/los-mejores-complementos-alimenticios-para-una-piel-radiante\" \/>\n<meta property=\"og:locale\" content=\"es_ES\" \/>\n<meta property=\"og:type\" content=\"article\" \/>\n<meta property=\"og:title\" content=\"Suplementos para una piel radiante | Blog de Arenal\" \/>\n<meta property=\"og:description\" content=\"Descubre los mejores complementos alimenticios para la piel. Nutre tu piel con estos productos para lograr una tez radiante y saludable.\" \/>\n<meta property=\"og:url\" content=\"https:\/\/www.arenal.com\/blog\/los-mejores-complementos-alimenticios-para-una-piel-radiante\" \/>\n<meta property=\"og:site_name\" content=\"Blog de Arenal\" \/>\n<meta property=\"article:published_time\" content=\"2023-12-04T16:25:58+00:00\" \/>\n<meta property=\"article:modified_time\" content=\"2025-08-28T07:16:47+00:00\" \/>\n<meta property=\"og:image\" content=\"https:\/\/www.arenal.com\/blog\/wp-content\/uploads\/2023\/11\/pexels-nataliya-vaitkevich-7615621-2-scaled.jpg\" \/>\n\t<meta property=\"og:image:width\" content=\"1140\" \/>\n\t<meta property=\"og:image:height\" content=\"760\" \/>\n\t<meta property=\"og:image:type\" content=\"image\/jpeg\" \/>\n<meta name=\"author\" content=\"arenal\" \/>\n<meta name=\"twitter:card\" content=\"summary_large_image\" \/>\n<meta name=\"twitter:label1\" content=\"Escrito por\" \/>\n\t<meta name=\"twitter:data1\" content=\"arenal\" \/>\n\t<meta name=\"twitter:label2\" content=\"Tiempo de lectura\" \/>\n\t<meta name=\"twitter:data2\" content=\"4 minutos\" \/>\n<script type=\"application\/ld+json\" class=\"yoast-schema-graph\">{\"@context\":\"https:\\\/\\\/schema.org\",\"@graph\":[{\"@type\":\"Article\",\"@id\":\"https:\\\/\\\/www.arenal.com\\\/blog\\\/los-mejores-complementos-alimenticios-para-una-piel-radiante#article\",\"isPartOf\":{\"@id\":\"https:\\\/\\\/www.arenal.com\\\/blog\\\/los-mejores-complementos-alimenticios-para-una-piel-radiante\"},\"author\":{\"name\":\"arenal\",\"@id\":\"https:\\\/\\\/www.arenal.com\\\/blog\\\/#\\\/schema\\\/person\\\/75c321b161941947bdc15ffde9d6241f\"},\"headline\":\"Los mejores complementos alimenticios para una piel radiante\",\"datePublished\":\"2023-12-04T16:25:58+00:00\",\"dateModified\":\"2025-08-28T07:16:47+00:00\",\"mainEntityOfPage\":{\"@id\":\"https:\\\/\\\/www.arenal.com\\\/blog\\\/los-mejores-complementos-alimenticios-para-una-piel-radiante\"},\"wordCount\":769,\"commentCount\":0,\"image\":{\"@id\":\"https:\\\/\\\/www.arenal.com\\\/blog\\\/los-mejores-complementos-alimenticios-para-una-piel-radiante#primaryimage\"},\"thumbnailUrl\":\"https:\\\/\\\/www.arenal.com\\\/blog\\\/wp-content\\\/uploads\\\/2023\\\/11\\\/pexels-nataliya-vaitkevich-7615621-2-scaled.jpg\",\"keywords\":[\"Cuidado corporal\",\"Cuidado facial\"],\"articleSection\":[\"Cosm\u00e9tica\"],\"inLanguage\":\"es\",\"potentialAction\":[{\"@type\":\"CommentAction\",\"name\":\"Comment\",\"target\":[\"https:\\\/\\\/www.arenal.com\\\/blog\\\/los-mejores-complementos-alimenticios-para-una-piel-radiante#respond\"]}]},{\"@type\":\"WebPage\",\"@id\":\"https:\\\/\\\/www.arenal.com\\\/blog\\\/los-mejores-complementos-alimenticios-para-una-piel-radiante\",\"url\":\"https:\\\/\\\/www.arenal.com\\\/blog\\\/los-mejores-complementos-alimenticios-para-una-piel-radiante\",\"name\":\"Suplementos para una piel radiante | Blog de Arenal\",\"isPartOf\":{\"@id\":\"https:\\\/\\\/www.arenal.com\\\/blog\\\/#website\"},\"primaryImageOfPage\":{\"@id\":\"https:\\\/\\\/www.arenal.com\\\/blog\\\/los-mejores-complementos-alimenticios-para-una-piel-radiante#primaryimage\"},\"image\":{\"@id\":\"https:\\\/\\\/www.arenal.com\\\/blog\\\/los-mejores-complementos-alimenticios-para-una-piel-radiante#primaryimage\"},\"thumbnailUrl\":\"https:\\\/\\\/www.arenal.com\\\/blog\\\/wp-content\\\/uploads\\\/2023\\\/11\\\/pexels-nataliya-vaitkevich-7615621-2-scaled.jpg\",\"datePublished\":\"2023-12-04T16:25:58+00:00\",\"dateModified\":\"2025-08-28T07:16:47+00:00\",\"author\":{\"@id\":\"https:\\\/\\\/www.arenal.com\\\/blog\\\/#\\\/schema\\\/person\\\/75c321b161941947bdc15ffde9d6241f\"},\"description\":\"Descubre los mejores complementos alimenticios para la piel. Nutre tu piel con estos productos para lograr una tez radiante y saludable.\",\"breadcrumb\":{\"@id\":\"https:\\\/\\\/www.arenal.com\\\/blog\\\/los-mejores-complementos-alimenticios-para-una-piel-radiante#breadcrumb\"},\"inLanguage\":\"es\",\"potentialAction\":[{\"@type\":\"ReadAction\",\"target\":[\"https:\\\/\\\/www.arenal.com\\\/blog\\\/los-mejores-complementos-alimenticios-para-una-piel-radiante\"]}]},{\"@type\":\"ImageObject\",\"inLanguage\":\"es\",\"@id\":\"https:\\\/\\\/www.arenal.com\\\/blog\\\/los-mejores-complementos-alimenticios-para-una-piel-radiante#primaryimage\",\"url\":\"https:\\\/\\\/www.arenal.com\\\/blog\\\/wp-content\\\/uploads\\\/2023\\\/11\\\/pexels-nataliya-vaitkevich-7615621-2-scaled.jpg\",\"contentUrl\":\"https:\\\/\\\/www.arenal.com\\\/blog\\\/wp-content\\\/uploads\\\/2023\\\/11\\\/pexels-nataliya-vaitkevich-7615621-2-scaled.jpg\",\"width\":1140,\"height\":760,\"caption\":\"Complementos alimenticios para la piel\"},{\"@type\":\"BreadcrumbList\",\"@id\":\"https:\\\/\\\/www.arenal.com\\\/blog\\\/los-mejores-complementos-alimenticios-para-una-piel-radiante#breadcrumb\",\"itemListElement\":[{\"@type\":\"ListItem\",\"position\":1,\"name\":\"Cosm\u00e9tica\",\"item\":\"https:\\\/\\\/www.arenal.com\\\/blog\\\/cosmetica-dermocosmetica\"},{\"@type\":\"ListItem\",\"position\":2,\"name\":\"Los mejores complementos alimenticios para una piel radiante\"}]},{\"@type\":\"WebSite\",\"@id\":\"https:\\\/\\\/www.arenal.com\\\/blog\\\/#website\",\"url\":\"https:\\\/\\\/www.arenal.com\\\/blog\\\/\",\"name\":\"Blog de Arenal\",\"description\":\"\",\"potentialAction\":[{\"@type\":\"SearchAction\",\"target\":{\"@type\":\"EntryPoint\",\"urlTemplate\":\"https:\\\/\\\/www.arenal.com\\\/blog\\\/?s={search_term_string}\"},\"query-input\":{\"@type\":\"PropertyValueSpecification\",\"valueRequired\":true,\"valueName\":\"search_term_string\"}}],\"inLanguage\":\"es\"},{\"@type\":\"Person\",\"@id\":\"https:\\\/\\\/www.arenal.com\\\/blog\\\/#\\\/schema\\\/person\\\/75c321b161941947bdc15ffde9d6241f\",\"name\":\"arenal\",\"image\":{\"@type\":\"ImageObject\",\"inLanguage\":\"es\",\"@id\":\"https:\\\/\\\/secure.gravatar.com\\\/avatar\\\/e930b117f1433c3126018d5f63c8b2d59f2a86bdb0425d8e5c9b3c027c902408?s=96&d=mm&r=g\",\"url\":\"https:\\\/\\\/secure.gravatar.com\\\/avatar\\\/e930b117f1433c3126018d5f63c8b2d59f2a86bdb0425d8e5c9b3c027c902408?s=96&d=mm&r=g\",\"contentUrl\":\"https:\\\/\\\/secure.gravatar.com\\\/avatar\\\/e930b117f1433c3126018d5f63c8b2d59f2a86bdb0425d8e5c9b3c027c902408?s=96&d=mm&r=g\",\"caption\":\"arenal\"},\"url\":\"https:\\\/\\\/www.arenal.com\\\/blog\\\/author\\\/arenal\"}]}<\/script>\n<!-- \/ Yoast SEO plugin. -->","yoast_head_json":{"title":"Suplementos para una piel radiante | Blog de Arenal","description":"Descubre los mejores complementos alimenticios para la piel. Nutre tu piel con estos productos para lograr una tez radiante y saludable.","robots":{"index":"index","follow":"follow","max-snippet":"max-snippet:-1","max-image-preview":"max-image-preview:large","max-video-preview":"max-video-preview:-1"},"canonical":"https:\/\/www.arenal.com\/blog\/los-mejores-complementos-alimenticios-para-una-piel-radiante","og_locale":"es_ES","og_type":"article","og_title":"Suplementos para una piel radiante | Blog de Arenal","og_description":"Descubre los mejores complementos alimenticios para la piel. Nutre tu piel con estos productos para lograr una tez radiante y saludable.","og_url":"https:\/\/www.arenal.com\/blog\/los-mejores-complementos-alimenticios-para-una-piel-radiante","og_site_name":"Blog de Arenal","article_published_time":"2023-12-04T16:25:58+00:00","article_modified_time":"2025-08-28T07:16:47+00:00","og_image":[{"width":1140,"height":760,"url":"https:\/\/www.arenal.com\/blog\/wp-content\/uploads\/2023\/11\/pexels-nataliya-vaitkevich-7615621-2-scaled.jpg","type":"image\/jpeg"}],"author":"arenal","twitter_card":"summary_large_image","twitter_misc":{"Escrito por":"arenal","Tiempo de lectura":"4 minutos"},"schema":{"@context":"https:\/\/schema.org","@graph":[{"@type":"Article","@id":"https:\/\/www.arenal.com\/blog\/los-mejores-complementos-alimenticios-para-una-piel-radiante#article","isPartOf":{"@id":"https:\/\/www.arenal.com\/blog\/los-mejores-complementos-alimenticios-para-una-piel-radiante"},"author":{"name":"arenal","@id":"https:\/\/www.arenal.com\/blog\/#\/schema\/person\/75c321b161941947bdc15ffde9d6241f"},"headline":"Los mejores complementos alimenticios para una piel radiante","datePublished":"2023-12-04T16:25:58+00:00","dateModified":"2025-08-28T07:16:47+00:00","mainEntityOfPage":{"@id":"https:\/\/www.arenal.com\/blog\/los-mejores-complementos-alimenticios-para-una-piel-radiante"},"wordCount":769,"commentCount":0,"image":{"@id":"https:\/\/www.arenal.com\/blog\/los-mejores-complementos-alimenticios-para-una-piel-radiante#primaryimage"},"thumbnailUrl":"https:\/\/www.arenal.com\/blog\/wp-content\/uploads\/2023\/11\/pexels-nataliya-vaitkevich-7615621-2-scaled.jpg","keywords":["Cuidado corporal","Cuidado facial"],"articleSection":["Cosm\u00e9tica"],"inLanguage":"es","potentialAction":[{"@type":"CommentAction","name":"Comment","target":["https:\/\/www.arenal.com\/blog\/los-mejores-complementos-alimenticios-para-una-piel-radiante#respond"]}]},{"@type":"WebPage","@id":"https:\/\/www.arenal.com\/blog\/los-mejores-complementos-alimenticios-para-una-piel-radiante","url":"https:\/\/www.arenal.com\/blog\/los-mejores-complementos-alimenticios-para-una-piel-radiante","name":"Suplementos para una piel radiante | Blog de Arenal","isPartOf":{"@id":"https:\/\/www.arenal.com\/blog\/#website"},"primaryImageOfPage":{"@id":"https:\/\/www.arenal.com\/blog\/los-mejores-complementos-alimenticios-para-una-piel-radiante#primaryimage"},"image":{"@id":"https:\/\/www.arenal.com\/blog\/los-mejores-complementos-alimenticios-para-una-piel-radiante#primaryimage"},"thumbnailUrl":"https:\/\/www.arenal.com\/blog\/wp-content\/uploads\/2023\/11\/pexels-nataliya-vaitkevich-7615621-2-scaled.jpg","datePublished":"2023-12-04T16:25:58+00:00","dateModified":"2025-08-28T07:16:47+00:00","author":{"@id":"https:\/\/www.arenal.com\/blog\/#\/schema\/person\/75c321b161941947bdc15ffde9d6241f"},"description":"Descubre los mejores complementos alimenticios para la piel. Nutre tu piel con estos productos para lograr una tez radiante y saludable.","breadcrumb":{"@id":"https:\/\/www.arenal.com\/blog\/los-mejores-complementos-alimenticios-para-una-piel-radiante#breadcrumb"},"inLanguage":"es","potentialAction":[{"@type":"ReadAction","target":["https:\/\/www.arenal.com\/blog\/los-mejores-complementos-alimenticios-para-una-piel-radiante"]}]},{"@type":"ImageObject","inLanguage":"es","@id":"https:\/\/www.arenal.com\/blog\/los-mejores-complementos-alimenticios-para-una-piel-radiante#primaryimage","url":"https:\/\/www.arenal.com\/blog\/wp-content\/uploads\/2023\/11\/pexels-nataliya-vaitkevich-7615621-2-scaled.jpg","contentUrl":"https:\/\/www.arenal.com\/blog\/wp-content\/uploads\/2023\/11\/pexels-nataliya-vaitkevich-7615621-2-scaled.jpg","width":1140,"height":760,"caption":"Complementos alimenticios para la piel"},{"@type":"BreadcrumbList","@id":"https:\/\/www.arenal.com\/blog\/los-mejores-complementos-alimenticios-para-una-piel-radiante#breadcrumb","itemListElement":[{"@type":"ListItem","position":1,"name":"Cosm\u00e9tica","item":"https:\/\/www.arenal.com\/blog\/cosmetica-dermocosmetica"},{"@type":"ListItem","position":2,"name":"Los mejores complementos alimenticios para una piel radiante"}]},{"@type":"WebSite","@id":"https:\/\/www.arenal.com\/blog\/#website","url":"https:\/\/www.arenal.com\/blog\/","name":"Blog de Arenal","description":"","potentialAction":[{"@type":"SearchAction","target":{"@type":"EntryPoint","urlTemplate":"https:\/\/www.arenal.com\/blog\/?s={search_term_string}"},"query-input":{"@type":"PropertyValueSpecification","valueRequired":true,"valueName":"search_term_string"}}],"inLanguage":"es"},{"@type":"Person","@id":"https:\/\/www.arenal.com\/blog\/#\/schema\/person\/75c321b161941947bdc15ffde9d6241f","name":"arenal","image":{"@type":"ImageObject","inLanguage":"es","@id":"https:\/\/secure.gravatar.com\/avatar\/e930b117f1433c3126018d5f63c8b2d59f2a86bdb0425d8e5c9b3c027c902408?s=96&d=mm&r=g","url":"https:\/\/secure.gravatar.com\/avatar\/e930b117f1433c3126018d5f63c8b2d59f2a86bdb0425d8e5c9b3c027c902408?s=96&d=mm&r=g","contentUrl":"https:\/\/secure.gravatar.com\/avatar\/e930b117f1433c3126018d5f63c8b2d59f2a86bdb0425d8e5c9b3c027c902408?s=96&d=mm&r=g","caption":"arenal"},"url":"https:\/\/www.arenal.com\/blog\/author\/arenal"}]}},"_links":{"self":[{"href":"https:\/\/www.arenal.com\/blog\/wp-json\/wp\/v2\/posts\/4887","targetHints":{"allow":["GET"]}}],"collection":[{"href":"https:\/\/www.arenal.com\/blog\/wp-json\/wp\/v2\/posts"}],"about":[{"href":"https:\/\/www.arenal.com\/blog\/wp-json\/wp\/v2\/types\/post"}],"author":[{"embeddable":true,"href":"https:\/\/www.arenal.com\/blog\/wp-json\/wp\/v2\/users\/2"}],"replies":[{"embeddable":true,"href":"https:\/\/www.arenal.com\/blog\/wp-json\/wp\/v2\/comments?post=4887"}],"version-history":[{"count":18,"href":"https:\/\/www.arenal.com\/blog\/wp-json\/wp\/v2\/posts\/4887\/revisions"}],"predecessor-version":[{"id":7866,"href":"https:\/\/www.arenal.com\/blog\/wp-json\/wp\/v2\/posts\/4887\/revisions\/7866"}],"wp:featuredmedia":[{"embeddable":true,"href":"https:\/\/www.arenal.com\/blog\/wp-json\/wp\/v2\/media\/4892"}],"wp:attachment":[{"href":"https:\/\/www.arenal.com\/blog\/wp-json\/wp\/v2\/media?parent=4887"}],"wp:term":[{"taxonomy":"category","embeddable":true,"href":"https:\/\/www.arenal.com\/blog\/wp-json\/wp\/v2\/categories?post=4887"},{"taxonomy":"post_tag","embeddable":true,"href":"https:\/\/www.arenal.com\/blog\/wp-json\/wp\/v2\/tags?post=4887"}],"curies":[{"name":"wp","href":"https:\/\/api.w.org\/{rel}","templated":true}]}}