{"id":3222,"date":"2023-08-07T14:04:56","date_gmt":"2023-08-07T13:04:56","guid":{"rendered":"https:\/\/www.arenal.com\/blog\/?p=3222"},"modified":"2023-08-07T14:04:57","modified_gmt":"2023-08-07T13:04:57","slug":"alisado-permanente-que-es-tipos-y-cuidados","status":"publish","type":"post","link":"https:\/\/www.arenal.com\/blog\/alisado-permanente-que-es-tipos-y-cuidados","title":{"rendered":"Alisado permanente; qu\u00e9 es, tipos y cuidados"},"content":{"rendered":"<p>El <strong>alisado permanente<\/strong> est\u00e1 de moda otra vez, algo que no nos extra\u00f1a. Y es que, gracias a esta t\u00e9cnica, podr\u00e1s olvidarte de una vez por todas de tener que utilizar planchas. Adem\u00e1s, es una buena opci\u00f3n si tu pelo se encrespa con facilidad.<\/p>\n<p>En este art\u00edculo te contamos todo lo que necesitas saber al respecto: qu\u00e9 es el <strong>alisado permanente<\/strong>, qu\u00e9 tipos hay y qu\u00e9 cuidados tienes que aplicar para que te dure el m\u00e1ximo tiempo posible.<\/p>\n<div id=\"ez-toc-container\" class=\"ez-toc-v2_0_82_2 counter-hierarchy ez-toc-counter ez-toc-custom ez-toc-container-direction\">\n<div class=\"ez-toc-title-container\">\n<p class=\"ez-toc-title\" style=\"cursor:inherit\">Indice de contenidos<\/p>\n<span class=\"ez-toc-title-toggle\"><a href=\"#\" class=\"ez-toc-pull-right ez-toc-btn ez-toc-btn-xs ez-toc-btn-default ez-toc-toggle\" aria-label=\"Alternar tabla de contenidos\"><span class=\"ez-toc-js-icon-con\"><span class=\"\"><span class=\"eztoc-hide\" style=\"display:none;\">Toggle<\/span><span class=\"ez-toc-icon-toggle-span\"><svg style=\"fill: #000000;color:#000000\" xmlns=\"http:\/\/www.w3.org\/2000\/svg\" class=\"list-377408\" width=\"20px\" height=\"20px\" viewBox=\"0 0 24 24\" fill=\"none\"><path d=\"M6 6H4v2h2V6zm14 0H8v2h12V6zM4 11h2v2H4v-2zm16 0H8v2h12v-2zM4 16h2v2H4v-2zm16 0H8v2h12v-2z\" fill=\"currentColor\"><\/path><\/svg><svg style=\"fill: #000000;color:#000000\" class=\"arrow-unsorted-368013\" xmlns=\"http:\/\/www.w3.org\/2000\/svg\" width=\"10px\" height=\"10px\" viewBox=\"0 0 24 24\" version=\"1.2\" baseProfile=\"tiny\"><path d=\"M18.2 9.3l-6.2-6.3-6.2 6.3c-.2.2-.3.4-.3.7s.1.5.3.7c.2.2.4.3.7.3h11c.3 0 .5-.1.7-.3.2-.2.3-.5.3-.7s-.1-.5-.3-.7zM5.8 14.7l6.2 6.3 6.2-6.3c.2-.2.3-.5.3-.7s-.1-.5-.3-.7c-.2-.2-.4-.3-.7-.3h-11c-.3 0-.5.1-.7.3-.2.2-.3.5-.3.7s.1.5.3.7z\"\/><\/svg><\/span><\/span><\/span><\/a><\/span><\/div>\n<nav><ul class='ez-toc-list ez-toc-list-level-1 ' ><li class='ez-toc-page-1 ez-toc-heading-level-2'><a class=\"ez-toc-link ez-toc-heading-1\" href=\"https:\/\/www.arenal.com\/blog\/alisado-permanente-que-es-tipos-y-cuidados\/#%C2%BFQue_es_el_alisado_permanente\" >\u00bfQu\u00e9 es el alisado permanente?<\/a><\/li><li class='ez-toc-page-1 ez-toc-heading-level-2'><a class=\"ez-toc-link ez-toc-heading-2\" href=\"https:\/\/www.arenal.com\/blog\/alisado-permanente-que-es-tipos-y-cuidados\/#%C2%BFQue_tipos_de_alisado_permanente_hay\" >\u00bfQu\u00e9 tipos de alisado permanente hay?<\/a><ul class='ez-toc-list-level-3' ><li class='ez-toc-heading-level-3'><a class=\"ez-toc-link ez-toc-heading-3\" href=\"https:\/\/www.arenal.com\/blog\/alisado-permanente-que-es-tipos-y-cuidados\/#%E2%80%93_Alisado_permanente_quimico\" >&#8211; Alisado permanente qu\u00edmico<\/a><\/li><li class='ez-toc-page-1 ez-toc-heading-level-3'><a class=\"ez-toc-link ez-toc-heading-4\" href=\"https:\/\/www.arenal.com\/blog\/alisado-permanente-que-es-tipos-y-cuidados\/#%E2%80%93_Alisado_permanente_japones\" >&#8211; Alisado permanente japon\u00e9s<\/a><\/li><li class='ez-toc-page-1 ez-toc-heading-level-3'><a class=\"ez-toc-link ez-toc-heading-5\" href=\"https:\/\/www.arenal.com\/blog\/alisado-permanente-que-es-tipos-y-cuidados\/#%E2%80%93_Alisado_permanente_brasileno\" >&#8211; Alisado permanente brasile\u00f1o<\/a><\/li><li class='ez-toc-page-1 ez-toc-heading-level-3'><a class=\"ez-toc-link ez-toc-heading-6\" href=\"https:\/\/www.arenal.com\/blog\/alisado-permanente-que-es-tipos-y-cuidados\/#%E2%80%93_Alisado_permanente_organico\" >&#8211; Alisado permanente org\u00e1nico<\/a><\/li><\/ul><\/li><li class='ez-toc-page-1 ez-toc-heading-level-2'><a class=\"ez-toc-link ez-toc-heading-7\" href=\"https:\/\/www.arenal.com\/blog\/alisado-permanente-que-es-tipos-y-cuidados\/#Cuidados_para_el_alisado_permanente\" >Cuidados para el alisado permanente<\/a><\/li><\/ul><\/nav><\/div>\n<h2><span class=\"ez-toc-section\" id=\"%C2%BFQue_es_el_alisado_permanente\"><\/span>\u00bfQu\u00e9 es el alisado permanente?<span class=\"ez-toc-section-end\"><\/span><\/h2>\n<p>El<strong> alisado permanente<\/strong> es un tratamiento cosm\u00e9tico que se aplica sobre el cabello con el objetivo de alisarlo. Para llevarlo a cabo, se han de emplear una serie de productos que <strong>modifican la estructura capilar<\/strong>. Esta estructura se recompone de nuevo y despu\u00e9s se convierte en permanente.<\/p>\n<p>Gracias a esta t\u00e9cnica, es posible convertir pelos ondulados o rizados en totalmente lisos. No obstante, dado que vas a necesitar aplicar sobre tu cabello productos qu\u00edmicos, solo la puede realizar un profesional. No dejes este trabajo en manos de cualquiera, ya que podr\u00edas da\u00f1ar tu pelo.<\/p>\n<h2><span class=\"ez-toc-section\" id=\"%C2%BFQue_tipos_de_alisado_permanente_hay\"><\/span>\u00bfQu\u00e9 tipos de alisado permanente hay?<span class=\"ez-toc-section-end\"><\/span><\/h2>\n<p>Existen muchos <strong>tipos de alisado permanente<\/strong>, por eso es tan importante que elijas aquel que mejor se ajuste a las necesidades de tu cabello. Nosotros te contamos los m\u00e1s importantes, pero recuerda que escoger uno u otro depende en gran medida de c\u00f3mo sea tu pelo.<\/p>\n<h3><span class=\"ez-toc-section\" id=\"%E2%80%93_Alisado_permanente_quimico\"><\/span>&#8211; Alisado permanente qu\u00edmico<span class=\"ez-toc-section-end\"><\/span><\/h3>\n<p>El alisado qu\u00edmico es el que se utilizaba antes con m\u00e1s frecuencia. Consiste en aplicar sobre el pelo <strong>productos qu\u00edmicos <\/strong>de diferente tipo, que se ocupan de romper las cut\u00edculas y alisar el pelo.<\/p>\n<p>Adem\u00e1s, tras este proceso es necesario<strong> alisar el pelo varias veces<\/strong> para conseguir que el efecto sea duradero. Aunque se trata de uno de los tratamientos m\u00e1s agresivos, consigue que el cabello permanezca liso por m\u00e1s tiempo. Como te puedes imaginar, se suele utilizar cuando <strong>el pelo es muy rizado<\/strong>.<\/p>\n<h3><span class=\"ez-toc-section\" id=\"%E2%80%93_Alisado_permanente_japones\"><\/span>&#8211; Alisado permanente japon\u00e9s<span class=\"ez-toc-section-end\"><\/span><\/h3>\n<p>Es muy parecido al anterior, aunque los productos que se emplean en este caso <strong>son menos agresivos<\/strong>. Su efecto tambi\u00e9n es menos duradero, por eso se recomienda volverlo a aplicar pasados cuatro meses.<\/p>\n<p>Al contar con unos efectos m\u00e1s d\u00e9biles, lo m\u00e1s recomendable es que te lo apliques si<strong> tu melena es ondulada<\/strong>. En pelos rizados, es posible que no se consiga el efecto deseado.<\/p>\n<h3><span class=\"ez-toc-section\" id=\"%E2%80%93_Alisado_permanente_brasileno\"><\/span>&#8211; Alisado permanente brasile\u00f1o<span class=\"ez-toc-section-end\"><\/span><\/h3>\n<p>Tambi\u00e9n recibe el nombre de <strong>alisado de queratina<\/strong>, precisamente por emplear este producto para lograr el efecto liso. Es mucho menos da\u00f1ino que el anterior, pero, l\u00f3gicamente, te durar\u00e1 menos tiempo. En este caso, el proceso consiste en introducir<strong> queratina hidrolizada<\/strong> en el cabello.<\/p>\n<p>De esta manera, no se rompe su estructura, pero s\u00ed se favorece el alisado. Nosotros lo aconsejamos para personas que<strong> sufren encrespamiento con facilidad<\/strong>. Si tu pelo se ha da\u00f1ado por el uso del tinte y parece seco, tambi\u00e9n puede ser una buena opci\u00f3n.<\/p>\n<h3><span class=\"ez-toc-section\" id=\"%E2%80%93_Alisado_permanente_organico\"><\/span>&#8211; Alisado permanente org\u00e1nico<span class=\"ez-toc-section-end\"><\/span><\/h3>\n<p>Los alisados org\u00e1nicos son los que m\u00e1s se llevan, porque <strong>son mucho m\u00e1s suaves y da\u00f1an menos el cabello<\/strong>. No obstante, has de saber que s\u00ed se emplean qu\u00edmicos durante el proceso, aunque no en tanta cantidad como en los alisados anteriores.<\/p>\n<p>Los m\u00e1s habituales son la <strong>enzimoterapia<\/strong>, basada en la aplicaci\u00f3n de enzimas, y la <strong>taninoplastia<\/strong>, que emplea el tanino para alisar y reparar el pelo.<\/p>\n<h2><span class=\"ez-toc-section\" id=\"Cuidados_para_el_alisado_permanente\"><\/span>Cuidados para el alisado permanente<span class=\"ez-toc-section-end\"><\/span><\/h2>\n<p>Los <strong>cuidados para el alisado permanente<\/strong> depender\u00e1n en gran medida del tipo que elijas. En general, si has optado por uno de los m\u00e1s agresivos, como el japon\u00e9s o el qu\u00edmico, tendr\u00e1s que esperar hasta 48 horas para poder lavar tu cabello. Por otro lado, tampoco se recomienda peinarlo ni recogerlo.<\/p>\n<p>En cualquier caso, dado que el alisado es un proceso agresivo para el pelo, te recomendamos que apliques los siguientes cuidados:<\/p>\n<ol>\n<li><strong>No lo laves de manera excesiva<\/strong>: Har\u00e1s que la humedad y los aceites naturales que lo mantienen sano desaparezcan poco a poco. Tambi\u00e9n es importante que escojas bien el champ\u00fa y el acondicionador.<\/li>\n<li><strong>Evita el calor sobre el cabello<\/strong>: Aplicar planchados despu\u00e9s del alisado provocar\u00e1 que el pelo sufra todav\u00eda m\u00e1s, y puede ser contraproducente al revertir los efectos del alisado.<\/li>\n<li><strong>Peina con suavidad<\/strong>: A ser posible, emplea un peine de dientes anchos o un cepillo que tenga cuerdas suaves. De esta forma, evitar\u00e1s que tu pelo se rompa y se da\u00f1e.<\/li>\n<li><strong>Prot\u00e9gelo del sol e hidr\u00e1talo correctamente<\/strong>: Los rayos solares pueden causar da\u00f1os y deshidrataci\u00f3n. Lo mejor es que utilices productos con protecci\u00f3n UV.<\/li>\n<\/ol>\n<p>Esto es todo lo que necesitas saber sobre el<strong> alisado permanente<\/strong>. Si tienes el pelo rizado u ondulado, puede ser una buena opci\u00f3n para desprenderte de las planchas durante una temporada. Sin embargo, no olvides que es muy importante que, durante el proceso y despu\u00e9s, cuides tu cabello de la forma adecuada. Disfruta ya de una melena lisa y de un pelo sano. Gracias a las nuevas t\u00e9cnicas de alisado, es posible.<\/p>\n","protected":false},"excerpt":{"rendered":"<p>\u00bfEst\u00e1s pensando en lucir un alisado permanente? Esta t\u00e9cnica te permitir\u00e1 mantener el pelo liso durante varios meses empleando diferentes productos<\/p>\n","protected":false},"author":1,"featured_media":3368,"comment_status":"open","ping_status":"open","sticky":false,"template":"","format":"standard","meta":{"footnotes":""},"categories":[234],"tags":[642],"class_list":["post-3222","post","type-post","status-publish","format-standard","has-post-thumbnail","hentry","category-cuidado-del-cabello","tag-cabello"],"featured_image_src":"https:\/\/www.arenal.com\/blog\/wp-content\/uploads\/2023\/06\/alisado-permanente.webp","author_info":{"display_name":"hiberus","author_link":"https:\/\/www.arenal.com\/blog\/author\/hiberus"},"yoast_head":"<!-- This site is optimized with the Yoast SEO plugin v27.4 - https:\/\/yoast.com\/product\/yoast-seo-wordpress\/ -->\n<title>Alisado permanente; qu\u00e9 es, tipos y cuidados | Blog de Arenal<\/title>\n<meta name=\"description\" content=\"\u00bfEst\u00e1s pensando en lucir un alisado permanente? Esta t\u00e9cnica te permitir\u00e1 mantener el pelo liso durante varios meses con diferentes productos\" \/>\n<meta name=\"robots\" content=\"index, follow, max-snippet:-1, max-image-preview:large, max-video-preview:-1\" \/>\n<link rel=\"canonical\" href=\"https:\/\/www.arenal.com\/blog\/alisado-permanente-que-es-tipos-y-cuidados\" \/>\n<meta property=\"og:locale\" content=\"es_ES\" \/>\n<meta property=\"og:type\" content=\"article\" \/>\n<meta property=\"og:title\" content=\"Alisado permanente; qu\u00e9 es, tipos y cuidados | Blog de Arenal\" \/>\n<meta property=\"og:description\" content=\"\u00bfEst\u00e1s pensando en lucir un alisado permanente? Esta t\u00e9cnica te permitir\u00e1 mantener el pelo liso durante varios meses con diferentes productos\" \/>\n<meta property=\"og:url\" content=\"https:\/\/www.arenal.com\/blog\/alisado-permanente-que-es-tipos-y-cuidados\" \/>\n<meta property=\"og:site_name\" content=\"Blog de Arenal\" \/>\n<meta property=\"article:published_time\" content=\"2023-08-07T13:04:56+00:00\" \/>\n<meta property=\"article:modified_time\" content=\"2023-08-07T13:04:57+00:00\" \/>\n<meta property=\"og:image\" content=\"https:\/\/www.arenal.com\/blog\/wp-content\/uploads\/2023\/06\/alisado-permanente.webp\" \/>\n\t<meta property=\"og:image:width\" content=\"1000\" \/>\n\t<meta property=\"og:image:height\" content=\"1500\" \/>\n\t<meta property=\"og:image:type\" content=\"image\/webp\" \/>\n<meta name=\"author\" content=\"hiberus\" \/>\n<meta name=\"twitter:card\" content=\"summary_large_image\" \/>\n<meta name=\"twitter:label1\" content=\"Escrito por\" \/>\n\t<meta name=\"twitter:data1\" content=\"hiberus\" \/>\n\t<meta name=\"twitter:label2\" content=\"Tiempo de lectura\" \/>\n\t<meta name=\"twitter:data2\" content=\"4 minutos\" \/>\n<script type=\"application\/ld+json\" class=\"yoast-schema-graph\">{\"@context\":\"https:\\\/\\\/schema.org\",\"@graph\":[{\"@type\":\"Article\",\"@id\":\"https:\\\/\\\/www.arenal.com\\\/blog\\\/alisado-permanente-que-es-tipos-y-cuidados#article\",\"isPartOf\":{\"@id\":\"https:\\\/\\\/www.arenal.com\\\/blog\\\/alisado-permanente-que-es-tipos-y-cuidados\"},\"author\":{\"name\":\"hiberus\",\"@id\":\"https:\\\/\\\/www.arenal.com\\\/blog\\\/#\\\/schema\\\/person\\\/5b0f9900f2fb7a87b0b8c40b98a29e31\"},\"headline\":\"Alisado permanente; qu\u00e9 es, tipos y cuidados\",\"datePublished\":\"2023-08-07T13:04:56+00:00\",\"dateModified\":\"2023-08-07T13:04:57+00:00\",\"mainEntityOfPage\":{\"@id\":\"https:\\\/\\\/www.arenal.com\\\/blog\\\/alisado-permanente-que-es-tipos-y-cuidados\"},\"wordCount\":882,\"commentCount\":0,\"image\":{\"@id\":\"https:\\\/\\\/www.arenal.com\\\/blog\\\/alisado-permanente-que-es-tipos-y-cuidados#primaryimage\"},\"thumbnailUrl\":\"https:\\\/\\\/www.arenal.com\\\/blog\\\/wp-content\\\/uploads\\\/2023\\\/06\\\/alisado-permanente.webp\",\"keywords\":[\"cabello\"],\"articleSection\":[\"Cuidado del cabello\"],\"inLanguage\":\"es\",\"potentialAction\":[{\"@type\":\"CommentAction\",\"name\":\"Comment\",\"target\":[\"https:\\\/\\\/www.arenal.com\\\/blog\\\/alisado-permanente-que-es-tipos-y-cuidados#respond\"]}]},{\"@type\":\"WebPage\",\"@id\":\"https:\\\/\\\/www.arenal.com\\\/blog\\\/alisado-permanente-que-es-tipos-y-cuidados\",\"url\":\"https:\\\/\\\/www.arenal.com\\\/blog\\\/alisado-permanente-que-es-tipos-y-cuidados\",\"name\":\"Alisado permanente; qu\u00e9 es, tipos y cuidados | Blog de Arenal\",\"isPartOf\":{\"@id\":\"https:\\\/\\\/www.arenal.com\\\/blog\\\/#website\"},\"primaryImageOfPage\":{\"@id\":\"https:\\\/\\\/www.arenal.com\\\/blog\\\/alisado-permanente-que-es-tipos-y-cuidados#primaryimage\"},\"image\":{\"@id\":\"https:\\\/\\\/www.arenal.com\\\/blog\\\/alisado-permanente-que-es-tipos-y-cuidados#primaryimage\"},\"thumbnailUrl\":\"https:\\\/\\\/www.arenal.com\\\/blog\\\/wp-content\\\/uploads\\\/2023\\\/06\\\/alisado-permanente.webp\",\"datePublished\":\"2023-08-07T13:04:56+00:00\",\"dateModified\":\"2023-08-07T13:04:57+00:00\",\"author\":{\"@id\":\"https:\\\/\\\/www.arenal.com\\\/blog\\\/#\\\/schema\\\/person\\\/5b0f9900f2fb7a87b0b8c40b98a29e31\"},\"description\":\"\u00bfEst\u00e1s pensando en lucir un alisado permanente? Esta t\u00e9cnica te permitir\u00e1 mantener el pelo liso durante varios meses con diferentes productos\",\"breadcrumb\":{\"@id\":\"https:\\\/\\\/www.arenal.com\\\/blog\\\/alisado-permanente-que-es-tipos-y-cuidados#breadcrumb\"},\"inLanguage\":\"es\",\"potentialAction\":[{\"@type\":\"ReadAction\",\"target\":[\"https:\\\/\\\/www.arenal.com\\\/blog\\\/alisado-permanente-que-es-tipos-y-cuidados\"]}]},{\"@type\":\"ImageObject\",\"inLanguage\":\"es\",\"@id\":\"https:\\\/\\\/www.arenal.com\\\/blog\\\/alisado-permanente-que-es-tipos-y-cuidados#primaryimage\",\"url\":\"https:\\\/\\\/www.arenal.com\\\/blog\\\/wp-content\\\/uploads\\\/2023\\\/06\\\/alisado-permanente.webp\",\"contentUrl\":\"https:\\\/\\\/www.arenal.com\\\/blog\\\/wp-content\\\/uploads\\\/2023\\\/06\\\/alisado-permanente.webp\",\"width\":1000,\"height\":1500,\"caption\":\"Alisado permanente\"},{\"@type\":\"BreadcrumbList\",\"@id\":\"https:\\\/\\\/www.arenal.com\\\/blog\\\/alisado-permanente-que-es-tipos-y-cuidados#breadcrumb\",\"itemListElement\":[{\"@type\":\"ListItem\",\"position\":1,\"name\":\"Cuidado del cabello\",\"item\":\"https:\\\/\\\/www.arenal.com\\\/blog\\\/cuidado-del-cabello\"},{\"@type\":\"ListItem\",\"position\":2,\"name\":\"Alisado permanente; qu\u00e9 es, tipos y cuidados\"}]},{\"@type\":\"WebSite\",\"@id\":\"https:\\\/\\\/www.arenal.com\\\/blog\\\/#website\",\"url\":\"https:\\\/\\\/www.arenal.com\\\/blog\\\/\",\"name\":\"Blog de Arenal\",\"description\":\"\",\"potentialAction\":[{\"@type\":\"SearchAction\",\"target\":{\"@type\":\"EntryPoint\",\"urlTemplate\":\"https:\\\/\\\/www.arenal.com\\\/blog\\\/?s={search_term_string}\"},\"query-input\":{\"@type\":\"PropertyValueSpecification\",\"valueRequired\":true,\"valueName\":\"search_term_string\"}}],\"inLanguage\":\"es\"},{\"@type\":\"Person\",\"@id\":\"https:\\\/\\\/www.arenal.com\\\/blog\\\/#\\\/schema\\\/person\\\/5b0f9900f2fb7a87b0b8c40b98a29e31\",\"name\":\"hiberus\",\"image\":{\"@type\":\"ImageObject\",\"inLanguage\":\"es\",\"@id\":\"https:\\\/\\\/secure.gravatar.com\\\/avatar\\\/a0b97b568facc7d687254dae39c5cfb79af095aebc91173945f2a50629c9fe1a?s=96&d=mm&r=g\",\"url\":\"https:\\\/\\\/secure.gravatar.com\\\/avatar\\\/a0b97b568facc7d687254dae39c5cfb79af095aebc91173945f2a50629c9fe1a?s=96&d=mm&r=g\",\"contentUrl\":\"https:\\\/\\\/secure.gravatar.com\\\/avatar\\\/a0b97b568facc7d687254dae39c5cfb79af095aebc91173945f2a50629c9fe1a?s=96&d=mm&r=g\",\"caption\":\"hiberus\"},\"sameAs\":[\"https:\\\/\\\/www.arenal.com\"],\"url\":\"https:\\\/\\\/www.arenal.com\\\/blog\\\/author\\\/hiberus\"}]}<\/script>\n<!-- \/ Yoast SEO plugin. -->","yoast_head_json":{"title":"Alisado permanente; qu\u00e9 es, tipos y cuidados | Blog de Arenal","description":"\u00bfEst\u00e1s pensando en lucir un alisado permanente? Esta t\u00e9cnica te permitir\u00e1 mantener el pelo liso durante varios meses con diferentes productos","robots":{"index":"index","follow":"follow","max-snippet":"max-snippet:-1","max-image-preview":"max-image-preview:large","max-video-preview":"max-video-preview:-1"},"canonical":"https:\/\/www.arenal.com\/blog\/alisado-permanente-que-es-tipos-y-cuidados","og_locale":"es_ES","og_type":"article","og_title":"Alisado permanente; qu\u00e9 es, tipos y cuidados | Blog de Arenal","og_description":"\u00bfEst\u00e1s pensando en lucir un alisado permanente? Esta t\u00e9cnica te permitir\u00e1 mantener el pelo liso durante varios meses con diferentes productos","og_url":"https:\/\/www.arenal.com\/blog\/alisado-permanente-que-es-tipos-y-cuidados","og_site_name":"Blog de Arenal","article_published_time":"2023-08-07T13:04:56+00:00","article_modified_time":"2023-08-07T13:04:57+00:00","og_image":[{"width":1000,"height":1500,"url":"https:\/\/www.arenal.com\/blog\/wp-content\/uploads\/2023\/06\/alisado-permanente.webp","type":"image\/webp"}],"author":"hiberus","twitter_card":"summary_large_image","twitter_misc":{"Escrito por":"hiberus","Tiempo de lectura":"4 minutos"},"schema":{"@context":"https:\/\/schema.org","@graph":[{"@type":"Article","@id":"https:\/\/www.arenal.com\/blog\/alisado-permanente-que-es-tipos-y-cuidados#article","isPartOf":{"@id":"https:\/\/www.arenal.com\/blog\/alisado-permanente-que-es-tipos-y-cuidados"},"author":{"name":"hiberus","@id":"https:\/\/www.arenal.com\/blog\/#\/schema\/person\/5b0f9900f2fb7a87b0b8c40b98a29e31"},"headline":"Alisado permanente; qu\u00e9 es, tipos y cuidados","datePublished":"2023-08-07T13:04:56+00:00","dateModified":"2023-08-07T13:04:57+00:00","mainEntityOfPage":{"@id":"https:\/\/www.arenal.com\/blog\/alisado-permanente-que-es-tipos-y-cuidados"},"wordCount":882,"commentCount":0,"image":{"@id":"https:\/\/www.arenal.com\/blog\/alisado-permanente-que-es-tipos-y-cuidados#primaryimage"},"thumbnailUrl":"https:\/\/www.arenal.com\/blog\/wp-content\/uploads\/2023\/06\/alisado-permanente.webp","keywords":["cabello"],"articleSection":["Cuidado del cabello"],"inLanguage":"es","potentialAction":[{"@type":"CommentAction","name":"Comment","target":["https:\/\/www.arenal.com\/blog\/alisado-permanente-que-es-tipos-y-cuidados#respond"]}]},{"@type":"WebPage","@id":"https:\/\/www.arenal.com\/blog\/alisado-permanente-que-es-tipos-y-cuidados","url":"https:\/\/www.arenal.com\/blog\/alisado-permanente-que-es-tipos-y-cuidados","name":"Alisado permanente; qu\u00e9 es, tipos y cuidados | Blog de Arenal","isPartOf":{"@id":"https:\/\/www.arenal.com\/blog\/#website"},"primaryImageOfPage":{"@id":"https:\/\/www.arenal.com\/blog\/alisado-permanente-que-es-tipos-y-cuidados#primaryimage"},"image":{"@id":"https:\/\/www.arenal.com\/blog\/alisado-permanente-que-es-tipos-y-cuidados#primaryimage"},"thumbnailUrl":"https:\/\/www.arenal.com\/blog\/wp-content\/uploads\/2023\/06\/alisado-permanente.webp","datePublished":"2023-08-07T13:04:56+00:00","dateModified":"2023-08-07T13:04:57+00:00","author":{"@id":"https:\/\/www.arenal.com\/blog\/#\/schema\/person\/5b0f9900f2fb7a87b0b8c40b98a29e31"},"description":"\u00bfEst\u00e1s pensando en lucir un alisado permanente? Esta t\u00e9cnica te permitir\u00e1 mantener el pelo liso durante varios meses con diferentes productos","breadcrumb":{"@id":"https:\/\/www.arenal.com\/blog\/alisado-permanente-que-es-tipos-y-cuidados#breadcrumb"},"inLanguage":"es","potentialAction":[{"@type":"ReadAction","target":["https:\/\/www.arenal.com\/blog\/alisado-permanente-que-es-tipos-y-cuidados"]}]},{"@type":"ImageObject","inLanguage":"es","@id":"https:\/\/www.arenal.com\/blog\/alisado-permanente-que-es-tipos-y-cuidados#primaryimage","url":"https:\/\/www.arenal.com\/blog\/wp-content\/uploads\/2023\/06\/alisado-permanente.webp","contentUrl":"https:\/\/www.arenal.com\/blog\/wp-content\/uploads\/2023\/06\/alisado-permanente.webp","width":1000,"height":1500,"caption":"Alisado permanente"},{"@type":"BreadcrumbList","@id":"https:\/\/www.arenal.com\/blog\/alisado-permanente-que-es-tipos-y-cuidados#breadcrumb","itemListElement":[{"@type":"ListItem","position":1,"name":"Cuidado del cabello","item":"https:\/\/www.arenal.com\/blog\/cuidado-del-cabello"},{"@type":"ListItem","position":2,"name":"Alisado permanente; qu\u00e9 es, tipos y cuidados"}]},{"@type":"WebSite","@id":"https:\/\/www.arenal.com\/blog\/#website","url":"https:\/\/www.arenal.com\/blog\/","name":"Blog de Arenal","description":"","potentialAction":[{"@type":"SearchAction","target":{"@type":"EntryPoint","urlTemplate":"https:\/\/www.arenal.com\/blog\/?s={search_term_string}"},"query-input":{"@type":"PropertyValueSpecification","valueRequired":true,"valueName":"search_term_string"}}],"inLanguage":"es"},{"@type":"Person","@id":"https:\/\/www.arenal.com\/blog\/#\/schema\/person\/5b0f9900f2fb7a87b0b8c40b98a29e31","name":"hiberus","image":{"@type":"ImageObject","inLanguage":"es","@id":"https:\/\/secure.gravatar.com\/avatar\/a0b97b568facc7d687254dae39c5cfb79af095aebc91173945f2a50629c9fe1a?s=96&d=mm&r=g","url":"https:\/\/secure.gravatar.com\/avatar\/a0b97b568facc7d687254dae39c5cfb79af095aebc91173945f2a50629c9fe1a?s=96&d=mm&r=g","contentUrl":"https:\/\/secure.gravatar.com\/avatar\/a0b97b568facc7d687254dae39c5cfb79af095aebc91173945f2a50629c9fe1a?s=96&d=mm&r=g","caption":"hiberus"},"sameAs":["https:\/\/www.arenal.com"],"url":"https:\/\/www.arenal.com\/blog\/author\/hiberus"}]}},"_links":{"self":[{"href":"https:\/\/www.arenal.com\/blog\/wp-json\/wp\/v2\/posts\/3222","targetHints":{"allow":["GET"]}}],"collection":[{"href":"https:\/\/www.arenal.com\/blog\/wp-json\/wp\/v2\/posts"}],"about":[{"href":"https:\/\/www.arenal.com\/blog\/wp-json\/wp\/v2\/types\/post"}],"author":[{"embeddable":true,"href":"https:\/\/www.arenal.com\/blog\/wp-json\/wp\/v2\/users\/1"}],"replies":[{"embeddable":true,"href":"https:\/\/www.arenal.com\/blog\/wp-json\/wp\/v2\/comments?post=3222"}],"version-history":[{"count":3,"href":"https:\/\/www.arenal.com\/blog\/wp-json\/wp\/v2\/posts\/3222\/revisions"}],"predecessor-version":[{"id":3372,"href":"https:\/\/www.arenal.com\/blog\/wp-json\/wp\/v2\/posts\/3222\/revisions\/3372"}],"wp:featuredmedia":[{"embeddable":true,"href":"https:\/\/www.arenal.com\/blog\/wp-json\/wp\/v2\/media\/3368"}],"wp:attachment":[{"href":"https:\/\/www.arenal.com\/blog\/wp-json\/wp\/v2\/media?parent=3222"}],"wp:term":[{"taxonomy":"category","embeddable":true,"href":"https:\/\/www.arenal.com\/blog\/wp-json\/wp\/v2\/categories?post=3222"},{"taxonomy":"post_tag","embeddable":true,"href":"https:\/\/www.arenal.com\/blog\/wp-json\/wp\/v2\/tags?post=3222"}],"curies":[{"name":"wp","href":"https:\/\/api.w.org\/{rel}","templated":true}]}}