{"id":3120,"date":"2023-04-18T09:00:00","date_gmt":"2023-04-18T08:00:00","guid":{"rendered":"https:\/\/www.arenal.com\/blog\/?p=3120"},"modified":"2025-06-09T13:08:23","modified_gmt":"2025-06-09T12:08:23","slug":"maquillaje-para-primavera-todas-las-tendencias-al-respecto","status":"publish","type":"post","link":"https:\/\/www.arenal.com\/blog\/maquillaje-para-primavera-todas-las-tendencias-al-respecto","title":{"rendered":"\u00a0Maquillaje para primavera: Todas las tendencias al respecto"},"content":{"rendered":"\n<p>\u00a1La primavera est\u00e1 aqu\u00ed! Y, por supuesto, con ella, llegan las nuevas tendencias en cosm\u00e9tica y maquillaje. Es el momento id\u00f3neo para ponerse al d\u00eda con todas las novedades que nos trae esta temporada. As\u00ed que, si deseas conocer a fondo c\u00f3mo es el <strong>maquillaje para esta primavera<\/strong>, solo tienes que seguir leyendo.<\/p>\n\n\n\n<div id=\"ez-toc-container\" class=\"ez-toc-v2_0_82_2 counter-hierarchy ez-toc-counter ez-toc-custom ez-toc-container-direction\">\n<div class=\"ez-toc-title-container\">\n<p class=\"ez-toc-title\" style=\"cursor:inherit\">Indice de contenidos<\/p>\n<span class=\"ez-toc-title-toggle\"><a href=\"#\" class=\"ez-toc-pull-right ez-toc-btn ez-toc-btn-xs ez-toc-btn-default ez-toc-toggle\" aria-label=\"Alternar tabla de contenidos\"><span class=\"ez-toc-js-icon-con\"><span class=\"\"><span class=\"eztoc-hide\" style=\"display:none;\">Toggle<\/span><span class=\"ez-toc-icon-toggle-span\"><svg style=\"fill: #000000;color:#000000\" xmlns=\"http:\/\/www.w3.org\/2000\/svg\" class=\"list-377408\" width=\"20px\" height=\"20px\" viewBox=\"0 0 24 24\" fill=\"none\"><path d=\"M6 6H4v2h2V6zm14 0H8v2h12V6zM4 11h2v2H4v-2zm16 0H8v2h12v-2zM4 16h2v2H4v-2zm16 0H8v2h12v-2z\" fill=\"currentColor\"><\/path><\/svg><svg style=\"fill: #000000;color:#000000\" class=\"arrow-unsorted-368013\" xmlns=\"http:\/\/www.w3.org\/2000\/svg\" width=\"10px\" height=\"10px\" viewBox=\"0 0 24 24\" version=\"1.2\" baseProfile=\"tiny\"><path d=\"M18.2 9.3l-6.2-6.3-6.2 6.3c-.2.2-.3.4-.3.7s.1.5.3.7c.2.2.4.3.7.3h11c.3 0 .5-.1.7-.3.2-.2.3-.5.3-.7s-.1-.5-.3-.7zM5.8 14.7l6.2 6.3 6.2-6.3c.2-.2.3-.5.3-.7s-.1-.5-.3-.7c-.2-.2-.4-.3-.7-.3h-11c-.3 0-.5.1-.7.3-.2.2-.3.5-.3.7s.1.5.3.7z\"\/><\/svg><\/span><\/span><\/span><\/a><\/span><\/div>\n<nav><ul class='ez-toc-list ez-toc-list-level-1 ' ><li class='ez-toc-page-1 ez-toc-heading-level-2'><a class=\"ez-toc-link ez-toc-heading-1\" href=\"https:\/\/www.arenal.com\/blog\/maquillaje-para-primavera-todas-las-tendencias-al-respecto\/#Jugosidad_en_estado_puro\" >Jugosidad en estado puro<\/a><\/li><li class='ez-toc-page-1 ez-toc-heading-level-2'><a class=\"ez-toc-link ez-toc-heading-2\" href=\"https:\/\/www.arenal.com\/blog\/maquillaje-para-primavera-todas-las-tendencias-al-respecto\/#Besada_por_el%E2%80%A6_%C2%A1colorete\" >Besada por el&#8230; \u00a1colorete!<\/a><\/li><li class='ez-toc-page-1 ez-toc-heading-level-2'><a class=\"ez-toc-link ez-toc-heading-3\" href=\"https:\/\/www.arenal.com\/blog\/maquillaje-para-primavera-todas-las-tendencias-al-respecto\/#Ojos_a_todo_color\" >Ojos a todo color<\/a><\/li><li class='ez-toc-page-1 ez-toc-heading-level-2'><a class=\"ez-toc-link ez-toc-heading-4\" href=\"https:\/\/www.arenal.com\/blog\/maquillaje-para-primavera-todas-las-tendencias-al-respecto\/#Si_a_los_labios_nude\" >S\u00ed a los labios nude<\/a><\/li><\/ul><\/nav><\/div>\n<h2 class=\"wp-block-heading\"><span class=\"ez-toc-section\" id=\"Jugosidad_en_estado_puro\"><\/span>Jugosidad en estado puro<span class=\"ez-toc-section-end\"><\/span><\/h2>\n\n\n\n<p>El <strong>maquillaje para primavera<\/strong> sigue la estela que hab\u00edamos estado viendo hasta ahora. Decimos adi\u00f3s al acabado mate y apostamos por <strong>lucir una piel jugosa y saludable<\/strong>.<\/p>\n\n\n\n<p>Para conseguirlo, es muy importante prestar atenci\u00f3n a la rutina de cuidado de la piel. El <em>skincare <\/em>es tu mayor aliado para <strong>mejorar la apariencia y textura del cutis<\/strong>. De esta forma, podr\u00e1s prescindir de las bases muy cubrientes y reemplazarlas por productos m\u00e1s ligeros que den luminosidad al rostro.<\/p>\n\n\n\n<p>Adem\u00e1s, surgen t\u00e9cnicas que nos ayudar\u00e1n a potenciar el<strong> efecto <em>glow<\/em><\/strong>. Una de ellas es el <strong><em>underpainting<\/em><\/strong>. Se trata, b\u00e1sicamente, de aplicar todos los cosm\u00e9ticos faciales (corrector, iluminador y colorete) antes que la base de maquillaje. Escoge productos en crema para que se fusionen mejor entre s\u00ed, \u00a1y a brillar!<\/p>\n\n\n\n<figure class=\"wp-block-image size-large\"><img loading=\"lazy\" decoding=\"async\" width=\"1024\" height=\"683\" src=\"https:\/\/www.arenal.com\/blog\/wp-content\/uploads\/2025\/02\/maquillaje_primaveral_arenal-1024x683.jpg\" alt=\"\" class=\"wp-image-7083\" srcset=\"https:\/\/www.arenal.com\/blog\/wp-content\/uploads\/2025\/02\/maquillaje_primaveral_arenal-1024x683.jpg 1024w, https:\/\/www.arenal.com\/blog\/wp-content\/uploads\/2025\/02\/maquillaje_primaveral_arenal-300x200.jpg 300w, https:\/\/www.arenal.com\/blog\/wp-content\/uploads\/2025\/02\/maquillaje_primaveral_arenal-768x512.jpg 768w, https:\/\/www.arenal.com\/blog\/wp-content\/uploads\/2025\/02\/maquillaje_primaveral_arenal.jpg 1140w\" sizes=\"auto, (max-width: 1024px) 100vw, 1024px\" \/><\/figure>\n\n\n\n<h2 class=\"wp-block-heading\"><span class=\"ez-toc-section\" id=\"Besada_por_el%E2%80%A6_%C2%A1colorete\"><\/span>Besada por el&#8230; \u00a1colorete!<span class=\"ez-toc-section-end\"><\/span><\/h2>\n\n\n\n<p>El sol y el aumento de las temperaturas nos hacen tener ganas de vernos m\u00e1s bronceadas, \u00bfa ti tambi\u00e9n te pasa? El colorete es una herramienta clave para lograr ese aspecto juvenil y tan favorecedor que se conoce como <strong><em>sunkissed <\/em>o besada por el sol<\/strong>.<\/p>\n\n\n\n<p>Este efecto se produce, normalmente, cuando pasamos un rato largo<strong> expuestos al sol sin protecci\u00f3n<\/strong>, en consecuencia, la parte alta de las mejillas y la nariz adquieren una tonalidad rojiza. Por supuesto,<strong> la radiaci\u00f3n solar es muy peligrosa<\/strong>, por lo que te recomendamos que no intentes esta pr\u00e1ctica.<\/p>\n\n\n\n<p>La protecci\u00f3n solar debe ser siempre parte de tu rutina de cuidado facial. Por suerte, puedes replicar esta apariencia de un modo seguro gracias al <strong>colorete adecuado<\/strong>.<\/p>\n\n\n\n<p>Elige la tonalidad en funci\u00f3n de c\u00f3mo sea tu piel. El rosa melocot\u00f3n es una estupenda opci\u00f3n para personas de tez clara, mientras que los naranjas m\u00e1s encendidos funcionan muy bien con pieles m\u00e1s oscuras.<\/p>\n\n\n\n<p>Una vez que tengas el producto, solo queda aplicarlo en los puntos donde<strong> la luz del sol incidir\u00eda naturalmente<\/strong>. Y, si no quieres complicarte demasiado con el maquillaje, usa el colorete <strong>a modo de sombra de ojos y en los labios<\/strong>.<\/p>\n\n\n\n<figure class=\"wp-block-image size-large\"><img loading=\"lazy\" decoding=\"async\" width=\"1024\" height=\"683\" src=\"https:\/\/www.arenal.com\/blog\/wp-content\/uploads\/2025\/02\/maquillate_para_primavera_arenal-1024x683.jpg\" alt=\"\" class=\"wp-image-7084\" srcset=\"https:\/\/www.arenal.com\/blog\/wp-content\/uploads\/2025\/02\/maquillate_para_primavera_arenal-1024x683.jpg 1024w, https:\/\/www.arenal.com\/blog\/wp-content\/uploads\/2025\/02\/maquillate_para_primavera_arenal-300x200.jpg 300w, https:\/\/www.arenal.com\/blog\/wp-content\/uploads\/2025\/02\/maquillate_para_primavera_arenal-768x512.jpg 768w, https:\/\/www.arenal.com\/blog\/wp-content\/uploads\/2025\/02\/maquillate_para_primavera_arenal.jpg 1140w\" sizes=\"auto, (max-width: 1024px) 100vw, 1024px\" \/><\/figure>\n\n\n\n<h2 class=\"wp-block-heading\"><span class=\"ez-toc-section\" id=\"Ojos_a_todo_color\"><\/span>Ojos a todo color<span class=\"ez-toc-section-end\"><\/span><\/h2>\n\n\n\n<p>El <strong><a href=\"https:\/\/www.arenal.com\/maquillaje\/ojos\/c\/1_0000000646\">maquillaje de ojos<\/a> para primavera<\/strong> apuesta por los colores vibrantes. El objetivo es conseguir una mirada intensa y luminosa, \u00a1igual que los d\u00edas en esta \u00e9poca del a\u00f1o!<\/p>\n\n\n\n<p>La paleta crom\u00e1tica va a estar marcada por los tonos<strong> rosas, morados y violetas<\/strong>. No cabe duda de que el Barbiecore ha sido un gran impulsor de esta tendencia. Cobran fuerza, asimismo, las <a href=\"https:\/\/www.arenal.com\/maquillaje\/ojos\/sombras-de-ojos\/c\/1_0000000648\" target=\"_blank\" rel=\"noopener\"><strong>sombras de ojos<\/strong><\/a> iridiscentes, tornasoladas o con efecto metalizado, las cuales agregan a\u00fan m\u00e1s dinamismo a los p\u00e1rpados.<\/p>\n\n\n\n<p>Los <a href=\"https:\/\/www.arenal.com\/maquillaje\/ojos\/delineadores-de-ojos\/c\/1_0000000647\" target=\"_blank\" rel=\"noopener\"><strong>delineadores de ojos<\/strong><\/a> son productos que est\u00e1n cogiendo much\u00edsima fuerza, tanto es as\u00ed que incluso un dise\u00f1o dram\u00e1tico sustituye en muchas ocasiones a las sombras. Esta temporada puedes dar rienda suelta a tu imaginaci\u00f3n y<strong> experimentar con todo tipo de colores y formas<\/strong>. Se lleva la originalidad ante todo, as\u00ed que no dudes en jugar con diferentes l\u00edneas y estilos.<\/p>\n\n\n\n<p>En lo referente a las pesta\u00f1as,<b>&nbsp;\u00a1Cu\u00e1nto m\u00e1s largas, mejor!<\/b> La est\u00e9tica de <strong>bailarina de ballet <\/strong>se ha viralizado en las redes sociales y ha llegado hasta el maquillaje. Por tanto, se buscan pesta\u00f1as kilom\u00e9tricas que den el aspecto de <strong>ojos de mu\u00f1eca<\/strong>.<\/p>\n\n\n\n<p>Para ello, es imprescindible contar con una buena m\u00e1scara de pesta\u00f1as que contribuya a abrir la mirada y mantener el rizo. La t\u00e9cnica de aplicaci\u00f3n igualmente influye, en consecuencia, te recomendamos <strong>movimientos en zigzag<\/strong> para obtener el mejor resultado.<\/p>\n\n\n\n<p>Por \u00faltimo, puedes considerar usar <a href=\"https:\/\/www.arenal.com\/maquillaje\/ojos\/pestanas-postizas\/c\/1_0000000651\">pesta\u00f1as postizas<\/a> para realzar todav\u00eda m\u00e1s la mirada. Las hay muy discretas, ideales para el d\u00eda a d\u00eda. Incluso las pesta\u00f1as individuales funcionan genial para dar la sensaci\u00f3n de ojos m\u00e1s grandes y rasgados. Es cuesti\u00f3n de probar.<\/p>\n\n\n\n<figure class=\"wp-block-image size-large\"><img loading=\"lazy\" decoding=\"async\" width=\"1024\" height=\"683\" src=\"https:\/\/www.arenal.com\/blog\/wp-content\/uploads\/2025\/02\/mejor_maquillaje_primaveral_arenal-1024x683.jpg\" alt=\"\" class=\"wp-image-7085\" srcset=\"https:\/\/www.arenal.com\/blog\/wp-content\/uploads\/2025\/02\/mejor_maquillaje_primaveral_arenal-1024x683.jpg 1024w, https:\/\/www.arenal.com\/blog\/wp-content\/uploads\/2025\/02\/mejor_maquillaje_primaveral_arenal-300x200.jpg 300w, https:\/\/www.arenal.com\/blog\/wp-content\/uploads\/2025\/02\/mejor_maquillaje_primaveral_arenal-768x512.jpg 768w, https:\/\/www.arenal.com\/blog\/wp-content\/uploads\/2025\/02\/mejor_maquillaje_primaveral_arenal.jpg 1140w\" sizes=\"auto, (max-width: 1024px) 100vw, 1024px\" \/><\/figure>\n\n\n\n<h2 class=\"wp-block-heading\"><span class=\"ez-toc-section\" id=\"Si_a_los_labios_nude\"><\/span>S\u00ed a los labios <em>nude<\/em><span class=\"ez-toc-section-end\"><\/span><\/h2>\n\n\n\n<p>La naturalidad reina en esta parte del rostro. Las tonalidades <em>nude<\/em>, que van desde los rosas m\u00e1s deslavados hasta los marrones claros, se imponen con fuerza. Por consiguiente, en tu neceser de <strong>maquillaje primaveral<\/strong> no pueden faltar un l\u00e1piz de labios, labial y <a href=\"https:\/\/www.arenal.com\/maquillaje\/labios\/brillo-de-labios\/c\/1_0000000636\" target=\"_blank\" rel=\"noopener\"><strong>brillo de labios<\/strong><\/a>.<\/p>\n\n\n\n<p>La gracia de esta temporada est\u00e1 en emplear un tono m\u00e1s oscuro de delineador que de <a href=\"https:\/\/www.arenal.com\/maquillaje\/labios\/barras-de-labios\/c\/1_0000000635\" target=\"_blank\" rel=\"noopener\"><strong>barra de labios<\/strong><\/a>. Esto hace que la boca se vea mucho m\u00e1s voluminosa. Despu\u00e9s, completa el <em>look <\/em>con una buena dosis de <em>gloss <\/em>brillante para lograr ese acabado jugoso que tanto gusta. \u00a1Y ya estar\u00e1s lista para brillar!<\/p>\n\n\n\n<p>Si has llegado hasta aqu\u00ed, esperamos que hayas tomado buena nota de todo lo que te hemos contado. Ya ves que el <strong>maquillaje para primavera de 2023<\/strong> est\u00e1 cargado de luminosidad y color. \u00bfTe animas a ponerlo en pr\u00e1ctica para deslumbrar esta temporada?<\/p>\n","protected":false},"excerpt":{"rendered":"<p>El maquillaje para primavera nos trae estupendas novedades que te invitamos a descubrir en nuestro \u00faltimo art\u00edculo. \u00a1Accede y no te pierdas ning\u00fan detalle!<\/p>\n","protected":false},"author":1,"featured_media":7086,"comment_status":"open","ping_status":"open","sticky":false,"template":"","format":"standard","meta":{"footnotes":""},"categories":[626,231],"tags":[],"class_list":["post-3120","post","type-post","status-publish","format-standard","has-post-thumbnail","hentry","category-tutoriales","category-consejos-y-rutinas-de-maquillaje"],"featured_image_src":"https:\/\/www.arenal.com\/blog\/wp-content\/uploads\/2025\/02\/maquillaje_de_primavera_arenal.jpg","author_info":{"display_name":"hiberus","author_link":"https:\/\/www.arenal.com\/blog\/author\/hiberus"},"yoast_head":"<!-- This site is optimized with the Yoast SEO plugin v27.4 - https:\/\/yoast.com\/product\/yoast-seo-wordpress\/ -->\n<title>Maquillaje de primavera: tendencias | Blog de Arenal<\/title>\n<meta name=\"description\" content=\"Si deseas conocer a fondo c\u00f3mo es el maquillaje para esta primavera, solo tienes que seguir leyendo. \u00a1Accede y no te pierdas ning\u00fan detalle!\" \/>\n<meta name=\"robots\" content=\"index, follow, max-snippet:-1, max-image-preview:large, max-video-preview:-1\" \/>\n<link rel=\"canonical\" href=\"https:\/\/www.arenal.com\/blog\/maquillaje-para-primavera-todas-las-tendencias-al-respecto\" \/>\n<meta property=\"og:locale\" content=\"es_ES\" \/>\n<meta property=\"og:type\" content=\"article\" \/>\n<meta property=\"og:title\" content=\"Maquillaje de primavera: tendencias | Blog de Arenal\" \/>\n<meta property=\"og:description\" content=\"Si deseas conocer a fondo c\u00f3mo es el maquillaje para esta primavera, solo tienes que seguir leyendo. \u00a1Accede y no te pierdas ning\u00fan detalle!\" \/>\n<meta property=\"og:url\" content=\"https:\/\/www.arenal.com\/blog\/maquillaje-para-primavera-todas-las-tendencias-al-respecto\" \/>\n<meta property=\"og:site_name\" content=\"Blog de Arenal\" \/>\n<meta property=\"article:published_time\" content=\"2023-04-18T08:00:00+00:00\" \/>\n<meta property=\"article:modified_time\" content=\"2025-06-09T12:08:23+00:00\" \/>\n<meta property=\"og:image\" content=\"https:\/\/www.arenal.com\/blog\/wp-content\/uploads\/2025\/02\/maquillaje_de_primavera_arenal.jpg\" \/>\n\t<meta property=\"og:image:width\" content=\"1140\" \/>\n\t<meta property=\"og:image:height\" content=\"322\" \/>\n\t<meta property=\"og:image:type\" content=\"image\/jpeg\" \/>\n<meta name=\"author\" content=\"hiberus\" \/>\n<meta name=\"twitter:card\" content=\"summary_large_image\" \/>\n<meta name=\"twitter:label1\" content=\"Escrito por\" \/>\n\t<meta name=\"twitter:data1\" content=\"hiberus\" \/>\n\t<meta name=\"twitter:label2\" content=\"Tiempo de lectura\" \/>\n\t<meta name=\"twitter:data2\" content=\"5 minutos\" \/>\n<script type=\"application\/ld+json\" class=\"yoast-schema-graph\">{\"@context\":\"https:\\\/\\\/schema.org\",\"@graph\":[{\"@type\":\"Article\",\"@id\":\"https:\\\/\\\/www.arenal.com\\\/blog\\\/maquillaje-para-primavera-todas-las-tendencias-al-respecto#article\",\"isPartOf\":{\"@id\":\"https:\\\/\\\/www.arenal.com\\\/blog\\\/maquillaje-para-primavera-todas-las-tendencias-al-respecto\"},\"author\":{\"name\":\"hiberus\",\"@id\":\"https:\\\/\\\/www.arenal.com\\\/blog\\\/#\\\/schema\\\/person\\\/5b0f9900f2fb7a87b0b8c40b98a29e31\"},\"headline\":\"\u00a0Maquillaje para primavera: Todas las tendencias al respecto\",\"datePublished\":\"2023-04-18T08:00:00+00:00\",\"dateModified\":\"2025-06-09T12:08:23+00:00\",\"mainEntityOfPage\":{\"@id\":\"https:\\\/\\\/www.arenal.com\\\/blog\\\/maquillaje-para-primavera-todas-las-tendencias-al-respecto\"},\"wordCount\":876,\"commentCount\":0,\"image\":{\"@id\":\"https:\\\/\\\/www.arenal.com\\\/blog\\\/maquillaje-para-primavera-todas-las-tendencias-al-respecto#primaryimage\"},\"thumbnailUrl\":\"https:\\\/\\\/www.arenal.com\\\/blog\\\/wp-content\\\/uploads\\\/2025\\\/02\\\/maquillaje_de_primavera_arenal.jpg\",\"articleSection\":[\"Tutoriales\",\"Maquillaje\"],\"inLanguage\":\"es\",\"potentialAction\":[{\"@type\":\"CommentAction\",\"name\":\"Comment\",\"target\":[\"https:\\\/\\\/www.arenal.com\\\/blog\\\/maquillaje-para-primavera-todas-las-tendencias-al-respecto#respond\"]}]},{\"@type\":\"WebPage\",\"@id\":\"https:\\\/\\\/www.arenal.com\\\/blog\\\/maquillaje-para-primavera-todas-las-tendencias-al-respecto\",\"url\":\"https:\\\/\\\/www.arenal.com\\\/blog\\\/maquillaje-para-primavera-todas-las-tendencias-al-respecto\",\"name\":\"Maquillaje de primavera: tendencias | Blog de Arenal\",\"isPartOf\":{\"@id\":\"https:\\\/\\\/www.arenal.com\\\/blog\\\/#website\"},\"primaryImageOfPage\":{\"@id\":\"https:\\\/\\\/www.arenal.com\\\/blog\\\/maquillaje-para-primavera-todas-las-tendencias-al-respecto#primaryimage\"},\"image\":{\"@id\":\"https:\\\/\\\/www.arenal.com\\\/blog\\\/maquillaje-para-primavera-todas-las-tendencias-al-respecto#primaryimage\"},\"thumbnailUrl\":\"https:\\\/\\\/www.arenal.com\\\/blog\\\/wp-content\\\/uploads\\\/2025\\\/02\\\/maquillaje_de_primavera_arenal.jpg\",\"datePublished\":\"2023-04-18T08:00:00+00:00\",\"dateModified\":\"2025-06-09T12:08:23+00:00\",\"author\":{\"@id\":\"https:\\\/\\\/www.arenal.com\\\/blog\\\/#\\\/schema\\\/person\\\/5b0f9900f2fb7a87b0b8c40b98a29e31\"},\"description\":\"Si deseas conocer a fondo c\u00f3mo es el maquillaje para esta primavera, solo tienes que seguir leyendo. \u00a1Accede y no te pierdas ning\u00fan detalle!\",\"breadcrumb\":{\"@id\":\"https:\\\/\\\/www.arenal.com\\\/blog\\\/maquillaje-para-primavera-todas-las-tendencias-al-respecto#breadcrumb\"},\"inLanguage\":\"es\",\"potentialAction\":[{\"@type\":\"ReadAction\",\"target\":[\"https:\\\/\\\/www.arenal.com\\\/blog\\\/maquillaje-para-primavera-todas-las-tendencias-al-respecto\"]}]},{\"@type\":\"ImageObject\",\"inLanguage\":\"es\",\"@id\":\"https:\\\/\\\/www.arenal.com\\\/blog\\\/maquillaje-para-primavera-todas-las-tendencias-al-respecto#primaryimage\",\"url\":\"https:\\\/\\\/www.arenal.com\\\/blog\\\/wp-content\\\/uploads\\\/2025\\\/02\\\/maquillaje_de_primavera_arenal.jpg\",\"contentUrl\":\"https:\\\/\\\/www.arenal.com\\\/blog\\\/wp-content\\\/uploads\\\/2025\\\/02\\\/maquillaje_de_primavera_arenal.jpg\",\"width\":1140,\"height\":322},{\"@type\":\"BreadcrumbList\",\"@id\":\"https:\\\/\\\/www.arenal.com\\\/blog\\\/maquillaje-para-primavera-todas-las-tendencias-al-respecto#breadcrumb\",\"itemListElement\":[{\"@type\":\"ListItem\",\"position\":1,\"name\":\"Tutoriales\",\"item\":\"https:\\\/\\\/www.arenal.com\\\/blog\\\/tutoriales\"},{\"@type\":\"ListItem\",\"position\":2,\"name\":\"\u00a0Maquillaje para primavera: Todas las tendencias al respecto\"}]},{\"@type\":\"WebSite\",\"@id\":\"https:\\\/\\\/www.arenal.com\\\/blog\\\/#website\",\"url\":\"https:\\\/\\\/www.arenal.com\\\/blog\\\/\",\"name\":\"Blog de Arenal\",\"description\":\"\",\"potentialAction\":[{\"@type\":\"SearchAction\",\"target\":{\"@type\":\"EntryPoint\",\"urlTemplate\":\"https:\\\/\\\/www.arenal.com\\\/blog\\\/?s={search_term_string}\"},\"query-input\":{\"@type\":\"PropertyValueSpecification\",\"valueRequired\":true,\"valueName\":\"search_term_string\"}}],\"inLanguage\":\"es\"},{\"@type\":\"Person\",\"@id\":\"https:\\\/\\\/www.arenal.com\\\/blog\\\/#\\\/schema\\\/person\\\/5b0f9900f2fb7a87b0b8c40b98a29e31\",\"name\":\"hiberus\",\"image\":{\"@type\":\"ImageObject\",\"inLanguage\":\"es\",\"@id\":\"https:\\\/\\\/secure.gravatar.com\\\/avatar\\\/a0b97b568facc7d687254dae39c5cfb79af095aebc91173945f2a50629c9fe1a?s=96&d=mm&r=g\",\"url\":\"https:\\\/\\\/secure.gravatar.com\\\/avatar\\\/a0b97b568facc7d687254dae39c5cfb79af095aebc91173945f2a50629c9fe1a?s=96&d=mm&r=g\",\"contentUrl\":\"https:\\\/\\\/secure.gravatar.com\\\/avatar\\\/a0b97b568facc7d687254dae39c5cfb79af095aebc91173945f2a50629c9fe1a?s=96&d=mm&r=g\",\"caption\":\"hiberus\"},\"sameAs\":[\"https:\\\/\\\/www.arenal.com\"],\"url\":\"https:\\\/\\\/www.arenal.com\\\/blog\\\/author\\\/hiberus\"}]}<\/script>\n<!-- \/ Yoast SEO plugin. -->","yoast_head_json":{"title":"Maquillaje de primavera: tendencias | Blog de Arenal","description":"Si deseas conocer a fondo c\u00f3mo es el maquillaje para esta primavera, solo tienes que seguir leyendo. \u00a1Accede y no te pierdas ning\u00fan detalle!","robots":{"index":"index","follow":"follow","max-snippet":"max-snippet:-1","max-image-preview":"max-image-preview:large","max-video-preview":"max-video-preview:-1"},"canonical":"https:\/\/www.arenal.com\/blog\/maquillaje-para-primavera-todas-las-tendencias-al-respecto","og_locale":"es_ES","og_type":"article","og_title":"Maquillaje de primavera: tendencias | Blog de Arenal","og_description":"Si deseas conocer a fondo c\u00f3mo es el maquillaje para esta primavera, solo tienes que seguir leyendo. \u00a1Accede y no te pierdas ning\u00fan detalle!","og_url":"https:\/\/www.arenal.com\/blog\/maquillaje-para-primavera-todas-las-tendencias-al-respecto","og_site_name":"Blog de Arenal","article_published_time":"2023-04-18T08:00:00+00:00","article_modified_time":"2025-06-09T12:08:23+00:00","og_image":[{"width":1140,"height":322,"url":"https:\/\/www.arenal.com\/blog\/wp-content\/uploads\/2025\/02\/maquillaje_de_primavera_arenal.jpg","type":"image\/jpeg"}],"author":"hiberus","twitter_card":"summary_large_image","twitter_misc":{"Escrito por":"hiberus","Tiempo de lectura":"5 minutos"},"schema":{"@context":"https:\/\/schema.org","@graph":[{"@type":"Article","@id":"https:\/\/www.arenal.com\/blog\/maquillaje-para-primavera-todas-las-tendencias-al-respecto#article","isPartOf":{"@id":"https:\/\/www.arenal.com\/blog\/maquillaje-para-primavera-todas-las-tendencias-al-respecto"},"author":{"name":"hiberus","@id":"https:\/\/www.arenal.com\/blog\/#\/schema\/person\/5b0f9900f2fb7a87b0b8c40b98a29e31"},"headline":"\u00a0Maquillaje para primavera: Todas las tendencias al respecto","datePublished":"2023-04-18T08:00:00+00:00","dateModified":"2025-06-09T12:08:23+00:00","mainEntityOfPage":{"@id":"https:\/\/www.arenal.com\/blog\/maquillaje-para-primavera-todas-las-tendencias-al-respecto"},"wordCount":876,"commentCount":0,"image":{"@id":"https:\/\/www.arenal.com\/blog\/maquillaje-para-primavera-todas-las-tendencias-al-respecto#primaryimage"},"thumbnailUrl":"https:\/\/www.arenal.com\/blog\/wp-content\/uploads\/2025\/02\/maquillaje_de_primavera_arenal.jpg","articleSection":["Tutoriales","Maquillaje"],"inLanguage":"es","potentialAction":[{"@type":"CommentAction","name":"Comment","target":["https:\/\/www.arenal.com\/blog\/maquillaje-para-primavera-todas-las-tendencias-al-respecto#respond"]}]},{"@type":"WebPage","@id":"https:\/\/www.arenal.com\/blog\/maquillaje-para-primavera-todas-las-tendencias-al-respecto","url":"https:\/\/www.arenal.com\/blog\/maquillaje-para-primavera-todas-las-tendencias-al-respecto","name":"Maquillaje de primavera: tendencias | Blog de Arenal","isPartOf":{"@id":"https:\/\/www.arenal.com\/blog\/#website"},"primaryImageOfPage":{"@id":"https:\/\/www.arenal.com\/blog\/maquillaje-para-primavera-todas-las-tendencias-al-respecto#primaryimage"},"image":{"@id":"https:\/\/www.arenal.com\/blog\/maquillaje-para-primavera-todas-las-tendencias-al-respecto#primaryimage"},"thumbnailUrl":"https:\/\/www.arenal.com\/blog\/wp-content\/uploads\/2025\/02\/maquillaje_de_primavera_arenal.jpg","datePublished":"2023-04-18T08:00:00+00:00","dateModified":"2025-06-09T12:08:23+00:00","author":{"@id":"https:\/\/www.arenal.com\/blog\/#\/schema\/person\/5b0f9900f2fb7a87b0b8c40b98a29e31"},"description":"Si deseas conocer a fondo c\u00f3mo es el maquillaje para esta primavera, solo tienes que seguir leyendo. \u00a1Accede y no te pierdas ning\u00fan detalle!","breadcrumb":{"@id":"https:\/\/www.arenal.com\/blog\/maquillaje-para-primavera-todas-las-tendencias-al-respecto#breadcrumb"},"inLanguage":"es","potentialAction":[{"@type":"ReadAction","target":["https:\/\/www.arenal.com\/blog\/maquillaje-para-primavera-todas-las-tendencias-al-respecto"]}]},{"@type":"ImageObject","inLanguage":"es","@id":"https:\/\/www.arenal.com\/blog\/maquillaje-para-primavera-todas-las-tendencias-al-respecto#primaryimage","url":"https:\/\/www.arenal.com\/blog\/wp-content\/uploads\/2025\/02\/maquillaje_de_primavera_arenal.jpg","contentUrl":"https:\/\/www.arenal.com\/blog\/wp-content\/uploads\/2025\/02\/maquillaje_de_primavera_arenal.jpg","width":1140,"height":322},{"@type":"BreadcrumbList","@id":"https:\/\/www.arenal.com\/blog\/maquillaje-para-primavera-todas-las-tendencias-al-respecto#breadcrumb","itemListElement":[{"@type":"ListItem","position":1,"name":"Tutoriales","item":"https:\/\/www.arenal.com\/blog\/tutoriales"},{"@type":"ListItem","position":2,"name":"\u00a0Maquillaje para primavera: Todas las tendencias al respecto"}]},{"@type":"WebSite","@id":"https:\/\/www.arenal.com\/blog\/#website","url":"https:\/\/www.arenal.com\/blog\/","name":"Blog de Arenal","description":"","potentialAction":[{"@type":"SearchAction","target":{"@type":"EntryPoint","urlTemplate":"https:\/\/www.arenal.com\/blog\/?s={search_term_string}"},"query-input":{"@type":"PropertyValueSpecification","valueRequired":true,"valueName":"search_term_string"}}],"inLanguage":"es"},{"@type":"Person","@id":"https:\/\/www.arenal.com\/blog\/#\/schema\/person\/5b0f9900f2fb7a87b0b8c40b98a29e31","name":"hiberus","image":{"@type":"ImageObject","inLanguage":"es","@id":"https:\/\/secure.gravatar.com\/avatar\/a0b97b568facc7d687254dae39c5cfb79af095aebc91173945f2a50629c9fe1a?s=96&d=mm&r=g","url":"https:\/\/secure.gravatar.com\/avatar\/a0b97b568facc7d687254dae39c5cfb79af095aebc91173945f2a50629c9fe1a?s=96&d=mm&r=g","contentUrl":"https:\/\/secure.gravatar.com\/avatar\/a0b97b568facc7d687254dae39c5cfb79af095aebc91173945f2a50629c9fe1a?s=96&d=mm&r=g","caption":"hiberus"},"sameAs":["https:\/\/www.arenal.com"],"url":"https:\/\/www.arenal.com\/blog\/author\/hiberus"}]}},"_links":{"self":[{"href":"https:\/\/www.arenal.com\/blog\/wp-json\/wp\/v2\/posts\/3120","targetHints":{"allow":["GET"]}}],"collection":[{"href":"https:\/\/www.arenal.com\/blog\/wp-json\/wp\/v2\/posts"}],"about":[{"href":"https:\/\/www.arenal.com\/blog\/wp-json\/wp\/v2\/types\/post"}],"author":[{"embeddable":true,"href":"https:\/\/www.arenal.com\/blog\/wp-json\/wp\/v2\/users\/1"}],"replies":[{"embeddable":true,"href":"https:\/\/www.arenal.com\/blog\/wp-json\/wp\/v2\/comments?post=3120"}],"version-history":[{"count":13,"href":"https:\/\/www.arenal.com\/blog\/wp-json\/wp\/v2\/posts\/3120\/revisions"}],"predecessor-version":[{"id":7504,"href":"https:\/\/www.arenal.com\/blog\/wp-json\/wp\/v2\/posts\/3120\/revisions\/7504"}],"wp:featuredmedia":[{"embeddable":true,"href":"https:\/\/www.arenal.com\/blog\/wp-json\/wp\/v2\/media\/7086"}],"wp:attachment":[{"href":"https:\/\/www.arenal.com\/blog\/wp-json\/wp\/v2\/media?parent=3120"}],"wp:term":[{"taxonomy":"category","embeddable":true,"href":"https:\/\/www.arenal.com\/blog\/wp-json\/wp\/v2\/categories?post=3120"},{"taxonomy":"post_tag","embeddable":true,"href":"https:\/\/www.arenal.com\/blog\/wp-json\/wp\/v2\/tags?post=3120"}],"curies":[{"name":"wp","href":"https:\/\/api.w.org\/{rel}","templated":true}]}}