{"id":3069,"date":"2023-03-30T09:00:00","date_gmt":"2023-03-30T08:00:00","guid":{"rendered":"https:\/\/www.arenal.com\/blog\/?p=3069"},"modified":"2023-03-20T11:04:35","modified_gmt":"2023-03-20T10:04:35","slug":"descubre-las-mechas-face-framing","status":"publish","type":"post","link":"https:\/\/www.arenal.com\/blog\/descubre-las-mechas-face-framing","title":{"rendered":"Descubre las mechas face framing"},"content":{"rendered":"<p>\u00bfConoces el<strong><em> face framing<\/em><\/strong>? Se trata de una de las t\u00e9cnicas de coloraci\u00f3n de cabello m\u00e1s populares actualmente. En este art\u00edculo te explicaremos a fondo todo lo que necesitas saber al respecto para lograr este <em>look <\/em>tan deseado. \u00bfEmpezamos?<\/p>\n<h2>Todo sobre el<em> face framing<\/em><\/h2>\n<p>Como en todo lo relativo a la est\u00e9tica, no se est\u00e1 inventando la rueda. Este estilo de mechas ya tuvo su momento en la<strong> d\u00e9cada de los 90 y de los 2000<\/strong>. Sin embargo, todo vuelve, y ahora estamos viviendo el resurgir de este estilo.<\/p>\n<p>Si sabes un poco de ingl\u00e9s, ya tendr\u00e1s una idea de por d\u00f3nde van los tiros. Y es que<em><strong> face framing<\/strong><\/em> significa \u00abcara enmarcada\u00bb. Esta t\u00e9cnica de coloraci\u00f3n capilar consiste precisamente en eso, en aplicar <strong>mechas o reflejos en la parte frontal de la cara<\/strong>. Esto se hace para destacar y realzar la forma del rostro, haciendo que los contornos faciales se vean m\u00e1s definidos y la cara se vea m\u00e1s radiante y saludable.<\/p>\n<p>\u00bfTe est\u00e1s planteando esta opci\u00f3n? \u00a1Conoce todas sus ventajas!<\/p>\n<ul>\n<li>Estos puntos de luz alrededor de la cara aportan un toque muy<strong> natural y saludable <\/strong>al pelo. Tambi\u00e9n lograr\u00e1s un mayor volumen. Por todo esto, es una de las tendencias que mejor sientan y m\u00e1s rejuvenecen. De hecho, muchos expertos afirman que su poder supera incluso al del <a href=\"https:\/\/www.arenal.com\/maquillaje\/rostro\/c\/1_0000000638\" target=\"_blank\" rel=\"noopener\">maquillaje<\/a>.<\/li>\n<li>Aunque hemos dicho que resultan muy naturales, ten presente que puedes llevarlo a tu terreno. Si eres m\u00e1s de extremos, no tengas miedo a experimentar con fuertes contrastes. Los resultados te sorprender\u00e1n para bien.<\/li>\n<li>Es una t\u00e9cnica que se caracteriza por su <strong>versatilidad<\/strong>. As\u00ed pues, cualquier persona puede te\u00f1irse de esta manera independientemente del color o el largo de la melena. Tampoco influye la edad o el tipo de rostro que tengas, \u00a1a todos le favorecen!<\/li>\n<li>Quedan espectaculares <strong>tanto con el cabello suelto como con el pelo atado<\/strong>, especialmente, si dejas estos mechones m\u00e1s claros fuera del recogido.<\/li>\n<li>Otro factor que tener en cuenta es que es una gran forma de cambiar tu imagen sin afectar al resto de tu cabello. Si te preocupa el estado de tu pelo, con las <strong>mechas <em>face framing<\/em> <\/strong>no corres el riesgo de maltratarlo demasiado.<\/li>\n<li>En el <strong>aspecto econ\u00f3mico<\/strong> tambi\u00e9n sales ganando. Y es que, no es lo mismo te\u00f1ir toda la cabeza que solo dos mechones. Adem\u00e1s, es un <em>look<\/em> muy f\u00e1cil de mantener. \u00a1Todo son ventajas!<\/li>\n<\/ul>\n<h2>Consigue el<em> look <\/em>de tus sue\u00f1os<\/h2>\n<p>Si ya te has convencido, es el momento de que sepas c\u00f3mo se hacen. Es un procedimiento muy sencillo, por lo que t\u00fa misma en tu casa puedes ponerlo en pr\u00e1ctica y darle un nuevo aire a tu estilo de siempre.<\/p>\n<ul>\n<li>El primer paso es <strong>escoger <a href=\"https:\/\/www.arenal.com\/cabello\/coloracion\/tintes\/c\/1_0000000992\" target=\"_blank\" rel=\"noopener\">el tinte<\/a><\/strong><a href=\"https:\/\/www.arenal.com\/cabello\/coloracion\/tintes\/c\/1_0000000992\" target=\"_blank\" rel=\"noopener\">.<\/a> Lo ideal es que sea uno o dos tonos m\u00e1s claro que tu base. Aunque, por supuesto, todo depender\u00e1 de tus gustos. Si no lo tienes demasiado claro, lo mejor es que<strong> hagas una peque\u00f1a prueba<\/strong> antes de lanzarte. Simplemente, escoge alg\u00fan mech\u00f3n interior y comprueba c\u00f3mo queda el producto que has elegido. Si te convence, puedes hacerlo.<\/li>\n<li>Adem\u00e1s del tinte, necesitar\u00e1s contar con las <strong>herramientas necesarias<\/strong>. Nos referimos a un peine, brocha para tinte, papel de aluminio y, por supuesto, guantes.<\/li>\n<li>Para que el resultado sea \u00f3ptimo, recuerda que el pelo debe estar<strong> limpio y seco<\/strong>. En caso contrario, el producto que hayas elegido no se adherir\u00e1 correctamente a las fibras capilares.<\/li>\n<li>Con la ayuda de un peine, prepara el cabello y <strong>separa los mechones delanteros<\/strong> que quieras aclarar.<\/li>\n<li><strong>Aplica el tinte con la brocha de la ra\u00edz a las puntas<\/strong>. Es importante que distribuyas bien el producto y que, por supuesto, sigas las indicaciones del fabricante.<\/li>\n<li>Despu\u00e9s, deber\u00e1s coger un <strong>trozo de papel de aluminio<\/strong> para envolver cada uno de los mechones.<\/li>\n<li>Si deseas agregar m\u00e1s luz al resto del cabello, puedes seguir haciendo mechas con el mismo tinte. Eso s\u00ed, espera al menos que haya transcurrido un tercio del tiempo que indican las instrucciones para empezar a aplicarlo. De este modo, te aseguras de que los mechones delanteros queden mucho m\u00e1s luminosos, que es el efecto que estamos buscando.<\/li>\n<li>Cuando haya finalizado el tiempo de espera, toca quitar el papel de aluminio y aclarar la cabeza con agua. Despu\u00e9s solo tendr\u00e1s que secar el cabello y peinarlo como m\u00e1s te guste.<\/li>\n<\/ul>\n<p>As\u00ed de simple puedes lograr este resultado. En caso de que el tono final no termine de convencerte, siempre puedes repetir el proceso hasta dar con el color deseado.<\/p>\n<p>No cabe duda de que el <strong><em>face framing <\/em><\/strong>es una tendencia de belleza que puede darle a tu pelo un aspecto atractivo y moderno. Como has podido comprobar a lo largo del art\u00edculo, esta t\u00e9cnica de coloraci\u00f3n es relativamente sencilla, por lo que puedes hacerla por ti misma si lo deseas. \u00bfA qu\u00e9 esperas para ponerla en pr\u00e1ctica?<\/p>\n<p><a href=\"https:\/\/pixabay.com\/photos\/colors-hairdresser-cut-colorimetry-1097123\/\" rel=\"nofollow\">imagen<\/a><\/p>\n","protected":false},"excerpt":{"rendered":"<p>\u00bfConoces el face framing? Se trata de una de las t\u00e9cnicas de coloraci\u00f3n de cabello m\u00e1s populares actualmente. En este<\/p>\n","protected":false},"author":1,"featured_media":3106,"comment_status":"open","ping_status":"open","sticky":false,"template":"","format":"standard","meta":{"footnotes":""},"categories":[234],"tags":[642],"class_list":["post-3069","post","type-post","status-publish","format-standard","has-post-thumbnail","hentry","category-cuidado-del-cabello","tag-cabello"],"featured_image_src":"https:\/\/www.arenal.com\/blog\/wp-content\/uploads\/2023\/02\/Mechas-face-framing.jpg","author_info":{"display_name":"hiberus","author_link":"https:\/\/www.arenal.com\/blog\/author\/hiberus"},"yoast_head":"<!-- This site is optimized with the Yoast SEO plugin v27.4 - https:\/\/yoast.com\/product\/yoast-seo-wordpress\/ -->\n<title>Descubre las mechas face framing | Blog de Arenal<\/title>\n<meta name=\"description\" content=\"\u00bfConoces el face framing? En el art\u00edculo te explicamos a fondo todo lo que necesitas saber al respecto para lograr este look. \u00bfEmpezamos?\" \/>\n<meta name=\"robots\" content=\"index, follow, max-snippet:-1, max-image-preview:large, max-video-preview:-1\" \/>\n<link rel=\"canonical\" href=\"https:\/\/www.arenal.com\/blog\/descubre-las-mechas-face-framing\" \/>\n<meta property=\"og:locale\" content=\"es_ES\" \/>\n<meta property=\"og:type\" content=\"article\" \/>\n<meta property=\"og:title\" content=\"Descubre las mechas face framing | Blog de Arenal\" \/>\n<meta property=\"og:description\" content=\"\u00bfConoces el face framing? En el art\u00edculo te explicamos a fondo todo lo que necesitas saber al respecto para lograr este look. \u00bfEmpezamos?\" \/>\n<meta property=\"og:url\" content=\"https:\/\/www.arenal.com\/blog\/descubre-las-mechas-face-framing\" \/>\n<meta property=\"og:site_name\" content=\"Blog de Arenal\" \/>\n<meta property=\"article:published_time\" content=\"2023-03-30T08:00:00+00:00\" \/>\n<meta property=\"og:image\" content=\"https:\/\/www.arenal.com\/blog\/wp-content\/uploads\/2023\/02\/Mechas-face-framing.jpg\" \/>\n\t<meta property=\"og:image:width\" content=\"640\" \/>\n\t<meta property=\"og:image:height\" content=\"427\" \/>\n\t<meta property=\"og:image:type\" content=\"image\/jpeg\" \/>\n<meta name=\"author\" content=\"hiberus\" \/>\n<meta name=\"twitter:card\" content=\"summary_large_image\" \/>\n<meta name=\"twitter:label1\" content=\"Escrito por\" \/>\n\t<meta name=\"twitter:data1\" content=\"hiberus\" \/>\n\t<meta name=\"twitter:label2\" content=\"Tiempo de lectura\" \/>\n\t<meta name=\"twitter:data2\" content=\"4 minutos\" \/>\n<script type=\"application\/ld+json\" class=\"yoast-schema-graph\">{\"@context\":\"https:\\\/\\\/schema.org\",\"@graph\":[{\"@type\":\"Article\",\"@id\":\"https:\\\/\\\/www.arenal.com\\\/blog\\\/descubre-las-mechas-face-framing#article\",\"isPartOf\":{\"@id\":\"https:\\\/\\\/www.arenal.com\\\/blog\\\/descubre-las-mechas-face-framing\"},\"author\":{\"name\":\"hiberus\",\"@id\":\"https:\\\/\\\/www.arenal.com\\\/blog\\\/#\\\/schema\\\/person\\\/5b0f9900f2fb7a87b0b8c40b98a29e31\"},\"headline\":\"Descubre las mechas face framing\",\"datePublished\":\"2023-03-30T08:00:00+00:00\",\"mainEntityOfPage\":{\"@id\":\"https:\\\/\\\/www.arenal.com\\\/blog\\\/descubre-las-mechas-face-framing\"},\"wordCount\":854,\"commentCount\":0,\"image\":{\"@id\":\"https:\\\/\\\/www.arenal.com\\\/blog\\\/descubre-las-mechas-face-framing#primaryimage\"},\"thumbnailUrl\":\"https:\\\/\\\/www.arenal.com\\\/blog\\\/wp-content\\\/uploads\\\/2023\\\/02\\\/Mechas-face-framing.jpg\",\"keywords\":[\"cabello\"],\"articleSection\":[\"Cuidado del cabello\"],\"inLanguage\":\"es\",\"potentialAction\":[{\"@type\":\"CommentAction\",\"name\":\"Comment\",\"target\":[\"https:\\\/\\\/www.arenal.com\\\/blog\\\/descubre-las-mechas-face-framing#respond\"]}]},{\"@type\":\"WebPage\",\"@id\":\"https:\\\/\\\/www.arenal.com\\\/blog\\\/descubre-las-mechas-face-framing\",\"url\":\"https:\\\/\\\/www.arenal.com\\\/blog\\\/descubre-las-mechas-face-framing\",\"name\":\"Descubre las mechas face framing | Blog de Arenal\",\"isPartOf\":{\"@id\":\"https:\\\/\\\/www.arenal.com\\\/blog\\\/#website\"},\"primaryImageOfPage\":{\"@id\":\"https:\\\/\\\/www.arenal.com\\\/blog\\\/descubre-las-mechas-face-framing#primaryimage\"},\"image\":{\"@id\":\"https:\\\/\\\/www.arenal.com\\\/blog\\\/descubre-las-mechas-face-framing#primaryimage\"},\"thumbnailUrl\":\"https:\\\/\\\/www.arenal.com\\\/blog\\\/wp-content\\\/uploads\\\/2023\\\/02\\\/Mechas-face-framing.jpg\",\"datePublished\":\"2023-03-30T08:00:00+00:00\",\"author\":{\"@id\":\"https:\\\/\\\/www.arenal.com\\\/blog\\\/#\\\/schema\\\/person\\\/5b0f9900f2fb7a87b0b8c40b98a29e31\"},\"description\":\"\u00bfConoces el face framing? En el art\u00edculo te explicamos a fondo todo lo que necesitas saber al respecto para lograr este look. \u00bfEmpezamos?\",\"breadcrumb\":{\"@id\":\"https:\\\/\\\/www.arenal.com\\\/blog\\\/descubre-las-mechas-face-framing#breadcrumb\"},\"inLanguage\":\"es\",\"potentialAction\":[{\"@type\":\"ReadAction\",\"target\":[\"https:\\\/\\\/www.arenal.com\\\/blog\\\/descubre-las-mechas-face-framing\"]}]},{\"@type\":\"ImageObject\",\"inLanguage\":\"es\",\"@id\":\"https:\\\/\\\/www.arenal.com\\\/blog\\\/descubre-las-mechas-face-framing#primaryimage\",\"url\":\"https:\\\/\\\/www.arenal.com\\\/blog\\\/wp-content\\\/uploads\\\/2023\\\/02\\\/Mechas-face-framing.jpg\",\"contentUrl\":\"https:\\\/\\\/www.arenal.com\\\/blog\\\/wp-content\\\/uploads\\\/2023\\\/02\\\/Mechas-face-framing.jpg\",\"width\":640,\"height\":427,\"caption\":\"Mechas face framing\"},{\"@type\":\"BreadcrumbList\",\"@id\":\"https:\\\/\\\/www.arenal.com\\\/blog\\\/descubre-las-mechas-face-framing#breadcrumb\",\"itemListElement\":[{\"@type\":\"ListItem\",\"position\":1,\"name\":\"Cuidado del cabello\",\"item\":\"https:\\\/\\\/www.arenal.com\\\/blog\\\/cuidado-del-cabello\"},{\"@type\":\"ListItem\",\"position\":2,\"name\":\"Descubre las mechas face framing\"}]},{\"@type\":\"WebSite\",\"@id\":\"https:\\\/\\\/www.arenal.com\\\/blog\\\/#website\",\"url\":\"https:\\\/\\\/www.arenal.com\\\/blog\\\/\",\"name\":\"Blog de Arenal\",\"description\":\"\",\"potentialAction\":[{\"@type\":\"SearchAction\",\"target\":{\"@type\":\"EntryPoint\",\"urlTemplate\":\"https:\\\/\\\/www.arenal.com\\\/blog\\\/?s={search_term_string}\"},\"query-input\":{\"@type\":\"PropertyValueSpecification\",\"valueRequired\":true,\"valueName\":\"search_term_string\"}}],\"inLanguage\":\"es\"},{\"@type\":\"Person\",\"@id\":\"https:\\\/\\\/www.arenal.com\\\/blog\\\/#\\\/schema\\\/person\\\/5b0f9900f2fb7a87b0b8c40b98a29e31\",\"name\":\"hiberus\",\"image\":{\"@type\":\"ImageObject\",\"inLanguage\":\"es\",\"@id\":\"https:\\\/\\\/secure.gravatar.com\\\/avatar\\\/a0b97b568facc7d687254dae39c5cfb79af095aebc91173945f2a50629c9fe1a?s=96&d=mm&r=g\",\"url\":\"https:\\\/\\\/secure.gravatar.com\\\/avatar\\\/a0b97b568facc7d687254dae39c5cfb79af095aebc91173945f2a50629c9fe1a?s=96&d=mm&r=g\",\"contentUrl\":\"https:\\\/\\\/secure.gravatar.com\\\/avatar\\\/a0b97b568facc7d687254dae39c5cfb79af095aebc91173945f2a50629c9fe1a?s=96&d=mm&r=g\",\"caption\":\"hiberus\"},\"sameAs\":[\"https:\\\/\\\/www.arenal.com\"],\"url\":\"https:\\\/\\\/www.arenal.com\\\/blog\\\/author\\\/hiberus\"}]}<\/script>\n<!-- \/ Yoast SEO plugin. -->","yoast_head_json":{"title":"Descubre las mechas face framing | Blog de Arenal","description":"\u00bfConoces el face framing? En el art\u00edculo te explicamos a fondo todo lo que necesitas saber al respecto para lograr este look. \u00bfEmpezamos?","robots":{"index":"index","follow":"follow","max-snippet":"max-snippet:-1","max-image-preview":"max-image-preview:large","max-video-preview":"max-video-preview:-1"},"canonical":"https:\/\/www.arenal.com\/blog\/descubre-las-mechas-face-framing","og_locale":"es_ES","og_type":"article","og_title":"Descubre las mechas face framing | Blog de Arenal","og_description":"\u00bfConoces el face framing? En el art\u00edculo te explicamos a fondo todo lo que necesitas saber al respecto para lograr este look. \u00bfEmpezamos?","og_url":"https:\/\/www.arenal.com\/blog\/descubre-las-mechas-face-framing","og_site_name":"Blog de Arenal","article_published_time":"2023-03-30T08:00:00+00:00","og_image":[{"width":640,"height":427,"url":"https:\/\/www.arenal.com\/blog\/wp-content\/uploads\/2023\/02\/Mechas-face-framing.jpg","type":"image\/jpeg"}],"author":"hiberus","twitter_card":"summary_large_image","twitter_misc":{"Escrito por":"hiberus","Tiempo de lectura":"4 minutos"},"schema":{"@context":"https:\/\/schema.org","@graph":[{"@type":"Article","@id":"https:\/\/www.arenal.com\/blog\/descubre-las-mechas-face-framing#article","isPartOf":{"@id":"https:\/\/www.arenal.com\/blog\/descubre-las-mechas-face-framing"},"author":{"name":"hiberus","@id":"https:\/\/www.arenal.com\/blog\/#\/schema\/person\/5b0f9900f2fb7a87b0b8c40b98a29e31"},"headline":"Descubre las mechas face framing","datePublished":"2023-03-30T08:00:00+00:00","mainEntityOfPage":{"@id":"https:\/\/www.arenal.com\/blog\/descubre-las-mechas-face-framing"},"wordCount":854,"commentCount":0,"image":{"@id":"https:\/\/www.arenal.com\/blog\/descubre-las-mechas-face-framing#primaryimage"},"thumbnailUrl":"https:\/\/www.arenal.com\/blog\/wp-content\/uploads\/2023\/02\/Mechas-face-framing.jpg","keywords":["cabello"],"articleSection":["Cuidado del cabello"],"inLanguage":"es","potentialAction":[{"@type":"CommentAction","name":"Comment","target":["https:\/\/www.arenal.com\/blog\/descubre-las-mechas-face-framing#respond"]}]},{"@type":"WebPage","@id":"https:\/\/www.arenal.com\/blog\/descubre-las-mechas-face-framing","url":"https:\/\/www.arenal.com\/blog\/descubre-las-mechas-face-framing","name":"Descubre las mechas face framing | Blog de Arenal","isPartOf":{"@id":"https:\/\/www.arenal.com\/blog\/#website"},"primaryImageOfPage":{"@id":"https:\/\/www.arenal.com\/blog\/descubre-las-mechas-face-framing#primaryimage"},"image":{"@id":"https:\/\/www.arenal.com\/blog\/descubre-las-mechas-face-framing#primaryimage"},"thumbnailUrl":"https:\/\/www.arenal.com\/blog\/wp-content\/uploads\/2023\/02\/Mechas-face-framing.jpg","datePublished":"2023-03-30T08:00:00+00:00","author":{"@id":"https:\/\/www.arenal.com\/blog\/#\/schema\/person\/5b0f9900f2fb7a87b0b8c40b98a29e31"},"description":"\u00bfConoces el face framing? En el art\u00edculo te explicamos a fondo todo lo que necesitas saber al respecto para lograr este look. \u00bfEmpezamos?","breadcrumb":{"@id":"https:\/\/www.arenal.com\/blog\/descubre-las-mechas-face-framing#breadcrumb"},"inLanguage":"es","potentialAction":[{"@type":"ReadAction","target":["https:\/\/www.arenal.com\/blog\/descubre-las-mechas-face-framing"]}]},{"@type":"ImageObject","inLanguage":"es","@id":"https:\/\/www.arenal.com\/blog\/descubre-las-mechas-face-framing#primaryimage","url":"https:\/\/www.arenal.com\/blog\/wp-content\/uploads\/2023\/02\/Mechas-face-framing.jpg","contentUrl":"https:\/\/www.arenal.com\/blog\/wp-content\/uploads\/2023\/02\/Mechas-face-framing.jpg","width":640,"height":427,"caption":"Mechas face framing"},{"@type":"BreadcrumbList","@id":"https:\/\/www.arenal.com\/blog\/descubre-las-mechas-face-framing#breadcrumb","itemListElement":[{"@type":"ListItem","position":1,"name":"Cuidado del cabello","item":"https:\/\/www.arenal.com\/blog\/cuidado-del-cabello"},{"@type":"ListItem","position":2,"name":"Descubre las mechas face framing"}]},{"@type":"WebSite","@id":"https:\/\/www.arenal.com\/blog\/#website","url":"https:\/\/www.arenal.com\/blog\/","name":"Blog de Arenal","description":"","potentialAction":[{"@type":"SearchAction","target":{"@type":"EntryPoint","urlTemplate":"https:\/\/www.arenal.com\/blog\/?s={search_term_string}"},"query-input":{"@type":"PropertyValueSpecification","valueRequired":true,"valueName":"search_term_string"}}],"inLanguage":"es"},{"@type":"Person","@id":"https:\/\/www.arenal.com\/blog\/#\/schema\/person\/5b0f9900f2fb7a87b0b8c40b98a29e31","name":"hiberus","image":{"@type":"ImageObject","inLanguage":"es","@id":"https:\/\/secure.gravatar.com\/avatar\/a0b97b568facc7d687254dae39c5cfb79af095aebc91173945f2a50629c9fe1a?s=96&d=mm&r=g","url":"https:\/\/secure.gravatar.com\/avatar\/a0b97b568facc7d687254dae39c5cfb79af095aebc91173945f2a50629c9fe1a?s=96&d=mm&r=g","contentUrl":"https:\/\/secure.gravatar.com\/avatar\/a0b97b568facc7d687254dae39c5cfb79af095aebc91173945f2a50629c9fe1a?s=96&d=mm&r=g","caption":"hiberus"},"sameAs":["https:\/\/www.arenal.com"],"url":"https:\/\/www.arenal.com\/blog\/author\/hiberus"}]}},"_links":{"self":[{"href":"https:\/\/www.arenal.com\/blog\/wp-json\/wp\/v2\/posts\/3069","targetHints":{"allow":["GET"]}}],"collection":[{"href":"https:\/\/www.arenal.com\/blog\/wp-json\/wp\/v2\/posts"}],"about":[{"href":"https:\/\/www.arenal.com\/blog\/wp-json\/wp\/v2\/types\/post"}],"author":[{"embeddable":true,"href":"https:\/\/www.arenal.com\/blog\/wp-json\/wp\/v2\/users\/1"}],"replies":[{"embeddable":true,"href":"https:\/\/www.arenal.com\/blog\/wp-json\/wp\/v2\/comments?post=3069"}],"version-history":[{"count":2,"href":"https:\/\/www.arenal.com\/blog\/wp-json\/wp\/v2\/posts\/3069\/revisions"}],"predecessor-version":[{"id":3108,"href":"https:\/\/www.arenal.com\/blog\/wp-json\/wp\/v2\/posts\/3069\/revisions\/3108"}],"wp:featuredmedia":[{"embeddable":true,"href":"https:\/\/www.arenal.com\/blog\/wp-json\/wp\/v2\/media\/3106"}],"wp:attachment":[{"href":"https:\/\/www.arenal.com\/blog\/wp-json\/wp\/v2\/media?parent=3069"}],"wp:term":[{"taxonomy":"category","embeddable":true,"href":"https:\/\/www.arenal.com\/blog\/wp-json\/wp\/v2\/categories?post=3069"},{"taxonomy":"post_tag","embeddable":true,"href":"https:\/\/www.arenal.com\/blog\/wp-json\/wp\/v2\/tags?post=3069"}],"curies":[{"name":"wp","href":"https:\/\/api.w.org\/{rel}","templated":true}]}}