{"id":3022,"date":"2023-02-14T09:00:00","date_gmt":"2023-02-14T08:00:00","guid":{"rendered":"https:\/\/www.arenal.com\/blog\/?p=3022"},"modified":"2025-06-04T11:48:47","modified_gmt":"2025-06-04T10:48:47","slug":"los-6-mejores-consejos-sobre-como-cuidar-tu-barba","status":"publish","type":"post","link":"https:\/\/www.arenal.com\/blog\/los-6-mejores-consejos-sobre-como-cuidar-tu-barba","title":{"rendered":"\u00bfC\u00f3mo cuidar tu barba para que se vea sana y brillante?"},"content":{"rendered":"<p>Desde hace algunos a\u00f1os,<strong> llevar barba est\u00e1 de moda<\/strong>. Son muchos los hombres que han decidido cambiar de<em> look <\/em>y apuntarse a esta tendencia. Si te lo est\u00e1s planteando, lo primero que debes tener en cuenta es que el proceso consiste en dejarla crecer. Para que tu barba se vea bonita y te favorezca, tambi\u00e9n precisa unos cuidados espec\u00edficos. En este art\u00edculo, te damos 6 consejos sobre <strong>como cuidar tu barba<\/strong>, para que triunfes con tu nuevo aspecto.<\/p>\n<div id=\"ez-toc-container\" class=\"ez-toc-v2_0_82_2 counter-hierarchy ez-toc-counter ez-toc-custom ez-toc-container-direction\">\n<div class=\"ez-toc-title-container\">\n<p class=\"ez-toc-title\" style=\"cursor:inherit\">Indice de contenidos<\/p>\n<span class=\"ez-toc-title-toggle\"><a href=\"#\" class=\"ez-toc-pull-right ez-toc-btn ez-toc-btn-xs ez-toc-btn-default ez-toc-toggle\" aria-label=\"Alternar tabla de contenidos\"><span class=\"ez-toc-js-icon-con\"><span class=\"\"><span class=\"eztoc-hide\" style=\"display:none;\">Toggle<\/span><span class=\"ez-toc-icon-toggle-span\"><svg style=\"fill: #000000;color:#000000\" xmlns=\"http:\/\/www.w3.org\/2000\/svg\" class=\"list-377408\" width=\"20px\" height=\"20px\" viewBox=\"0 0 24 24\" fill=\"none\"><path d=\"M6 6H4v2h2V6zm14 0H8v2h12V6zM4 11h2v2H4v-2zm16 0H8v2h12v-2zM4 16h2v2H4v-2zm16 0H8v2h12v-2z\" fill=\"currentColor\"><\/path><\/svg><svg style=\"fill: #000000;color:#000000\" class=\"arrow-unsorted-368013\" xmlns=\"http:\/\/www.w3.org\/2000\/svg\" width=\"10px\" height=\"10px\" viewBox=\"0 0 24 24\" version=\"1.2\" baseProfile=\"tiny\"><path d=\"M18.2 9.3l-6.2-6.3-6.2 6.3c-.2.2-.3.4-.3.7s.1.5.3.7c.2.2.4.3.7.3h11c.3 0 .5-.1.7-.3.2-.2.3-.5.3-.7s-.1-.5-.3-.7zM5.8 14.7l6.2 6.3 6.2-6.3c.2-.2.3-.5.3-.7s-.1-.5-.3-.7c-.2-.2-.4-.3-.7-.3h-11c-.3 0-.5.1-.7.3-.2.2-.3.5-.3.7s.1.5.3.7z\"\/><\/svg><\/span><\/span><\/span><\/a><\/span><\/div>\n<nav><ul class='ez-toc-list ez-toc-list-level-1 ' ><li class='ez-toc-page-1 ez-toc-heading-level-2'><a class=\"ez-toc-link ez-toc-heading-1\" href=\"https:\/\/www.arenal.com\/blog\/los-6-mejores-consejos-sobre-como-cuidar-tu-barba\/#1_El_mantenimiento_es_fundamental\" >1. El mantenimiento es fundamental<\/a><\/li><li class='ez-toc-page-1 ez-toc-heading-level-2'><a class=\"ez-toc-link ez-toc-heading-2\" href=\"https:\/\/www.arenal.com\/blog\/los-6-mejores-consejos-sobre-como-cuidar-tu-barba\/#2_Utiliza_productos_especificos_de_higiene\" >2. Utiliza productos espec\u00edficos de higiene<\/a><\/li><li class='ez-toc-page-1 ez-toc-heading-level-2'><a class=\"ez-toc-link ez-toc-heading-3\" href=\"https:\/\/www.arenal.com\/blog\/los-6-mejores-consejos-sobre-como-cuidar-tu-barba\/#3_Hazte_con_un_peine_especial_para_barbas\" >3. Hazte con un peine especial para barbas<\/a><\/li><li class='ez-toc-page-1 ez-toc-heading-level-2'><a class=\"ez-toc-link ez-toc-heading-4\" href=\"https:\/\/www.arenal.com\/blog\/los-6-mejores-consejos-sobre-como-cuidar-tu-barba\/#4_Emplea_correctamente_la_maquinilla\" >4. Emplea correctamente la maquinilla<\/a><\/li><li class='ez-toc-page-1 ez-toc-heading-level-2'><a class=\"ez-toc-link ez-toc-heading-5\" href=\"https:\/\/www.arenal.com\/blog\/los-6-mejores-consejos-sobre-como-cuidar-tu-barba\/#5_Nunca_arregles_y_recortes_tu_barba_con_el_pelo_humedo\" >5. Nunca arregles y recortes tu barba con el pelo h\u00famedo<\/a><\/li><li class='ez-toc-page-1 ez-toc-heading-level-2'><a class=\"ez-toc-link ez-toc-heading-6\" href=\"https:\/\/www.arenal.com\/blog\/los-6-mejores-consejos-sobre-como-cuidar-tu-barba\/#6_Si_no_lo_has_hecho_ya_debes_comenzar_a_ir_al_barbero\" >6. Si no lo has hecho ya, debes comenzar a ir al barbero<\/a><\/li><\/ul><\/nav><\/div>\n<h2><span class=\"ez-toc-section\" id=\"1_El_mantenimiento_es_fundamental\"><\/span>1. El mantenimiento es fundamental<span class=\"ez-toc-section-end\"><\/span><\/h2>\n<p>Una vez que has decidido dejar crecer el pelo, el proceso puede ser tedioso hasta que consigas el largo que deseas. Si, adem\u00e1s, no sabes qu\u00e9 cuidados aplicar a diario o qu\u00e9 art\u00edculos son los m\u00e1s apropiados, el vello puede adquirir un aire muy descuidado.<\/p>\n<p>Para evitar esto, es crucial que<strong> dediques un tiempo todos los d\u00edas para arreglarla como corresponde<\/strong>. Rec\u00f3rtala un poco, para que crezca ordenadamente, y aplica los <a href=\"https:\/\/www.arenal.com\/higiene\/afeitado\/c\/1_0000000998\" target=\"_blank\" rel=\"noopener\">productos para barba<\/a> necesarios para que est\u00e9 limpia y brillante.<\/p>\n<h2><span class=\"ez-toc-section\" id=\"2_Utiliza_productos_especificos_de_higiene\"><\/span>2. Utiliza productos espec\u00edficos de higiene<span class=\"ez-toc-section-end\"><\/span><\/h2>\n<p>\u00bfUtilizas champ\u00fas y acondicionadores adecuados para tu tipo de cabello? Entonces, \u00bfpor qu\u00e9 no hacer lo mismo con tu barba? La higiene durante su proceso de crecimiento es imprescindible para que luzca hermosa y brillante. Por ello, debes tener en cuenta sus particularidades.<\/p>\n<p>La piel de la cara es muy diferente de la del cuero cabelludo, por lo que no debes usar los mismos productos para ambos sitios. En este caso, es m\u00e1s fina y <strong>puede irritarse con mayor<\/strong> <strong>facilidad. <\/strong>En consecuencia, es aconsejable que te decantes por <strong>champ\u00fas y jabones espec\u00edficos para el cuidado de las barbas.<\/strong> Te ayudar\u00e1n a evitar las irritaciones y te proporcionar\u00e1n un perfume muy agradable.<\/p>\n<p>Para finalizar, puedes a\u00f1adir cremas hidratantes o acondicionadores que brindar\u00e1n muchos m\u00faltiples beneficios tanto a tu barba como a tu cutis. Por supuesto, nunca olvides secarla apropiadamente.<\/p>\n<h2><span class=\"ez-toc-section\" id=\"3_Hazte_con_un_peine_especial_para_barbas\"><\/span>3. Hazte con un peine especial para barbas<span class=\"ez-toc-section-end\"><\/span><\/h2>\n<p>Al igual que en el caso anterior, en el mercado actual puedes hallar diversos <strong>peines especiales para barbas.<\/strong> Son los m\u00e1s apropiados para separar ese tipo de vello y orientarlo de un modo adecuado. Ten presente que los que usas para tu cabello son demasiado grandes o las p\u00faas est\u00e1n muy separadas como para que puedan funcionar en tu barba.<\/p>\n<p>Incluso, dispones de modelos m\u00e1s peque\u00f1os indicados para bigotes. \u00a1As\u00ed, lucir\u00e1s como todo un modelo de pasarela! De hecho, si tienes el pelo rebelde, puedes aplicar un poco de cera para doblegarlo.<\/p>\n<h2><span class=\"ez-toc-section\" id=\"4_Emplea_correctamente_la_maquinilla\"><\/span>4. Emplea correctamente la maquinilla<span class=\"ez-toc-section-end\"><\/span><\/h2>\n<p>Al principio, si no tienes experiencia, puede resultar un poco complicado arregl\u00e1rtela correctamente. Por eso es bueno que sigas estos consejos:<\/p>\n<ul>\n<li>Procura<strong> no afeitarte nunca el cuello con la maquinilla <\/strong>cuando la barba est\u00e1 demasiado larga. Debes hacerlo con mucho cuidado para que la zona donde empieza el pelo en tu cuello no desentone demasiado con la que has afeitado.<\/li>\n<\/ul>\n<ul>\n<li>Cuando la pases, hazlo<strong> dibujando una U<\/strong> en los pelos del cuello. Nunca debes afeitarlo siguiendo la misma l\u00ednea que la cara.<\/li>\n<\/ul>\n<p>Por otro lado, recuerda hacer hincapi\u00e9 en los pelos rebeldes y, antes de usarla, peina tu barba de manera que el vello apunte hacia el exterior. De esta forma, sabr\u00e1s cu\u00e1les han crecido m\u00e1s y hay que recortar. Hoy en d\u00eda, <strong>muchas maquinillas incluyen complementos<\/strong> adecuados para perfilar y recortar.<\/p>\n<h2><span class=\"ez-toc-section\" id=\"5_Nunca_arregles_y_recortes_tu_barba_con_el_pelo_humedo\"><\/span>5. Nunca arregles y recortes tu barba con el pelo h\u00famedo<span class=\"ez-toc-section-end\"><\/span><\/h2>\n<p>Recuerda que<strong> la barba se recorta siempre en seco.<\/strong> \u00bfPor qu\u00e9? Si lo haces con el pelo h\u00famedo, es muy probable que, sin darte cuenta, cortes demasiado. Cuando el pelo se seque te dar\u00e1s cuenta de que te has hecho varios trasquilones.<\/p>\n<p>En este caso no te quedar\u00e1 m\u00e1s remedio que recortar todo al mismo nivel a fin de igualar. Esto es un aut\u00e9ntico fastidio, sobre todo si ya has conseguido un largo interesante. \u00a1Ten cuidado con eso!<\/p>\n<h2><span class=\"ez-toc-section\" id=\"6_Si_no_lo_has_hecho_ya_debes_comenzar_a_ir_al_barbero\"><\/span>6. Si no lo has hecho ya, debes comenzar a ir al barbero<span class=\"ez-toc-section-end\"><\/span><\/h2>\n<p>Con un poco de pr\u00e1ctica, poco a poco, conseguir\u00e1s domar y cuidar tu barba correctamente. No obstante, si, pese a todos los esfuerzos, consideras que tu trabajo no es el mejor o ya ha alcanzado una longitud considerable, entonces debes visitar al barbero. Este profesional lograr\u00e1 que tu barba adquiera un estilo bonito y <strong>te dar\u00e1 consejos adecuados para que contin\u00faes con tu aprendizaje. <\/strong><\/p>\n<p>Por supuesto, acudir a una barber\u00eda es algo opcional, pero si no vas a hacerlo, aseg\u00farate de informarte bien sobre los cuidados necesarios. Y tambi\u00e9n sobre el modo de recortarla, para no llevarte ning\u00fan susto.<\/p>\n<p>Siguiendo estos 6 pasos sobre <strong>c\u00f3mo<\/strong> <strong>cuidar la barba<\/strong>, siempre la lucir\u00e1s elegante, moderno y sofisticado. El vello facial hace tiempo que ya no se asocia a una apariencia descuidada, sino que favorece mucho a hombres de todos los estilos y edades. Mantener una rutina en este aspecto, como en cualquier otro, es la clave para triunfar.<\/p>\n","protected":false},"excerpt":{"rendered":"<p>\u00bfSabes como cuidar tu barba al dejarla crecer? Aqu\u00ed te damos 6 consejos esenciales para que empieces tu aprendizaje y la mantengas en perfecto.<\/p>\n","protected":false},"author":1,"featured_media":3036,"comment_status":"open","ping_status":"open","sticky":false,"template":"","format":"standard","meta":{"footnotes":""},"categories":[624],"tags":[],"class_list":["post-3022","post","type-post","status-publish","format-standard","has-post-thumbnail","hentry","category-salud"],"featured_image_src":"https:\/\/www.arenal.com\/blog\/wp-content\/uploads\/2023\/01\/sunglasses-g2387feb3e_1280.jpg","author_info":{"display_name":"hiberus","author_link":"https:\/\/www.arenal.com\/blog\/author\/hiberus"},"yoast_head":"<!-- This site is optimized with the Yoast SEO plugin v27.4 - https:\/\/yoast.com\/product\/yoast-seo-wordpress\/ -->\n<title>C\u00f3mo cuidar tu barba | Blog de Arenal<\/title>\n<meta name=\"description\" content=\"\u00bfSabes como cuidar tu barba al dejarla crecer? Aqu\u00ed te damos 6 consejos esenciales para que aprendas a mantenerla perfecta.\" \/>\n<meta name=\"robots\" content=\"index, follow, max-snippet:-1, max-image-preview:large, max-video-preview:-1\" \/>\n<link rel=\"canonical\" href=\"https:\/\/www.arenal.com\/blog\/los-6-mejores-consejos-sobre-como-cuidar-tu-barba\" \/>\n<meta property=\"og:locale\" content=\"es_ES\" \/>\n<meta property=\"og:type\" content=\"article\" \/>\n<meta property=\"og:title\" content=\"C\u00f3mo cuidar tu barba | Blog de Arenal\" \/>\n<meta property=\"og:description\" content=\"\u00bfSabes como cuidar tu barba al dejarla crecer? Aqu\u00ed te damos 6 consejos esenciales para que aprendas a mantenerla perfecta.\" \/>\n<meta property=\"og:url\" content=\"https:\/\/www.arenal.com\/blog\/los-6-mejores-consejos-sobre-como-cuidar-tu-barba\" \/>\n<meta property=\"og:site_name\" content=\"Blog de Arenal\" \/>\n<meta property=\"article:published_time\" content=\"2023-02-14T08:00:00+00:00\" \/>\n<meta property=\"article:modified_time\" content=\"2025-06-04T10:48:47+00:00\" \/>\n<meta property=\"og:image\" content=\"https:\/\/www.arenal.com\/blog\/wp-content\/uploads\/2023\/01\/sunglasses-g2387feb3e_1280.jpg\" \/>\n\t<meta property=\"og:image:width\" content=\"1140\" \/>\n\t<meta property=\"og:image:height\" content=\"760\" \/>\n\t<meta property=\"og:image:type\" content=\"image\/jpeg\" \/>\n<meta name=\"author\" content=\"hiberus\" \/>\n<meta name=\"twitter:card\" content=\"summary_large_image\" \/>\n<meta name=\"twitter:label1\" content=\"Escrito por\" \/>\n\t<meta name=\"twitter:data1\" content=\"hiberus\" \/>\n\t<meta name=\"twitter:label2\" content=\"Tiempo de lectura\" \/>\n\t<meta name=\"twitter:data2\" content=\"4 minutos\" \/>\n<script type=\"application\/ld+json\" class=\"yoast-schema-graph\">{\"@context\":\"https:\\\/\\\/schema.org\",\"@graph\":[{\"@type\":\"Article\",\"@id\":\"https:\\\/\\\/www.arenal.com\\\/blog\\\/los-6-mejores-consejos-sobre-como-cuidar-tu-barba#article\",\"isPartOf\":{\"@id\":\"https:\\\/\\\/www.arenal.com\\\/blog\\\/los-6-mejores-consejos-sobre-como-cuidar-tu-barba\"},\"author\":{\"name\":\"hiberus\",\"@id\":\"https:\\\/\\\/www.arenal.com\\\/blog\\\/#\\\/schema\\\/person\\\/5b0f9900f2fb7a87b0b8c40b98a29e31\"},\"headline\":\"\u00bfC\u00f3mo cuidar tu barba para que se vea sana y brillante?\",\"datePublished\":\"2023-02-14T08:00:00+00:00\",\"dateModified\":\"2025-06-04T10:48:47+00:00\",\"mainEntityOfPage\":{\"@id\":\"https:\\\/\\\/www.arenal.com\\\/blog\\\/los-6-mejores-consejos-sobre-como-cuidar-tu-barba\"},\"wordCount\":853,\"commentCount\":0,\"image\":{\"@id\":\"https:\\\/\\\/www.arenal.com\\\/blog\\\/los-6-mejores-consejos-sobre-como-cuidar-tu-barba#primaryimage\"},\"thumbnailUrl\":\"https:\\\/\\\/www.arenal.com\\\/blog\\\/wp-content\\\/uploads\\\/2023\\\/01\\\/sunglasses-g2387feb3e_1280.jpg\",\"articleSection\":[\"Salud y cuidado personal\"],\"inLanguage\":\"es\",\"potentialAction\":[{\"@type\":\"CommentAction\",\"name\":\"Comment\",\"target\":[\"https:\\\/\\\/www.arenal.com\\\/blog\\\/los-6-mejores-consejos-sobre-como-cuidar-tu-barba#respond\"]}]},{\"@type\":\"WebPage\",\"@id\":\"https:\\\/\\\/www.arenal.com\\\/blog\\\/los-6-mejores-consejos-sobre-como-cuidar-tu-barba\",\"url\":\"https:\\\/\\\/www.arenal.com\\\/blog\\\/los-6-mejores-consejos-sobre-como-cuidar-tu-barba\",\"name\":\"C\u00f3mo cuidar tu barba | Blog de Arenal\",\"isPartOf\":{\"@id\":\"https:\\\/\\\/www.arenal.com\\\/blog\\\/#website\"},\"primaryImageOfPage\":{\"@id\":\"https:\\\/\\\/www.arenal.com\\\/blog\\\/los-6-mejores-consejos-sobre-como-cuidar-tu-barba#primaryimage\"},\"image\":{\"@id\":\"https:\\\/\\\/www.arenal.com\\\/blog\\\/los-6-mejores-consejos-sobre-como-cuidar-tu-barba#primaryimage\"},\"thumbnailUrl\":\"https:\\\/\\\/www.arenal.com\\\/blog\\\/wp-content\\\/uploads\\\/2023\\\/01\\\/sunglasses-g2387feb3e_1280.jpg\",\"datePublished\":\"2023-02-14T08:00:00+00:00\",\"dateModified\":\"2025-06-04T10:48:47+00:00\",\"author\":{\"@id\":\"https:\\\/\\\/www.arenal.com\\\/blog\\\/#\\\/schema\\\/person\\\/5b0f9900f2fb7a87b0b8c40b98a29e31\"},\"description\":\"\u00bfSabes como cuidar tu barba al dejarla crecer? Aqu\u00ed te damos 6 consejos esenciales para que aprendas a mantenerla perfecta.\",\"breadcrumb\":{\"@id\":\"https:\\\/\\\/www.arenal.com\\\/blog\\\/los-6-mejores-consejos-sobre-como-cuidar-tu-barba#breadcrumb\"},\"inLanguage\":\"es\",\"potentialAction\":[{\"@type\":\"ReadAction\",\"target\":[\"https:\\\/\\\/www.arenal.com\\\/blog\\\/los-6-mejores-consejos-sobre-como-cuidar-tu-barba\"]}]},{\"@type\":\"ImageObject\",\"inLanguage\":\"es\",\"@id\":\"https:\\\/\\\/www.arenal.com\\\/blog\\\/los-6-mejores-consejos-sobre-como-cuidar-tu-barba#primaryimage\",\"url\":\"https:\\\/\\\/www.arenal.com\\\/blog\\\/wp-content\\\/uploads\\\/2023\\\/01\\\/sunglasses-g2387feb3e_1280.jpg\",\"contentUrl\":\"https:\\\/\\\/www.arenal.com\\\/blog\\\/wp-content\\\/uploads\\\/2023\\\/01\\\/sunglasses-g2387feb3e_1280.jpg\",\"width\":1140,\"height\":760,\"caption\":\"\u00bfC\u00f3mo cuidar tu barba para que se vea sana y brillante?\"},{\"@type\":\"BreadcrumbList\",\"@id\":\"https:\\\/\\\/www.arenal.com\\\/blog\\\/los-6-mejores-consejos-sobre-como-cuidar-tu-barba#breadcrumb\",\"itemListElement\":[{\"@type\":\"ListItem\",\"position\":1,\"name\":\"Salud y cuidado personal\",\"item\":\"https:\\\/\\\/www.arenal.com\\\/blog\\\/salud\"},{\"@type\":\"ListItem\",\"position\":2,\"name\":\"\u00bfC\u00f3mo cuidar tu barba para que se vea sana y brillante?\"}]},{\"@type\":\"WebSite\",\"@id\":\"https:\\\/\\\/www.arenal.com\\\/blog\\\/#website\",\"url\":\"https:\\\/\\\/www.arenal.com\\\/blog\\\/\",\"name\":\"Blog de Arenal\",\"description\":\"\",\"potentialAction\":[{\"@type\":\"SearchAction\",\"target\":{\"@type\":\"EntryPoint\",\"urlTemplate\":\"https:\\\/\\\/www.arenal.com\\\/blog\\\/?s={search_term_string}\"},\"query-input\":{\"@type\":\"PropertyValueSpecification\",\"valueRequired\":true,\"valueName\":\"search_term_string\"}}],\"inLanguage\":\"es\"},{\"@type\":\"Person\",\"@id\":\"https:\\\/\\\/www.arenal.com\\\/blog\\\/#\\\/schema\\\/person\\\/5b0f9900f2fb7a87b0b8c40b98a29e31\",\"name\":\"hiberus\",\"image\":{\"@type\":\"ImageObject\",\"inLanguage\":\"es\",\"@id\":\"https:\\\/\\\/secure.gravatar.com\\\/avatar\\\/a0b97b568facc7d687254dae39c5cfb79af095aebc91173945f2a50629c9fe1a?s=96&d=mm&r=g\",\"url\":\"https:\\\/\\\/secure.gravatar.com\\\/avatar\\\/a0b97b568facc7d687254dae39c5cfb79af095aebc91173945f2a50629c9fe1a?s=96&d=mm&r=g\",\"contentUrl\":\"https:\\\/\\\/secure.gravatar.com\\\/avatar\\\/a0b97b568facc7d687254dae39c5cfb79af095aebc91173945f2a50629c9fe1a?s=96&d=mm&r=g\",\"caption\":\"hiberus\"},\"sameAs\":[\"https:\\\/\\\/www.arenal.com\"],\"url\":\"https:\\\/\\\/www.arenal.com\\\/blog\\\/author\\\/hiberus\"}]}<\/script>\n<!-- \/ Yoast SEO plugin. -->","yoast_head_json":{"title":"C\u00f3mo cuidar tu barba | Blog de Arenal","description":"\u00bfSabes como cuidar tu barba al dejarla crecer? Aqu\u00ed te damos 6 consejos esenciales para que aprendas a mantenerla perfecta.","robots":{"index":"index","follow":"follow","max-snippet":"max-snippet:-1","max-image-preview":"max-image-preview:large","max-video-preview":"max-video-preview:-1"},"canonical":"https:\/\/www.arenal.com\/blog\/los-6-mejores-consejos-sobre-como-cuidar-tu-barba","og_locale":"es_ES","og_type":"article","og_title":"C\u00f3mo cuidar tu barba | Blog de Arenal","og_description":"\u00bfSabes como cuidar tu barba al dejarla crecer? Aqu\u00ed te damos 6 consejos esenciales para que aprendas a mantenerla perfecta.","og_url":"https:\/\/www.arenal.com\/blog\/los-6-mejores-consejos-sobre-como-cuidar-tu-barba","og_site_name":"Blog de Arenal","article_published_time":"2023-02-14T08:00:00+00:00","article_modified_time":"2025-06-04T10:48:47+00:00","og_image":[{"width":1140,"height":760,"url":"https:\/\/www.arenal.com\/blog\/wp-content\/uploads\/2023\/01\/sunglasses-g2387feb3e_1280.jpg","type":"image\/jpeg"}],"author":"hiberus","twitter_card":"summary_large_image","twitter_misc":{"Escrito por":"hiberus","Tiempo de lectura":"4 minutos"},"schema":{"@context":"https:\/\/schema.org","@graph":[{"@type":"Article","@id":"https:\/\/www.arenal.com\/blog\/los-6-mejores-consejos-sobre-como-cuidar-tu-barba#article","isPartOf":{"@id":"https:\/\/www.arenal.com\/blog\/los-6-mejores-consejos-sobre-como-cuidar-tu-barba"},"author":{"name":"hiberus","@id":"https:\/\/www.arenal.com\/blog\/#\/schema\/person\/5b0f9900f2fb7a87b0b8c40b98a29e31"},"headline":"\u00bfC\u00f3mo cuidar tu barba para que se vea sana y brillante?","datePublished":"2023-02-14T08:00:00+00:00","dateModified":"2025-06-04T10:48:47+00:00","mainEntityOfPage":{"@id":"https:\/\/www.arenal.com\/blog\/los-6-mejores-consejos-sobre-como-cuidar-tu-barba"},"wordCount":853,"commentCount":0,"image":{"@id":"https:\/\/www.arenal.com\/blog\/los-6-mejores-consejos-sobre-como-cuidar-tu-barba#primaryimage"},"thumbnailUrl":"https:\/\/www.arenal.com\/blog\/wp-content\/uploads\/2023\/01\/sunglasses-g2387feb3e_1280.jpg","articleSection":["Salud y cuidado personal"],"inLanguage":"es","potentialAction":[{"@type":"CommentAction","name":"Comment","target":["https:\/\/www.arenal.com\/blog\/los-6-mejores-consejos-sobre-como-cuidar-tu-barba#respond"]}]},{"@type":"WebPage","@id":"https:\/\/www.arenal.com\/blog\/los-6-mejores-consejos-sobre-como-cuidar-tu-barba","url":"https:\/\/www.arenal.com\/blog\/los-6-mejores-consejos-sobre-como-cuidar-tu-barba","name":"C\u00f3mo cuidar tu barba | Blog de Arenal","isPartOf":{"@id":"https:\/\/www.arenal.com\/blog\/#website"},"primaryImageOfPage":{"@id":"https:\/\/www.arenal.com\/blog\/los-6-mejores-consejos-sobre-como-cuidar-tu-barba#primaryimage"},"image":{"@id":"https:\/\/www.arenal.com\/blog\/los-6-mejores-consejos-sobre-como-cuidar-tu-barba#primaryimage"},"thumbnailUrl":"https:\/\/www.arenal.com\/blog\/wp-content\/uploads\/2023\/01\/sunglasses-g2387feb3e_1280.jpg","datePublished":"2023-02-14T08:00:00+00:00","dateModified":"2025-06-04T10:48:47+00:00","author":{"@id":"https:\/\/www.arenal.com\/blog\/#\/schema\/person\/5b0f9900f2fb7a87b0b8c40b98a29e31"},"description":"\u00bfSabes como cuidar tu barba al dejarla crecer? Aqu\u00ed te damos 6 consejos esenciales para que aprendas a mantenerla perfecta.","breadcrumb":{"@id":"https:\/\/www.arenal.com\/blog\/los-6-mejores-consejos-sobre-como-cuidar-tu-barba#breadcrumb"},"inLanguage":"es","potentialAction":[{"@type":"ReadAction","target":["https:\/\/www.arenal.com\/blog\/los-6-mejores-consejos-sobre-como-cuidar-tu-barba"]}]},{"@type":"ImageObject","inLanguage":"es","@id":"https:\/\/www.arenal.com\/blog\/los-6-mejores-consejos-sobre-como-cuidar-tu-barba#primaryimage","url":"https:\/\/www.arenal.com\/blog\/wp-content\/uploads\/2023\/01\/sunglasses-g2387feb3e_1280.jpg","contentUrl":"https:\/\/www.arenal.com\/blog\/wp-content\/uploads\/2023\/01\/sunglasses-g2387feb3e_1280.jpg","width":1140,"height":760,"caption":"\u00bfC\u00f3mo cuidar tu barba para que se vea sana y brillante?"},{"@type":"BreadcrumbList","@id":"https:\/\/www.arenal.com\/blog\/los-6-mejores-consejos-sobre-como-cuidar-tu-barba#breadcrumb","itemListElement":[{"@type":"ListItem","position":1,"name":"Salud y cuidado personal","item":"https:\/\/www.arenal.com\/blog\/salud"},{"@type":"ListItem","position":2,"name":"\u00bfC\u00f3mo cuidar tu barba para que se vea sana y brillante?"}]},{"@type":"WebSite","@id":"https:\/\/www.arenal.com\/blog\/#website","url":"https:\/\/www.arenal.com\/blog\/","name":"Blog de Arenal","description":"","potentialAction":[{"@type":"SearchAction","target":{"@type":"EntryPoint","urlTemplate":"https:\/\/www.arenal.com\/blog\/?s={search_term_string}"},"query-input":{"@type":"PropertyValueSpecification","valueRequired":true,"valueName":"search_term_string"}}],"inLanguage":"es"},{"@type":"Person","@id":"https:\/\/www.arenal.com\/blog\/#\/schema\/person\/5b0f9900f2fb7a87b0b8c40b98a29e31","name":"hiberus","image":{"@type":"ImageObject","inLanguage":"es","@id":"https:\/\/secure.gravatar.com\/avatar\/a0b97b568facc7d687254dae39c5cfb79af095aebc91173945f2a50629c9fe1a?s=96&d=mm&r=g","url":"https:\/\/secure.gravatar.com\/avatar\/a0b97b568facc7d687254dae39c5cfb79af095aebc91173945f2a50629c9fe1a?s=96&d=mm&r=g","contentUrl":"https:\/\/secure.gravatar.com\/avatar\/a0b97b568facc7d687254dae39c5cfb79af095aebc91173945f2a50629c9fe1a?s=96&d=mm&r=g","caption":"hiberus"},"sameAs":["https:\/\/www.arenal.com"],"url":"https:\/\/www.arenal.com\/blog\/author\/hiberus"}]}},"_links":{"self":[{"href":"https:\/\/www.arenal.com\/blog\/wp-json\/wp\/v2\/posts\/3022","targetHints":{"allow":["GET"]}}],"collection":[{"href":"https:\/\/www.arenal.com\/blog\/wp-json\/wp\/v2\/posts"}],"about":[{"href":"https:\/\/www.arenal.com\/blog\/wp-json\/wp\/v2\/types\/post"}],"author":[{"embeddable":true,"href":"https:\/\/www.arenal.com\/blog\/wp-json\/wp\/v2\/users\/1"}],"replies":[{"embeddable":true,"href":"https:\/\/www.arenal.com\/blog\/wp-json\/wp\/v2\/comments?post=3022"}],"version-history":[{"count":8,"href":"https:\/\/www.arenal.com\/blog\/wp-json\/wp\/v2\/posts\/3022\/revisions"}],"predecessor-version":[{"id":4129,"href":"https:\/\/www.arenal.com\/blog\/wp-json\/wp\/v2\/posts\/3022\/revisions\/4129"}],"wp:featuredmedia":[{"embeddable":true,"href":"https:\/\/www.arenal.com\/blog\/wp-json\/wp\/v2\/media\/3036"}],"wp:attachment":[{"href":"https:\/\/www.arenal.com\/blog\/wp-json\/wp\/v2\/media?parent=3022"}],"wp:term":[{"taxonomy":"category","embeddable":true,"href":"https:\/\/www.arenal.com\/blog\/wp-json\/wp\/v2\/categories?post=3022"},{"taxonomy":"post_tag","embeddable":true,"href":"https:\/\/www.arenal.com\/blog\/wp-json\/wp\/v2\/tags?post=3022"}],"curies":[{"name":"wp","href":"https:\/\/api.w.org\/{rel}","templated":true}]}}