{"id":2980,"date":"2023-02-07T09:00:00","date_gmt":"2023-02-07T08:00:00","guid":{"rendered":"https:\/\/www.arenal.com\/blog\/?p=2980"},"modified":"2024-12-24T11:31:38","modified_gmt":"2024-12-24T10:31:38","slug":"rutina-de-cuidado-facial-de-hombre-para-cada-piel-seca-grasa-y-mixta","status":"publish","type":"post","link":"https:\/\/www.arenal.com\/blog\/rutina-de-cuidado-facial-de-hombre-para-cada-piel-seca-grasa-y-mixta","title":{"rendered":"Rutina de cuidado facial de hombre para cada piel: seca, grasa y mixta"},"content":{"rendered":"\n<p>Si te gusta lucir una imagen impecable, es importante que sigas una <strong>r<\/strong><strong>utina <\/strong><strong>de <\/strong><strong>cuidado facial <\/strong><strong>para <\/strong><strong>hombre<\/strong>. Solo as\u00ed conseguir\u00e1s tener una piel sana y bonita, a la vez que combates los primeros signos del envejecimiento. La elecci\u00f3n de los productos m\u00e1s adecuados para tu rostro y la constancia son dos aspectos clave. En este art\u00edculo, vamos a echarte una mano para que te cuides con \u00e9xito.<\/p>\n\n\n\n<div id=\"ez-toc-container\" class=\"ez-toc-v2_0_82_2 counter-hierarchy ez-toc-counter ez-toc-custom ez-toc-container-direction\">\n<div class=\"ez-toc-title-container\">\n<p class=\"ez-toc-title\" style=\"cursor:inherit\">Indice de contenidos<\/p>\n<span class=\"ez-toc-title-toggle\"><a href=\"#\" class=\"ez-toc-pull-right ez-toc-btn ez-toc-btn-xs ez-toc-btn-default ez-toc-toggle\" aria-label=\"Alternar tabla de contenidos\"><span class=\"ez-toc-js-icon-con\"><span class=\"\"><span class=\"eztoc-hide\" style=\"display:none;\">Toggle<\/span><span class=\"ez-toc-icon-toggle-span\"><svg style=\"fill: #000000;color:#000000\" xmlns=\"http:\/\/www.w3.org\/2000\/svg\" class=\"list-377408\" width=\"20px\" height=\"20px\" viewBox=\"0 0 24 24\" fill=\"none\"><path d=\"M6 6H4v2h2V6zm14 0H8v2h12V6zM4 11h2v2H4v-2zm16 0H8v2h12v-2zM4 16h2v2H4v-2zm16 0H8v2h12v-2z\" fill=\"currentColor\"><\/path><\/svg><svg style=\"fill: #000000;color:#000000\" class=\"arrow-unsorted-368013\" xmlns=\"http:\/\/www.w3.org\/2000\/svg\" width=\"10px\" height=\"10px\" viewBox=\"0 0 24 24\" version=\"1.2\" baseProfile=\"tiny\"><path d=\"M18.2 9.3l-6.2-6.3-6.2 6.3c-.2.2-.3.4-.3.7s.1.5.3.7c.2.2.4.3.7.3h11c.3 0 .5-.1.7-.3.2-.2.3-.5.3-.7s-.1-.5-.3-.7zM5.8 14.7l6.2 6.3 6.2-6.3c.2-.2.3-.5.3-.7s-.1-.5-.3-.7c-.2-.2-.4-.3-.7-.3h-11c-.3 0-.5.1-.7.3-.2.2-.3.5-.3.7s.1.5.3.7z\"\/><\/svg><\/span><\/span><\/span><\/a><\/span><\/div>\n<nav><ul class='ez-toc-list ez-toc-list-level-1 ' ><li class='ez-toc-page-1 ez-toc-heading-level-2'><a class=\"ez-toc-link ez-toc-heading-1\" href=\"https:\/\/www.arenal.com\/blog\/rutina-de-cuidado-facial-de-hombre-para-cada-piel-seca-grasa-y-mixta\/#Una_rutina_de_cuidado_facial_para_hombre_segun_tu_tipo_de_piel\" >Una rutina de cuidado facial para hombre seg\u00fan tu tipo de piel<\/a><ul class='ez-toc-list-level-3' ><li class='ez-toc-heading-level-3'><a class=\"ez-toc-link ez-toc-heading-2\" href=\"https:\/\/www.arenal.com\/blog\/rutina-de-cuidado-facial-de-hombre-para-cada-piel-seca-grasa-y-mixta\/#1_Cuidados_para_una_piel_grasa\" >1. Cuidados para una piel grasa<\/a><\/li><li class='ez-toc-page-1 ez-toc-heading-level-3'><a class=\"ez-toc-link ez-toc-heading-3\" href=\"https:\/\/www.arenal.com\/blog\/rutina-de-cuidado-facial-de-hombre-para-cada-piel-seca-grasa-y-mixta\/#2_Atenciones_para_una_piel_seca\" >2. Atenciones para una piel seca<\/a><\/li><li class='ez-toc-page-1 ez-toc-heading-level-3'><a class=\"ez-toc-link ez-toc-heading-4\" href=\"https:\/\/www.arenal.com\/blog\/rutina-de-cuidado-facial-de-hombre-para-cada-piel-seca-grasa-y-mixta\/#3_El_modo_de_cuidar_la_piel_mixta\" >3. El modo de cuidar la piel mixta<\/a><\/li><\/ul><\/li><li class='ez-toc-page-1 ez-toc-heading-level-2'><a class=\"ez-toc-link ez-toc-heading-5\" href=\"https:\/\/www.arenal.com\/blog\/rutina-de-cuidado-facial-de-hombre-para-cada-piel-seca-grasa-y-mixta\/#Mimate_dia_a_dia_para_lograr_el_mejor_resultado\" >M\u00edmate d\u00eda a d\u00eda para lograr el mejor resultado<\/a><\/li><\/ul><\/nav><\/div>\n<h2 class=\"wp-block-heading\"><span class=\"ez-toc-section\" id=\"Una_rutina_de_cuidado_facial_para_hombre_segun_tu_tipo_de_piel\"><\/span>Una rutina de cuidado facial para hombre seg\u00fan tu tipo de piel<span class=\"ez-toc-section-end\"><\/span><\/h2>\n\n\n\n<p>A la hora de cuidar tu tez, no es suficiente con lavarte con agua y jab\u00f3n cada ma\u00f1ana. Tampoco con aplicarte la primera crema hidratante que encuentres. Debes idear, paso a paso, una rutina 100 % acorde a tu tipo de piel. Cuanto m\u00e1s personalizada sea, <strong>mayor ser\u00e1 su \u00e9xito<\/strong>.<\/p>\n\n\n\n<h3 class=\"wp-block-heading\"><span class=\"ez-toc-section\" id=\"1_Cuidados_para_una_piel_grasa\"><\/span>1. Cuidados para una piel grasa<span class=\"ez-toc-section-end\"><\/span><\/h3>\n\n\n\n<p>La piel grasa se caracteriza por tener un brillo natural y un exceso de sebo que puede dar lugar a brotes de acn\u00e9. Si esta descripci\u00f3n encaja con la tuya, es conveniente que utilices cosm\u00e9ticos ligeros. Apuesta, asimismo, por aquellos que te ayuden a <strong>matificar<\/strong> la superficie cut\u00e1nea y por los que cuenten con <strong>propiedades seborreguladoras<\/strong>.<\/p>\n\n\n\n<p>Una vez que los tengas, es imprescindible que sigas estos pasos cuando vayas a usarlos:<\/p>\n\n\n\n<ul class=\"wp-block-list\">\n<li style=\"padding-bottom: 10px; padding-left: 20px;\">\u25cf Comienza por la limpieza. Opta por un <strong>jab\u00f3n astringente<\/strong> y, dos o tres veces por semana, recurre a un exfoliante, pues contribuye a eliminar las impurezas<\/li>\n\n\n\n<li style=\"padding-bottom: 10px; padding-left: 20px;\">\u25cf Cuando tu rostro est\u00e9 limpio y seco, aplica <strong>unas gotas de s\u00e9rum<\/strong> con la ayuda de tus dedos. Masajea hasta asegurarte de que el producto penetra por completo.<\/li>\n\n\n\n<li style=\"padding-bottom: 10px; padding-left: 20px;\">\u25cf Prot\u00e9gete del estr\u00e9s oxidativo empleando unas <strong>ampollas astringentes<\/strong>. Lo ideal es incorporarlas a tu rutina dos veces por semana.<\/li>\n\n\n\n<li style=\"padding-bottom: 10px; padding-left: 20px;\">\u25cf Concluye estos cuidados con la <strong>hidrataci\u00f3n<\/strong>. Dec\u00eddete por una crema que sea especialmente fluida y, ante todo, ligera. Es preferible que rechaces las que tengan una textura oleosa. No olvides incluir un <strong>contorno de ojos<\/strong> para esta zona, ya que precisa una mayor atenci\u00f3n conforme pasan los a\u00f1os.<\/li>\n<\/ul>\n\n\n\n<h3 class=\"wp-block-heading\"><span class=\"ez-toc-section\" id=\"2_Atenciones_para_una_piel_seca\"><\/span>2. Atenciones para una piel seca<span class=\"ez-toc-section-end\"><\/span><\/h3>\n\n\n\n<p>La identificar\u00e1s porque parece estar siempre tensa y es proclive a irritarse. Cuando la piel es de este tipo, la <strong>r<\/strong><strong>utina <\/strong><strong>de <\/strong><strong>cuidado facial <\/strong><strong>para <\/strong><strong>hombre<\/strong> requiere de una serie de soluciones formuladas con una alta densidad. Son perfectas para plantar cara a la sequedad que padeces.<\/p>\n\n\n\n<p>En cuanto dispongas de una gama de estos art\u00edculos, empieza a utilizarlos siguiendo este orden:<\/p>\n\n\n\n<ul class=\"wp-block-list\">\n<li style=\"padding-bottom: 10px; padding-left: 20px;\">\u25cf Limpia tu cara y tu cuello con ayuda de un <strong>jab\u00f3n hidratante<\/strong>. Puedes elegir entre los puestos a la venta en formato s\u00f3lido, los que se presentan en estado l\u00edquido y los existentes en versi\u00f3n espuma. Tambi\u00e9n tienes la posibilidad de incorporar un limpiador facial para pieles sensibles o <strong>agua micelar<\/strong>. Vierte unas gotas en un disco desmaquillador y retira con \u00e9l cualquier rastro de suciedad.<\/li>\n\n\n\n<li style=\"padding-bottom: 10px; padding-left: 20px;\">\u25cf  En lo referente a la hidrataci\u00f3n, dec\u00e1ntate por una <a href=\"https:\/\/www.arenal.com\/cosmetica\/cosmetica-masculina\/cremas-hidratantes-y-nutritivas\/seca\">crema facial piel seca hombre<\/a> que cuente con una <strong>formulaci\u00f3n m\u00e1s densa <\/strong>de lo habitual. As\u00ed, reforzar\u00e1s sus efectos. Lo mismo puede decirse del contorno de ojos con el que culmines los cuidados que le dispenses.<\/li>\n<\/ul>\n\n\n\n<h3 class=\"wp-block-heading\"><span class=\"ez-toc-section\" id=\"3_El_modo_de_cuidar_la_piel_mixta\"><\/span>3. El modo de cuidar la piel mixta<span class=\"ez-toc-section-end\"><\/span><\/h3>\n\n\n\n<p>La piel mixta se traduce en una<strong> zona T <\/strong>(frente, nariz y barbilla) grasa, mientras que el resto de la superficie de la tez es seca. Es una de las m\u00e1s habituales, aunque la menos conocida a la hora de saber c\u00f3mo se debe tratar.<\/p>\n\n\n\n<p>La <strong>rutina <\/strong><em><strong>skincare<\/strong><\/em><strong> para hombre<\/strong> en este caso engloba una diversidad de productos m\u00e1s amplia. Si tu piel se ajusta a este tipo, est\u00e1s de suerte porque podr\u00e1s escoger entre un abanico de propuestas mayor que en los casos anteriores, como por ejemplo <a href=\"https:\/\/www.arenal.com\/cosmetica\/cosmetica-masculina\/acido-hialuronico\">cremas faciales \u00e1cido hialur\u00f3nico hombre<\/a>. El orden de aplicaci\u00f3n es, sin embargo, similar a los otros:<\/p>\n\n\n\n<ul class=\"wp-block-list\">\n<li style=\"padding-bottom: 10px; padding-left: 20px;\">\u25cfUn <strong>gel de <a href=\"https:\/\/www.arenal.com\/cosmetica\/limpieza-facial\/limpieza-facial-hombre\">limpieza facial hombre<\/a><\/strong> da inicio a los cuidados. Puedes elegir entre espumas limpiadoras, geles o un exfoliante espec\u00edfico para las pieles mixtas.<\/li>\n\n\n\n<li style=\"padding-bottom: 10px; padding-left: 20px;\">\u25cfSi lo deseas, puedes utilizar una <strong>mascarilla una o dos veces<\/strong> por semana para intensificar los cuidados. Te aconsejamos emplear una de arcilla.<\/li>\n\n\n\n<li style=\"padding-bottom: 10px; padding-left: 20px;\">\u25cfUna crema especialmente ideada para cutis mixtos es la m\u00e1s recomendable. Procura que sea <strong>libre de aceites<\/strong>, que no te obstruya los poros y que te procure, adem\u00e1s, un efecto matificante. Te asegurar\u00e1s el mejor resultado. Este paso se cierra con un cuidado de la zona que rodea los ojos con un cosm\u00e9tico con propiedades antioxidantes.<\/li>\n<\/ul>\n\n\n\n<h2 class=\"wp-block-heading\"><span class=\"ez-toc-section\" id=\"Mimate_dia_a_dia_para_lograr_el_mejor_resultado\"><\/span>M\u00edmate d\u00eda a d\u00eda para lograr el mejor resultado<span class=\"ez-toc-section-end\"><\/span><\/h2>\n\n\n\n<p>Ahora que ya sabes cu\u00e1l es tu tipo de piel y qu\u00e9 rutina es la m\u00e1s adecuada para ti, no dejes de mimarte. Procura ser constante y repetirla d\u00eda tras d\u00eda, al levantarte o justo antes de irte a acostar por las noches. Igualmente, puedes seguir los pasos descritos en estos dos momentos del d\u00eda.<\/p>\n\n\n\n<p>En definitiva, la <strong>r<\/strong><strong>utina <\/strong><strong>de <\/strong><strong>cuidado facial <\/strong><strong>para <\/strong><strong>hombre<\/strong> se convertir\u00e1 en tu secreto de belleza mejor guardado. \u00a1Hazte con los productos que precisas y comprueba sus efectos!<\/p>\n\n\n\n<p><\/p>\n","protected":false},"excerpt":{"rendered":"<p>Si quieres seguir una rutina de cuidado facial para hombre, averigua antes cu\u00e1l es tu tipo de piel y sigue paso a paso la aplicaci\u00f3n.<\/p>\n","protected":false},"author":1,"featured_media":5797,"comment_status":"open","ping_status":"open","sticky":false,"template":"","format":"standard","meta":{"footnotes":""},"categories":[662,626,622],"tags":[],"class_list":["post-2980","post","type-post","status-publish","format-standard","has-post-thumbnail","hentry","category-tutoriales-de-belleza","category-tutoriales","category-cosmetica-dermocosmetica"],"featured_image_src":"https:\/\/www.arenal.com\/blog\/wp-content\/uploads\/2024\/05\/cuidado_facial_hombre.jpg","author_info":{"display_name":"hiberus","author_link":"https:\/\/www.arenal.com\/blog\/author\/hiberus"},"yoast_head":"<!-- This site is optimized with the Yoast SEO plugin v27.4 - https:\/\/yoast.com\/product\/yoast-seo-wordpress\/ -->\n<title>Rutina de cuidado facial de hombre | Blog de Arenal<\/title>\n<meta name=\"description\" content=\"Si quieres seguir una rutina de cuidado facial para hombre, averigua antes cu\u00e1l es tu tipo de piel y sigue paso a paso la aplicaci\u00f3n.\" \/>\n<meta name=\"robots\" content=\"index, follow, max-snippet:-1, max-image-preview:large, max-video-preview:-1\" \/>\n<link rel=\"canonical\" href=\"https:\/\/www.arenal.com\/blog\/rutina-de-cuidado-facial-de-hombre-para-cada-piel-seca-grasa-y-mixta\" \/>\n<meta property=\"og:locale\" content=\"es_ES\" \/>\n<meta property=\"og:type\" content=\"article\" \/>\n<meta property=\"og:title\" content=\"Rutina de cuidado facial de hombre | Blog de Arenal\" \/>\n<meta property=\"og:description\" content=\"Si quieres seguir una rutina de cuidado facial para hombre, averigua antes cu\u00e1l es tu tipo de piel y sigue paso a paso la aplicaci\u00f3n.\" \/>\n<meta property=\"og:url\" content=\"https:\/\/www.arenal.com\/blog\/rutina-de-cuidado-facial-de-hombre-para-cada-piel-seca-grasa-y-mixta\" \/>\n<meta property=\"og:site_name\" content=\"Blog de Arenal\" \/>\n<meta property=\"article:published_time\" content=\"2023-02-07T08:00:00+00:00\" \/>\n<meta property=\"article:modified_time\" content=\"2024-12-24T10:31:38+00:00\" \/>\n<meta property=\"og:image\" content=\"https:\/\/www.arenal.com\/blog\/wp-content\/uploads\/2024\/05\/cuidado_facial_hombre.jpg\" \/>\n\t<meta property=\"og:image:width\" content=\"1140\" \/>\n\t<meta property=\"og:image:height\" content=\"322\" \/>\n\t<meta property=\"og:image:type\" content=\"image\/jpeg\" \/>\n<meta name=\"author\" content=\"hiberus\" \/>\n<meta name=\"twitter:card\" content=\"summary_large_image\" \/>\n<meta name=\"twitter:label1\" content=\"Escrito por\" \/>\n\t<meta name=\"twitter:data1\" content=\"hiberus\" \/>\n<script type=\"application\/ld+json\" class=\"yoast-schema-graph\">{\"@context\":\"https:\\\/\\\/schema.org\",\"@graph\":[{\"@type\":\"Article\",\"@id\":\"https:\\\/\\\/www.arenal.com\\\/blog\\\/rutina-de-cuidado-facial-de-hombre-para-cada-piel-seca-grasa-y-mixta#article\",\"isPartOf\":{\"@id\":\"https:\\\/\\\/www.arenal.com\\\/blog\\\/rutina-de-cuidado-facial-de-hombre-para-cada-piel-seca-grasa-y-mixta\"},\"author\":{\"name\":\"hiberus\",\"@id\":\"https:\\\/\\\/www.arenal.com\\\/blog\\\/#\\\/schema\\\/person\\\/5b0f9900f2fb7a87b0b8c40b98a29e31\"},\"headline\":\"Rutina de cuidado facial de hombre para cada piel: seca, grasa y mixta\",\"datePublished\":\"2023-02-07T08:00:00+00:00\",\"dateModified\":\"2024-12-24T10:31:38+00:00\",\"mainEntityOfPage\":{\"@id\":\"https:\\\/\\\/www.arenal.com\\\/blog\\\/rutina-de-cuidado-facial-de-hombre-para-cada-piel-seca-grasa-y-mixta\"},\"wordCount\":877,\"commentCount\":0,\"image\":{\"@id\":\"https:\\\/\\\/www.arenal.com\\\/blog\\\/rutina-de-cuidado-facial-de-hombre-para-cada-piel-seca-grasa-y-mixta#primaryimage\"},\"thumbnailUrl\":\"https:\\\/\\\/www.arenal.com\\\/blog\\\/wp-content\\\/uploads\\\/2024\\\/05\\\/cuidado_facial_hombre.jpg\",\"articleSection\":[\"Tutoriales de belleza\",\"Tutoriales\",\"Cosm\u00e9tica\"],\"inLanguage\":\"es\",\"potentialAction\":[{\"@type\":\"CommentAction\",\"name\":\"Comment\",\"target\":[\"https:\\\/\\\/www.arenal.com\\\/blog\\\/rutina-de-cuidado-facial-de-hombre-para-cada-piel-seca-grasa-y-mixta#respond\"]}]},{\"@type\":\"WebPage\",\"@id\":\"https:\\\/\\\/www.arenal.com\\\/blog\\\/rutina-de-cuidado-facial-de-hombre-para-cada-piel-seca-grasa-y-mixta\",\"url\":\"https:\\\/\\\/www.arenal.com\\\/blog\\\/rutina-de-cuidado-facial-de-hombre-para-cada-piel-seca-grasa-y-mixta\",\"name\":\"Rutina de cuidado facial de hombre | Blog de Arenal\",\"isPartOf\":{\"@id\":\"https:\\\/\\\/www.arenal.com\\\/blog\\\/#website\"},\"primaryImageOfPage\":{\"@id\":\"https:\\\/\\\/www.arenal.com\\\/blog\\\/rutina-de-cuidado-facial-de-hombre-para-cada-piel-seca-grasa-y-mixta#primaryimage\"},\"image\":{\"@id\":\"https:\\\/\\\/www.arenal.com\\\/blog\\\/rutina-de-cuidado-facial-de-hombre-para-cada-piel-seca-grasa-y-mixta#primaryimage\"},\"thumbnailUrl\":\"https:\\\/\\\/www.arenal.com\\\/blog\\\/wp-content\\\/uploads\\\/2024\\\/05\\\/cuidado_facial_hombre.jpg\",\"datePublished\":\"2023-02-07T08:00:00+00:00\",\"dateModified\":\"2024-12-24T10:31:38+00:00\",\"author\":{\"@id\":\"https:\\\/\\\/www.arenal.com\\\/blog\\\/#\\\/schema\\\/person\\\/5b0f9900f2fb7a87b0b8c40b98a29e31\"},\"description\":\"Si quieres seguir una rutina de cuidado facial para hombre, averigua antes cu\u00e1l es tu tipo de piel y sigue paso a paso la aplicaci\u00f3n.\",\"breadcrumb\":{\"@id\":\"https:\\\/\\\/www.arenal.com\\\/blog\\\/rutina-de-cuidado-facial-de-hombre-para-cada-piel-seca-grasa-y-mixta#breadcrumb\"},\"inLanguage\":\"es\",\"potentialAction\":[{\"@type\":\"ReadAction\",\"target\":[\"https:\\\/\\\/www.arenal.com\\\/blog\\\/rutina-de-cuidado-facial-de-hombre-para-cada-piel-seca-grasa-y-mixta\"]}]},{\"@type\":\"ImageObject\",\"inLanguage\":\"es\",\"@id\":\"https:\\\/\\\/www.arenal.com\\\/blog\\\/rutina-de-cuidado-facial-de-hombre-para-cada-piel-seca-grasa-y-mixta#primaryimage\",\"url\":\"https:\\\/\\\/www.arenal.com\\\/blog\\\/wp-content\\\/uploads\\\/2024\\\/05\\\/cuidado_facial_hombre.jpg\",\"contentUrl\":\"https:\\\/\\\/www.arenal.com\\\/blog\\\/wp-content\\\/uploads\\\/2024\\\/05\\\/cuidado_facial_hombre.jpg\",\"width\":1140,\"height\":322},{\"@type\":\"BreadcrumbList\",\"@id\":\"https:\\\/\\\/www.arenal.com\\\/blog\\\/rutina-de-cuidado-facial-de-hombre-para-cada-piel-seca-grasa-y-mixta#breadcrumb\",\"itemListElement\":[{\"@type\":\"ListItem\",\"position\":1,\"name\":\"Cosm\u00e9tica\",\"item\":\"https:\\\/\\\/www.arenal.com\\\/blog\\\/cosmetica-dermocosmetica\"},{\"@type\":\"ListItem\",\"position\":2,\"name\":\"Rutina de cuidado facial de hombre para cada piel: seca, grasa y mixta\"}]},{\"@type\":\"WebSite\",\"@id\":\"https:\\\/\\\/www.arenal.com\\\/blog\\\/#website\",\"url\":\"https:\\\/\\\/www.arenal.com\\\/blog\\\/\",\"name\":\"Blog de Arenal\",\"description\":\"\",\"potentialAction\":[{\"@type\":\"SearchAction\",\"target\":{\"@type\":\"EntryPoint\",\"urlTemplate\":\"https:\\\/\\\/www.arenal.com\\\/blog\\\/?s={search_term_string}\"},\"query-input\":{\"@type\":\"PropertyValueSpecification\",\"valueRequired\":true,\"valueName\":\"search_term_string\"}}],\"inLanguage\":\"es\"},{\"@type\":\"Person\",\"@id\":\"https:\\\/\\\/www.arenal.com\\\/blog\\\/#\\\/schema\\\/person\\\/5b0f9900f2fb7a87b0b8c40b98a29e31\",\"name\":\"hiberus\",\"image\":{\"@type\":\"ImageObject\",\"inLanguage\":\"es\",\"@id\":\"https:\\\/\\\/secure.gravatar.com\\\/avatar\\\/a0b97b568facc7d687254dae39c5cfb79af095aebc91173945f2a50629c9fe1a?s=96&d=mm&r=g\",\"url\":\"https:\\\/\\\/secure.gravatar.com\\\/avatar\\\/a0b97b568facc7d687254dae39c5cfb79af095aebc91173945f2a50629c9fe1a?s=96&d=mm&r=g\",\"contentUrl\":\"https:\\\/\\\/secure.gravatar.com\\\/avatar\\\/a0b97b568facc7d687254dae39c5cfb79af095aebc91173945f2a50629c9fe1a?s=96&d=mm&r=g\",\"caption\":\"hiberus\"},\"sameAs\":[\"https:\\\/\\\/www.arenal.com\"],\"url\":\"https:\\\/\\\/www.arenal.com\\\/blog\\\/author\\\/hiberus\"}]}<\/script>\n<!-- \/ Yoast SEO plugin. -->","yoast_head_json":{"title":"Rutina de cuidado facial de hombre | Blog de Arenal","description":"Si quieres seguir una rutina de cuidado facial para hombre, averigua antes cu\u00e1l es tu tipo de piel y sigue paso a paso la aplicaci\u00f3n.","robots":{"index":"index","follow":"follow","max-snippet":"max-snippet:-1","max-image-preview":"max-image-preview:large","max-video-preview":"max-video-preview:-1"},"canonical":"https:\/\/www.arenal.com\/blog\/rutina-de-cuidado-facial-de-hombre-para-cada-piel-seca-grasa-y-mixta","og_locale":"es_ES","og_type":"article","og_title":"Rutina de cuidado facial de hombre | Blog de Arenal","og_description":"Si quieres seguir una rutina de cuidado facial para hombre, averigua antes cu\u00e1l es tu tipo de piel y sigue paso a paso la aplicaci\u00f3n.","og_url":"https:\/\/www.arenal.com\/blog\/rutina-de-cuidado-facial-de-hombre-para-cada-piel-seca-grasa-y-mixta","og_site_name":"Blog de Arenal","article_published_time":"2023-02-07T08:00:00+00:00","article_modified_time":"2024-12-24T10:31:38+00:00","og_image":[{"width":1140,"height":322,"url":"https:\/\/www.arenal.com\/blog\/wp-content\/uploads\/2024\/05\/cuidado_facial_hombre.jpg","type":"image\/jpeg"}],"author":"hiberus","twitter_card":"summary_large_image","twitter_misc":{"Escrito por":"hiberus"},"schema":{"@context":"https:\/\/schema.org","@graph":[{"@type":"Article","@id":"https:\/\/www.arenal.com\/blog\/rutina-de-cuidado-facial-de-hombre-para-cada-piel-seca-grasa-y-mixta#article","isPartOf":{"@id":"https:\/\/www.arenal.com\/blog\/rutina-de-cuidado-facial-de-hombre-para-cada-piel-seca-grasa-y-mixta"},"author":{"name":"hiberus","@id":"https:\/\/www.arenal.com\/blog\/#\/schema\/person\/5b0f9900f2fb7a87b0b8c40b98a29e31"},"headline":"Rutina de cuidado facial de hombre para cada piel: seca, grasa y mixta","datePublished":"2023-02-07T08:00:00+00:00","dateModified":"2024-12-24T10:31:38+00:00","mainEntityOfPage":{"@id":"https:\/\/www.arenal.com\/blog\/rutina-de-cuidado-facial-de-hombre-para-cada-piel-seca-grasa-y-mixta"},"wordCount":877,"commentCount":0,"image":{"@id":"https:\/\/www.arenal.com\/blog\/rutina-de-cuidado-facial-de-hombre-para-cada-piel-seca-grasa-y-mixta#primaryimage"},"thumbnailUrl":"https:\/\/www.arenal.com\/blog\/wp-content\/uploads\/2024\/05\/cuidado_facial_hombre.jpg","articleSection":["Tutoriales de belleza","Tutoriales","Cosm\u00e9tica"],"inLanguage":"es","potentialAction":[{"@type":"CommentAction","name":"Comment","target":["https:\/\/www.arenal.com\/blog\/rutina-de-cuidado-facial-de-hombre-para-cada-piel-seca-grasa-y-mixta#respond"]}]},{"@type":"WebPage","@id":"https:\/\/www.arenal.com\/blog\/rutina-de-cuidado-facial-de-hombre-para-cada-piel-seca-grasa-y-mixta","url":"https:\/\/www.arenal.com\/blog\/rutina-de-cuidado-facial-de-hombre-para-cada-piel-seca-grasa-y-mixta","name":"Rutina de cuidado facial de hombre | Blog de Arenal","isPartOf":{"@id":"https:\/\/www.arenal.com\/blog\/#website"},"primaryImageOfPage":{"@id":"https:\/\/www.arenal.com\/blog\/rutina-de-cuidado-facial-de-hombre-para-cada-piel-seca-grasa-y-mixta#primaryimage"},"image":{"@id":"https:\/\/www.arenal.com\/blog\/rutina-de-cuidado-facial-de-hombre-para-cada-piel-seca-grasa-y-mixta#primaryimage"},"thumbnailUrl":"https:\/\/www.arenal.com\/blog\/wp-content\/uploads\/2024\/05\/cuidado_facial_hombre.jpg","datePublished":"2023-02-07T08:00:00+00:00","dateModified":"2024-12-24T10:31:38+00:00","author":{"@id":"https:\/\/www.arenal.com\/blog\/#\/schema\/person\/5b0f9900f2fb7a87b0b8c40b98a29e31"},"description":"Si quieres seguir una rutina de cuidado facial para hombre, averigua antes cu\u00e1l es tu tipo de piel y sigue paso a paso la aplicaci\u00f3n.","breadcrumb":{"@id":"https:\/\/www.arenal.com\/blog\/rutina-de-cuidado-facial-de-hombre-para-cada-piel-seca-grasa-y-mixta#breadcrumb"},"inLanguage":"es","potentialAction":[{"@type":"ReadAction","target":["https:\/\/www.arenal.com\/blog\/rutina-de-cuidado-facial-de-hombre-para-cada-piel-seca-grasa-y-mixta"]}]},{"@type":"ImageObject","inLanguage":"es","@id":"https:\/\/www.arenal.com\/blog\/rutina-de-cuidado-facial-de-hombre-para-cada-piel-seca-grasa-y-mixta#primaryimage","url":"https:\/\/www.arenal.com\/blog\/wp-content\/uploads\/2024\/05\/cuidado_facial_hombre.jpg","contentUrl":"https:\/\/www.arenal.com\/blog\/wp-content\/uploads\/2024\/05\/cuidado_facial_hombre.jpg","width":1140,"height":322},{"@type":"BreadcrumbList","@id":"https:\/\/www.arenal.com\/blog\/rutina-de-cuidado-facial-de-hombre-para-cada-piel-seca-grasa-y-mixta#breadcrumb","itemListElement":[{"@type":"ListItem","position":1,"name":"Cosm\u00e9tica","item":"https:\/\/www.arenal.com\/blog\/cosmetica-dermocosmetica"},{"@type":"ListItem","position":2,"name":"Rutina de cuidado facial de hombre para cada piel: seca, grasa y mixta"}]},{"@type":"WebSite","@id":"https:\/\/www.arenal.com\/blog\/#website","url":"https:\/\/www.arenal.com\/blog\/","name":"Blog de Arenal","description":"","potentialAction":[{"@type":"SearchAction","target":{"@type":"EntryPoint","urlTemplate":"https:\/\/www.arenal.com\/blog\/?s={search_term_string}"},"query-input":{"@type":"PropertyValueSpecification","valueRequired":true,"valueName":"search_term_string"}}],"inLanguage":"es"},{"@type":"Person","@id":"https:\/\/www.arenal.com\/blog\/#\/schema\/person\/5b0f9900f2fb7a87b0b8c40b98a29e31","name":"hiberus","image":{"@type":"ImageObject","inLanguage":"es","@id":"https:\/\/secure.gravatar.com\/avatar\/a0b97b568facc7d687254dae39c5cfb79af095aebc91173945f2a50629c9fe1a?s=96&d=mm&r=g","url":"https:\/\/secure.gravatar.com\/avatar\/a0b97b568facc7d687254dae39c5cfb79af095aebc91173945f2a50629c9fe1a?s=96&d=mm&r=g","contentUrl":"https:\/\/secure.gravatar.com\/avatar\/a0b97b568facc7d687254dae39c5cfb79af095aebc91173945f2a50629c9fe1a?s=96&d=mm&r=g","caption":"hiberus"},"sameAs":["https:\/\/www.arenal.com"],"url":"https:\/\/www.arenal.com\/blog\/author\/hiberus"}]}},"_links":{"self":[{"href":"https:\/\/www.arenal.com\/blog\/wp-json\/wp\/v2\/posts\/2980","targetHints":{"allow":["GET"]}}],"collection":[{"href":"https:\/\/www.arenal.com\/blog\/wp-json\/wp\/v2\/posts"}],"about":[{"href":"https:\/\/www.arenal.com\/blog\/wp-json\/wp\/v2\/types\/post"}],"author":[{"embeddable":true,"href":"https:\/\/www.arenal.com\/blog\/wp-json\/wp\/v2\/users\/1"}],"replies":[{"embeddable":true,"href":"https:\/\/www.arenal.com\/blog\/wp-json\/wp\/v2\/comments?post=2980"}],"version-history":[{"count":7,"href":"https:\/\/www.arenal.com\/blog\/wp-json\/wp\/v2\/posts\/2980\/revisions"}],"predecessor-version":[{"id":6025,"href":"https:\/\/www.arenal.com\/blog\/wp-json\/wp\/v2\/posts\/2980\/revisions\/6025"}],"wp:featuredmedia":[{"embeddable":true,"href":"https:\/\/www.arenal.com\/blog\/wp-json\/wp\/v2\/media\/5797"}],"wp:attachment":[{"href":"https:\/\/www.arenal.com\/blog\/wp-json\/wp\/v2\/media?parent=2980"}],"wp:term":[{"taxonomy":"category","embeddable":true,"href":"https:\/\/www.arenal.com\/blog\/wp-json\/wp\/v2\/categories?post=2980"},{"taxonomy":"post_tag","embeddable":true,"href":"https:\/\/www.arenal.com\/blog\/wp-json\/wp\/v2\/tags?post=2980"}],"curies":[{"name":"wp","href":"https:\/\/api.w.org\/{rel}","templated":true}]}}