{"id":2953,"date":"2023-01-09T09:51:17","date_gmt":"2023-01-09T08:51:17","guid":{"rendered":"https:\/\/www.arenal.com\/blog\/?p=2953"},"modified":"2024-05-30T11:36:11","modified_gmt":"2024-05-30T10:36:11","slug":"perfumes-de-invierno-para-hombre","status":"publish","type":"post","link":"https:\/\/www.arenal.com\/blog\/perfumes-de-invierno-para-hombre","title":{"rendered":"Perfumes de invierno para hombre"},"content":{"rendered":"\n<p>Cuando el invierno llega, es el momento perfecto para cambiar tu fragancia y elegir una que te envuelva en calidez y estilo. En este art\u00edculo, vamos a explorar juntos algunos de los mejores <strong>perfumes de invierno para hombre<\/strong>. Imag\u00ednate aromas que te recuerdan a una acogedora chimenea, a especias que llenan el aire de misterio y a maderas que aportan un toque de elegancia. Tanto si eres fan de los cl\u00e1sicos como si te gusta probar las \u00faltimas novedades, aqu\u00ed encontrar\u00e1s la fragancia ideal para esos d\u00edas fr\u00edos y noches largas.<\/p>\n\n\n\n<h2 class=\"wp-block-heading\">\u00bfQu\u00e9 perfumes de invierno para hombre deber\u00edas probar?<\/h2>\n\n\n\n<p>Descubre los 5 mejores perfumes de invierno masculinos. En invierno tendemos a irnos a fragancias m\u00e1s c\u00e1lidas e intensas.<\/p>\n","protected":false},"excerpt":{"rendered":"<p>Cuando el invierno llega, es el momento perfecto para cambiar tu fragancia y elegir una que te envuelva en calidez<\/p>\n","protected":false},"author":2,"featured_media":2785,"comment_status":"open","ping_status":"open","sticky":false,"template":"","format":"standard","meta":{"footnotes":""},"categories":[627,236],"tags":[],"class_list":["post-2953","post","type-post","status-publish","format-standard","has-post-thumbnail","hentry","category-rankings-top-productos","category-perfumes"],"featured_image_src":"https:\/\/www.arenal.com\/blog\/wp-content\/uploads\/2022\/11\/perfumes-de-hombre-mas-vendidos.png","author_info":{"display_name":"arenal","author_link":"https:\/\/www.arenal.com\/blog\/author\/arenal"},"yoast_head":"<!-- This site is optimized with the Yoast SEO plugin v27.4 - https:\/\/yoast.com\/product\/yoast-seo-wordpress\/ -->\n<title>Perfumes de invierno para hombre | Blog de Arenal<\/title>\n<meta name=\"description\" content=\"Descubre los 5 mejores perfumes de invierno para hombre. En invierno tendemos a irnos a fragancias m\u00e1s c\u00e1lidas e intensas.\" \/>\n<meta name=\"robots\" content=\"index, follow, max-snippet:-1, max-image-preview:large, max-video-preview:-1\" \/>\n<link rel=\"canonical\" href=\"https:\/\/www.arenal.com\/blog\/perfumes-de-invierno-para-hombre\" \/>\n<meta property=\"og:locale\" content=\"es_ES\" \/>\n<meta property=\"og:type\" content=\"article\" \/>\n<meta property=\"og:title\" content=\"Perfumes de invierno para hombre | Blog de Arenal\" \/>\n<meta property=\"og:description\" content=\"Descubre los 5 mejores perfumes de invierno para hombre. En invierno tendemos a irnos a fragancias m\u00e1s c\u00e1lidas e intensas.\" \/>\n<meta property=\"og:url\" content=\"https:\/\/www.arenal.com\/blog\/perfumes-de-invierno-para-hombre\" \/>\n<meta property=\"og:site_name\" content=\"Blog de Arenal\" \/>\n<meta property=\"article:published_time\" content=\"2023-01-09T08:51:17+00:00\" \/>\n<meta property=\"article:modified_time\" content=\"2024-05-30T10:36:11+00:00\" \/>\n<meta property=\"og:image\" content=\"https:\/\/www.arenal.com\/blog\/wp-content\/uploads\/2022\/11\/perfumes-de-hombre-mas-vendidos.png\" \/>\n\t<meta property=\"og:image:width\" content=\"1140\" \/>\n\t<meta property=\"og:image:height\" content=\"641\" \/>\n\t<meta property=\"og:image:type\" content=\"image\/png\" \/>\n<meta name=\"author\" content=\"arenal\" \/>\n<meta name=\"twitter:card\" content=\"summary_large_image\" \/>\n<meta name=\"twitter:label1\" content=\"Escrito por\" \/>\n\t<meta name=\"twitter:data1\" content=\"arenal\" \/>\n\t<meta name=\"twitter:label2\" content=\"Tiempo de lectura\" \/>\n\t<meta name=\"twitter:data2\" content=\"1 minuto\" \/>\n<script type=\"application\/ld+json\" class=\"yoast-schema-graph\">{\"@context\":\"https:\\\/\\\/schema.org\",\"@graph\":[{\"@type\":\"Article\",\"@id\":\"https:\\\/\\\/www.arenal.com\\\/blog\\\/perfumes-de-invierno-para-hombre#article\",\"isPartOf\":{\"@id\":\"https:\\\/\\\/www.arenal.com\\\/blog\\\/perfumes-de-invierno-para-hombre\"},\"author\":{\"name\":\"arenal\",\"@id\":\"https:\\\/\\\/www.arenal.com\\\/blog\\\/#\\\/schema\\\/person\\\/75c321b161941947bdc15ffde9d6241f\"},\"headline\":\"Perfumes de invierno para hombre\",\"datePublished\":\"2023-01-09T08:51:17+00:00\",\"dateModified\":\"2024-05-30T10:36:11+00:00\",\"mainEntityOfPage\":{\"@id\":\"https:\\\/\\\/www.arenal.com\\\/blog\\\/perfumes-de-invierno-para-hombre\"},\"wordCount\":131,\"commentCount\":0,\"image\":{\"@id\":\"https:\\\/\\\/www.arenal.com\\\/blog\\\/perfumes-de-invierno-para-hombre#primaryimage\"},\"thumbnailUrl\":\"https:\\\/\\\/www.arenal.com\\\/blog\\\/wp-content\\\/uploads\\\/2022\\\/11\\\/perfumes-de-hombre-mas-vendidos.png\",\"articleSection\":[\"Comparativas\",\"Perfumes\"],\"inLanguage\":\"es\",\"potentialAction\":[{\"@type\":\"CommentAction\",\"name\":\"Comment\",\"target\":[\"https:\\\/\\\/www.arenal.com\\\/blog\\\/perfumes-de-invierno-para-hombre#respond\"]}]},{\"@type\":\"WebPage\",\"@id\":\"https:\\\/\\\/www.arenal.com\\\/blog\\\/perfumes-de-invierno-para-hombre\",\"url\":\"https:\\\/\\\/www.arenal.com\\\/blog\\\/perfumes-de-invierno-para-hombre\",\"name\":\"Perfumes de invierno para hombre | Blog de Arenal\",\"isPartOf\":{\"@id\":\"https:\\\/\\\/www.arenal.com\\\/blog\\\/#website\"},\"primaryImageOfPage\":{\"@id\":\"https:\\\/\\\/www.arenal.com\\\/blog\\\/perfumes-de-invierno-para-hombre#primaryimage\"},\"image\":{\"@id\":\"https:\\\/\\\/www.arenal.com\\\/blog\\\/perfumes-de-invierno-para-hombre#primaryimage\"},\"thumbnailUrl\":\"https:\\\/\\\/www.arenal.com\\\/blog\\\/wp-content\\\/uploads\\\/2022\\\/11\\\/perfumes-de-hombre-mas-vendidos.png\",\"datePublished\":\"2023-01-09T08:51:17+00:00\",\"dateModified\":\"2024-05-30T10:36:11+00:00\",\"author\":{\"@id\":\"https:\\\/\\\/www.arenal.com\\\/blog\\\/#\\\/schema\\\/person\\\/75c321b161941947bdc15ffde9d6241f\"},\"description\":\"Descubre los 5 mejores perfumes de invierno para hombre. En invierno tendemos a irnos a fragancias m\u00e1s c\u00e1lidas e intensas.\",\"breadcrumb\":{\"@id\":\"https:\\\/\\\/www.arenal.com\\\/blog\\\/perfumes-de-invierno-para-hombre#breadcrumb\"},\"inLanguage\":\"es\",\"potentialAction\":[{\"@type\":\"ReadAction\",\"target\":[\"https:\\\/\\\/www.arenal.com\\\/blog\\\/perfumes-de-invierno-para-hombre\"]}]},{\"@type\":\"ImageObject\",\"inLanguage\":\"es\",\"@id\":\"https:\\\/\\\/www.arenal.com\\\/blog\\\/perfumes-de-invierno-para-hombre#primaryimage\",\"url\":\"https:\\\/\\\/www.arenal.com\\\/blog\\\/wp-content\\\/uploads\\\/2022\\\/11\\\/perfumes-de-hombre-mas-vendidos.png\",\"contentUrl\":\"https:\\\/\\\/www.arenal.com\\\/blog\\\/wp-content\\\/uploads\\\/2022\\\/11\\\/perfumes-de-hombre-mas-vendidos.png\",\"width\":1140,\"height\":641},{\"@type\":\"BreadcrumbList\",\"@id\":\"https:\\\/\\\/www.arenal.com\\\/blog\\\/perfumes-de-invierno-para-hombre#breadcrumb\",\"itemListElement\":[{\"@type\":\"ListItem\",\"position\":1,\"name\":\"Comparativas\",\"item\":\"https:\\\/\\\/www.arenal.com\\\/blog\\\/rankings-top-productos\"},{\"@type\":\"ListItem\",\"position\":2,\"name\":\"Perfumes de invierno para hombre\"}]},{\"@type\":\"WebSite\",\"@id\":\"https:\\\/\\\/www.arenal.com\\\/blog\\\/#website\",\"url\":\"https:\\\/\\\/www.arenal.com\\\/blog\\\/\",\"name\":\"Blog de Arenal\",\"description\":\"\",\"potentialAction\":[{\"@type\":\"SearchAction\",\"target\":{\"@type\":\"EntryPoint\",\"urlTemplate\":\"https:\\\/\\\/www.arenal.com\\\/blog\\\/?s={search_term_string}\"},\"query-input\":{\"@type\":\"PropertyValueSpecification\",\"valueRequired\":true,\"valueName\":\"search_term_string\"}}],\"inLanguage\":\"es\"},{\"@type\":\"Person\",\"@id\":\"https:\\\/\\\/www.arenal.com\\\/blog\\\/#\\\/schema\\\/person\\\/75c321b161941947bdc15ffde9d6241f\",\"name\":\"arenal\",\"image\":{\"@type\":\"ImageObject\",\"inLanguage\":\"es\",\"@id\":\"https:\\\/\\\/secure.gravatar.com\\\/avatar\\\/e930b117f1433c3126018d5f63c8b2d59f2a86bdb0425d8e5c9b3c027c902408?s=96&d=mm&r=g\",\"url\":\"https:\\\/\\\/secure.gravatar.com\\\/avatar\\\/e930b117f1433c3126018d5f63c8b2d59f2a86bdb0425d8e5c9b3c027c902408?s=96&d=mm&r=g\",\"contentUrl\":\"https:\\\/\\\/secure.gravatar.com\\\/avatar\\\/e930b117f1433c3126018d5f63c8b2d59f2a86bdb0425d8e5c9b3c027c902408?s=96&d=mm&r=g\",\"caption\":\"arenal\"},\"url\":\"https:\\\/\\\/www.arenal.com\\\/blog\\\/author\\\/arenal\"}]}<\/script>\n<!-- \/ Yoast SEO plugin. -->","yoast_head_json":{"title":"Perfumes de invierno para hombre | Blog de Arenal","description":"Descubre los 5 mejores perfumes de invierno para hombre. En invierno tendemos a irnos a fragancias m\u00e1s c\u00e1lidas e intensas.","robots":{"index":"index","follow":"follow","max-snippet":"max-snippet:-1","max-image-preview":"max-image-preview:large","max-video-preview":"max-video-preview:-1"},"canonical":"https:\/\/www.arenal.com\/blog\/perfumes-de-invierno-para-hombre","og_locale":"es_ES","og_type":"article","og_title":"Perfumes de invierno para hombre | Blog de Arenal","og_description":"Descubre los 5 mejores perfumes de invierno para hombre. En invierno tendemos a irnos a fragancias m\u00e1s c\u00e1lidas e intensas.","og_url":"https:\/\/www.arenal.com\/blog\/perfumes-de-invierno-para-hombre","og_site_name":"Blog de Arenal","article_published_time":"2023-01-09T08:51:17+00:00","article_modified_time":"2024-05-30T10:36:11+00:00","og_image":[{"width":1140,"height":641,"url":"https:\/\/www.arenal.com\/blog\/wp-content\/uploads\/2022\/11\/perfumes-de-hombre-mas-vendidos.png","type":"image\/png"}],"author":"arenal","twitter_card":"summary_large_image","twitter_misc":{"Escrito por":"arenal","Tiempo de lectura":"1 minuto"},"schema":{"@context":"https:\/\/schema.org","@graph":[{"@type":"Article","@id":"https:\/\/www.arenal.com\/blog\/perfumes-de-invierno-para-hombre#article","isPartOf":{"@id":"https:\/\/www.arenal.com\/blog\/perfumes-de-invierno-para-hombre"},"author":{"name":"arenal","@id":"https:\/\/www.arenal.com\/blog\/#\/schema\/person\/75c321b161941947bdc15ffde9d6241f"},"headline":"Perfumes de invierno para hombre","datePublished":"2023-01-09T08:51:17+00:00","dateModified":"2024-05-30T10:36:11+00:00","mainEntityOfPage":{"@id":"https:\/\/www.arenal.com\/blog\/perfumes-de-invierno-para-hombre"},"wordCount":131,"commentCount":0,"image":{"@id":"https:\/\/www.arenal.com\/blog\/perfumes-de-invierno-para-hombre#primaryimage"},"thumbnailUrl":"https:\/\/www.arenal.com\/blog\/wp-content\/uploads\/2022\/11\/perfumes-de-hombre-mas-vendidos.png","articleSection":["Comparativas","Perfumes"],"inLanguage":"es","potentialAction":[{"@type":"CommentAction","name":"Comment","target":["https:\/\/www.arenal.com\/blog\/perfumes-de-invierno-para-hombre#respond"]}]},{"@type":"WebPage","@id":"https:\/\/www.arenal.com\/blog\/perfumes-de-invierno-para-hombre","url":"https:\/\/www.arenal.com\/blog\/perfumes-de-invierno-para-hombre","name":"Perfumes de invierno para hombre | Blog de Arenal","isPartOf":{"@id":"https:\/\/www.arenal.com\/blog\/#website"},"primaryImageOfPage":{"@id":"https:\/\/www.arenal.com\/blog\/perfumes-de-invierno-para-hombre#primaryimage"},"image":{"@id":"https:\/\/www.arenal.com\/blog\/perfumes-de-invierno-para-hombre#primaryimage"},"thumbnailUrl":"https:\/\/www.arenal.com\/blog\/wp-content\/uploads\/2022\/11\/perfumes-de-hombre-mas-vendidos.png","datePublished":"2023-01-09T08:51:17+00:00","dateModified":"2024-05-30T10:36:11+00:00","author":{"@id":"https:\/\/www.arenal.com\/blog\/#\/schema\/person\/75c321b161941947bdc15ffde9d6241f"},"description":"Descubre los 5 mejores perfumes de invierno para hombre. En invierno tendemos a irnos a fragancias m\u00e1s c\u00e1lidas e intensas.","breadcrumb":{"@id":"https:\/\/www.arenal.com\/blog\/perfumes-de-invierno-para-hombre#breadcrumb"},"inLanguage":"es","potentialAction":[{"@type":"ReadAction","target":["https:\/\/www.arenal.com\/blog\/perfumes-de-invierno-para-hombre"]}]},{"@type":"ImageObject","inLanguage":"es","@id":"https:\/\/www.arenal.com\/blog\/perfumes-de-invierno-para-hombre#primaryimage","url":"https:\/\/www.arenal.com\/blog\/wp-content\/uploads\/2022\/11\/perfumes-de-hombre-mas-vendidos.png","contentUrl":"https:\/\/www.arenal.com\/blog\/wp-content\/uploads\/2022\/11\/perfumes-de-hombre-mas-vendidos.png","width":1140,"height":641},{"@type":"BreadcrumbList","@id":"https:\/\/www.arenal.com\/blog\/perfumes-de-invierno-para-hombre#breadcrumb","itemListElement":[{"@type":"ListItem","position":1,"name":"Comparativas","item":"https:\/\/www.arenal.com\/blog\/rankings-top-productos"},{"@type":"ListItem","position":2,"name":"Perfumes de invierno para hombre"}]},{"@type":"WebSite","@id":"https:\/\/www.arenal.com\/blog\/#website","url":"https:\/\/www.arenal.com\/blog\/","name":"Blog de Arenal","description":"","potentialAction":[{"@type":"SearchAction","target":{"@type":"EntryPoint","urlTemplate":"https:\/\/www.arenal.com\/blog\/?s={search_term_string}"},"query-input":{"@type":"PropertyValueSpecification","valueRequired":true,"valueName":"search_term_string"}}],"inLanguage":"es"},{"@type":"Person","@id":"https:\/\/www.arenal.com\/blog\/#\/schema\/person\/75c321b161941947bdc15ffde9d6241f","name":"arenal","image":{"@type":"ImageObject","inLanguage":"es","@id":"https:\/\/secure.gravatar.com\/avatar\/e930b117f1433c3126018d5f63c8b2d59f2a86bdb0425d8e5c9b3c027c902408?s=96&d=mm&r=g","url":"https:\/\/secure.gravatar.com\/avatar\/e930b117f1433c3126018d5f63c8b2d59f2a86bdb0425d8e5c9b3c027c902408?s=96&d=mm&r=g","contentUrl":"https:\/\/secure.gravatar.com\/avatar\/e930b117f1433c3126018d5f63c8b2d59f2a86bdb0425d8e5c9b3c027c902408?s=96&d=mm&r=g","caption":"arenal"},"url":"https:\/\/www.arenal.com\/blog\/author\/arenal"}]}},"_links":{"self":[{"href":"https:\/\/www.arenal.com\/blog\/wp-json\/wp\/v2\/posts\/2953","targetHints":{"allow":["GET"]}}],"collection":[{"href":"https:\/\/www.arenal.com\/blog\/wp-json\/wp\/v2\/posts"}],"about":[{"href":"https:\/\/www.arenal.com\/blog\/wp-json\/wp\/v2\/types\/post"}],"author":[{"embeddable":true,"href":"https:\/\/www.arenal.com\/blog\/wp-json\/wp\/v2\/users\/2"}],"replies":[{"embeddable":true,"href":"https:\/\/www.arenal.com\/blog\/wp-json\/wp\/v2\/comments?post=2953"}],"version-history":[{"count":5,"href":"https:\/\/www.arenal.com\/blog\/wp-json\/wp\/v2\/posts\/2953\/revisions"}],"predecessor-version":[{"id":5907,"href":"https:\/\/www.arenal.com\/blog\/wp-json\/wp\/v2\/posts\/2953\/revisions\/5907"}],"wp:featuredmedia":[{"embeddable":true,"href":"https:\/\/www.arenal.com\/blog\/wp-json\/wp\/v2\/media\/2785"}],"wp:attachment":[{"href":"https:\/\/www.arenal.com\/blog\/wp-json\/wp\/v2\/media?parent=2953"}],"wp:term":[{"taxonomy":"category","embeddable":true,"href":"https:\/\/www.arenal.com\/blog\/wp-json\/wp\/v2\/categories?post=2953"},{"taxonomy":"post_tag","embeddable":true,"href":"https:\/\/www.arenal.com\/blog\/wp-json\/wp\/v2\/tags?post=2953"}],"curies":[{"name":"wp","href":"https:\/\/api.w.org\/{rel}","templated":true}]}}