{"id":2936,"date":"2023-01-09T10:34:34","date_gmt":"2023-01-09T09:34:34","guid":{"rendered":"https:\/\/www.arenal.com\/blog\/?p=2936"},"modified":"2024-12-24T11:31:58","modified_gmt":"2024-12-24T10:31:58","slug":"maquillaje-efecto-frio-tendencia-de-tiktok-para-este-invierno","status":"publish","type":"post","link":"https:\/\/www.arenal.com\/blog\/maquillaje-efecto-frio-tendencia-de-tiktok-para-este-invierno","title":{"rendered":"Maquillaje Efecto Fr\u00edo: tendencia de Tiktok para este invierno"},"content":{"rendered":"\n<p>El efecto <strong><em>I\u2019m cold <\/em><\/strong>o <strong>maquillaje efecto fr\u00edo<\/strong> es una nueva tendencia que se ha hecho muy popular en TikTok. Este da una apariencia m\u00e1s suave, pero a la vez le da vida al rostro y lo deja con un aspecto muy natural.<\/p>\n\n\n\n<p>Se trata de <strong>simular el efecto <\/strong>que se produce en la cara cuando se expone al fr\u00edo, es decir, las mejillas y la punta de la nariz enrojecidas, replicando el efecto invierno y lo que causan sus bajas temperaturas.<\/p>\n\n\n\n<h2 class=\"wp-block-heading\"><strong>Maquillaje Efecto Fr\u00edo: \u00bfEn qu\u00e9 consiste?<\/strong><\/h2>\n\n\n\n<p>El <strong>maquillaje efecto fr\u00edo<\/strong> consiste en que la piel se vea ligeramente roja o quemada en \u00e1reas muy puntuales (tal como ocurre cuando hay bajas temperaturas). Para eso se usan tonos <strong>m\u00e1s mates y menos brillantes<\/strong>. Para conseguir ese <em>look <\/em>se utiliza b\u00e1sicamente un <strong>colorete y una base neutra.<\/strong><\/p>\n\n\n\n<p>Lograrlo es muy f\u00e1cil, pues despu\u00e9s de dejar la piel lista con <strong>base y corrector,<\/strong> se a\u00f1ade en la nariz y las mejillas una pincelada de <strong>colorete rojo o rosa<\/strong> fuerte, luego se difumina suavemente para que el <strong>color<\/strong> quede repartido y ya tenemos el efecto invierno. Para <strong>complementar el <em>look<\/em>,<\/strong> lo siguiente es usar un <a href=\"https:\/\/www.arenal.com\/maquillaje\/ojos\/delineadores-de-ojos\/c\/1_0000000647\">delineador de ojos<\/a>, m\u00e1scara de pesta\u00f1a, un poco de <a href=\"https:\/\/www.arenal.com\/maquillaje\/rostro\/polvos\/c\/1_0000000641\"><strong>polvos trasl\u00facidos<\/strong><\/a> y un buen labial.<\/p>\n\n\n\n<p>Lo mejor es que este maquillaje viene bien tanto si eres <strong>rubia como si eres morena<\/strong>. Para lucir esta tendencia y sacarle el mejor provecho debes seguir los <strong>siguientes pasos<\/strong>:<\/p>\n\n\n\n<ul class=\"wp-block-list\">\n<li>Limpia la piel y aplica <a href=\"https:\/\/www.arenal.com\/cosmetica\/cosmetica-facial\/hidratantes-y-nutritivas\/cremas\/c\/1_0000000675\"><strong>crema hidratante<\/strong><\/a> y protector solar. Esto es fundamental, independientemente de que lleves maquillaje o no.<\/li>\n\n\n\n<li>Aplica la <a href=\"https:\/\/www.arenal.com\/maquillaje\/rostro\/bases-de-maquillaje\/c\/1_0000000639\"><strong>base<\/strong><\/a><strong> neutra<\/strong> de manera que quede uniforme y natural. No te excedas, pues podr\u00e1s obtener un efecto contrario al que quieres y <strong>arruinar\u00e1s tu maquillaje<\/strong>.<\/li>\n\n\n\n<li>Aplica unos toquecitos de <a href=\"https:\/\/www.arenal.com\/maquillaje\/rostro\/correctores\/c\/1_0000000645\"><strong>corrector<\/strong><\/a><strong> y un poco de polvo<\/strong>, idealmente transl\u00facido.<\/li>\n\n\n\n<li>Usa un poco de <strong>colorete en la mejilla<\/strong> y nariz y difum\u00ednalo bien.<\/li>\n\n\n\n<li>Agrega un poco de<strong> blush<\/strong> para generar algo de brillo.<\/li>\n\n\n\n<li>Ponte <a href=\"https:\/\/www.arenal.com\/maquillaje\/ojos\/mascaras-de-pestanas\/c\/1_0000000649\"><strong>m\u00e1scara de pesta\u00f1as<\/strong><\/a> para resaltar tu mirada.<\/li>\n\n\n\n<li>Lo \u00faltimo para lograr este <em>look<\/em>, pero no menos importante, es que te apliques el <a href=\"https:\/\/www.arenal.com\/maquillaje\/labios\/c\/1_0000000634\"><strong>labial<\/strong><\/a>(en tonos naturales)<strong>, <\/strong>no sin antes ponerte algo de protector o b\u00e1lsamo.<\/li>\n<\/ul>\n\n\n\n<h2 class=\"wp-block-heading\"><strong>I\u2019m Cold Makeup: Consejos pr\u00e1cticos<\/strong><\/h2>\n\n\n\n<p>Algunos<strong> consejos<\/strong> que puedes tener en cuenta si quieres usar este tipo de <a href=\"https:\/\/www.arenal.com\/maquillaje\/c\/1_0000000003\">maquillaje<\/a>:<\/p>\n\n\n\n<ul class=\"wp-block-list\">\n<li>Un <strong>acabado mate <\/strong>combina perfecto con esta tendencia. Lo logras con un poco de polvo trasl\u00facido al final. Eso s\u00ed, es importante no excederse. Recuerda que los hay de diferentes marcas y texturas.<\/li>\n\n\n\n<li><a href=\"https:\/\/www.arenal.com\/maquillaje\/rostro\/iluminadores\/c\/1_0000000644\"><strong>Iluminador<\/strong><\/a>: el iluminador tambi\u00e9n puede jugar un papel importante en el<strong><em> I\u2019m cold makeup. <\/em><\/strong>Si lo pones como un toque final en el puente y la punta de la nariz le dar\u00e1 vida a tu rostro.<\/li>\n\n\n\n<li><strong>Blush adecuado:<\/strong> debes elegir el tono que mejor se acomode a tu piel. Lo ideal es que primero lo pruebes en tu antebrazo. Este <em>look <\/em>requiere <strong>verse natural. <\/strong>Una recomendaci\u00f3n es <strong>memorizar los puntos estrat\u00e9gicos<\/strong> donde lo apliques, ya que te servir\u00e1n de referencia para ponerte el colorete.<\/li>\n\n\n\n<li>Escoge un <strong>colorete mate. <\/strong>El rojo, rosado o melocot\u00f3n son los colores m\u00e1s populares.<\/li>\n<\/ul>\n\n\n\n<p>Recuerda que, aunque hay una amplia <strong>gama de <\/strong><a href=\"https:\/\/www.arenal.com\/maquillaje\/rostro\/coloretes\/c\/1_0000000642\"><strong>coloretes <\/strong><\/a>en la que podr\u00e1s escoger tonos, texturas y brillos, puedes buscar el que m\u00e1s te guste. Sin embargo, la idea es poner un efecto invierno, por tanto elige un color acorde.<\/p>\n\n\n\n<p>Aplica la <strong>cantidad adecuada<\/strong> con la que veas que se logra el efecto del <strong>maquillaje fr\u00edo<\/strong>. Si pones de m\u00e1s, tu nariz podr\u00e1 verse como si hubieras sufrido un golpe y no como si se hubiera quemado suavemente con el fr\u00edo.<\/p>\n\n\n\n<p>Si sientes que te has pasado a la hora de aplicarte el colorete, puedes <strong>retirar el exceso<\/strong> con una toallita h\u00fameda o con suaves golpecitos con un algod\u00f3n y un poco de <strong>t\u00f3nico o crema facial<\/strong>. Deja que seque un poco y luego ponle <strong>polvo transl\u00facido <\/strong>encima.<\/p>\n\n\n\n<p>Adem\u00e1s de los<strong> productos clave <\/strong>que aqu\u00ed se mencionan<strong>,<\/strong> hay otros que vale la pena tener en cuenta con este tipo de maquillaje, como el uso de <strong>bases ligeras o hidratantes<\/strong> que ayudan a unificar el tono y no te dejan parches en la piel, las cremas con protecci\u00f3n solar y el <strong>desmaquillante <\/strong>(nunca puedes olvidar retirar tu maquillaje antes de dormir). Toda esta combinaci\u00f3n ayudar\u00e1 a que luzcas de impacto, muy a la moda y con tu<strong> piel muy sana<\/strong>.<\/p>\n\n\n\n<p>El<strong><em> I\u2019m Cold<\/em><\/strong> es, en definitiva, una de las <a href=\"https:\/\/www.arenal.com\/blog\/maquillaje-fin-de-ano\">tendencias de maquillaje para esta temporada de fiestas<\/a>. Recuerda que cuidar tu rostro es el primer paso para que le saques partido con cualquier producto que uses; sin embargo, no olvides que para esta zona de tu cuerpo no basta solo con utilizar lo que est\u00e1 de moda, sino las <a href=\"https:\/\/www.arenal.com\/maquillaje\/rostro\/c\/1_0000000638\">marcas de maquillaje que garanticen tu seguridad<\/a> (con las que no le vayas hacer da\u00f1o a tu piel).<\/p>\n","protected":false},"excerpt":{"rendered":"<p>Conoce c\u00f3mo recrear el maquillaje efecto fr\u00edo, la tendencia de Tiktok que arrasa este invierno. <\/p>\n","protected":false},"author":2,"featured_media":2937,"comment_status":"open","ping_status":"open","sticky":false,"template":"","format":"standard","meta":{"footnotes":""},"categories":[661,626,231],"tags":[],"class_list":["post-2936","post","type-post","status-publish","format-standard","has-post-thumbnail","hentry","category-tutoriales-de-maquillaje","category-tutoriales","category-consejos-y-rutinas-de-maquillaje"],"featured_image_src":"https:\/\/www.arenal.com\/blog\/wp-content\/uploads\/2023\/01\/im-cold-makeup.jpg","author_info":{"display_name":"arenal","author_link":"https:\/\/www.arenal.com\/blog\/author\/arenal"},"yoast_head":"<!-- This site is optimized with the Yoast SEO plugin v27.4 - https:\/\/yoast.com\/product\/yoast-seo-wordpress\/ -->\n<title>Maquillaje Efecto Fr\u00edo | Blog de Arenal<\/title>\n<meta name=\"description\" content=\"Conoce c\u00f3mo recrear el maquillaje efecto fr\u00edo, la tendencia de Tiktok que arrasa este invierno. \u00a1No te lo pierdas!\" \/>\n<meta name=\"robots\" content=\"index, follow, max-snippet:-1, max-image-preview:large, max-video-preview:-1\" \/>\n<link rel=\"canonical\" href=\"https:\/\/www.arenal.com\/blog\/maquillaje-efecto-frio-tendencia-de-tiktok-para-este-invierno\" \/>\n<meta property=\"og:locale\" content=\"es_ES\" \/>\n<meta property=\"og:type\" content=\"article\" \/>\n<meta property=\"og:title\" content=\"Maquillaje Efecto Fr\u00edo | Blog de Arenal\" \/>\n<meta property=\"og:description\" content=\"Conoce c\u00f3mo recrear el maquillaje efecto fr\u00edo, la tendencia de Tiktok que arrasa este invierno. \u00a1No te lo pierdas!\" \/>\n<meta property=\"og:url\" content=\"https:\/\/www.arenal.com\/blog\/maquillaje-efecto-frio-tendencia-de-tiktok-para-este-invierno\" \/>\n<meta property=\"og:site_name\" content=\"Blog de Arenal\" \/>\n<meta property=\"article:published_time\" content=\"2023-01-09T09:34:34+00:00\" \/>\n<meta property=\"article:modified_time\" content=\"2024-12-24T10:31:58+00:00\" \/>\n<meta property=\"og:image\" content=\"https:\/\/www.arenal.com\/blog\/wp-content\/uploads\/2023\/01\/im-cold-makeup.jpg\" \/>\n\t<meta property=\"og:image:width\" content=\"1140\" \/>\n\t<meta property=\"og:image:height\" content=\"641\" \/>\n\t<meta property=\"og:image:type\" content=\"image\/jpeg\" \/>\n<meta name=\"author\" content=\"arenal\" \/>\n<meta name=\"twitter:card\" content=\"summary_large_image\" \/>\n<meta name=\"twitter:label1\" content=\"Escrito por\" \/>\n\t<meta name=\"twitter:data1\" content=\"arenal\" \/>\n\t<meta name=\"twitter:label2\" content=\"Tiempo de lectura\" \/>\n\t<meta name=\"twitter:data2\" content=\"4 minutos\" \/>\n<script type=\"application\/ld+json\" class=\"yoast-schema-graph\">{\"@context\":\"https:\\\/\\\/schema.org\",\"@graph\":[{\"@type\":\"Article\",\"@id\":\"https:\\\/\\\/www.arenal.com\\\/blog\\\/maquillaje-efecto-frio-tendencia-de-tiktok-para-este-invierno#article\",\"isPartOf\":{\"@id\":\"https:\\\/\\\/www.arenal.com\\\/blog\\\/maquillaje-efecto-frio-tendencia-de-tiktok-para-este-invierno\"},\"author\":{\"name\":\"arenal\",\"@id\":\"https:\\\/\\\/www.arenal.com\\\/blog\\\/#\\\/schema\\\/person\\\/75c321b161941947bdc15ffde9d6241f\"},\"headline\":\"Maquillaje Efecto Fr\u00edo: tendencia de Tiktok para este invierno\",\"datePublished\":\"2023-01-09T09:34:34+00:00\",\"dateModified\":\"2024-12-24T10:31:58+00:00\",\"mainEntityOfPage\":{\"@id\":\"https:\\\/\\\/www.arenal.com\\\/blog\\\/maquillaje-efecto-frio-tendencia-de-tiktok-para-este-invierno\"},\"wordCount\":847,\"commentCount\":0,\"image\":{\"@id\":\"https:\\\/\\\/www.arenal.com\\\/blog\\\/maquillaje-efecto-frio-tendencia-de-tiktok-para-este-invierno#primaryimage\"},\"thumbnailUrl\":\"https:\\\/\\\/www.arenal.com\\\/blog\\\/wp-content\\\/uploads\\\/2023\\\/01\\\/im-cold-makeup.jpg\",\"articleSection\":[\"Tutoriales de maquillaje\",\"Tutoriales\",\"Maquillaje\"],\"inLanguage\":\"es\",\"potentialAction\":[{\"@type\":\"CommentAction\",\"name\":\"Comment\",\"target\":[\"https:\\\/\\\/www.arenal.com\\\/blog\\\/maquillaje-efecto-frio-tendencia-de-tiktok-para-este-invierno#respond\"]}]},{\"@type\":\"WebPage\",\"@id\":\"https:\\\/\\\/www.arenal.com\\\/blog\\\/maquillaje-efecto-frio-tendencia-de-tiktok-para-este-invierno\",\"url\":\"https:\\\/\\\/www.arenal.com\\\/blog\\\/maquillaje-efecto-frio-tendencia-de-tiktok-para-este-invierno\",\"name\":\"Maquillaje Efecto Fr\u00edo | Blog de Arenal\",\"isPartOf\":{\"@id\":\"https:\\\/\\\/www.arenal.com\\\/blog\\\/#website\"},\"primaryImageOfPage\":{\"@id\":\"https:\\\/\\\/www.arenal.com\\\/blog\\\/maquillaje-efecto-frio-tendencia-de-tiktok-para-este-invierno#primaryimage\"},\"image\":{\"@id\":\"https:\\\/\\\/www.arenal.com\\\/blog\\\/maquillaje-efecto-frio-tendencia-de-tiktok-para-este-invierno#primaryimage\"},\"thumbnailUrl\":\"https:\\\/\\\/www.arenal.com\\\/blog\\\/wp-content\\\/uploads\\\/2023\\\/01\\\/im-cold-makeup.jpg\",\"datePublished\":\"2023-01-09T09:34:34+00:00\",\"dateModified\":\"2024-12-24T10:31:58+00:00\",\"author\":{\"@id\":\"https:\\\/\\\/www.arenal.com\\\/blog\\\/#\\\/schema\\\/person\\\/75c321b161941947bdc15ffde9d6241f\"},\"description\":\"Conoce c\u00f3mo recrear el maquillaje efecto fr\u00edo, la tendencia de Tiktok que arrasa este invierno. \u00a1No te lo pierdas!\",\"breadcrumb\":{\"@id\":\"https:\\\/\\\/www.arenal.com\\\/blog\\\/maquillaje-efecto-frio-tendencia-de-tiktok-para-este-invierno#breadcrumb\"},\"inLanguage\":\"es\",\"potentialAction\":[{\"@type\":\"ReadAction\",\"target\":[\"https:\\\/\\\/www.arenal.com\\\/blog\\\/maquillaje-efecto-frio-tendencia-de-tiktok-para-este-invierno\"]}]},{\"@type\":\"ImageObject\",\"inLanguage\":\"es\",\"@id\":\"https:\\\/\\\/www.arenal.com\\\/blog\\\/maquillaje-efecto-frio-tendencia-de-tiktok-para-este-invierno#primaryimage\",\"url\":\"https:\\\/\\\/www.arenal.com\\\/blog\\\/wp-content\\\/uploads\\\/2023\\\/01\\\/im-cold-makeup.jpg\",\"contentUrl\":\"https:\\\/\\\/www.arenal.com\\\/blog\\\/wp-content\\\/uploads\\\/2023\\\/01\\\/im-cold-makeup.jpg\",\"width\":1140,\"height\":641},{\"@type\":\"BreadcrumbList\",\"@id\":\"https:\\\/\\\/www.arenal.com\\\/blog\\\/maquillaje-efecto-frio-tendencia-de-tiktok-para-este-invierno#breadcrumb\",\"itemListElement\":[{\"@type\":\"ListItem\",\"position\":1,\"name\":\"Maquillaje\",\"item\":\"https:\\\/\\\/www.arenal.com\\\/blog\\\/consejos-y-rutinas-de-maquillaje\"},{\"@type\":\"ListItem\",\"position\":2,\"name\":\"Maquillaje Efecto Fr\u00edo: tendencia de Tiktok para este invierno\"}]},{\"@type\":\"WebSite\",\"@id\":\"https:\\\/\\\/www.arenal.com\\\/blog\\\/#website\",\"url\":\"https:\\\/\\\/www.arenal.com\\\/blog\\\/\",\"name\":\"Blog de Arenal\",\"description\":\"\",\"potentialAction\":[{\"@type\":\"SearchAction\",\"target\":{\"@type\":\"EntryPoint\",\"urlTemplate\":\"https:\\\/\\\/www.arenal.com\\\/blog\\\/?s={search_term_string}\"},\"query-input\":{\"@type\":\"PropertyValueSpecification\",\"valueRequired\":true,\"valueName\":\"search_term_string\"}}],\"inLanguage\":\"es\"},{\"@type\":\"Person\",\"@id\":\"https:\\\/\\\/www.arenal.com\\\/blog\\\/#\\\/schema\\\/person\\\/75c321b161941947bdc15ffde9d6241f\",\"name\":\"arenal\",\"image\":{\"@type\":\"ImageObject\",\"inLanguage\":\"es\",\"@id\":\"https:\\\/\\\/secure.gravatar.com\\\/avatar\\\/e930b117f1433c3126018d5f63c8b2d59f2a86bdb0425d8e5c9b3c027c902408?s=96&d=mm&r=g\",\"url\":\"https:\\\/\\\/secure.gravatar.com\\\/avatar\\\/e930b117f1433c3126018d5f63c8b2d59f2a86bdb0425d8e5c9b3c027c902408?s=96&d=mm&r=g\",\"contentUrl\":\"https:\\\/\\\/secure.gravatar.com\\\/avatar\\\/e930b117f1433c3126018d5f63c8b2d59f2a86bdb0425d8e5c9b3c027c902408?s=96&d=mm&r=g\",\"caption\":\"arenal\"},\"url\":\"https:\\\/\\\/www.arenal.com\\\/blog\\\/author\\\/arenal\"}]}<\/script>\n<!-- \/ Yoast SEO plugin. -->","yoast_head_json":{"title":"Maquillaje Efecto Fr\u00edo | Blog de Arenal","description":"Conoce c\u00f3mo recrear el maquillaje efecto fr\u00edo, la tendencia de Tiktok que arrasa este invierno. \u00a1No te lo pierdas!","robots":{"index":"index","follow":"follow","max-snippet":"max-snippet:-1","max-image-preview":"max-image-preview:large","max-video-preview":"max-video-preview:-1"},"canonical":"https:\/\/www.arenal.com\/blog\/maquillaje-efecto-frio-tendencia-de-tiktok-para-este-invierno","og_locale":"es_ES","og_type":"article","og_title":"Maquillaje Efecto Fr\u00edo | Blog de Arenal","og_description":"Conoce c\u00f3mo recrear el maquillaje efecto fr\u00edo, la tendencia de Tiktok que arrasa este invierno. \u00a1No te lo pierdas!","og_url":"https:\/\/www.arenal.com\/blog\/maquillaje-efecto-frio-tendencia-de-tiktok-para-este-invierno","og_site_name":"Blog de Arenal","article_published_time":"2023-01-09T09:34:34+00:00","article_modified_time":"2024-12-24T10:31:58+00:00","og_image":[{"width":1140,"height":641,"url":"https:\/\/www.arenal.com\/blog\/wp-content\/uploads\/2023\/01\/im-cold-makeup.jpg","type":"image\/jpeg"}],"author":"arenal","twitter_card":"summary_large_image","twitter_misc":{"Escrito por":"arenal","Tiempo de lectura":"4 minutos"},"schema":{"@context":"https:\/\/schema.org","@graph":[{"@type":"Article","@id":"https:\/\/www.arenal.com\/blog\/maquillaje-efecto-frio-tendencia-de-tiktok-para-este-invierno#article","isPartOf":{"@id":"https:\/\/www.arenal.com\/blog\/maquillaje-efecto-frio-tendencia-de-tiktok-para-este-invierno"},"author":{"name":"arenal","@id":"https:\/\/www.arenal.com\/blog\/#\/schema\/person\/75c321b161941947bdc15ffde9d6241f"},"headline":"Maquillaje Efecto Fr\u00edo: tendencia de Tiktok para este invierno","datePublished":"2023-01-09T09:34:34+00:00","dateModified":"2024-12-24T10:31:58+00:00","mainEntityOfPage":{"@id":"https:\/\/www.arenal.com\/blog\/maquillaje-efecto-frio-tendencia-de-tiktok-para-este-invierno"},"wordCount":847,"commentCount":0,"image":{"@id":"https:\/\/www.arenal.com\/blog\/maquillaje-efecto-frio-tendencia-de-tiktok-para-este-invierno#primaryimage"},"thumbnailUrl":"https:\/\/www.arenal.com\/blog\/wp-content\/uploads\/2023\/01\/im-cold-makeup.jpg","articleSection":["Tutoriales de maquillaje","Tutoriales","Maquillaje"],"inLanguage":"es","potentialAction":[{"@type":"CommentAction","name":"Comment","target":["https:\/\/www.arenal.com\/blog\/maquillaje-efecto-frio-tendencia-de-tiktok-para-este-invierno#respond"]}]},{"@type":"WebPage","@id":"https:\/\/www.arenal.com\/blog\/maquillaje-efecto-frio-tendencia-de-tiktok-para-este-invierno","url":"https:\/\/www.arenal.com\/blog\/maquillaje-efecto-frio-tendencia-de-tiktok-para-este-invierno","name":"Maquillaje Efecto Fr\u00edo | Blog de Arenal","isPartOf":{"@id":"https:\/\/www.arenal.com\/blog\/#website"},"primaryImageOfPage":{"@id":"https:\/\/www.arenal.com\/blog\/maquillaje-efecto-frio-tendencia-de-tiktok-para-este-invierno#primaryimage"},"image":{"@id":"https:\/\/www.arenal.com\/blog\/maquillaje-efecto-frio-tendencia-de-tiktok-para-este-invierno#primaryimage"},"thumbnailUrl":"https:\/\/www.arenal.com\/blog\/wp-content\/uploads\/2023\/01\/im-cold-makeup.jpg","datePublished":"2023-01-09T09:34:34+00:00","dateModified":"2024-12-24T10:31:58+00:00","author":{"@id":"https:\/\/www.arenal.com\/blog\/#\/schema\/person\/75c321b161941947bdc15ffde9d6241f"},"description":"Conoce c\u00f3mo recrear el maquillaje efecto fr\u00edo, la tendencia de Tiktok que arrasa este invierno. \u00a1No te lo pierdas!","breadcrumb":{"@id":"https:\/\/www.arenal.com\/blog\/maquillaje-efecto-frio-tendencia-de-tiktok-para-este-invierno#breadcrumb"},"inLanguage":"es","potentialAction":[{"@type":"ReadAction","target":["https:\/\/www.arenal.com\/blog\/maquillaje-efecto-frio-tendencia-de-tiktok-para-este-invierno"]}]},{"@type":"ImageObject","inLanguage":"es","@id":"https:\/\/www.arenal.com\/blog\/maquillaje-efecto-frio-tendencia-de-tiktok-para-este-invierno#primaryimage","url":"https:\/\/www.arenal.com\/blog\/wp-content\/uploads\/2023\/01\/im-cold-makeup.jpg","contentUrl":"https:\/\/www.arenal.com\/blog\/wp-content\/uploads\/2023\/01\/im-cold-makeup.jpg","width":1140,"height":641},{"@type":"BreadcrumbList","@id":"https:\/\/www.arenal.com\/blog\/maquillaje-efecto-frio-tendencia-de-tiktok-para-este-invierno#breadcrumb","itemListElement":[{"@type":"ListItem","position":1,"name":"Maquillaje","item":"https:\/\/www.arenal.com\/blog\/consejos-y-rutinas-de-maquillaje"},{"@type":"ListItem","position":2,"name":"Maquillaje Efecto Fr\u00edo: tendencia de Tiktok para este invierno"}]},{"@type":"WebSite","@id":"https:\/\/www.arenal.com\/blog\/#website","url":"https:\/\/www.arenal.com\/blog\/","name":"Blog de Arenal","description":"","potentialAction":[{"@type":"SearchAction","target":{"@type":"EntryPoint","urlTemplate":"https:\/\/www.arenal.com\/blog\/?s={search_term_string}"},"query-input":{"@type":"PropertyValueSpecification","valueRequired":true,"valueName":"search_term_string"}}],"inLanguage":"es"},{"@type":"Person","@id":"https:\/\/www.arenal.com\/blog\/#\/schema\/person\/75c321b161941947bdc15ffde9d6241f","name":"arenal","image":{"@type":"ImageObject","inLanguage":"es","@id":"https:\/\/secure.gravatar.com\/avatar\/e930b117f1433c3126018d5f63c8b2d59f2a86bdb0425d8e5c9b3c027c902408?s=96&d=mm&r=g","url":"https:\/\/secure.gravatar.com\/avatar\/e930b117f1433c3126018d5f63c8b2d59f2a86bdb0425d8e5c9b3c027c902408?s=96&d=mm&r=g","contentUrl":"https:\/\/secure.gravatar.com\/avatar\/e930b117f1433c3126018d5f63c8b2d59f2a86bdb0425d8e5c9b3c027c902408?s=96&d=mm&r=g","caption":"arenal"},"url":"https:\/\/www.arenal.com\/blog\/author\/arenal"}]}},"_links":{"self":[{"href":"https:\/\/www.arenal.com\/blog\/wp-json\/wp\/v2\/posts\/2936","targetHints":{"allow":["GET"]}}],"collection":[{"href":"https:\/\/www.arenal.com\/blog\/wp-json\/wp\/v2\/posts"}],"about":[{"href":"https:\/\/www.arenal.com\/blog\/wp-json\/wp\/v2\/types\/post"}],"author":[{"embeddable":true,"href":"https:\/\/www.arenal.com\/blog\/wp-json\/wp\/v2\/users\/2"}],"replies":[{"embeddable":true,"href":"https:\/\/www.arenal.com\/blog\/wp-json\/wp\/v2\/comments?post=2936"}],"version-history":[{"count":7,"href":"https:\/\/www.arenal.com\/blog\/wp-json\/wp\/v2\/posts\/2936\/revisions"}],"predecessor-version":[{"id":4132,"href":"https:\/\/www.arenal.com\/blog\/wp-json\/wp\/v2\/posts\/2936\/revisions\/4132"}],"wp:featuredmedia":[{"embeddable":true,"href":"https:\/\/www.arenal.com\/blog\/wp-json\/wp\/v2\/media\/2937"}],"wp:attachment":[{"href":"https:\/\/www.arenal.com\/blog\/wp-json\/wp\/v2\/media?parent=2936"}],"wp:term":[{"taxonomy":"category","embeddable":true,"href":"https:\/\/www.arenal.com\/blog\/wp-json\/wp\/v2\/categories?post=2936"},{"taxonomy":"post_tag","embeddable":true,"href":"https:\/\/www.arenal.com\/blog\/wp-json\/wp\/v2\/tags?post=2936"}],"curies":[{"name":"wp","href":"https:\/\/api.w.org\/{rel}","templated":true}]}}