{"id":2699,"date":"2022-10-26T09:00:00","date_gmt":"2022-10-26T08:00:00","guid":{"rendered":"https:\/\/www.arenal.com\/blog\/?p=2699"},"modified":"2025-08-28T08:11:29","modified_gmt":"2025-08-28T07:11:29","slug":"los-5-mejores-serums-con-vitamina-c","status":"publish","type":"post","link":"https:\/\/www.arenal.com\/blog\/los-5-mejores-serums-con-vitamina-c","title":{"rendered":"Los 5 mejores s\u00e9rums con vitamina C"},"content":{"rendered":"\n<p>La piel es nuestra carta de presentaci\u00f3n, raz\u00f3n suficiente para proporcionarle el m\u00e1ximo cuidado; principalmente con una buena alimentaci\u00f3n e hidrataci\u00f3n. Pero no es todo, tambi\u00e9n podemos valernos de un <strong>sinf\u00edn de productos cosm\u00e9ticos<\/strong> que est\u00e1n a nuestra disposici\u00f3n, entre ellos los s\u00e9rums. Tambi\u00e9n existen numerosos compuestos e ingredientes que se les a\u00f1aden para mejorar su eficacia y sus resultados, como la vitamina C. Ahora bien, en el mercado existe una enorme cantidad de s\u00e9rums, \u00bfcu\u00e1l es el mejor?<\/p>\n\n\n\n<p>No te preocupes, vas a descubrir <strong>los 5 mejores s\u00e9rums con vitamina C.<\/strong> Pero antes hablemos un poco sobre qu\u00e9 es y las ventajas que proporciona a la piel.<\/p>\n\n\n\n<div id=\"ez-toc-container\" class=\"ez-toc-v2_0_82_2 counter-hierarchy ez-toc-counter ez-toc-custom ez-toc-container-direction\">\n<div class=\"ez-toc-title-container\">\n<p class=\"ez-toc-title\" style=\"cursor:inherit\">Indice de contenidos<\/p>\n<span class=\"ez-toc-title-toggle\"><a href=\"#\" class=\"ez-toc-pull-right ez-toc-btn ez-toc-btn-xs ez-toc-btn-default ez-toc-toggle\" aria-label=\"Alternar tabla de contenidos\"><span class=\"ez-toc-js-icon-con\"><span class=\"\"><span class=\"eztoc-hide\" style=\"display:none;\">Toggle<\/span><span class=\"ez-toc-icon-toggle-span\"><svg style=\"fill: #000000;color:#000000\" xmlns=\"http:\/\/www.w3.org\/2000\/svg\" class=\"list-377408\" width=\"20px\" height=\"20px\" viewBox=\"0 0 24 24\" fill=\"none\"><path d=\"M6 6H4v2h2V6zm14 0H8v2h12V6zM4 11h2v2H4v-2zm16 0H8v2h12v-2zM4 16h2v2H4v-2zm16 0H8v2h12v-2z\" fill=\"currentColor\"><\/path><\/svg><svg style=\"fill: #000000;color:#000000\" class=\"arrow-unsorted-368013\" xmlns=\"http:\/\/www.w3.org\/2000\/svg\" width=\"10px\" height=\"10px\" viewBox=\"0 0 24 24\" version=\"1.2\" baseProfile=\"tiny\"><path d=\"M18.2 9.3l-6.2-6.3-6.2 6.3c-.2.2-.3.4-.3.7s.1.5.3.7c.2.2.4.3.7.3h11c.3 0 .5-.1.7-.3.2-.2.3-.5.3-.7s-.1-.5-.3-.7zM5.8 14.7l6.2 6.3 6.2-6.3c.2-.2.3-.5.3-.7s-.1-.5-.3-.7c-.2-.2-.4-.3-.7-.3h-11c-.3 0-.5.1-.7.3-.2.2-.3.5-.3.7s.1.5.3.7z\"\/><\/svg><\/span><\/span><\/span><\/a><\/span><\/div>\n<nav><ul class='ez-toc-list ez-toc-list-level-1 ' ><li class='ez-toc-page-1 ez-toc-heading-level-2'><a class=\"ez-toc-link ez-toc-heading-1\" href=\"https:\/\/www.arenal.com\/blog\/los-5-mejores-serums-con-vitamina-c\/#%C2%BFQue_es_el_serum_con_vitamina_C\" >\u00bfQu\u00e9 es el s\u00e9rum con vitamina C?<\/a><ul class='ez-toc-list-level-3' ><li class='ez-toc-heading-level-3'><a class=\"ez-toc-link ez-toc-heading-2\" href=\"https:\/\/www.arenal.com\/blog\/los-5-mejores-serums-con-vitamina-c\/#Modo_de_empleo\" >Modo de empleo<\/a><\/li><\/ul><\/li><li class='ez-toc-page-1 ez-toc-heading-level-2'><a class=\"ez-toc-link ez-toc-heading-3\" href=\"https:\/\/www.arenal.com\/blog\/los-5-mejores-serums-con-vitamina-c\/#Beneficios_que_proporciona_el_serum_con_vitamina_C\" >Beneficios que proporciona el s\u00e9rum con vitamina C<\/a><ul class='ez-toc-list-level-3' ><li class='ez-toc-heading-level-3'><a class=\"ez-toc-link ez-toc-heading-4\" href=\"https:\/\/www.arenal.com\/blog\/los-5-mejores-serums-con-vitamina-c\/#Efecto_antiedad\" >Efecto antiedad<\/a><\/li><li class='ez-toc-page-1 ez-toc-heading-level-3'><a class=\"ez-toc-link ez-toc-heading-5\" href=\"https:\/\/www.arenal.com\/blog\/los-5-mejores-serums-con-vitamina-c\/#Estimula_la_produccion_natural_de_colageno\" >Estimula la producci\u00f3n natural de col\u00e1geno<\/a><\/li><li class='ez-toc-page-1 ez-toc-heading-level-3'><a class=\"ez-toc-link ez-toc-heading-6\" href=\"https:\/\/www.arenal.com\/blog\/los-5-mejores-serums-con-vitamina-c\/#Luminosidad_en_la_piel\" >Luminosidad en la piel<\/a><\/li><li class='ez-toc-page-1 ez-toc-heading-level-3'><a class=\"ez-toc-link ez-toc-heading-7\" href=\"https:\/\/www.arenal.com\/blog\/los-5-mejores-serums-con-vitamina-c\/#Combate_los_efectos_nocivos_de_la_exposicion_solar\" >Combate los efectos nocivos de la exposici\u00f3n solar<\/a><\/li><li class='ez-toc-page-1 ez-toc-heading-level-3'><a class=\"ez-toc-link ez-toc-heading-8\" href=\"https:\/\/www.arenal.com\/blog\/los-5-mejores-serums-con-vitamina-c\/#Unifica_la_piel\" >Unifica la piel<\/a><\/li><\/ul><\/li><li class='ez-toc-page-1 ez-toc-heading-level-2'><a class=\"ez-toc-link ez-toc-heading-9\" href=\"https:\/\/www.arenal.com\/blog\/los-5-mejores-serums-con-vitamina-c\/#Los_mejores_serums_con_vitamina_C\" >Los mejores s\u00e9rums con vitamina C<\/a><ul class='ez-toc-list-level-3' ><li class='ez-toc-heading-level-3'><a class=\"ez-toc-link ez-toc-heading-10\" href=\"https:\/\/www.arenal.com\/blog\/los-5-mejores-serums-con-vitamina-c\/#Garnier_Crema_Serum_con_Vitamina_C_y_SPF_25_C\" >Garnier Crema S\u00e9rum con Vitamina C y SPF 25 C<\/a><\/li><li class='ez-toc-page-1 ez-toc-heading-level-3'><a class=\"ez-toc-link ez-toc-heading-11\" href=\"https:\/\/www.arenal.com\/blog\/los-5-mejores-serums-con-vitamina-c\/#Numee_Serum_Iluminador_Vitamina_C\" >Numee S\u00e9rum Iluminador Vitamina C<\/a><\/li><li class='ez-toc-page-1 ez-toc-heading-level-3'><a class=\"ez-toc-link ez-toc-heading-12\" href=\"https:\/\/www.arenal.com\/blog\/los-5-mejores-serums-con-vitamina-c\/#Vitamina_C_de_Olay\" >Vitamina C de Olay<\/a><\/li><li class='ez-toc-page-1 ez-toc-heading-level-3'><a class=\"ez-toc-link ez-toc-heading-13\" href=\"https:\/\/www.arenal.com\/blog\/los-5-mejores-serums-con-vitamina-c\/#Saluvital_Vitamina_C_E_Serum_Antimanchas_y_Antiedad\" >Saluvital Vitamina C+ E S\u00e9rum Antimanchas y Antiedad<\/a><\/li><li class='ez-toc-page-1 ez-toc-heading-level-3'><a class=\"ez-toc-link ez-toc-heading-14\" href=\"https:\/\/www.arenal.com\/blog\/los-5-mejores-serums-con-vitamina-c\/#Serum_Esencial_Antioxidante_de_Nuxe\" >S\u00e9rum Esencial Antioxidante de Nuxe<\/a><\/li><\/ul><\/li><\/ul><\/nav><\/div>\n<h2 class=\"wp-block-heading\"><span class=\"ez-toc-section\" id=\"%C2%BFQue_es_el_serum_con_vitamina_C\"><\/span>\u00bfQu\u00e9 es el s\u00e9rum con vitamina C?<span class=\"ez-toc-section-end\"><\/span><\/h2>\n\n\n\n<p>Es un producto cosm\u00e9tico para el cuidado de la piel <strong>compuesto por activos que aportan hidrataci\u00f3n y nutrici\u00f3n<\/strong>. Posee una textura ultraligera haciendo posible que sus nutrientes penetren mejor en la piel.<\/p>\n\n\n\n<p>Nota: el s\u00e9rum es <strong>ideal para aplicar en el rostro, cuello, escote y manos<\/strong>, pues son las \u00e1reas que est\u00e1n m\u00e1s expuestas al sol.<\/p>\n\n\n\n<h3 class=\"wp-block-heading\"><span class=\"ez-toc-section\" id=\"Modo_de_empleo\"><\/span>Modo de empleo<span class=\"ez-toc-section-end\"><\/span><\/h3>\n\n\n\n<p>A fin de obtener los beneficios del s\u00e9rum con vitamina C, es importante aplicarlo como recomienda el fabricante pues existen diferentes tipos de s\u00e9rum, de modo que es vital leer con atenci\u00f3n las instrucciones que trae al reverso, aunque en l\u00edneas generales, debe aplicarse <strong>sobre la piel previamente limpia y seca,<\/strong> extendiendo el producto con ligeros toques y movimientos circulares de adentro hacia afuera. Eso s\u00ed, en caso de tratarse de gotas, ser\u00e1 conveniente calentar su textura en la mano antes de colocarla en el rostro.<\/p>\n\n\n\n<p><strong>Puede utilizarse tanto de d\u00eda como de noche.<\/strong> Sin embargo, es importante se\u00f1alar que algunos s\u00e9rums no cuentan con protecci\u00f3n SPF. De ser as\u00ed, se recomienda aplicar protecci\u00f3n solar y limitar la exposici\u00f3n solar para evitar quemaduras.<\/p>\n\n\n\n<figure class=\"wp-block-image size-large\"><img loading=\"lazy\" decoding=\"async\" width=\"1024\" height=\"683\" src=\"https:\/\/www.arenal.com\/blog\/wp-content\/uploads\/2024\/09\/serums_con_vitaminac_arenal-v2-1024x683.jpg\" alt=\"\" class=\"wp-image-6320\" srcset=\"https:\/\/www.arenal.com\/blog\/wp-content\/uploads\/2024\/09\/serums_con_vitaminac_arenal-v2-1024x683.jpg 1024w, https:\/\/www.arenal.com\/blog\/wp-content\/uploads\/2024\/09\/serums_con_vitaminac_arenal-v2-300x200.jpg 300w, https:\/\/www.arenal.com\/blog\/wp-content\/uploads\/2024\/09\/serums_con_vitaminac_arenal-v2-768x512.jpg 768w, https:\/\/www.arenal.com\/blog\/wp-content\/uploads\/2024\/09\/serums_con_vitaminac_arenal-v2.jpg 1140w\" sizes=\"auto, (max-width: 1024px) 100vw, 1024px\" \/><\/figure>\n\n\n\n<h2 class=\"wp-block-heading\"><span class=\"ez-toc-section\" id=\"Beneficios_que_proporciona_el_serum_con_vitamina_C\"><\/span>Beneficios que proporciona el s\u00e9rum con vitamina C<span class=\"ez-toc-section-end\"><\/span><\/h2>\n\n\n\n<p>Son muchos los beneficios del s\u00e9rum que se pueden obtener tras usar la versi\u00f3n <strong>con vitamina C<\/strong>, entre los m\u00e1s destacados podemos mencionar:<\/p>\n\n\n\n<h3 class=\"wp-block-heading\"><span class=\"ez-toc-section\" id=\"Efecto_antiedad\"><\/span>Efecto antiedad<span class=\"ez-toc-section-end\"><\/span><\/h3>\n\n\n\n<p>Dado que el s\u00e9rum posee propiedades antioxidantes, es capaz de mantener la lozan\u00eda y jovialidad de la piel; en otras palabras, <strong>previene o evita el proceso de oxidaci\u00f3n<\/strong> causado por la edad, altas temperaturas o estr\u00e9s, entre otros.<\/p>\n\n\n\n<h3 class=\"wp-block-heading\"><span class=\"ez-toc-section\" id=\"Estimula_la_produccion_natural_de_colageno\"><\/span>Estimula la producci\u00f3n natural de col\u00e1geno<span class=\"ez-toc-section-end\"><\/span><\/h3>\n\n\n\n<p>Las propiedades contenidas en el s\u00e9rum generan efectos positivos en la piel, entre ellos la <strong>producci\u00f3n de col\u00e1geno<\/strong>, la sustancia o prote\u00edna del cuerpo que otorga elasticidad y firmeza a la piel, lo que a su vez reduce las arrugas.<\/p>\n\n\n\n<h3 class=\"wp-block-heading\"><span class=\"ez-toc-section\" id=\"Luminosidad_en_la_piel\"><\/span>Luminosidad en la piel<span class=\"ez-toc-section-end\"><\/span><\/h3>\n\n\n\n<p>El s\u00e9rum con vitamina C es especialmente recomendado para <strong>proteger la piel de los agentes externos<\/strong>, permitiendo as\u00ed obtener una piel m\u00e1s radiante e iluminada.<\/p>\n\n\n\n<h3 class=\"wp-block-heading\"><span class=\"ez-toc-section\" id=\"Combate_los_efectos_nocivos_de_la_exposicion_solar\"><\/span>Combate los efectos nocivos de la exposici\u00f3n solar<span class=\"ez-toc-section-end\"><\/span><\/h3>\n\n\n\n<p>El s\u00e9rum tiene la posibilidad de regenerar la piel, <strong>reduciendo y previniendo las manchas solares y la hiperpigmentaci\u00f3n<\/strong>.<\/p>\n\n\n\n<h3 class=\"wp-block-heading\"><span class=\"ez-toc-section\" id=\"Unifica_la_piel\"><\/span>Unifica la piel<span class=\"ez-toc-section-end\"><\/span><\/h3>\n\n\n\n<p>El s\u00e9rum act\u00faa como blanqueador, <strong>haciendo posible la despigmentaci\u00f3n<\/strong>, reduciendo y eliminando las manchas oscuras de la piel y unificando su tono natural.<\/p>\n\n\n\n<h2 class=\"wp-block-heading\"><span class=\"ez-toc-section\" id=\"Los_mejores_serums_con_vitamina_C\"><\/span>Los mejores s\u00e9rums con vitamina C<span class=\"ez-toc-section-end\"><\/span><\/h2>\n\n\n\n<p>Una vez explicados los aspectos importantes sobre el s\u00e9rums dotado de vitamina C, es importante conocer <strong>cu\u00e1les son <\/strong><a href=\"https:\/\/www.arenal.com\/cosmetica\/serums-faciales\"><strong>las mejores opciones de s\u00e9rum<\/strong><\/a><strong> que ofrece el mercado<\/strong>:<\/p>\n\n\n\n<h3 class=\"wp-block-heading\"><span class=\"ez-toc-section\" id=\"Garnier_Crema_Serum_con_Vitamina_C_y_SPF_25_C\"><\/span>Garnier Crema S\u00e9rum con Vitamina C y SPF 25 C<span class=\"ez-toc-section-end\"><\/span><\/h3>\n\n\n\n<p>Este <a href=\"https:\/\/www.arenal.com\/garnier-skin-active-crema-serum-3-en-1-vitamina-c-y-spf-25\/p\/000000000000104078\">s\u00e9rum de Garnier<\/a> ofrece tres productos en uno: s\u00e9rum, crema hidratante y SPF 25, la combinaci\u00f3n perfecta para mantener la piel en perfecto estado. Es un s\u00e9rum que no solo mejora la uniformidad de la piel, sino que tambi\u00e9n hace posible la <strong>desaparici\u00f3n de las manchas oscuras y signos de fatiga<\/strong>.<\/p>\n\n\n\n<h3 class=\"wp-block-heading\"><span class=\"ez-toc-section\" id=\"Numee_Serum_Iluminador_Vitamina_C\"><\/span>Numee S\u00e9rum Iluminador Vitamina C<span class=\"ez-toc-section-end\"><\/span><\/h3>\n\n\n\n<p>Son varias las bondades que ofrece el <a href=\"https:\/\/www.arenal.com\/numee-serum-iluminador-vitamina-c-75-gr\/p\/000000000000104503\">s\u00e9rum con vitamina C de Numee<\/a>. Entre ellas podemos mencionar su poder para <strong>reducir las manchas de la piel<\/strong>, unificar el tono y recuperar la elasticidad. Tambi\u00e9n hace posible que las l\u00edneas de expresi\u00f3n y las arrugas disminuyan considerablemente, e incluso protege de los efectos nocivos de los rayos UVA, UVB y la contaminaci\u00f3n.<\/p>\n\n\n\n<h3 class=\"wp-block-heading\"><span class=\"ez-toc-section\" id=\"Vitamina_C_de_Olay\"><\/span>Vitamina C de Olay<span class=\"ez-toc-section-end\"><\/span><\/h3>\n\n\n\n<p><a href=\"https:\/\/www.arenal.com\/olay-regenerist-vitamina-c-crema-facial-50-ml\/p\/000000000000103619\">Vitamina C de Olay<\/a> se trata de un s\u00e9rum facial iluminador, dermatol\u00f3gicamente probado y elaborado sin colorantes, <strong>capaz de proteger la vitalidad de tu piel<\/strong>. Se puede utilizar tanto de d\u00eda como de noche.<\/p>\n\n\n\n<h3 class=\"wp-block-heading\"><span class=\"ez-toc-section\" id=\"Saluvital_Vitamina_C_E_Serum_Antimanchas_y_Antiedad\"><\/span>Saluvital Vitamina C+ E S\u00e9rum Antimanchas y Antiedad<span class=\"ez-toc-section-end\"><\/span><\/h3>\n\n\n\n<p>Su nombre mismo indica por qu\u00e9 lo incluimos en la lista de los mejores s\u00e9rums con vitamina C. Saluvital Vitamina C+ E S\u00e9rum Antimanchas y Antiedad est\u00e1 elaborado con activos de \u00faltima generaci\u00f3n que son <strong>capaces de hidratar y blanquear la piel<\/strong>, reducir manchas causadas por la exposici\u00f3n solar y la edad, inhibir los efectos negativos de los radicales libres y muchos beneficios m\u00e1s.<\/p>\n\n\n\n<h3 class=\"wp-block-heading\"><span class=\"ez-toc-section\" id=\"Serum_Esencial_Antioxidante_de_Nuxe\"><\/span>S\u00e9rum Esencial Antioxidante de Nuxe<span class=\"ez-toc-section-end\"><\/span><\/h3>\n\n\n\n<p>Este s\u00e9rum de Nuxe est\u00e1 elaborado con extracto de semilla de ch\u00eda y vitamina C, ambos actuando a favor de la piel <strong>proporcionando un aspecto m\u00e1s joven y luminoso<\/strong>. Es ideal para lucir una piel fresca y radiante, pues sus efectos antioxidantes la protegen de la p\u00e9rdida de lozan\u00eda causada por estr\u00e9s, cansancio o contaminaci\u00f3n.<\/p>\n","protected":false},"excerpt":{"rendered":"<p>\u00bfEn b\u00fasqueda del mejor s\u00e9rum con vitamina C? Conoce nuestra recomendaci\u00f3n de los 5 mejores del mercado. \u00a1No te la pierdas!<\/p>\n","protected":false},"author":2,"featured_media":6308,"comment_status":"open","ping_status":"open","sticky":false,"template":"","format":"standard","meta":{"footnotes":""},"categories":[627,238],"tags":[637],"class_list":["post-2699","post","type-post","status-publish","format-standard","has-post-thumbnail","hentry","category-rankings-top-productos","category-ingredientes","tag-facial"],"featured_image_src":"https:\/\/www.arenal.com\/blog\/wp-content\/uploads\/2024\/09\/mejores_serum_vitaminac_arenal.jpg","author_info":{"display_name":"arenal","author_link":"https:\/\/www.arenal.com\/blog\/author\/arenal"},"yoast_head":"<!-- This site is optimized with the Yoast SEO plugin v27.4 - https:\/\/yoast.com\/product\/yoast-seo-wordpress\/ -->\n<title>Los 5 mejores s\u00e9rums con vitamina C | Blog de Arenal<\/title>\n<meta name=\"description\" content=\"\u00bfEn b\u00fasqueda del mejor s\u00e9rum con vitamina C? Conoce nuestra recomendaci\u00f3n de los 5 mejores del mercado. \u00a1No te la pierdas!\" \/>\n<meta name=\"robots\" content=\"index, follow, max-snippet:-1, max-image-preview:large, max-video-preview:-1\" \/>\n<link rel=\"canonical\" href=\"https:\/\/www.arenal.com\/blog\/los-5-mejores-serums-con-vitamina-c\" \/>\n<meta property=\"og:locale\" content=\"es_ES\" \/>\n<meta property=\"og:type\" content=\"article\" \/>\n<meta property=\"og:title\" content=\"Los 5 mejores s\u00e9rums con vitamina C | Blog de Arenal\" \/>\n<meta property=\"og:description\" content=\"\u00bfEn b\u00fasqueda del mejor s\u00e9rum con vitamina C? Conoce nuestra recomendaci\u00f3n de los 5 mejores del mercado. \u00a1No te la pierdas!\" \/>\n<meta property=\"og:url\" content=\"https:\/\/www.arenal.com\/blog\/los-5-mejores-serums-con-vitamina-c\" \/>\n<meta property=\"og:site_name\" content=\"Blog de Arenal\" \/>\n<meta property=\"article:published_time\" content=\"2022-10-26T08:00:00+00:00\" \/>\n<meta property=\"article:modified_time\" content=\"2025-08-28T07:11:29+00:00\" \/>\n<meta property=\"og:image\" content=\"https:\/\/www.arenal.com\/blog\/wp-content\/uploads\/2024\/09\/mejores_serum_vitaminac_arenal.jpg\" \/>\n\t<meta property=\"og:image:width\" content=\"1140\" \/>\n\t<meta property=\"og:image:height\" content=\"322\" \/>\n\t<meta property=\"og:image:type\" content=\"image\/jpeg\" \/>\n<meta name=\"author\" content=\"arenal\" \/>\n<meta name=\"twitter:card\" content=\"summary_large_image\" \/>\n<meta name=\"twitter:label1\" content=\"Escrito por\" \/>\n\t<meta name=\"twitter:data1\" content=\"arenal\" \/>\n\t<meta name=\"twitter:label2\" content=\"Tiempo de lectura\" \/>\n\t<meta name=\"twitter:data2\" content=\"4 minutos\" \/>\n<script type=\"application\/ld+json\" class=\"yoast-schema-graph\">{\"@context\":\"https:\\\/\\\/schema.org\",\"@graph\":[{\"@type\":\"Article\",\"@id\":\"https:\\\/\\\/www.arenal.com\\\/blog\\\/los-5-mejores-serums-con-vitamina-c#article\",\"isPartOf\":{\"@id\":\"https:\\\/\\\/www.arenal.com\\\/blog\\\/los-5-mejores-serums-con-vitamina-c\"},\"author\":{\"name\":\"arenal\",\"@id\":\"https:\\\/\\\/www.arenal.com\\\/blog\\\/#\\\/schema\\\/person\\\/75c321b161941947bdc15ffde9d6241f\"},\"headline\":\"Los 5 mejores s\u00e9rums con vitamina C\",\"datePublished\":\"2022-10-26T08:00:00+00:00\",\"dateModified\":\"2025-08-28T07:11:29+00:00\",\"mainEntityOfPage\":{\"@id\":\"https:\\\/\\\/www.arenal.com\\\/blog\\\/los-5-mejores-serums-con-vitamina-c\"},\"wordCount\":919,\"commentCount\":1,\"image\":{\"@id\":\"https:\\\/\\\/www.arenal.com\\\/blog\\\/los-5-mejores-serums-con-vitamina-c#primaryimage\"},\"thumbnailUrl\":\"https:\\\/\\\/www.arenal.com\\\/blog\\\/wp-content\\\/uploads\\\/2024\\\/09\\\/mejores_serum_vitaminac_arenal.jpg\",\"keywords\":[\"Cuidado facial\"],\"articleSection\":[\"Comparativas\",\"Ingredientes y Principios Activos\"],\"inLanguage\":\"es\",\"potentialAction\":[{\"@type\":\"CommentAction\",\"name\":\"Comment\",\"target\":[\"https:\\\/\\\/www.arenal.com\\\/blog\\\/los-5-mejores-serums-con-vitamina-c#respond\"]}]},{\"@type\":\"WebPage\",\"@id\":\"https:\\\/\\\/www.arenal.com\\\/blog\\\/los-5-mejores-serums-con-vitamina-c\",\"url\":\"https:\\\/\\\/www.arenal.com\\\/blog\\\/los-5-mejores-serums-con-vitamina-c\",\"name\":\"Los 5 mejores s\u00e9rums con vitamina C | Blog de Arenal\",\"isPartOf\":{\"@id\":\"https:\\\/\\\/www.arenal.com\\\/blog\\\/#website\"},\"primaryImageOfPage\":{\"@id\":\"https:\\\/\\\/www.arenal.com\\\/blog\\\/los-5-mejores-serums-con-vitamina-c#primaryimage\"},\"image\":{\"@id\":\"https:\\\/\\\/www.arenal.com\\\/blog\\\/los-5-mejores-serums-con-vitamina-c#primaryimage\"},\"thumbnailUrl\":\"https:\\\/\\\/www.arenal.com\\\/blog\\\/wp-content\\\/uploads\\\/2024\\\/09\\\/mejores_serum_vitaminac_arenal.jpg\",\"datePublished\":\"2022-10-26T08:00:00+00:00\",\"dateModified\":\"2025-08-28T07:11:29+00:00\",\"author\":{\"@id\":\"https:\\\/\\\/www.arenal.com\\\/blog\\\/#\\\/schema\\\/person\\\/75c321b161941947bdc15ffde9d6241f\"},\"description\":\"\u00bfEn b\u00fasqueda del mejor s\u00e9rum con vitamina C? Conoce nuestra recomendaci\u00f3n de los 5 mejores del mercado. \u00a1No te la pierdas!\",\"breadcrumb\":{\"@id\":\"https:\\\/\\\/www.arenal.com\\\/blog\\\/los-5-mejores-serums-con-vitamina-c#breadcrumb\"},\"inLanguage\":\"es\",\"potentialAction\":[{\"@type\":\"ReadAction\",\"target\":[\"https:\\\/\\\/www.arenal.com\\\/blog\\\/los-5-mejores-serums-con-vitamina-c\"]}]},{\"@type\":\"ImageObject\",\"inLanguage\":\"es\",\"@id\":\"https:\\\/\\\/www.arenal.com\\\/blog\\\/los-5-mejores-serums-con-vitamina-c#primaryimage\",\"url\":\"https:\\\/\\\/www.arenal.com\\\/blog\\\/wp-content\\\/uploads\\\/2024\\\/09\\\/mejores_serum_vitaminac_arenal.jpg\",\"contentUrl\":\"https:\\\/\\\/www.arenal.com\\\/blog\\\/wp-content\\\/uploads\\\/2024\\\/09\\\/mejores_serum_vitaminac_arenal.jpg\",\"width\":1140,\"height\":322},{\"@type\":\"BreadcrumbList\",\"@id\":\"https:\\\/\\\/www.arenal.com\\\/blog\\\/los-5-mejores-serums-con-vitamina-c#breadcrumb\",\"itemListElement\":[{\"@type\":\"ListItem\",\"position\":1,\"name\":\"Ingredientes y Principios Activos\",\"item\":\"https:\\\/\\\/www.arenal.com\\\/blog\\\/ingredientes\"},{\"@type\":\"ListItem\",\"position\":2,\"name\":\"Los 5 mejores s\u00e9rums con vitamina C\"}]},{\"@type\":\"WebSite\",\"@id\":\"https:\\\/\\\/www.arenal.com\\\/blog\\\/#website\",\"url\":\"https:\\\/\\\/www.arenal.com\\\/blog\\\/\",\"name\":\"Blog de Arenal\",\"description\":\"\",\"potentialAction\":[{\"@type\":\"SearchAction\",\"target\":{\"@type\":\"EntryPoint\",\"urlTemplate\":\"https:\\\/\\\/www.arenal.com\\\/blog\\\/?s={search_term_string}\"},\"query-input\":{\"@type\":\"PropertyValueSpecification\",\"valueRequired\":true,\"valueName\":\"search_term_string\"}}],\"inLanguage\":\"es\"},{\"@type\":\"Person\",\"@id\":\"https:\\\/\\\/www.arenal.com\\\/blog\\\/#\\\/schema\\\/person\\\/75c321b161941947bdc15ffde9d6241f\",\"name\":\"arenal\",\"image\":{\"@type\":\"ImageObject\",\"inLanguage\":\"es\",\"@id\":\"https:\\\/\\\/secure.gravatar.com\\\/avatar\\\/e930b117f1433c3126018d5f63c8b2d59f2a86bdb0425d8e5c9b3c027c902408?s=96&d=mm&r=g\",\"url\":\"https:\\\/\\\/secure.gravatar.com\\\/avatar\\\/e930b117f1433c3126018d5f63c8b2d59f2a86bdb0425d8e5c9b3c027c902408?s=96&d=mm&r=g\",\"contentUrl\":\"https:\\\/\\\/secure.gravatar.com\\\/avatar\\\/e930b117f1433c3126018d5f63c8b2d59f2a86bdb0425d8e5c9b3c027c902408?s=96&d=mm&r=g\",\"caption\":\"arenal\"},\"url\":\"https:\\\/\\\/www.arenal.com\\\/blog\\\/author\\\/arenal\"}]}<\/script>\n<!-- \/ Yoast SEO plugin. -->","yoast_head_json":{"title":"Los 5 mejores s\u00e9rums con vitamina C | Blog de Arenal","description":"\u00bfEn b\u00fasqueda del mejor s\u00e9rum con vitamina C? Conoce nuestra recomendaci\u00f3n de los 5 mejores del mercado. \u00a1No te la pierdas!","robots":{"index":"index","follow":"follow","max-snippet":"max-snippet:-1","max-image-preview":"max-image-preview:large","max-video-preview":"max-video-preview:-1"},"canonical":"https:\/\/www.arenal.com\/blog\/los-5-mejores-serums-con-vitamina-c","og_locale":"es_ES","og_type":"article","og_title":"Los 5 mejores s\u00e9rums con vitamina C | Blog de Arenal","og_description":"\u00bfEn b\u00fasqueda del mejor s\u00e9rum con vitamina C? Conoce nuestra recomendaci\u00f3n de los 5 mejores del mercado. \u00a1No te la pierdas!","og_url":"https:\/\/www.arenal.com\/blog\/los-5-mejores-serums-con-vitamina-c","og_site_name":"Blog de Arenal","article_published_time":"2022-10-26T08:00:00+00:00","article_modified_time":"2025-08-28T07:11:29+00:00","og_image":[{"width":1140,"height":322,"url":"https:\/\/www.arenal.com\/blog\/wp-content\/uploads\/2024\/09\/mejores_serum_vitaminac_arenal.jpg","type":"image\/jpeg"}],"author":"arenal","twitter_card":"summary_large_image","twitter_misc":{"Escrito por":"arenal","Tiempo de lectura":"4 minutos"},"schema":{"@context":"https:\/\/schema.org","@graph":[{"@type":"Article","@id":"https:\/\/www.arenal.com\/blog\/los-5-mejores-serums-con-vitamina-c#article","isPartOf":{"@id":"https:\/\/www.arenal.com\/blog\/los-5-mejores-serums-con-vitamina-c"},"author":{"name":"arenal","@id":"https:\/\/www.arenal.com\/blog\/#\/schema\/person\/75c321b161941947bdc15ffde9d6241f"},"headline":"Los 5 mejores s\u00e9rums con vitamina C","datePublished":"2022-10-26T08:00:00+00:00","dateModified":"2025-08-28T07:11:29+00:00","mainEntityOfPage":{"@id":"https:\/\/www.arenal.com\/blog\/los-5-mejores-serums-con-vitamina-c"},"wordCount":919,"commentCount":1,"image":{"@id":"https:\/\/www.arenal.com\/blog\/los-5-mejores-serums-con-vitamina-c#primaryimage"},"thumbnailUrl":"https:\/\/www.arenal.com\/blog\/wp-content\/uploads\/2024\/09\/mejores_serum_vitaminac_arenal.jpg","keywords":["Cuidado facial"],"articleSection":["Comparativas","Ingredientes y Principios Activos"],"inLanguage":"es","potentialAction":[{"@type":"CommentAction","name":"Comment","target":["https:\/\/www.arenal.com\/blog\/los-5-mejores-serums-con-vitamina-c#respond"]}]},{"@type":"WebPage","@id":"https:\/\/www.arenal.com\/blog\/los-5-mejores-serums-con-vitamina-c","url":"https:\/\/www.arenal.com\/blog\/los-5-mejores-serums-con-vitamina-c","name":"Los 5 mejores s\u00e9rums con vitamina C | Blog de Arenal","isPartOf":{"@id":"https:\/\/www.arenal.com\/blog\/#website"},"primaryImageOfPage":{"@id":"https:\/\/www.arenal.com\/blog\/los-5-mejores-serums-con-vitamina-c#primaryimage"},"image":{"@id":"https:\/\/www.arenal.com\/blog\/los-5-mejores-serums-con-vitamina-c#primaryimage"},"thumbnailUrl":"https:\/\/www.arenal.com\/blog\/wp-content\/uploads\/2024\/09\/mejores_serum_vitaminac_arenal.jpg","datePublished":"2022-10-26T08:00:00+00:00","dateModified":"2025-08-28T07:11:29+00:00","author":{"@id":"https:\/\/www.arenal.com\/blog\/#\/schema\/person\/75c321b161941947bdc15ffde9d6241f"},"description":"\u00bfEn b\u00fasqueda del mejor s\u00e9rum con vitamina C? Conoce nuestra recomendaci\u00f3n de los 5 mejores del mercado. \u00a1No te la pierdas!","breadcrumb":{"@id":"https:\/\/www.arenal.com\/blog\/los-5-mejores-serums-con-vitamina-c#breadcrumb"},"inLanguage":"es","potentialAction":[{"@type":"ReadAction","target":["https:\/\/www.arenal.com\/blog\/los-5-mejores-serums-con-vitamina-c"]}]},{"@type":"ImageObject","inLanguage":"es","@id":"https:\/\/www.arenal.com\/blog\/los-5-mejores-serums-con-vitamina-c#primaryimage","url":"https:\/\/www.arenal.com\/blog\/wp-content\/uploads\/2024\/09\/mejores_serum_vitaminac_arenal.jpg","contentUrl":"https:\/\/www.arenal.com\/blog\/wp-content\/uploads\/2024\/09\/mejores_serum_vitaminac_arenal.jpg","width":1140,"height":322},{"@type":"BreadcrumbList","@id":"https:\/\/www.arenal.com\/blog\/los-5-mejores-serums-con-vitamina-c#breadcrumb","itemListElement":[{"@type":"ListItem","position":1,"name":"Ingredientes y Principios Activos","item":"https:\/\/www.arenal.com\/blog\/ingredientes"},{"@type":"ListItem","position":2,"name":"Los 5 mejores s\u00e9rums con vitamina C"}]},{"@type":"WebSite","@id":"https:\/\/www.arenal.com\/blog\/#website","url":"https:\/\/www.arenal.com\/blog\/","name":"Blog de Arenal","description":"","potentialAction":[{"@type":"SearchAction","target":{"@type":"EntryPoint","urlTemplate":"https:\/\/www.arenal.com\/blog\/?s={search_term_string}"},"query-input":{"@type":"PropertyValueSpecification","valueRequired":true,"valueName":"search_term_string"}}],"inLanguage":"es"},{"@type":"Person","@id":"https:\/\/www.arenal.com\/blog\/#\/schema\/person\/75c321b161941947bdc15ffde9d6241f","name":"arenal","image":{"@type":"ImageObject","inLanguage":"es","@id":"https:\/\/secure.gravatar.com\/avatar\/e930b117f1433c3126018d5f63c8b2d59f2a86bdb0425d8e5c9b3c027c902408?s=96&d=mm&r=g","url":"https:\/\/secure.gravatar.com\/avatar\/e930b117f1433c3126018d5f63c8b2d59f2a86bdb0425d8e5c9b3c027c902408?s=96&d=mm&r=g","contentUrl":"https:\/\/secure.gravatar.com\/avatar\/e930b117f1433c3126018d5f63c8b2d59f2a86bdb0425d8e5c9b3c027c902408?s=96&d=mm&r=g","caption":"arenal"},"url":"https:\/\/www.arenal.com\/blog\/author\/arenal"}]}},"_links":{"self":[{"href":"https:\/\/www.arenal.com\/blog\/wp-json\/wp\/v2\/posts\/2699","targetHints":{"allow":["GET"]}}],"collection":[{"href":"https:\/\/www.arenal.com\/blog\/wp-json\/wp\/v2\/posts"}],"about":[{"href":"https:\/\/www.arenal.com\/blog\/wp-json\/wp\/v2\/types\/post"}],"author":[{"embeddable":true,"href":"https:\/\/www.arenal.com\/blog\/wp-json\/wp\/v2\/users\/2"}],"replies":[{"embeddable":true,"href":"https:\/\/www.arenal.com\/blog\/wp-json\/wp\/v2\/comments?post=2699"}],"version-history":[{"count":15,"href":"https:\/\/www.arenal.com\/blog\/wp-json\/wp\/v2\/posts\/2699\/revisions"}],"predecessor-version":[{"id":7859,"href":"https:\/\/www.arenal.com\/blog\/wp-json\/wp\/v2\/posts\/2699\/revisions\/7859"}],"wp:featuredmedia":[{"embeddable":true,"href":"https:\/\/www.arenal.com\/blog\/wp-json\/wp\/v2\/media\/6308"}],"wp:attachment":[{"href":"https:\/\/www.arenal.com\/blog\/wp-json\/wp\/v2\/media?parent=2699"}],"wp:term":[{"taxonomy":"category","embeddable":true,"href":"https:\/\/www.arenal.com\/blog\/wp-json\/wp\/v2\/categories?post=2699"},{"taxonomy":"post_tag","embeddable":true,"href":"https:\/\/www.arenal.com\/blog\/wp-json\/wp\/v2\/tags?post=2699"}],"curies":[{"name":"wp","href":"https:\/\/api.w.org\/{rel}","templated":true}]}}