{"id":2240,"date":"2022-03-23T09:37:15","date_gmt":"2022-03-23T08:37:15","guid":{"rendered":"https:\/\/www.arenal.com\/blog\/?p=2240"},"modified":"2024-12-20T12:40:39","modified_gmt":"2024-12-20T11:40:39","slug":"para-que-sirve-acondicionador-pelo","status":"publish","type":"post","link":"https:\/\/www.arenal.com\/blog\/para-que-sirve-acondicionador-pelo","title":{"rendered":"\u00bfPara qu\u00e9 sirve el acondicionador de pelo?"},"content":{"rendered":"\n<p>Si crees que por <a href=\"https:\/\/www.arenal.com\/cabello\/champus\/c\/1_0000000926\">lavarte el pelo con champ\u00fa<\/a> ya lo mantienes cuidado, est\u00e1s muy equivocada. Para tener un cabello fuerte y sano necesitas un <a href=\"https:\/\/www.arenal.com\/cabello\/acondicionadores\/c\/1_0000000941\">acondicionador de pelo<\/a>, un productor de cuidado capilar m\u00e1s ligero que una mascarilla que <strong>proporciona nutrientes que resultan beneficiosos para la salud del cabello.<\/strong><\/p>\n\n\n\n<p>De esta forma, la funci\u00f3n del champ\u00fa se reduce a eliminar la suciedad del cabello, las c\u00e9lulas muertas y el sebo o la grasa acumulada en este. Sin embargo, su efecto deja expuesta la capa exterior de la fibra capilar. Y aqu\u00ed es donde entra en juego el papel del acondicionador, que <strong>sella las cut\u00edculas y mantiene protegido al pelo frente a agresiones externas<\/strong>.<\/p>\n\n\n\n<div id=\"ez-toc-container\" class=\"ez-toc-v2_0_82_2 counter-hierarchy ez-toc-counter ez-toc-custom ez-toc-container-direction\">\n<div class=\"ez-toc-title-container\">\n<p class=\"ez-toc-title\" style=\"cursor:inherit\">Indice de contenidos<\/p>\n<span class=\"ez-toc-title-toggle\"><a href=\"#\" class=\"ez-toc-pull-right ez-toc-btn ez-toc-btn-xs ez-toc-btn-default ez-toc-toggle\" aria-label=\"Alternar tabla de contenidos\"><span class=\"ez-toc-js-icon-con\"><span class=\"\"><span class=\"eztoc-hide\" style=\"display:none;\">Toggle<\/span><span class=\"ez-toc-icon-toggle-span\"><svg style=\"fill: #000000;color:#000000\" xmlns=\"http:\/\/www.w3.org\/2000\/svg\" class=\"list-377408\" width=\"20px\" height=\"20px\" viewBox=\"0 0 24 24\" fill=\"none\"><path d=\"M6 6H4v2h2V6zm14 0H8v2h12V6zM4 11h2v2H4v-2zm16 0H8v2h12v-2zM4 16h2v2H4v-2zm16 0H8v2h12v-2z\" fill=\"currentColor\"><\/path><\/svg><svg style=\"fill: #000000;color:#000000\" class=\"arrow-unsorted-368013\" xmlns=\"http:\/\/www.w3.org\/2000\/svg\" width=\"10px\" height=\"10px\" viewBox=\"0 0 24 24\" version=\"1.2\" baseProfile=\"tiny\"><path d=\"M18.2 9.3l-6.2-6.3-6.2 6.3c-.2.2-.3.4-.3.7s.1.5.3.7c.2.2.4.3.7.3h11c.3 0 .5-.1.7-.3.2-.2.3-.5.3-.7s-.1-.5-.3-.7zM5.8 14.7l6.2 6.3 6.2-6.3c.2-.2.3-.5.3-.7s-.1-.5-.3-.7c-.2-.2-.4-.3-.7-.3h-11c-.3 0-.5.1-.7.3-.2.2-.3.5-.3.7s.1.5.3.7z\"\/><\/svg><\/span><\/span><\/span><\/a><\/span><\/div>\n<nav><ul class='ez-toc-list ez-toc-list-level-1 ' ><li class='ez-toc-page-1 ez-toc-heading-level-2'><a class=\"ez-toc-link ez-toc-heading-1\" href=\"https:\/\/www.arenal.com\/blog\/para-que-sirve-acondicionador-pelo\/#Funciones_de_un_acondicionador_de_pelo\" >Funciones de un acondicionador de pelo<\/a><\/li><li class='ez-toc-page-1 ez-toc-heading-level-2'><a class=\"ez-toc-link ez-toc-heading-2\" href=\"https:\/\/www.arenal.com\/blog\/para-que-sirve-acondicionador-pelo\/#Como_elegir_el_mejor_acondicionador_de_pelo\" >C\u00f3mo elegir el mejor acondicionador de pelo<\/a><\/li><li class='ez-toc-page-1 ez-toc-heading-level-2'><a class=\"ez-toc-link ez-toc-heading-3\" href=\"https:\/\/www.arenal.com\/blog\/para-que-sirve-acondicionador-pelo\/#Formas_de_aplicarse_un_acondicionador_de_pelo\" >Formas de aplicarse un acondicionador de pelo<\/a><\/li><\/ul><\/nav><\/div>\n<h2 class=\"wp-block-heading\"><span class=\"ez-toc-section\" id=\"Funciones_de_un_acondicionador_de_pelo\"><\/span>Funciones de un acondicionador de pelo<span class=\"ez-toc-section-end\"><\/span><\/h2>\n\n\n\n<p>Responder a la cuesti\u00f3n de para qu\u00e9 sirve el acondicionador de pelo implica tener en cuenta una <strong>serie de aspectos<\/strong> que favorecen el estado del cabello:<\/p>\n\n\n\n<ul class=\"wp-block-list\">\n<li><strong>Hidrata<\/strong>: esta caracter\u00edstica favorece el brillo y la flexibilidad del pelo, adem\u00e1s de evitar que surjan las temidas puntas abiertas, signo de un cabello desgastado.<\/li>\n<\/ul>\n\n\n\n<ul class=\"wp-block-list\">\n<li><strong>Suaviza<\/strong>: ofrece un tacto sedoso.<\/li>\n<\/ul>\n\n\n\n<ul class=\"wp-block-list\">\n<li><strong>Facilita el peinado<\/strong>: adem\u00e1s de prevenir la rotura del pelo, tambi\u00e9n evita los molestos enredos y los consecuentes tirones para deshacerlos.<\/li>\n<\/ul>\n\n\n\n<ul class=\"wp-block-list\">\n<li><strong>Reduce la electricidad est\u00e1tica<\/strong>: ayuda a controlar mejor el cabello, evitando as\u00ed que se encrespe.<\/li>\n<\/ul>\n\n\n\n<h2 class=\"wp-block-heading\"><span class=\"ez-toc-section\" id=\"Como_elegir_el_mejor_acondicionador_de_pelo\"><\/span>C\u00f3mo elegir el mejor acondicionador de pelo<span class=\"ez-toc-section-end\"><\/span><\/h2>\n\n\n\n<p>Adem\u00e1s de tener en cuenta el <strong>formato en que se presentan<\/strong> (champ\u00fa, crema, aceite o spray, entre otros), hay que valorar el<strong> uso<\/strong> <strong>que se le da<\/strong> al acondicionador de pelo, factor que a su vez depende de las <strong>necesidades que tiene cada tipo de cabello<\/strong>. Por todo ello, estos son los diferentes tipos de acondicionadores que puedes utilizar:<\/p>\n\n\n\n<ul class=\"wp-block-list\">\n<li><strong>Acondicionadores diarios: <\/strong>son los m\u00e1s b\u00e1sicos y lo suficientemente ligeros como para utilizarlos todos los d\u00edas. Ayudan a proteger el cabello, ya sea normal o fino, siempre que te laves el pelo. Adem\u00e1s, pueden aclararse con facilidad. Un ejemplo es el <strong>acondicionador<\/strong> <strong>liso y sedoso de Tresemm\u00e9<\/strong>, con prote\u00ednas de seda y aceite de arg\u00e1n, que permite tener un cabello m\u00e1s liso y suave a la par que hidratado. Otros, por el contrario, tambi\u00e9n pueden dar sensaci\u00f3n de un mayor volumen o hacer frente a la grasa y a la caspa que genera el pelo, entre otros casos. En Arenal puedes encontrar estos y otras clases de <a href=\"https:\/\/www.arenal.com\/cabello\/acondicionadores\/c\/1_0000000941\">acondicionadores de pelo<\/a>.<\/li>\n<\/ul>\n\n\n\n<ul class=\"wp-block-list\">\n<li><strong>Acondicionadores profundos<\/strong>: estos penetran de forma m\u00e1s profunda en la fibra capilar. Por eso, resultan especialmente beneficiosos para aquellos cabellos secos, gruesos, castigados o quebradizos que necesitan un efecto reparador. Esto resulta \u00fatil para el verano, cuando el pelo queda m\u00e1s expuesto al sol y a los efectos que tienen el mar y la piscina sobre este. Para estos casos, puedes utilizar el <a href=\"https:\/\/www.arenal.com\/gliss-spray-acondicionador-express-ultimate-oil-elixir-200-ml\/p\/000000000000050787\"><strong>spray acondicionador Express Ultimate Oil Elixir de Gliss<\/strong>,<\/a> con keratina incluida, que nutre y refuerza el pelo. Con todo, los expertos recomiendan utilizar este tipo de acondicionadores al menos una vez a la semana.<\/li>\n<\/ul>\n\n\n\n<ul class=\"wp-block-list\">\n<li><strong>Acondicionadores sin aclarado<\/strong>: este tipo de acondicionadores, disponibles tambi\u00e9n en formato de loci\u00f3n, no necesitan un aclarado de agua tras ser aplicados. Adem\u00e1s, suelen funcionar mejor en cabellos rizados. De esta forma, puedes recurrir a la <strong><a href=\"https:\/\/www.arenal.com\/pantene-crema-sin-aclarado-rizos-perfectos-150-ml\/p\/000000000000017197\">crema sin aclarado Rizos perfectos de Pantene<\/a><\/strong>, que no solo define los rizos en 24 horas, sino que evita el encrespamiento.<\/li>\n<\/ul>\n\n\n\n<ul class=\"wp-block-list\">\n<li><strong>Acondicionadores para cabellos te\u00f1idos<\/strong>: en caso de llevar un tinte en el pelo, mechas o una decoloraci\u00f3n, se debe utilizar tanto un champ\u00fa como un acondicionador espec\u00edfico para cabello te\u00f1ido. Estos ayudan a proteger esta clase de cabello frente a las agresiones externas, adem\u00e1s de prolongar la intensidad del color aplicado y su brillo. Un ejemplo es el <a href=\"https:\/\/www.arenal.com\/elvive-suavizante-colovive-300-ml\/p\/000000000000081656\"><strong>suavizante Color Vive de Elvive<\/strong>.<\/a><\/li>\n<\/ul>\n\n\n\n<h2 class=\"wp-block-heading\"><span class=\"ez-toc-section\" id=\"Formas_de_aplicarse_un_acondicionador_de_pelo\"><\/span>Formas de aplicarse un acondicionador de pelo<span class=\"ez-toc-section-end\"><\/span><\/h2>\n\n\n\n<p>Tras aprender para qu\u00e9 sirve el acondicionador de pelo, toca hacer lo propio con la forma de utilizarlo.<\/p>\n\n\n\n<p>Primero hay que diferenciar entre <strong>aquellos que necesitan aclararse con agua<\/strong> tras ser aplicados y los que no. En caso de necesitarlo, tan solo debe lavarse el pelo con champ\u00fa y aclararlo despu\u00e9s. Una vez hecho esto, es momento de aplicar el acondicionador de pelo:<\/p>\n\n\n\n<ul class=\"wp-block-list\">\n<li><strong>Utiliza una<\/strong> <strong>peque\u00f1a cantidad<\/strong>, del tama\u00f1o de una nuez.<\/li>\n\n\n\n<li><strong>Masajea el cabello de medios a puntas <\/strong>para que absorba bien los nutrientes del acondicionador.<\/li>\n\n\n\n<li>No lo apliques sobre las ra\u00edces.<\/li>\n\n\n\n<li><strong>Espera unos minutos para que act\u00fae<\/strong>.<\/li>\n\n\n\n<li><strong>Aclara el pelo<\/strong> con abundante agua tibia o incluso fr\u00eda para sellar as\u00ed las cut\u00edculas.<\/li>\n<\/ul>\n\n\n\n<p><strong>En caso de no precisar de aclarado<\/strong>, el acondicionador de pelo se aplica directamente sobre el pelo h\u00famedo, de medias a puntas, utilizando los dedos o un peine con el que ir desenredando el cabello. Por \u00faltimo, <strong>se puede optar por secar el pelo o dejarlo al aire<\/strong>.<\/p>\n\n\n\n<p>Ahora que ya sabes para qu\u00e9 sirve el acondicionador de pelo, cu\u00e1l puedes necesitar y c\u00f3mo utilizarlo, no olvides recurrir a \u00e9l para <strong>mantener tu cabello sano y fuerte<\/strong>.<\/p>\n","protected":false},"excerpt":{"rendered":"<p>No pierdas detalle de este post si quieres saber para qu\u00e9 sirve el acondicionador de pelo y los beneficios que aporta a tu cabello. \u00a1Te sorprender\u00e1s!<\/p>\n","protected":false},"author":2,"featured_media":2241,"comment_status":"open","ping_status":"open","sticky":false,"template":"","format":"standard","meta":{"footnotes":""},"categories":[234],"tags":[],"class_list":["post-2240","post","type-post","status-publish","format-standard","has-post-thumbnail","hentry","category-cuidado-del-cabello"],"featured_image_src":"https:\/\/www.arenal.com\/blog\/wp-content\/uploads\/2022\/03\/para-que-sirve-el-acondicionador.png","author_info":{"display_name":"arenal","author_link":"https:\/\/www.arenal.com\/blog\/author\/arenal"},"yoast_head":"<!-- This site is optimized with the Yoast SEO plugin v27.4 - https:\/\/yoast.com\/product\/yoast-seo-wordpress\/ -->\n<title>\u00bfPara qu\u00e9 sirve el acondicionador de pelo? | Blog de Arenal<\/title>\n<meta name=\"description\" content=\"No pierdas detalle de este post si quieres saber para qu\u00e9 sirve el acondicionador de pelo y los beneficios que aporta a tu cabello. \u00a1Te sorprender\u00e1s!\" \/>\n<meta name=\"robots\" content=\"index, follow, max-snippet:-1, max-image-preview:large, max-video-preview:-1\" \/>\n<link rel=\"canonical\" href=\"https:\/\/www.arenal.com\/blog\/para-que-sirve-acondicionador-pelo\" \/>\n<meta property=\"og:locale\" content=\"es_ES\" \/>\n<meta property=\"og:type\" content=\"article\" \/>\n<meta property=\"og:title\" content=\"\u00bfPara qu\u00e9 sirve el acondicionador de pelo? | Blog de Arenal\" \/>\n<meta property=\"og:description\" content=\"No pierdas detalle de este post si quieres saber para qu\u00e9 sirve el acondicionador de pelo y los beneficios que aporta a tu cabello. \u00a1Te sorprender\u00e1s!\" \/>\n<meta property=\"og:url\" content=\"https:\/\/www.arenal.com\/blog\/para-que-sirve-acondicionador-pelo\" \/>\n<meta property=\"og:site_name\" content=\"Blog de Arenal\" \/>\n<meta property=\"article:published_time\" content=\"2022-03-23T08:37:15+00:00\" \/>\n<meta property=\"article:modified_time\" content=\"2024-12-20T11:40:39+00:00\" \/>\n<meta property=\"og:image\" content=\"https:\/\/www.arenal.com\/blog\/wp-content\/uploads\/2022\/03\/para-que-sirve-el-acondicionador.png\" \/>\n\t<meta property=\"og:image:width\" content=\"1140\" \/>\n\t<meta property=\"og:image:height\" content=\"342\" \/>\n\t<meta property=\"og:image:type\" content=\"image\/png\" \/>\n<meta name=\"author\" content=\"arenal\" \/>\n<meta name=\"twitter:card\" content=\"summary_large_image\" \/>\n<meta name=\"twitter:label1\" content=\"Escrito por\" \/>\n\t<meta name=\"twitter:data1\" content=\"arenal\" \/>\n\t<meta name=\"twitter:label2\" content=\"Tiempo de lectura\" \/>\n\t<meta name=\"twitter:data2\" content=\"4 minutos\" \/>\n<script type=\"application\/ld+json\" class=\"yoast-schema-graph\">{\"@context\":\"https:\\\/\\\/schema.org\",\"@graph\":[{\"@type\":\"Article\",\"@id\":\"https:\\\/\\\/www.arenal.com\\\/blog\\\/para-que-sirve-acondicionador-pelo#article\",\"isPartOf\":{\"@id\":\"https:\\\/\\\/www.arenal.com\\\/blog\\\/para-que-sirve-acondicionador-pelo\"},\"author\":{\"name\":\"arenal\",\"@id\":\"https:\\\/\\\/www.arenal.com\\\/blog\\\/#\\\/schema\\\/person\\\/75c321b161941947bdc15ffde9d6241f\"},\"headline\":\"\u00bfPara qu\u00e9 sirve el acondicionador de pelo?\",\"datePublished\":\"2022-03-23T08:37:15+00:00\",\"dateModified\":\"2024-12-20T11:40:39+00:00\",\"mainEntityOfPage\":{\"@id\":\"https:\\\/\\\/www.arenal.com\\\/blog\\\/para-que-sirve-acondicionador-pelo\"},\"wordCount\":850,\"commentCount\":0,\"image\":{\"@id\":\"https:\\\/\\\/www.arenal.com\\\/blog\\\/para-que-sirve-acondicionador-pelo#primaryimage\"},\"thumbnailUrl\":\"https:\\\/\\\/www.arenal.com\\\/blog\\\/wp-content\\\/uploads\\\/2022\\\/03\\\/para-que-sirve-el-acondicionador.png\",\"articleSection\":[\"Cuidado del cabello\"],\"inLanguage\":\"es\",\"potentialAction\":[{\"@type\":\"CommentAction\",\"name\":\"Comment\",\"target\":[\"https:\\\/\\\/www.arenal.com\\\/blog\\\/para-que-sirve-acondicionador-pelo#respond\"]}]},{\"@type\":\"WebPage\",\"@id\":\"https:\\\/\\\/www.arenal.com\\\/blog\\\/para-que-sirve-acondicionador-pelo\",\"url\":\"https:\\\/\\\/www.arenal.com\\\/blog\\\/para-que-sirve-acondicionador-pelo\",\"name\":\"\u00bfPara qu\u00e9 sirve el acondicionador de pelo? | Blog de Arenal\",\"isPartOf\":{\"@id\":\"https:\\\/\\\/www.arenal.com\\\/blog\\\/#website\"},\"primaryImageOfPage\":{\"@id\":\"https:\\\/\\\/www.arenal.com\\\/blog\\\/para-que-sirve-acondicionador-pelo#primaryimage\"},\"image\":{\"@id\":\"https:\\\/\\\/www.arenal.com\\\/blog\\\/para-que-sirve-acondicionador-pelo#primaryimage\"},\"thumbnailUrl\":\"https:\\\/\\\/www.arenal.com\\\/blog\\\/wp-content\\\/uploads\\\/2022\\\/03\\\/para-que-sirve-el-acondicionador.png\",\"datePublished\":\"2022-03-23T08:37:15+00:00\",\"dateModified\":\"2024-12-20T11:40:39+00:00\",\"author\":{\"@id\":\"https:\\\/\\\/www.arenal.com\\\/blog\\\/#\\\/schema\\\/person\\\/75c321b161941947bdc15ffde9d6241f\"},\"description\":\"No pierdas detalle de este post si quieres saber para qu\u00e9 sirve el acondicionador de pelo y los beneficios que aporta a tu cabello. \u00a1Te sorprender\u00e1s!\",\"breadcrumb\":{\"@id\":\"https:\\\/\\\/www.arenal.com\\\/blog\\\/para-que-sirve-acondicionador-pelo#breadcrumb\"},\"inLanguage\":\"es\",\"potentialAction\":[{\"@type\":\"ReadAction\",\"target\":[\"https:\\\/\\\/www.arenal.com\\\/blog\\\/para-que-sirve-acondicionador-pelo\"]}]},{\"@type\":\"ImageObject\",\"inLanguage\":\"es\",\"@id\":\"https:\\\/\\\/www.arenal.com\\\/blog\\\/para-que-sirve-acondicionador-pelo#primaryimage\",\"url\":\"https:\\\/\\\/www.arenal.com\\\/blog\\\/wp-content\\\/uploads\\\/2022\\\/03\\\/para-que-sirve-el-acondicionador.png\",\"contentUrl\":\"https:\\\/\\\/www.arenal.com\\\/blog\\\/wp-content\\\/uploads\\\/2022\\\/03\\\/para-que-sirve-el-acondicionador.png\",\"width\":1140,\"height\":342},{\"@type\":\"BreadcrumbList\",\"@id\":\"https:\\\/\\\/www.arenal.com\\\/blog\\\/para-que-sirve-acondicionador-pelo#breadcrumb\",\"itemListElement\":[{\"@type\":\"ListItem\",\"position\":1,\"name\":\"Cuidado del cabello\",\"item\":\"https:\\\/\\\/www.arenal.com\\\/blog\\\/cuidado-del-cabello\"},{\"@type\":\"ListItem\",\"position\":2,\"name\":\"\u00bfPara qu\u00e9 sirve el acondicionador de pelo?\"}]},{\"@type\":\"WebSite\",\"@id\":\"https:\\\/\\\/www.arenal.com\\\/blog\\\/#website\",\"url\":\"https:\\\/\\\/www.arenal.com\\\/blog\\\/\",\"name\":\"Blog de Arenal\",\"description\":\"\",\"potentialAction\":[{\"@type\":\"SearchAction\",\"target\":{\"@type\":\"EntryPoint\",\"urlTemplate\":\"https:\\\/\\\/www.arenal.com\\\/blog\\\/?s={search_term_string}\"},\"query-input\":{\"@type\":\"PropertyValueSpecification\",\"valueRequired\":true,\"valueName\":\"search_term_string\"}}],\"inLanguage\":\"es\"},{\"@type\":\"Person\",\"@id\":\"https:\\\/\\\/www.arenal.com\\\/blog\\\/#\\\/schema\\\/person\\\/75c321b161941947bdc15ffde9d6241f\",\"name\":\"arenal\",\"image\":{\"@type\":\"ImageObject\",\"inLanguage\":\"es\",\"@id\":\"https:\\\/\\\/secure.gravatar.com\\\/avatar\\\/e930b117f1433c3126018d5f63c8b2d59f2a86bdb0425d8e5c9b3c027c902408?s=96&d=mm&r=g\",\"url\":\"https:\\\/\\\/secure.gravatar.com\\\/avatar\\\/e930b117f1433c3126018d5f63c8b2d59f2a86bdb0425d8e5c9b3c027c902408?s=96&d=mm&r=g\",\"contentUrl\":\"https:\\\/\\\/secure.gravatar.com\\\/avatar\\\/e930b117f1433c3126018d5f63c8b2d59f2a86bdb0425d8e5c9b3c027c902408?s=96&d=mm&r=g\",\"caption\":\"arenal\"},\"url\":\"https:\\\/\\\/www.arenal.com\\\/blog\\\/author\\\/arenal\"}]}<\/script>\n<!-- \/ Yoast SEO plugin. -->","yoast_head_json":{"title":"\u00bfPara qu\u00e9 sirve el acondicionador de pelo? | Blog de Arenal","description":"No pierdas detalle de este post si quieres saber para qu\u00e9 sirve el acondicionador de pelo y los beneficios que aporta a tu cabello. \u00a1Te sorprender\u00e1s!","robots":{"index":"index","follow":"follow","max-snippet":"max-snippet:-1","max-image-preview":"max-image-preview:large","max-video-preview":"max-video-preview:-1"},"canonical":"https:\/\/www.arenal.com\/blog\/para-que-sirve-acondicionador-pelo","og_locale":"es_ES","og_type":"article","og_title":"\u00bfPara qu\u00e9 sirve el acondicionador de pelo? | Blog de Arenal","og_description":"No pierdas detalle de este post si quieres saber para qu\u00e9 sirve el acondicionador de pelo y los beneficios que aporta a tu cabello. \u00a1Te sorprender\u00e1s!","og_url":"https:\/\/www.arenal.com\/blog\/para-que-sirve-acondicionador-pelo","og_site_name":"Blog de Arenal","article_published_time":"2022-03-23T08:37:15+00:00","article_modified_time":"2024-12-20T11:40:39+00:00","og_image":[{"width":1140,"height":342,"url":"https:\/\/www.arenal.com\/blog\/wp-content\/uploads\/2022\/03\/para-que-sirve-el-acondicionador.png","type":"image\/png"}],"author":"arenal","twitter_card":"summary_large_image","twitter_misc":{"Escrito por":"arenal","Tiempo de lectura":"4 minutos"},"schema":{"@context":"https:\/\/schema.org","@graph":[{"@type":"Article","@id":"https:\/\/www.arenal.com\/blog\/para-que-sirve-acondicionador-pelo#article","isPartOf":{"@id":"https:\/\/www.arenal.com\/blog\/para-que-sirve-acondicionador-pelo"},"author":{"name":"arenal","@id":"https:\/\/www.arenal.com\/blog\/#\/schema\/person\/75c321b161941947bdc15ffde9d6241f"},"headline":"\u00bfPara qu\u00e9 sirve el acondicionador de pelo?","datePublished":"2022-03-23T08:37:15+00:00","dateModified":"2024-12-20T11:40:39+00:00","mainEntityOfPage":{"@id":"https:\/\/www.arenal.com\/blog\/para-que-sirve-acondicionador-pelo"},"wordCount":850,"commentCount":0,"image":{"@id":"https:\/\/www.arenal.com\/blog\/para-que-sirve-acondicionador-pelo#primaryimage"},"thumbnailUrl":"https:\/\/www.arenal.com\/blog\/wp-content\/uploads\/2022\/03\/para-que-sirve-el-acondicionador.png","articleSection":["Cuidado del cabello"],"inLanguage":"es","potentialAction":[{"@type":"CommentAction","name":"Comment","target":["https:\/\/www.arenal.com\/blog\/para-que-sirve-acondicionador-pelo#respond"]}]},{"@type":"WebPage","@id":"https:\/\/www.arenal.com\/blog\/para-que-sirve-acondicionador-pelo","url":"https:\/\/www.arenal.com\/blog\/para-que-sirve-acondicionador-pelo","name":"\u00bfPara qu\u00e9 sirve el acondicionador de pelo? | Blog de Arenal","isPartOf":{"@id":"https:\/\/www.arenal.com\/blog\/#website"},"primaryImageOfPage":{"@id":"https:\/\/www.arenal.com\/blog\/para-que-sirve-acondicionador-pelo#primaryimage"},"image":{"@id":"https:\/\/www.arenal.com\/blog\/para-que-sirve-acondicionador-pelo#primaryimage"},"thumbnailUrl":"https:\/\/www.arenal.com\/blog\/wp-content\/uploads\/2022\/03\/para-que-sirve-el-acondicionador.png","datePublished":"2022-03-23T08:37:15+00:00","dateModified":"2024-12-20T11:40:39+00:00","author":{"@id":"https:\/\/www.arenal.com\/blog\/#\/schema\/person\/75c321b161941947bdc15ffde9d6241f"},"description":"No pierdas detalle de este post si quieres saber para qu\u00e9 sirve el acondicionador de pelo y los beneficios que aporta a tu cabello. \u00a1Te sorprender\u00e1s!","breadcrumb":{"@id":"https:\/\/www.arenal.com\/blog\/para-que-sirve-acondicionador-pelo#breadcrumb"},"inLanguage":"es","potentialAction":[{"@type":"ReadAction","target":["https:\/\/www.arenal.com\/blog\/para-que-sirve-acondicionador-pelo"]}]},{"@type":"ImageObject","inLanguage":"es","@id":"https:\/\/www.arenal.com\/blog\/para-que-sirve-acondicionador-pelo#primaryimage","url":"https:\/\/www.arenal.com\/blog\/wp-content\/uploads\/2022\/03\/para-que-sirve-el-acondicionador.png","contentUrl":"https:\/\/www.arenal.com\/blog\/wp-content\/uploads\/2022\/03\/para-que-sirve-el-acondicionador.png","width":1140,"height":342},{"@type":"BreadcrumbList","@id":"https:\/\/www.arenal.com\/blog\/para-que-sirve-acondicionador-pelo#breadcrumb","itemListElement":[{"@type":"ListItem","position":1,"name":"Cuidado del cabello","item":"https:\/\/www.arenal.com\/blog\/cuidado-del-cabello"},{"@type":"ListItem","position":2,"name":"\u00bfPara qu\u00e9 sirve el acondicionador de pelo?"}]},{"@type":"WebSite","@id":"https:\/\/www.arenal.com\/blog\/#website","url":"https:\/\/www.arenal.com\/blog\/","name":"Blog de Arenal","description":"","potentialAction":[{"@type":"SearchAction","target":{"@type":"EntryPoint","urlTemplate":"https:\/\/www.arenal.com\/blog\/?s={search_term_string}"},"query-input":{"@type":"PropertyValueSpecification","valueRequired":true,"valueName":"search_term_string"}}],"inLanguage":"es"},{"@type":"Person","@id":"https:\/\/www.arenal.com\/blog\/#\/schema\/person\/75c321b161941947bdc15ffde9d6241f","name":"arenal","image":{"@type":"ImageObject","inLanguage":"es","@id":"https:\/\/secure.gravatar.com\/avatar\/e930b117f1433c3126018d5f63c8b2d59f2a86bdb0425d8e5c9b3c027c902408?s=96&d=mm&r=g","url":"https:\/\/secure.gravatar.com\/avatar\/e930b117f1433c3126018d5f63c8b2d59f2a86bdb0425d8e5c9b3c027c902408?s=96&d=mm&r=g","contentUrl":"https:\/\/secure.gravatar.com\/avatar\/e930b117f1433c3126018d5f63c8b2d59f2a86bdb0425d8e5c9b3c027c902408?s=96&d=mm&r=g","caption":"arenal"},"url":"https:\/\/www.arenal.com\/blog\/author\/arenal"}]}},"_links":{"self":[{"href":"https:\/\/www.arenal.com\/blog\/wp-json\/wp\/v2\/posts\/2240","targetHints":{"allow":["GET"]}}],"collection":[{"href":"https:\/\/www.arenal.com\/blog\/wp-json\/wp\/v2\/posts"}],"about":[{"href":"https:\/\/www.arenal.com\/blog\/wp-json\/wp\/v2\/types\/post"}],"author":[{"embeddable":true,"href":"https:\/\/www.arenal.com\/blog\/wp-json\/wp\/v2\/users\/2"}],"replies":[{"embeddable":true,"href":"https:\/\/www.arenal.com\/blog\/wp-json\/wp\/v2\/comments?post=2240"}],"version-history":[{"count":8,"href":"https:\/\/www.arenal.com\/blog\/wp-json\/wp\/v2\/posts\/2240\/revisions"}],"predecessor-version":[{"id":6872,"href":"https:\/\/www.arenal.com\/blog\/wp-json\/wp\/v2\/posts\/2240\/revisions\/6872"}],"wp:featuredmedia":[{"embeddable":true,"href":"https:\/\/www.arenal.com\/blog\/wp-json\/wp\/v2\/media\/2241"}],"wp:attachment":[{"href":"https:\/\/www.arenal.com\/blog\/wp-json\/wp\/v2\/media?parent=2240"}],"wp:term":[{"taxonomy":"category","embeddable":true,"href":"https:\/\/www.arenal.com\/blog\/wp-json\/wp\/v2\/categories?post=2240"},{"taxonomy":"post_tag","embeddable":true,"href":"https:\/\/www.arenal.com\/blog\/wp-json\/wp\/v2\/tags?post=2240"}],"curies":[{"name":"wp","href":"https:\/\/api.w.org\/{rel}","templated":true}]}}