{"id":1162,"date":"2021-11-19T11:12:03","date_gmt":"2021-11-19T10:12:03","guid":{"rendered":"https:\/\/www.arenal.com\/numeracion-tintes\/"},"modified":"2025-06-04T12:19:46","modified_gmt":"2025-06-04T11:19:46","slug":"numeracion-tintes","status":"publish","type":"post","link":"https:\/\/www.arenal.com\/blog\/numeracion-tintes","title":{"rendered":"Numeraci\u00f3n de los tintes: Gu\u00eda para encontrar tu color perfecto"},"content":{"rendered":"<p style=\"margin-left: 0cm; margin-right: 0cm; text-align: justify;\"><span style=\"font-size: 11pt;\"><span style=\"font-family: Calibri,sans-serif;\">\u00bfTe has preguntado alguna vez qu\u00e9 significa la <a style=\"color: #0563c1; text-decoration: underline;\" href=\"https:\/\/www.arenal.com\/cabello\/coloracion\/c\/1_0000000991\">numeraci\u00f3n de los tintes<\/a>? Saberlo te permitir\u00e1 escoger el mejor para el color que deseas conseguir. As\u00ed que hoy te explicamos en qu\u00e9 consisten esos n\u00fameros, c\u00f3mo es la numeraci\u00f3n de los tintes rubios para que consigas por fin el matiz que quieres, c\u00f3mo influye la numeraci\u00f3n en los reflejos del tinte\u2026 En definitiva, \u00a1la gu\u00eda para que encuentres tu color perfecto!<\/span><\/span><\/p>\n<h2 style=\"margin-left: 0cm; margin-right: 0cm; text-align: justify;\"><span style=\"font-size: 11pt;\"><span style=\"font-family: Calibri,sans-serif;\"><strong><span style=\"color: black;\">\u00bfQu\u00e9 significan los n\u00fameros de tinte para el pelo?<\/span><\/strong><\/span><\/span><\/h2>\n<p style=\"margin-left: 0cm; margin-right: 0cm; text-align: justify;\"><span style=\"font-size: 11pt;\"><span style=\"font-family: Calibri,sans-serif;\">Seguro que cuando has comprado un tinte has observado que aparecen unos n\u00fameros en la caja; o has escuchado a tus peluqueros hablar de la numeraci\u00f3n del reflejo de tu color. Conocer el significado de estos dos o tres n\u00fameros que suelen aparecer en los tintes es la clave para acertar con el color que quieres conseguir y el que queda bien en tu pelo concretamente. Y es que la numeraci\u00f3n de los tintes ser\u00e1 tu aliada para evitar que los reflejos te jueguen una mala pasada. \u00a1Por fin sabr\u00e1s elegir el color que deseas!<\/span><\/span><\/p>\n<p style=\"margin-left: 0cm; margin-right: 0cm; text-align: justify;\"><span style=\"font-size: 11pt;\"><span style=\"font-family: Calibri,sans-serif;\">La numeraci\u00f3n del tinte suele constar de tres cifras (aunque a veces solo aparecen dos) que nos desvelan el color de base, el reflejo primario y el reflejo secundario de ese tinte en concreto. Cada una de las cifras va en una escala del 1 al 10. Es lo que se conoce como International Colour Chart (ICC), un sistema num\u00e9rico usado en todo el mundo para clasificar el color del pelo. De esa manera, todas las personas del planeta pueden reconocerlos. Veamos qu\u00e9 nos dice cada n\u00famero.<\/span><\/span><\/p>\n<h2 style=\"margin-left: 0cm; margin-right: 0cm; text-align: justify;\"><span style=\"font-size: 11pt;\"><span style=\"font-family: Calibri,sans-serif;\"><strong><span style=\"color: black;\">Del 1 al 10: gu\u00eda de tintes para cabello<\/span><\/strong><\/span><\/span><\/h2>\n<p style=\"margin-left: 0cm; margin-right: 0cm; text-align: justify;\"><span style=\"font-size: 11pt;\"><span style=\"font-family: Calibri,sans-serif;\">El primer n\u00famero que aparece en la numeraci\u00f3n de los tintes de pelo es el color base y se refiere a la profundidad de un color, de oscuro a claro: el 1 es negro y el 10 rubio muy claro. As\u00ed, por ejemplo, el 2 es marr\u00f3n muy oscuro, el 5 casta\u00f1o claro, el 6 rubio oscuro, el 7 rubio y el 10 rubio muy claro.<\/span><\/span><\/p>\n<p style=\"margin-left: 0cm; margin-right: 0cm; text-align: justify;\"><span style=\"font-size: 11pt;\"><span style=\"font-family: Calibri,sans-serif;\">El primer n\u00famero se separa de los otros dos puntos. Estos dos hacen referencia a la tonalidad. As\u00ed, como hemos avanzado anteriormente, el primero despu\u00e9s del punto es el tono primario y el segundo, el secundario. Es lo que diferencia el conseguir, por ejemplo, un rubio ceniza de un rubio dorado.<\/span><\/span><\/p>\n<p style=\"margin-left: 0cm; margin-right: 0cm; text-align: justify;\"><span style=\"font-size: 11pt;\"><span style=\"font-family: Calibri,sans-serif;\">El .0 es sin reflejos, el .1 es ceniza, el .2 es violeta, el .3 es dorado, el .4 es cobrizo, el .5 es caoba, el .6 es rojo, .7 es mate, y el .8 es moca. De esta manera, si queremos conseguir un rubio sin tonos amarillos o naranjas, por ejemplo, deberemos elegir un tinte cuyos reflejos no tiendan al dorado o al cobre; elegiremos los .1: 8.11 para rubios claros, 7.11 para rubios, 6.11 para rubios oscuros, 5.11 para el casta\u00f1o claro\u2026 En la numeraci\u00f3n de los tintes rubios debes tener en cuenta que, como suelen tener pigmentos naranjas, debemos elegir tonos ceniza que logren neutralizar el color anaranjado.<\/span><\/span><\/p>\n<p style=\"margin-left: 0cm; margin-right: 0cm; text-align: justify;\"><span style=\"font-size: 11pt;\"><span style=\"font-family: Calibri,sans-serif;\">El tercer n\u00famero (el segundo despu\u00e9s del punto) es el matiz secundario y es el que termina de conseguir ese color que marca la diferencia; define la intensidad del reflejo. Por ejemplo, puede aportar un tono fr\u00edo de ceniza al rubio o un tono m\u00e1s c\u00e1lido en dorado\u2026<\/span><\/span><\/p>\n<p style=\"margin-left: 0cm; margin-right: 0cm; text-align: justify;\"><span style=\"font-size: 11pt;\"><span style=\"font-family: Calibri,sans-serif;\">Con toda esta informaci\u00f3n, a partir de ahora cuando vayas a comprar tu tinte \u00a1f\u00edjate en la numeraci\u00f3n para lograr tu color perfecto!<\/span><\/span><\/p>\n","protected":false},"excerpt":{"rendered":"<p>Conocer el significado de la numeraci\u00f3n de los tintes te ayudar\u00e1 a escoger aquel que m\u00e1s necesitas para tu caso. \u00a1Entra y comienza a acertar siempre!<\/p>\n","protected":false},"author":1,"featured_media":1560,"comment_status":"open","ping_status":"open","sticky":false,"template":"","format":"standard","meta":{"footnotes":""},"categories":[234],"tags":[],"class_list":["post-1162","post","type-post","status-publish","format-standard","has-post-thumbnail","hentry","category-cuidado-del-cabello"],"featured_image_src":"https:\/\/www.arenal.com\/blog\/wp-content\/uploads\/2022\/01\/9045164687390.jpeg","author_info":{"display_name":"hiberus","author_link":"https:\/\/www.arenal.com\/blog\/author\/hiberus"},"yoast_head":"<!-- This site is optimized with the Yoast SEO plugin v27.4 - https:\/\/yoast.com\/product\/yoast-seo-wordpress\/ -->\n<title>Numeraci\u00f3n de tintes: gu\u00eda de colores | Blog de Arenal<\/title>\n<meta name=\"description\" content=\"Conocer el significado de la numeraci\u00f3n de los tintes te ayudar\u00e1 a escoger aquel que m\u00e1s necesitas para tu caso. \u00a1Comienza a acertar siempre!\" \/>\n<meta name=\"robots\" content=\"index, follow, max-snippet:-1, max-image-preview:large, max-video-preview:-1\" \/>\n<link rel=\"canonical\" href=\"https:\/\/www.arenal.com\/blog\/numeracion-tintes\" \/>\n<meta property=\"og:locale\" content=\"es_ES\" \/>\n<meta property=\"og:type\" content=\"article\" \/>\n<meta property=\"og:title\" content=\"Numeraci\u00f3n de los tintes de pelo: tu color perfecto - Blog de Arenal\" \/>\n<meta property=\"og:description\" content=\"Conocer el significado de la numeraci\u00f3n de los tintes te ayudar\u00e1 a escoger aquel que m\u00e1s necesitas para tu caso. \u00a1Comienza a acertar siempre!\" \/>\n<meta property=\"og:url\" content=\"https:\/\/www.arenal.com\/blog\/numeracion-tintes\" \/>\n<meta property=\"og:site_name\" content=\"Blog de Arenal\" \/>\n<meta property=\"article:published_time\" content=\"2021-11-19T10:12:03+00:00\" \/>\n<meta property=\"article:modified_time\" content=\"2025-06-04T11:19:46+00:00\" \/>\n<meta property=\"og:image\" content=\"https:\/\/www.arenal.com\/blog\/wp-content\/uploads\/2022\/01\/9045164687390.jpeg\" \/>\n\t<meta property=\"og:image:width\" content=\"1140\" \/>\n\t<meta property=\"og:image:height\" content=\"342\" \/>\n\t<meta property=\"og:image:type\" content=\"image\/jpeg\" \/>\n<meta name=\"author\" content=\"hiberus\" \/>\n<meta name=\"twitter:card\" content=\"summary_large_image\" \/>\n<meta name=\"twitter:title\" content=\"Numeraci\u00f3n de los tintes de pelo: tu color perfecto - Blog de Arenal\" \/>\n<meta name=\"twitter:label1\" content=\"Escrito por\" \/>\n\t<meta name=\"twitter:data1\" content=\"hiberus\" \/>\n\t<meta name=\"twitter:label2\" content=\"Tiempo de lectura\" \/>\n\t<meta name=\"twitter:data2\" content=\"3 minutos\" \/>\n<script type=\"application\/ld+json\" class=\"yoast-schema-graph\">{\"@context\":\"https:\\\/\\\/schema.org\",\"@graph\":[{\"@type\":\"Article\",\"@id\":\"https:\\\/\\\/www.arenal.com\\\/blog\\\/numeracion-tintes#article\",\"isPartOf\":{\"@id\":\"https:\\\/\\\/www.arenal.com\\\/blog\\\/numeracion-tintes\"},\"author\":{\"name\":\"hiberus\",\"@id\":\"https:\\\/\\\/www.arenal.com\\\/blog\\\/#\\\/schema\\\/person\\\/5b0f9900f2fb7a87b0b8c40b98a29e31\"},\"headline\":\"Numeraci\u00f3n de los tintes: Gu\u00eda para encontrar tu color perfecto\",\"datePublished\":\"2021-11-19T10:12:03+00:00\",\"dateModified\":\"2025-06-04T11:19:46+00:00\",\"mainEntityOfPage\":{\"@id\":\"https:\\\/\\\/www.arenal.com\\\/blog\\\/numeracion-tintes\"},\"wordCount\":589,\"commentCount\":0,\"image\":{\"@id\":\"https:\\\/\\\/www.arenal.com\\\/blog\\\/numeracion-tintes#primaryimage\"},\"thumbnailUrl\":\"https:\\\/\\\/www.arenal.com\\\/blog\\\/wp-content\\\/uploads\\\/2022\\\/01\\\/9045164687390.jpeg\",\"articleSection\":[\"Cuidado del cabello\"],\"inLanguage\":\"es\",\"potentialAction\":[{\"@type\":\"CommentAction\",\"name\":\"Comment\",\"target\":[\"https:\\\/\\\/www.arenal.com\\\/blog\\\/numeracion-tintes#respond\"]}]},{\"@type\":\"WebPage\",\"@id\":\"https:\\\/\\\/www.arenal.com\\\/blog\\\/numeracion-tintes\",\"url\":\"https:\\\/\\\/www.arenal.com\\\/blog\\\/numeracion-tintes\",\"name\":\"Numeraci\u00f3n de tintes: gu\u00eda de colores | Blog de Arenal\",\"isPartOf\":{\"@id\":\"https:\\\/\\\/www.arenal.com\\\/blog\\\/#website\"},\"primaryImageOfPage\":{\"@id\":\"https:\\\/\\\/www.arenal.com\\\/blog\\\/numeracion-tintes#primaryimage\"},\"image\":{\"@id\":\"https:\\\/\\\/www.arenal.com\\\/blog\\\/numeracion-tintes#primaryimage\"},\"thumbnailUrl\":\"https:\\\/\\\/www.arenal.com\\\/blog\\\/wp-content\\\/uploads\\\/2022\\\/01\\\/9045164687390.jpeg\",\"datePublished\":\"2021-11-19T10:12:03+00:00\",\"dateModified\":\"2025-06-04T11:19:46+00:00\",\"author\":{\"@id\":\"https:\\\/\\\/www.arenal.com\\\/blog\\\/#\\\/schema\\\/person\\\/5b0f9900f2fb7a87b0b8c40b98a29e31\"},\"description\":\"Conocer el significado de la numeraci\u00f3n de los tintes te ayudar\u00e1 a escoger aquel que m\u00e1s necesitas para tu caso. \u00a1Comienza a acertar siempre!\",\"breadcrumb\":{\"@id\":\"https:\\\/\\\/www.arenal.com\\\/blog\\\/numeracion-tintes#breadcrumb\"},\"inLanguage\":\"es\",\"potentialAction\":[{\"@type\":\"ReadAction\",\"target\":[\"https:\\\/\\\/www.arenal.com\\\/blog\\\/numeracion-tintes\"]}]},{\"@type\":\"ImageObject\",\"inLanguage\":\"es\",\"@id\":\"https:\\\/\\\/www.arenal.com\\\/blog\\\/numeracion-tintes#primaryimage\",\"url\":\"https:\\\/\\\/www.arenal.com\\\/blog\\\/wp-content\\\/uploads\\\/2022\\\/01\\\/9045164687390.jpeg\",\"contentUrl\":\"https:\\\/\\\/www.arenal.com\\\/blog\\\/wp-content\\\/uploads\\\/2022\\\/01\\\/9045164687390.jpeg\",\"width\":1140,\"height\":342,\"caption\":\"Numeracion de los tintes: Gu\u00eda para encontrar tu color perfecto\"},{\"@type\":\"BreadcrumbList\",\"@id\":\"https:\\\/\\\/www.arenal.com\\\/blog\\\/numeracion-tintes#breadcrumb\",\"itemListElement\":[{\"@type\":\"ListItem\",\"position\":1,\"name\":\"Cuidado del cabello\",\"item\":\"https:\\\/\\\/www.arenal.com\\\/blog\\\/cuidado-del-cabello\"},{\"@type\":\"ListItem\",\"position\":2,\"name\":\"Numeraci\u00f3n de los tintes: Gu\u00eda para encontrar tu color perfecto\"}]},{\"@type\":\"WebSite\",\"@id\":\"https:\\\/\\\/www.arenal.com\\\/blog\\\/#website\",\"url\":\"https:\\\/\\\/www.arenal.com\\\/blog\\\/\",\"name\":\"Blog de Arenal\",\"description\":\"\",\"potentialAction\":[{\"@type\":\"SearchAction\",\"target\":{\"@type\":\"EntryPoint\",\"urlTemplate\":\"https:\\\/\\\/www.arenal.com\\\/blog\\\/?s={search_term_string}\"},\"query-input\":{\"@type\":\"PropertyValueSpecification\",\"valueRequired\":true,\"valueName\":\"search_term_string\"}}],\"inLanguage\":\"es\"},{\"@type\":\"Person\",\"@id\":\"https:\\\/\\\/www.arenal.com\\\/blog\\\/#\\\/schema\\\/person\\\/5b0f9900f2fb7a87b0b8c40b98a29e31\",\"name\":\"hiberus\",\"image\":{\"@type\":\"ImageObject\",\"inLanguage\":\"es\",\"@id\":\"https:\\\/\\\/secure.gravatar.com\\\/avatar\\\/a0b97b568facc7d687254dae39c5cfb79af095aebc91173945f2a50629c9fe1a?s=96&d=mm&r=g\",\"url\":\"https:\\\/\\\/secure.gravatar.com\\\/avatar\\\/a0b97b568facc7d687254dae39c5cfb79af095aebc91173945f2a50629c9fe1a?s=96&d=mm&r=g\",\"contentUrl\":\"https:\\\/\\\/secure.gravatar.com\\\/avatar\\\/a0b97b568facc7d687254dae39c5cfb79af095aebc91173945f2a50629c9fe1a?s=96&d=mm&r=g\",\"caption\":\"hiberus\"},\"sameAs\":[\"https:\\\/\\\/www.arenal.com\"],\"url\":\"https:\\\/\\\/www.arenal.com\\\/blog\\\/author\\\/hiberus\"}]}<\/script>\n<!-- \/ Yoast SEO plugin. -->","yoast_head_json":{"title":"Numeraci\u00f3n de tintes: gu\u00eda de colores | Blog de Arenal","description":"Conocer el significado de la numeraci\u00f3n de los tintes te ayudar\u00e1 a escoger aquel que m\u00e1s necesitas para tu caso. \u00a1Comienza a acertar siempre!","robots":{"index":"index","follow":"follow","max-snippet":"max-snippet:-1","max-image-preview":"max-image-preview:large","max-video-preview":"max-video-preview:-1"},"canonical":"https:\/\/www.arenal.com\/blog\/numeracion-tintes","og_locale":"es_ES","og_type":"article","og_title":"Numeraci\u00f3n de los tintes de pelo: tu color perfecto - Blog de Arenal","og_description":"Conocer el significado de la numeraci\u00f3n de los tintes te ayudar\u00e1 a escoger aquel que m\u00e1s necesitas para tu caso. \u00a1Comienza a acertar siempre!","og_url":"https:\/\/www.arenal.com\/blog\/numeracion-tintes","og_site_name":"Blog de Arenal","article_published_time":"2021-11-19T10:12:03+00:00","article_modified_time":"2025-06-04T11:19:46+00:00","og_image":[{"width":1140,"height":342,"url":"https:\/\/www.arenal.com\/blog\/wp-content\/uploads\/2022\/01\/9045164687390.jpeg","type":"image\/jpeg"}],"author":"hiberus","twitter_card":"summary_large_image","twitter_title":"Numeraci\u00f3n de los tintes de pelo: tu color perfecto - Blog de Arenal","twitter_misc":{"Escrito por":"hiberus","Tiempo de lectura":"3 minutos"},"schema":{"@context":"https:\/\/schema.org","@graph":[{"@type":"Article","@id":"https:\/\/www.arenal.com\/blog\/numeracion-tintes#article","isPartOf":{"@id":"https:\/\/www.arenal.com\/blog\/numeracion-tintes"},"author":{"name":"hiberus","@id":"https:\/\/www.arenal.com\/blog\/#\/schema\/person\/5b0f9900f2fb7a87b0b8c40b98a29e31"},"headline":"Numeraci\u00f3n de los tintes: Gu\u00eda para encontrar tu color perfecto","datePublished":"2021-11-19T10:12:03+00:00","dateModified":"2025-06-04T11:19:46+00:00","mainEntityOfPage":{"@id":"https:\/\/www.arenal.com\/blog\/numeracion-tintes"},"wordCount":589,"commentCount":0,"image":{"@id":"https:\/\/www.arenal.com\/blog\/numeracion-tintes#primaryimage"},"thumbnailUrl":"https:\/\/www.arenal.com\/blog\/wp-content\/uploads\/2022\/01\/9045164687390.jpeg","articleSection":["Cuidado del cabello"],"inLanguage":"es","potentialAction":[{"@type":"CommentAction","name":"Comment","target":["https:\/\/www.arenal.com\/blog\/numeracion-tintes#respond"]}]},{"@type":"WebPage","@id":"https:\/\/www.arenal.com\/blog\/numeracion-tintes","url":"https:\/\/www.arenal.com\/blog\/numeracion-tintes","name":"Numeraci\u00f3n de tintes: gu\u00eda de colores | Blog de Arenal","isPartOf":{"@id":"https:\/\/www.arenal.com\/blog\/#website"},"primaryImageOfPage":{"@id":"https:\/\/www.arenal.com\/blog\/numeracion-tintes#primaryimage"},"image":{"@id":"https:\/\/www.arenal.com\/blog\/numeracion-tintes#primaryimage"},"thumbnailUrl":"https:\/\/www.arenal.com\/blog\/wp-content\/uploads\/2022\/01\/9045164687390.jpeg","datePublished":"2021-11-19T10:12:03+00:00","dateModified":"2025-06-04T11:19:46+00:00","author":{"@id":"https:\/\/www.arenal.com\/blog\/#\/schema\/person\/5b0f9900f2fb7a87b0b8c40b98a29e31"},"description":"Conocer el significado de la numeraci\u00f3n de los tintes te ayudar\u00e1 a escoger aquel que m\u00e1s necesitas para tu caso. \u00a1Comienza a acertar siempre!","breadcrumb":{"@id":"https:\/\/www.arenal.com\/blog\/numeracion-tintes#breadcrumb"},"inLanguage":"es","potentialAction":[{"@type":"ReadAction","target":["https:\/\/www.arenal.com\/blog\/numeracion-tintes"]}]},{"@type":"ImageObject","inLanguage":"es","@id":"https:\/\/www.arenal.com\/blog\/numeracion-tintes#primaryimage","url":"https:\/\/www.arenal.com\/blog\/wp-content\/uploads\/2022\/01\/9045164687390.jpeg","contentUrl":"https:\/\/www.arenal.com\/blog\/wp-content\/uploads\/2022\/01\/9045164687390.jpeg","width":1140,"height":342,"caption":"Numeracion de los tintes: Gu\u00eda para encontrar tu color perfecto"},{"@type":"BreadcrumbList","@id":"https:\/\/www.arenal.com\/blog\/numeracion-tintes#breadcrumb","itemListElement":[{"@type":"ListItem","position":1,"name":"Cuidado del cabello","item":"https:\/\/www.arenal.com\/blog\/cuidado-del-cabello"},{"@type":"ListItem","position":2,"name":"Numeraci\u00f3n de los tintes: Gu\u00eda para encontrar tu color perfecto"}]},{"@type":"WebSite","@id":"https:\/\/www.arenal.com\/blog\/#website","url":"https:\/\/www.arenal.com\/blog\/","name":"Blog de Arenal","description":"","potentialAction":[{"@type":"SearchAction","target":{"@type":"EntryPoint","urlTemplate":"https:\/\/www.arenal.com\/blog\/?s={search_term_string}"},"query-input":{"@type":"PropertyValueSpecification","valueRequired":true,"valueName":"search_term_string"}}],"inLanguage":"es"},{"@type":"Person","@id":"https:\/\/www.arenal.com\/blog\/#\/schema\/person\/5b0f9900f2fb7a87b0b8c40b98a29e31","name":"hiberus","image":{"@type":"ImageObject","inLanguage":"es","@id":"https:\/\/secure.gravatar.com\/avatar\/a0b97b568facc7d687254dae39c5cfb79af095aebc91173945f2a50629c9fe1a?s=96&d=mm&r=g","url":"https:\/\/secure.gravatar.com\/avatar\/a0b97b568facc7d687254dae39c5cfb79af095aebc91173945f2a50629c9fe1a?s=96&d=mm&r=g","contentUrl":"https:\/\/secure.gravatar.com\/avatar\/a0b97b568facc7d687254dae39c5cfb79af095aebc91173945f2a50629c9fe1a?s=96&d=mm&r=g","caption":"hiberus"},"sameAs":["https:\/\/www.arenal.com"],"url":"https:\/\/www.arenal.com\/blog\/author\/hiberus"}]}},"_links":{"self":[{"href":"https:\/\/www.arenal.com\/blog\/wp-json\/wp\/v2\/posts\/1162","targetHints":{"allow":["GET"]}}],"collection":[{"href":"https:\/\/www.arenal.com\/blog\/wp-json\/wp\/v2\/posts"}],"about":[{"href":"https:\/\/www.arenal.com\/blog\/wp-json\/wp\/v2\/types\/post"}],"author":[{"embeddable":true,"href":"https:\/\/www.arenal.com\/blog\/wp-json\/wp\/v2\/users\/1"}],"replies":[{"embeddable":true,"href":"https:\/\/www.arenal.com\/blog\/wp-json\/wp\/v2\/comments?post=1162"}],"version-history":[{"count":3,"href":"https:\/\/www.arenal.com\/blog\/wp-json\/wp\/v2\/posts\/1162\/revisions"}],"predecessor-version":[{"id":7217,"href":"https:\/\/www.arenal.com\/blog\/wp-json\/wp\/v2\/posts\/1162\/revisions\/7217"}],"wp:featuredmedia":[{"embeddable":true,"href":"https:\/\/www.arenal.com\/blog\/wp-json\/wp\/v2\/media\/1560"}],"wp:attachment":[{"href":"https:\/\/www.arenal.com\/blog\/wp-json\/wp\/v2\/media?parent=1162"}],"wp:term":[{"taxonomy":"category","embeddable":true,"href":"https:\/\/www.arenal.com\/blog\/wp-json\/wp\/v2\/categories?post=1162"},{"taxonomy":"post_tag","embeddable":true,"href":"https:\/\/www.arenal.com\/blog\/wp-json\/wp\/v2\/tags?post=1162"}],"curies":[{"name":"wp","href":"https:\/\/api.w.org\/{rel}","templated":true}]}}