{"id":1148,"date":"2021-10-13T15:36:36","date_gmt":"2021-10-13T14:36:36","guid":{"rendered":"https:\/\/www.arenal.com\/ideas-decorar-velas\/"},"modified":"2025-08-28T08:12:59","modified_gmt":"2025-08-28T07:12:59","slug":"ideas-decorar-velas","status":"publish","type":"post","link":"https:\/\/www.arenal.com\/blog\/ideas-decorar-velas","title":{"rendered":"Ideas para decorar con velas"},"content":{"rendered":"\n<p><span style=\"font-size: 11pt;\"><span style=\"font-family: Calibri,sans-serif;\"><a style=\"color: #0563c1; text-decoration: underline;\" href=\"https:\/\/www.arenal.com\/hogar\/ambientadores-y-climatizacion\/velas\/c\/1_0000000840\">Decorar con velas<\/a> es un recurso que aporta a tu hogar calidez y estilo de una forma muy sencilla. Te contamos 5 ideas para que decores el interior o exterior de tu casa con velas y presumas de una decoraci\u00f3n original que vaya m\u00e1s all\u00e1 de convencionalismos. Si tienes ganas de decorar tu casa, no quieres gastar mucho dinero y quieres ser innovador\u2026 \u00a1Este post es para ti!<\/span><\/span><\/p>\n\n\n\n<h2 class=\"wp-block-heading\"><span style=\"font-size: 11pt;\"><span style=\"font-family: Calibri,sans-serif;\"><strong>\u00bfPor qu\u00e9 decorar con velas?<\/strong><\/span><\/span><\/h2>\n\n\n\n<p><span style=\"font-size: 11pt;\"><span style=\"font-family: Calibri,sans-serif;\">Si nunca te hab\u00edas planteado decorar con velas y cuando piensas en ellas solo se te ocurre un ba\u00f1o relajante o decorar con velas en Navidad \u00a1necesitas este post m\u00e1s de lo que piensas! Y es que las velas, por la propia luz que aportan y porque son un elemento decorativo en s\u00ed mismas por sus formas, colores y posibilidades, son ideales para dar vida a los diferentes rincones de casa, ya sea en el interior o en el exterior.<\/span><\/span><\/p>\n\n\n\n<p><span style=\"font-size: 11pt;\"><span style=\"font-family: Calibri,sans-serif;\">La luz sirve para generar emociones, para crear ambientes delicados, relajados, \u00edntimos o c\u00e1lidos en casa; las velas de decoraci\u00f3n ya sean grandes, peque\u00f1as, medianas, huecas, alargadas, planas, con portavelas de cristal y metal, flotantes o arom\u00e1ticas pueden utilizarse solas o combinarse con otros elementos para crear espacios \u00fanicos en tu hogar.<\/span><\/span><\/p>\n\n\n\n<h2 class=\"wp-block-heading\"><span style=\"font-size: 11pt;\"><span style=\"font-family: Calibri,sans-serif;\"><strong>Ideas para decorar con velas la casa<\/strong><\/span><\/span><\/h2>\n\n\n\n<p><span style=\"font-size: 11pt;\"><span style=\"font-family: Calibri,sans-serif;\">Te proponemos 5 ideas para decorar con velas la casa. \u00a1Veamos cu\u00e1les son! Nuestra primera recomendaci\u00f3n es usar las velas para decorar mesas. Pero vayamos un paso m\u00e1s all\u00e1 de poner una vela grande en el centro de una mesa. Crea un rinc\u00f3n con encanto en la mesa del comedor, una estanter\u00eda del ba\u00f1o, el recibidor, una mesa que tengas de apoyo por casa\u2026 V\u00edstela con varias velas, con recipientes con flores o conchas de playa para la entrada o el ba\u00f1o. O juega con los tama\u00f1os de las velas para crear mesas ideales.<\/span><\/span><\/p>\n\n\n\n<p><span style=\"font-size: 11pt;\"><span style=\"font-family: Calibri,sans-serif;\">Otra idea es utilizar recipientes caseros donde meter las velas y crear una decoraci\u00f3n \u00fanica. Puedes utilizar los tarros de cristal del yogurt, de conservas, vasos, tazas de t\u00e9, copas de vino\u2026 Pon varios encima de una bandeja con unas ramitas de flores secas o rep\u00e1rtelas por el sal\u00f3n. \u00a1Nos encanta la sensaci\u00f3n de paz que dejan!<\/span><\/span><\/p>\n\n\n\n<p><span style=\"font-size: 11pt;\"><span style=\"font-family: Calibri,sans-serif;\">En lugar de crearnos nuestros propios recipientes podemos utilizar portavelas, combinarlos con marcos de fotos o jarrones con velas y decorar mesas, muebles, recibidores, estanter\u00edas o tocadores. En concreto, los portavelas de cristal y metal dan un aire sofisticado y chic a tu hogar. \u00a1F\u00edchalas!<\/span><\/span><\/p>\n\n\n\n<p><span style=\"font-size: 11pt;\"><span style=\"font-family: Calibri,sans-serif;\">Las velas flotantes son un recurso que tambi\u00e9n nos encanta. El ba\u00f1o, la terraza o un rinconcito en el sal\u00f3n son espacios a los que se aportar\u00e1 valor a\u00f1adido con este recurso gracias al contraste entre agua y fuego. Llena de agua un cubo de metal, un recipiente transparente o un jarr\u00f3n (dependiendo de d\u00f3nde vayas a colocarlo) a\u00f1ade p\u00e9talos de flor o arena si el recipiente es transparente y las velas flotantes. O haz que floten apoyadas en c\u00e1scaras de nueces, por ejemplo. \u00a1Dale alas a tu imaginaci\u00f3n!<\/span><\/span><\/p>\n\n\n\n<p><span style=\"font-size: 11pt;\"><span style=\"font-family: Calibri,sans-serif;\">Por \u00faltimo, como dijimos al principio, hay velas que son elementos decorativos en s\u00ed mismos. Solo tendr\u00e1s que elegir aquellas que m\u00e1s te gusten por su forma, color, olor o significado y ponerla en el lugar de la casa que quieras. Las velas grandes redondas huecas est\u00e1n muy de moda, las velas de exterior y tambi\u00e9n las arom\u00e1ticas. \u00a1Aviso!: <a href=\"https:\/\/www.arenal.com\/marcas\/rituals\/velas-rituals\">las de Rituals<\/a> y Bot\u00e1nica te van a encantar. En Arenal tienes un mont\u00f3n de opciones entre las que elegir. \u00a1Es hora de ser original con la decoraci\u00f3n de casa! <\/span><\/span><\/p>\n","protected":false},"excerpt":{"rendered":"<p>Decorar con velas aportar\u00e1 calidez y estilo a tu hogar de manera sencilla. Te traemos 5 ideas geniales para iluminar tus ambientes y el exterior de tu casa.<\/p>\n","protected":false},"author":1,"featured_media":1549,"comment_status":"open","ping_status":"open","sticky":false,"template":"","format":"standard","meta":{"footnotes":""},"categories":[235],"tags":[],"class_list":["post-1148","post","type-post","status-publish","format-standard","has-post-thumbnail","hentry","category-hogar"],"featured_image_src":"https:\/\/www.arenal.com\/blog\/wp-content\/uploads\/2022\/01\/9025656160286.jpeg","author_info":{"display_name":"hiberus","author_link":"https:\/\/www.arenal.com\/blog\/author\/hiberus"},"yoast_head":"<!-- This site is optimized with the Yoast SEO plugin v27.4 - https:\/\/yoast.com\/product\/yoast-seo-wordpress\/ -->\n<title>5 ideas para decorar con velas - Blog Arenal<\/title>\n<meta name=\"description\" content=\"Decorar con velas aportar\u00e1 calidez y estilo a tu hogar de manera sencilla. Te traemos 5 ideas geniales para iluminar tus ambientes y el exterior de tu casa.\" \/>\n<meta name=\"robots\" content=\"index, follow, max-snippet:-1, max-image-preview:large, max-video-preview:-1\" \/>\n<link rel=\"canonical\" href=\"https:\/\/www.arenal.com\/blog\/ideas-decorar-velas\" \/>\n<meta property=\"og:locale\" content=\"es_ES\" \/>\n<meta property=\"og:type\" content=\"article\" \/>\n<meta property=\"og:title\" content=\"5 ideas para decorar con velas - Blog Arenal\" \/>\n<meta property=\"og:description\" content=\"Decorar con velas aportar\u00e1 calidez y estilo a tu hogar de manera sencilla. Te traemos 5 ideas geniales para iluminar tus ambientes y el exterior de tu casa.\" \/>\n<meta property=\"og:url\" content=\"https:\/\/www.arenal.com\/blog\/ideas-decorar-velas\" \/>\n<meta property=\"og:site_name\" content=\"Blog de Arenal\" \/>\n<meta property=\"article:published_time\" content=\"2021-10-13T14:36:36+00:00\" \/>\n<meta property=\"article:modified_time\" content=\"2025-08-28T07:12:59+00:00\" \/>\n<meta property=\"og:image\" content=\"https:\/\/www.arenal.com\/blog\/wp-content\/uploads\/2022\/01\/9025656160286.jpeg\" \/>\n\t<meta property=\"og:image:width\" content=\"1140\" \/>\n\t<meta property=\"og:image:height\" content=\"342\" \/>\n\t<meta property=\"og:image:type\" content=\"image\/jpeg\" \/>\n<meta name=\"author\" content=\"hiberus\" \/>\n<meta name=\"twitter:card\" content=\"summary_large_image\" \/>\n<meta name=\"twitter:title\" content=\"5 ideas para decorar con velas - Blog Arenal\" \/>\n<meta name=\"twitter:label1\" content=\"Escrito por\" \/>\n\t<meta name=\"twitter:data1\" content=\"hiberus\" \/>\n\t<meta name=\"twitter:label2\" content=\"Tiempo de lectura\" \/>\n\t<meta name=\"twitter:data2\" content=\"3 minutos\" \/>\n<script type=\"application\/ld+json\" class=\"yoast-schema-graph\">{\"@context\":\"https:\\\/\\\/schema.org\",\"@graph\":[{\"@type\":\"Article\",\"@id\":\"https:\\\/\\\/www.arenal.com\\\/blog\\\/ideas-decorar-velas#article\",\"isPartOf\":{\"@id\":\"https:\\\/\\\/www.arenal.com\\\/blog\\\/ideas-decorar-velas\"},\"author\":{\"name\":\"hiberus\",\"@id\":\"https:\\\/\\\/www.arenal.com\\\/blog\\\/#\\\/schema\\\/person\\\/5b0f9900f2fb7a87b0b8c40b98a29e31\"},\"headline\":\"Ideas para decorar con velas\",\"datePublished\":\"2021-10-13T14:36:36+00:00\",\"dateModified\":\"2025-08-28T07:12:59+00:00\",\"mainEntityOfPage\":{\"@id\":\"https:\\\/\\\/www.arenal.com\\\/blog\\\/ideas-decorar-velas\"},\"wordCount\":631,\"commentCount\":0,\"image\":{\"@id\":\"https:\\\/\\\/www.arenal.com\\\/blog\\\/ideas-decorar-velas#primaryimage\"},\"thumbnailUrl\":\"https:\\\/\\\/www.arenal.com\\\/blog\\\/wp-content\\\/uploads\\\/2022\\\/01\\\/9025656160286.jpeg\",\"articleSection\":[\"Hogar\"],\"inLanguage\":\"es\",\"potentialAction\":[{\"@type\":\"CommentAction\",\"name\":\"Comment\",\"target\":[\"https:\\\/\\\/www.arenal.com\\\/blog\\\/ideas-decorar-velas#respond\"]}]},{\"@type\":\"WebPage\",\"@id\":\"https:\\\/\\\/www.arenal.com\\\/blog\\\/ideas-decorar-velas\",\"url\":\"https:\\\/\\\/www.arenal.com\\\/blog\\\/ideas-decorar-velas\",\"name\":\"5 ideas para decorar con velas - Blog Arenal\",\"isPartOf\":{\"@id\":\"https:\\\/\\\/www.arenal.com\\\/blog\\\/#website\"},\"primaryImageOfPage\":{\"@id\":\"https:\\\/\\\/www.arenal.com\\\/blog\\\/ideas-decorar-velas#primaryimage\"},\"image\":{\"@id\":\"https:\\\/\\\/www.arenal.com\\\/blog\\\/ideas-decorar-velas#primaryimage\"},\"thumbnailUrl\":\"https:\\\/\\\/www.arenal.com\\\/blog\\\/wp-content\\\/uploads\\\/2022\\\/01\\\/9025656160286.jpeg\",\"datePublished\":\"2021-10-13T14:36:36+00:00\",\"dateModified\":\"2025-08-28T07:12:59+00:00\",\"author\":{\"@id\":\"https:\\\/\\\/www.arenal.com\\\/blog\\\/#\\\/schema\\\/person\\\/5b0f9900f2fb7a87b0b8c40b98a29e31\"},\"description\":\"Decorar con velas aportar\u00e1 calidez y estilo a tu hogar de manera sencilla. Te traemos 5 ideas geniales para iluminar tus ambientes y el exterior de tu casa.\",\"breadcrumb\":{\"@id\":\"https:\\\/\\\/www.arenal.com\\\/blog\\\/ideas-decorar-velas#breadcrumb\"},\"inLanguage\":\"es\",\"potentialAction\":[{\"@type\":\"ReadAction\",\"target\":[\"https:\\\/\\\/www.arenal.com\\\/blog\\\/ideas-decorar-velas\"]}]},{\"@type\":\"ImageObject\",\"inLanguage\":\"es\",\"@id\":\"https:\\\/\\\/www.arenal.com\\\/blog\\\/ideas-decorar-velas#primaryimage\",\"url\":\"https:\\\/\\\/www.arenal.com\\\/blog\\\/wp-content\\\/uploads\\\/2022\\\/01\\\/9025656160286.jpeg\",\"contentUrl\":\"https:\\\/\\\/www.arenal.com\\\/blog\\\/wp-content\\\/uploads\\\/2022\\\/01\\\/9025656160286.jpeg\",\"width\":1140,\"height\":342,\"caption\":\"Ideas para decorar con velas\"},{\"@type\":\"BreadcrumbList\",\"@id\":\"https:\\\/\\\/www.arenal.com\\\/blog\\\/ideas-decorar-velas#breadcrumb\",\"itemListElement\":[{\"@type\":\"ListItem\",\"position\":1,\"name\":\"Hogar\",\"item\":\"https:\\\/\\\/www.arenal.com\\\/blog\\\/hogar\"},{\"@type\":\"ListItem\",\"position\":2,\"name\":\"Ideas para decorar con velas\"}]},{\"@type\":\"WebSite\",\"@id\":\"https:\\\/\\\/www.arenal.com\\\/blog\\\/#website\",\"url\":\"https:\\\/\\\/www.arenal.com\\\/blog\\\/\",\"name\":\"Blog de Arenal\",\"description\":\"\",\"potentialAction\":[{\"@type\":\"SearchAction\",\"target\":{\"@type\":\"EntryPoint\",\"urlTemplate\":\"https:\\\/\\\/www.arenal.com\\\/blog\\\/?s={search_term_string}\"},\"query-input\":{\"@type\":\"PropertyValueSpecification\",\"valueRequired\":true,\"valueName\":\"search_term_string\"}}],\"inLanguage\":\"es\"},{\"@type\":\"Person\",\"@id\":\"https:\\\/\\\/www.arenal.com\\\/blog\\\/#\\\/schema\\\/person\\\/5b0f9900f2fb7a87b0b8c40b98a29e31\",\"name\":\"hiberus\",\"image\":{\"@type\":\"ImageObject\",\"inLanguage\":\"es\",\"@id\":\"https:\\\/\\\/secure.gravatar.com\\\/avatar\\\/a0b97b568facc7d687254dae39c5cfb79af095aebc91173945f2a50629c9fe1a?s=96&d=mm&r=g\",\"url\":\"https:\\\/\\\/secure.gravatar.com\\\/avatar\\\/a0b97b568facc7d687254dae39c5cfb79af095aebc91173945f2a50629c9fe1a?s=96&d=mm&r=g\",\"contentUrl\":\"https:\\\/\\\/secure.gravatar.com\\\/avatar\\\/a0b97b568facc7d687254dae39c5cfb79af095aebc91173945f2a50629c9fe1a?s=96&d=mm&r=g\",\"caption\":\"hiberus\"},\"sameAs\":[\"https:\\\/\\\/www.arenal.com\"],\"url\":\"https:\\\/\\\/www.arenal.com\\\/blog\\\/author\\\/hiberus\"}]}<\/script>\n<!-- \/ Yoast SEO plugin. -->","yoast_head_json":{"title":"5 ideas para decorar con velas - Blog Arenal","description":"Decorar con velas aportar\u00e1 calidez y estilo a tu hogar de manera sencilla. Te traemos 5 ideas geniales para iluminar tus ambientes y el exterior de tu casa.","robots":{"index":"index","follow":"follow","max-snippet":"max-snippet:-1","max-image-preview":"max-image-preview:large","max-video-preview":"max-video-preview:-1"},"canonical":"https:\/\/www.arenal.com\/blog\/ideas-decorar-velas","og_locale":"es_ES","og_type":"article","og_title":"5 ideas para decorar con velas - Blog Arenal","og_description":"Decorar con velas aportar\u00e1 calidez y estilo a tu hogar de manera sencilla. Te traemos 5 ideas geniales para iluminar tus ambientes y el exterior de tu casa.","og_url":"https:\/\/www.arenal.com\/blog\/ideas-decorar-velas","og_site_name":"Blog de Arenal","article_published_time":"2021-10-13T14:36:36+00:00","article_modified_time":"2025-08-28T07:12:59+00:00","og_image":[{"width":1140,"height":342,"url":"https:\/\/www.arenal.com\/blog\/wp-content\/uploads\/2022\/01\/9025656160286.jpeg","type":"image\/jpeg"}],"author":"hiberus","twitter_card":"summary_large_image","twitter_title":"5 ideas para decorar con velas - Blog Arenal","twitter_misc":{"Escrito por":"hiberus","Tiempo de lectura":"3 minutos"},"schema":{"@context":"https:\/\/schema.org","@graph":[{"@type":"Article","@id":"https:\/\/www.arenal.com\/blog\/ideas-decorar-velas#article","isPartOf":{"@id":"https:\/\/www.arenal.com\/blog\/ideas-decorar-velas"},"author":{"name":"hiberus","@id":"https:\/\/www.arenal.com\/blog\/#\/schema\/person\/5b0f9900f2fb7a87b0b8c40b98a29e31"},"headline":"Ideas para decorar con velas","datePublished":"2021-10-13T14:36:36+00:00","dateModified":"2025-08-28T07:12:59+00:00","mainEntityOfPage":{"@id":"https:\/\/www.arenal.com\/blog\/ideas-decorar-velas"},"wordCount":631,"commentCount":0,"image":{"@id":"https:\/\/www.arenal.com\/blog\/ideas-decorar-velas#primaryimage"},"thumbnailUrl":"https:\/\/www.arenal.com\/blog\/wp-content\/uploads\/2022\/01\/9025656160286.jpeg","articleSection":["Hogar"],"inLanguage":"es","potentialAction":[{"@type":"CommentAction","name":"Comment","target":["https:\/\/www.arenal.com\/blog\/ideas-decorar-velas#respond"]}]},{"@type":"WebPage","@id":"https:\/\/www.arenal.com\/blog\/ideas-decorar-velas","url":"https:\/\/www.arenal.com\/blog\/ideas-decorar-velas","name":"5 ideas para decorar con velas - Blog Arenal","isPartOf":{"@id":"https:\/\/www.arenal.com\/blog\/#website"},"primaryImageOfPage":{"@id":"https:\/\/www.arenal.com\/blog\/ideas-decorar-velas#primaryimage"},"image":{"@id":"https:\/\/www.arenal.com\/blog\/ideas-decorar-velas#primaryimage"},"thumbnailUrl":"https:\/\/www.arenal.com\/blog\/wp-content\/uploads\/2022\/01\/9025656160286.jpeg","datePublished":"2021-10-13T14:36:36+00:00","dateModified":"2025-08-28T07:12:59+00:00","author":{"@id":"https:\/\/www.arenal.com\/blog\/#\/schema\/person\/5b0f9900f2fb7a87b0b8c40b98a29e31"},"description":"Decorar con velas aportar\u00e1 calidez y estilo a tu hogar de manera sencilla. Te traemos 5 ideas geniales para iluminar tus ambientes y el exterior de tu casa.","breadcrumb":{"@id":"https:\/\/www.arenal.com\/blog\/ideas-decorar-velas#breadcrumb"},"inLanguage":"es","potentialAction":[{"@type":"ReadAction","target":["https:\/\/www.arenal.com\/blog\/ideas-decorar-velas"]}]},{"@type":"ImageObject","inLanguage":"es","@id":"https:\/\/www.arenal.com\/blog\/ideas-decorar-velas#primaryimage","url":"https:\/\/www.arenal.com\/blog\/wp-content\/uploads\/2022\/01\/9025656160286.jpeg","contentUrl":"https:\/\/www.arenal.com\/blog\/wp-content\/uploads\/2022\/01\/9025656160286.jpeg","width":1140,"height":342,"caption":"Ideas para decorar con velas"},{"@type":"BreadcrumbList","@id":"https:\/\/www.arenal.com\/blog\/ideas-decorar-velas#breadcrumb","itemListElement":[{"@type":"ListItem","position":1,"name":"Hogar","item":"https:\/\/www.arenal.com\/blog\/hogar"},{"@type":"ListItem","position":2,"name":"Ideas para decorar con velas"}]},{"@type":"WebSite","@id":"https:\/\/www.arenal.com\/blog\/#website","url":"https:\/\/www.arenal.com\/blog\/","name":"Blog de Arenal","description":"","potentialAction":[{"@type":"SearchAction","target":{"@type":"EntryPoint","urlTemplate":"https:\/\/www.arenal.com\/blog\/?s={search_term_string}"},"query-input":{"@type":"PropertyValueSpecification","valueRequired":true,"valueName":"search_term_string"}}],"inLanguage":"es"},{"@type":"Person","@id":"https:\/\/www.arenal.com\/blog\/#\/schema\/person\/5b0f9900f2fb7a87b0b8c40b98a29e31","name":"hiberus","image":{"@type":"ImageObject","inLanguage":"es","@id":"https:\/\/secure.gravatar.com\/avatar\/a0b97b568facc7d687254dae39c5cfb79af095aebc91173945f2a50629c9fe1a?s=96&d=mm&r=g","url":"https:\/\/secure.gravatar.com\/avatar\/a0b97b568facc7d687254dae39c5cfb79af095aebc91173945f2a50629c9fe1a?s=96&d=mm&r=g","contentUrl":"https:\/\/secure.gravatar.com\/avatar\/a0b97b568facc7d687254dae39c5cfb79af095aebc91173945f2a50629c9fe1a?s=96&d=mm&r=g","caption":"hiberus"},"sameAs":["https:\/\/www.arenal.com"],"url":"https:\/\/www.arenal.com\/blog\/author\/hiberus"}]}},"_links":{"self":[{"href":"https:\/\/www.arenal.com\/blog\/wp-json\/wp\/v2\/posts\/1148","targetHints":{"allow":["GET"]}}],"collection":[{"href":"https:\/\/www.arenal.com\/blog\/wp-json\/wp\/v2\/posts"}],"about":[{"href":"https:\/\/www.arenal.com\/blog\/wp-json\/wp\/v2\/types\/post"}],"author":[{"embeddable":true,"href":"https:\/\/www.arenal.com\/blog\/wp-json\/wp\/v2\/users\/1"}],"replies":[{"embeddable":true,"href":"https:\/\/www.arenal.com\/blog\/wp-json\/wp\/v2\/comments?post=1148"}],"version-history":[{"count":7,"href":"https:\/\/www.arenal.com\/blog\/wp-json\/wp\/v2\/posts\/1148\/revisions"}],"predecessor-version":[{"id":7861,"href":"https:\/\/www.arenal.com\/blog\/wp-json\/wp\/v2\/posts\/1148\/revisions\/7861"}],"wp:featuredmedia":[{"embeddable":true,"href":"https:\/\/www.arenal.com\/blog\/wp-json\/wp\/v2\/media\/1549"}],"wp:attachment":[{"href":"https:\/\/www.arenal.com\/blog\/wp-json\/wp\/v2\/media?parent=1148"}],"wp:term":[{"taxonomy":"category","embeddable":true,"href":"https:\/\/www.arenal.com\/blog\/wp-json\/wp\/v2\/categories?post=1148"},{"taxonomy":"post_tag","embeddable":true,"href":"https:\/\/www.arenal.com\/blog\/wp-json\/wp\/v2\/tags?post=1148"}],"curies":[{"name":"wp","href":"https:\/\/api.w.org\/{rel}","templated":true}]}}