{"id":1123,"date":"2024-12-04T06:30:00","date_gmt":"2024-12-04T05:30:00","guid":{"rendered":"https:\/\/www.arenal.com\/mejores-cremas-manchas-cara\/"},"modified":"2025-02-25T10:26:38","modified_gmt":"2025-02-25T09:26:38","slug":"mejores-cremas-manchas-cara","status":"publish","type":"post","link":"https:\/\/www.arenal.com\/blog\/mejores-cremas-manchas-cara","title":{"rendered":"Las mejores cremas para eliminar manchas en la cara"},"content":{"rendered":"\n<p>Las manchas en la piel, en especial en las que aparecen en el rostro, son una de las principales preocupaciones est\u00e9ticas que sufren mujeres y hombres por igual. Estas marcas pueden aparecer por muy diversas razones y, adem\u00e1s, pueden ser dif\u00edciles de eliminar.&nbsp;<\/p>\n\n\n\n<p>Por suerte, hoy en d\u00eda la <a href=\"https:\/\/www.arenal.com\/cosmetica\/cosmetica-facial\/c\/1_0000000667\" target=\"_blank\" rel=\"noreferrer noopener\">cosm\u00e9tica facial<\/a> ha mejorado mucho y existen numerosos productos y <strong>cremas para eliminar manchas en la cara<\/strong> que est\u00e1n espec\u00edficamente formuladas para tratar este problema y ayudar a mejorar la apariencia general de la piel.&nbsp;<\/p>\n\n\n\n<p>Vamos a desvelarte todos los secretos para tratar la despigmentaci\u00f3n de la piel y conseguir ese aspecto radiantes que tanto quieres lucir as\u00ed que, si est\u00e1s buscando las <strong>mejores cremas para para las manchas de la cara<\/strong>, \u00a1sigue leyendo!&nbsp;<\/p>\n\n\n\n<div id=\"ez-toc-container\" class=\"ez-toc-v2_0_82_2 counter-hierarchy ez-toc-counter ez-toc-custom ez-toc-container-direction\">\n<div class=\"ez-toc-title-container\">\n<p class=\"ez-toc-title\" style=\"cursor:inherit\">Indice de contenidos<\/p>\n<span class=\"ez-toc-title-toggle\"><a href=\"#\" class=\"ez-toc-pull-right ez-toc-btn ez-toc-btn-xs ez-toc-btn-default ez-toc-toggle\" aria-label=\"Alternar tabla de contenidos\"><span class=\"ez-toc-js-icon-con\"><span class=\"\"><span class=\"eztoc-hide\" style=\"display:none;\">Toggle<\/span><span class=\"ez-toc-icon-toggle-span\"><svg style=\"fill: #000000;color:#000000\" xmlns=\"http:\/\/www.w3.org\/2000\/svg\" class=\"list-377408\" width=\"20px\" height=\"20px\" viewBox=\"0 0 24 24\" fill=\"none\"><path d=\"M6 6H4v2h2V6zm14 0H8v2h12V6zM4 11h2v2H4v-2zm16 0H8v2h12v-2zM4 16h2v2H4v-2zm16 0H8v2h12v-2z\" fill=\"currentColor\"><\/path><\/svg><svg style=\"fill: #000000;color:#000000\" class=\"arrow-unsorted-368013\" xmlns=\"http:\/\/www.w3.org\/2000\/svg\" width=\"10px\" height=\"10px\" viewBox=\"0 0 24 24\" version=\"1.2\" baseProfile=\"tiny\"><path d=\"M18.2 9.3l-6.2-6.3-6.2 6.3c-.2.2-.3.4-.3.7s.1.5.3.7c.2.2.4.3.7.3h11c.3 0 .5-.1.7-.3.2-.2.3-.5.3-.7s-.1-.5-.3-.7zM5.8 14.7l6.2 6.3 6.2-6.3c.2-.2.3-.5.3-.7s-.1-.5-.3-.7c-.2-.2-.4-.3-.7-.3h-11c-.3 0-.5.1-.7.3-.2.2-.3.5-.3.7s.1.5.3.7z\"\/><\/svg><\/span><\/span><\/span><\/a><\/span><\/div>\n<nav><ul class='ez-toc-list ez-toc-list-level-1 ' ><li class='ez-toc-page-1 ez-toc-heading-level-2'><a class=\"ez-toc-link ez-toc-heading-1\" href=\"https:\/\/www.arenal.com\/blog\/mejores-cremas-manchas-cara\/#%C2%BFPor_que_aparecen_manchas_en_la_cara\" >\u00bfPor qu\u00e9 aparecen manchas en la cara?&nbsp;<\/a><\/li><li class='ez-toc-page-1 ez-toc-heading-level-2'><a class=\"ez-toc-link ez-toc-heading-2\" href=\"https:\/\/www.arenal.com\/blog\/mejores-cremas-manchas-cara\/#Activos_e_ingredientes_que_mejoran_la_apariencia_de_las_manchas\" >Activos e ingredientes que mejoran la apariencia de las manchas&nbsp;<\/a><\/li><li class='ez-toc-page-1 ez-toc-heading-level-2'><a class=\"ez-toc-link ez-toc-heading-3\" href=\"https:\/\/www.arenal.com\/blog\/mejores-cremas-manchas-cara\/#Mejores_cremas_para_eliminar_manchas_en_la_cara\" >Mejores cremas para eliminar manchas en la cara&nbsp;<\/a><ul class='ez-toc-list-level-3' ><li class='ez-toc-heading-level-3'><a class=\"ez-toc-link ez-toc-heading-4\" href=\"https:\/\/www.arenal.com\/blog\/mejores-cremas-manchas-cara\/#1_La_Roche-Posay_Effaclar_Duo_SPF30_Crema_Anti-imperfecciones\" >1. La Roche-Posay Effaclar D\u00fao SPF30 Crema Anti-imperfecciones&nbsp;<\/a><\/li><li class='ez-toc-page-1 ez-toc-heading-level-3'><a class=\"ez-toc-link ez-toc-heading-5\" href=\"https:\/\/www.arenal.com\/blog\/mejores-cremas-manchas-cara\/#2_Bella_Aurora_Doble_Fuerza_Original\" >2. Bella Aurora Doble Fuerza Original&nbsp;<\/a><\/li><li class='ez-toc-page-1 ez-toc-heading-level-3'><a class=\"ez-toc-link ez-toc-heading-6\" href=\"https:\/\/www.arenal.com\/blog\/mejores-cremas-manchas-cara\/#3_Retincare_Gel_Hiperpigmentaciones_Xerosis\" >3. Retincare Gel Hiperpigmentaciones Xerosis&nbsp;<\/a><\/li><li class='ez-toc-page-1 ez-toc-heading-level-3'><a class=\"ez-toc-link ez-toc-heading-7\" href=\"https:\/\/www.arenal.com\/blog\/mejores-cremas-manchas-cara\/#4_Bioderma_Sebium_Mat_Control_Crema_Matificante_para_Piel_MixtaGrasa\" >4. Bioderma S\u00e9bium Mat Control Crema Matificante para Piel Mixta\/Grasa&nbsp;<\/a><\/li><\/ul><\/li><li class='ez-toc-page-1 ez-toc-heading-level-2'><a class=\"ez-toc-link ez-toc-heading-8\" href=\"https:\/\/www.arenal.com\/blog\/mejores-cremas-manchas-cara\/#Consejos_para_el_uso_efectivo_de_cremas_despigmentantes\" >Consejos para el uso efectivo de cremas despigmentantes&nbsp;<\/a><\/li><\/ul><\/nav><\/div>\n<h2 class=\"wp-block-heading\"><span class=\"ez-toc-section\" id=\"%C2%BFPor_que_aparecen_manchas_en_la_cara\"><\/span>\u00bfPor qu\u00e9 aparecen manchas en la cara?&nbsp;<span class=\"ez-toc-section-end\"><\/span><\/h2>\n\n\n\n<p>No hay una \u00fanica raz\u00f3n por la que una persona puede empezar a notar que le aparecen manchas o despigmentaci\u00f3n en el rostro. Los motivos m\u00e1s habituales son la <strong>exposici\u00f3n al sol y el envejecimiento<\/strong>. La radiaci\u00f3n ultravioleta es muy da\u00f1ina para la piel y uno de los principales s\u00edntomas de da\u00f1o solar es, precisamente, la aparici\u00f3n de&nbsp; manchas en la piel. La exposici\u00f3n prolongada al sol sin protecci\u00f3n adecuada puede provocar la producci\u00f3n excesiva de melanina, el pigmento que da color a la piel, generando la hiperpigmentaci\u00f3n. Por otro lado, la p\u00e9rdida de elasticidad que sucede de forma natural con el paso del tiempo, hace que la piel tambi\u00e9n sea m\u00e1s susceptible a la aparici\u00f3n de manchas.&nbsp;&nbsp;<\/p>\n\n\n\n<p>Tambi\u00e9n hay <strong>otros factores<\/strong> que pueden influir en que un rostro presente manchas o hiperpigmentaci\u00f3n en la piel:&nbsp;<\/p>\n\n\n\n<ol start=\"1\" class=\"wp-block-list\">\n<li><strong>Cambios hormonales<\/strong>: En mujeres, los cambios hormonales como los que ocurren durante el embarazo o el uso de anticonceptivos pueden desencadenar manchas conocidas como melasma, que suelen ser de color marr\u00f3n claro a oscuro y se distribuyen en la frente, mejillas y labios.&nbsp;<\/li>\n<\/ol>\n\n\n\n<ol start=\"2\" class=\"wp-block-list\">\n<li><strong>Acn\u00e9 y cicatrices<\/strong>: Las cicatrices de acn\u00e9 tambi\u00e9n pueden producir manchas oscuras, especialmente si no se tratan correctamente. La hiperpigmentaci\u00f3n postinflamatoria es com\u00fan en personas con tendencia a sufrir acn\u00e9 y suele dejar marcas visibles en la piel.&nbsp;<\/li>\n<\/ol>\n\n\n\n<ol start=\"3\" class=\"wp-block-list\">\n<li><strong>Factores gen\u00e9ticos<\/strong>: La predisposici\u00f3n gen\u00e9tica tambi\u00e9n influye en la aparici\u00f3n de manchas en la piel. Algunas personas tienen mayor tendencia a desarrollarlas debido a factores hereditarios.&nbsp;<\/li>\n<\/ol>\n\n\n\n<ol start=\"4\" class=\"wp-block-list\">\n<li><strong>Contaminaci\u00f3n y estilo de vida<\/strong>: La contaminaci\u00f3n ambiental y ciertos h\u00e1bitos, como fumar, pueden da\u00f1ar la piel y provocar manchas. La acumulaci\u00f3n de toxinas y el estr\u00e9s oxidativo tambi\u00e9n afectan la uniformidad del tono de la piel.&nbsp;<\/li>\n<\/ol>\n\n\n\n<p>Cada uno de estos factores contribuye a que las manchas en la cara se desarrollen y persistan. Por suerte, existen productos espec\u00edficos para eliminarlas y mejorar la apariencia de la piel.&nbsp;<\/p>\n\n\n\n<figure class=\"wp-block-image size-large\"><img loading=\"lazy\" decoding=\"async\" width=\"1024\" height=\"683\" src=\"https:\/\/www.arenal.com\/blog\/wp-content\/uploads\/2024\/11\/mejores_cremas_manchas_en_la_cara_arenal-1024x683.jpg\" alt=\"Las mejores cremas para eliminar manchas en la cara\" class=\"wp-image-6757\" srcset=\"https:\/\/www.arenal.com\/blog\/wp-content\/uploads\/2024\/11\/mejores_cremas_manchas_en_la_cara_arenal-1024x683.jpg 1024w, https:\/\/www.arenal.com\/blog\/wp-content\/uploads\/2024\/11\/mejores_cremas_manchas_en_la_cara_arenal-300x200.jpg 300w, https:\/\/www.arenal.com\/blog\/wp-content\/uploads\/2024\/11\/mejores_cremas_manchas_en_la_cara_arenal-768x512.jpg 768w, https:\/\/www.arenal.com\/blog\/wp-content\/uploads\/2024\/11\/mejores_cremas_manchas_en_la_cara_arenal.jpg 1140w\" sizes=\"auto, (max-width: 1024px) 100vw, 1024px\" \/><\/figure>\n\n\n\n<h2 class=\"wp-block-heading\"><span class=\"ez-toc-section\" id=\"Activos_e_ingredientes_que_mejoran_la_apariencia_de_las_manchas\"><\/span>Activos e ingredientes que mejoran la apariencia de las manchas&nbsp;<span class=\"ez-toc-section-end\"><\/span><\/h2>\n\n\n\n<p><strong>Lo mejor para las manchas de la cara<\/strong> es elegir productos que contengan ingredientes y principios activos especialmente efectivos contra esta afecci\u00f3n.&nbsp; Por lo tanto, cuando busques <strong>productos y <\/strong><a href=\"https:\/\/www.arenal.com\/cosmetica\/cosmetica-facial\/antimanchas\/c\/1_0000000687\" target=\"_blank\" rel=\"noreferrer noopener\"><strong>tratamientos antimanchas<\/strong><\/a>, es importante que revises su lista de componentes para asegurarte de que incluyan algunos de los siguientes ingredientes:&nbsp;<\/p>\n\n\n\n<ul class=\"wp-block-list\">\n<li style=\"margin-left:25px;\"><strong>\u25cf \u00c1cido k\u00f3jico<\/strong>: Este ingrediente es popular por su capacidad para inhibir la producci\u00f3n de melanina, lo que ayuda a reducir la aparici\u00f3n de manchas oscuras y mejora el tono de la piel.&nbsp;<\/li>\n<\/ul>\n\n\n\n<ul class=\"wp-block-list\">\n<li style=\"margin-left:25px;\"><strong>\u25cf Vitamina C:<\/strong> Conocida por sus propiedades antioxidantes, la vitamina C es eficaz para aclarar la piel y combatir los radicales libres. La aplicaci\u00f3n regular de <a href=\"https:\/\/www.arenal.com\/blog\/los-5-mejores-serums-con-vitamina-c\" target=\"_blank\" rel=\"noreferrer noopener\">serums con vitamina c<\/a> y <a href=\"https:\/\/www.arenal.com\/blog\/beneficios-cremas-vitamina-c\" target=\"_blank\" rel=\"noreferrer noopener\">cremas con vitamina c<\/a> puede contribuir a reducir la hiperpigmentaci\u00f3n y a darle un tono m\u00e1s luminoso y uniforme a la piel.&nbsp;<\/li>\n<\/ul>\n\n\n\n<ul class=\"wp-block-list\">\n<li style=\"margin-left:25px;\"><a href=\"https:\/\/www.arenal.com\/blog\/acido-glicolico\" target=\"_blank\" rel=\"noreferrer noopener\"><strong>\u25cf \u00c1cido glic\u00f3lico<\/strong><\/a>: Este alfa-hidroxi\u00e1cido (AHA) exfolia suavemente la capa superficial de la piel, eliminando c\u00e9lulas muertas y estimulando la renovaci\u00f3n celular, lo cual es fundamental para reducir las manchas de la cara.&nbsp;<\/li>\n<\/ul>\n\n\n\n<ul class=\"wp-block-list\">\n<li style=\"margin-left:25px;\"><strong>\u25cf Niacinamida<\/strong>: Es un derivado de la vitamina B3 que ayuda a regular la producci\u00f3n de melanina, disminuyendo las manchas y protegiendo la barrera cut\u00e1nea. Adem\u00e1s, tiene efectos antiinflamatorios, lo que la convierte en un ingrediente clave en productos para quitar manchas de la cara.&nbsp;<\/li>\n<\/ul>\n\n\n\n<ul class=\"wp-block-list\">\n<li style=\"margin-left:25px;\"><strong>\u25cf \u00c1cido salic\u00edlico<\/strong>: Es un beta-hidroxi\u00e1cido (BHA) que penetra en los poros y exfolia profundamente la piel. Es ideal para personas con piel grasa o con tendencia al acn\u00e9, pues ayuda a desvanecer manchas y cicatrices.&nbsp;<\/li>\n<\/ul>\n\n\n\n<ul class=\"wp-block-list\">\n<li style=\"margin-left:25px;\"><strong>\u25cf Retinoides<\/strong>: Los retinoides, derivados de la vitamina A, son conocidos por su capacidad para promover la renovaci\u00f3n celular y aumentar la producci\u00f3n de col\u00e1geno. Las <a href=\"https:\/\/www.arenal.com\/blog\/mejores-cremas-retinol\" target=\"_blank\" rel=\"noreferrer noopener\">mejores cremas con retinol<\/a> mejoran la textura de la piel y reducen la apariencia de manchas y arrugas.&nbsp;<\/li>\n<\/ul>\n\n\n\n<ul class=\"wp-block-list\">\n<li style=\"margin-left:25px;\"><strong>\u25cf Extractos naturales<\/strong>: Algunos extractos naturales, como el regaliz y la soja, tambi\u00e9n tienen propiedades despigmentantes y ayudan a reducir las manchas de forma suave.&nbsp;<\/li>\n<\/ul>\n\n\n\n<p>Estos ingredientes pueden encontrarse en diversas combinaciones en las <strong>mejores cremas para manchas en la piel<\/strong>, y su uso constante suele brindar resultados significativos en pocas semanas.&nbsp;<\/p>\n\n\n\n<figure class=\"wp-block-image size-large\"><img loading=\"lazy\" decoding=\"async\" width=\"1024\" height=\"683\" src=\"https:\/\/www.arenal.com\/blog\/wp-content\/uploads\/2024\/11\/eliminar_manchas_en_la_cara_arenal-1024x683.jpg\" alt=\"Las mejores cremas para eliminar manchas en la cara\" class=\"wp-image-6756\" srcset=\"https:\/\/www.arenal.com\/blog\/wp-content\/uploads\/2024\/11\/eliminar_manchas_en_la_cara_arenal-1024x683.jpg 1024w, https:\/\/www.arenal.com\/blog\/wp-content\/uploads\/2024\/11\/eliminar_manchas_en_la_cara_arenal-300x200.jpg 300w, https:\/\/www.arenal.com\/blog\/wp-content\/uploads\/2024\/11\/eliminar_manchas_en_la_cara_arenal-768x512.jpg 768w, https:\/\/www.arenal.com\/blog\/wp-content\/uploads\/2024\/11\/eliminar_manchas_en_la_cara_arenal.jpg 1140w\" sizes=\"auto, (max-width: 1024px) 100vw, 1024px\" \/><\/figure>\n\n\n\n<h2 class=\"wp-block-heading\"><span class=\"ez-toc-section\" id=\"Mejores_cremas_para_eliminar_manchas_en_la_cara\"><\/span>Mejores cremas para eliminar manchas en la cara&nbsp;<span class=\"ez-toc-section-end\"><\/span><\/h2>\n\n\n\n<p>Para facilitar tu elecci\u00f3n de productos, aqu\u00ed te presentamos una selecci\u00f3n de algunas de las mejores cremas para eliminar manchas en la cara que incluyen los ingredientes mencionados. Estos productos han sido bien valorados y recomendados tanto por dermat\u00f3logos como por usuarios, debido a su efectividad en la reducci\u00f3n de manchas y la mejora de la apariencia general de la piel.&nbsp;<\/p>\n\n\n\n<h3 class=\"wp-block-heading\"><span class=\"ez-toc-section\" id=\"1_La_Roche-Posay_Effaclar_Duo_SPF30_Crema_Anti-imperfecciones\"><\/span>1. <a href=\"https:\/\/www.arenal.com\/la-roche-posay-effaclar-duo-spf-30-gel-crema-anti-imperfecciones-40-ml\/p\/N3470476\" target=\"_blank\" rel=\"noreferrer noopener\">La Roche-Posay Effaclar D\u00fao SPF30 Crema Anti-imperfecciones<\/a>&nbsp;<span class=\"ez-toc-section-end\"><\/span><\/h3>\n\n\n\n<p>La Roche-Posay es una marca conocida por sus productos para pieles sensibles y problem\u00e1ticas. La Effaclar D\u00fao SPF30 es una crema dise\u00f1ada para tratar las imperfecciones y prevenir la aparici\u00f3n de manchas post-acn\u00e9.&nbsp;<\/p>\n\n\n\n<ul class=\"wp-block-list\">\n<li style=\"margin-left:25px;\"><strong>\u25cf Ingredientes clave<\/strong>: Niacinamida, piroctona olamina y filtro solar SPF30. \u00bfNo sabes <a href=\"https:\/\/www.arenal.com\/blog\/que-significa-spf-en-los-protectores-solares\" target=\"_blank\" rel=\"noreferrer noopener\">qu\u00e9 significa spf<\/a>? Es el nivel de protecci\u00f3n solar que ofrece un producto.&nbsp;<\/li>\n<\/ul>\n\n\n\n<ul class=\"wp-block-list\">\n<li style=\"margin-left:25px;\"><strong>\u25cf Beneficios<\/strong>: Ayuda a reducir las imperfecciones y previene la hiperpigmentaci\u00f3n gracias a su protecci\u00f3n solar. Su f\u00f3rmula no grasa es ideal para pieles mixtas y grasas.&nbsp;<\/li>\n<\/ul>\n\n\n\n<ul class=\"wp-block-list\">\n<li style=\"margin-left:25px;\"><strong>\u25cf Uso recomendado<\/strong>: Aplicar por las ma\u00f1anas, despu\u00e9s de la limpieza, para unificar el tono y proteger la piel de los rayos UV.&nbsp;<\/li>\n<\/ul>\n\n\n<div class=\"wp-block-image\">\n<figure class=\"aligncenter size-full\"><img loading=\"lazy\" decoding=\"async\" width=\"568\" height=\"568\" src=\"https:\/\/www.arenal.com\/blog\/wp-content\/uploads\/2024\/11\/image-3.jpeg\" alt=\"\" class=\"wp-image-6761\" srcset=\"https:\/\/www.arenal.com\/blog\/wp-content\/uploads\/2024\/11\/image-3.jpeg 568w, https:\/\/www.arenal.com\/blog\/wp-content\/uploads\/2024\/11\/image-3-300x300.jpeg 300w, https:\/\/www.arenal.com\/blog\/wp-content\/uploads\/2024\/11\/image-3-150x150.jpeg 150w\" sizes=\"auto, (max-width: 568px) 100vw, 568px\" \/><\/figure>\n<\/div>\n\n\n<h3 class=\"wp-block-heading\"><span class=\"ez-toc-section\" id=\"2_Bella_Aurora_Doble_Fuerza_Original\"><\/span>2. <a href=\"https:\/\/www.arenal.com\/bella-aurora-doble-fuerza-original-crema-anti-manchas-piel-seca-30-ml\/p\/000000000000002088\" target=\"_blank\" rel=\"noreferrer noopener\">Bella Aurora Doble Fuerza Original<\/a>&nbsp;<span class=\"ez-toc-section-end\"><\/span><\/h3>\n\n\n\n<p>Bella Aurora es una marca con una larga trayectoria en productos despigmentantes, y su crema Doble Fuerza Original es una de las mejores cremas para eliminar manchas en la cara, especialmente para personas con piel seca.&nbsp;<\/p>\n\n\n\n<ul class=\"wp-block-list\">\n<li style=\"margin-left:25px;\"><strong>\u25cf Ingredientes clave<\/strong>: \u00c1cido salic\u00edlico, \u00e1cido k\u00f3jico y extracto de gayuba.&nbsp;<\/li>\n<\/ul>\n\n\n\n<ul class=\"wp-block-list\">\n<li style=\"margin-left:25px;\"><strong>\u25cf Beneficios<\/strong>: Ayuda a reducir las manchas de sol, hormonales y de envejecimiento. Su f\u00f3rmula cremosa hidrata profundamente y mejora la elasticidad de la piel.&nbsp;<\/li>\n<\/ul>\n\n\n\n<ul class=\"wp-block-list\">\n<li style=\"margin-left:25px;\"><strong>\u25cf Uso recomendado<\/strong>: Se recomienda aplicar tanto en la ma\u00f1ana como en la noche, siempre seguido de un protector solar para proteger los resultados obtenidos.&nbsp;<\/li>\n<\/ul>\n\n\n<div class=\"wp-block-image\">\n<figure class=\"aligncenter size-full\"><img loading=\"lazy\" decoding=\"async\" width=\"305\" height=\"239\" src=\"https:\/\/www.arenal.com\/blog\/wp-content\/uploads\/2024\/11\/image-8.png\" alt=\"\" class=\"wp-image-6764\" srcset=\"https:\/\/www.arenal.com\/blog\/wp-content\/uploads\/2024\/11\/image-8.png 305w, https:\/\/www.arenal.com\/blog\/wp-content\/uploads\/2024\/11\/image-8-300x235.png 300w\" sizes=\"auto, (max-width: 305px) 100vw, 305px\" \/><\/figure>\n<\/div>\n\n\n<h3 class=\"wp-block-heading\"><span class=\"ez-toc-section\" id=\"3_Retincare_Gel_Hiperpigmentaciones_Xerosis\"><\/span>3. <a href=\"https:\/\/www.arenal.com\/retincare-crema-facial-hiperpigmentaciones-30-ml\/p\/N1724564\" target=\"_blank\" rel=\"noreferrer noopener\">Retincare Gel Hiperpigmentaciones Xerosis<\/a>&nbsp;<span class=\"ez-toc-section-end\"><\/span><\/h3>\n\n\n\n<p>El Retincare Gel es un tratamiento especializado para la hiperpigmentaci\u00f3n y la xerosis (piel seca), dise\u00f1ado especialmente para renovar y regenerar la piel.&nbsp;<\/p>\n\n\n\n<ul class=\"wp-block-list\">\n<li style=\"margin-left:25px;\"><strong>\u25cf Ingredientes clave<\/strong>: \u00c1cido glic\u00f3lico y retinol.&nbsp;<\/li>\n<\/ul>\n\n\n\n<ul class=\"wp-block-list\">\n<li style=\"margin-left:25px;\"><strong>\u25cf Beneficios<\/strong>: Promueve una exfoliaci\u00f3n profunda y el rejuvenecimiento de la piel, eliminando manchas y mejorando la textura. Este gel es particularmente efectivo en manchas oscuras persistentes y marcas de acn\u00e9.&nbsp;<\/li>\n<\/ul>\n\n\n\n<ul class=\"wp-block-list\">\n<li style=\"margin-left:25px;\"><strong>\u25cf Uso recomendado<\/strong>: Se recomienda su aplicaci\u00f3n en la noche debido a su contenido de retinol, seguido de un protector solar al d\u00eda siguiente.&nbsp;<\/li>\n<\/ul>\n\n\n<div class=\"wp-block-image\">\n<figure class=\"aligncenter size-full\"><img loading=\"lazy\" decoding=\"async\" width=\"400\" height=\"400\" src=\"https:\/\/www.arenal.com\/blog\/wp-content\/uploads\/2024\/11\/image-7.png\" alt=\"\" class=\"wp-image-6762\" srcset=\"https:\/\/www.arenal.com\/blog\/wp-content\/uploads\/2024\/11\/image-7.png 400w, https:\/\/www.arenal.com\/blog\/wp-content\/uploads\/2024\/11\/image-7-300x300.png 300w, https:\/\/www.arenal.com\/blog\/wp-content\/uploads\/2024\/11\/image-7-150x150.png 150w\" sizes=\"auto, (max-width: 400px) 100vw, 400px\" \/><\/figure>\n<\/div>\n\n\n<h3 class=\"wp-block-heading\"><span class=\"ez-toc-section\" id=\"4_Bioderma_Sebium_Mat_Control_Crema_Matificante_para_Piel_MixtaGrasa\"><\/span>4. <a href=\"https:\/\/www.arenal.com\/bioderma-sebium-mat-control-crema-matificante-piel-mixta-grasa-30-ml\/p\/N1788436\" target=\"_blank\" rel=\"noreferrer noopener\">Bioderma S\u00e9bium Mat Control Crema Matificante para Piel Mixta\/Grasa<\/a>&nbsp;<span class=\"ez-toc-section-end\"><\/span><\/h3>\n\n\n\n<p>Para las personas con piel mixta o grasa, la crema S\u00e9bium Mat Control de Bioderma es una excelente opci\u00f3n, ya que controla el brillo y ayuda a reducir las marcas oscuras.&nbsp;<\/p>\n\n\n\n<ul class=\"wp-block-list\">\n<li style=\"margin-left:25px;\"><strong>\u25cf Ingredientes clave<\/strong>: Complejo Fluidactiv, \u00e1cido salic\u00edlico y zinc.&nbsp;<\/li>\n<\/ul>\n\n\n\n<ul class=\"wp-block-list\">\n<li style=\"margin-left:25px;\"><strong>\u25cf Beneficios<\/strong>: Su f\u00f3rmula matificante evita el brillo y reduce las imperfecciones y manchas, proporcionando un aspecto uniforme y sin grasa en la piel.&nbsp;<\/li>\n<\/ul>\n\n\n\n<ul class=\"wp-block-list\">\n<li style=\"margin-left:25px;\"><strong>\u25cf Uso recomendado<\/strong>: Aplicar en la ma\u00f1ana despu\u00e9s de la limpieza facial. Ideal para quienes buscan una crema que reduzca manchas y mantenga la piel libre de brillo durante el d\u00eda.&nbsp;<\/li>\n<\/ul>\n\n\n<div class=\"wp-block-image\">\n<figure class=\"aligncenter size-full\"><img loading=\"lazy\" decoding=\"async\" width=\"400\" height=\"400\" src=\"https:\/\/www.arenal.com\/blog\/wp-content\/uploads\/2024\/11\/image-4.jpeg\" alt=\"\" class=\"wp-image-6763\" srcset=\"https:\/\/www.arenal.com\/blog\/wp-content\/uploads\/2024\/11\/image-4.jpeg 400w, https:\/\/www.arenal.com\/blog\/wp-content\/uploads\/2024\/11\/image-4-300x300.jpeg 300w, https:\/\/www.arenal.com\/blog\/wp-content\/uploads\/2024\/11\/image-4-150x150.jpeg 150w\" sizes=\"auto, (max-width: 400px) 100vw, 400px\" \/><\/figure>\n<\/div>\n\n\n<figure class=\"wp-block-image size-large\"><img loading=\"lazy\" decoding=\"async\" width=\"1024\" height=\"683\" src=\"https:\/\/www.arenal.com\/blog\/wp-content\/uploads\/2024\/11\/cremas_para_quitar_manchas_arenal-1024x683.jpg\" alt=\"Las mejores cremas para eliminar manchas en la cara\" class=\"wp-image-6755\" srcset=\"https:\/\/www.arenal.com\/blog\/wp-content\/uploads\/2024\/11\/cremas_para_quitar_manchas_arenal-1024x683.jpg 1024w, https:\/\/www.arenal.com\/blog\/wp-content\/uploads\/2024\/11\/cremas_para_quitar_manchas_arenal-300x200.jpg 300w, https:\/\/www.arenal.com\/blog\/wp-content\/uploads\/2024\/11\/cremas_para_quitar_manchas_arenal-768x512.jpg 768w, https:\/\/www.arenal.com\/blog\/wp-content\/uploads\/2024\/11\/cremas_para_quitar_manchas_arenal.jpg 1140w\" sizes=\"auto, (max-width: 1024px) 100vw, 1024px\" \/><\/figure>\n\n\n\n<h2 class=\"wp-block-heading\"><span class=\"ez-toc-section\" id=\"Consejos_para_el_uso_efectivo_de_cremas_despigmentantes\"><\/span>Consejos para el uso efectivo de cremas despigmentantes&nbsp;<span class=\"ez-toc-section-end\"><\/span><\/h2>\n\n\n\n<p>Como suele decirse, es mejor prevenir que curar. La aparici\u00f3n de manchas en la piel es dif\u00edcil de revertir, incluso empleando las mejores cremas y productos. Por eso, lo mejor <a href=\"https:\/\/www.arenal.com\/blog\/usar-proteccion-solar-todo-el-ano\" target=\"_blank\" rel=\"noreferrer noopener\">usar protecci\u00f3n solar todo el a\u00f1o<\/a>, incluso en invierno, para evitar su aparici\u00f3n. Adem\u00e1s, algunas de las cremas para las manchas aumentan la sensibilidad al sol, por lo que usar protector solar de amplio espectro es crucial para prevenir reacciones adversas.&nbsp;<\/p>\n\n\n\n<p>La constancia es otro factor que debes tener en cuenta si quieres obtener los mejores resultado. Los productos para manchas en la cara requieren de 4 a 8 semanas de uso constante para evidenciar mejoras significativas, as\u00ed que si las utilizas una vez cada dos semanas, no ver\u00e1s los resultados prometidos.&nbsp;<\/p>\n\n\n\n<p>Tambi\u00e9n es importante comprobar que los distintos ingredientes y activos de tu <a href=\"https:\/\/www.arenal.com\/blog\/rutina-cuidado-facial\" target=\"_blank\" rel=\"noreferrer noopener\">rutina de cuidado facial<\/a> son compatibles.&nbsp; Algunos ingredientes pueden causar irritaci\u00f3n si se usan en exceso o combinados inadecuadamente. Consulta con un dermat\u00f3logo si tienes dudas sobre tu rutina.&nbsp;<\/p>\n\n\n\n<p>Las <strong>mejores cremas para eliminar manchas en la cara<\/strong> pueden ayudarte a recuperar una piel uniforme y radiante si eliges los productos adecuados y mantienes una rutina de cuidado constante. Encuentra en Arenal primeras marcas para el cuidado de tu piel como <a href=\"https:\/\/www.arenal.com\/marcas\/avene\/c\/AQW\" target=\"_blank\" rel=\"noreferrer noopener\">Av\u00e9ne<\/a>, <a href=\"https:\/\/www.arenal.com\/marcas\/bioderma\/c\/CML\" target=\"_blank\" rel=\"noreferrer noopener\">Bioderma<\/a>, <a href=\"https:\/\/www.arenal.com\/marcas\/bella-aurora\/c\/AKP\" target=\"_blank\" rel=\"noreferrer noopener\">Bella Aurora<\/a> o <a href=\"https:\/\/www.arenal.com\/marcas\/la-roche-posay\/c\/AOB\" target=\"_blank\" rel=\"noreferrer noopener\">La Roche-Posay<\/a> y luce una piel radiante y libre de imperfecciones a cualquier edad.&nbsp;<\/p>\n","protected":false},"excerpt":{"rendered":"<p>Te traemos las mejores cremas del mercado para lucir una piel del rostro uniforme, luminosa y suave.<\/p>\n","protected":false},"author":2,"featured_media":6758,"comment_status":"open","ping_status":"open","sticky":false,"template":"","format":"standard","meta":{"footnotes":""},"categories":[627,622],"tags":[637],"class_list":["post-1123","post","type-post","status-publish","format-standard","has-post-thumbnail","hentry","category-rankings-top-productos","category-cosmetica-dermocosmetica","tag-facial"],"featured_image_src":"https:\/\/www.arenal.com\/blog\/wp-content\/uploads\/2024\/11\/mejores_cremas_para_manchas_arenal.jpg","author_info":{"display_name":"arenal","author_link":"https:\/\/www.arenal.com\/blog\/author\/arenal"},"yoast_head":"<!-- This site is optimized with the Yoast SEO plugin v27.4 - https:\/\/yoast.com\/product\/yoast-seo-wordpress\/ -->\n<title>Las mejores cremas para eliminar manchas en la cara<\/title>\n<meta name=\"description\" content=\"Descubre cu\u00e1les son las mejores cremas para eliminar manchas en la cara y recupera tu rostro sin imperfecciones.\" \/>\n<meta name=\"robots\" content=\"index, follow, max-snippet:-1, max-image-preview:large, max-video-preview:-1\" \/>\n<link rel=\"canonical\" href=\"https:\/\/www.arenal.com\/blog\/mejores-cremas-manchas-cara\" \/>\n<meta property=\"og:locale\" content=\"es_ES\" \/>\n<meta property=\"og:type\" content=\"article\" \/>\n<meta property=\"og:title\" content=\"Las mejores cremas para manchas en la cara - Blog de Arenal\" \/>\n<meta property=\"og:description\" content=\"Descubre cu\u00e1les son las mejores cremas para eliminar manchas en la cara y recupera tu rostro sin imperfecciones.\" \/>\n<meta property=\"og:url\" content=\"https:\/\/www.arenal.com\/blog\/mejores-cremas-manchas-cara\" \/>\n<meta property=\"og:site_name\" content=\"Blog de Arenal\" \/>\n<meta property=\"article:published_time\" content=\"2024-12-04T05:30:00+00:00\" \/>\n<meta property=\"article:modified_time\" content=\"2025-02-25T09:26:38+00:00\" \/>\n<meta property=\"og:image\" content=\"https:\/\/www.arenal.com\/blog\/wp-content\/uploads\/2024\/11\/mejores_cremas_para_manchas_arenal.jpg\" \/>\n\t<meta property=\"og:image:width\" content=\"1140\" \/>\n\t<meta property=\"og:image:height\" content=\"322\" \/>\n\t<meta property=\"og:image:type\" content=\"image\/jpeg\" \/>\n<meta name=\"author\" content=\"arenal\" \/>\n<meta name=\"twitter:card\" content=\"summary_large_image\" \/>\n<meta name=\"twitter:title\" content=\"Las mejores cremas para manchas en la cara - Blog de Arenal\" \/>\n<meta name=\"twitter:label1\" content=\"Escrito por\" \/>\n\t<meta name=\"twitter:data1\" content=\"arenal\" \/>\n\t<meta name=\"twitter:label2\" content=\"Tiempo de lectura\" \/>\n\t<meta name=\"twitter:data2\" content=\"9 minutos\" \/>\n<script type=\"application\/ld+json\" class=\"yoast-schema-graph\">{\"@context\":\"https:\\\/\\\/schema.org\",\"@graph\":[{\"@type\":\"Article\",\"@id\":\"https:\\\/\\\/www.arenal.com\\\/blog\\\/mejores-cremas-manchas-cara#article\",\"isPartOf\":{\"@id\":\"https:\\\/\\\/www.arenal.com\\\/blog\\\/mejores-cremas-manchas-cara\"},\"author\":{\"name\":\"arenal\",\"@id\":\"https:\\\/\\\/www.arenal.com\\\/blog\\\/#\\\/schema\\\/person\\\/75c321b161941947bdc15ffde9d6241f\"},\"headline\":\"Las mejores cremas para eliminar manchas en la cara\",\"datePublished\":\"2024-12-04T05:30:00+00:00\",\"dateModified\":\"2025-02-25T09:26:38+00:00\",\"mainEntityOfPage\":{\"@id\":\"https:\\\/\\\/www.arenal.com\\\/blog\\\/mejores-cremas-manchas-cara\"},\"wordCount\":1657,\"commentCount\":0,\"image\":{\"@id\":\"https:\\\/\\\/www.arenal.com\\\/blog\\\/mejores-cremas-manchas-cara#primaryimage\"},\"thumbnailUrl\":\"https:\\\/\\\/www.arenal.com\\\/blog\\\/wp-content\\\/uploads\\\/2024\\\/11\\\/mejores_cremas_para_manchas_arenal.jpg\",\"keywords\":[\"Cuidado facial\"],\"articleSection\":[\"Comparativas\",\"Cosm\u00e9tica\"],\"inLanguage\":\"es\",\"potentialAction\":[{\"@type\":\"CommentAction\",\"name\":\"Comment\",\"target\":[\"https:\\\/\\\/www.arenal.com\\\/blog\\\/mejores-cremas-manchas-cara#respond\"]}]},{\"@type\":\"WebPage\",\"@id\":\"https:\\\/\\\/www.arenal.com\\\/blog\\\/mejores-cremas-manchas-cara\",\"url\":\"https:\\\/\\\/www.arenal.com\\\/blog\\\/mejores-cremas-manchas-cara\",\"name\":\"Las mejores cremas para eliminar manchas en la cara\",\"isPartOf\":{\"@id\":\"https:\\\/\\\/www.arenal.com\\\/blog\\\/#website\"},\"primaryImageOfPage\":{\"@id\":\"https:\\\/\\\/www.arenal.com\\\/blog\\\/mejores-cremas-manchas-cara#primaryimage\"},\"image\":{\"@id\":\"https:\\\/\\\/www.arenal.com\\\/blog\\\/mejores-cremas-manchas-cara#primaryimage\"},\"thumbnailUrl\":\"https:\\\/\\\/www.arenal.com\\\/blog\\\/wp-content\\\/uploads\\\/2024\\\/11\\\/mejores_cremas_para_manchas_arenal.jpg\",\"datePublished\":\"2024-12-04T05:30:00+00:00\",\"dateModified\":\"2025-02-25T09:26:38+00:00\",\"author\":{\"@id\":\"https:\\\/\\\/www.arenal.com\\\/blog\\\/#\\\/schema\\\/person\\\/75c321b161941947bdc15ffde9d6241f\"},\"description\":\"Descubre cu\u00e1les son las mejores cremas para eliminar manchas en la cara y recupera tu rostro sin imperfecciones.\",\"breadcrumb\":{\"@id\":\"https:\\\/\\\/www.arenal.com\\\/blog\\\/mejores-cremas-manchas-cara#breadcrumb\"},\"inLanguage\":\"es\",\"potentialAction\":[{\"@type\":\"ReadAction\",\"target\":[\"https:\\\/\\\/www.arenal.com\\\/blog\\\/mejores-cremas-manchas-cara\"]}]},{\"@type\":\"ImageObject\",\"inLanguage\":\"es\",\"@id\":\"https:\\\/\\\/www.arenal.com\\\/blog\\\/mejores-cremas-manchas-cara#primaryimage\",\"url\":\"https:\\\/\\\/www.arenal.com\\\/blog\\\/wp-content\\\/uploads\\\/2024\\\/11\\\/mejores_cremas_para_manchas_arenal.jpg\",\"contentUrl\":\"https:\\\/\\\/www.arenal.com\\\/blog\\\/wp-content\\\/uploads\\\/2024\\\/11\\\/mejores_cremas_para_manchas_arenal.jpg\",\"width\":1140,\"height\":322,\"caption\":\"Las mejores cremas para eliminar manchas en la cara\"},{\"@type\":\"BreadcrumbList\",\"@id\":\"https:\\\/\\\/www.arenal.com\\\/blog\\\/mejores-cremas-manchas-cara#breadcrumb\",\"itemListElement\":[{\"@type\":\"ListItem\",\"position\":1,\"name\":\"Cosm\u00e9tica\",\"item\":\"https:\\\/\\\/www.arenal.com\\\/blog\\\/cosmetica-dermocosmetica\"},{\"@type\":\"ListItem\",\"position\":2,\"name\":\"Las mejores cremas para eliminar manchas en la cara\"}]},{\"@type\":\"WebSite\",\"@id\":\"https:\\\/\\\/www.arenal.com\\\/blog\\\/#website\",\"url\":\"https:\\\/\\\/www.arenal.com\\\/blog\\\/\",\"name\":\"Blog de Arenal\",\"description\":\"\",\"potentialAction\":[{\"@type\":\"SearchAction\",\"target\":{\"@type\":\"EntryPoint\",\"urlTemplate\":\"https:\\\/\\\/www.arenal.com\\\/blog\\\/?s={search_term_string}\"},\"query-input\":{\"@type\":\"PropertyValueSpecification\",\"valueRequired\":true,\"valueName\":\"search_term_string\"}}],\"inLanguage\":\"es\"},{\"@type\":\"Person\",\"@id\":\"https:\\\/\\\/www.arenal.com\\\/blog\\\/#\\\/schema\\\/person\\\/75c321b161941947bdc15ffde9d6241f\",\"name\":\"arenal\",\"image\":{\"@type\":\"ImageObject\",\"inLanguage\":\"es\",\"@id\":\"https:\\\/\\\/secure.gravatar.com\\\/avatar\\\/e930b117f1433c3126018d5f63c8b2d59f2a86bdb0425d8e5c9b3c027c902408?s=96&d=mm&r=g\",\"url\":\"https:\\\/\\\/secure.gravatar.com\\\/avatar\\\/e930b117f1433c3126018d5f63c8b2d59f2a86bdb0425d8e5c9b3c027c902408?s=96&d=mm&r=g\",\"contentUrl\":\"https:\\\/\\\/secure.gravatar.com\\\/avatar\\\/e930b117f1433c3126018d5f63c8b2d59f2a86bdb0425d8e5c9b3c027c902408?s=96&d=mm&r=g\",\"caption\":\"arenal\"},\"url\":\"https:\\\/\\\/www.arenal.com\\\/blog\\\/author\\\/arenal\"}]}<\/script>\n<!-- \/ Yoast SEO plugin. -->","yoast_head_json":{"title":"Las mejores cremas para eliminar manchas en la cara","description":"Descubre cu\u00e1les son las mejores cremas para eliminar manchas en la cara y recupera tu rostro sin imperfecciones.","robots":{"index":"index","follow":"follow","max-snippet":"max-snippet:-1","max-image-preview":"max-image-preview:large","max-video-preview":"max-video-preview:-1"},"canonical":"https:\/\/www.arenal.com\/blog\/mejores-cremas-manchas-cara","og_locale":"es_ES","og_type":"article","og_title":"Las mejores cremas para manchas en la cara - Blog de Arenal","og_description":"Descubre cu\u00e1les son las mejores cremas para eliminar manchas en la cara y recupera tu rostro sin imperfecciones.","og_url":"https:\/\/www.arenal.com\/blog\/mejores-cremas-manchas-cara","og_site_name":"Blog de Arenal","article_published_time":"2024-12-04T05:30:00+00:00","article_modified_time":"2025-02-25T09:26:38+00:00","og_image":[{"width":1140,"height":322,"url":"https:\/\/www.arenal.com\/blog\/wp-content\/uploads\/2024\/11\/mejores_cremas_para_manchas_arenal.jpg","type":"image\/jpeg"}],"author":"arenal","twitter_card":"summary_large_image","twitter_title":"Las mejores cremas para manchas en la cara - Blog de Arenal","twitter_misc":{"Escrito por":"arenal","Tiempo de lectura":"9 minutos"},"schema":{"@context":"https:\/\/schema.org","@graph":[{"@type":"Article","@id":"https:\/\/www.arenal.com\/blog\/mejores-cremas-manchas-cara#article","isPartOf":{"@id":"https:\/\/www.arenal.com\/blog\/mejores-cremas-manchas-cara"},"author":{"name":"arenal","@id":"https:\/\/www.arenal.com\/blog\/#\/schema\/person\/75c321b161941947bdc15ffde9d6241f"},"headline":"Las mejores cremas para eliminar manchas en la cara","datePublished":"2024-12-04T05:30:00+00:00","dateModified":"2025-02-25T09:26:38+00:00","mainEntityOfPage":{"@id":"https:\/\/www.arenal.com\/blog\/mejores-cremas-manchas-cara"},"wordCount":1657,"commentCount":0,"image":{"@id":"https:\/\/www.arenal.com\/blog\/mejores-cremas-manchas-cara#primaryimage"},"thumbnailUrl":"https:\/\/www.arenal.com\/blog\/wp-content\/uploads\/2024\/11\/mejores_cremas_para_manchas_arenal.jpg","keywords":["Cuidado facial"],"articleSection":["Comparativas","Cosm\u00e9tica"],"inLanguage":"es","potentialAction":[{"@type":"CommentAction","name":"Comment","target":["https:\/\/www.arenal.com\/blog\/mejores-cremas-manchas-cara#respond"]}]},{"@type":"WebPage","@id":"https:\/\/www.arenal.com\/blog\/mejores-cremas-manchas-cara","url":"https:\/\/www.arenal.com\/blog\/mejores-cremas-manchas-cara","name":"Las mejores cremas para eliminar manchas en la cara","isPartOf":{"@id":"https:\/\/www.arenal.com\/blog\/#website"},"primaryImageOfPage":{"@id":"https:\/\/www.arenal.com\/blog\/mejores-cremas-manchas-cara#primaryimage"},"image":{"@id":"https:\/\/www.arenal.com\/blog\/mejores-cremas-manchas-cara#primaryimage"},"thumbnailUrl":"https:\/\/www.arenal.com\/blog\/wp-content\/uploads\/2024\/11\/mejores_cremas_para_manchas_arenal.jpg","datePublished":"2024-12-04T05:30:00+00:00","dateModified":"2025-02-25T09:26:38+00:00","author":{"@id":"https:\/\/www.arenal.com\/blog\/#\/schema\/person\/75c321b161941947bdc15ffde9d6241f"},"description":"Descubre cu\u00e1les son las mejores cremas para eliminar manchas en la cara y recupera tu rostro sin imperfecciones.","breadcrumb":{"@id":"https:\/\/www.arenal.com\/blog\/mejores-cremas-manchas-cara#breadcrumb"},"inLanguage":"es","potentialAction":[{"@type":"ReadAction","target":["https:\/\/www.arenal.com\/blog\/mejores-cremas-manchas-cara"]}]},{"@type":"ImageObject","inLanguage":"es","@id":"https:\/\/www.arenal.com\/blog\/mejores-cremas-manchas-cara#primaryimage","url":"https:\/\/www.arenal.com\/blog\/wp-content\/uploads\/2024\/11\/mejores_cremas_para_manchas_arenal.jpg","contentUrl":"https:\/\/www.arenal.com\/blog\/wp-content\/uploads\/2024\/11\/mejores_cremas_para_manchas_arenal.jpg","width":1140,"height":322,"caption":"Las mejores cremas para eliminar manchas en la cara"},{"@type":"BreadcrumbList","@id":"https:\/\/www.arenal.com\/blog\/mejores-cremas-manchas-cara#breadcrumb","itemListElement":[{"@type":"ListItem","position":1,"name":"Cosm\u00e9tica","item":"https:\/\/www.arenal.com\/blog\/cosmetica-dermocosmetica"},{"@type":"ListItem","position":2,"name":"Las mejores cremas para eliminar manchas en la cara"}]},{"@type":"WebSite","@id":"https:\/\/www.arenal.com\/blog\/#website","url":"https:\/\/www.arenal.com\/blog\/","name":"Blog de Arenal","description":"","potentialAction":[{"@type":"SearchAction","target":{"@type":"EntryPoint","urlTemplate":"https:\/\/www.arenal.com\/blog\/?s={search_term_string}"},"query-input":{"@type":"PropertyValueSpecification","valueRequired":true,"valueName":"search_term_string"}}],"inLanguage":"es"},{"@type":"Person","@id":"https:\/\/www.arenal.com\/blog\/#\/schema\/person\/75c321b161941947bdc15ffde9d6241f","name":"arenal","image":{"@type":"ImageObject","inLanguage":"es","@id":"https:\/\/secure.gravatar.com\/avatar\/e930b117f1433c3126018d5f63c8b2d59f2a86bdb0425d8e5c9b3c027c902408?s=96&d=mm&r=g","url":"https:\/\/secure.gravatar.com\/avatar\/e930b117f1433c3126018d5f63c8b2d59f2a86bdb0425d8e5c9b3c027c902408?s=96&d=mm&r=g","contentUrl":"https:\/\/secure.gravatar.com\/avatar\/e930b117f1433c3126018d5f63c8b2d59f2a86bdb0425d8e5c9b3c027c902408?s=96&d=mm&r=g","caption":"arenal"},"url":"https:\/\/www.arenal.com\/blog\/author\/arenal"}]}},"_links":{"self":[{"href":"https:\/\/www.arenal.com\/blog\/wp-json\/wp\/v2\/posts\/1123","targetHints":{"allow":["GET"]}}],"collection":[{"href":"https:\/\/www.arenal.com\/blog\/wp-json\/wp\/v2\/posts"}],"about":[{"href":"https:\/\/www.arenal.com\/blog\/wp-json\/wp\/v2\/types\/post"}],"author":[{"embeddable":true,"href":"https:\/\/www.arenal.com\/blog\/wp-json\/wp\/v2\/users\/2"}],"replies":[{"embeddable":true,"href":"https:\/\/www.arenal.com\/blog\/wp-json\/wp\/v2\/comments?post=1123"}],"version-history":[{"count":8,"href":"https:\/\/www.arenal.com\/blog\/wp-json\/wp\/v2\/posts\/1123\/revisions"}],"predecessor-version":[{"id":7300,"href":"https:\/\/www.arenal.com\/blog\/wp-json\/wp\/v2\/posts\/1123\/revisions\/7300"}],"wp:featuredmedia":[{"embeddable":true,"href":"https:\/\/www.arenal.com\/blog\/wp-json\/wp\/v2\/media\/6758"}],"wp:attachment":[{"href":"https:\/\/www.arenal.com\/blog\/wp-json\/wp\/v2\/media?parent=1123"}],"wp:term":[{"taxonomy":"category","embeddable":true,"href":"https:\/\/www.arenal.com\/blog\/wp-json\/wp\/v2\/categories?post=1123"},{"taxonomy":"post_tag","embeddable":true,"href":"https:\/\/www.arenal.com\/blog\/wp-json\/wp\/v2\/tags?post=1123"}],"curies":[{"name":"wp","href":"https:\/\/api.w.org\/{rel}","templated":true}]}}