{"id":1115,"date":"2021-05-28T12:24:47","date_gmt":"2021-05-28T11:24:47","guid":{"rendered":"https:\/\/www.arenal.com\/tintes-para-morenas\/"},"modified":"2023-08-22T11:16:56","modified_gmt":"2023-08-22T10:16:56","slug":"tintes-para-morenas","status":"publish","type":"post","link":"https:\/\/www.arenal.com\/blog\/tintes-para-morenas","title":{"rendered":"Top 5 tintes para morenas"},"content":{"rendered":"<p style=\"margin-left: 0cm; margin-right: 0cm; text-align: justify;\"><span style=\"font-size: 11pt;\"><span style=\"font-family: Calibri,sans-serif;\">Con el verano a la vuelta de la esquina no es de extra\u00f1ar que apetezca un cambio en el color de pelo o en el corte. As\u00ed que\u2026 \u00a1Hoy nos centramos en colores de pelos bonitos para morenas! Os contamos cu\u00e1les son los <a style=\"color: #0563c1; text-decoration: underline;\" href=\"https:\/\/www.arenal.com\/cabello\/coloracion\/tintes\/c\/1_0000000992\">tintes de pelo para morenas<\/a> m\u00e1s de moda para ayudaros a decidiros de cara a vuestro pr\u00f3ximo cambio. As\u00ed que, si eres morena \u00a1este post es para ti!<\/span><\/span><\/p>\n<h2 style=\"margin-left: 0cm; margin-right: 0cm; text-align: justify;\"><span style=\"font-size: 11pt;\"><span style=\"font-family: Calibri,sans-serif;\"><strong>\u00bfQu\u00e9 tintes son los m\u00e1s comunes en morenas?<\/strong><\/span><\/span><\/h2>\n<p style=\"margin-left: 0cm; margin-right: 0cm; text-align: justify;\"><span style=\"font-size: 11pt;\"><span style=\"font-family: Calibri,sans-serif;\">Los tintes m\u00e1s comunes en morenas son los tonos chocolate, casta\u00f1os y negros, pero los tintes para morenas no est\u00e1n limitados a estos, aunque a veces por falta de inspiraci\u00f3n as\u00ed lo creamos, sino que hay un amplio abanico si queremos cambiar el color de nuestra melena. Adem\u00e1s, aparte de escoger un tinte que nos guste y vaya acorde con nuestro color de piel y ojos, tambi\u00e9n podemos a\u00f1adir algunas mechas. \u00a1Os dejamos algunas recomendaciones!<\/span><\/span><\/p>\n<h2 style=\"margin-left: 0cm; margin-right: 0cm; text-align: justify;\"><span style=\"font-size: 11pt;\"><span style=\"font-family: Calibri,sans-serif;\"><strong>Tintes recomendados para pelo moreno<\/strong><\/span><\/span><\/h2>\n<p style=\"margin-left: 0cm; margin-right: 0cm; text-align: justify;\"><span style=\"font-size: 11pt;\"><span style=\"font-family: Calibri,sans-serif;\">Como hemos dicho, entre los tintes para morenas m\u00e1s comunes se encuentran los tintes color chocolate porque suelen quedar bien en todas. Pero es que adem\u00e1s este a\u00f1o son tendencia. \u00a0Y no nos extra\u00f1a porque es elegante, discreto, luminoso y muy favorecedor. <\/span><\/span><\/p>\n<p style=\"margin-left: 0cm; margin-right: 0cm; text-align: justify;\"><span style=\"font-size: 11pt;\"><span style=\"font-family: Calibri,sans-serif;\">Este color queda bien por s\u00ed mismo, pero podemos aportarle un aire diferente. \u00bfC\u00f3mo? Si eres atrevida apuesta por unas mechas color ceniza; si quieres iluminar de forma sutil prueba con unas mechas balayage color miel; y si quieres estar a la \u00faltima opta por el color melting, un efecto tridimensional que aporta volumen y luz a tu cabello.<\/span><\/span><\/p>\n<p style=\"margin-left: 0cm; margin-right: 0cm; text-align: justify;\"><span style=\"font-size: 11pt;\"><span style=\"font-family: Calibri,sans-serif;\">Entre las tendencias de tintes para morenas con pelo corto, pelo largo o media melena (no importa porque a todas les queda bien) se ha colado el Bronde, un color a medio camino entre el casta\u00f1o (brunette) y el rubio (blonde). Estas mechas son muy difuminadas, pero aportan un tono miel muy luminoso y favorecedor que te cautivar\u00e1.<\/span><\/span><\/p>\n<p style=\"margin-left: 0cm; margin-right: 0cm; text-align: justify;\"><span style=\"font-size: 11pt;\"><span style=\"font-family: Calibri,sans-serif;\">Los negros son los tintes para morenas oscuras por excelencia, pero hay unas mechas que est\u00e1n triunfando y que pueden acompa\u00f1ar a la perfecci\u00f3n a los tintes para morenas oscuras. Las mechas Tiger Eye, que imitan el color de esta piedra preciosa. Estas mechas a base de destellos bronces, avellanas o dorados se ponen en puntos estrat\u00e9gicos para dar luz al rostro, por lo que son ideales ahora que se acerca el verano.<\/span><\/span><\/p>\n<p style=\"margin-left: 0cm; margin-right: 0cm; text-align: justify;\"><span style=\"font-size: 11pt;\"><span style=\"font-family: Calibri,sans-serif;\">Si eres morena y tienes ganas de un cambio mucho m\u00e1s radical te proponemos el rojo borgo\u00f1a. Este color de pelo rojo oscuro en morenas favorece much\u00edsimo y aporta un brillo que te encantar\u00e1. El casta\u00f1o claro ceniza en morenas tambi\u00e9n est\u00e1 de moda, as\u00ed como el casta\u00f1o claro que tira hacia los dorados. Tambi\u00e9n se le llama cinnamon y es una buen\u00edsima opci\u00f3n para aportar luz a la cara.<\/span><\/span><\/p>\n<p style=\"margin-left: 0cm; margin-right: 0cm; text-align: justify;\"><span style=\"font-size: 11pt;\"><span style=\"font-family: Calibri,sans-serif;\">Ahora queda lo m\u00e1s complicado\u2026 \u00a1Elegir qu\u00e9 color quieres que te acompa\u00f1e este verano! Aunque con esta informaci\u00f3n y echando un vistazo a los tintes que tenemos en Arenal ser\u00e1 m\u00e1s f\u00e1cil incluso probar estos cambios por ti misma en casa. \u00bfTe atreves a lucir una melena cuidada y bonita este verano? Recuerda: Da igual por qu\u00e9 tono optes, pero no te olvides de utilizar productos para cuidar tu cabello y que tu color dure m\u00e1s tiempo.<\/span><\/span><\/p>\n","protected":false},"excerpt":{"rendered":"<p>Cabello m\u00e1s brillante, reflejos cobrizos.. \u00bfEres morena y te gustar\u00eda realizarte un cambio de look en casa? Hoy te traemos un top5 de tintes para morenas.<\/p>\n","protected":false},"author":1,"featured_media":1518,"comment_status":"open","ping_status":"open","sticky":false,"template":"","format":"standard","meta":{"footnotes":""},"categories":[234],"tags":[],"class_list":["post-1115","post","type-post","status-publish","format-standard","has-post-thumbnail","hentry","category-cuidado-del-cabello"],"featured_image_src":"https:\/\/www.arenal.com\/blog\/wp-content\/uploads\/2022\/01\/8973395853342.jpeg","author_info":{"display_name":"hiberus","author_link":"https:\/\/www.arenal.com\/blog\/author\/hiberus"},"yoast_head":"<!-- This site is optimized with the Yoast SEO plugin v27.4 - https:\/\/yoast.com\/product\/yoast-seo-wordpress\/ -->\n<title>Tintes para morenas - Blog de Arenal<\/title>\n<meta name=\"description\" content=\"Cabello m\u00e1s brillante, reflejos cobrizos.. \u00bfEres morena y te gustar\u00eda realizarte un cambio de look en casa? Hoy te traemos un top5 de tintes para morenas.\" \/>\n<meta name=\"robots\" content=\"index, follow, max-snippet:-1, max-image-preview:large, max-video-preview:-1\" \/>\n<link rel=\"canonical\" href=\"https:\/\/www.arenal.com\/blog\/tintes-para-morenas\" \/>\n<meta property=\"og:locale\" content=\"es_ES\" \/>\n<meta property=\"og:type\" content=\"article\" \/>\n<meta property=\"og:title\" content=\"Tintes para morenas - Blog de Arenal\" \/>\n<meta property=\"og:description\" content=\"Cabello m\u00e1s brillante, reflejos cobrizos.. \u00bfEres morena y te gustar\u00eda realizarte un cambio de look en casa? Hoy te traemos un top5 de tintes para morenas.\" \/>\n<meta property=\"og:url\" content=\"https:\/\/www.arenal.com\/blog\/tintes-para-morenas\" \/>\n<meta property=\"og:site_name\" content=\"Blog de Arenal\" \/>\n<meta property=\"article:published_time\" content=\"2021-05-28T11:24:47+00:00\" \/>\n<meta property=\"article:modified_time\" content=\"2023-08-22T10:16:56+00:00\" \/>\n<meta property=\"og:image\" content=\"https:\/\/www.arenal.com\/blog\/wp-content\/uploads\/2022\/01\/8973395853342.jpeg\" \/>\n\t<meta property=\"og:image:width\" content=\"2000\" \/>\n\t<meta property=\"og:image:height\" content=\"600\" \/>\n\t<meta property=\"og:image:type\" content=\"image\/jpeg\" \/>\n<meta name=\"author\" content=\"hiberus\" \/>\n<meta name=\"twitter:card\" content=\"summary_large_image\" \/>\n<meta name=\"twitter:title\" content=\"Tintes para morenas - Blog de Arenal\" \/>\n<meta name=\"twitter:label1\" content=\"Escrito por\" \/>\n\t<meta name=\"twitter:data1\" content=\"hiberus\" \/>\n\t<meta name=\"twitter:label2\" content=\"Tiempo de lectura\" \/>\n\t<meta name=\"twitter:data2\" content=\"3 minutos\" \/>\n<script type=\"application\/ld+json\" class=\"yoast-schema-graph\">{\"@context\":\"https:\\\/\\\/schema.org\",\"@graph\":[{\"@type\":\"Article\",\"@id\":\"https:\\\/\\\/www.arenal.com\\\/blog\\\/tintes-para-morenas#article\",\"isPartOf\":{\"@id\":\"https:\\\/\\\/www.arenal.com\\\/blog\\\/tintes-para-morenas\"},\"author\":{\"name\":\"hiberus\",\"@id\":\"https:\\\/\\\/www.arenal.com\\\/blog\\\/#\\\/schema\\\/person\\\/5b0f9900f2fb7a87b0b8c40b98a29e31\"},\"headline\":\"Top 5 tintes para morenas\",\"datePublished\":\"2021-05-28T11:24:47+00:00\",\"dateModified\":\"2023-08-22T10:16:56+00:00\",\"mainEntityOfPage\":{\"@id\":\"https:\\\/\\\/www.arenal.com\\\/blog\\\/tintes-para-morenas\"},\"wordCount\":579,\"commentCount\":0,\"image\":{\"@id\":\"https:\\\/\\\/www.arenal.com\\\/blog\\\/tintes-para-morenas#primaryimage\"},\"thumbnailUrl\":\"https:\\\/\\\/www.arenal.com\\\/blog\\\/wp-content\\\/uploads\\\/2022\\\/01\\\/8973395853342.jpeg\",\"articleSection\":[\"Cuidado del cabello\"],\"inLanguage\":\"es\",\"potentialAction\":[{\"@type\":\"CommentAction\",\"name\":\"Comment\",\"target\":[\"https:\\\/\\\/www.arenal.com\\\/blog\\\/tintes-para-morenas#respond\"]}]},{\"@type\":\"WebPage\",\"@id\":\"https:\\\/\\\/www.arenal.com\\\/blog\\\/tintes-para-morenas\",\"url\":\"https:\\\/\\\/www.arenal.com\\\/blog\\\/tintes-para-morenas\",\"name\":\"Tintes para morenas - Blog de Arenal\",\"isPartOf\":{\"@id\":\"https:\\\/\\\/www.arenal.com\\\/blog\\\/#website\"},\"primaryImageOfPage\":{\"@id\":\"https:\\\/\\\/www.arenal.com\\\/blog\\\/tintes-para-morenas#primaryimage\"},\"image\":{\"@id\":\"https:\\\/\\\/www.arenal.com\\\/blog\\\/tintes-para-morenas#primaryimage\"},\"thumbnailUrl\":\"https:\\\/\\\/www.arenal.com\\\/blog\\\/wp-content\\\/uploads\\\/2022\\\/01\\\/8973395853342.jpeg\",\"datePublished\":\"2021-05-28T11:24:47+00:00\",\"dateModified\":\"2023-08-22T10:16:56+00:00\",\"author\":{\"@id\":\"https:\\\/\\\/www.arenal.com\\\/blog\\\/#\\\/schema\\\/person\\\/5b0f9900f2fb7a87b0b8c40b98a29e31\"},\"description\":\"Cabello m\u00e1s brillante, reflejos cobrizos.. \u00bfEres morena y te gustar\u00eda realizarte un cambio de look en casa? Hoy te traemos un top5 de tintes para morenas.\",\"breadcrumb\":{\"@id\":\"https:\\\/\\\/www.arenal.com\\\/blog\\\/tintes-para-morenas#breadcrumb\"},\"inLanguage\":\"es\",\"potentialAction\":[{\"@type\":\"ReadAction\",\"target\":[\"https:\\\/\\\/www.arenal.com\\\/blog\\\/tintes-para-morenas\"]}]},{\"@type\":\"ImageObject\",\"inLanguage\":\"es\",\"@id\":\"https:\\\/\\\/www.arenal.com\\\/blog\\\/tintes-para-morenas#primaryimage\",\"url\":\"https:\\\/\\\/www.arenal.com\\\/blog\\\/wp-content\\\/uploads\\\/2022\\\/01\\\/8973395853342.jpeg\",\"contentUrl\":\"https:\\\/\\\/www.arenal.com\\\/blog\\\/wp-content\\\/uploads\\\/2022\\\/01\\\/8973395853342.jpeg\",\"width\":1140,\"height\":342,\"caption\":\"Top 5 tintes para morenas\"},{\"@type\":\"BreadcrumbList\",\"@id\":\"https:\\\/\\\/www.arenal.com\\\/blog\\\/tintes-para-morenas#breadcrumb\",\"itemListElement\":[{\"@type\":\"ListItem\",\"position\":1,\"name\":\"Cuidado del cabello\",\"item\":\"https:\\\/\\\/www.arenal.com\\\/blog\\\/cuidado-del-cabello\"},{\"@type\":\"ListItem\",\"position\":2,\"name\":\"Top 5 tintes para morenas\"}]},{\"@type\":\"WebSite\",\"@id\":\"https:\\\/\\\/www.arenal.com\\\/blog\\\/#website\",\"url\":\"https:\\\/\\\/www.arenal.com\\\/blog\\\/\",\"name\":\"Blog de Arenal\",\"description\":\"\",\"potentialAction\":[{\"@type\":\"SearchAction\",\"target\":{\"@type\":\"EntryPoint\",\"urlTemplate\":\"https:\\\/\\\/www.arenal.com\\\/blog\\\/?s={search_term_string}\"},\"query-input\":{\"@type\":\"PropertyValueSpecification\",\"valueRequired\":true,\"valueName\":\"search_term_string\"}}],\"inLanguage\":\"es\"},{\"@type\":\"Person\",\"@id\":\"https:\\\/\\\/www.arenal.com\\\/blog\\\/#\\\/schema\\\/person\\\/5b0f9900f2fb7a87b0b8c40b98a29e31\",\"name\":\"hiberus\",\"image\":{\"@type\":\"ImageObject\",\"inLanguage\":\"es\",\"@id\":\"https:\\\/\\\/secure.gravatar.com\\\/avatar\\\/a0b97b568facc7d687254dae39c5cfb79af095aebc91173945f2a50629c9fe1a?s=96&d=mm&r=g\",\"url\":\"https:\\\/\\\/secure.gravatar.com\\\/avatar\\\/a0b97b568facc7d687254dae39c5cfb79af095aebc91173945f2a50629c9fe1a?s=96&d=mm&r=g\",\"contentUrl\":\"https:\\\/\\\/secure.gravatar.com\\\/avatar\\\/a0b97b568facc7d687254dae39c5cfb79af095aebc91173945f2a50629c9fe1a?s=96&d=mm&r=g\",\"caption\":\"hiberus\"},\"sameAs\":[\"https:\\\/\\\/www.arenal.com\"],\"url\":\"https:\\\/\\\/www.arenal.com\\\/blog\\\/author\\\/hiberus\"}]}<\/script>\n<!-- \/ Yoast SEO plugin. -->","yoast_head_json":{"title":"Tintes para morenas - Blog de Arenal","description":"Cabello m\u00e1s brillante, reflejos cobrizos.. \u00bfEres morena y te gustar\u00eda realizarte un cambio de look en casa? Hoy te traemos un top5 de tintes para morenas.","robots":{"index":"index","follow":"follow","max-snippet":"max-snippet:-1","max-image-preview":"max-image-preview:large","max-video-preview":"max-video-preview:-1"},"canonical":"https:\/\/www.arenal.com\/blog\/tintes-para-morenas","og_locale":"es_ES","og_type":"article","og_title":"Tintes para morenas - Blog de Arenal","og_description":"Cabello m\u00e1s brillante, reflejos cobrizos.. \u00bfEres morena y te gustar\u00eda realizarte un cambio de look en casa? Hoy te traemos un top5 de tintes para morenas.","og_url":"https:\/\/www.arenal.com\/blog\/tintes-para-morenas","og_site_name":"Blog de Arenal","article_published_time":"2021-05-28T11:24:47+00:00","article_modified_time":"2023-08-22T10:16:56+00:00","og_image":[{"width":2000,"height":600,"url":"https:\/\/www.arenal.com\/blog\/wp-content\/uploads\/2022\/01\/8973395853342.jpeg","type":"image\/jpeg"}],"author":"hiberus","twitter_card":"summary_large_image","twitter_title":"Tintes para morenas - Blog de Arenal","twitter_misc":{"Escrito por":"hiberus","Tiempo de lectura":"3 minutos"},"schema":{"@context":"https:\/\/schema.org","@graph":[{"@type":"Article","@id":"https:\/\/www.arenal.com\/blog\/tintes-para-morenas#article","isPartOf":{"@id":"https:\/\/www.arenal.com\/blog\/tintes-para-morenas"},"author":{"name":"hiberus","@id":"https:\/\/www.arenal.com\/blog\/#\/schema\/person\/5b0f9900f2fb7a87b0b8c40b98a29e31"},"headline":"Top 5 tintes para morenas","datePublished":"2021-05-28T11:24:47+00:00","dateModified":"2023-08-22T10:16:56+00:00","mainEntityOfPage":{"@id":"https:\/\/www.arenal.com\/blog\/tintes-para-morenas"},"wordCount":579,"commentCount":0,"image":{"@id":"https:\/\/www.arenal.com\/blog\/tintes-para-morenas#primaryimage"},"thumbnailUrl":"https:\/\/www.arenal.com\/blog\/wp-content\/uploads\/2022\/01\/8973395853342.jpeg","articleSection":["Cuidado del cabello"],"inLanguage":"es","potentialAction":[{"@type":"CommentAction","name":"Comment","target":["https:\/\/www.arenal.com\/blog\/tintes-para-morenas#respond"]}]},{"@type":"WebPage","@id":"https:\/\/www.arenal.com\/blog\/tintes-para-morenas","url":"https:\/\/www.arenal.com\/blog\/tintes-para-morenas","name":"Tintes para morenas - Blog de Arenal","isPartOf":{"@id":"https:\/\/www.arenal.com\/blog\/#website"},"primaryImageOfPage":{"@id":"https:\/\/www.arenal.com\/blog\/tintes-para-morenas#primaryimage"},"image":{"@id":"https:\/\/www.arenal.com\/blog\/tintes-para-morenas#primaryimage"},"thumbnailUrl":"https:\/\/www.arenal.com\/blog\/wp-content\/uploads\/2022\/01\/8973395853342.jpeg","datePublished":"2021-05-28T11:24:47+00:00","dateModified":"2023-08-22T10:16:56+00:00","author":{"@id":"https:\/\/www.arenal.com\/blog\/#\/schema\/person\/5b0f9900f2fb7a87b0b8c40b98a29e31"},"description":"Cabello m\u00e1s brillante, reflejos cobrizos.. \u00bfEres morena y te gustar\u00eda realizarte un cambio de look en casa? Hoy te traemos un top5 de tintes para morenas.","breadcrumb":{"@id":"https:\/\/www.arenal.com\/blog\/tintes-para-morenas#breadcrumb"},"inLanguage":"es","potentialAction":[{"@type":"ReadAction","target":["https:\/\/www.arenal.com\/blog\/tintes-para-morenas"]}]},{"@type":"ImageObject","inLanguage":"es","@id":"https:\/\/www.arenal.com\/blog\/tintes-para-morenas#primaryimage","url":"https:\/\/www.arenal.com\/blog\/wp-content\/uploads\/2022\/01\/8973395853342.jpeg","contentUrl":"https:\/\/www.arenal.com\/blog\/wp-content\/uploads\/2022\/01\/8973395853342.jpeg","width":1140,"height":342,"caption":"Top 5 tintes para morenas"},{"@type":"BreadcrumbList","@id":"https:\/\/www.arenal.com\/blog\/tintes-para-morenas#breadcrumb","itemListElement":[{"@type":"ListItem","position":1,"name":"Cuidado del cabello","item":"https:\/\/www.arenal.com\/blog\/cuidado-del-cabello"},{"@type":"ListItem","position":2,"name":"Top 5 tintes para morenas"}]},{"@type":"WebSite","@id":"https:\/\/www.arenal.com\/blog\/#website","url":"https:\/\/www.arenal.com\/blog\/","name":"Blog de Arenal","description":"","potentialAction":[{"@type":"SearchAction","target":{"@type":"EntryPoint","urlTemplate":"https:\/\/www.arenal.com\/blog\/?s={search_term_string}"},"query-input":{"@type":"PropertyValueSpecification","valueRequired":true,"valueName":"search_term_string"}}],"inLanguage":"es"},{"@type":"Person","@id":"https:\/\/www.arenal.com\/blog\/#\/schema\/person\/5b0f9900f2fb7a87b0b8c40b98a29e31","name":"hiberus","image":{"@type":"ImageObject","inLanguage":"es","@id":"https:\/\/secure.gravatar.com\/avatar\/a0b97b568facc7d687254dae39c5cfb79af095aebc91173945f2a50629c9fe1a?s=96&d=mm&r=g","url":"https:\/\/secure.gravatar.com\/avatar\/a0b97b568facc7d687254dae39c5cfb79af095aebc91173945f2a50629c9fe1a?s=96&d=mm&r=g","contentUrl":"https:\/\/secure.gravatar.com\/avatar\/a0b97b568facc7d687254dae39c5cfb79af095aebc91173945f2a50629c9fe1a?s=96&d=mm&r=g","caption":"hiberus"},"sameAs":["https:\/\/www.arenal.com"],"url":"https:\/\/www.arenal.com\/blog\/author\/hiberus"}]}},"_links":{"self":[{"href":"https:\/\/www.arenal.com\/blog\/wp-json\/wp\/v2\/posts\/1115","targetHints":{"allow":["GET"]}}],"collection":[{"href":"https:\/\/www.arenal.com\/blog\/wp-json\/wp\/v2\/posts"}],"about":[{"href":"https:\/\/www.arenal.com\/blog\/wp-json\/wp\/v2\/types\/post"}],"author":[{"embeddable":true,"href":"https:\/\/www.arenal.com\/blog\/wp-json\/wp\/v2\/users\/1"}],"replies":[{"embeddable":true,"href":"https:\/\/www.arenal.com\/blog\/wp-json\/wp\/v2\/comments?post=1115"}],"version-history":[{"count":2,"href":"https:\/\/www.arenal.com\/blog\/wp-json\/wp\/v2\/posts\/1115\/revisions"}],"predecessor-version":[{"id":3885,"href":"https:\/\/www.arenal.com\/blog\/wp-json\/wp\/v2\/posts\/1115\/revisions\/3885"}],"wp:featuredmedia":[{"embeddable":true,"href":"https:\/\/www.arenal.com\/blog\/wp-json\/wp\/v2\/media\/1518"}],"wp:attachment":[{"href":"https:\/\/www.arenal.com\/blog\/wp-json\/wp\/v2\/media?parent=1115"}],"wp:term":[{"taxonomy":"category","embeddable":true,"href":"https:\/\/www.arenal.com\/blog\/wp-json\/wp\/v2\/categories?post=1115"},{"taxonomy":"post_tag","embeddable":true,"href":"https:\/\/www.arenal.com\/blog\/wp-json\/wp\/v2\/tags?post=1115"}],"curies":[{"name":"wp","href":"https:\/\/api.w.org\/{rel}","templated":true}]}}