{"id":1099,"date":"2021-03-29T16:48:43","date_gmt":"2021-03-29T15:48:43","guid":{"rendered":"https:\/\/www.arenal.com\/como-matizar-las-mechas\/"},"modified":"2025-02-11T09:55:27","modified_gmt":"2025-02-11T08:55:27","slug":"como-matizar-las-mechas","status":"publish","type":"post","link":"https:\/\/www.arenal.com\/blog\/como-matizar-las-mechas","title":{"rendered":"C\u00f3mo matizar las mechas en casa"},"content":{"rendered":"<p style=\"margin-left: 0cm; margin-right: 0cm; text-align: justify;\"><span style=\"font-size: 11pt;\"><span style=\"font-family: Calibri,sans-serif;\">Por fin has ido a la peluquer\u00eda, tienes el tinte o las mechas rubias justo como te gustan y sales de all\u00ed radiante, pero con el paso de los lavados y las semanas el color no es el mismo. Se ve m\u00e1s artificial, menos brillante o lo peor: con un tono anaranjado. \u00a1\u00bfOtra vez tienes que ir a la peluquer\u00eda?! Tranquila, para eso estamos aqu\u00ed hoy. Lo malo es que tu tinte o tus mechas necesitan ser matizadas. \u00a1Y lo bueno es que vamos a ense\u00f1arte c\u00f3mo matizar las mechas en casa!<\/span><\/span><\/p>\n<p style=\"margin-left: 0cm; margin-right: 0cm; text-align: justify;\"><span style=\"font-size: 11pt;\"><span style=\"font-family: Calibri,sans-serif;\">Los profesionales utilizan ba\u00f1os de color o tintes para cuestiones como matizar mechas rubias, mechas amarillas o como quitar el naranja del pelo. Escogen el color id\u00f3neo para tu pelo y tu mecha o tinte y lo dejan actuar menos tiempo que de costumbre, entre unos 5 y 10 minutos. <\/span><\/span><\/p>\n<p style=\"margin-left: 0cm; margin-right: 0cm; text-align: justify;\"><span style=\"font-size: 11pt;\"><span style=\"font-family: Calibri,sans-serif;\">Es obvio que, si no quieres arriesgarte, lo mejor ser\u00eda acudir a ellos, pero es entendible que no podamos ir a la peluquer\u00eda cada mes a retocarnos el color porque no tengamos tiempo suficiente, por motivos econ\u00f3micos o porque te encanta innovar y probar t\u00fa misma productos y esta vez te quieras matizar el pelo en casa. <\/span><\/span><\/p>\n<p style=\"margin-left: 0cm; margin-right: 0cm; text-align: justify;\"><span style=\"font-size: 11pt;\"><span style=\"font-family: Calibri,sans-serif;\">Utilizar esta t\u00e9cnica es arriesgada en casa porque es muy f\u00e1cil acabar tint\u00e1ndote en vez de matiz\u00e1ndote o no eligiendo el color que necesitas, as\u00ed que nosotras vamos a centrarnos en otros productos para matizar el pelo en casa. Aun as\u00ed, si eres de las que te ti\u00f1es el pelo en casa, te recomendamos utilizar <a style=\"color: #0563c1; text-decoration: underline;\" href=\"https:\/\/www.arenal.com\/cabello\/coloracion\/tintes\/c\/1_0000000992\">tintes de pelo<\/a> como Excellence Cool Creme de L\u2019Or\u00e9al Paris, que tiene un efecto anti-anaranjado y viene con mascarilla violeta matizadora para mantener el color cada semana.<\/span><\/span><\/p>\n<h2 style=\"margin-left: 0cm; margin-right: 0cm; text-align: justify;\"><span style=\"font-size: 11pt;\"><span style=\"font-family: Calibri,sans-serif;\"><strong>Pasos para matizar el pelo en casa<\/strong><\/span><\/span><\/h2>\n<p style=\"margin-left: 0cm; margin-right: 0cm; text-align: justify;\"><span style=\"font-size: 11pt;\"><span style=\"font-family: Calibri,sans-serif;\">Ahora centr\u00e9monos en que tus mechas o tinte necesitan matizarse. \u00bfC\u00f3mo puedes matizar el pelo? El primer paso que debemos dar es identificar hacia qu\u00e9 tono ha evolucionado nuestra mecha o tinte. \u00bfEs naranja o amarillo? Si tu cabello ha quedado m\u00e1s anaranjado y quieres saber c\u00f3mo quitar el naranja del pelo vas a necesitar un matiz azul; y si por el contrario quieres matizar mechas amarillas, el matiz indicado para ti es morado o violeta.<\/span><\/span><\/p>\n<p style=\"margin-left: 0cm; margin-right: 0cm; text-align: justify;\"><span style=\"font-size: 11pt;\"><span style=\"font-family: Calibri,sans-serif;\">Una vez que sabes esto. Toca elegir un champ\u00fa y\/o una mascarilla adecuados. Un champ\u00fa que nos encanta para eliminar los reflejos amarillos es el <a href=\"https:\/\/www.arenal.com\/moroccanoil-champu-purpura-200-ml\/p\/000000000000096286\">champ\u00fa purpura de Moroccanoil<\/a>, que adem\u00e1s de conseguir matizar el amarillo de tus mechas, repara el cabello y aporta un brillo brillante. Apl\u00edcalo como un champ\u00fa normal y d\u00e9jalo actuar como m\u00e1ximo 5 minutos. Otro champ\u00fa que tambi\u00e9n va muy bien es el <a href=\"https:\/\/www.arenal.com\/elvive-color-vive-champu-violeta-200-ml\/p\/000000000000084371\">Color Vive champ\u00fa violeta de Elvive <\/a>matiza todo tipo de cabellos, pelo con mechas, rubio, decolorado o gris.<\/span><\/span><\/p>\n<p style=\"margin-left: 0cm; margin-right: 0cm; text-align: justify;\"><span style=\"font-size: 11pt;\"><span style=\"font-family: Calibri,sans-serif;\">La <a href=\"https:\/\/www.arenal.com\/intea-mascarilla-reflejos-rubios-250-ml\/p\/000000000000068490\">mascarilla S\u00faper Matizante de Pelo de Garnier Olia<\/a> se encarga de corregir los efectos anaranjados. Est\u00e1 indicada para todo tipo de rubios y casta\u00f1os ya sean te\u00f1idos o naturales (y es que los cabellos naturales tambi\u00e9n pueden ir poni\u00e9ndose anaranjados o amarillentos con el tiempo).<\/span><\/span><\/p>\n<p style=\"margin-left: 0cm; margin-right: 0cm; text-align: justify;\"><span style=\"font-size: 11pt;\"><span style=\"font-family: Calibri,sans-serif;\">D\u00e9jala actuar unos 5 o 10 minutos, dependiendo si tienes el cabello m\u00e1s claro u oscuro, y aclara con abundante agua hasta que salga totalmente limpia. Es importante que, si eliges un champ\u00fa, lo alternes con el que utilizas habitualmente y que no lo uses m\u00e1s de dos veces por semana hasta que consigas el efecto deseado porque podemos saturar la mecha. Adem\u00e1s, lo ideal es que, para mantener el color adecuado, utilices la mascarilla una vez a la semana.<\/span><\/span><\/p>\n<p style=\"margin-left: 0cm; margin-right: 0cm; text-align: justify;\"><span style=\"font-size: 11.0pt;\"><span style=\"font-family: 'Calibri',sans-serif;\">Ya sabes c\u00f3mo matizar mechas rubias: c\u00f3mo quitar el naranja del pelo que tan poco nos gusta y c\u00f3mo matizar mechas amarillas, as\u00ed que ahora elige el producto m\u00e1s indicado para tu pelo y que m\u00e1s te convenza, desp\u00eddete de ese tono anaranjado o amarillento y \u00a1saluda de nuevo a tu melena matizada y luminosa<\/span><\/span><\/p>\n","protected":false},"excerpt":{"rendered":"<p>Los cabellos tintados en rubio en ocasiones comienzan a verse naranja, en este caso, lo ideal es matizarlos. Descubre c\u00f3mo matizar las mechas en casa.<\/p>\n","protected":false},"author":1,"featured_media":1502,"comment_status":"open","ping_status":"open","sticky":false,"template":"","format":"standard","meta":{"footnotes":""},"categories":[626,234],"tags":[],"class_list":["post-1099","post","type-post","status-publish","format-standard","has-post-thumbnail","hentry","category-tutoriales","category-cuidado-del-cabello"],"featured_image_src":"https:\/\/www.arenal.com\/blog\/wp-content\/uploads\/2022\/01\/8954924236830.jpeg","author_info":{"display_name":"hiberus","author_link":"https:\/\/www.arenal.com\/blog\/author\/hiberus"},"yoast_head":"<!-- This site is optimized with the Yoast SEO plugin v27.4 - https:\/\/yoast.com\/product\/yoast-seo-wordpress\/ -->\n<title>C\u00f3mo matizar las mechas en casa - Blog de Arenal<\/title>\n<meta name=\"description\" content=\"Los cabellos tintados en rubio en ocasiones comienzan a verse naranja, en este caso, lo ideal es matizarlos. Descubre c\u00f3mo matizar las mechas en casa.\" \/>\n<meta name=\"robots\" content=\"index, follow, max-snippet:-1, max-image-preview:large, max-video-preview:-1\" \/>\n<link rel=\"canonical\" href=\"https:\/\/www.arenal.com\/blog\/como-matizar-las-mechas\" \/>\n<meta property=\"og:locale\" content=\"es_ES\" \/>\n<meta property=\"og:type\" content=\"article\" \/>\n<meta property=\"og:title\" content=\"C\u00f3mo matizar las mechas en casa - Blog de Arenal\" \/>\n<meta property=\"og:description\" content=\"Los cabellos tintados en rubio en ocasiones comienzan a verse naranja, en este caso, lo ideal es matizarlos. Descubre c\u00f3mo matizar las mechas en casa.\" \/>\n<meta property=\"og:url\" content=\"https:\/\/www.arenal.com\/blog\/como-matizar-las-mechas\" \/>\n<meta property=\"og:site_name\" content=\"Blog de Arenal\" \/>\n<meta property=\"article:published_time\" content=\"2021-03-29T15:48:43+00:00\" \/>\n<meta property=\"article:modified_time\" content=\"2025-02-11T08:55:27+00:00\" \/>\n<meta property=\"og:image\" content=\"https:\/\/www.arenal.com\/blog\/wp-content\/uploads\/2022\/01\/8954924236830.jpeg\" \/>\n\t<meta property=\"og:image:width\" content=\"1140\" \/>\n\t<meta property=\"og:image:height\" content=\"342\" \/>\n\t<meta property=\"og:image:type\" content=\"image\/jpeg\" \/>\n<meta name=\"author\" content=\"hiberus\" \/>\n<meta name=\"twitter:card\" content=\"summary_large_image\" \/>\n<meta name=\"twitter:title\" content=\"C\u00f3mo matizar las mechas en casa - Blog de Arenal\" \/>\n<meta name=\"twitter:label1\" content=\"Escrito por\" \/>\n\t<meta name=\"twitter:data1\" content=\"hiberus\" \/>\n\t<meta name=\"twitter:label2\" content=\"Tiempo de lectura\" \/>\n\t<meta name=\"twitter:data2\" content=\"3 minutos\" \/>\n<script type=\"application\/ld+json\" class=\"yoast-schema-graph\">{\"@context\":\"https:\\\/\\\/schema.org\",\"@graph\":[{\"@type\":\"Article\",\"@id\":\"https:\\\/\\\/www.arenal.com\\\/blog\\\/como-matizar-las-mechas#article\",\"isPartOf\":{\"@id\":\"https:\\\/\\\/www.arenal.com\\\/blog\\\/como-matizar-las-mechas\"},\"author\":{\"name\":\"hiberus\",\"@id\":\"https:\\\/\\\/www.arenal.com\\\/blog\\\/#\\\/schema\\\/person\\\/5b0f9900f2fb7a87b0b8c40b98a29e31\"},\"headline\":\"C\u00f3mo matizar las mechas en casa\",\"datePublished\":\"2021-03-29T15:48:43+00:00\",\"dateModified\":\"2025-02-11T08:55:27+00:00\",\"mainEntityOfPage\":{\"@id\":\"https:\\\/\\\/www.arenal.com\\\/blog\\\/como-matizar-las-mechas\"},\"wordCount\":675,\"commentCount\":0,\"image\":{\"@id\":\"https:\\\/\\\/www.arenal.com\\\/blog\\\/como-matizar-las-mechas#primaryimage\"},\"thumbnailUrl\":\"https:\\\/\\\/www.arenal.com\\\/blog\\\/wp-content\\\/uploads\\\/2022\\\/01\\\/8954924236830.jpeg\",\"articleSection\":[\"Tutoriales\",\"Cuidado del cabello\"],\"inLanguage\":\"es\",\"potentialAction\":[{\"@type\":\"CommentAction\",\"name\":\"Comment\",\"target\":[\"https:\\\/\\\/www.arenal.com\\\/blog\\\/como-matizar-las-mechas#respond\"]}]},{\"@type\":\"WebPage\",\"@id\":\"https:\\\/\\\/www.arenal.com\\\/blog\\\/como-matizar-las-mechas\",\"url\":\"https:\\\/\\\/www.arenal.com\\\/blog\\\/como-matizar-las-mechas\",\"name\":\"C\u00f3mo matizar las mechas en casa - Blog de Arenal\",\"isPartOf\":{\"@id\":\"https:\\\/\\\/www.arenal.com\\\/blog\\\/#website\"},\"primaryImageOfPage\":{\"@id\":\"https:\\\/\\\/www.arenal.com\\\/blog\\\/como-matizar-las-mechas#primaryimage\"},\"image\":{\"@id\":\"https:\\\/\\\/www.arenal.com\\\/blog\\\/como-matizar-las-mechas#primaryimage\"},\"thumbnailUrl\":\"https:\\\/\\\/www.arenal.com\\\/blog\\\/wp-content\\\/uploads\\\/2022\\\/01\\\/8954924236830.jpeg\",\"datePublished\":\"2021-03-29T15:48:43+00:00\",\"dateModified\":\"2025-02-11T08:55:27+00:00\",\"author\":{\"@id\":\"https:\\\/\\\/www.arenal.com\\\/blog\\\/#\\\/schema\\\/person\\\/5b0f9900f2fb7a87b0b8c40b98a29e31\"},\"description\":\"Los cabellos tintados en rubio en ocasiones comienzan a verse naranja, en este caso, lo ideal es matizarlos. Descubre c\u00f3mo matizar las mechas en casa.\",\"breadcrumb\":{\"@id\":\"https:\\\/\\\/www.arenal.com\\\/blog\\\/como-matizar-las-mechas#breadcrumb\"},\"inLanguage\":\"es\",\"potentialAction\":[{\"@type\":\"ReadAction\",\"target\":[\"https:\\\/\\\/www.arenal.com\\\/blog\\\/como-matizar-las-mechas\"]}]},{\"@type\":\"ImageObject\",\"inLanguage\":\"es\",\"@id\":\"https:\\\/\\\/www.arenal.com\\\/blog\\\/como-matizar-las-mechas#primaryimage\",\"url\":\"https:\\\/\\\/www.arenal.com\\\/blog\\\/wp-content\\\/uploads\\\/2022\\\/01\\\/8954924236830.jpeg\",\"contentUrl\":\"https:\\\/\\\/www.arenal.com\\\/blog\\\/wp-content\\\/uploads\\\/2022\\\/01\\\/8954924236830.jpeg\",\"width\":1140,\"height\":342,\"caption\":\"C\u00f3mo matizar las mechas en casa\"},{\"@type\":\"BreadcrumbList\",\"@id\":\"https:\\\/\\\/www.arenal.com\\\/blog\\\/como-matizar-las-mechas#breadcrumb\",\"itemListElement\":[{\"@type\":\"ListItem\",\"position\":1,\"name\":\"Tutoriales\",\"item\":\"https:\\\/\\\/www.arenal.com\\\/blog\\\/tutoriales\"},{\"@type\":\"ListItem\",\"position\":2,\"name\":\"C\u00f3mo matizar las mechas en casa\"}]},{\"@type\":\"WebSite\",\"@id\":\"https:\\\/\\\/www.arenal.com\\\/blog\\\/#website\",\"url\":\"https:\\\/\\\/www.arenal.com\\\/blog\\\/\",\"name\":\"Blog de Arenal\",\"description\":\"\",\"potentialAction\":[{\"@type\":\"SearchAction\",\"target\":{\"@type\":\"EntryPoint\",\"urlTemplate\":\"https:\\\/\\\/www.arenal.com\\\/blog\\\/?s={search_term_string}\"},\"query-input\":{\"@type\":\"PropertyValueSpecification\",\"valueRequired\":true,\"valueName\":\"search_term_string\"}}],\"inLanguage\":\"es\"},{\"@type\":\"Person\",\"@id\":\"https:\\\/\\\/www.arenal.com\\\/blog\\\/#\\\/schema\\\/person\\\/5b0f9900f2fb7a87b0b8c40b98a29e31\",\"name\":\"hiberus\",\"image\":{\"@type\":\"ImageObject\",\"inLanguage\":\"es\",\"@id\":\"https:\\\/\\\/secure.gravatar.com\\\/avatar\\\/a0b97b568facc7d687254dae39c5cfb79af095aebc91173945f2a50629c9fe1a?s=96&d=mm&r=g\",\"url\":\"https:\\\/\\\/secure.gravatar.com\\\/avatar\\\/a0b97b568facc7d687254dae39c5cfb79af095aebc91173945f2a50629c9fe1a?s=96&d=mm&r=g\",\"contentUrl\":\"https:\\\/\\\/secure.gravatar.com\\\/avatar\\\/a0b97b568facc7d687254dae39c5cfb79af095aebc91173945f2a50629c9fe1a?s=96&d=mm&r=g\",\"caption\":\"hiberus\"},\"sameAs\":[\"https:\\\/\\\/www.arenal.com\"],\"url\":\"https:\\\/\\\/www.arenal.com\\\/blog\\\/author\\\/hiberus\"}]}<\/script>\n<!-- \/ Yoast SEO plugin. -->","yoast_head_json":{"title":"C\u00f3mo matizar las mechas en casa - Blog de Arenal","description":"Los cabellos tintados en rubio en ocasiones comienzan a verse naranja, en este caso, lo ideal es matizarlos. Descubre c\u00f3mo matizar las mechas en casa.","robots":{"index":"index","follow":"follow","max-snippet":"max-snippet:-1","max-image-preview":"max-image-preview:large","max-video-preview":"max-video-preview:-1"},"canonical":"https:\/\/www.arenal.com\/blog\/como-matizar-las-mechas","og_locale":"es_ES","og_type":"article","og_title":"C\u00f3mo matizar las mechas en casa - Blog de Arenal","og_description":"Los cabellos tintados en rubio en ocasiones comienzan a verse naranja, en este caso, lo ideal es matizarlos. Descubre c\u00f3mo matizar las mechas en casa.","og_url":"https:\/\/www.arenal.com\/blog\/como-matizar-las-mechas","og_site_name":"Blog de Arenal","article_published_time":"2021-03-29T15:48:43+00:00","article_modified_time":"2025-02-11T08:55:27+00:00","og_image":[{"width":1140,"height":342,"url":"https:\/\/www.arenal.com\/blog\/wp-content\/uploads\/2022\/01\/8954924236830.jpeg","type":"image\/jpeg"}],"author":"hiberus","twitter_card":"summary_large_image","twitter_title":"C\u00f3mo matizar las mechas en casa - Blog de Arenal","twitter_misc":{"Escrito por":"hiberus","Tiempo de lectura":"3 minutos"},"schema":{"@context":"https:\/\/schema.org","@graph":[{"@type":"Article","@id":"https:\/\/www.arenal.com\/blog\/como-matizar-las-mechas#article","isPartOf":{"@id":"https:\/\/www.arenal.com\/blog\/como-matizar-las-mechas"},"author":{"name":"hiberus","@id":"https:\/\/www.arenal.com\/blog\/#\/schema\/person\/5b0f9900f2fb7a87b0b8c40b98a29e31"},"headline":"C\u00f3mo matizar las mechas en casa","datePublished":"2021-03-29T15:48:43+00:00","dateModified":"2025-02-11T08:55:27+00:00","mainEntityOfPage":{"@id":"https:\/\/www.arenal.com\/blog\/como-matizar-las-mechas"},"wordCount":675,"commentCount":0,"image":{"@id":"https:\/\/www.arenal.com\/blog\/como-matizar-las-mechas#primaryimage"},"thumbnailUrl":"https:\/\/www.arenal.com\/blog\/wp-content\/uploads\/2022\/01\/8954924236830.jpeg","articleSection":["Tutoriales","Cuidado del cabello"],"inLanguage":"es","potentialAction":[{"@type":"CommentAction","name":"Comment","target":["https:\/\/www.arenal.com\/blog\/como-matizar-las-mechas#respond"]}]},{"@type":"WebPage","@id":"https:\/\/www.arenal.com\/blog\/como-matizar-las-mechas","url":"https:\/\/www.arenal.com\/blog\/como-matizar-las-mechas","name":"C\u00f3mo matizar las mechas en casa - Blog de Arenal","isPartOf":{"@id":"https:\/\/www.arenal.com\/blog\/#website"},"primaryImageOfPage":{"@id":"https:\/\/www.arenal.com\/blog\/como-matizar-las-mechas#primaryimage"},"image":{"@id":"https:\/\/www.arenal.com\/blog\/como-matizar-las-mechas#primaryimage"},"thumbnailUrl":"https:\/\/www.arenal.com\/blog\/wp-content\/uploads\/2022\/01\/8954924236830.jpeg","datePublished":"2021-03-29T15:48:43+00:00","dateModified":"2025-02-11T08:55:27+00:00","author":{"@id":"https:\/\/www.arenal.com\/blog\/#\/schema\/person\/5b0f9900f2fb7a87b0b8c40b98a29e31"},"description":"Los cabellos tintados en rubio en ocasiones comienzan a verse naranja, en este caso, lo ideal es matizarlos. Descubre c\u00f3mo matizar las mechas en casa.","breadcrumb":{"@id":"https:\/\/www.arenal.com\/blog\/como-matizar-las-mechas#breadcrumb"},"inLanguage":"es","potentialAction":[{"@type":"ReadAction","target":["https:\/\/www.arenal.com\/blog\/como-matizar-las-mechas"]}]},{"@type":"ImageObject","inLanguage":"es","@id":"https:\/\/www.arenal.com\/blog\/como-matizar-las-mechas#primaryimage","url":"https:\/\/www.arenal.com\/blog\/wp-content\/uploads\/2022\/01\/8954924236830.jpeg","contentUrl":"https:\/\/www.arenal.com\/blog\/wp-content\/uploads\/2022\/01\/8954924236830.jpeg","width":1140,"height":342,"caption":"C\u00f3mo matizar las mechas en casa"},{"@type":"BreadcrumbList","@id":"https:\/\/www.arenal.com\/blog\/como-matizar-las-mechas#breadcrumb","itemListElement":[{"@type":"ListItem","position":1,"name":"Tutoriales","item":"https:\/\/www.arenal.com\/blog\/tutoriales"},{"@type":"ListItem","position":2,"name":"C\u00f3mo matizar las mechas en casa"}]},{"@type":"WebSite","@id":"https:\/\/www.arenal.com\/blog\/#website","url":"https:\/\/www.arenal.com\/blog\/","name":"Blog de Arenal","description":"","potentialAction":[{"@type":"SearchAction","target":{"@type":"EntryPoint","urlTemplate":"https:\/\/www.arenal.com\/blog\/?s={search_term_string}"},"query-input":{"@type":"PropertyValueSpecification","valueRequired":true,"valueName":"search_term_string"}}],"inLanguage":"es"},{"@type":"Person","@id":"https:\/\/www.arenal.com\/blog\/#\/schema\/person\/5b0f9900f2fb7a87b0b8c40b98a29e31","name":"hiberus","image":{"@type":"ImageObject","inLanguage":"es","@id":"https:\/\/secure.gravatar.com\/avatar\/a0b97b568facc7d687254dae39c5cfb79af095aebc91173945f2a50629c9fe1a?s=96&d=mm&r=g","url":"https:\/\/secure.gravatar.com\/avatar\/a0b97b568facc7d687254dae39c5cfb79af095aebc91173945f2a50629c9fe1a?s=96&d=mm&r=g","contentUrl":"https:\/\/secure.gravatar.com\/avatar\/a0b97b568facc7d687254dae39c5cfb79af095aebc91173945f2a50629c9fe1a?s=96&d=mm&r=g","caption":"hiberus"},"sameAs":["https:\/\/www.arenal.com"],"url":"https:\/\/www.arenal.com\/blog\/author\/hiberus"}]}},"_links":{"self":[{"href":"https:\/\/www.arenal.com\/blog\/wp-json\/wp\/v2\/posts\/1099","targetHints":{"allow":["GET"]}}],"collection":[{"href":"https:\/\/www.arenal.com\/blog\/wp-json\/wp\/v2\/posts"}],"about":[{"href":"https:\/\/www.arenal.com\/blog\/wp-json\/wp\/v2\/types\/post"}],"author":[{"embeddable":true,"href":"https:\/\/www.arenal.com\/blog\/wp-json\/wp\/v2\/users\/1"}],"replies":[{"embeddable":true,"href":"https:\/\/www.arenal.com\/blog\/wp-json\/wp\/v2\/comments?post=1099"}],"version-history":[{"count":5,"href":"https:\/\/www.arenal.com\/blog\/wp-json\/wp\/v2\/posts\/1099\/revisions"}],"predecessor-version":[{"id":7027,"href":"https:\/\/www.arenal.com\/blog\/wp-json\/wp\/v2\/posts\/1099\/revisions\/7027"}],"wp:featuredmedia":[{"embeddable":true,"href":"https:\/\/www.arenal.com\/blog\/wp-json\/wp\/v2\/media\/1502"}],"wp:attachment":[{"href":"https:\/\/www.arenal.com\/blog\/wp-json\/wp\/v2\/media?parent=1099"}],"wp:term":[{"taxonomy":"category","embeddable":true,"href":"https:\/\/www.arenal.com\/blog\/wp-json\/wp\/v2\/categories?post=1099"},{"taxonomy":"post_tag","embeddable":true,"href":"https:\/\/www.arenal.com\/blog\/wp-json\/wp\/v2\/tags?post=1099"}],"curies":[{"name":"wp","href":"https:\/\/api.w.org\/{rel}","templated":true}]}}