{"id":1092,"date":"2021-03-04T16:12:04","date_gmt":"2021-03-04T15:12:04","guid":{"rendered":"https:\/\/www.arenal.com\/aftas-en-la-boca\/"},"modified":"2025-06-30T12:56:59","modified_gmt":"2025-06-30T11:56:59","slug":"aftas-en-la-boca","status":"publish","type":"post","link":"https:\/\/www.arenal.com\/blog\/aftas-en-la-boca","title":{"rendered":"Aftas en la boca: Causas y tratamiento"},"content":{"rendered":"<p style=\"margin-left: 0cm; margin-right: 0cm; text-align: justify;\"><span style=\"font-size: 11pt;\"><span style=\"font-family: Calibri,sans-serif;\">Las aftas en la boca son molestas y muy comunes, de hecho es de las enfermedades bucales m\u00e1s frecuentes. Por eso, no es de extra\u00f1ar que en alg\u00fan momento de tu vida las hayas padecido y que incluso comer, beber y hasta hablar te haya parecido doloroso. Pero, \u00bfpor qu\u00e9 aparecen las aftas en la boca y c\u00f3mo puedes tratarlas? En este post te contamos qu\u00e9 son y c\u00f3mo curar llagas en la boca. \u00a1Toma nota!<\/span><\/span><\/p>\n<p style=\"margin-left: 0cm; margin-right: 0cm; text-align: justify;\"><span style=\"font-size: 11pt;\"><span style=\"font-family: Calibri,sans-serif;\">Las aftas en la boca, lo que com\u00fanmente llamamos llagas en la boca, son \u00falceras que aparecen en la mucosa de la cavidad oral. Es decir, que pueden salir aftas en la garganta, en la lengua, dentro de las mejillas, aftas en la enc\u00eda y el paladar. Reconocerlas es f\u00e1cil porque suelen ser redondas u ovaladas, de color blanquecino o amarillento en el centro y rojas en el borde.<\/span><\/span><\/p>\n<p style=\"margin-left: 0cm; margin-right: 0cm; text-align: justify;\"><span style=\"font-size: 11pt;\"><span style=\"font-family: Calibri,sans-serif;\">\u00bfY por qu\u00e9 aparecen? Son muchas y muy variadas las causas que pueden desencadenar las aftas en la boca. Desde una infecci\u00f3n viral hasta un mordisco que te hayas dado comiendo, pasando por una bajada de las defensas, el roce de la ortodoncia o pr\u00f3tesis dentales, cambios hormonales durante la menstruaci\u00f3n, una limpieza bucal agresiva debido a determinados enjuagues o pastas dent\u00edfricas o incluso por fumar. Es por esto que es imprescindible mantener buenos h\u00e1bitos de higiene bucodental y utilizar <a style=\"color: blue; text-decoration: underline;\" href=\"https:\/\/www.arenal.com\/higiene\/bucal\/colutorios-bucales\/c\/1_0000000791\">colutorio<\/a> y <a style=\"color: blue; text-decoration: underline;\" href=\"https:\/\/www.arenal.com\/higiene\/bucal\/pasta-de-dientes\/c\/1_0000000790\">un buen dent\u00edfrico<\/a> con regularidad.<\/span><\/span><\/p>\n<p style=\"margin-left: 0cm; margin-right: 0cm; text-align: justify;\"><span style=\"font-size: 11pt;\"><span style=\"font-family: Calibri,sans-serif;\">En algunas ocasiones tambi\u00e9n pueden aparecer si sufres estr\u00e9s emocional, falta de vitaminas o minerales, principalmente vitamina B12, hierro o \u00e1cido f\u00f3lico, alergias, hipersensibilidad a algunos alimentos, celiaqu\u00eda o algunas enfermedades intestinales inflamatorias. <\/span><\/span><\/p>\n<h2 style=\"margin-left: 0cm; margin-right: 0cm; text-align: justify;\"><span style=\"font-size: 11pt;\"><span style=\"font-family: Calibri,sans-serif;\"><strong>C\u00f3mo tratar las aftas en la boca<\/strong><\/span><\/span><\/h2>\n<p style=\"margin-left: 0cm; margin-right: 0cm; text-align: justify;\"><span style=\"font-size: 11pt;\"><span style=\"font-family: Calibri,sans-serif;\">No tienes por qu\u00e9 asustarte, las llagas en la boca no son lesiones graves y, normalmente, desaparecen solas en unas semanas. Sin embargo, debido a que las aftas en la garganta, en la enc\u00eda o un afta en el paladar o en la lengua pueden ser muy molestas, te damos las claves para que sepas c\u00f3mo puedes acelerar el proceso y curar llagas en la boca.<\/span><\/span><\/p>\n<p style=\"margin-left: 0cm; margin-right: 0cm; text-align: justify;\"><span style=\"font-size: 11pt;\"><span style=\"font-family: Calibri,sans-serif;\">Un producto que nos encanta es el <a style=\"color: blue; text-decoration: underline;\" href=\"https:\/\/www.arenal.com\/bexident-bexident-aftas-colutorio-120-ml\/p\/N1827579\">colutorio Bexident Aftas<\/a> porque realiza cinco acciones a la vez: crea un film para aliviar el dolor, proteger frente a agentes externos, hidrata los tejidos da\u00f1ados, facilita la cicatrizaci\u00f3n y alivia de forma r\u00e1pida y duradera el dolor. \u00a1Y es apto para adultos y ni\u00f1os!<\/span><\/span><\/p>\n<p style=\"margin-left: 0cm; margin-right: 0cm; text-align: justify;\"><span style=\"font-size: 11pt;\"><span style=\"font-family: Calibri,sans-serif;\">Si prefieres un spray para ser m\u00e1s preciso en el tratamiento de aftas, te recomendamos el spray de lesiones bucales Afta, de Lacer, que forma una barrera protectora sobre la boca, protegi\u00e9ndola, aliviando el dolor y favoreciendo la cicatrizaci\u00f3n. Al igual que el anterior, tanto ni\u00f1os como adultos pueden utilizarlo. \u00a1Perfecto para curar llagas en la lengua, en el paladar o la enc\u00eda!<\/span><\/span><\/p>\n<p style=\"margin-left: 0cm; margin-right: 0cm; text-align: justify;\"><span style=\"font-size: 11pt;\"><span style=\"font-family: Calibri,sans-serif;\">Adem\u00e1s, para prevenir las aftas en la boca es esencial que mantengamos una correcta higiene bucal: cep\u00edllate los dientes tras cada comida, usa hilo dental y enjuague bucal para desinfectar y evitar la proliferaci\u00f3n de bacterias y virus. En Arenal puedes encontrar multitud de <a style=\"color: blue; text-decoration: underline;\" href=\"https:\/\/www.arenal.com\/higiene\/bucal\/c\/1_0000000022\">productos para tener una buena salud dental<\/a>.<\/span><\/span><\/p>\n<p style=\"margin-left: 0cm; margin-right: 0cm; text-align: justify;\"><span style=\"font-size: 11pt;\"><span style=\"font-family: Calibri,sans-serif;\">Tener una dieta variada rica en frutas y verduras; consumir alimentos con vitamina C y omega 3; evitar comidas muy calientes, saladas y \u00e1cidas; y reducir el estr\u00e9s te ayudar\u00e1n a mantener a raya estas heridas tan molestas. \u00bfDecimos adi\u00f3s a las aftas en la boca<\/span><\/span><\/p>\n","protected":false},"excerpt":{"rendered":"<p>\u00bfPor qu\u00e9 aparecen las aftas en la boca?\u00bfCon qu\u00e9 productos y c\u00f3mo podemos tratarlas? Te contamos m\u00e1s sobre las aftas en la boca. \u00a1No te lo pierdas!<\/p>\n","protected":false},"author":1,"featured_media":1495,"comment_status":"open","ping_status":"open","sticky":false,"template":"","format":"standard","meta":{"footnotes":""},"categories":[624],"tags":[],"class_list":["post-1092","post","type-post","status-publish","format-standard","has-post-thumbnail","hentry","category-salud"],"featured_image_src":"https:\/\/www.arenal.com\/blog\/wp-content\/uploads\/2022\/01\/8954915455006.jpeg","author_info":{"display_name":"hiberus","author_link":"https:\/\/www.arenal.com\/blog\/author\/hiberus"},"yoast_head":"<!-- This site is optimized with the Yoast SEO plugin v27.4 - https:\/\/yoast.com\/product\/yoast-seo-wordpress\/ -->\n<title>Aftas en la boca - Blog de Arenal<\/title>\n<meta name=\"description\" content=\"\u00bfPor qu\u00e9 aparecen las aftas en la boca?\u00bfCon qu\u00e9 productos y c\u00f3mo podemos tratarlas? Te contamos m\u00e1s sobre las aftas en la boca. \u00a1No te lo pierdas!\" \/>\n<meta name=\"robots\" content=\"index, follow, max-snippet:-1, max-image-preview:large, max-video-preview:-1\" \/>\n<link rel=\"canonical\" href=\"https:\/\/www.arenal.com\/blog\/aftas-en-la-boca\" \/>\n<meta property=\"og:locale\" content=\"es_ES\" \/>\n<meta property=\"og:type\" content=\"article\" \/>\n<meta property=\"og:title\" content=\"Aftas en la boca - Blog de Arenal\" \/>\n<meta property=\"og:description\" content=\"\u00bfPor qu\u00e9 aparecen las aftas en la boca?\u00bfCon qu\u00e9 productos y c\u00f3mo podemos tratarlas? Te contamos m\u00e1s sobre las aftas en la boca. \u00a1No te lo pierdas!\" \/>\n<meta property=\"og:url\" content=\"https:\/\/www.arenal.com\/blog\/aftas-en-la-boca\" \/>\n<meta property=\"og:site_name\" content=\"Blog de Arenal\" \/>\n<meta property=\"article:published_time\" content=\"2021-03-04T15:12:04+00:00\" \/>\n<meta property=\"article:modified_time\" content=\"2025-06-30T11:56:59+00:00\" \/>\n<meta property=\"og:image\" content=\"https:\/\/www.arenal.com\/blog\/wp-content\/uploads\/2022\/01\/8954915455006.jpeg\" \/>\n\t<meta property=\"og:image:width\" content=\"1140\" \/>\n\t<meta property=\"og:image:height\" content=\"342\" \/>\n\t<meta property=\"og:image:type\" content=\"image\/jpeg\" \/>\n<meta name=\"author\" content=\"hiberus\" \/>\n<meta name=\"twitter:card\" content=\"summary_large_image\" \/>\n<meta name=\"twitter:title\" content=\"Aftas en la boca - Blog de Arenal\" \/>\n<meta name=\"twitter:label1\" content=\"Escrito por\" \/>\n\t<meta name=\"twitter:data1\" content=\"hiberus\" \/>\n\t<meta name=\"twitter:label2\" content=\"Tiempo de lectura\" \/>\n\t<meta name=\"twitter:data2\" content=\"3 minutos\" \/>\n<script type=\"application\/ld+json\" class=\"yoast-schema-graph\">{\"@context\":\"https:\\\/\\\/schema.org\",\"@graph\":[{\"@type\":\"Article\",\"@id\":\"https:\\\/\\\/www.arenal.com\\\/blog\\\/aftas-en-la-boca#article\",\"isPartOf\":{\"@id\":\"https:\\\/\\\/www.arenal.com\\\/blog\\\/aftas-en-la-boca\"},\"author\":{\"name\":\"hiberus\",\"@id\":\"https:\\\/\\\/www.arenal.com\\\/blog\\\/#\\\/schema\\\/person\\\/5b0f9900f2fb7a87b0b8c40b98a29e31\"},\"headline\":\"Aftas en la boca: Causas y tratamiento\",\"datePublished\":\"2021-03-04T15:12:04+00:00\",\"dateModified\":\"2025-06-30T11:56:59+00:00\",\"mainEntityOfPage\":{\"@id\":\"https:\\\/\\\/www.arenal.com\\\/blog\\\/aftas-en-la-boca\"},\"wordCount\":592,\"commentCount\":0,\"image\":{\"@id\":\"https:\\\/\\\/www.arenal.com\\\/blog\\\/aftas-en-la-boca#primaryimage\"},\"thumbnailUrl\":\"https:\\\/\\\/www.arenal.com\\\/blog\\\/wp-content\\\/uploads\\\/2022\\\/01\\\/8954915455006.jpeg\",\"articleSection\":[\"Salud y cuidado personal\"],\"inLanguage\":\"es\",\"potentialAction\":[{\"@type\":\"CommentAction\",\"name\":\"Comment\",\"target\":[\"https:\\\/\\\/www.arenal.com\\\/blog\\\/aftas-en-la-boca#respond\"]}]},{\"@type\":\"WebPage\",\"@id\":\"https:\\\/\\\/www.arenal.com\\\/blog\\\/aftas-en-la-boca\",\"url\":\"https:\\\/\\\/www.arenal.com\\\/blog\\\/aftas-en-la-boca\",\"name\":\"Aftas en la boca - Blog de Arenal\",\"isPartOf\":{\"@id\":\"https:\\\/\\\/www.arenal.com\\\/blog\\\/#website\"},\"primaryImageOfPage\":{\"@id\":\"https:\\\/\\\/www.arenal.com\\\/blog\\\/aftas-en-la-boca#primaryimage\"},\"image\":{\"@id\":\"https:\\\/\\\/www.arenal.com\\\/blog\\\/aftas-en-la-boca#primaryimage\"},\"thumbnailUrl\":\"https:\\\/\\\/www.arenal.com\\\/blog\\\/wp-content\\\/uploads\\\/2022\\\/01\\\/8954915455006.jpeg\",\"datePublished\":\"2021-03-04T15:12:04+00:00\",\"dateModified\":\"2025-06-30T11:56:59+00:00\",\"author\":{\"@id\":\"https:\\\/\\\/www.arenal.com\\\/blog\\\/#\\\/schema\\\/person\\\/5b0f9900f2fb7a87b0b8c40b98a29e31\"},\"description\":\"\u00bfPor qu\u00e9 aparecen las aftas en la boca?\u00bfCon qu\u00e9 productos y c\u00f3mo podemos tratarlas? Te contamos m\u00e1s sobre las aftas en la boca. \u00a1No te lo pierdas!\",\"breadcrumb\":{\"@id\":\"https:\\\/\\\/www.arenal.com\\\/blog\\\/aftas-en-la-boca#breadcrumb\"},\"inLanguage\":\"es\",\"potentialAction\":[{\"@type\":\"ReadAction\",\"target\":[\"https:\\\/\\\/www.arenal.com\\\/blog\\\/aftas-en-la-boca\"]}]},{\"@type\":\"ImageObject\",\"inLanguage\":\"es\",\"@id\":\"https:\\\/\\\/www.arenal.com\\\/blog\\\/aftas-en-la-boca#primaryimage\",\"url\":\"https:\\\/\\\/www.arenal.com\\\/blog\\\/wp-content\\\/uploads\\\/2022\\\/01\\\/8954915455006.jpeg\",\"contentUrl\":\"https:\\\/\\\/www.arenal.com\\\/blog\\\/wp-content\\\/uploads\\\/2022\\\/01\\\/8954915455006.jpeg\",\"width\":1140,\"height\":342,\"caption\":\"Aftas en la boca: Causas y tratamiento\"},{\"@type\":\"BreadcrumbList\",\"@id\":\"https:\\\/\\\/www.arenal.com\\\/blog\\\/aftas-en-la-boca#breadcrumb\",\"itemListElement\":[{\"@type\":\"ListItem\",\"position\":1,\"name\":\"Salud y cuidado personal\",\"item\":\"https:\\\/\\\/www.arenal.com\\\/blog\\\/salud\"},{\"@type\":\"ListItem\",\"position\":2,\"name\":\"Aftas en la boca: Causas y tratamiento\"}]},{\"@type\":\"WebSite\",\"@id\":\"https:\\\/\\\/www.arenal.com\\\/blog\\\/#website\",\"url\":\"https:\\\/\\\/www.arenal.com\\\/blog\\\/\",\"name\":\"Blog de Arenal\",\"description\":\"\",\"potentialAction\":[{\"@type\":\"SearchAction\",\"target\":{\"@type\":\"EntryPoint\",\"urlTemplate\":\"https:\\\/\\\/www.arenal.com\\\/blog\\\/?s={search_term_string}\"},\"query-input\":{\"@type\":\"PropertyValueSpecification\",\"valueRequired\":true,\"valueName\":\"search_term_string\"}}],\"inLanguage\":\"es\"},{\"@type\":\"Person\",\"@id\":\"https:\\\/\\\/www.arenal.com\\\/blog\\\/#\\\/schema\\\/person\\\/5b0f9900f2fb7a87b0b8c40b98a29e31\",\"name\":\"hiberus\",\"image\":{\"@type\":\"ImageObject\",\"inLanguage\":\"es\",\"@id\":\"https:\\\/\\\/secure.gravatar.com\\\/avatar\\\/a0b97b568facc7d687254dae39c5cfb79af095aebc91173945f2a50629c9fe1a?s=96&d=mm&r=g\",\"url\":\"https:\\\/\\\/secure.gravatar.com\\\/avatar\\\/a0b97b568facc7d687254dae39c5cfb79af095aebc91173945f2a50629c9fe1a?s=96&d=mm&r=g\",\"contentUrl\":\"https:\\\/\\\/secure.gravatar.com\\\/avatar\\\/a0b97b568facc7d687254dae39c5cfb79af095aebc91173945f2a50629c9fe1a?s=96&d=mm&r=g\",\"caption\":\"hiberus\"},\"sameAs\":[\"https:\\\/\\\/www.arenal.com\"],\"url\":\"https:\\\/\\\/www.arenal.com\\\/blog\\\/author\\\/hiberus\"}]}<\/script>\n<!-- \/ Yoast SEO plugin. -->","yoast_head_json":{"title":"Aftas en la boca - Blog de Arenal","description":"\u00bfPor qu\u00e9 aparecen las aftas en la boca?\u00bfCon qu\u00e9 productos y c\u00f3mo podemos tratarlas? Te contamos m\u00e1s sobre las aftas en la boca. \u00a1No te lo pierdas!","robots":{"index":"index","follow":"follow","max-snippet":"max-snippet:-1","max-image-preview":"max-image-preview:large","max-video-preview":"max-video-preview:-1"},"canonical":"https:\/\/www.arenal.com\/blog\/aftas-en-la-boca","og_locale":"es_ES","og_type":"article","og_title":"Aftas en la boca - Blog de Arenal","og_description":"\u00bfPor qu\u00e9 aparecen las aftas en la boca?\u00bfCon qu\u00e9 productos y c\u00f3mo podemos tratarlas? Te contamos m\u00e1s sobre las aftas en la boca. \u00a1No te lo pierdas!","og_url":"https:\/\/www.arenal.com\/blog\/aftas-en-la-boca","og_site_name":"Blog de Arenal","article_published_time":"2021-03-04T15:12:04+00:00","article_modified_time":"2025-06-30T11:56:59+00:00","og_image":[{"width":1140,"height":342,"url":"https:\/\/www.arenal.com\/blog\/wp-content\/uploads\/2022\/01\/8954915455006.jpeg","type":"image\/jpeg"}],"author":"hiberus","twitter_card":"summary_large_image","twitter_title":"Aftas en la boca - Blog de Arenal","twitter_misc":{"Escrito por":"hiberus","Tiempo de lectura":"3 minutos"},"schema":{"@context":"https:\/\/schema.org","@graph":[{"@type":"Article","@id":"https:\/\/www.arenal.com\/blog\/aftas-en-la-boca#article","isPartOf":{"@id":"https:\/\/www.arenal.com\/blog\/aftas-en-la-boca"},"author":{"name":"hiberus","@id":"https:\/\/www.arenal.com\/blog\/#\/schema\/person\/5b0f9900f2fb7a87b0b8c40b98a29e31"},"headline":"Aftas en la boca: Causas y tratamiento","datePublished":"2021-03-04T15:12:04+00:00","dateModified":"2025-06-30T11:56:59+00:00","mainEntityOfPage":{"@id":"https:\/\/www.arenal.com\/blog\/aftas-en-la-boca"},"wordCount":592,"commentCount":0,"image":{"@id":"https:\/\/www.arenal.com\/blog\/aftas-en-la-boca#primaryimage"},"thumbnailUrl":"https:\/\/www.arenal.com\/blog\/wp-content\/uploads\/2022\/01\/8954915455006.jpeg","articleSection":["Salud y cuidado personal"],"inLanguage":"es","potentialAction":[{"@type":"CommentAction","name":"Comment","target":["https:\/\/www.arenal.com\/blog\/aftas-en-la-boca#respond"]}]},{"@type":"WebPage","@id":"https:\/\/www.arenal.com\/blog\/aftas-en-la-boca","url":"https:\/\/www.arenal.com\/blog\/aftas-en-la-boca","name":"Aftas en la boca - Blog de Arenal","isPartOf":{"@id":"https:\/\/www.arenal.com\/blog\/#website"},"primaryImageOfPage":{"@id":"https:\/\/www.arenal.com\/blog\/aftas-en-la-boca#primaryimage"},"image":{"@id":"https:\/\/www.arenal.com\/blog\/aftas-en-la-boca#primaryimage"},"thumbnailUrl":"https:\/\/www.arenal.com\/blog\/wp-content\/uploads\/2022\/01\/8954915455006.jpeg","datePublished":"2021-03-04T15:12:04+00:00","dateModified":"2025-06-30T11:56:59+00:00","author":{"@id":"https:\/\/www.arenal.com\/blog\/#\/schema\/person\/5b0f9900f2fb7a87b0b8c40b98a29e31"},"description":"\u00bfPor qu\u00e9 aparecen las aftas en la boca?\u00bfCon qu\u00e9 productos y c\u00f3mo podemos tratarlas? Te contamos m\u00e1s sobre las aftas en la boca. \u00a1No te lo pierdas!","breadcrumb":{"@id":"https:\/\/www.arenal.com\/blog\/aftas-en-la-boca#breadcrumb"},"inLanguage":"es","potentialAction":[{"@type":"ReadAction","target":["https:\/\/www.arenal.com\/blog\/aftas-en-la-boca"]}]},{"@type":"ImageObject","inLanguage":"es","@id":"https:\/\/www.arenal.com\/blog\/aftas-en-la-boca#primaryimage","url":"https:\/\/www.arenal.com\/blog\/wp-content\/uploads\/2022\/01\/8954915455006.jpeg","contentUrl":"https:\/\/www.arenal.com\/blog\/wp-content\/uploads\/2022\/01\/8954915455006.jpeg","width":1140,"height":342,"caption":"Aftas en la boca: Causas y tratamiento"},{"@type":"BreadcrumbList","@id":"https:\/\/www.arenal.com\/blog\/aftas-en-la-boca#breadcrumb","itemListElement":[{"@type":"ListItem","position":1,"name":"Salud y cuidado personal","item":"https:\/\/www.arenal.com\/blog\/salud"},{"@type":"ListItem","position":2,"name":"Aftas en la boca: Causas y tratamiento"}]},{"@type":"WebSite","@id":"https:\/\/www.arenal.com\/blog\/#website","url":"https:\/\/www.arenal.com\/blog\/","name":"Blog de Arenal","description":"","potentialAction":[{"@type":"SearchAction","target":{"@type":"EntryPoint","urlTemplate":"https:\/\/www.arenal.com\/blog\/?s={search_term_string}"},"query-input":{"@type":"PropertyValueSpecification","valueRequired":true,"valueName":"search_term_string"}}],"inLanguage":"es"},{"@type":"Person","@id":"https:\/\/www.arenal.com\/blog\/#\/schema\/person\/5b0f9900f2fb7a87b0b8c40b98a29e31","name":"hiberus","image":{"@type":"ImageObject","inLanguage":"es","@id":"https:\/\/secure.gravatar.com\/avatar\/a0b97b568facc7d687254dae39c5cfb79af095aebc91173945f2a50629c9fe1a?s=96&d=mm&r=g","url":"https:\/\/secure.gravatar.com\/avatar\/a0b97b568facc7d687254dae39c5cfb79af095aebc91173945f2a50629c9fe1a?s=96&d=mm&r=g","contentUrl":"https:\/\/secure.gravatar.com\/avatar\/a0b97b568facc7d687254dae39c5cfb79af095aebc91173945f2a50629c9fe1a?s=96&d=mm&r=g","caption":"hiberus"},"sameAs":["https:\/\/www.arenal.com"],"url":"https:\/\/www.arenal.com\/blog\/author\/hiberus"}]}},"_links":{"self":[{"href":"https:\/\/www.arenal.com\/blog\/wp-json\/wp\/v2\/posts\/1092","targetHints":{"allow":["GET"]}}],"collection":[{"href":"https:\/\/www.arenal.com\/blog\/wp-json\/wp\/v2\/posts"}],"about":[{"href":"https:\/\/www.arenal.com\/blog\/wp-json\/wp\/v2\/types\/post"}],"author":[{"embeddable":true,"href":"https:\/\/www.arenal.com\/blog\/wp-json\/wp\/v2\/users\/1"}],"replies":[{"embeddable":true,"href":"https:\/\/www.arenal.com\/blog\/wp-json\/wp\/v2\/comments?post=1092"}],"version-history":[{"count":7,"href":"https:\/\/www.arenal.com\/blog\/wp-json\/wp\/v2\/posts\/1092\/revisions"}],"predecessor-version":[{"id":7605,"href":"https:\/\/www.arenal.com\/blog\/wp-json\/wp\/v2\/posts\/1092\/revisions\/7605"}],"wp:featuredmedia":[{"embeddable":true,"href":"https:\/\/www.arenal.com\/blog\/wp-json\/wp\/v2\/media\/1495"}],"wp:attachment":[{"href":"https:\/\/www.arenal.com\/blog\/wp-json\/wp\/v2\/media?parent=1092"}],"wp:term":[{"taxonomy":"category","embeddable":true,"href":"https:\/\/www.arenal.com\/blog\/wp-json\/wp\/v2\/categories?post=1092"},{"taxonomy":"post_tag","embeddable":true,"href":"https:\/\/www.arenal.com\/blog\/wp-json\/wp\/v2\/tags?post=1092"}],"curies":[{"name":"wp","href":"https:\/\/api.w.org\/{rel}","templated":true}]}}