{"id":1086,"date":"2021-02-11T16:36:16","date_gmt":"2021-02-11T15:36:16","guid":{"rendered":"https:\/\/www.arenal.com\/pintar-cara-carnaval\/"},"modified":"2024-01-30T11:03:44","modified_gmt":"2024-01-30T10:03:44","slug":"pintar-cara-carnaval","status":"publish","type":"post","link":"https:\/\/www.arenal.com\/blog\/pintar-cara-carnaval","title":{"rendered":"C\u00f3mo pintar la cara para Carnaval"},"content":{"rendered":"\n<p>\u00a1Ya mismo est\u00e1 aqu\u00ed el Carnaval! Es el momento perfecto para reunirse y pasar un rato divertido mientras te metes en la piel de un personaje por un d\u00eda. En este post queremos proponerte una serie de ideas para realizar <strong>actividades en familia en Carnaval<\/strong>.<\/p>\n\n\n\n<div id=\"ez-toc-container\" class=\"ez-toc-v2_0_82_2 counter-hierarchy ez-toc-counter ez-toc-custom ez-toc-container-direction\">\n<div class=\"ez-toc-title-container\">\n<p class=\"ez-toc-title\" style=\"cursor:inherit\">Indice de contenidos<\/p>\n<span class=\"ez-toc-title-toggle\"><a href=\"#\" class=\"ez-toc-pull-right ez-toc-btn ez-toc-btn-xs ez-toc-btn-default ez-toc-toggle\" aria-label=\"Alternar tabla de contenidos\"><span class=\"ez-toc-js-icon-con\"><span class=\"\"><span class=\"eztoc-hide\" style=\"display:none;\">Toggle<\/span><span class=\"ez-toc-icon-toggle-span\"><svg style=\"fill: #000000;color:#000000\" xmlns=\"http:\/\/www.w3.org\/2000\/svg\" class=\"list-377408\" width=\"20px\" height=\"20px\" viewBox=\"0 0 24 24\" fill=\"none\"><path d=\"M6 6H4v2h2V6zm14 0H8v2h12V6zM4 11h2v2H4v-2zm16 0H8v2h12v-2zM4 16h2v2H4v-2zm16 0H8v2h12v-2z\" fill=\"currentColor\"><\/path><\/svg><svg style=\"fill: #000000;color:#000000\" class=\"arrow-unsorted-368013\" xmlns=\"http:\/\/www.w3.org\/2000\/svg\" width=\"10px\" height=\"10px\" viewBox=\"0 0 24 24\" version=\"1.2\" baseProfile=\"tiny\"><path d=\"M18.2 9.3l-6.2-6.3-6.2 6.3c-.2.2-.3.4-.3.7s.1.5.3.7c.2.2.4.3.7.3h11c.3 0 .5-.1.7-.3.2-.2.3-.5.3-.7s-.1-.5-.3-.7zM5.8 14.7l6.2 6.3 6.2-6.3c.2-.2.3-.5.3-.7s-.1-.5-.3-.7c-.2-.2-.4-.3-.7-.3h-11c-.3 0-.5.1-.7.3-.2.2-.3.5-.3.7s.1.5.3.7z\"\/><\/svg><\/span><\/span><\/span><\/a><\/span><\/div>\n<nav><ul class='ez-toc-list ez-toc-list-level-1 ' ><li class='ez-toc-page-1 ez-toc-heading-level-2'><a class=\"ez-toc-link ez-toc-heading-1\" href=\"https:\/\/www.arenal.com\/blog\/pintar-cara-carnaval\/#%C2%A1Pintacaras\" >\u00a1Pintacaras!<\/a><\/li><li class='ez-toc-page-1 ez-toc-heading-level-2'><a class=\"ez-toc-link ez-toc-heading-2\" href=\"https:\/\/www.arenal.com\/blog\/pintar-cara-carnaval\/#Como_pintar_la_cara_para_Carnaval_ideas\" >C\u00f3mo pintar la cara para Carnaval: ideas<\/a><\/li><li class='ez-toc-page-1 ez-toc-heading-level-2'><a class=\"ez-toc-link ez-toc-heading-3\" href=\"https:\/\/www.arenal.com\/blog\/pintar-cara-carnaval\/#Pinturas_y_maquillaje_para_pintar_la_cara\" >Pinturas y maquillaje para pintar la cara<\/a><\/li><\/ul><\/nav><\/div>\n<h2 class=\"wp-block-heading\"><span class=\"ez-toc-section\" id=\"%C2%A1Pintacaras\"><\/span><strong>\u00a1Pintacaras!<\/strong><span class=\"ez-toc-section-end\"><\/span><\/h2>\n\n\n\n<p>Cuando pensamos en pasar el Carnaval pensamos autom\u00e1ticamente en una cosa: \u00a1pintacaras! A los ni\u00f1os les encanta y a los mayores, despu\u00e9s de leer este post, os aseguramos que tambi\u00e9n. Si no conf\u00edas en tus habilidades creativas o no te atreves a pintar la cara en Carnaval porque no sabes c\u00f3mo hacerlo o <strong>qu\u00e9 materiales utilizar<\/strong>, este post es ideal para ti.<\/p>\n\n\n\n<p>Una de las ventajas del <a href=\"https:\/\/www.arenal.com\/maquillaje\/c\/1_0000000003\">maquillaje<\/a> de Carnaval frente a la compra de productos de (probablemente) un \u00fanico uso como caretas o m\u00e1scaras, adem\u00e1s del impacto medioambiental, es la <strong>libertad de elecci\u00f3n<\/strong>. Tanto tu peque como t\u00fa podr\u00e9is expresar vuestras ideas y recrear la imagen o el <em>look&nbsp;<\/em>del personaje o dibujo de vuestra elecci\u00f3n.<\/p>\n\n\n\n<p>As\u00ed, la diversi\u00f3n durar\u00e1 mucho m\u00e1s tiempo. A los ni\u00f1os les motivar\u00e1 pensar su idea para pintarse la cara en Carnaval, el proceso de maquillaje y ver c\u00f3mo queda. Y, adem\u00e1s, \u00a1pintar la cara en carnaval es barato! <strong>Todo son ventajas.<\/strong><\/p>\n\n\n\n<h2 class=\"wp-block-heading\"><span class=\"ez-toc-section\" id=\"Como_pintar_la_cara_para_Carnaval_ideas\"><\/span><strong>C\u00f3mo pintar la cara para Carnaval: ideas<\/strong><span class=\"ez-toc-section-end\"><\/span><\/h2>\n\n\n\n<p>El primer paso ser\u00e1, como hemos dicho, pensar y elegir de qu\u00e9 queremos maquillarnos. Para muchos esta ser\u00e1 la parte m\u00e1s dif\u00edcil del proceso. Por eso, ene este post queremos darte algunas ideas de c\u00f3mo pintar la cara en carnaval. Es v\u00e1lido para los ni\u00f1os y los adultos y aqu\u00ed van algunos consejos:<\/p>\n\n\n\n<ul class=\"wp-block-list\">\n<li><strong>Piensa algo que te guste<\/strong>: animal o fruta favorita, dibujos animados, superh\u00e9roes, princesas&#8230; las opciones son tan amplias como la imaginaci\u00f3n de tu peque.<\/li>\n\n\n\n<li><strong>Busca inspiraci\u00f3n<\/strong>: si no consigues llegar a una idea, puedes consultar <a href=\"https:\/\/www.arenal.com\/blog\/\">blogs<\/a> de maquillaje o infantiles para ver qu\u00e9 est\u00e1 en tendencia.<\/li>\n\n\n\n<li><strong>Practica<\/strong>: es aconsejable que practiques el maquillaje para evitar imprevistos de ultima hora cuando est\u00e1s haciendo el maquillaje a contrarreloj. Practicarlo antes te dar\u00e1 confianza en tus habilidades y conseguir\u00e1s un mejor resultado.<\/li>\n<\/ul>\n\n\n\n<div class=\"wp-block-columns is-layout-flex wp-container-core-columns-is-layout-9d6595d7 wp-block-columns-is-layout-flex\">\n<div class=\"wp-block-column is-layout-flow wp-block-column-is-layout-flow\" style=\"flex-basis:100%\"><div class=\"wp-block-image is-style-default\">\n<figure class=\"aligncenter size-medium\"><img loading=\"lazy\" decoding=\"async\" width=\"300\" height=\"300\" src=\"https:\/\/www.arenal.com\/blog\/wp-content\/uploads\/2024\/01\/pintar-cara-carnaval-edited-300x300.jpg\" alt=\"C\u00f3mo pintar la cara para Carnaval. Foto de \u0412\u043b\u0430\u0434\u0438\u043c\u0438\u0440 \u0412\u0430\u0441\u0438\u043b\u044c\u0435\u0432\" class=\"wp-image-5201\" srcset=\"https:\/\/www.arenal.com\/blog\/wp-content\/uploads\/2024\/01\/pintar-cara-carnaval-edited-300x300.jpg 300w, https:\/\/www.arenal.com\/blog\/wp-content\/uploads\/2024\/01\/pintar-cara-carnaval-edited-1024x1024.jpg 1024w, https:\/\/www.arenal.com\/blog\/wp-content\/uploads\/2024\/01\/pintar-cara-carnaval-edited-150x150.jpg 150w, https:\/\/www.arenal.com\/blog\/wp-content\/uploads\/2024\/01\/pintar-cara-carnaval-edited-768x768.jpg 768w, https:\/\/www.arenal.com\/blog\/wp-content\/uploads\/2024\/01\/pintar-cara-carnaval-edited-1536x1536.jpg 1536w, https:\/\/www.arenal.com\/blog\/wp-content\/uploads\/2024\/01\/pintar-cara-carnaval-edited-2048x2048.jpg 2048w, https:\/\/www.arenal.com\/blog\/wp-content\/uploads\/2024\/01\/pintar-cara-carnaval-edited-scaled.jpg 1140w\" sizes=\"auto, (max-width: 300px) 100vw, 300px\" \/><figcaption class=\"wp-element-caption\">Un ejemplo de maquillaje que puedes recrear f\u00e1cilmente en casa es este look de tigre para ni\u00f1a.<\/figcaption><\/figure>\n<\/div><\/div>\n<\/div>\n\n\n\n<p>No pienses en complicarlo todo ni en recrear todos y cada uno de los elementos. C\u00e9ntrate en los <strong>colores caracter\u00edsticos<\/strong> del personaje o animal elegido y algunos detalles claves que marcan la diferencia. Gracias a que vivimos en una \u00e9poca en la que podemos acceder a todo tipo de informaci\u00f3n a trav\u00e9s de Internet, podemos encontrar im\u00e1genes del personaje elegido e incluso <a href=\"https:\/\/www.arenal.com\/blog\/pintar-cara-gato\">tutoriales<\/a> de c\u00f3mo otros lo han llevado a cabo. \u00a1\u00dasalo de gu\u00eda!<\/p>\n\n\n\n<h2 class=\"wp-block-heading\"><span class=\"ez-toc-section\" id=\"Pinturas_y_maquillaje_para_pintar_la_cara\"><\/span><strong>Pinturas y maquillaje para pintar la cara<\/strong><span class=\"ez-toc-section-end\"><\/span><\/h2>\n\n\n\n<p>Ya tenemos la idea y sabemos c\u00f3mo llevarla a cabo, pero \u00bfqu\u00e9 productos necesito? \u00bfNecesito <strong>pinturas de carnaval<\/strong> para la cara? Para pintar la cara de los ni\u00f1os necesitaremos varias cosas:<\/p>\n\n\n\n<ul class=\"wp-block-list\">\n<li>Una <a href=\"https:\/\/www.arenal.com\/cosmetica\/cosmetica-facial\/hidratantes-y-nutritivas\/cremas\/c\/1_0000000675\">crema hidratante<\/a> para aplicar antes de empezar el maquillaje, as\u00ed evitaremos que se le reseque la piel despu\u00e9s.<\/li>\n\n\n\n<li>Una <a href=\"https:\/\/www.arenal.com\/maquillaje\/accesorios-de-maquillaje\/esponjas\/c\/1_0000000662\">esponja de maquillaje.<\/a><\/li>\n\n\n\n<li>Una <a href=\"https:\/\/www.arenal.com\/maquillaje\/accesorios-de-maquillaje\/toallas-y-borlas-de-maquillaje\/c\/1_0000001022\">cinta del pelo<\/a> para que podamos pintar la cara bien.<\/li>\n\n\n\n<li><a href=\"https:\/\/www.arenal.com\/maquillaje\/accesorios-de-maquillaje\/pinceles\/c\/1_0000000664\">Varios pinceles<\/a> de diferentes tama\u00f1os y formas.<\/li>\n\n\n\n<li><a href=\"https:\/\/www.arenal.com\/maquillaje\/c\/1_0000000003\">Pintura facial<\/a> apta para pintar la cara de los ni\u00f1os.<\/li>\n\n\n\n<li><a href=\"https:\/\/www.arenal.com\/maquillaje\/labios\/barras-de-labios\/c\/1_0000000635\">Barras de labios.<\/a><\/li>\n\n\n\n<li>L\u00e1pices de maquillaje (<a href=\"https:\/\/www.arenal.com\/maquillaje\/ojos\/delineadores-de-ojos\/c\/1_0000000647\">eyeliners<\/a>).<\/li>\n<\/ul>\n\n\n\n<p><strong>\u00bfY para despu\u00e9s?<\/strong> Es importante que tengas <a href=\"https:\/\/www.arenal.com\/cosmetica\/limpieza-facial\/agua-micelar\/c\/1_0000000730\">agua micelar<\/a> o <a href=\"https:\/\/www.arenal.com\/cosmetica\/limpieza-facial\/aceite-desmaquillante\/c\/1_0000000731\">aceite desmaquillante<\/a> apto para pieles sensibles o, si lo prefieres, <a href=\"https:\/\/www.arenal.com\/cosmetica\/limpieza-facial\/toallitas-desmaquillantes\/c\/1_0000000733\">toallitas desmaquillantes<\/a>; y un jab\u00f3n para limpiar la cara para cuando retiremos todo el maquillaje. \u00a1Y no te olvides de aplicarle o aplicarte crema hidratante despu\u00e9s de todo para calmar la piel!<\/p>\n\n\n\n<p>\u00a1Ya os avisamos! <strong>Pintar la cara en Carnaval<\/strong> para ni\u00f1os es f\u00e1cil y, sobre todo, muy muy divertido. Y como toca cuidarnos, \u00a1a disfrutar del carnaval!<\/p>\n","protected":false},"excerpt":{"rendered":"<p>\u00bfTe atreves a pintarte la cara en Carnaval? Te traemos algunas ideas y consejos para pintar la cara a ni\u00f1os y adultos durante este Carnaval.<\/p>\n","protected":false},"author":1,"featured_media":1489,"comment_status":"open","ping_status":"open","sticky":false,"template":"","format":"standard","meta":{"footnotes":""},"categories":[641,626,231],"tags":[],"class_list":["post-1086","post","type-post","status-publish","format-standard","has-post-thumbnail","hentry","category-canaval-en-arenal","category-tutoriales","category-consejos-y-rutinas-de-maquillaje"],"featured_image_src":"https:\/\/www.arenal.com\/blog\/wp-content\/uploads\/2022\/01\/8954905722910.jpeg","author_info":{"display_name":"hiberus","author_link":"https:\/\/www.arenal.com\/blog\/author\/hiberus"},"yoast_head":"<!-- This site is optimized with the Yoast SEO plugin v27.4 - https:\/\/yoast.com\/product\/yoast-seo-wordpress\/ -->\n<title>C\u00f3mo pintar la cara para Carnaval | Blog de Arenal<\/title>\n<meta name=\"description\" content=\"\u00bfTe atreves a pintarte la cara en Carnaval? Te traemos algunas ideas y consejos para pintar la cara a ni\u00f1os y adultos durante este Carnaval.\" \/>\n<meta name=\"robots\" content=\"index, follow, max-snippet:-1, max-image-preview:large, max-video-preview:-1\" \/>\n<link rel=\"canonical\" href=\"https:\/\/www.arenal.com\/blog\/pintar-cara-carnaval\" \/>\n<meta property=\"og:locale\" content=\"es_ES\" \/>\n<meta property=\"og:type\" content=\"article\" \/>\n<meta property=\"og:title\" content=\"C\u00f3mo pintar la cara para Carnaval (para ni\u00f1os y adultos) | Arenal\" \/>\n<meta property=\"og:description\" content=\"\u00bfTe atreves a pintarte la cara en Carnaval? Te traemos algunas ideas y consejos para pintar la cara a ni\u00f1os y adultos durante este Carnaval.\" \/>\n<meta property=\"og:url\" content=\"https:\/\/www.arenal.com\/blog\/pintar-cara-carnaval\" \/>\n<meta property=\"og:site_name\" content=\"Blog de Arenal\" \/>\n<meta property=\"article:published_time\" content=\"2021-02-11T15:36:16+00:00\" \/>\n<meta property=\"article:modified_time\" content=\"2024-01-30T10:03:44+00:00\" \/>\n<meta property=\"og:image\" content=\"https:\/\/www.arenal.com\/blog\/wp-content\/uploads\/2022\/01\/8954905722910.jpeg\" \/>\n\t<meta property=\"og:image:width\" content=\"1140\" \/>\n\t<meta property=\"og:image:height\" content=\"342\" \/>\n\t<meta property=\"og:image:type\" content=\"image\/jpeg\" \/>\n<meta name=\"author\" content=\"hiberus\" \/>\n<meta name=\"twitter:card\" content=\"summary_large_image\" \/>\n<meta name=\"twitter:title\" content=\"C\u00f3mo pintar la cara para Carnaval (para ni\u00f1os y adultos) | Arenal\" \/>\n<meta name=\"twitter:label1\" content=\"Escrito por\" \/>\n\t<meta name=\"twitter:data1\" content=\"hiberus\" \/>\n\t<meta name=\"twitter:label2\" content=\"Tiempo de lectura\" \/>\n\t<meta name=\"twitter:data2\" content=\"3 minutos\" \/>\n<script type=\"application\/ld+json\" class=\"yoast-schema-graph\">{\"@context\":\"https:\\\/\\\/schema.org\",\"@graph\":[{\"@type\":\"Article\",\"@id\":\"https:\\\/\\\/www.arenal.com\\\/blog\\\/pintar-cara-carnaval#article\",\"isPartOf\":{\"@id\":\"https:\\\/\\\/www.arenal.com\\\/blog\\\/pintar-cara-carnaval\"},\"author\":{\"name\":\"hiberus\",\"@id\":\"https:\\\/\\\/www.arenal.com\\\/blog\\\/#\\\/schema\\\/person\\\/5b0f9900f2fb7a87b0b8c40b98a29e31\"},\"headline\":\"C\u00f3mo pintar la cara para Carnaval\",\"datePublished\":\"2021-02-11T15:36:16+00:00\",\"dateModified\":\"2024-01-30T10:03:44+00:00\",\"mainEntityOfPage\":{\"@id\":\"https:\\\/\\\/www.arenal.com\\\/blog\\\/pintar-cara-carnaval\"},\"wordCount\":664,\"commentCount\":0,\"image\":{\"@id\":\"https:\\\/\\\/www.arenal.com\\\/blog\\\/pintar-cara-carnaval#primaryimage\"},\"thumbnailUrl\":\"https:\\\/\\\/www.arenal.com\\\/blog\\\/wp-content\\\/uploads\\\/2022\\\/01\\\/8954905722910.jpeg\",\"articleSection\":[\"\ud83c\udfad Carnaval en Arenal \ud83c\udfad\",\"Tutoriales\",\"Maquillaje\"],\"inLanguage\":\"es\",\"potentialAction\":[{\"@type\":\"CommentAction\",\"name\":\"Comment\",\"target\":[\"https:\\\/\\\/www.arenal.com\\\/blog\\\/pintar-cara-carnaval#respond\"]}]},{\"@type\":\"WebPage\",\"@id\":\"https:\\\/\\\/www.arenal.com\\\/blog\\\/pintar-cara-carnaval\",\"url\":\"https:\\\/\\\/www.arenal.com\\\/blog\\\/pintar-cara-carnaval\",\"name\":\"C\u00f3mo pintar la cara para Carnaval | Blog de Arenal\",\"isPartOf\":{\"@id\":\"https:\\\/\\\/www.arenal.com\\\/blog\\\/#website\"},\"primaryImageOfPage\":{\"@id\":\"https:\\\/\\\/www.arenal.com\\\/blog\\\/pintar-cara-carnaval#primaryimage\"},\"image\":{\"@id\":\"https:\\\/\\\/www.arenal.com\\\/blog\\\/pintar-cara-carnaval#primaryimage\"},\"thumbnailUrl\":\"https:\\\/\\\/www.arenal.com\\\/blog\\\/wp-content\\\/uploads\\\/2022\\\/01\\\/8954905722910.jpeg\",\"datePublished\":\"2021-02-11T15:36:16+00:00\",\"dateModified\":\"2024-01-30T10:03:44+00:00\",\"author\":{\"@id\":\"https:\\\/\\\/www.arenal.com\\\/blog\\\/#\\\/schema\\\/person\\\/5b0f9900f2fb7a87b0b8c40b98a29e31\"},\"description\":\"\u00bfTe atreves a pintarte la cara en Carnaval? Te traemos algunas ideas y consejos para pintar la cara a ni\u00f1os y adultos durante este Carnaval.\",\"breadcrumb\":{\"@id\":\"https:\\\/\\\/www.arenal.com\\\/blog\\\/pintar-cara-carnaval#breadcrumb\"},\"inLanguage\":\"es\",\"potentialAction\":[{\"@type\":\"ReadAction\",\"target\":[\"https:\\\/\\\/www.arenal.com\\\/blog\\\/pintar-cara-carnaval\"]}]},{\"@type\":\"ImageObject\",\"inLanguage\":\"es\",\"@id\":\"https:\\\/\\\/www.arenal.com\\\/blog\\\/pintar-cara-carnaval#primaryimage\",\"url\":\"https:\\\/\\\/www.arenal.com\\\/blog\\\/wp-content\\\/uploads\\\/2022\\\/01\\\/8954905722910.jpeg\",\"contentUrl\":\"https:\\\/\\\/www.arenal.com\\\/blog\\\/wp-content\\\/uploads\\\/2022\\\/01\\\/8954905722910.jpeg\",\"width\":1140,\"height\":342,\"caption\":\"C\u00f3mo pintar la cara para Carnaval\"},{\"@type\":\"BreadcrumbList\",\"@id\":\"https:\\\/\\\/www.arenal.com\\\/blog\\\/pintar-cara-carnaval#breadcrumb\",\"itemListElement\":[{\"@type\":\"ListItem\",\"position\":1,\"name\":\"Maquillaje\",\"item\":\"https:\\\/\\\/www.arenal.com\\\/blog\\\/consejos-y-rutinas-de-maquillaje\"},{\"@type\":\"ListItem\",\"position\":2,\"name\":\"C\u00f3mo pintar la cara para Carnaval\"}]},{\"@type\":\"WebSite\",\"@id\":\"https:\\\/\\\/www.arenal.com\\\/blog\\\/#website\",\"url\":\"https:\\\/\\\/www.arenal.com\\\/blog\\\/\",\"name\":\"Blog de Arenal\",\"description\":\"\",\"potentialAction\":[{\"@type\":\"SearchAction\",\"target\":{\"@type\":\"EntryPoint\",\"urlTemplate\":\"https:\\\/\\\/www.arenal.com\\\/blog\\\/?s={search_term_string}\"},\"query-input\":{\"@type\":\"PropertyValueSpecification\",\"valueRequired\":true,\"valueName\":\"search_term_string\"}}],\"inLanguage\":\"es\"},{\"@type\":\"Person\",\"@id\":\"https:\\\/\\\/www.arenal.com\\\/blog\\\/#\\\/schema\\\/person\\\/5b0f9900f2fb7a87b0b8c40b98a29e31\",\"name\":\"hiberus\",\"image\":{\"@type\":\"ImageObject\",\"inLanguage\":\"es\",\"@id\":\"https:\\\/\\\/secure.gravatar.com\\\/avatar\\\/a0b97b568facc7d687254dae39c5cfb79af095aebc91173945f2a50629c9fe1a?s=96&d=mm&r=g\",\"url\":\"https:\\\/\\\/secure.gravatar.com\\\/avatar\\\/a0b97b568facc7d687254dae39c5cfb79af095aebc91173945f2a50629c9fe1a?s=96&d=mm&r=g\",\"contentUrl\":\"https:\\\/\\\/secure.gravatar.com\\\/avatar\\\/a0b97b568facc7d687254dae39c5cfb79af095aebc91173945f2a50629c9fe1a?s=96&d=mm&r=g\",\"caption\":\"hiberus\"},\"sameAs\":[\"https:\\\/\\\/www.arenal.com\"],\"url\":\"https:\\\/\\\/www.arenal.com\\\/blog\\\/author\\\/hiberus\"}]}<\/script>\n<!-- \/ Yoast SEO plugin. -->","yoast_head_json":{"title":"C\u00f3mo pintar la cara para Carnaval | Blog de Arenal","description":"\u00bfTe atreves a pintarte la cara en Carnaval? Te traemos algunas ideas y consejos para pintar la cara a ni\u00f1os y adultos durante este Carnaval.","robots":{"index":"index","follow":"follow","max-snippet":"max-snippet:-1","max-image-preview":"max-image-preview:large","max-video-preview":"max-video-preview:-1"},"canonical":"https:\/\/www.arenal.com\/blog\/pintar-cara-carnaval","og_locale":"es_ES","og_type":"article","og_title":"C\u00f3mo pintar la cara para Carnaval (para ni\u00f1os y adultos) | Arenal","og_description":"\u00bfTe atreves a pintarte la cara en Carnaval? Te traemos algunas ideas y consejos para pintar la cara a ni\u00f1os y adultos durante este Carnaval.","og_url":"https:\/\/www.arenal.com\/blog\/pintar-cara-carnaval","og_site_name":"Blog de Arenal","article_published_time":"2021-02-11T15:36:16+00:00","article_modified_time":"2024-01-30T10:03:44+00:00","og_image":[{"width":1140,"height":342,"url":"https:\/\/www.arenal.com\/blog\/wp-content\/uploads\/2022\/01\/8954905722910.jpeg","type":"image\/jpeg"}],"author":"hiberus","twitter_card":"summary_large_image","twitter_title":"C\u00f3mo pintar la cara para Carnaval (para ni\u00f1os y adultos) | Arenal","twitter_misc":{"Escrito por":"hiberus","Tiempo de lectura":"3 minutos"},"schema":{"@context":"https:\/\/schema.org","@graph":[{"@type":"Article","@id":"https:\/\/www.arenal.com\/blog\/pintar-cara-carnaval#article","isPartOf":{"@id":"https:\/\/www.arenal.com\/blog\/pintar-cara-carnaval"},"author":{"name":"hiberus","@id":"https:\/\/www.arenal.com\/blog\/#\/schema\/person\/5b0f9900f2fb7a87b0b8c40b98a29e31"},"headline":"C\u00f3mo pintar la cara para Carnaval","datePublished":"2021-02-11T15:36:16+00:00","dateModified":"2024-01-30T10:03:44+00:00","mainEntityOfPage":{"@id":"https:\/\/www.arenal.com\/blog\/pintar-cara-carnaval"},"wordCount":664,"commentCount":0,"image":{"@id":"https:\/\/www.arenal.com\/blog\/pintar-cara-carnaval#primaryimage"},"thumbnailUrl":"https:\/\/www.arenal.com\/blog\/wp-content\/uploads\/2022\/01\/8954905722910.jpeg","articleSection":["\ud83c\udfad Carnaval en Arenal \ud83c\udfad","Tutoriales","Maquillaje"],"inLanguage":"es","potentialAction":[{"@type":"CommentAction","name":"Comment","target":["https:\/\/www.arenal.com\/blog\/pintar-cara-carnaval#respond"]}]},{"@type":"WebPage","@id":"https:\/\/www.arenal.com\/blog\/pintar-cara-carnaval","url":"https:\/\/www.arenal.com\/blog\/pintar-cara-carnaval","name":"C\u00f3mo pintar la cara para Carnaval | Blog de Arenal","isPartOf":{"@id":"https:\/\/www.arenal.com\/blog\/#website"},"primaryImageOfPage":{"@id":"https:\/\/www.arenal.com\/blog\/pintar-cara-carnaval#primaryimage"},"image":{"@id":"https:\/\/www.arenal.com\/blog\/pintar-cara-carnaval#primaryimage"},"thumbnailUrl":"https:\/\/www.arenal.com\/blog\/wp-content\/uploads\/2022\/01\/8954905722910.jpeg","datePublished":"2021-02-11T15:36:16+00:00","dateModified":"2024-01-30T10:03:44+00:00","author":{"@id":"https:\/\/www.arenal.com\/blog\/#\/schema\/person\/5b0f9900f2fb7a87b0b8c40b98a29e31"},"description":"\u00bfTe atreves a pintarte la cara en Carnaval? Te traemos algunas ideas y consejos para pintar la cara a ni\u00f1os y adultos durante este Carnaval.","breadcrumb":{"@id":"https:\/\/www.arenal.com\/blog\/pintar-cara-carnaval#breadcrumb"},"inLanguage":"es","potentialAction":[{"@type":"ReadAction","target":["https:\/\/www.arenal.com\/blog\/pintar-cara-carnaval"]}]},{"@type":"ImageObject","inLanguage":"es","@id":"https:\/\/www.arenal.com\/blog\/pintar-cara-carnaval#primaryimage","url":"https:\/\/www.arenal.com\/blog\/wp-content\/uploads\/2022\/01\/8954905722910.jpeg","contentUrl":"https:\/\/www.arenal.com\/blog\/wp-content\/uploads\/2022\/01\/8954905722910.jpeg","width":1140,"height":342,"caption":"C\u00f3mo pintar la cara para Carnaval"},{"@type":"BreadcrumbList","@id":"https:\/\/www.arenal.com\/blog\/pintar-cara-carnaval#breadcrumb","itemListElement":[{"@type":"ListItem","position":1,"name":"Maquillaje","item":"https:\/\/www.arenal.com\/blog\/consejos-y-rutinas-de-maquillaje"},{"@type":"ListItem","position":2,"name":"C\u00f3mo pintar la cara para Carnaval"}]},{"@type":"WebSite","@id":"https:\/\/www.arenal.com\/blog\/#website","url":"https:\/\/www.arenal.com\/blog\/","name":"Blog de Arenal","description":"","potentialAction":[{"@type":"SearchAction","target":{"@type":"EntryPoint","urlTemplate":"https:\/\/www.arenal.com\/blog\/?s={search_term_string}"},"query-input":{"@type":"PropertyValueSpecification","valueRequired":true,"valueName":"search_term_string"}}],"inLanguage":"es"},{"@type":"Person","@id":"https:\/\/www.arenal.com\/blog\/#\/schema\/person\/5b0f9900f2fb7a87b0b8c40b98a29e31","name":"hiberus","image":{"@type":"ImageObject","inLanguage":"es","@id":"https:\/\/secure.gravatar.com\/avatar\/a0b97b568facc7d687254dae39c5cfb79af095aebc91173945f2a50629c9fe1a?s=96&d=mm&r=g","url":"https:\/\/secure.gravatar.com\/avatar\/a0b97b568facc7d687254dae39c5cfb79af095aebc91173945f2a50629c9fe1a?s=96&d=mm&r=g","contentUrl":"https:\/\/secure.gravatar.com\/avatar\/a0b97b568facc7d687254dae39c5cfb79af095aebc91173945f2a50629c9fe1a?s=96&d=mm&r=g","caption":"hiberus"},"sameAs":["https:\/\/www.arenal.com"],"url":"https:\/\/www.arenal.com\/blog\/author\/hiberus"}]}},"_links":{"self":[{"href":"https:\/\/www.arenal.com\/blog\/wp-json\/wp\/v2\/posts\/1086","targetHints":{"allow":["GET"]}}],"collection":[{"href":"https:\/\/www.arenal.com\/blog\/wp-json\/wp\/v2\/posts"}],"about":[{"href":"https:\/\/www.arenal.com\/blog\/wp-json\/wp\/v2\/types\/post"}],"author":[{"embeddable":true,"href":"https:\/\/www.arenal.com\/blog\/wp-json\/wp\/v2\/users\/1"}],"replies":[{"embeddable":true,"href":"https:\/\/www.arenal.com\/blog\/wp-json\/wp\/v2\/comments?post=1086"}],"version-history":[{"count":9,"href":"https:\/\/www.arenal.com\/blog\/wp-json\/wp\/v2\/posts\/1086\/revisions"}],"predecessor-version":[{"id":5202,"href":"https:\/\/www.arenal.com\/blog\/wp-json\/wp\/v2\/posts\/1086\/revisions\/5202"}],"wp:featuredmedia":[{"embeddable":true,"href":"https:\/\/www.arenal.com\/blog\/wp-json\/wp\/v2\/media\/1489"}],"wp:attachment":[{"href":"https:\/\/www.arenal.com\/blog\/wp-json\/wp\/v2\/media?parent=1086"}],"wp:term":[{"taxonomy":"category","embeddable":true,"href":"https:\/\/www.arenal.com\/blog\/wp-json\/wp\/v2\/categories?post=1086"},{"taxonomy":"post_tag","embeddable":true,"href":"https:\/\/www.arenal.com\/blog\/wp-json\/wp\/v2\/tags?post=1086"}],"curies":[{"name":"wp","href":"https:\/\/api.w.org\/{rel}","templated":true}]}}