{"id":1077,"date":"2021-01-18T16:02:09","date_gmt":"2021-01-18T15:02:09","guid":{"rendered":"https:\/\/www.arenal.com\/crema-cuello-y-escote\/"},"modified":"2025-08-28T10:01:32","modified_gmt":"2025-08-28T09:01:32","slug":"crema-cuello-y-escote","status":"publish","type":"post","link":"https:\/\/www.arenal.com\/blog\/crema-cuello-y-escote","title":{"rendered":"5 mejores cremas para cuello y escote"},"content":{"rendered":"<p style=\"margin-left: 0cm; margin-right: 0cm; text-align: justify;\"><span style=\"font-size: 11pt;\"><span style=\"font-family: Calibri,sans-serif;\">S\u00e9rums, limpiadores, peelings, cremas hidratantes de d\u00eda y noche\u2026 Dedicamos mucho tiempo y productos a nuestro rostro para mantenerlo firme, hidratado y retrasar su envejecimiento, pero hay dos zonas en las que no reparamos a menudo. \u00a1Exacto! El cuello y el escote son partes que tambi\u00e9n necesitamos mimar para que la flacidez y las arrugas no se adue\u00f1en de ellas. Para conseguir evitar los signos del envejecimiento, necesitamos, al igual que con el rostro, tratamientos y cremas espec\u00edficas. \u00a1Veamos cu\u00e1les son!<\/span><\/span><\/p>\n<p style=\"margin-left: 0cm; margin-right: 0cm; text-align: justify;\"><span style=\"font-size: 11pt;\"><span style=\"font-family: Calibri,sans-serif;\">La piel del cuello es una de las m\u00e1s fr\u00e1giles de nuestro cuerpo: es m\u00e1s fina, tiende a la flacidez y tiene menos gl\u00e1ndulas seb\u00e1ceas, por lo que se deshidrata y seca con m\u00e1s facilidad. Es por ello que su cuidado es esencial antes de que aparezcan los s\u00edntomas de la edad demasiado pronto. Pero que no cunda el p\u00e1nico, si ya notas esos signos a continuaci\u00f3n te contamos qu\u00e9 <a style=\"color: #0563c1; text-decoration: underline;\" href=\"https:\/\/www.arenal.com\/cosmetica\/cosmetica-facial\/antiedad-y-antiarrugas\/cremas\/c\/1_0000000669\">cremas para el cuello<\/a> utilizar para combatir su envejecimiento.<\/span><\/span><\/p>\n<p style=\"margin-left: 0cm; margin-right: 0cm; text-align: justify;\"><span style=\"font-size: 11pt;\"><span style=\"font-family: Calibri,sans-serif;\">Tambi\u00e9n la piel del escote requiere de cuidados especiales porque suele estar m\u00e1s expuesta a la incidencia del sol y, por ello, suele ser m\u00e1s propensa a mancharse y deshidratarse. As\u00ed, es esencial utilizar una crema para escote espec\u00edfica. Las variaciones de tama\u00f1o, las agresiones del sol, viento o contaminaci\u00f3n, as\u00ed como nuestros h\u00e1bitos de vida influyen en que el cuello y el escote sean las primeras zonas en las que se note el paso del tiempo. \u00bfLe ponemos remedio?<\/span><\/span><\/p>\n<h2 style=\"margin-left: 0cm; margin-right: 0cm; text-align: justify;\"><span style=\"font-size: 11pt;\"><span style=\"font-family: Calibri,sans-serif;\"><strong>\u00bfCu\u00e1les son las mejores cremas para cuello y escote?<\/strong><\/span><\/span><\/h2>\n<p style=\"margin-left: 0cm; margin-right: 0cm; text-align: justify;\"><span style=\"font-size: 11pt;\"><span style=\"font-family: Calibri,sans-serif;\">En Arenal encontrar\u00e1s las mejores cremas antiedad del mercado, pero para hacerte m\u00e1s sencillo el proceso hemos creado un top cinco de las mejores cremas para cuello y escote. La <a style=\"color: #0563c1; text-decoration: underline;\" href=\"https:\/\/www.arenal.com\/sisley-creme-pour-le-cou-formule-enrichie-crema-de-cuello-reafirmante-50-ml\/p\/000000000000070642\">crema reafirmante para cuello de Sisley<\/a> combina cuatro acciones principales: efecto tensor inmediato gracias a un activo tensor 3D, acci\u00f3n reafirmante intensiva debido al extracto de fibras de soja, acci\u00f3n afinante gracias a la cafe\u00edna, el extracto de alga roja y de casta\u00f1a de indias, y acci\u00f3n hidratante y nutritiva que consigue alisar la piel y difuminar las arrugas.<\/span><\/span><\/p>\n<p style=\"margin-left: 0cm; margin-right: 0cm; text-align: justify;\"><span style=\"font-size: 11pt;\"><span style=\"font-family: Calibri,sans-serif;\">Basada en oro mineral y p\u00e9ptidos antienvejecimiento, la crema de cuello Ageless Genius de bareMinerals hidrata en profundidad y reduce el aspecto de las arrugas y las l\u00edneas horizontales en el cuello y el escote. Adem\u00e1s, el extracto de edelweiss mejora la elasticidad para dar firmeza y los extractos de algas, jazm\u00edn y gardenia suavizan la piel. Destacamos tambi\u00e9n la <a style=\"color: #0563c1; text-decoration: underline;\" href=\"https:\/\/www.arenal.com\/clarins-concentre-decollete-et-cou-multi-intensif-crema-de-cuello-y-escote-75-ml\/p\/000000000000067555\">crema intensiva concentrada para cuello y escote de Clarins<\/a>, que tiene propiedades antiarrugas y antimanchas que consigue alisar y dejar nuestra piel firme para devolverle su juventud. <\/span><\/span><\/p>\n<p style=\"margin-left: 0cm; margin-right: 0cm; text-align: justify;\"><span style=\"font-size: 11pt;\"><span style=\"font-family: Calibri,sans-serif;\">La crema reafirmante de cuello y escote de Neostrata incluye una triple tecnolog\u00eda que reconstruye la matriz d\u00e9rmica, estimula la producci\u00f3n de nuevo col\u00e1geno y favorece la disminuci\u00f3n de las manchas del escote, logrando una piel redensificada, reafirmada y unificada. La joya de la corona es la <a style=\"color: #0563c1; text-decoration: underline;\" href=\"https:\/\/www.arenal.com\/guerlain-orchidee-imperial-crema-cuello-75-ml\/p\/000000000000120933\">crema para cuello y escote Orchid\u00e9e Imp\u00e9riale de Guerlain<\/a>, un tratamiento reafirmante, regenerante y remodelante que garantiza un efecto rejuvenecedor al iluminar la piel, reducir la flacidez, y alisar, tonificar y aportar densidad a la piel del cuello.<\/span><\/span><\/p>\n<h2 style=\"margin-left: 0cm; margin-right: 0cm; text-align: justify;\"><span style=\"font-size: 11pt;\"><span style=\"font-family: Calibri,sans-serif;\"><strong>\u00bfC\u00f3mo se aplica la crema en cuello y escote?<\/strong><\/span><\/span><\/h2>\n<p style=\"margin-left: 0cm; margin-right: 0cm; text-align: justify;\"><span style=\"font-size: 11pt;\"><span style=\"font-family: Calibri,sans-serif;\">No solo es importante elegir una buena crema para cuello y escote, sino saber utilizarla. En el cuello, la aplicaci\u00f3n de la crema deber\u00e1 hacerse con suaves toques descendentes para favorecer la absorci\u00f3n del producto. Despu\u00e9s, para mejorar la sujeci\u00f3n, pon las manos abiertas sobre la base del cuello y ejercer presi\u00f3n con las yemas de los dedos desde el centro hasta la nuca.<\/span><\/span><\/p>\n<p style=\"margin-left: 0cm; margin-right: 0cm; text-align: justify;\"><span style=\"font-size: 11pt;\"><span style=\"font-family: Calibri,sans-serif;\">Para el escote, coloca las manos planas de forma horizontal y alisa hacia fuera haciendo presi\u00f3n con las puntas de los dedos. \u00a1Empieza hoy mismo a incluir estos nuevos rituales en tu rutina de belleza para lucir un terso, luminoso y nutrido cuello y escote!<\/span><\/span><\/p>\n\n\n<p><\/p>\n","protected":false},"excerpt":{"rendered":"<p>El cuello y el escote siempre son los grandes olvidados. Debemos hidratar esta piel tanto o m\u00e1s que cualquier otra. Descubre estas cremas para cuello y escote.<\/p>\n","protected":false},"author":1,"featured_media":1481,"comment_status":"open","ping_status":"open","sticky":false,"template":"","format":"standard","meta":{"footnotes":""},"categories":[627,622],"tags":[],"class_list":["post-1077","post","type-post","status-publish","format-standard","has-post-thumbnail","hentry","category-rankings-top-productos","category-cosmetica-dermocosmetica"],"featured_image_src":"https:\/\/www.arenal.com\/blog\/wp-content\/uploads\/2022\/01\/8954899202078.jpeg","author_info":{"display_name":"hiberus","author_link":"https:\/\/www.arenal.com\/blog\/author\/hiberus"},"yoast_head":"<!-- This site is optimized with the Yoast SEO plugin v27.4 - https:\/\/yoast.com\/product\/yoast-seo-wordpress\/ -->\n<title>Crema cuello y escote - Blog de Arenal<\/title>\n<meta name=\"description\" content=\"El cuello y el escote siempre son los grandes olvidados. Debemos hidratar esta piel tanto o m\u00e1s que cualquier otra. Descubre estas cremas para cuello y escote.\" \/>\n<meta name=\"robots\" content=\"index, follow, max-snippet:-1, max-image-preview:large, max-video-preview:-1\" \/>\n<link rel=\"canonical\" href=\"https:\/\/www.arenal.com\/blog\/crema-cuello-y-escote\" \/>\n<meta property=\"og:locale\" content=\"es_ES\" \/>\n<meta property=\"og:type\" content=\"article\" \/>\n<meta property=\"og:title\" content=\"Crema cuello y escote - Blog de Arenal\" \/>\n<meta property=\"og:description\" content=\"El cuello y el escote siempre son los grandes olvidados. Debemos hidratar esta piel tanto o m\u00e1s que cualquier otra. Descubre estas cremas para cuello y escote.\" \/>\n<meta property=\"og:url\" content=\"https:\/\/www.arenal.com\/blog\/crema-cuello-y-escote\" \/>\n<meta property=\"og:site_name\" content=\"Blog de Arenal\" \/>\n<meta property=\"article:published_time\" content=\"2021-01-18T15:02:09+00:00\" \/>\n<meta property=\"article:modified_time\" content=\"2025-08-28T09:01:32+00:00\" \/>\n<meta property=\"og:image\" content=\"https:\/\/www.arenal.com\/blog\/wp-content\/uploads\/2022\/01\/8954899202078.jpeg\" \/>\n\t<meta property=\"og:image:width\" content=\"1140\" \/>\n\t<meta property=\"og:image:height\" content=\"342\" \/>\n\t<meta property=\"og:image:type\" content=\"image\/jpeg\" \/>\n<meta name=\"author\" content=\"hiberus\" \/>\n<meta name=\"twitter:card\" content=\"summary_large_image\" \/>\n<meta name=\"twitter:title\" content=\"Crema cuello y escote - Blog de Arenal\" \/>\n<meta name=\"twitter:label1\" content=\"Escrito por\" \/>\n\t<meta name=\"twitter:data1\" content=\"hiberus\" \/>\n\t<meta name=\"twitter:label2\" content=\"Tiempo de lectura\" \/>\n\t<meta name=\"twitter:data2\" content=\"3 minutos\" \/>\n<script type=\"application\/ld+json\" class=\"yoast-schema-graph\">{\"@context\":\"https:\\\/\\\/schema.org\",\"@graph\":[{\"@type\":\"Article\",\"@id\":\"https:\\\/\\\/www.arenal.com\\\/blog\\\/crema-cuello-y-escote#article\",\"isPartOf\":{\"@id\":\"https:\\\/\\\/www.arenal.com\\\/blog\\\/crema-cuello-y-escote\"},\"author\":{\"name\":\"hiberus\",\"@id\":\"https:\\\/\\\/www.arenal.com\\\/blog\\\/#\\\/schema\\\/person\\\/5b0f9900f2fb7a87b0b8c40b98a29e31\"},\"headline\":\"5 mejores cremas para cuello y escote\",\"datePublished\":\"2021-01-18T15:02:09+00:00\",\"dateModified\":\"2025-08-28T09:01:32+00:00\",\"mainEntityOfPage\":{\"@id\":\"https:\\\/\\\/www.arenal.com\\\/blog\\\/crema-cuello-y-escote\"},\"wordCount\":683,\"commentCount\":0,\"image\":{\"@id\":\"https:\\\/\\\/www.arenal.com\\\/blog\\\/crema-cuello-y-escote#primaryimage\"},\"thumbnailUrl\":\"https:\\\/\\\/www.arenal.com\\\/blog\\\/wp-content\\\/uploads\\\/2022\\\/01\\\/8954899202078.jpeg\",\"articleSection\":[\"Comparativas\",\"Cosm\u00e9tica\"],\"inLanguage\":\"es\",\"potentialAction\":[{\"@type\":\"CommentAction\",\"name\":\"Comment\",\"target\":[\"https:\\\/\\\/www.arenal.com\\\/blog\\\/crema-cuello-y-escote#respond\"]}]},{\"@type\":\"WebPage\",\"@id\":\"https:\\\/\\\/www.arenal.com\\\/blog\\\/crema-cuello-y-escote\",\"url\":\"https:\\\/\\\/www.arenal.com\\\/blog\\\/crema-cuello-y-escote\",\"name\":\"Crema cuello y escote - Blog de Arenal\",\"isPartOf\":{\"@id\":\"https:\\\/\\\/www.arenal.com\\\/blog\\\/#website\"},\"primaryImageOfPage\":{\"@id\":\"https:\\\/\\\/www.arenal.com\\\/blog\\\/crema-cuello-y-escote#primaryimage\"},\"image\":{\"@id\":\"https:\\\/\\\/www.arenal.com\\\/blog\\\/crema-cuello-y-escote#primaryimage\"},\"thumbnailUrl\":\"https:\\\/\\\/www.arenal.com\\\/blog\\\/wp-content\\\/uploads\\\/2022\\\/01\\\/8954899202078.jpeg\",\"datePublished\":\"2021-01-18T15:02:09+00:00\",\"dateModified\":\"2025-08-28T09:01:32+00:00\",\"author\":{\"@id\":\"https:\\\/\\\/www.arenal.com\\\/blog\\\/#\\\/schema\\\/person\\\/5b0f9900f2fb7a87b0b8c40b98a29e31\"},\"description\":\"El cuello y el escote siempre son los grandes olvidados. Debemos hidratar esta piel tanto o m\u00e1s que cualquier otra. Descubre estas cremas para cuello y escote.\",\"breadcrumb\":{\"@id\":\"https:\\\/\\\/www.arenal.com\\\/blog\\\/crema-cuello-y-escote#breadcrumb\"},\"inLanguage\":\"es\",\"potentialAction\":[{\"@type\":\"ReadAction\",\"target\":[\"https:\\\/\\\/www.arenal.com\\\/blog\\\/crema-cuello-y-escote\"]}]},{\"@type\":\"ImageObject\",\"inLanguage\":\"es\",\"@id\":\"https:\\\/\\\/www.arenal.com\\\/blog\\\/crema-cuello-y-escote#primaryimage\",\"url\":\"https:\\\/\\\/www.arenal.com\\\/blog\\\/wp-content\\\/uploads\\\/2022\\\/01\\\/8954899202078.jpeg\",\"contentUrl\":\"https:\\\/\\\/www.arenal.com\\\/blog\\\/wp-content\\\/uploads\\\/2022\\\/01\\\/8954899202078.jpeg\",\"width\":1140,\"height\":342,\"caption\":\"5 mejores cremas para cuello y escote\"},{\"@type\":\"BreadcrumbList\",\"@id\":\"https:\\\/\\\/www.arenal.com\\\/blog\\\/crema-cuello-y-escote#breadcrumb\",\"itemListElement\":[{\"@type\":\"ListItem\",\"position\":1,\"name\":\"Comparativas\",\"item\":\"https:\\\/\\\/www.arenal.com\\\/blog\\\/rankings-top-productos\"},{\"@type\":\"ListItem\",\"position\":2,\"name\":\"5 mejores cremas para cuello y escote\"}]},{\"@type\":\"WebSite\",\"@id\":\"https:\\\/\\\/www.arenal.com\\\/blog\\\/#website\",\"url\":\"https:\\\/\\\/www.arenal.com\\\/blog\\\/\",\"name\":\"Blog de Arenal\",\"description\":\"\",\"potentialAction\":[{\"@type\":\"SearchAction\",\"target\":{\"@type\":\"EntryPoint\",\"urlTemplate\":\"https:\\\/\\\/www.arenal.com\\\/blog\\\/?s={search_term_string}\"},\"query-input\":{\"@type\":\"PropertyValueSpecification\",\"valueRequired\":true,\"valueName\":\"search_term_string\"}}],\"inLanguage\":\"es\"},{\"@type\":\"Person\",\"@id\":\"https:\\\/\\\/www.arenal.com\\\/blog\\\/#\\\/schema\\\/person\\\/5b0f9900f2fb7a87b0b8c40b98a29e31\",\"name\":\"hiberus\",\"image\":{\"@type\":\"ImageObject\",\"inLanguage\":\"es\",\"@id\":\"https:\\\/\\\/secure.gravatar.com\\\/avatar\\\/a0b97b568facc7d687254dae39c5cfb79af095aebc91173945f2a50629c9fe1a?s=96&d=mm&r=g\",\"url\":\"https:\\\/\\\/secure.gravatar.com\\\/avatar\\\/a0b97b568facc7d687254dae39c5cfb79af095aebc91173945f2a50629c9fe1a?s=96&d=mm&r=g\",\"contentUrl\":\"https:\\\/\\\/secure.gravatar.com\\\/avatar\\\/a0b97b568facc7d687254dae39c5cfb79af095aebc91173945f2a50629c9fe1a?s=96&d=mm&r=g\",\"caption\":\"hiberus\"},\"sameAs\":[\"https:\\\/\\\/www.arenal.com\"],\"url\":\"https:\\\/\\\/www.arenal.com\\\/blog\\\/author\\\/hiberus\"}]}<\/script>\n<!-- \/ Yoast SEO plugin. -->","yoast_head_json":{"title":"Crema cuello y escote - Blog de Arenal","description":"El cuello y el escote siempre son los grandes olvidados. Debemos hidratar esta piel tanto o m\u00e1s que cualquier otra. Descubre estas cremas para cuello y escote.","robots":{"index":"index","follow":"follow","max-snippet":"max-snippet:-1","max-image-preview":"max-image-preview:large","max-video-preview":"max-video-preview:-1"},"canonical":"https:\/\/www.arenal.com\/blog\/crema-cuello-y-escote","og_locale":"es_ES","og_type":"article","og_title":"Crema cuello y escote - Blog de Arenal","og_description":"El cuello y el escote siempre son los grandes olvidados. Debemos hidratar esta piel tanto o m\u00e1s que cualquier otra. Descubre estas cremas para cuello y escote.","og_url":"https:\/\/www.arenal.com\/blog\/crema-cuello-y-escote","og_site_name":"Blog de Arenal","article_published_time":"2021-01-18T15:02:09+00:00","article_modified_time":"2025-08-28T09:01:32+00:00","og_image":[{"width":1140,"height":342,"url":"https:\/\/www.arenal.com\/blog\/wp-content\/uploads\/2022\/01\/8954899202078.jpeg","type":"image\/jpeg"}],"author":"hiberus","twitter_card":"summary_large_image","twitter_title":"Crema cuello y escote - Blog de Arenal","twitter_misc":{"Escrito por":"hiberus","Tiempo de lectura":"3 minutos"},"schema":{"@context":"https:\/\/schema.org","@graph":[{"@type":"Article","@id":"https:\/\/www.arenal.com\/blog\/crema-cuello-y-escote#article","isPartOf":{"@id":"https:\/\/www.arenal.com\/blog\/crema-cuello-y-escote"},"author":{"name":"hiberus","@id":"https:\/\/www.arenal.com\/blog\/#\/schema\/person\/5b0f9900f2fb7a87b0b8c40b98a29e31"},"headline":"5 mejores cremas para cuello y escote","datePublished":"2021-01-18T15:02:09+00:00","dateModified":"2025-08-28T09:01:32+00:00","mainEntityOfPage":{"@id":"https:\/\/www.arenal.com\/blog\/crema-cuello-y-escote"},"wordCount":683,"commentCount":0,"image":{"@id":"https:\/\/www.arenal.com\/blog\/crema-cuello-y-escote#primaryimage"},"thumbnailUrl":"https:\/\/www.arenal.com\/blog\/wp-content\/uploads\/2022\/01\/8954899202078.jpeg","articleSection":["Comparativas","Cosm\u00e9tica"],"inLanguage":"es","potentialAction":[{"@type":"CommentAction","name":"Comment","target":["https:\/\/www.arenal.com\/blog\/crema-cuello-y-escote#respond"]}]},{"@type":"WebPage","@id":"https:\/\/www.arenal.com\/blog\/crema-cuello-y-escote","url":"https:\/\/www.arenal.com\/blog\/crema-cuello-y-escote","name":"Crema cuello y escote - Blog de Arenal","isPartOf":{"@id":"https:\/\/www.arenal.com\/blog\/#website"},"primaryImageOfPage":{"@id":"https:\/\/www.arenal.com\/blog\/crema-cuello-y-escote#primaryimage"},"image":{"@id":"https:\/\/www.arenal.com\/blog\/crema-cuello-y-escote#primaryimage"},"thumbnailUrl":"https:\/\/www.arenal.com\/blog\/wp-content\/uploads\/2022\/01\/8954899202078.jpeg","datePublished":"2021-01-18T15:02:09+00:00","dateModified":"2025-08-28T09:01:32+00:00","author":{"@id":"https:\/\/www.arenal.com\/blog\/#\/schema\/person\/5b0f9900f2fb7a87b0b8c40b98a29e31"},"description":"El cuello y el escote siempre son los grandes olvidados. Debemos hidratar esta piel tanto o m\u00e1s que cualquier otra. Descubre estas cremas para cuello y escote.","breadcrumb":{"@id":"https:\/\/www.arenal.com\/blog\/crema-cuello-y-escote#breadcrumb"},"inLanguage":"es","potentialAction":[{"@type":"ReadAction","target":["https:\/\/www.arenal.com\/blog\/crema-cuello-y-escote"]}]},{"@type":"ImageObject","inLanguage":"es","@id":"https:\/\/www.arenal.com\/blog\/crema-cuello-y-escote#primaryimage","url":"https:\/\/www.arenal.com\/blog\/wp-content\/uploads\/2022\/01\/8954899202078.jpeg","contentUrl":"https:\/\/www.arenal.com\/blog\/wp-content\/uploads\/2022\/01\/8954899202078.jpeg","width":1140,"height":342,"caption":"5 mejores cremas para cuello y escote"},{"@type":"BreadcrumbList","@id":"https:\/\/www.arenal.com\/blog\/crema-cuello-y-escote#breadcrumb","itemListElement":[{"@type":"ListItem","position":1,"name":"Comparativas","item":"https:\/\/www.arenal.com\/blog\/rankings-top-productos"},{"@type":"ListItem","position":2,"name":"5 mejores cremas para cuello y escote"}]},{"@type":"WebSite","@id":"https:\/\/www.arenal.com\/blog\/#website","url":"https:\/\/www.arenal.com\/blog\/","name":"Blog de Arenal","description":"","potentialAction":[{"@type":"SearchAction","target":{"@type":"EntryPoint","urlTemplate":"https:\/\/www.arenal.com\/blog\/?s={search_term_string}"},"query-input":{"@type":"PropertyValueSpecification","valueRequired":true,"valueName":"search_term_string"}}],"inLanguage":"es"},{"@type":"Person","@id":"https:\/\/www.arenal.com\/blog\/#\/schema\/person\/5b0f9900f2fb7a87b0b8c40b98a29e31","name":"hiberus","image":{"@type":"ImageObject","inLanguage":"es","@id":"https:\/\/secure.gravatar.com\/avatar\/a0b97b568facc7d687254dae39c5cfb79af095aebc91173945f2a50629c9fe1a?s=96&d=mm&r=g","url":"https:\/\/secure.gravatar.com\/avatar\/a0b97b568facc7d687254dae39c5cfb79af095aebc91173945f2a50629c9fe1a?s=96&d=mm&r=g","contentUrl":"https:\/\/secure.gravatar.com\/avatar\/a0b97b568facc7d687254dae39c5cfb79af095aebc91173945f2a50629c9fe1a?s=96&d=mm&r=g","caption":"hiberus"},"sameAs":["https:\/\/www.arenal.com"],"url":"https:\/\/www.arenal.com\/blog\/author\/hiberus"}]}},"_links":{"self":[{"href":"https:\/\/www.arenal.com\/blog\/wp-json\/wp\/v2\/posts\/1077","targetHints":{"allow":["GET"]}}],"collection":[{"href":"https:\/\/www.arenal.com\/blog\/wp-json\/wp\/v2\/posts"}],"about":[{"href":"https:\/\/www.arenal.com\/blog\/wp-json\/wp\/v2\/types\/post"}],"author":[{"embeddable":true,"href":"https:\/\/www.arenal.com\/blog\/wp-json\/wp\/v2\/users\/1"}],"replies":[{"embeddable":true,"href":"https:\/\/www.arenal.com\/blog\/wp-json\/wp\/v2\/comments?post=1077"}],"version-history":[{"count":8,"href":"https:\/\/www.arenal.com\/blog\/wp-json\/wp\/v2\/posts\/1077\/revisions"}],"predecessor-version":[{"id":7880,"href":"https:\/\/www.arenal.com\/blog\/wp-json\/wp\/v2\/posts\/1077\/revisions\/7880"}],"wp:featuredmedia":[{"embeddable":true,"href":"https:\/\/www.arenal.com\/blog\/wp-json\/wp\/v2\/media\/1481"}],"wp:attachment":[{"href":"https:\/\/www.arenal.com\/blog\/wp-json\/wp\/v2\/media?parent=1077"}],"wp:term":[{"taxonomy":"category","embeddable":true,"href":"https:\/\/www.arenal.com\/blog\/wp-json\/wp\/v2\/categories?post=1077"},{"taxonomy":"post_tag","embeddable":true,"href":"https:\/\/www.arenal.com\/blog\/wp-json\/wp\/v2\/tags?post=1077"}],"curies":[{"name":"wp","href":"https:\/\/api.w.org\/{rel}","templated":true}]}}