{"id":1060,"date":"2020-11-09T16:15:59","date_gmt":"2020-11-09T15:15:59","guid":{"rendered":"https:\/\/www.arenal.com\/productos-para-la-barba\/"},"modified":"2024-12-24T08:05:51","modified_gmt":"2024-12-24T07:05:51","slug":"productos-para-la-barba","status":"publish","type":"post","link":"https:\/\/www.arenal.com\/blog\/productos-para-la-barba","title":{"rendered":"3 productos imprescindibles para cuidar la barba"},"content":{"rendered":"<p style=\"margin-left: 0cm; margin-right: 0cm;\"><span style=\"font-size: 11pt;\"><span style=\"font-family: Calibri,sans-serif;\">Para lucir una barba impecable necesitas utilizar determinados productos para el cuidado de la barba; no vale con lavarla con el mismo champ\u00fa con el que te lavas la cabeza o no prestarle ninguna atenci\u00f3n entre una visita a la barber\u00eda y la siguiente. En este post te vamos a hablar de tres productos imprescindibles para cuidar la barba que quiz\u00e1 no sab\u00edas que exist\u00edan o que eran tan necesarios para tu barba.<\/span><\/span><\/p>\n<div id=\"ez-toc-container\" class=\"ez-toc-v2_0_82_2 counter-hierarchy ez-toc-counter ez-toc-custom ez-toc-container-direction\">\n<div class=\"ez-toc-title-container\">\n<p class=\"ez-toc-title\" style=\"cursor:inherit\">Indice de contenidos<\/p>\n<span class=\"ez-toc-title-toggle\"><a href=\"#\" class=\"ez-toc-pull-right ez-toc-btn ez-toc-btn-xs ez-toc-btn-default ez-toc-toggle\" aria-label=\"Alternar tabla de contenidos\"><span class=\"ez-toc-js-icon-con\"><span class=\"\"><span class=\"eztoc-hide\" style=\"display:none;\">Toggle<\/span><span class=\"ez-toc-icon-toggle-span\"><svg style=\"fill: #000000;color:#000000\" xmlns=\"http:\/\/www.w3.org\/2000\/svg\" class=\"list-377408\" width=\"20px\" height=\"20px\" viewBox=\"0 0 24 24\" fill=\"none\"><path d=\"M6 6H4v2h2V6zm14 0H8v2h12V6zM4 11h2v2H4v-2zm16 0H8v2h12v-2zM4 16h2v2H4v-2zm16 0H8v2h12v-2z\" fill=\"currentColor\"><\/path><\/svg><svg style=\"fill: #000000;color:#000000\" class=\"arrow-unsorted-368013\" xmlns=\"http:\/\/www.w3.org\/2000\/svg\" width=\"10px\" height=\"10px\" viewBox=\"0 0 24 24\" version=\"1.2\" baseProfile=\"tiny\"><path d=\"M18.2 9.3l-6.2-6.3-6.2 6.3c-.2.2-.3.4-.3.7s.1.5.3.7c.2.2.4.3.7.3h11c.3 0 .5-.1.7-.3.2-.2.3-.5.3-.7s-.1-.5-.3-.7zM5.8 14.7l6.2 6.3 6.2-6.3c.2-.2.3-.5.3-.7s-.1-.5-.3-.7c-.2-.2-.4-.3-.7-.3h-11c-.3 0-.5.1-.7.3-.2.2-.3.5-.3.7s.1.5.3.7z\"\/><\/svg><\/span><\/span><\/span><\/a><\/span><\/div>\n<nav><ul class='ez-toc-list ez-toc-list-level-1 ' ><li class='ez-toc-page-1 ez-toc-heading-level-2'><a class=\"ez-toc-link ez-toc-heading-1\" href=\"https:\/\/www.arenal.com\/blog\/productos-para-la-barba\/#Champus_para_la_barba\" >Champ\u00fas para la barba<\/a><\/li><li class='ez-toc-page-1 ez-toc-heading-level-2'><a class=\"ez-toc-link ez-toc-heading-2\" href=\"https:\/\/www.arenal.com\/blog\/productos-para-la-barba\/#Acondicionador_para_la_barba\" >Acondicionador para la barba<\/a><\/li><li class='ez-toc-page-1 ez-toc-heading-level-2'><a class=\"ez-toc-link ez-toc-heading-3\" href=\"https:\/\/www.arenal.com\/blog\/productos-para-la-barba\/#Crema_para_la_barba\" >Crema para la barba<\/a><\/li><\/ul><\/nav><\/div>\n<h2 style=\"margin-left: 0cm; margin-right: 0cm;\"><span class=\"ez-toc-section\" id=\"Champus_para_la_barba\"><\/span><span style=\"font-size: 11pt;\"><span style=\"font-family: Calibri,sans-serif;\"><strong>Champ\u00fas para la barba<\/strong><\/span><\/span><span class=\"ez-toc-section-end\"><\/span><\/h2>\n<p style=\"margin-left: 0cm; margin-right: 0cm; text-align: justify;\"><span style=\"font-size: 11pt;\"><span style=\"font-family: Calibri,sans-serif;\">El <a style=\"color: #0563c1; text-decoration: underline;\" href=\"https:\/\/www.arenal.com\/higiene\/productos-para-barba\/c\/1_0000001014\">champ\u00fa para barba<\/a> es el primer producto del que queremos hablarte porque es tambi\u00e9n el primer paso y el m\u00e1s importante: la limpieza. El PH facial y el del cuero cabelludo son diferentes; el pelo de la barba tiene unas caracter\u00edsticas concretas porque es m\u00e1s grueso y duro, pero al mismo tiempo la piel del rostro es m\u00e1s sensible y est\u00e1 m\u00e1s expuesta a agentes externos. <\/span><\/span><\/p>\n<p style=\"margin-left: 0cm; margin-right: 0cm; text-align: justify;\"><span style=\"font-size: 11pt;\"><span style=\"font-family: Calibri,sans-serif;\">Por ello, necesitamos un champ\u00fa espec\u00edfico para barba y no nos vale con utilizar el mismo producto que en el cabello. En el vello facial van quedando atrapados diariamente olores, restos de comida o sudor, entre otros. Es muy importante mantener una correcta higiene para eliminar todas esas impurezas.<\/span><\/span><\/p>\n<p style=\"margin-left: 0cm; margin-right: 0cm; text-align: justify;\"><span style=\"font-size: 11pt;\"><span style=\"font-family: Calibri,sans-serif;\">Con el champ\u00fa de Proraso conseguir\u00e1s eliminar los malos olores y limpiar en profundidad tu barba. Se trata de una f\u00f3rmula baja en espuma que ablanda y alisa el vello facial. Si tu piel es sensible puede que el champ\u00fa para barbas que buscas sea el de LEA, especialmente formulado para este tipo de pieles a base de ingredientes purificantes, hidratantes, calmantes y antis\u00e9pticos. <\/span><\/span><\/p>\n<p style=\"margin-left: 0cm; margin-right: 0cm; text-align: justify;\"><span style=\"font-size: 11pt;\"><span style=\"font-family: Calibri,sans-serif;\">La frecuencia con la que utilizar el champ\u00fa para barba depender\u00e1 de su longitud y frondosidad. Puedes utilizarla dos o tres veces por semana o a diario y siempre de manera descendente para evitar enredos. \u00a1Un truco! Despu\u00e9s de aclararla, mold\u00e9ala con un peine antes de secarla bien y eliminar toda la humedad.<\/span><\/span><\/p>\n<h2 style=\"margin-left: 0cm; margin-right: 0cm;\"><span class=\"ez-toc-section\" id=\"Acondicionador_para_la_barba\"><\/span><span style=\"font-size: 11pt;\"><span style=\"font-family: Calibri,sans-serif;\"><strong>Acondicionador para la barba<\/strong><\/span><\/span><span class=\"ez-toc-section-end\"><\/span><\/h2>\n<p style=\"margin-left: 0cm; margin-right: 0cm; text-align: justify;\"><span style=\"font-size: 11pt;\"><span style=\"font-family: Calibri,sans-serif;\">Nuestro otro gran aliado para lucir una barba impecable es el acondicionador para barba, perfecto para domarla y repararla.\u00a0<\/span><\/span><span style=\"font-size: 11pt;\"><span style=\"font-family: Calibri,sans-serif;\">Para prevenir los picores y tener una barba suave, una buena opci\u00f3n es el acondicionador de barba de Just For Men, que contiene aloe vera y manzanilla. Tambi\u00e9n puedes utilizar productos 2 en 1 como el <a style=\"color: #0563c1; text-decoration: underline;\" href=\"https:\/\/www.arenal.com\/bulldog-original-champu-y-acondicionador-para-barba-200-ml\/p\/000000000000070897\">champ\u00fa y acondicionador de Bulldog<\/a> que limpia, refresca y nutre.<\/span><\/span><\/p>\n<h2 style=\"margin-left: 0cm; margin-right: 0cm;\"><span class=\"ez-toc-section\" id=\"Crema_para_la_barba\"><\/span><span style=\"font-size: 11pt;\"><span style=\"font-family: Calibri,sans-serif;\"><strong>Crema para la barba<\/strong><\/span><\/span><span class=\"ez-toc-section-end\"><\/span><\/h2>\n<p style=\"margin-left: 0cm; margin-right: 0cm;\"><span style=\"font-size: 11pt;\"><span style=\"font-family: Calibri,sans-serif;\">\u00bfTambi\u00e9n hay crema para barba? \u00a1Efectivamente! La crema nutritiva de L\u2019Or\u00e9al Men Expert hidrata y deja un aspecto m\u00e1s denso (hasta +9% de volumen capilar). Esta crema podemos aplicarla en todo el rostro o usando un peine si tu barba es m\u00e1s larga.<\/span><\/span><\/p>\n<p style=\"margin-left: 0cm; margin-right: 0cm;\"><span style=\"font-size: 11pt;\"><span style=\"font-family: Calibri,sans-serif;\">Otra opci\u00f3n para hidratar, suavizar y dar brillo son los aceites para barba. Te recomendamos aquellos con aceites esenciales como The Grooming Oil, de LAB Series; o el de Mr. Gentle. Los hay con diferentes olores y propiedades, pero todos se usan igual: aplica unas gotas en la palma de la mano y exti\u00e9ndelo por toda la barba. Despu\u00e9s p\u00e9inala con un cepillo adecuado.<\/span><\/span><\/p>\n<p style=\"margin-left: 0cm; margin-right: 0cm;\"><span style=\"font-size: 11pt;\"><span style=\"font-family: Calibri,sans-serif;\">En Arenal queremos facilitarte el proceso, as\u00ed que si acabas de empezar a cuidar tu barba puede venirte bien un set, como el de King C. de Gillete, con todo lo necesario para lucir una barba perfecta. La barba te da presencia y elegancia. Eso s\u00ed, si esta cuidada\u2026 \u00a1As\u00ed que m\u00edmala <\/span><\/span><\/p>\n<p style=\"margin-left: 0cm; margin-right: 0cm;\">\n","protected":false},"excerpt":{"rendered":"<p>\u00bfSab\u00edas que hay champ\u00fa y acondicionador exclusivamente para limpiar la barba? Te contamos qu\u00e9 productos existen para cuidar la barba y c\u00f3mo debes aplicarlo.<\/p>\n","protected":false},"author":1,"featured_media":1464,"comment_status":"open","ping_status":"open","sticky":false,"template":"","format":"standard","meta":{"footnotes":""},"categories":[627,624],"tags":[],"class_list":["post-1060","post","type-post","status-publish","format-standard","has-post-thumbnail","hentry","category-rankings-top-productos","category-salud"],"featured_image_src":"https:\/\/www.arenal.com\/blog\/wp-content\/uploads\/2022\/01\/8954872430622.jpeg","author_info":{"display_name":"hiberus","author_link":"https:\/\/www.arenal.com\/blog\/author\/hiberus"},"yoast_head":"<!-- This site is optimized with the Yoast SEO plugin v27.4 - https:\/\/yoast.com\/product\/yoast-seo-wordpress\/ -->\n<title>3 productos imprescindibles para la barba | Blog de Arenal<\/title>\n<meta name=\"description\" content=\"\u00bfSab\u00edas que hay champ\u00fa y acondicionador exclusivamente para limpiar la barba? Te contamos qu\u00e9 productos existen para cuidar la barba y c\u00f3mo debes aplicarlo.\" \/>\n<meta name=\"robots\" content=\"index, follow, max-snippet:-1, max-image-preview:large, max-video-preview:-1\" \/>\n<link rel=\"canonical\" href=\"https:\/\/www.arenal.com\/blog\/productos-para-la-barba\" \/>\n<meta property=\"og:locale\" content=\"es_ES\" \/>\n<meta property=\"og:type\" content=\"article\" \/>\n<meta property=\"og:title\" content=\"3 productos imprescindibles para la barba | Blog de Arenal\" \/>\n<meta property=\"og:description\" content=\"\u00bfSab\u00edas que hay champ\u00fa y acondicionador exclusivamente para limpiar la barba? Te contamos qu\u00e9 productos existen para cuidar la barba y c\u00f3mo debes aplicarlo.\" \/>\n<meta property=\"og:url\" content=\"https:\/\/www.arenal.com\/blog\/productos-para-la-barba\" \/>\n<meta property=\"og:site_name\" content=\"Blog de Arenal\" \/>\n<meta property=\"article:published_time\" content=\"2020-11-09T15:15:59+00:00\" \/>\n<meta property=\"article:modified_time\" content=\"2024-12-24T07:05:51+00:00\" \/>\n<meta property=\"og:image\" content=\"https:\/\/www.arenal.com\/blog\/wp-content\/uploads\/2022\/01\/8954872430622.jpeg\" \/>\n\t<meta property=\"og:image:width\" content=\"1140\" \/>\n\t<meta property=\"og:image:height\" content=\"342\" \/>\n\t<meta property=\"og:image:type\" content=\"image\/jpeg\" \/>\n<meta name=\"author\" content=\"hiberus\" \/>\n<meta name=\"twitter:card\" content=\"summary_large_image\" \/>\n<meta name=\"twitter:title\" content=\"3 productos imprescindibles para la barba | Blog de Arenal\" \/>\n<meta name=\"twitter:label1\" content=\"Escrito por\" \/>\n\t<meta name=\"twitter:data1\" content=\"hiberus\" \/>\n\t<meta name=\"twitter:label2\" content=\"Tiempo de lectura\" \/>\n\t<meta name=\"twitter:data2\" content=\"3 minutos\" \/>\n<script type=\"application\/ld+json\" class=\"yoast-schema-graph\">{\"@context\":\"https:\\\/\\\/schema.org\",\"@graph\":[{\"@type\":\"Article\",\"@id\":\"https:\\\/\\\/www.arenal.com\\\/blog\\\/productos-para-la-barba#article\",\"isPartOf\":{\"@id\":\"https:\\\/\\\/www.arenal.com\\\/blog\\\/productos-para-la-barba\"},\"author\":{\"name\":\"hiberus\",\"@id\":\"https:\\\/\\\/www.arenal.com\\\/blog\\\/#\\\/schema\\\/person\\\/5b0f9900f2fb7a87b0b8c40b98a29e31\"},\"headline\":\"3 productos imprescindibles para cuidar la barba\",\"datePublished\":\"2020-11-09T15:15:59+00:00\",\"dateModified\":\"2024-12-24T07:05:51+00:00\",\"mainEntityOfPage\":{\"@id\":\"https:\\\/\\\/www.arenal.com\\\/blog\\\/productos-para-la-barba\"},\"wordCount\":574,\"commentCount\":0,\"image\":{\"@id\":\"https:\\\/\\\/www.arenal.com\\\/blog\\\/productos-para-la-barba#primaryimage\"},\"thumbnailUrl\":\"https:\\\/\\\/www.arenal.com\\\/blog\\\/wp-content\\\/uploads\\\/2022\\\/01\\\/8954872430622.jpeg\",\"articleSection\":[\"Comparativas\",\"Salud y cuidado personal\"],\"inLanguage\":\"es\",\"potentialAction\":[{\"@type\":\"CommentAction\",\"name\":\"Comment\",\"target\":[\"https:\\\/\\\/www.arenal.com\\\/blog\\\/productos-para-la-barba#respond\"]}]},{\"@type\":\"WebPage\",\"@id\":\"https:\\\/\\\/www.arenal.com\\\/blog\\\/productos-para-la-barba\",\"url\":\"https:\\\/\\\/www.arenal.com\\\/blog\\\/productos-para-la-barba\",\"name\":\"3 productos imprescindibles para la barba | Blog de Arenal\",\"isPartOf\":{\"@id\":\"https:\\\/\\\/www.arenal.com\\\/blog\\\/#website\"},\"primaryImageOfPage\":{\"@id\":\"https:\\\/\\\/www.arenal.com\\\/blog\\\/productos-para-la-barba#primaryimage\"},\"image\":{\"@id\":\"https:\\\/\\\/www.arenal.com\\\/blog\\\/productos-para-la-barba#primaryimage\"},\"thumbnailUrl\":\"https:\\\/\\\/www.arenal.com\\\/blog\\\/wp-content\\\/uploads\\\/2022\\\/01\\\/8954872430622.jpeg\",\"datePublished\":\"2020-11-09T15:15:59+00:00\",\"dateModified\":\"2024-12-24T07:05:51+00:00\",\"author\":{\"@id\":\"https:\\\/\\\/www.arenal.com\\\/blog\\\/#\\\/schema\\\/person\\\/5b0f9900f2fb7a87b0b8c40b98a29e31\"},\"description\":\"\u00bfSab\u00edas que hay champ\u00fa y acondicionador exclusivamente para limpiar la barba? Te contamos qu\u00e9 productos existen para cuidar la barba y c\u00f3mo debes aplicarlo.\",\"breadcrumb\":{\"@id\":\"https:\\\/\\\/www.arenal.com\\\/blog\\\/productos-para-la-barba#breadcrumb\"},\"inLanguage\":\"es\",\"potentialAction\":[{\"@type\":\"ReadAction\",\"target\":[\"https:\\\/\\\/www.arenal.com\\\/blog\\\/productos-para-la-barba\"]}]},{\"@type\":\"ImageObject\",\"inLanguage\":\"es\",\"@id\":\"https:\\\/\\\/www.arenal.com\\\/blog\\\/productos-para-la-barba#primaryimage\",\"url\":\"https:\\\/\\\/www.arenal.com\\\/blog\\\/wp-content\\\/uploads\\\/2022\\\/01\\\/8954872430622.jpeg\",\"contentUrl\":\"https:\\\/\\\/www.arenal.com\\\/blog\\\/wp-content\\\/uploads\\\/2022\\\/01\\\/8954872430622.jpeg\",\"width\":1140,\"height\":342,\"caption\":\"3 productos imprescindibles para cuidar la barba\"},{\"@type\":\"BreadcrumbList\",\"@id\":\"https:\\\/\\\/www.arenal.com\\\/blog\\\/productos-para-la-barba#breadcrumb\",\"itemListElement\":[{\"@type\":\"ListItem\",\"position\":1,\"name\":\"Comparativas\",\"item\":\"https:\\\/\\\/www.arenal.com\\\/blog\\\/rankings-top-productos\"},{\"@type\":\"ListItem\",\"position\":2,\"name\":\"3 productos imprescindibles para cuidar la barba\"}]},{\"@type\":\"WebSite\",\"@id\":\"https:\\\/\\\/www.arenal.com\\\/blog\\\/#website\",\"url\":\"https:\\\/\\\/www.arenal.com\\\/blog\\\/\",\"name\":\"Blog de Arenal\",\"description\":\"\",\"potentialAction\":[{\"@type\":\"SearchAction\",\"target\":{\"@type\":\"EntryPoint\",\"urlTemplate\":\"https:\\\/\\\/www.arenal.com\\\/blog\\\/?s={search_term_string}\"},\"query-input\":{\"@type\":\"PropertyValueSpecification\",\"valueRequired\":true,\"valueName\":\"search_term_string\"}}],\"inLanguage\":\"es\"},{\"@type\":\"Person\",\"@id\":\"https:\\\/\\\/www.arenal.com\\\/blog\\\/#\\\/schema\\\/person\\\/5b0f9900f2fb7a87b0b8c40b98a29e31\",\"name\":\"hiberus\",\"image\":{\"@type\":\"ImageObject\",\"inLanguage\":\"es\",\"@id\":\"https:\\\/\\\/secure.gravatar.com\\\/avatar\\\/a0b97b568facc7d687254dae39c5cfb79af095aebc91173945f2a50629c9fe1a?s=96&d=mm&r=g\",\"url\":\"https:\\\/\\\/secure.gravatar.com\\\/avatar\\\/a0b97b568facc7d687254dae39c5cfb79af095aebc91173945f2a50629c9fe1a?s=96&d=mm&r=g\",\"contentUrl\":\"https:\\\/\\\/secure.gravatar.com\\\/avatar\\\/a0b97b568facc7d687254dae39c5cfb79af095aebc91173945f2a50629c9fe1a?s=96&d=mm&r=g\",\"caption\":\"hiberus\"},\"sameAs\":[\"https:\\\/\\\/www.arenal.com\"],\"url\":\"https:\\\/\\\/www.arenal.com\\\/blog\\\/author\\\/hiberus\"}]}<\/script>\n<!-- \/ Yoast SEO plugin. -->","yoast_head_json":{"title":"3 productos imprescindibles para la barba | Blog de Arenal","description":"\u00bfSab\u00edas que hay champ\u00fa y acondicionador exclusivamente para limpiar la barba? Te contamos qu\u00e9 productos existen para cuidar la barba y c\u00f3mo debes aplicarlo.","robots":{"index":"index","follow":"follow","max-snippet":"max-snippet:-1","max-image-preview":"max-image-preview:large","max-video-preview":"max-video-preview:-1"},"canonical":"https:\/\/www.arenal.com\/blog\/productos-para-la-barba","og_locale":"es_ES","og_type":"article","og_title":"3 productos imprescindibles para la barba | Blog de Arenal","og_description":"\u00bfSab\u00edas que hay champ\u00fa y acondicionador exclusivamente para limpiar la barba? Te contamos qu\u00e9 productos existen para cuidar la barba y c\u00f3mo debes aplicarlo.","og_url":"https:\/\/www.arenal.com\/blog\/productos-para-la-barba","og_site_name":"Blog de Arenal","article_published_time":"2020-11-09T15:15:59+00:00","article_modified_time":"2024-12-24T07:05:51+00:00","og_image":[{"width":1140,"height":342,"url":"https:\/\/www.arenal.com\/blog\/wp-content\/uploads\/2022\/01\/8954872430622.jpeg","type":"image\/jpeg"}],"author":"hiberus","twitter_card":"summary_large_image","twitter_title":"3 productos imprescindibles para la barba | Blog de Arenal","twitter_misc":{"Escrito por":"hiberus","Tiempo de lectura":"3 minutos"},"schema":{"@context":"https:\/\/schema.org","@graph":[{"@type":"Article","@id":"https:\/\/www.arenal.com\/blog\/productos-para-la-barba#article","isPartOf":{"@id":"https:\/\/www.arenal.com\/blog\/productos-para-la-barba"},"author":{"name":"hiberus","@id":"https:\/\/www.arenal.com\/blog\/#\/schema\/person\/5b0f9900f2fb7a87b0b8c40b98a29e31"},"headline":"3 productos imprescindibles para cuidar la barba","datePublished":"2020-11-09T15:15:59+00:00","dateModified":"2024-12-24T07:05:51+00:00","mainEntityOfPage":{"@id":"https:\/\/www.arenal.com\/blog\/productos-para-la-barba"},"wordCount":574,"commentCount":0,"image":{"@id":"https:\/\/www.arenal.com\/blog\/productos-para-la-barba#primaryimage"},"thumbnailUrl":"https:\/\/www.arenal.com\/blog\/wp-content\/uploads\/2022\/01\/8954872430622.jpeg","articleSection":["Comparativas","Salud y cuidado personal"],"inLanguage":"es","potentialAction":[{"@type":"CommentAction","name":"Comment","target":["https:\/\/www.arenal.com\/blog\/productos-para-la-barba#respond"]}]},{"@type":"WebPage","@id":"https:\/\/www.arenal.com\/blog\/productos-para-la-barba","url":"https:\/\/www.arenal.com\/blog\/productos-para-la-barba","name":"3 productos imprescindibles para la barba | Blog de Arenal","isPartOf":{"@id":"https:\/\/www.arenal.com\/blog\/#website"},"primaryImageOfPage":{"@id":"https:\/\/www.arenal.com\/blog\/productos-para-la-barba#primaryimage"},"image":{"@id":"https:\/\/www.arenal.com\/blog\/productos-para-la-barba#primaryimage"},"thumbnailUrl":"https:\/\/www.arenal.com\/blog\/wp-content\/uploads\/2022\/01\/8954872430622.jpeg","datePublished":"2020-11-09T15:15:59+00:00","dateModified":"2024-12-24T07:05:51+00:00","author":{"@id":"https:\/\/www.arenal.com\/blog\/#\/schema\/person\/5b0f9900f2fb7a87b0b8c40b98a29e31"},"description":"\u00bfSab\u00edas que hay champ\u00fa y acondicionador exclusivamente para limpiar la barba? Te contamos qu\u00e9 productos existen para cuidar la barba y c\u00f3mo debes aplicarlo.","breadcrumb":{"@id":"https:\/\/www.arenal.com\/blog\/productos-para-la-barba#breadcrumb"},"inLanguage":"es","potentialAction":[{"@type":"ReadAction","target":["https:\/\/www.arenal.com\/blog\/productos-para-la-barba"]}]},{"@type":"ImageObject","inLanguage":"es","@id":"https:\/\/www.arenal.com\/blog\/productos-para-la-barba#primaryimage","url":"https:\/\/www.arenal.com\/blog\/wp-content\/uploads\/2022\/01\/8954872430622.jpeg","contentUrl":"https:\/\/www.arenal.com\/blog\/wp-content\/uploads\/2022\/01\/8954872430622.jpeg","width":1140,"height":342,"caption":"3 productos imprescindibles para cuidar la barba"},{"@type":"BreadcrumbList","@id":"https:\/\/www.arenal.com\/blog\/productos-para-la-barba#breadcrumb","itemListElement":[{"@type":"ListItem","position":1,"name":"Comparativas","item":"https:\/\/www.arenal.com\/blog\/rankings-top-productos"},{"@type":"ListItem","position":2,"name":"3 productos imprescindibles para cuidar la barba"}]},{"@type":"WebSite","@id":"https:\/\/www.arenal.com\/blog\/#website","url":"https:\/\/www.arenal.com\/blog\/","name":"Blog de Arenal","description":"","potentialAction":[{"@type":"SearchAction","target":{"@type":"EntryPoint","urlTemplate":"https:\/\/www.arenal.com\/blog\/?s={search_term_string}"},"query-input":{"@type":"PropertyValueSpecification","valueRequired":true,"valueName":"search_term_string"}}],"inLanguage":"es"},{"@type":"Person","@id":"https:\/\/www.arenal.com\/blog\/#\/schema\/person\/5b0f9900f2fb7a87b0b8c40b98a29e31","name":"hiberus","image":{"@type":"ImageObject","inLanguage":"es","@id":"https:\/\/secure.gravatar.com\/avatar\/a0b97b568facc7d687254dae39c5cfb79af095aebc91173945f2a50629c9fe1a?s=96&d=mm&r=g","url":"https:\/\/secure.gravatar.com\/avatar\/a0b97b568facc7d687254dae39c5cfb79af095aebc91173945f2a50629c9fe1a?s=96&d=mm&r=g","contentUrl":"https:\/\/secure.gravatar.com\/avatar\/a0b97b568facc7d687254dae39c5cfb79af095aebc91173945f2a50629c9fe1a?s=96&d=mm&r=g","caption":"hiberus"},"sameAs":["https:\/\/www.arenal.com"],"url":"https:\/\/www.arenal.com\/blog\/author\/hiberus"}]}},"_links":{"self":[{"href":"https:\/\/www.arenal.com\/blog\/wp-json\/wp\/v2\/posts\/1060","targetHints":{"allow":["GET"]}}],"collection":[{"href":"https:\/\/www.arenal.com\/blog\/wp-json\/wp\/v2\/posts"}],"about":[{"href":"https:\/\/www.arenal.com\/blog\/wp-json\/wp\/v2\/types\/post"}],"author":[{"embeddable":true,"href":"https:\/\/www.arenal.com\/blog\/wp-json\/wp\/v2\/users\/1"}],"replies":[{"embeddable":true,"href":"https:\/\/www.arenal.com\/blog\/wp-json\/wp\/v2\/comments?post=1060"}],"version-history":[{"count":5,"href":"https:\/\/www.arenal.com\/blog\/wp-json\/wp\/v2\/posts\/1060\/revisions"}],"predecessor-version":[{"id":4969,"href":"https:\/\/www.arenal.com\/blog\/wp-json\/wp\/v2\/posts\/1060\/revisions\/4969"}],"wp:featuredmedia":[{"embeddable":true,"href":"https:\/\/www.arenal.com\/blog\/wp-json\/wp\/v2\/media\/1464"}],"wp:attachment":[{"href":"https:\/\/www.arenal.com\/blog\/wp-json\/wp\/v2\/media?parent=1060"}],"wp:term":[{"taxonomy":"category","embeddable":true,"href":"https:\/\/www.arenal.com\/blog\/wp-json\/wp\/v2\/categories?post=1060"},{"taxonomy":"post_tag","embeddable":true,"href":"https:\/\/www.arenal.com\/blog\/wp-json\/wp\/v2\/tags?post=1060"}],"curies":[{"name":"wp","href":"https:\/\/api.w.org\/{rel}","templated":true}]}}