{"id":1056,"date":"2020-10-27T17:10:05","date_gmt":"2020-10-27T16:10:05","guid":{"rendered":"https:\/\/www.arenal.com\/canas-en-hombre\/"},"modified":"2025-02-11T09:47:16","modified_gmt":"2025-02-11T08:47:16","slug":"canas-en-hombre","status":"publish","type":"post","link":"https:\/\/www.arenal.com\/blog\/canas-en-hombre","title":{"rendered":"Canas en hombre"},"content":{"rendered":"<p style=\"margin-left: 0cm; margin-right: 0cm; text-align: justify;\"><span style=\"font-size: 11pt;\"><span style=\"font-family: Calibri,sans-serif;\">Aunque las canas suelen molestar menos a los hombres, hay quien las detesta o quien no est\u00e1 preparado para verse con ellas. Adem\u00e1s, sigue existiendo una parte de tab\u00fa en la coloraci\u00f3n masculina. Con este post queremos que deje de ser as\u00ed: \u00a0Os contamos c\u00f3mo cubrir las canas en hombre. Y no te preocupes si no est\u00e1s dispuesto a utilizar un <a style=\"color: #0563c1; text-decoration: underline;\" href=\"https:\/\/www.arenal.com\/cabello\/coloracion\/tintes\/c\/1_0000000992\">tinte de pelo<\/a> porque \u00a1tenemos otras opciones para ti!<\/span><\/span><\/p>\n<div id=\"ez-toc-container\" class=\"ez-toc-v2_0_82_2 counter-hierarchy ez-toc-counter ez-toc-custom ez-toc-container-direction\">\n<div class=\"ez-toc-title-container\">\n<p class=\"ez-toc-title\" style=\"cursor:inherit\">Indice de contenidos<\/p>\n<span class=\"ez-toc-title-toggle\"><a href=\"#\" class=\"ez-toc-pull-right ez-toc-btn ez-toc-btn-xs ez-toc-btn-default ez-toc-toggle\" aria-label=\"Alternar tabla de contenidos\"><span class=\"ez-toc-js-icon-con\"><span class=\"\"><span class=\"eztoc-hide\" style=\"display:none;\">Toggle<\/span><span class=\"ez-toc-icon-toggle-span\"><svg style=\"fill: #000000;color:#000000\" xmlns=\"http:\/\/www.w3.org\/2000\/svg\" class=\"list-377408\" width=\"20px\" height=\"20px\" viewBox=\"0 0 24 24\" fill=\"none\"><path d=\"M6 6H4v2h2V6zm14 0H8v2h12V6zM4 11h2v2H4v-2zm16 0H8v2h12v-2zM4 16h2v2H4v-2zm16 0H8v2h12v-2z\" fill=\"currentColor\"><\/path><\/svg><svg style=\"fill: #000000;color:#000000\" class=\"arrow-unsorted-368013\" xmlns=\"http:\/\/www.w3.org\/2000\/svg\" width=\"10px\" height=\"10px\" viewBox=\"0 0 24 24\" version=\"1.2\" baseProfile=\"tiny\"><path d=\"M18.2 9.3l-6.2-6.3-6.2 6.3c-.2.2-.3.4-.3.7s.1.5.3.7c.2.2.4.3.7.3h11c.3 0 .5-.1.7-.3.2-.2.3-.5.3-.7s-.1-.5-.3-.7zM5.8 14.7l6.2 6.3 6.2-6.3c.2-.2.3-.5.3-.7s-.1-.5-.3-.7c-.2-.2-.4-.3-.7-.3h-11c-.3 0-.5.1-.7.3-.2.2-.3.5-.3.7s.1.5.3.7z\"\/><\/svg><\/span><\/span><\/span><\/a><\/span><\/div>\n<nav><ul class='ez-toc-list ez-toc-list-level-1 ' ><li class='ez-toc-page-1 ez-toc-heading-level-2'><a class=\"ez-toc-link ez-toc-heading-1\" href=\"https:\/\/www.arenal.com\/blog\/canas-en-hombre\/#Productos_para_cubrir_las_canas_en_hombre\" >Productos para cubrir las canas en hombre<\/a><\/li><li class='ez-toc-page-1 ez-toc-heading-level-2'><a class=\"ez-toc-link ez-toc-heading-2\" href=\"https:\/\/www.arenal.com\/blog\/canas-en-hombre\/#Tintes_para_canas_de_hombre\" >Tintes para canas de hombre<\/a><\/li><li class='ez-toc-page-1 ez-toc-heading-level-2'><a class=\"ez-toc-link ez-toc-heading-3\" href=\"https:\/\/www.arenal.com\/blog\/canas-en-hombre\/#Como_tenir_las_canas\" >C\u00f3mo te\u00f1ir las canas<\/a><\/li><\/ul><\/nav><\/div>\n<h2 style=\"margin-left: 0cm; margin-right: 0cm; text-align: justify;\"><span class=\"ez-toc-section\" id=\"Productos_para_cubrir_las_canas_en_hombre\"><\/span><span style=\"font-size: 11pt;\"><span style=\"font-family: Calibri,sans-serif;\"><strong>Productos para cubrir las canas en hombre<\/strong><\/span><\/span><span class=\"ez-toc-section-end\"><\/span><\/h2>\n<p style=\"margin-left: 0cm; margin-right: 0cm; text-align: justify;\"><span style=\"font-size: 11pt;\"><span style=\"font-family: Calibri,sans-serif;\">Hay un producto para quitar las canas de hombre que ha revolucionado el mercado. Se trata del <a style=\"color: #0563c1; text-decoration: underline;\" href=\"https:\/\/www.arenal.com\/just-for-men-control-gx-champu-reductor-de-canas-118ml\/p\/000000000000077719\">Champ\u00fa Control GX<\/a>, de Just for Men, y seg\u00fan la marca es el \u201cprimer champ\u00fa inteligente\u201d. S\u00ed s\u00ed, has le\u00eddo bien. Es un champ\u00fa reductor de canas que proporciona un resultado natural y discreto. Sirve para todo tipo de cabellos, aunque los mejores resultados se consiguen en los casta\u00f1os claros y negros.<\/span><\/span><\/p>\n<p style=\"margin-left: 0cm; margin-right: 0cm; text-align: justify;\"><span style=\"font-size: 11pt;\"><span style=\"font-family: Calibri,sans-serif;\">Se recomienda usarlo como tu champ\u00fa habitual para reducir gradualmente las canas. Util\u00edzalo de esa forma hasta conseguir el resultado que buscas (normalmente, tarda entre dos y cuatro semanas). Despu\u00e9s, apl\u00edcalo un par de veces a la semana para mantener el color que has logrado y \u00a1listo!<\/span><\/span><\/p>\n<p style=\"margin-left: 0cm; margin-right: 0cm; text-align: justify;\"><span style=\"font-size: 11pt;\"><span style=\"font-family: Calibri,sans-serif;\">Otro producto para tapar las canas de hombre, que act\u00faa de forma parecida, es la loci\u00f3n <a style=\"color: #0563c1; text-decoration: underline;\" href=\"https:\/\/www.arenal.com\/grecian-2000-locion-con-acondicionador-elimina-canas-125-ml\/p\/000000000000384545\">Grecian 2000<\/a>. Para que las canas desaparezcan gradualmente y que tu cabello obtenga su color natural apl\u00edcalo a diario durante 3 o 4 semanas. Cuando hayas alcanzado el tono deseado, solo tendr\u00e1s que utilizar esta loci\u00f3n dos o tres veces por semana para que el color se mantenga. F\u00e1cil, \u00bfverdad?<\/span><\/span><\/p>\n<h2 style=\"margin-left: 0cm; margin-right: 0cm; text-align: justify;\"><span class=\"ez-toc-section\" id=\"Tintes_para_canas_de_hombre\"><\/span><span style=\"font-size: 11pt;\"><span style=\"font-family: Calibri,sans-serif;\"><strong>Tintes para canas de hombre<\/strong><\/span><\/span><span class=\"ez-toc-section-end\"><\/span><\/h2>\n<p style=\"margin-left: 0cm; margin-right: 0cm; text-align: justify;\"><span style=\"font-size: 11pt;\"><span style=\"font-family: Calibri,sans-serif;\">Tambi\u00e9n est\u00e1 la opci\u00f3n de utilizar un tinte para canas de hombre. En cuanto a los tonos, los hombres prefieren tintes naturales para el cabello canoso. Por eso, las opciones que vamos a darte son productos que lo han tenido muy en cuenta. <\/span><\/span><\/p>\n<p style=\"margin-left: 0cm; margin-right: 0cm; text-align: justify;\"><span style=\"font-size: 11pt;\"><span style=\"font-family: Calibri,sans-serif;\">Para te\u00f1ir las canas una buena opci\u00f3n son los <a style=\"color: #0563c1; text-decoration: underline;\" href=\"https:\/\/www.arenal.com\/marcas\/kerzo\/c\/ABB\">geles-cremas colorantes de Kerzo<\/a>. Los hay para todo tipo de tonos de cabello y es muy f\u00e1cil de aplicar gracias a su dosificador. En solo cinco minutos las canas desaparecen consiguiendo un resultado muy natural. \u00a1Y dura hasta 6 semanas!<\/span><\/span><\/p>\n<p style=\"margin-left: 0cm; margin-right: 0cm; text-align: justify;\"><span style=\"font-size: 11pt;\"><span style=\"font-family: Calibri,sans-serif;\">Just for Men tambi\u00e9n tiene una l\u00ednea de coloraci\u00f3n con queratina y vitamina E que, adem\u00e1s, mejora el aspecto del cabello, lo suaviza y lo ayuda a crecer. Este tinte de canas para hombres dura hasta 8 semanas y act\u00faa solo sobre las canas: las cubre totalmente y las armoniza con el color del cabello. <\/span><\/span><\/p>\n<p style=\"margin-left: 0cm; margin-right: 0cm; text-align: justify;\"><span style=\"font-size: 11pt;\"><span style=\"font-family: Calibri,sans-serif;\">Al ser una coloraci\u00f3n en champ\u00fa es tan f\u00e1cil de utilizar que en cinco minutos habr\u00e1s podido te\u00f1ir tus canas. Esta marca tiene tambi\u00e9n una coloraci\u00f3n en gel para eliminar las canas de bigote y barba. Solo hace efecto sobre las canas, por lo que el resultado es muy natural.<\/span><\/span><\/p>\n<h2 style=\"margin-left: 0cm; margin-right: 0cm; text-align: justify;\"><span class=\"ez-toc-section\" id=\"Como_tenir_las_canas\"><\/span><span style=\"font-size: 11pt;\"><span style=\"font-family: Calibri,sans-serif;\"><strong>C\u00f3mo te\u00f1ir las canas<\/strong><\/span><\/span><span class=\"ez-toc-section-end\"><\/span><\/h2>\n<p style=\"margin-left: 0cm; margin-right: 0cm; text-align: justify;\"><span style=\"font-size: 11pt;\"><span style=\"font-family: Calibri,sans-serif;\">Hay otros productos que quiz\u00e1 puedan servirte si tienes dudas sobre si utilizar o no un tinte para canas de hombre. Suelen ser utilizados por mujeres, pero no hay ning\u00fan motivo por el que los hombres no puedan te\u00f1ir sus canas con ellos. Hablamos de los spray Stop Ra\u00edces de Farmatint y los cepillos cubrecanas Magic Retouch de L\u00b4Or\u00e9al Paris.<\/span><\/span><\/p>\n<p style=\"margin-left: 0cm; margin-right: 0cm; text-align: justify;\"><span style=\"font-size: 11pt;\"><span style=\"font-family: Calibri,sans-serif;\">\u00bfC\u00f3mo te\u00f1ir las canas? Con los primeros solo tienes que agitar el producto, vaporizarlo a unos 15 cent\u00edmetros de las ra\u00edces y dejarlo secar unos 15 minutos. Puedes utilizar un peine para distribuir el spray y unificar el color. Los cepillos de L\u00b4Or\u00e9al, por su parte, son instant\u00e1neos y te pueden ir bien si no tienes muchas canas o quieres probar antes decantarte por algo m\u00e1s definitivo, ya que con el lavado desaparece.<\/span><\/span><\/p>\n<p style=\"margin-left: 0cm; margin-right: 0cm; text-align: justify;\"><span style=\"font-size: 11pt;\"><span style=\"font-family: Calibri,sans-serif;\">\u00bfQu\u00e9 te han parecido nuestros consejos? \u00bfTe animas a disimular o te\u00f1ir tus canas?<\/span><\/span><\/p>\n<p style=\"margin-left: 0cm; margin-right: 0cm;\">\u00a0<\/p>\n\n\n<p><\/p>\n","protected":false},"excerpt":{"rendered":"<p>\u00abNo es tan com\u00fan que los hombres cubran sus canas pero, \u00bfpor qu\u00e9 no?. Te contamos c\u00f3mo cubrirlas con diferentes opciones y productos. \u00a1Pruebalo!\t\u00ab<\/p>\n","protected":false},"author":1,"featured_media":1461,"comment_status":"open","ping_status":"open","sticky":false,"template":"","format":"standard","meta":{"footnotes":""},"categories":[234],"tags":[],"class_list":["post-1056","post","type-post","status-publish","format-standard","has-post-thumbnail","hentry","category-cuidado-del-cabello"],"featured_image_src":"https:\/\/www.arenal.com\/blog\/wp-content\/uploads\/2022\/01\/8954868498462.jpeg","author_info":{"display_name":"hiberus","author_link":"https:\/\/www.arenal.com\/blog\/author\/hiberus"},"yoast_head":"<!-- This site is optimized with the Yoast SEO plugin v27.4 - https:\/\/yoast.com\/product\/yoast-seo-wordpress\/ -->\n<title>C\u00f3mo disimular las canas en hombre - Blog de Arenal<\/title>\n<meta name=\"description\" content=\"&quot;No es tan com\u00fan que los hombres cubran sus canas pero, \u00bfpor qu\u00e9 no?. Te contamos c\u00f3mo cubrirlas con diferentes opciones y productos. \u00a1Pruebalo! &quot;\" \/>\n<meta name=\"robots\" content=\"index, follow, max-snippet:-1, max-image-preview:large, max-video-preview:-1\" \/>\n<link rel=\"canonical\" href=\"https:\/\/www.arenal.com\/blog\/canas-en-hombre\" \/>\n<meta property=\"og:locale\" content=\"es_ES\" \/>\n<meta property=\"og:type\" content=\"article\" \/>\n<meta property=\"og:title\" content=\"C\u00f3mo disimular las canas en hombre - Blog de Arenal\" \/>\n<meta property=\"og:description\" content=\"&quot;No es tan com\u00fan que los hombres cubran sus canas pero, \u00bfpor qu\u00e9 no?. Te contamos c\u00f3mo cubrirlas con diferentes opciones y productos. \u00a1Pruebalo! &quot;\" \/>\n<meta property=\"og:url\" content=\"https:\/\/www.arenal.com\/blog\/canas-en-hombre\" \/>\n<meta property=\"og:site_name\" content=\"Blog de Arenal\" \/>\n<meta property=\"article:published_time\" content=\"2020-10-27T16:10:05+00:00\" \/>\n<meta property=\"article:modified_time\" content=\"2025-02-11T08:47:16+00:00\" \/>\n<meta property=\"og:image\" content=\"https:\/\/www.arenal.com\/blog\/wp-content\/uploads\/2022\/01\/8954868498462.jpeg\" \/>\n\t<meta property=\"og:image:width\" content=\"1140\" \/>\n\t<meta property=\"og:image:height\" content=\"342\" \/>\n\t<meta property=\"og:image:type\" content=\"image\/jpeg\" \/>\n<meta name=\"author\" content=\"hiberus\" \/>\n<meta name=\"twitter:card\" content=\"summary_large_image\" \/>\n<meta name=\"twitter:title\" content=\"C\u00f3mo disimular las canas en hombre - Blog de Arenal\" \/>\n<meta name=\"twitter:label1\" content=\"Escrito por\" \/>\n\t<meta name=\"twitter:data1\" content=\"hiberus\" \/>\n\t<meta name=\"twitter:label2\" content=\"Tiempo de lectura\" \/>\n\t<meta name=\"twitter:data2\" content=\"3 minutos\" \/>\n<script type=\"application\/ld+json\" class=\"yoast-schema-graph\">{\"@context\":\"https:\\\/\\\/schema.org\",\"@graph\":[{\"@type\":\"Article\",\"@id\":\"https:\\\/\\\/www.arenal.com\\\/blog\\\/canas-en-hombre#article\",\"isPartOf\":{\"@id\":\"https:\\\/\\\/www.arenal.com\\\/blog\\\/canas-en-hombre\"},\"author\":{\"name\":\"hiberus\",\"@id\":\"https:\\\/\\\/www.arenal.com\\\/blog\\\/#\\\/schema\\\/person\\\/5b0f9900f2fb7a87b0b8c40b98a29e31\"},\"headline\":\"Canas en hombre\",\"datePublished\":\"2020-10-27T16:10:05+00:00\",\"dateModified\":\"2025-02-11T08:47:16+00:00\",\"mainEntityOfPage\":{\"@id\":\"https:\\\/\\\/www.arenal.com\\\/blog\\\/canas-en-hombre\"},\"wordCount\":656,\"commentCount\":0,\"image\":{\"@id\":\"https:\\\/\\\/www.arenal.com\\\/blog\\\/canas-en-hombre#primaryimage\"},\"thumbnailUrl\":\"https:\\\/\\\/www.arenal.com\\\/blog\\\/wp-content\\\/uploads\\\/2022\\\/01\\\/8954868498462.jpeg\",\"articleSection\":[\"Cuidado del cabello\"],\"inLanguage\":\"es\",\"potentialAction\":[{\"@type\":\"CommentAction\",\"name\":\"Comment\",\"target\":[\"https:\\\/\\\/www.arenal.com\\\/blog\\\/canas-en-hombre#respond\"]}]},{\"@type\":\"WebPage\",\"@id\":\"https:\\\/\\\/www.arenal.com\\\/blog\\\/canas-en-hombre\",\"url\":\"https:\\\/\\\/www.arenal.com\\\/blog\\\/canas-en-hombre\",\"name\":\"C\u00f3mo disimular las canas en hombre - Blog de Arenal\",\"isPartOf\":{\"@id\":\"https:\\\/\\\/www.arenal.com\\\/blog\\\/#website\"},\"primaryImageOfPage\":{\"@id\":\"https:\\\/\\\/www.arenal.com\\\/blog\\\/canas-en-hombre#primaryimage\"},\"image\":{\"@id\":\"https:\\\/\\\/www.arenal.com\\\/blog\\\/canas-en-hombre#primaryimage\"},\"thumbnailUrl\":\"https:\\\/\\\/www.arenal.com\\\/blog\\\/wp-content\\\/uploads\\\/2022\\\/01\\\/8954868498462.jpeg\",\"datePublished\":\"2020-10-27T16:10:05+00:00\",\"dateModified\":\"2025-02-11T08:47:16+00:00\",\"author\":{\"@id\":\"https:\\\/\\\/www.arenal.com\\\/blog\\\/#\\\/schema\\\/person\\\/5b0f9900f2fb7a87b0b8c40b98a29e31\"},\"description\":\"\\\"No es tan com\u00fan que los hombres cubran sus canas pero, \u00bfpor qu\u00e9 no?. Te contamos c\u00f3mo cubrirlas con diferentes opciones y productos. \u00a1Pruebalo! \\\"\",\"breadcrumb\":{\"@id\":\"https:\\\/\\\/www.arenal.com\\\/blog\\\/canas-en-hombre#breadcrumb\"},\"inLanguage\":\"es\",\"potentialAction\":[{\"@type\":\"ReadAction\",\"target\":[\"https:\\\/\\\/www.arenal.com\\\/blog\\\/canas-en-hombre\"]}]},{\"@type\":\"ImageObject\",\"inLanguage\":\"es\",\"@id\":\"https:\\\/\\\/www.arenal.com\\\/blog\\\/canas-en-hombre#primaryimage\",\"url\":\"https:\\\/\\\/www.arenal.com\\\/blog\\\/wp-content\\\/uploads\\\/2022\\\/01\\\/8954868498462.jpeg\",\"contentUrl\":\"https:\\\/\\\/www.arenal.com\\\/blog\\\/wp-content\\\/uploads\\\/2022\\\/01\\\/8954868498462.jpeg\",\"width\":1140,\"height\":342,\"caption\":\"canas en hombre\"},{\"@type\":\"BreadcrumbList\",\"@id\":\"https:\\\/\\\/www.arenal.com\\\/blog\\\/canas-en-hombre#breadcrumb\",\"itemListElement\":[{\"@type\":\"ListItem\",\"position\":1,\"name\":\"Cuidado del cabello\",\"item\":\"https:\\\/\\\/www.arenal.com\\\/blog\\\/cuidado-del-cabello\"},{\"@type\":\"ListItem\",\"position\":2,\"name\":\"Canas en hombre\"}]},{\"@type\":\"WebSite\",\"@id\":\"https:\\\/\\\/www.arenal.com\\\/blog\\\/#website\",\"url\":\"https:\\\/\\\/www.arenal.com\\\/blog\\\/\",\"name\":\"Blog de Arenal\",\"description\":\"\",\"potentialAction\":[{\"@type\":\"SearchAction\",\"target\":{\"@type\":\"EntryPoint\",\"urlTemplate\":\"https:\\\/\\\/www.arenal.com\\\/blog\\\/?s={search_term_string}\"},\"query-input\":{\"@type\":\"PropertyValueSpecification\",\"valueRequired\":true,\"valueName\":\"search_term_string\"}}],\"inLanguage\":\"es\"},{\"@type\":\"Person\",\"@id\":\"https:\\\/\\\/www.arenal.com\\\/blog\\\/#\\\/schema\\\/person\\\/5b0f9900f2fb7a87b0b8c40b98a29e31\",\"name\":\"hiberus\",\"image\":{\"@type\":\"ImageObject\",\"inLanguage\":\"es\",\"@id\":\"https:\\\/\\\/secure.gravatar.com\\\/avatar\\\/a0b97b568facc7d687254dae39c5cfb79af095aebc91173945f2a50629c9fe1a?s=96&d=mm&r=g\",\"url\":\"https:\\\/\\\/secure.gravatar.com\\\/avatar\\\/a0b97b568facc7d687254dae39c5cfb79af095aebc91173945f2a50629c9fe1a?s=96&d=mm&r=g\",\"contentUrl\":\"https:\\\/\\\/secure.gravatar.com\\\/avatar\\\/a0b97b568facc7d687254dae39c5cfb79af095aebc91173945f2a50629c9fe1a?s=96&d=mm&r=g\",\"caption\":\"hiberus\"},\"sameAs\":[\"https:\\\/\\\/www.arenal.com\"],\"url\":\"https:\\\/\\\/www.arenal.com\\\/blog\\\/author\\\/hiberus\"}]}<\/script>\n<!-- \/ Yoast SEO plugin. -->","yoast_head_json":{"title":"C\u00f3mo disimular las canas en hombre - Blog de Arenal","description":"\"No es tan com\u00fan que los hombres cubran sus canas pero, \u00bfpor qu\u00e9 no?. Te contamos c\u00f3mo cubrirlas con diferentes opciones y productos. \u00a1Pruebalo! \"","robots":{"index":"index","follow":"follow","max-snippet":"max-snippet:-1","max-image-preview":"max-image-preview:large","max-video-preview":"max-video-preview:-1"},"canonical":"https:\/\/www.arenal.com\/blog\/canas-en-hombre","og_locale":"es_ES","og_type":"article","og_title":"C\u00f3mo disimular las canas en hombre - Blog de Arenal","og_description":"\"No es tan com\u00fan que los hombres cubran sus canas pero, \u00bfpor qu\u00e9 no?. Te contamos c\u00f3mo cubrirlas con diferentes opciones y productos. \u00a1Pruebalo! \"","og_url":"https:\/\/www.arenal.com\/blog\/canas-en-hombre","og_site_name":"Blog de Arenal","article_published_time":"2020-10-27T16:10:05+00:00","article_modified_time":"2025-02-11T08:47:16+00:00","og_image":[{"width":1140,"height":342,"url":"https:\/\/www.arenal.com\/blog\/wp-content\/uploads\/2022\/01\/8954868498462.jpeg","type":"image\/jpeg"}],"author":"hiberus","twitter_card":"summary_large_image","twitter_title":"C\u00f3mo disimular las canas en hombre - Blog de Arenal","twitter_misc":{"Escrito por":"hiberus","Tiempo de lectura":"3 minutos"},"schema":{"@context":"https:\/\/schema.org","@graph":[{"@type":"Article","@id":"https:\/\/www.arenal.com\/blog\/canas-en-hombre#article","isPartOf":{"@id":"https:\/\/www.arenal.com\/blog\/canas-en-hombre"},"author":{"name":"hiberus","@id":"https:\/\/www.arenal.com\/blog\/#\/schema\/person\/5b0f9900f2fb7a87b0b8c40b98a29e31"},"headline":"Canas en hombre","datePublished":"2020-10-27T16:10:05+00:00","dateModified":"2025-02-11T08:47:16+00:00","mainEntityOfPage":{"@id":"https:\/\/www.arenal.com\/blog\/canas-en-hombre"},"wordCount":656,"commentCount":0,"image":{"@id":"https:\/\/www.arenal.com\/blog\/canas-en-hombre#primaryimage"},"thumbnailUrl":"https:\/\/www.arenal.com\/blog\/wp-content\/uploads\/2022\/01\/8954868498462.jpeg","articleSection":["Cuidado del cabello"],"inLanguage":"es","potentialAction":[{"@type":"CommentAction","name":"Comment","target":["https:\/\/www.arenal.com\/blog\/canas-en-hombre#respond"]}]},{"@type":"WebPage","@id":"https:\/\/www.arenal.com\/blog\/canas-en-hombre","url":"https:\/\/www.arenal.com\/blog\/canas-en-hombre","name":"C\u00f3mo disimular las canas en hombre - Blog de Arenal","isPartOf":{"@id":"https:\/\/www.arenal.com\/blog\/#website"},"primaryImageOfPage":{"@id":"https:\/\/www.arenal.com\/blog\/canas-en-hombre#primaryimage"},"image":{"@id":"https:\/\/www.arenal.com\/blog\/canas-en-hombre#primaryimage"},"thumbnailUrl":"https:\/\/www.arenal.com\/blog\/wp-content\/uploads\/2022\/01\/8954868498462.jpeg","datePublished":"2020-10-27T16:10:05+00:00","dateModified":"2025-02-11T08:47:16+00:00","author":{"@id":"https:\/\/www.arenal.com\/blog\/#\/schema\/person\/5b0f9900f2fb7a87b0b8c40b98a29e31"},"description":"\"No es tan com\u00fan que los hombres cubran sus canas pero, \u00bfpor qu\u00e9 no?. Te contamos c\u00f3mo cubrirlas con diferentes opciones y productos. \u00a1Pruebalo! \"","breadcrumb":{"@id":"https:\/\/www.arenal.com\/blog\/canas-en-hombre#breadcrumb"},"inLanguage":"es","potentialAction":[{"@type":"ReadAction","target":["https:\/\/www.arenal.com\/blog\/canas-en-hombre"]}]},{"@type":"ImageObject","inLanguage":"es","@id":"https:\/\/www.arenal.com\/blog\/canas-en-hombre#primaryimage","url":"https:\/\/www.arenal.com\/blog\/wp-content\/uploads\/2022\/01\/8954868498462.jpeg","contentUrl":"https:\/\/www.arenal.com\/blog\/wp-content\/uploads\/2022\/01\/8954868498462.jpeg","width":1140,"height":342,"caption":"canas en hombre"},{"@type":"BreadcrumbList","@id":"https:\/\/www.arenal.com\/blog\/canas-en-hombre#breadcrumb","itemListElement":[{"@type":"ListItem","position":1,"name":"Cuidado del cabello","item":"https:\/\/www.arenal.com\/blog\/cuidado-del-cabello"},{"@type":"ListItem","position":2,"name":"Canas en hombre"}]},{"@type":"WebSite","@id":"https:\/\/www.arenal.com\/blog\/#website","url":"https:\/\/www.arenal.com\/blog\/","name":"Blog de Arenal","description":"","potentialAction":[{"@type":"SearchAction","target":{"@type":"EntryPoint","urlTemplate":"https:\/\/www.arenal.com\/blog\/?s={search_term_string}"},"query-input":{"@type":"PropertyValueSpecification","valueRequired":true,"valueName":"search_term_string"}}],"inLanguage":"es"},{"@type":"Person","@id":"https:\/\/www.arenal.com\/blog\/#\/schema\/person\/5b0f9900f2fb7a87b0b8c40b98a29e31","name":"hiberus","image":{"@type":"ImageObject","inLanguage":"es","@id":"https:\/\/secure.gravatar.com\/avatar\/a0b97b568facc7d687254dae39c5cfb79af095aebc91173945f2a50629c9fe1a?s=96&d=mm&r=g","url":"https:\/\/secure.gravatar.com\/avatar\/a0b97b568facc7d687254dae39c5cfb79af095aebc91173945f2a50629c9fe1a?s=96&d=mm&r=g","contentUrl":"https:\/\/secure.gravatar.com\/avatar\/a0b97b568facc7d687254dae39c5cfb79af095aebc91173945f2a50629c9fe1a?s=96&d=mm&r=g","caption":"hiberus"},"sameAs":["https:\/\/www.arenal.com"],"url":"https:\/\/www.arenal.com\/blog\/author\/hiberus"}]}},"_links":{"self":[{"href":"https:\/\/www.arenal.com\/blog\/wp-json\/wp\/v2\/posts\/1056","targetHints":{"allow":["GET"]}}],"collection":[{"href":"https:\/\/www.arenal.com\/blog\/wp-json\/wp\/v2\/posts"}],"about":[{"href":"https:\/\/www.arenal.com\/blog\/wp-json\/wp\/v2\/types\/post"}],"author":[{"embeddable":true,"href":"https:\/\/www.arenal.com\/blog\/wp-json\/wp\/v2\/users\/1"}],"replies":[{"embeddable":true,"href":"https:\/\/www.arenal.com\/blog\/wp-json\/wp\/v2\/comments?post=1056"}],"version-history":[{"count":8,"href":"https:\/\/www.arenal.com\/blog\/wp-json\/wp\/v2\/posts\/1056\/revisions"}],"predecessor-version":[{"id":7019,"href":"https:\/\/www.arenal.com\/blog\/wp-json\/wp\/v2\/posts\/1056\/revisions\/7019"}],"wp:featuredmedia":[{"embeddable":true,"href":"https:\/\/www.arenal.com\/blog\/wp-json\/wp\/v2\/media\/1461"}],"wp:attachment":[{"href":"https:\/\/www.arenal.com\/blog\/wp-json\/wp\/v2\/media?parent=1056"}],"wp:term":[{"taxonomy":"category","embeddable":true,"href":"https:\/\/www.arenal.com\/blog\/wp-json\/wp\/v2\/categories?post=1056"},{"taxonomy":"post_tag","embeddable":true,"href":"https:\/\/www.arenal.com\/blog\/wp-json\/wp\/v2\/tags?post=1056"}],"curies":[{"name":"wp","href":"https:\/\/api.w.org\/{rel}","templated":true}]}}