{"id":1053,"date":"2020-10-19T16:18:43","date_gmt":"2020-10-19T15:18:43","guid":{"rendered":"https:\/\/www.arenal.com\/aceite-seco-que-es\/"},"modified":"2024-08-23T08:52:05","modified_gmt":"2024-08-23T07:52:05","slug":"aceite-seco-que-es","status":"publish","type":"post","link":"https:\/\/www.arenal.com\/blog\/aceite-seco-que-es","title":{"rendered":"Aceite seco, \u00bfqu\u00e9 es y cu\u00e1l recomendamos?"},"content":{"rendered":"<p style=\"margin-left: 0cm; margin-right: 0cm; text-align: justify;\"><span style=\"font-size: 11pt;\"><span style=\"font-family: Calibri,sans-serif;\">Utilizar un mismo producto para m\u00faltiples funciones y diferentes partes del cuerpo es una gran ventaja para los consumidores. Y si, adem\u00e1s, nos aporta beneficios que otros productos no pueden es inevitable que aumente su \u00e9xito. Eso es lo que ha ocurrido con el aceite seco, uno de los productos de belleza que m\u00e1s gustan actualmente.<\/span><\/span><\/p>\n<p style=\"margin-left: 0cm; margin-right: 0cm; text-align: justify;\"><span style=\"font-size: 11pt;\"><span style=\"font-family: Calibri,sans-serif;\">En este post te lo contamos todo sobre el aceite seco: qu\u00e9 es, c\u00f3mo se utiliza, cu\u00e1les son los mejores aceites del mercado y cu\u00e1l recomendamos especialmente. \u00bfEmpezamos?<\/span><\/span><\/p>\n<h2 style=\"margin-left: 0cm; margin-right: 0cm; text-align: justify;\"><span style=\"font-size: 11pt;\"><span style=\"font-family: Calibri,sans-serif;\"><strong>\u00bfQu\u00e9 es un aceite seco y c\u00f3mo se usa?<\/strong><\/span><\/span><\/h2>\n<p style=\"margin-left: 0cm; margin-right: 0cm; text-align: justify;\"><span style=\"font-size: 11pt;\"><span style=\"font-family: Calibri,sans-serif;\">El aceite seco es un aceite que protege, nutre y repara el rostro, el cuerpo e incluso el cabello. Su f\u00f3rmula hace que no deje una sensaci\u00f3n grasa tras aplicarlo, sino que penetra r\u00e1pidamente en la piel, consiguiendo un acabado satinado. Se trata de un aceite que aporta todos los beneficios de los aceites vegetales, pero con una densidad y textura m\u00e1s ligera y de mejor absorci\u00f3n que no mancha ni deja brillos. Suena bien, \u00bfno?<\/span><\/span><\/p>\n<p style=\"margin-left: 0cm; margin-right: 0cm; text-align: justify;\"><span style=\"font-size: 11pt;\"><span style=\"font-family: Calibri,sans-serif;\">Aplicar el aceite seco es muy sencillo y depende del uso que quieras darle. En la cara, apl\u00edcalo mediante movimientos de alisamiento desde el centro hacia el contorno del rostro. Puedes utilizar el aceite para aportar hidrataci\u00f3n o elasticidad y firmeza a la cara o mezclarlo con tu crema de d\u00eda o base de maquillaje para lograr un cutis luminoso y perfecto.<\/span><\/span><\/p>\n<p style=\"margin-left: 0cm; margin-right: 0cm; text-align: justify;\"><span style=\"font-size: 11pt;\"><span style=\"font-family: Calibri,sans-serif;\">Hay aceite seco corporal especialmente indicado para reparar e hidratar las zonas secas del cuerpo. Apl\u00edcalo directamente sobre la piel y masajea con movimientos circulares. En caso de que tu cabello necesite reparaci\u00f3n, suavidad o brillo, tambi\u00e9n recomendamos utilizar el aceite seco. <\/span><\/span><\/p>\n<p style=\"margin-left: 0cm; margin-right: 0cm; text-align: justify;\"><span style=\"font-size: 11pt;\"><span style=\"font-family: Calibri,sans-serif;\">Para obtener un efecto nutritivo intenso, antes de lavar el pelo, utiliza el aceite desde la mitad del cabello hacia las puntas. D\u00e9jalo actuar unos 10 minutos y despu\u00e9s l\u00e1valo normal. Para acabar con el encrespamiento tambi\u00e9n puedes utilizar el aceite como s\u00e9rum tras secarte el cabello y rociar unas gotas de aceite seco en el cepillo antes de utilizarlo para aportar brillo al pelo.<\/span><\/span><\/p>\n<h2 style=\"margin-left: 0cm; margin-right: 0cm; text-align: justify;\"><span style=\"font-size: 11pt;\"><span style=\"font-family: Calibri,sans-serif;\"><strong>Mejores aceites secos del mercado<\/strong><\/span><\/span><\/h2>\n<p style=\"margin-left: 0cm; margin-right: 0cm; text-align: justify;\"><span style=\"font-size: 11pt;\"><span style=\"font-family: Calibri,sans-serif;\">No podemos hablar de estos aceites y no mencionar el aceite seco de Nuxe. El <strong><a href=\"https:\/\/www.arenal.com\/nuxe-prodigieuse-aceite-rostro-cuerpo-y-cabello-spray\/p\/BP00002517\">Aceite Prodigioso de Nuxe<\/a>,<\/strong><span style=\"color: red;\">\u00a0<\/span>es uno de los productos estrella de la marca. Se compone de 6 aceites preciosos y vitamina E que consiguen, adem\u00e1s de nutrir, reparar y suavizar la piel y el pelo, proteger el rostro de agentes contaminantes, reducir estr\u00edas y arrugas y aportar brillo al cabello. Y todo ello con una fragancia a flor de azahar, magnolia y vainilla.<\/span><\/span><\/p>\n<p style=\"margin-left: 0cm; margin-right: 0cm; text-align: justify;\"><span style=\"font-size: 11pt;\"><span style=\"font-family: Calibri,sans-serif;\">Entre los aceites secos preferidos y m\u00e1s vendidos tambi\u00e9n se encuentra <a href=\"https:\/\/www.arenal.com\/marcas\/rene-furterer\/c\/BVK\"><strong>5 Sens, de Rene Furterer<\/strong><\/a>, que hidrata y embellece la piel revelando su suavidad original, al tiempo que nutre, protege y da brillo al cabello. Adem\u00e1s, controla la producci\u00f3n seb\u00e1cea por lo que las pieles grasas tambi\u00e9n pueden utilizarlo.<\/span><\/span><\/p>\n<p style=\"margin-left: 0cm; margin-right: 0cm; text-align: justify;\"><span style=\"font-size: 11pt;\"><span style=\"font-family: Calibri,sans-serif;\">Enriquecido con hierbas nutritivas, el aceite seco <strong>Ayurveda de Rituals<\/strong>, nutre la piel seg\u00fan la tradici\u00f3n ayurveda. Est\u00e1 especialmente indicado para automasajes con los que calmar\u00e1s el sistema nervioso, mitigar\u00e1s el estr\u00e9s y recuperar\u00e1s la energ\u00eda. El <strong><a href=\"https:\/\/www.arenal.com\/nuxe-huile-prodigieuse-aceite-floral-seco-rostro-cuerpo-y-cabello-50-ml\/p\/000000000000093999\">Aceite Seco Hidratante de Nuxe<\/a>\u00a0c<\/strong>ontiene 7 aceites vegetales, as\u00ed como vitaminas E y F que consiguen hidratar, reparar y suavizar la piel e iluminar rostro, cabello y cuerpo.<\/span><\/span><\/p>\n<p style=\"margin-left: 0cm; margin-right: 0cm; text-align: justify;\"><span style=\"font-size: 11pt;\"><span style=\"font-family: Calibri,sans-serif;\"><strong>Sublime Oil, de Sesderma,<\/strong> es un aceite multifunci\u00f3n que hidrata, regenera y nutre cualquier tipo de piel dejando un resultado seco, sin manchas ni brillos.\u00a0<\/span><\/span><\/p>\n<p style=\"margin-left: 0cm; margin-right: 0cm; text-align: justify;\"><span style=\"font-size: 11pt;\"><span style=\"font-family: Calibri,sans-serif;\">Estos son los mejores aceites secos del mercado y puedes encontrarlos en Arenal. \u00bfHas utilizado alguno de ellos? \u00bfA qu\u00e9 esperas para elegir tu nuevo producto de belleza favorito?<\/span><\/span><\/p>\n<p style=\"margin-left: 0cm; margin-right: 0cm; text-align: justify;\">\n","protected":false},"excerpt":{"rendered":"<p>Los aceites secos son una tendencia, ya que hidratan tanto el cuerpo, como el rostro y el cabello, adem\u00e1s secan super r\u00e1pido por lo que su uso es muy c\u00f3modo.<\/p>\n","protected":false},"author":1,"featured_media":1458,"comment_status":"open","ping_status":"open","sticky":false,"template":"","format":"standard","meta":{"footnotes":""},"categories":[622],"tags":[],"class_list":["post-1053","post","type-post","status-publish","format-standard","has-post-thumbnail","hentry","category-cosmetica-dermocosmetica"],"featured_image_src":"https:\/\/www.arenal.com\/blog\/wp-content\/uploads\/2022\/01\/8954865745950.jpeg","author_info":{"display_name":"hiberus","author_link":"https:\/\/www.arenal.com\/blog\/author\/hiberus"},"yoast_head":"<!-- This site is optimized with the Yoast SEO plugin v27.4 - https:\/\/yoast.com\/product\/yoast-seo-wordpress\/ -->\n<title>Aceite, \u00bfqu\u00e9 es y cu\u00e1l recomendamos? - Blog de Arenal<\/title>\n<meta name=\"description\" content=\"Los aceites secos son una tendencia, ya que hidratan tanto el cuerpo, como el rostro y el cabello, adem\u00e1s secan super r\u00e1pido por lo que su uso es muy c\u00f3modo.\" \/>\n<meta name=\"robots\" content=\"index, follow, max-snippet:-1, max-image-preview:large, max-video-preview:-1\" \/>\n<link rel=\"canonical\" href=\"https:\/\/www.arenal.com\/blog\/aceite-seco-que-es\" \/>\n<meta property=\"og:locale\" content=\"es_ES\" \/>\n<meta property=\"og:type\" content=\"article\" \/>\n<meta property=\"og:title\" content=\"Aceite, \u00bfqu\u00e9 es y cu\u00e1l recomendamos? - Blog de Arenal\" \/>\n<meta property=\"og:description\" content=\"Los aceites secos son una tendencia, ya que hidratan tanto el cuerpo, como el rostro y el cabello, adem\u00e1s secan super r\u00e1pido por lo que su uso es muy c\u00f3modo.\" \/>\n<meta property=\"og:url\" content=\"https:\/\/www.arenal.com\/blog\/aceite-seco-que-es\" \/>\n<meta property=\"og:site_name\" content=\"Blog de Arenal\" \/>\n<meta property=\"article:published_time\" content=\"2020-10-19T15:18:43+00:00\" \/>\n<meta property=\"article:modified_time\" content=\"2024-08-23T07:52:05+00:00\" \/>\n<meta property=\"og:image\" content=\"https:\/\/www.arenal.com\/blog\/wp-content\/uploads\/2022\/01\/8954865745950.jpeg\" \/>\n\t<meta property=\"og:image:width\" content=\"1140\" \/>\n\t<meta property=\"og:image:height\" content=\"342\" \/>\n\t<meta property=\"og:image:type\" content=\"image\/jpeg\" \/>\n<meta name=\"author\" content=\"hiberus\" \/>\n<meta name=\"twitter:card\" content=\"summary_large_image\" \/>\n<meta name=\"twitter:title\" content=\"Aceite, \u00bfqu\u00e9 es y cu\u00e1l recomendamos? - Blog de Arenal\" \/>\n<meta name=\"twitter:label1\" content=\"Escrito por\" \/>\n\t<meta name=\"twitter:data1\" content=\"hiberus\" \/>\n\t<meta name=\"twitter:label2\" content=\"Tiempo de lectura\" \/>\n\t<meta name=\"twitter:data2\" content=\"3 minutos\" \/>\n<script type=\"application\/ld+json\" class=\"yoast-schema-graph\">{\"@context\":\"https:\\\/\\\/schema.org\",\"@graph\":[{\"@type\":\"Article\",\"@id\":\"https:\\\/\\\/www.arenal.com\\\/blog\\\/aceite-seco-que-es#article\",\"isPartOf\":{\"@id\":\"https:\\\/\\\/www.arenal.com\\\/blog\\\/aceite-seco-que-es\"},\"author\":{\"name\":\"hiberus\",\"@id\":\"https:\\\/\\\/www.arenal.com\\\/blog\\\/#\\\/schema\\\/person\\\/5b0f9900f2fb7a87b0b8c40b98a29e31\"},\"headline\":\"Aceite seco, \u00bfqu\u00e9 es y cu\u00e1l recomendamos?\",\"datePublished\":\"2020-10-19T15:18:43+00:00\",\"dateModified\":\"2024-08-23T07:52:05+00:00\",\"mainEntityOfPage\":{\"@id\":\"https:\\\/\\\/www.arenal.com\\\/blog\\\/aceite-seco-que-es\"},\"wordCount\":634,\"commentCount\":0,\"image\":{\"@id\":\"https:\\\/\\\/www.arenal.com\\\/blog\\\/aceite-seco-que-es#primaryimage\"},\"thumbnailUrl\":\"https:\\\/\\\/www.arenal.com\\\/blog\\\/wp-content\\\/uploads\\\/2022\\\/01\\\/8954865745950.jpeg\",\"articleSection\":[\"Cosm\u00e9tica\"],\"inLanguage\":\"es\",\"potentialAction\":[{\"@type\":\"CommentAction\",\"name\":\"Comment\",\"target\":[\"https:\\\/\\\/www.arenal.com\\\/blog\\\/aceite-seco-que-es#respond\"]}]},{\"@type\":\"WebPage\",\"@id\":\"https:\\\/\\\/www.arenal.com\\\/blog\\\/aceite-seco-que-es\",\"url\":\"https:\\\/\\\/www.arenal.com\\\/blog\\\/aceite-seco-que-es\",\"name\":\"Aceite, \u00bfqu\u00e9 es y cu\u00e1l recomendamos? - Blog de Arenal\",\"isPartOf\":{\"@id\":\"https:\\\/\\\/www.arenal.com\\\/blog\\\/#website\"},\"primaryImageOfPage\":{\"@id\":\"https:\\\/\\\/www.arenal.com\\\/blog\\\/aceite-seco-que-es#primaryimage\"},\"image\":{\"@id\":\"https:\\\/\\\/www.arenal.com\\\/blog\\\/aceite-seco-que-es#primaryimage\"},\"thumbnailUrl\":\"https:\\\/\\\/www.arenal.com\\\/blog\\\/wp-content\\\/uploads\\\/2022\\\/01\\\/8954865745950.jpeg\",\"datePublished\":\"2020-10-19T15:18:43+00:00\",\"dateModified\":\"2024-08-23T07:52:05+00:00\",\"author\":{\"@id\":\"https:\\\/\\\/www.arenal.com\\\/blog\\\/#\\\/schema\\\/person\\\/5b0f9900f2fb7a87b0b8c40b98a29e31\"},\"description\":\"Los aceites secos son una tendencia, ya que hidratan tanto el cuerpo, como el rostro y el cabello, adem\u00e1s secan super r\u00e1pido por lo que su uso es muy c\u00f3modo.\",\"inLanguage\":\"es\",\"potentialAction\":[{\"@type\":\"ReadAction\",\"target\":[\"https:\\\/\\\/www.arenal.com\\\/blog\\\/aceite-seco-que-es\"]}]},{\"@type\":\"ImageObject\",\"inLanguage\":\"es\",\"@id\":\"https:\\\/\\\/www.arenal.com\\\/blog\\\/aceite-seco-que-es#primaryimage\",\"url\":\"https:\\\/\\\/www.arenal.com\\\/blog\\\/wp-content\\\/uploads\\\/2022\\\/01\\\/8954865745950.jpeg\",\"contentUrl\":\"https:\\\/\\\/www.arenal.com\\\/blog\\\/wp-content\\\/uploads\\\/2022\\\/01\\\/8954865745950.jpeg\",\"width\":1140,\"height\":342,\"caption\":\"Aceite seco\"},{\"@type\":\"WebSite\",\"@id\":\"https:\\\/\\\/www.arenal.com\\\/blog\\\/#website\",\"url\":\"https:\\\/\\\/www.arenal.com\\\/blog\\\/\",\"name\":\"Blog de Arenal\",\"description\":\"\",\"potentialAction\":[{\"@type\":\"SearchAction\",\"target\":{\"@type\":\"EntryPoint\",\"urlTemplate\":\"https:\\\/\\\/www.arenal.com\\\/blog\\\/?s={search_term_string}\"},\"query-input\":{\"@type\":\"PropertyValueSpecification\",\"valueRequired\":true,\"valueName\":\"search_term_string\"}}],\"inLanguage\":\"es\"},{\"@type\":\"Person\",\"@id\":\"https:\\\/\\\/www.arenal.com\\\/blog\\\/#\\\/schema\\\/person\\\/5b0f9900f2fb7a87b0b8c40b98a29e31\",\"name\":\"hiberus\",\"image\":{\"@type\":\"ImageObject\",\"inLanguage\":\"es\",\"@id\":\"https:\\\/\\\/secure.gravatar.com\\\/avatar\\\/a0b97b568facc7d687254dae39c5cfb79af095aebc91173945f2a50629c9fe1a?s=96&d=mm&r=g\",\"url\":\"https:\\\/\\\/secure.gravatar.com\\\/avatar\\\/a0b97b568facc7d687254dae39c5cfb79af095aebc91173945f2a50629c9fe1a?s=96&d=mm&r=g\",\"contentUrl\":\"https:\\\/\\\/secure.gravatar.com\\\/avatar\\\/a0b97b568facc7d687254dae39c5cfb79af095aebc91173945f2a50629c9fe1a?s=96&d=mm&r=g\",\"caption\":\"hiberus\"},\"sameAs\":[\"https:\\\/\\\/www.arenal.com\"],\"url\":\"https:\\\/\\\/www.arenal.com\\\/blog\\\/author\\\/hiberus\"}]}<\/script>\n<!-- \/ Yoast SEO plugin. -->","yoast_head_json":{"title":"Aceite, \u00bfqu\u00e9 es y cu\u00e1l recomendamos? - Blog de Arenal","description":"Los aceites secos son una tendencia, ya que hidratan tanto el cuerpo, como el rostro y el cabello, adem\u00e1s secan super r\u00e1pido por lo que su uso es muy c\u00f3modo.","robots":{"index":"index","follow":"follow","max-snippet":"max-snippet:-1","max-image-preview":"max-image-preview:large","max-video-preview":"max-video-preview:-1"},"canonical":"https:\/\/www.arenal.com\/blog\/aceite-seco-que-es","og_locale":"es_ES","og_type":"article","og_title":"Aceite, \u00bfqu\u00e9 es y cu\u00e1l recomendamos? - Blog de Arenal","og_description":"Los aceites secos son una tendencia, ya que hidratan tanto el cuerpo, como el rostro y el cabello, adem\u00e1s secan super r\u00e1pido por lo que su uso es muy c\u00f3modo.","og_url":"https:\/\/www.arenal.com\/blog\/aceite-seco-que-es","og_site_name":"Blog de Arenal","article_published_time":"2020-10-19T15:18:43+00:00","article_modified_time":"2024-08-23T07:52:05+00:00","og_image":[{"width":1140,"height":342,"url":"https:\/\/www.arenal.com\/blog\/wp-content\/uploads\/2022\/01\/8954865745950.jpeg","type":"image\/jpeg"}],"author":"hiberus","twitter_card":"summary_large_image","twitter_title":"Aceite, \u00bfqu\u00e9 es y cu\u00e1l recomendamos? - Blog de Arenal","twitter_misc":{"Escrito por":"hiberus","Tiempo de lectura":"3 minutos"},"schema":{"@context":"https:\/\/schema.org","@graph":[{"@type":"Article","@id":"https:\/\/www.arenal.com\/blog\/aceite-seco-que-es#article","isPartOf":{"@id":"https:\/\/www.arenal.com\/blog\/aceite-seco-que-es"},"author":{"name":"hiberus","@id":"https:\/\/www.arenal.com\/blog\/#\/schema\/person\/5b0f9900f2fb7a87b0b8c40b98a29e31"},"headline":"Aceite seco, \u00bfqu\u00e9 es y cu\u00e1l recomendamos?","datePublished":"2020-10-19T15:18:43+00:00","dateModified":"2024-08-23T07:52:05+00:00","mainEntityOfPage":{"@id":"https:\/\/www.arenal.com\/blog\/aceite-seco-que-es"},"wordCount":634,"commentCount":0,"image":{"@id":"https:\/\/www.arenal.com\/blog\/aceite-seco-que-es#primaryimage"},"thumbnailUrl":"https:\/\/www.arenal.com\/blog\/wp-content\/uploads\/2022\/01\/8954865745950.jpeg","articleSection":["Cosm\u00e9tica"],"inLanguage":"es","potentialAction":[{"@type":"CommentAction","name":"Comment","target":["https:\/\/www.arenal.com\/blog\/aceite-seco-que-es#respond"]}]},{"@type":"WebPage","@id":"https:\/\/www.arenal.com\/blog\/aceite-seco-que-es","url":"https:\/\/www.arenal.com\/blog\/aceite-seco-que-es","name":"Aceite, \u00bfqu\u00e9 es y cu\u00e1l recomendamos? - Blog de Arenal","isPartOf":{"@id":"https:\/\/www.arenal.com\/blog\/#website"},"primaryImageOfPage":{"@id":"https:\/\/www.arenal.com\/blog\/aceite-seco-que-es#primaryimage"},"image":{"@id":"https:\/\/www.arenal.com\/blog\/aceite-seco-que-es#primaryimage"},"thumbnailUrl":"https:\/\/www.arenal.com\/blog\/wp-content\/uploads\/2022\/01\/8954865745950.jpeg","datePublished":"2020-10-19T15:18:43+00:00","dateModified":"2024-08-23T07:52:05+00:00","author":{"@id":"https:\/\/www.arenal.com\/blog\/#\/schema\/person\/5b0f9900f2fb7a87b0b8c40b98a29e31"},"description":"Los aceites secos son una tendencia, ya que hidratan tanto el cuerpo, como el rostro y el cabello, adem\u00e1s secan super r\u00e1pido por lo que su uso es muy c\u00f3modo.","inLanguage":"es","potentialAction":[{"@type":"ReadAction","target":["https:\/\/www.arenal.com\/blog\/aceite-seco-que-es"]}]},{"@type":"ImageObject","inLanguage":"es","@id":"https:\/\/www.arenal.com\/blog\/aceite-seco-que-es#primaryimage","url":"https:\/\/www.arenal.com\/blog\/wp-content\/uploads\/2022\/01\/8954865745950.jpeg","contentUrl":"https:\/\/www.arenal.com\/blog\/wp-content\/uploads\/2022\/01\/8954865745950.jpeg","width":1140,"height":342,"caption":"Aceite seco"},{"@type":"WebSite","@id":"https:\/\/www.arenal.com\/blog\/#website","url":"https:\/\/www.arenal.com\/blog\/","name":"Blog de Arenal","description":"","potentialAction":[{"@type":"SearchAction","target":{"@type":"EntryPoint","urlTemplate":"https:\/\/www.arenal.com\/blog\/?s={search_term_string}"},"query-input":{"@type":"PropertyValueSpecification","valueRequired":true,"valueName":"search_term_string"}}],"inLanguage":"es"},{"@type":"Person","@id":"https:\/\/www.arenal.com\/blog\/#\/schema\/person\/5b0f9900f2fb7a87b0b8c40b98a29e31","name":"hiberus","image":{"@type":"ImageObject","inLanguage":"es","@id":"https:\/\/secure.gravatar.com\/avatar\/a0b97b568facc7d687254dae39c5cfb79af095aebc91173945f2a50629c9fe1a?s=96&d=mm&r=g","url":"https:\/\/secure.gravatar.com\/avatar\/a0b97b568facc7d687254dae39c5cfb79af095aebc91173945f2a50629c9fe1a?s=96&d=mm&r=g","contentUrl":"https:\/\/secure.gravatar.com\/avatar\/a0b97b568facc7d687254dae39c5cfb79af095aebc91173945f2a50629c9fe1a?s=96&d=mm&r=g","caption":"hiberus"},"sameAs":["https:\/\/www.arenal.com"],"url":"https:\/\/www.arenal.com\/blog\/author\/hiberus"}]}},"_links":{"self":[{"href":"https:\/\/www.arenal.com\/blog\/wp-json\/wp\/v2\/posts\/1053","targetHints":{"allow":["GET"]}}],"collection":[{"href":"https:\/\/www.arenal.com\/blog\/wp-json\/wp\/v2\/posts"}],"about":[{"href":"https:\/\/www.arenal.com\/blog\/wp-json\/wp\/v2\/types\/post"}],"author":[{"embeddable":true,"href":"https:\/\/www.arenal.com\/blog\/wp-json\/wp\/v2\/users\/1"}],"replies":[{"embeddable":true,"href":"https:\/\/www.arenal.com\/blog\/wp-json\/wp\/v2\/comments?post=1053"}],"version-history":[{"count":7,"href":"https:\/\/www.arenal.com\/blog\/wp-json\/wp\/v2\/posts\/1053\/revisions"}],"predecessor-version":[{"id":6278,"href":"https:\/\/www.arenal.com\/blog\/wp-json\/wp\/v2\/posts\/1053\/revisions\/6278"}],"wp:featuredmedia":[{"embeddable":true,"href":"https:\/\/www.arenal.com\/blog\/wp-json\/wp\/v2\/media\/1458"}],"wp:attachment":[{"href":"https:\/\/www.arenal.com\/blog\/wp-json\/wp\/v2\/media?parent=1053"}],"wp:term":[{"taxonomy":"category","embeddable":true,"href":"https:\/\/www.arenal.com\/blog\/wp-json\/wp\/v2\/categories?post=1053"},{"taxonomy":"post_tag","embeddable":true,"href":"https:\/\/www.arenal.com\/blog\/wp-json\/wp\/v2\/tags?post=1053"}],"curies":[{"name":"wp","href":"https:\/\/api.w.org\/{rel}","templated":true}]}}