{"id":1043,"date":"2020-09-21T15:35:49","date_gmt":"2020-09-21T14:35:49","guid":{"rendered":"https:\/\/www.arenal.com\/protector-termico-pelo\/"},"modified":"2025-08-28T10:01:03","modified_gmt":"2025-08-28T09:01:03","slug":"protector-termico-pelo","status":"publish","type":"post","link":"https:\/\/www.arenal.com\/blog\/protector-termico-pelo","title":{"rendered":"C\u00f3mo elegir el mejor protector t\u00e9rmico para tu pelo"},"content":{"rendered":"<p style=\"margin-left: 0cm; margin-right: 0cm; text-align: justify;\"><span style=\"font-size: 11pt;\"><span style=\"font-family: Calibri,sans-serif;\">La deshidrataci\u00f3n y rotura del cabello est\u00e1n muy relacionadas con las herramientas que utilizamos sobre \u00e9l. Planchas, secadores, rizadores, tenacillas\u2026 Las altas temperaturas a las que lo sometemos pasan factura, por eso es tan importante protegerlo para evitar esa sequedad y debilidad. \u00bfC\u00f3mo podemos hacer eso? \u00a1Muy f\u00e1cil! Los protectores t\u00e9rmicos son grandes aliados en esta lucha.<\/span><\/span><\/p>\n<h2 style=\"margin-left: 0cm; margin-right: 0cm; text-align: justify;\"><span style=\"font-size: 11pt;\"><span style=\"font-family: Calibri,sans-serif;\"><strong>Eligiendo un protector t\u00e9rmico para tu cabello<\/strong><\/span><\/span><\/h2>\n<p style=\"margin-left: 0cm; margin-right: 0cm; text-align: justify;\"><span style=\"font-size: 11pt;\"><span style=\"font-family: Calibri,sans-serif;\">Lo primero que tienes que saber antes de elegir el mejor producto para tu tipo de cabello es que no es lo mismo un protector t\u00e9rmico que un protector solar para el pelo. El sol, el mar y la piscina tambi\u00e9n provocan muchos da\u00f1os en el cabello durante el verano. Los rayos ultravioleta queman la cut\u00edcula y producen encrespamiento. Y para combatir esos efectos existen los protectores solares.<\/span><\/span><\/p>\n<p style=\"margin-left: 0cm; margin-right: 0cm; text-align: justify;\"><span style=\"font-size: 11pt;\"><span style=\"font-family: Calibri,sans-serif;\">Por su parte, la funci\u00f3n de un protector de calor para el pelo es, como su propio nombre indica, proteger del calor de las herramientas t\u00e9rmicas para evitar que estas afecten a la estructura del cabello. Un protector t\u00e9rmico es como un escudo que reduce el riesgo de rotura y el da\u00f1o que causa el calor. <\/span><\/span><\/p>\n<p style=\"margin-left: 0cm; margin-right: 0cm; text-align: justify;\"><span style=\"font-size: 11pt;\"><span style=\"font-family: Calibri,sans-serif;\">Y es que las altas temperaturas destruyen la queratina, da\u00f1an la cut\u00edcula, deshidratan el pelo, le hacen perder brillo y luminosidad e incluso pueden provocar una mayor ca\u00edda al quebrarlo o quemarlo. As\u00ed que ya sabes\u2026 Antes de secar, alisar o rizar tu cabello la pr\u00f3xima vez, \u00a1compra un protector t\u00e9rmico e incl\u00fayelo en tu rutina!<\/span><\/span><\/p>\n<h2 style=\"margin-left: 0cm; margin-right: 0cm; text-align: justify;\"><span style=\"font-size: 11pt;\"><span style=\"font-family: Calibri,sans-serif;\"><strong>Tipos de protector t\u00e9rmico para el pelo<\/strong><\/span><\/span><\/h2>\n<p style=\"margin-left: 0cm; margin-right: 0cm; text-align: justify;\"><span style=\"font-size: 11pt;\"><span style=\"font-family: Calibri,sans-serif;\">Cualquier protector t\u00e9rmico para el pelo cumple su funci\u00f3n principal: proteger la fibra capilar de las agresiones provocadas por las herramientas t\u00e9rmicas gracias a que contienen prote\u00ednas de trigo, aceites o siliconas, entre otros ingredientes. Dependiendo de su ingrediente principal, tendr\u00e1 unos beneficios u otros seg\u00fan el tipo de cabello.<\/span><\/span><\/p>\n<p style=\"margin-left: 0cm; margin-right: 0cm; text-align: justify;\"><span style=\"font-size: 11pt;\"><span style=\"font-family: Calibri,sans-serif;\">Adem\u00e1s de esa funci\u00f3n principal, su composici\u00f3n puede ofrecerte otras ventajas como mayor hidrataci\u00f3n, fortalecimiento del cabello, un alisado m\u00e1s duradero, un mejor mantenimiento del color o una mejor textura del pelo. Aunque el spray es la manera m\u00e1s frecuente de encontrarlos, hay otros tipos de protector t\u00e9rmico en forma de aceites o cremas. <\/span><\/span><\/p>\n<p style=\"margin-left: 0cm; margin-right: 0cm; text-align: justify;\"><span style=\"font-size: 11pt;\"><span style=\"font-family: Calibri,sans-serif;\">Para cabellos lisos o finos lo mejor ser\u00e1 evitar los aceites y optar por productos a base de agua y en spray. Los rizados y encrespados necesitar\u00e1n protectores t\u00e9rmicos que tambi\u00e9n hidraten; mientras que los te\u00f1idos deben evitar utilizar regularmente planchas o secadores y complementar el protector con champ\u00fas espec\u00edficos y acondicionadores.<\/span><\/span><\/p>\n<p style=\"margin-left: 0cm; margin-right: 0cm; text-align: justify;\"><span style=\"font-size: 11pt;\"><span style=\"font-family: Calibri,sans-serif;\">Si buscas un protector de calor para plancha, una buena opci\u00f3n es el spray Lissea, de Rene Furterer, un alisante que protege la fibra capilar de las agresiones t\u00e9rmicas de la plancha hasta una temperatura de 220\u00ba y optimiza un alisado de larga duraci\u00f3n. Su efecto antihumedad es ideal para cabellos rebeldes, ya que deja el cabello suave y brillante.<\/span><\/span><\/p>\n<p style=\"margin-left: 0cm; margin-right: 0cm; text-align: justify;\"><span style=\"font-size: 11pt;\"><span style=\"font-family: Calibri,sans-serif;\">Otros protectores t\u00e9rmicos como OSIS+, de Schwarzkopf, son perfectos para proteger de la humedad, suavizar el cabello y reducir el encrespamiento. En cambio, si tu preocupaci\u00f3n es el color y el brillo de tu pelo, entonces prueba un producto que contenga queratina, como el <a style=\"color: #0563c1; text-decoration: underline;\" href=\"https:\/\/www.arenal.com\/marcas\/azalea\/c\/AGA\">tratamiento triactivo de Azalea<\/a>.<\/span><\/span><\/p>\n<p style=\"margin-left: 0cm; margin-right: 0cm; text-align: justify;\"><span style=\"font-size: 11pt;\"><span style=\"font-family: Calibri,sans-serif;\">Son muchas las opciones. Para elegir la mejor para ti ten en cuenta tu tipo de cabello, el tipo de protector de calor para el pelo, sus beneficios y algo muy importante: la frecuencia con la que usas las herramientas t\u00e9rmicas. \u00a1Proteger tu cabello es esencial para tener una melena saludable!<\/span><\/span><\/p>\n<p style=\"margin-left: 0cm; margin-right: 0cm;\">\u00a0<\/p>\n\n\n<p><\/p>\n","protected":false},"excerpt":{"rendered":"<p>Secarte el pelo a diario o incluso pasarle la plancha puede resecarte mucho el cabello. \u00bfConoces los protectores t\u00e9rmicos? Son perfectos para estos casos.<\/p>\n","protected":false},"author":1,"featured_media":1448,"comment_status":"open","ping_status":"open","sticky":false,"template":"","format":"standard","meta":{"footnotes":""},"categories":[626,234],"tags":[],"class_list":["post-1043","post","type-post","status-publish","format-standard","has-post-thumbnail","hentry","category-tutoriales","category-cuidado-del-cabello"],"featured_image_src":"https:\/\/www.arenal.com\/blog\/wp-content\/uploads\/2022\/01\/8954855391262.jpeg","author_info":{"display_name":"hiberus","author_link":"https:\/\/www.arenal.com\/blog\/author\/hiberus"},"yoast_head":"<!-- This site is optimized with the Yoast SEO plugin v27.4 - https:\/\/yoast.com\/product\/yoast-seo-wordpress\/ -->\n<title>Protector t\u00e9rmico para el pelo: c\u00f3mo elegirlo - Blog de Arenal<\/title>\n<meta name=\"description\" content=\"Secarte el pelo a diario o incluso pasarle la plancha puede resecarte mucho el cabello. \u00bfConoces los protectores t\u00e9rmicos? Son perfectos para estos casos.\" \/>\n<meta name=\"robots\" content=\"index, follow, max-snippet:-1, max-image-preview:large, max-video-preview:-1\" \/>\n<link rel=\"canonical\" href=\"https:\/\/www.arenal.com\/blog\/protector-termico-pelo\" \/>\n<meta property=\"og:locale\" content=\"es_ES\" \/>\n<meta property=\"og:type\" content=\"article\" \/>\n<meta property=\"og:title\" content=\"Protector t\u00e9rmico para el pelo: c\u00f3mo elegirlo - Blog de Arenal\" \/>\n<meta property=\"og:description\" content=\"Secarte el pelo a diario o incluso pasarle la plancha puede resecarte mucho el cabello. \u00bfConoces los protectores t\u00e9rmicos? Son perfectos para estos casos.\" \/>\n<meta property=\"og:url\" content=\"https:\/\/www.arenal.com\/blog\/protector-termico-pelo\" \/>\n<meta property=\"og:site_name\" content=\"Blog de Arenal\" \/>\n<meta property=\"article:published_time\" content=\"2020-09-21T14:35:49+00:00\" \/>\n<meta property=\"article:modified_time\" content=\"2025-08-28T09:01:03+00:00\" \/>\n<meta property=\"og:image\" content=\"https:\/\/www.arenal.com\/blog\/wp-content\/uploads\/2022\/01\/8954855391262.jpeg\" \/>\n\t<meta property=\"og:image:width\" content=\"1140\" \/>\n\t<meta property=\"og:image:height\" content=\"371\" \/>\n\t<meta property=\"og:image:type\" content=\"image\/jpeg\" \/>\n<meta name=\"author\" content=\"hiberus\" \/>\n<meta name=\"twitter:card\" content=\"summary_large_image\" \/>\n<meta name=\"twitter:title\" content=\"Protector t\u00e9rmico para el pelo: c\u00f3mo elegirlo - Blog de Arenal\" \/>\n<meta name=\"twitter:label1\" content=\"Escrito por\" \/>\n\t<meta name=\"twitter:data1\" content=\"hiberus\" \/>\n\t<meta name=\"twitter:label2\" content=\"Tiempo de lectura\" \/>\n\t<meta name=\"twitter:data2\" content=\"3 minutos\" \/>\n<script type=\"application\/ld+json\" class=\"yoast-schema-graph\">{\"@context\":\"https:\\\/\\\/schema.org\",\"@graph\":[{\"@type\":\"Article\",\"@id\":\"https:\\\/\\\/www.arenal.com\\\/blog\\\/protector-termico-pelo#article\",\"isPartOf\":{\"@id\":\"https:\\\/\\\/www.arenal.com\\\/blog\\\/protector-termico-pelo\"},\"author\":{\"name\":\"hiberus\",\"@id\":\"https:\\\/\\\/www.arenal.com\\\/blog\\\/#\\\/schema\\\/person\\\/5b0f9900f2fb7a87b0b8c40b98a29e31\"},\"headline\":\"C\u00f3mo elegir el mejor protector t\u00e9rmico para tu pelo\",\"datePublished\":\"2020-09-21T14:35:49+00:00\",\"dateModified\":\"2025-08-28T09:01:03+00:00\",\"mainEntityOfPage\":{\"@id\":\"https:\\\/\\\/www.arenal.com\\\/blog\\\/protector-termico-pelo\"},\"wordCount\":621,\"commentCount\":0,\"image\":{\"@id\":\"https:\\\/\\\/www.arenal.com\\\/blog\\\/protector-termico-pelo#primaryimage\"},\"thumbnailUrl\":\"https:\\\/\\\/www.arenal.com\\\/blog\\\/wp-content\\\/uploads\\\/2022\\\/01\\\/8954855391262.jpeg\",\"articleSection\":[\"Tutoriales\",\"Cuidado del cabello\"],\"inLanguage\":\"es\",\"potentialAction\":[{\"@type\":\"CommentAction\",\"name\":\"Comment\",\"target\":[\"https:\\\/\\\/www.arenal.com\\\/blog\\\/protector-termico-pelo#respond\"]}]},{\"@type\":\"WebPage\",\"@id\":\"https:\\\/\\\/www.arenal.com\\\/blog\\\/protector-termico-pelo\",\"url\":\"https:\\\/\\\/www.arenal.com\\\/blog\\\/protector-termico-pelo\",\"name\":\"Protector t\u00e9rmico para el pelo: c\u00f3mo elegirlo - Blog de Arenal\",\"isPartOf\":{\"@id\":\"https:\\\/\\\/www.arenal.com\\\/blog\\\/#website\"},\"primaryImageOfPage\":{\"@id\":\"https:\\\/\\\/www.arenal.com\\\/blog\\\/protector-termico-pelo#primaryimage\"},\"image\":{\"@id\":\"https:\\\/\\\/www.arenal.com\\\/blog\\\/protector-termico-pelo#primaryimage\"},\"thumbnailUrl\":\"https:\\\/\\\/www.arenal.com\\\/blog\\\/wp-content\\\/uploads\\\/2022\\\/01\\\/8954855391262.jpeg\",\"datePublished\":\"2020-09-21T14:35:49+00:00\",\"dateModified\":\"2025-08-28T09:01:03+00:00\",\"author\":{\"@id\":\"https:\\\/\\\/www.arenal.com\\\/blog\\\/#\\\/schema\\\/person\\\/5b0f9900f2fb7a87b0b8c40b98a29e31\"},\"description\":\"Secarte el pelo a diario o incluso pasarle la plancha puede resecarte mucho el cabello. \u00bfConoces los protectores t\u00e9rmicos? Son perfectos para estos casos.\",\"breadcrumb\":{\"@id\":\"https:\\\/\\\/www.arenal.com\\\/blog\\\/protector-termico-pelo#breadcrumb\"},\"inLanguage\":\"es\",\"potentialAction\":[{\"@type\":\"ReadAction\",\"target\":[\"https:\\\/\\\/www.arenal.com\\\/blog\\\/protector-termico-pelo\"]}]},{\"@type\":\"ImageObject\",\"inLanguage\":\"es\",\"@id\":\"https:\\\/\\\/www.arenal.com\\\/blog\\\/protector-termico-pelo#primaryimage\",\"url\":\"https:\\\/\\\/www.arenal.com\\\/blog\\\/wp-content\\\/uploads\\\/2022\\\/01\\\/8954855391262.jpeg\",\"contentUrl\":\"https:\\\/\\\/www.arenal.com\\\/blog\\\/wp-content\\\/uploads\\\/2022\\\/01\\\/8954855391262.jpeg\",\"width\":1140,\"height\":371,\"caption\":\"C\u00f3mo elegir el mejor protector t\u00e9rmico para tu pelo\"},{\"@type\":\"BreadcrumbList\",\"@id\":\"https:\\\/\\\/www.arenal.com\\\/blog\\\/protector-termico-pelo#breadcrumb\",\"itemListElement\":[{\"@type\":\"ListItem\",\"position\":1,\"name\":\"Tutoriales\",\"item\":\"https:\\\/\\\/www.arenal.com\\\/blog\\\/tutoriales\"},{\"@type\":\"ListItem\",\"position\":2,\"name\":\"C\u00f3mo elegir el mejor protector t\u00e9rmico para tu pelo\"}]},{\"@type\":\"WebSite\",\"@id\":\"https:\\\/\\\/www.arenal.com\\\/blog\\\/#website\",\"url\":\"https:\\\/\\\/www.arenal.com\\\/blog\\\/\",\"name\":\"Blog de Arenal\",\"description\":\"\",\"potentialAction\":[{\"@type\":\"SearchAction\",\"target\":{\"@type\":\"EntryPoint\",\"urlTemplate\":\"https:\\\/\\\/www.arenal.com\\\/blog\\\/?s={search_term_string}\"},\"query-input\":{\"@type\":\"PropertyValueSpecification\",\"valueRequired\":true,\"valueName\":\"search_term_string\"}}],\"inLanguage\":\"es\"},{\"@type\":\"Person\",\"@id\":\"https:\\\/\\\/www.arenal.com\\\/blog\\\/#\\\/schema\\\/person\\\/5b0f9900f2fb7a87b0b8c40b98a29e31\",\"name\":\"hiberus\",\"image\":{\"@type\":\"ImageObject\",\"inLanguage\":\"es\",\"@id\":\"https:\\\/\\\/secure.gravatar.com\\\/avatar\\\/a0b97b568facc7d687254dae39c5cfb79af095aebc91173945f2a50629c9fe1a?s=96&d=mm&r=g\",\"url\":\"https:\\\/\\\/secure.gravatar.com\\\/avatar\\\/a0b97b568facc7d687254dae39c5cfb79af095aebc91173945f2a50629c9fe1a?s=96&d=mm&r=g\",\"contentUrl\":\"https:\\\/\\\/secure.gravatar.com\\\/avatar\\\/a0b97b568facc7d687254dae39c5cfb79af095aebc91173945f2a50629c9fe1a?s=96&d=mm&r=g\",\"caption\":\"hiberus\"},\"sameAs\":[\"https:\\\/\\\/www.arenal.com\"],\"url\":\"https:\\\/\\\/www.arenal.com\\\/blog\\\/author\\\/hiberus\"}]}<\/script>\n<!-- \/ Yoast SEO plugin. -->","yoast_head_json":{"title":"Protector t\u00e9rmico para el pelo: c\u00f3mo elegirlo - Blog de Arenal","description":"Secarte el pelo a diario o incluso pasarle la plancha puede resecarte mucho el cabello. \u00bfConoces los protectores t\u00e9rmicos? Son perfectos para estos casos.","robots":{"index":"index","follow":"follow","max-snippet":"max-snippet:-1","max-image-preview":"max-image-preview:large","max-video-preview":"max-video-preview:-1"},"canonical":"https:\/\/www.arenal.com\/blog\/protector-termico-pelo","og_locale":"es_ES","og_type":"article","og_title":"Protector t\u00e9rmico para el pelo: c\u00f3mo elegirlo - Blog de Arenal","og_description":"Secarte el pelo a diario o incluso pasarle la plancha puede resecarte mucho el cabello. \u00bfConoces los protectores t\u00e9rmicos? Son perfectos para estos casos.","og_url":"https:\/\/www.arenal.com\/blog\/protector-termico-pelo","og_site_name":"Blog de Arenal","article_published_time":"2020-09-21T14:35:49+00:00","article_modified_time":"2025-08-28T09:01:03+00:00","og_image":[{"width":1140,"height":371,"url":"https:\/\/www.arenal.com\/blog\/wp-content\/uploads\/2022\/01\/8954855391262.jpeg","type":"image\/jpeg"}],"author":"hiberus","twitter_card":"summary_large_image","twitter_title":"Protector t\u00e9rmico para el pelo: c\u00f3mo elegirlo - Blog de Arenal","twitter_misc":{"Escrito por":"hiberus","Tiempo de lectura":"3 minutos"},"schema":{"@context":"https:\/\/schema.org","@graph":[{"@type":"Article","@id":"https:\/\/www.arenal.com\/blog\/protector-termico-pelo#article","isPartOf":{"@id":"https:\/\/www.arenal.com\/blog\/protector-termico-pelo"},"author":{"name":"hiberus","@id":"https:\/\/www.arenal.com\/blog\/#\/schema\/person\/5b0f9900f2fb7a87b0b8c40b98a29e31"},"headline":"C\u00f3mo elegir el mejor protector t\u00e9rmico para tu pelo","datePublished":"2020-09-21T14:35:49+00:00","dateModified":"2025-08-28T09:01:03+00:00","mainEntityOfPage":{"@id":"https:\/\/www.arenal.com\/blog\/protector-termico-pelo"},"wordCount":621,"commentCount":0,"image":{"@id":"https:\/\/www.arenal.com\/blog\/protector-termico-pelo#primaryimage"},"thumbnailUrl":"https:\/\/www.arenal.com\/blog\/wp-content\/uploads\/2022\/01\/8954855391262.jpeg","articleSection":["Tutoriales","Cuidado del cabello"],"inLanguage":"es","potentialAction":[{"@type":"CommentAction","name":"Comment","target":["https:\/\/www.arenal.com\/blog\/protector-termico-pelo#respond"]}]},{"@type":"WebPage","@id":"https:\/\/www.arenal.com\/blog\/protector-termico-pelo","url":"https:\/\/www.arenal.com\/blog\/protector-termico-pelo","name":"Protector t\u00e9rmico para el pelo: c\u00f3mo elegirlo - Blog de Arenal","isPartOf":{"@id":"https:\/\/www.arenal.com\/blog\/#website"},"primaryImageOfPage":{"@id":"https:\/\/www.arenal.com\/blog\/protector-termico-pelo#primaryimage"},"image":{"@id":"https:\/\/www.arenal.com\/blog\/protector-termico-pelo#primaryimage"},"thumbnailUrl":"https:\/\/www.arenal.com\/blog\/wp-content\/uploads\/2022\/01\/8954855391262.jpeg","datePublished":"2020-09-21T14:35:49+00:00","dateModified":"2025-08-28T09:01:03+00:00","author":{"@id":"https:\/\/www.arenal.com\/blog\/#\/schema\/person\/5b0f9900f2fb7a87b0b8c40b98a29e31"},"description":"Secarte el pelo a diario o incluso pasarle la plancha puede resecarte mucho el cabello. \u00bfConoces los protectores t\u00e9rmicos? Son perfectos para estos casos.","breadcrumb":{"@id":"https:\/\/www.arenal.com\/blog\/protector-termico-pelo#breadcrumb"},"inLanguage":"es","potentialAction":[{"@type":"ReadAction","target":["https:\/\/www.arenal.com\/blog\/protector-termico-pelo"]}]},{"@type":"ImageObject","inLanguage":"es","@id":"https:\/\/www.arenal.com\/blog\/protector-termico-pelo#primaryimage","url":"https:\/\/www.arenal.com\/blog\/wp-content\/uploads\/2022\/01\/8954855391262.jpeg","contentUrl":"https:\/\/www.arenal.com\/blog\/wp-content\/uploads\/2022\/01\/8954855391262.jpeg","width":1140,"height":371,"caption":"C\u00f3mo elegir el mejor protector t\u00e9rmico para tu pelo"},{"@type":"BreadcrumbList","@id":"https:\/\/www.arenal.com\/blog\/protector-termico-pelo#breadcrumb","itemListElement":[{"@type":"ListItem","position":1,"name":"Tutoriales","item":"https:\/\/www.arenal.com\/blog\/tutoriales"},{"@type":"ListItem","position":2,"name":"C\u00f3mo elegir el mejor protector t\u00e9rmico para tu pelo"}]},{"@type":"WebSite","@id":"https:\/\/www.arenal.com\/blog\/#website","url":"https:\/\/www.arenal.com\/blog\/","name":"Blog de Arenal","description":"","potentialAction":[{"@type":"SearchAction","target":{"@type":"EntryPoint","urlTemplate":"https:\/\/www.arenal.com\/blog\/?s={search_term_string}"},"query-input":{"@type":"PropertyValueSpecification","valueRequired":true,"valueName":"search_term_string"}}],"inLanguage":"es"},{"@type":"Person","@id":"https:\/\/www.arenal.com\/blog\/#\/schema\/person\/5b0f9900f2fb7a87b0b8c40b98a29e31","name":"hiberus","image":{"@type":"ImageObject","inLanguage":"es","@id":"https:\/\/secure.gravatar.com\/avatar\/a0b97b568facc7d687254dae39c5cfb79af095aebc91173945f2a50629c9fe1a?s=96&d=mm&r=g","url":"https:\/\/secure.gravatar.com\/avatar\/a0b97b568facc7d687254dae39c5cfb79af095aebc91173945f2a50629c9fe1a?s=96&d=mm&r=g","contentUrl":"https:\/\/secure.gravatar.com\/avatar\/a0b97b568facc7d687254dae39c5cfb79af095aebc91173945f2a50629c9fe1a?s=96&d=mm&r=g","caption":"hiberus"},"sameAs":["https:\/\/www.arenal.com"],"url":"https:\/\/www.arenal.com\/blog\/author\/hiberus"}]}},"_links":{"self":[{"href":"https:\/\/www.arenal.com\/blog\/wp-json\/wp\/v2\/posts\/1043","targetHints":{"allow":["GET"]}}],"collection":[{"href":"https:\/\/www.arenal.com\/blog\/wp-json\/wp\/v2\/posts"}],"about":[{"href":"https:\/\/www.arenal.com\/blog\/wp-json\/wp\/v2\/types\/post"}],"author":[{"embeddable":true,"href":"https:\/\/www.arenal.com\/blog\/wp-json\/wp\/v2\/users\/1"}],"replies":[{"embeddable":true,"href":"https:\/\/www.arenal.com\/blog\/wp-json\/wp\/v2\/comments?post=1043"}],"version-history":[{"count":6,"href":"https:\/\/www.arenal.com\/blog\/wp-json\/wp\/v2\/posts\/1043\/revisions"}],"predecessor-version":[{"id":7879,"href":"https:\/\/www.arenal.com\/blog\/wp-json\/wp\/v2\/posts\/1043\/revisions\/7879"}],"wp:featuredmedia":[{"embeddable":true,"href":"https:\/\/www.arenal.com\/blog\/wp-json\/wp\/v2\/media\/1448"}],"wp:attachment":[{"href":"https:\/\/www.arenal.com\/blog\/wp-json\/wp\/v2\/media?parent=1043"}],"wp:term":[{"taxonomy":"category","embeddable":true,"href":"https:\/\/www.arenal.com\/blog\/wp-json\/wp\/v2\/categories?post=1043"},{"taxonomy":"post_tag","embeddable":true,"href":"https:\/\/www.arenal.com\/blog\/wp-json\/wp\/v2\/tags?post=1043"}],"curies":[{"name":"wp","href":"https:\/\/api.w.org\/{rel}","templated":true}]}}