{"id":1039,"date":"2020-09-09T20:21:25","date_gmt":"2020-09-09T19:21:25","guid":{"rendered":"https:\/\/www.arenal.com\/cremas-para-quemaduras-del-sol\/"},"modified":"2025-08-28T08:17:48","modified_gmt":"2025-08-28T07:17:48","slug":"cremas-para-quemaduras-del-sol","status":"publish","type":"post","link":"https:\/\/www.arenal.com\/blog\/cremas-para-quemaduras-del-sol","title":{"rendered":"Cremas para aliviar las quemaduras solares"},"content":{"rendered":"<p>Un buen consejo para que sepas\u00a0<strong>c\u00f3mo aliviar las quemaduras solares<\/strong>\u00a0es que evites tenerlas. Pero como sabemos que en determinadas ocasiones nos quemamos incluso sin darnos cuenta por no habernos aplicado crema protectora tantas veces como deber\u00edamos, por no extenderla en ciertas zonas o por un descuido, te traemos algunas recomendaciones sobre c\u00f3mo calmar las quemaduras del sol.<\/p>\n<p>Hay zonas mucho m\u00e1s susceptibles que otras a quemaduras solares bien por su posici\u00f3n o porque son m\u00e1s sensibles. Estas son la nariz, la frente, la parte superior del pecho, las mejillas, el contorno de ojos, los labios, los hombros, el cuero cabelludo, el empeine o las orejas. Por eso, adem\u00e1s de usar una crema solar adecuada para tu tipo de piel, es importante que si vas a estar muchas horas bajo el sol lleves ropa o complementos que te protejan.<\/p>\n<p>Lo primero que tienes que saber sobre\u00a0<strong>c\u00f3mo tratar las quemaduras solares<\/strong>\u00a0es que, despu\u00e9s de pasar tanto tiempo al sol, necesitar\u00e1s beber agua para mantenerte hidratada y, por supuesto, no permanecer al sol m\u00e1s tiempo ese d\u00eda ni en los d\u00edas siguientes. Al menos hasta que desaparezcan las quemaduras. Despu\u00e9s, tendr\u00e1s que bajar la temperatura del cuerpo e hidratar la piel.<\/p>\n<h2><strong>C\u00f3mo aliviar las quemaduras solares<\/strong><\/h2>\n<p>Aunque un buen\u00a0<a href=\"https:\/\/www.arenal.com\/cosmetica\/solares\/after-sun\/c\/1_0000000762\">after sun<\/a>\u00a0es muy importante despu\u00e9s de haber estado expuesta al sol para bajar la temperatura de la piel, hidratarla y repararla, si quieres saber c\u00f3mo curar las quemaduras del sol\u2026 \u00a1Atenci\u00f3n a esto! Cuando hay enrojecimiento, picor y dolor al tacto, es decir, cuando hay quemaduras solares podemos utilizar cremas espec\u00edficas para calmar estos s\u00edntomas gracias a sus propiedades antiinflamatorias.<\/p>\n<p>Los signos de quemadura solar suelen aparecer en unas horas, teniendo su punto \u00e1lgido de 6 a 48 horas despu\u00e9s de la exposici\u00f3n a la radiaci\u00f3n ultravioleta (UV). Estas cremas para quemaduras solares est\u00e1n indicadas para aliviar la piel en la fase inicial, cuando esta es muy sentible al tacto. Adem\u00e1s, las que te vamos a proponer a continuaci\u00f3n pueden utilizarlas tanto beb\u00e9s como ni\u00f1os y adultos.<\/p>\n<p>Nuestra primera recomendaci\u00f3n es la emulsi\u00f3n cut\u00e1nea para quemaduras de\u00a0<a href=\"https:\/\/www.arenal.com\/rilastil-neoviderm-emulsion-cutanea-para-quemaduras\/p\/BP00004132\">Rilastil Cumlaude Neoviderm<\/a>, que suaviza, hidrata y protege la piel aportando una sensaci\u00f3n de alivio inmediato y favoreciendo su proceso fisiol\u00f3gico de normalizaci\u00f3n. \u00bfC\u00f3mo usarla? Deber\u00e1s aplicar la crema sobre la zona afectada y dejarla actuar hasta que se absorba completamente. Puedes repetir el proceso varias veces al d\u00eda hasta que la piel se recupere por completo.<\/p>\n<p>Si lo prefieres, tambi\u00e9n las hay en formato spray.\u00a0Flammaspray\u00a0calmante de quemaduras solares es una soluci\u00f3n con oxaceprol, que ayuda a calmar y restablecer el equilibrio normal de la piel, adem\u00e1s de hidratarla y refrescarla. Puedes utilizarla tanto en la cara como en el cuerpo y con ella podr\u00e1s evitar que se pele la piel, as\u00ed como conseguir una mayor duraci\u00f3n de tu bronceado.<\/p>\n<p>Otras f\u00f3rmulas para calmar tu piel y refrescarla despu\u00e9s de la exposici\u00f3n solar pueden ser el aloe vera o el aceite esencial de lavanda para quemaduras leves. Esperamos que no tengas que utilizar estos consejos de emergencia porque te apliques bien el\u00a0<a href=\"https:\/\/www.arenal.com\/cosmetica\/solares\/c\/1_0000000754\">protector solar<\/a>\u00a0y no pases mucho tiempo expuesta a la radiaci\u00f3n ultravioleta. Y no te olvides de la importancia del after sun, \u00a1te hayas quemado o no!<\/p>\n","protected":false},"excerpt":{"rendered":"<p>Pasar el d\u00eda al sol sin proteger lo suficiente la piel puede ocasionar quemaduras solares. Las siguientes cremas te ayudaran a aliviarla en estos casos.<\/p>\n","protected":false},"author":1,"featured_media":1445,"comment_status":"open","ping_status":"open","sticky":false,"template":"","format":"standard","meta":{"footnotes":""},"categories":[632,624,622],"tags":[],"class_list":["post-1039","post","type-post","status-publish","format-standard","has-post-thumbnail","hentry","category-verano-en-arenal-solares","category-salud","category-cosmetica-dermocosmetica"],"featured_image_src":"https:\/\/www.arenal.com\/blog\/wp-content\/uploads\/2022\/01\/8954852048926.jpeg","author_info":{"display_name":"hiberus","author_link":"https:\/\/www.arenal.com\/blog\/author\/hiberus"},"yoast_head":"<!-- This site is optimized with the Yoast SEO plugin v27.4 - https:\/\/yoast.com\/product\/yoast-seo-wordpress\/ -->\n<title>Cremas para las quemaduras del sol| Blog de Arenal<\/title>\n<meta name=\"description\" content=\"Pasar el d\u00eda al sol sin proteger lo suficiente la piel puede ocasionar quemaduras solares. Las siguientes cremas te ayudaran a aliviarla en estos casos.\" \/>\n<meta name=\"robots\" content=\"index, follow, max-snippet:-1, max-image-preview:large, max-video-preview:-1\" \/>\n<link rel=\"canonical\" href=\"https:\/\/www.arenal.com\/blog\/cremas-para-quemaduras-del-sol\" \/>\n<meta property=\"og:locale\" content=\"es_ES\" \/>\n<meta property=\"og:type\" content=\"article\" \/>\n<meta property=\"og:title\" content=\"Cremas para las quemaduras del sol| Blog de Arenal\" \/>\n<meta property=\"og:description\" content=\"Pasar el d\u00eda al sol sin proteger lo suficiente la piel puede ocasionar quemaduras solares. Las siguientes cremas te ayudaran a aliviarla en estos casos.\" \/>\n<meta property=\"og:url\" content=\"https:\/\/www.arenal.com\/blog\/cremas-para-quemaduras-del-sol\" \/>\n<meta property=\"og:site_name\" content=\"Blog de Arenal\" \/>\n<meta property=\"article:published_time\" content=\"2020-09-09T19:21:25+00:00\" \/>\n<meta property=\"article:modified_time\" content=\"2025-08-28T07:17:48+00:00\" \/>\n<meta property=\"og:image\" content=\"https:\/\/www.arenal.com\/blog\/wp-content\/uploads\/2022\/01\/8954852048926.jpeg\" \/>\n\t<meta property=\"og:image:width\" content=\"1140\" \/>\n\t<meta property=\"og:image:height\" content=\"342\" \/>\n\t<meta property=\"og:image:type\" content=\"image\/jpeg\" \/>\n<meta name=\"author\" content=\"hiberus\" \/>\n<meta name=\"twitter:card\" content=\"summary_large_image\" \/>\n<meta name=\"twitter:title\" content=\"Cremas para las quemaduras del sol| Blog de Arenal\" \/>\n<meta name=\"twitter:label1\" content=\"Escrito por\" \/>\n\t<meta name=\"twitter:data1\" content=\"hiberus\" \/>\n\t<meta name=\"twitter:label2\" content=\"Tiempo de lectura\" \/>\n\t<meta name=\"twitter:data2\" content=\"3 minutos\" \/>\n<script type=\"application\/ld+json\" class=\"yoast-schema-graph\">{\"@context\":\"https:\\\/\\\/schema.org\",\"@graph\":[{\"@type\":\"Article\",\"@id\":\"https:\\\/\\\/www.arenal.com\\\/blog\\\/cremas-para-quemaduras-del-sol#article\",\"isPartOf\":{\"@id\":\"https:\\\/\\\/www.arenal.com\\\/blog\\\/cremas-para-quemaduras-del-sol\"},\"author\":{\"name\":\"hiberus\",\"@id\":\"https:\\\/\\\/www.arenal.com\\\/blog\\\/#\\\/schema\\\/person\\\/5b0f9900f2fb7a87b0b8c40b98a29e31\"},\"headline\":\"Cremas para aliviar las quemaduras solares\",\"datePublished\":\"2020-09-09T19:21:25+00:00\",\"dateModified\":\"2025-08-28T07:17:48+00:00\",\"mainEntityOfPage\":{\"@id\":\"https:\\\/\\\/www.arenal.com\\\/blog\\\/cremas-para-quemaduras-del-sol\"},\"wordCount\":590,\"commentCount\":0,\"image\":{\"@id\":\"https:\\\/\\\/www.arenal.com\\\/blog\\\/cremas-para-quemaduras-del-sol#primaryimage\"},\"thumbnailUrl\":\"https:\\\/\\\/www.arenal.com\\\/blog\\\/wp-content\\\/uploads\\\/2022\\\/01\\\/8954852048926.jpeg\",\"articleSection\":[\"\u2600\ufe0f Verano en Arenal \u2600\ufe0f\",\"Salud y cuidado personal\",\"Cosm\u00e9tica\"],\"inLanguage\":\"es\",\"potentialAction\":[{\"@type\":\"CommentAction\",\"name\":\"Comment\",\"target\":[\"https:\\\/\\\/www.arenal.com\\\/blog\\\/cremas-para-quemaduras-del-sol#respond\"]}]},{\"@type\":\"WebPage\",\"@id\":\"https:\\\/\\\/www.arenal.com\\\/blog\\\/cremas-para-quemaduras-del-sol\",\"url\":\"https:\\\/\\\/www.arenal.com\\\/blog\\\/cremas-para-quemaduras-del-sol\",\"name\":\"Cremas para las quemaduras del sol| Blog de Arenal\",\"isPartOf\":{\"@id\":\"https:\\\/\\\/www.arenal.com\\\/blog\\\/#website\"},\"primaryImageOfPage\":{\"@id\":\"https:\\\/\\\/www.arenal.com\\\/blog\\\/cremas-para-quemaduras-del-sol#primaryimage\"},\"image\":{\"@id\":\"https:\\\/\\\/www.arenal.com\\\/blog\\\/cremas-para-quemaduras-del-sol#primaryimage\"},\"thumbnailUrl\":\"https:\\\/\\\/www.arenal.com\\\/blog\\\/wp-content\\\/uploads\\\/2022\\\/01\\\/8954852048926.jpeg\",\"datePublished\":\"2020-09-09T19:21:25+00:00\",\"dateModified\":\"2025-08-28T07:17:48+00:00\",\"author\":{\"@id\":\"https:\\\/\\\/www.arenal.com\\\/blog\\\/#\\\/schema\\\/person\\\/5b0f9900f2fb7a87b0b8c40b98a29e31\"},\"description\":\"Pasar el d\u00eda al sol sin proteger lo suficiente la piel puede ocasionar quemaduras solares. Las siguientes cremas te ayudaran a aliviarla en estos casos.\",\"breadcrumb\":{\"@id\":\"https:\\\/\\\/www.arenal.com\\\/blog\\\/cremas-para-quemaduras-del-sol#breadcrumb\"},\"inLanguage\":\"es\",\"potentialAction\":[{\"@type\":\"ReadAction\",\"target\":[\"https:\\\/\\\/www.arenal.com\\\/blog\\\/cremas-para-quemaduras-del-sol\"]}]},{\"@type\":\"ImageObject\",\"inLanguage\":\"es\",\"@id\":\"https:\\\/\\\/www.arenal.com\\\/blog\\\/cremas-para-quemaduras-del-sol#primaryimage\",\"url\":\"https:\\\/\\\/www.arenal.com\\\/blog\\\/wp-content\\\/uploads\\\/2022\\\/01\\\/8954852048926.jpeg\",\"contentUrl\":\"https:\\\/\\\/www.arenal.com\\\/blog\\\/wp-content\\\/uploads\\\/2022\\\/01\\\/8954852048926.jpeg\",\"width\":1140,\"height\":342,\"caption\":\"Cremas para aliviar las quemaduras solares\"},{\"@type\":\"BreadcrumbList\",\"@id\":\"https:\\\/\\\/www.arenal.com\\\/blog\\\/cremas-para-quemaduras-del-sol#breadcrumb\",\"itemListElement\":[{\"@type\":\"ListItem\",\"position\":1,\"name\":\"\u2600\ufe0f Verano en Arenal \u2600\ufe0f\",\"item\":\"https:\\\/\\\/www.arenal.com\\\/blog\\\/verano-en-arenal-solares\"},{\"@type\":\"ListItem\",\"position\":2,\"name\":\"Cremas para aliviar las quemaduras solares\"}]},{\"@type\":\"WebSite\",\"@id\":\"https:\\\/\\\/www.arenal.com\\\/blog\\\/#website\",\"url\":\"https:\\\/\\\/www.arenal.com\\\/blog\\\/\",\"name\":\"Blog de Arenal\",\"description\":\"\",\"potentialAction\":[{\"@type\":\"SearchAction\",\"target\":{\"@type\":\"EntryPoint\",\"urlTemplate\":\"https:\\\/\\\/www.arenal.com\\\/blog\\\/?s={search_term_string}\"},\"query-input\":{\"@type\":\"PropertyValueSpecification\",\"valueRequired\":true,\"valueName\":\"search_term_string\"}}],\"inLanguage\":\"es\"},{\"@type\":\"Person\",\"@id\":\"https:\\\/\\\/www.arenal.com\\\/blog\\\/#\\\/schema\\\/person\\\/5b0f9900f2fb7a87b0b8c40b98a29e31\",\"name\":\"hiberus\",\"image\":{\"@type\":\"ImageObject\",\"inLanguage\":\"es\",\"@id\":\"https:\\\/\\\/secure.gravatar.com\\\/avatar\\\/a0b97b568facc7d687254dae39c5cfb79af095aebc91173945f2a50629c9fe1a?s=96&d=mm&r=g\",\"url\":\"https:\\\/\\\/secure.gravatar.com\\\/avatar\\\/a0b97b568facc7d687254dae39c5cfb79af095aebc91173945f2a50629c9fe1a?s=96&d=mm&r=g\",\"contentUrl\":\"https:\\\/\\\/secure.gravatar.com\\\/avatar\\\/a0b97b568facc7d687254dae39c5cfb79af095aebc91173945f2a50629c9fe1a?s=96&d=mm&r=g\",\"caption\":\"hiberus\"},\"sameAs\":[\"https:\\\/\\\/www.arenal.com\"],\"url\":\"https:\\\/\\\/www.arenal.com\\\/blog\\\/author\\\/hiberus\"}]}<\/script>\n<!-- \/ Yoast SEO plugin. -->","yoast_head_json":{"title":"Cremas para las quemaduras del sol| Blog de Arenal","description":"Pasar el d\u00eda al sol sin proteger lo suficiente la piel puede ocasionar quemaduras solares. Las siguientes cremas te ayudaran a aliviarla en estos casos.","robots":{"index":"index","follow":"follow","max-snippet":"max-snippet:-1","max-image-preview":"max-image-preview:large","max-video-preview":"max-video-preview:-1"},"canonical":"https:\/\/www.arenal.com\/blog\/cremas-para-quemaduras-del-sol","og_locale":"es_ES","og_type":"article","og_title":"Cremas para las quemaduras del sol| Blog de Arenal","og_description":"Pasar el d\u00eda al sol sin proteger lo suficiente la piel puede ocasionar quemaduras solares. Las siguientes cremas te ayudaran a aliviarla en estos casos.","og_url":"https:\/\/www.arenal.com\/blog\/cremas-para-quemaduras-del-sol","og_site_name":"Blog de Arenal","article_published_time":"2020-09-09T19:21:25+00:00","article_modified_time":"2025-08-28T07:17:48+00:00","og_image":[{"width":1140,"height":342,"url":"https:\/\/www.arenal.com\/blog\/wp-content\/uploads\/2022\/01\/8954852048926.jpeg","type":"image\/jpeg"}],"author":"hiberus","twitter_card":"summary_large_image","twitter_title":"Cremas para las quemaduras del sol| Blog de Arenal","twitter_misc":{"Escrito por":"hiberus","Tiempo de lectura":"3 minutos"},"schema":{"@context":"https:\/\/schema.org","@graph":[{"@type":"Article","@id":"https:\/\/www.arenal.com\/blog\/cremas-para-quemaduras-del-sol#article","isPartOf":{"@id":"https:\/\/www.arenal.com\/blog\/cremas-para-quemaduras-del-sol"},"author":{"name":"hiberus","@id":"https:\/\/www.arenal.com\/blog\/#\/schema\/person\/5b0f9900f2fb7a87b0b8c40b98a29e31"},"headline":"Cremas para aliviar las quemaduras solares","datePublished":"2020-09-09T19:21:25+00:00","dateModified":"2025-08-28T07:17:48+00:00","mainEntityOfPage":{"@id":"https:\/\/www.arenal.com\/blog\/cremas-para-quemaduras-del-sol"},"wordCount":590,"commentCount":0,"image":{"@id":"https:\/\/www.arenal.com\/blog\/cremas-para-quemaduras-del-sol#primaryimage"},"thumbnailUrl":"https:\/\/www.arenal.com\/blog\/wp-content\/uploads\/2022\/01\/8954852048926.jpeg","articleSection":["\u2600\ufe0f Verano en Arenal \u2600\ufe0f","Salud y cuidado personal","Cosm\u00e9tica"],"inLanguage":"es","potentialAction":[{"@type":"CommentAction","name":"Comment","target":["https:\/\/www.arenal.com\/blog\/cremas-para-quemaduras-del-sol#respond"]}]},{"@type":"WebPage","@id":"https:\/\/www.arenal.com\/blog\/cremas-para-quemaduras-del-sol","url":"https:\/\/www.arenal.com\/blog\/cremas-para-quemaduras-del-sol","name":"Cremas para las quemaduras del sol| Blog de Arenal","isPartOf":{"@id":"https:\/\/www.arenal.com\/blog\/#website"},"primaryImageOfPage":{"@id":"https:\/\/www.arenal.com\/blog\/cremas-para-quemaduras-del-sol#primaryimage"},"image":{"@id":"https:\/\/www.arenal.com\/blog\/cremas-para-quemaduras-del-sol#primaryimage"},"thumbnailUrl":"https:\/\/www.arenal.com\/blog\/wp-content\/uploads\/2022\/01\/8954852048926.jpeg","datePublished":"2020-09-09T19:21:25+00:00","dateModified":"2025-08-28T07:17:48+00:00","author":{"@id":"https:\/\/www.arenal.com\/blog\/#\/schema\/person\/5b0f9900f2fb7a87b0b8c40b98a29e31"},"description":"Pasar el d\u00eda al sol sin proteger lo suficiente la piel puede ocasionar quemaduras solares. Las siguientes cremas te ayudaran a aliviarla en estos casos.","breadcrumb":{"@id":"https:\/\/www.arenal.com\/blog\/cremas-para-quemaduras-del-sol#breadcrumb"},"inLanguage":"es","potentialAction":[{"@type":"ReadAction","target":["https:\/\/www.arenal.com\/blog\/cremas-para-quemaduras-del-sol"]}]},{"@type":"ImageObject","inLanguage":"es","@id":"https:\/\/www.arenal.com\/blog\/cremas-para-quemaduras-del-sol#primaryimage","url":"https:\/\/www.arenal.com\/blog\/wp-content\/uploads\/2022\/01\/8954852048926.jpeg","contentUrl":"https:\/\/www.arenal.com\/blog\/wp-content\/uploads\/2022\/01\/8954852048926.jpeg","width":1140,"height":342,"caption":"Cremas para aliviar las quemaduras solares"},{"@type":"BreadcrumbList","@id":"https:\/\/www.arenal.com\/blog\/cremas-para-quemaduras-del-sol#breadcrumb","itemListElement":[{"@type":"ListItem","position":1,"name":"\u2600\ufe0f Verano en Arenal \u2600\ufe0f","item":"https:\/\/www.arenal.com\/blog\/verano-en-arenal-solares"},{"@type":"ListItem","position":2,"name":"Cremas para aliviar las quemaduras solares"}]},{"@type":"WebSite","@id":"https:\/\/www.arenal.com\/blog\/#website","url":"https:\/\/www.arenal.com\/blog\/","name":"Blog de Arenal","description":"","potentialAction":[{"@type":"SearchAction","target":{"@type":"EntryPoint","urlTemplate":"https:\/\/www.arenal.com\/blog\/?s={search_term_string}"},"query-input":{"@type":"PropertyValueSpecification","valueRequired":true,"valueName":"search_term_string"}}],"inLanguage":"es"},{"@type":"Person","@id":"https:\/\/www.arenal.com\/blog\/#\/schema\/person\/5b0f9900f2fb7a87b0b8c40b98a29e31","name":"hiberus","image":{"@type":"ImageObject","inLanguage":"es","@id":"https:\/\/secure.gravatar.com\/avatar\/a0b97b568facc7d687254dae39c5cfb79af095aebc91173945f2a50629c9fe1a?s=96&d=mm&r=g","url":"https:\/\/secure.gravatar.com\/avatar\/a0b97b568facc7d687254dae39c5cfb79af095aebc91173945f2a50629c9fe1a?s=96&d=mm&r=g","contentUrl":"https:\/\/secure.gravatar.com\/avatar\/a0b97b568facc7d687254dae39c5cfb79af095aebc91173945f2a50629c9fe1a?s=96&d=mm&r=g","caption":"hiberus"},"sameAs":["https:\/\/www.arenal.com"],"url":"https:\/\/www.arenal.com\/blog\/author\/hiberus"}]}},"_links":{"self":[{"href":"https:\/\/www.arenal.com\/blog\/wp-json\/wp\/v2\/posts\/1039","targetHints":{"allow":["GET"]}}],"collection":[{"href":"https:\/\/www.arenal.com\/blog\/wp-json\/wp\/v2\/posts"}],"about":[{"href":"https:\/\/www.arenal.com\/blog\/wp-json\/wp\/v2\/types\/post"}],"author":[{"embeddable":true,"href":"https:\/\/www.arenal.com\/blog\/wp-json\/wp\/v2\/users\/1"}],"replies":[{"embeddable":true,"href":"https:\/\/www.arenal.com\/blog\/wp-json\/wp\/v2\/comments?post=1039"}],"version-history":[{"count":6,"href":"https:\/\/www.arenal.com\/blog\/wp-json\/wp\/v2\/posts\/1039\/revisions"}],"predecessor-version":[{"id":7867,"href":"https:\/\/www.arenal.com\/blog\/wp-json\/wp\/v2\/posts\/1039\/revisions\/7867"}],"wp:featuredmedia":[{"embeddable":true,"href":"https:\/\/www.arenal.com\/blog\/wp-json\/wp\/v2\/media\/1445"}],"wp:attachment":[{"href":"https:\/\/www.arenal.com\/blog\/wp-json\/wp\/v2\/media?parent=1039"}],"wp:term":[{"taxonomy":"category","embeddable":true,"href":"https:\/\/www.arenal.com\/blog\/wp-json\/wp\/v2\/categories?post=1039"},{"taxonomy":"post_tag","embeddable":true,"href":"https:\/\/www.arenal.com\/blog\/wp-json\/wp\/v2\/tags?post=1039"}],"curies":[{"name":"wp","href":"https:\/\/api.w.org\/{rel}","templated":true}]}}