{"id":1028,"date":"2020-07-22T00:42:30","date_gmt":"2020-07-21T23:42:30","guid":{"rendered":"https:\/\/www.arenal.com\/inflamacion-de-encias-causas\/"},"modified":"2025-08-28T08:14:41","modified_gmt":"2025-08-28T07:14:41","slug":"inflamacion-de-encias-causas","status":"publish","type":"post","link":"https:\/\/www.arenal.com\/blog\/inflamacion-de-encias-causas","title":{"rendered":"\u00bfQu\u00e9 causas provocan la inflamaci\u00f3n de las encias?"},"content":{"rendered":"<p>La sonrisa no es solo una de nuestras cartas de presentaci\u00f3n al mundo, tambi\u00e9n es un signo de buena higiene y salud. Por su parte, las enc\u00edas tienen un papel fundamental en la est\u00e9tica de una sonrisa, por eso es tan importante mantenerlas en buen estado. Sin embargo, la inflamaci\u00f3n y sangrado de enc\u00edas es un problema muy com\u00fan.<\/p>\n<p>Por ello, en este post queremos explicarte qu\u00e9 puede estar provocando la inflamaci\u00f3n y dolor de tus enc\u00edas y c\u00f3mo cuidarlas para que puedas lucir una sonrisa sana y cuidada.<\/p>\n<h2><strong>\u00bfPor qu\u00e9 se inflaman las enc\u00edas?<\/strong><\/h2>\n<p>La causa principal de la inflamaci\u00f3n de enc\u00edas es la acumulaci\u00f3n de placa bacteriana. Esta se genera al comer y salivar en los dientes, pero si no se realiza una correcta higiene a diario las bacterias nocivas que viven en nuestra boca pueden infectar las enc\u00edas causando inflamaci\u00f3n.<\/p>\n<p>La inflamaci\u00f3n de las enc\u00edas puede ser un s\u00edntoma de gingivitis, que puede derivar en periodontitis. Por eso debe tratarse a tiempo y concienzudamente para evitar que progrese a esa fase m\u00e1s grave que puede causar incluso la p\u00e9rdida de dientes.<\/p>\n<p>La gingivitis, que se produce por no tener una correcta higiene bucal diariamente, se caracteriza porque las enc\u00edas pierden su color rosado y se produce inflamaci\u00f3n y sangrado de enc\u00edas tras el cepillado o el uso del hilo dental. Aunque tambi\u00e9n puede aparecer sangrado espont\u00e1neo y un color morado en las enc\u00edas.<\/p>\n<p>Entre otras causas que pueden provocar inflamaci\u00f3n y dolor de enc\u00edas se encuentra la infecci\u00f3n por un virus u hongo, los aparatos dentales o pr\u00f3tesis mal ajustadas, como efecto secundario de alg\u00fan medicamento, por el embarazo e incluso por sensibilidad a un determinado enjuague bucal o a una pasta de dientes.<\/p>\n<h2><strong>\u00bfC\u00f3mo prevenir la inflamaci\u00f3n de las enc\u00edas?<\/strong><\/h2>\n<p>Si tienes las enc\u00edas inflamadas notar\u00e1s que tienen un color rojo brillante o morado, te sangran al comer o al cepillarte los dientes, tienes sensibilidad y dolor de enc\u00edas, mal aliento o, si han estado inflamadas mucho tiempo, puedes notar que han ido retrocediendo hasta que han dejado ver la ra\u00edz del diente.<\/p>\n<p>Pero \u00a1hay buenas noticias! La inflamaci\u00f3n de enc\u00edas se puede prevenir f\u00e1cilmente. En primer lugar, necesitas elegir las herramientas adecuadas para mantener una buena higiene oral. Utiliza un cepillo de dientes de calidad, por ejemplo, si tienes las enc\u00edas sensibles elige uno dise\u00f1ado para ello; o un cepillo el\u00e9ctrico, que permite una limpieza m\u00e1s profunda.<\/p>\n<p>La pasta de dientes tambi\u00e9n es importante. Escoge una que proteja la boca de la placa bacteriana o alguna espec\u00edfica de enc\u00edas, como la de <a href=\"https:\/\/www.arenal.com\/marcas\/vitis\/c\/AOY\">Vitis<\/a>, que inhibe la formaci\u00f3n de sarro y aumenta la resistencia de la enc\u00eda a la inflamaci\u00f3n. Incluye tambi\u00e9n en tu rutina el enjuague bucal antis\u00e9ptico para eliminar los g\u00e9rmenes que causan la placa bacteriana, la gingivitis y el mal aliento.<\/p>\n<p><a href=\"https:\/\/www.arenal.com\/lacer-limpiador-lingual\/p\/N1848390\">Un limpiador lingual<\/a>\u00a0tambi\u00e9n es una buena opci\u00f3n para una completa higiene bucal, as\u00ed como hilo dental para arrastrar hacia afuera las bacterias que se depositan entre los dientes. Y lo m\u00e1s importante: cepilla tus dientes como m\u00ednimo dos veces al d\u00eda durante unos dos minutos cada vez.<\/p>\n<p>Con todo esto, tanto tus enc\u00edas como tus dientes tendr\u00e1n una buena higiene y salud, por lo que no deber\u00edas encontrarte con problemas de inflamaci\u00f3n y dolor de enc\u00edas. Y si lo haces y te das cuenta de que no es por una mala rutina de higiene, acude a un profesional para que detecte qu\u00e9 est\u00e1 ocurriendo. \u00a1Y a lucir una bonita sonrisa!<\/p>\n","protected":false},"excerpt":{"rendered":"<p>\u00bfSabes que puede causarte la inflamaci\u00f3n de tus enc\u00edas? Esto sucede cuando el volumen de las enc\u00edas aumenta en relaci\u00f3n a su tama\u00f1o habitual.<\/p>\n","protected":false},"author":1,"featured_media":1292,"comment_status":"open","ping_status":"open","sticky":false,"template":"","format":"standard","meta":{"footnotes":""},"categories":[624],"tags":[],"class_list":["post-1028","post","type-post","status-publish","format-standard","has-post-thumbnail","hentry","category-salud"],"featured_image_src":"https:\/\/www.arenal.com\/blog\/wp-content\/uploads\/2022\/01\/8954793066526.jpeg","author_info":{"display_name":"hiberus","author_link":"https:\/\/www.arenal.com\/blog\/author\/hiberus"},"yoast_head":"<!-- This site is optimized with the Yoast SEO plugin v27.4 - https:\/\/yoast.com\/product\/yoast-seo-wordpress\/ -->\n<title>Causas de la inflamaci\u00f3n de encias - Blog de Arenal<\/title>\n<meta name=\"description\" content=\"\u00bfSabes que puede causarte la inflamaci\u00f3n de tus enc\u00edas? Esto sucede cuando el volumen de las enc\u00edas aumenta en relaci\u00f3n a su tama\u00f1o habitual.\" \/>\n<meta name=\"robots\" content=\"index, follow, max-snippet:-1, max-image-preview:large, max-video-preview:-1\" \/>\n<link rel=\"canonical\" href=\"https:\/\/www.arenal.com\/blog\/inflamacion-de-encias-causas\" \/>\n<meta property=\"og:locale\" content=\"es_ES\" \/>\n<meta property=\"og:type\" content=\"article\" \/>\n<meta property=\"og:title\" content=\"Causas de la inflamaci\u00f3n de encias - Blog de Arenal\" \/>\n<meta property=\"og:description\" content=\"\u00bfSabes que puede causarte la inflamaci\u00f3n de tus enc\u00edas? Esto sucede cuando el volumen de las enc\u00edas aumenta en relaci\u00f3n a su tama\u00f1o habitual.\" \/>\n<meta property=\"og:url\" content=\"https:\/\/www.arenal.com\/blog\/inflamacion-de-encias-causas\" \/>\n<meta property=\"og:site_name\" content=\"Blog de Arenal\" \/>\n<meta property=\"article:published_time\" content=\"2020-07-21T23:42:30+00:00\" \/>\n<meta property=\"article:modified_time\" content=\"2025-08-28T07:14:41+00:00\" \/>\n<meta property=\"og:image\" content=\"https:\/\/www.arenal.com\/blog\/wp-content\/uploads\/2022\/01\/8954793066526.jpeg\" \/>\n\t<meta property=\"og:image:width\" content=\"1140\" \/>\n\t<meta property=\"og:image:height\" content=\"342\" \/>\n\t<meta property=\"og:image:type\" content=\"image\/jpeg\" \/>\n<meta name=\"author\" content=\"hiberus\" \/>\n<meta name=\"twitter:card\" content=\"summary_large_image\" \/>\n<meta name=\"twitter:title\" content=\"Causas de la inflamaci\u00f3n de encias - Blog de Arenal\" \/>\n<meta name=\"twitter:label1\" content=\"Escrito por\" \/>\n\t<meta name=\"twitter:data1\" content=\"hiberus\" \/>\n\t<meta name=\"twitter:label2\" content=\"Tiempo de lectura\" \/>\n\t<meta name=\"twitter:data2\" content=\"3 minutos\" \/>\n<script type=\"application\/ld+json\" class=\"yoast-schema-graph\">{\"@context\":\"https:\\\/\\\/schema.org\",\"@graph\":[{\"@type\":\"Article\",\"@id\":\"https:\\\/\\\/www.arenal.com\\\/blog\\\/inflamacion-de-encias-causas#article\",\"isPartOf\":{\"@id\":\"https:\\\/\\\/www.arenal.com\\\/blog\\\/inflamacion-de-encias-causas\"},\"author\":{\"name\":\"hiberus\",\"@id\":\"https:\\\/\\\/www.arenal.com\\\/blog\\\/#\\\/schema\\\/person\\\/5b0f9900f2fb7a87b0b8c40b98a29e31\"},\"headline\":\"\u00bfQu\u00e9 causas provocan la inflamaci\u00f3n de las encias?\",\"datePublished\":\"2020-07-21T23:42:30+00:00\",\"dateModified\":\"2025-08-28T07:14:41+00:00\",\"mainEntityOfPage\":{\"@id\":\"https:\\\/\\\/www.arenal.com\\\/blog\\\/inflamacion-de-encias-causas\"},\"wordCount\":653,\"commentCount\":0,\"image\":{\"@id\":\"https:\\\/\\\/www.arenal.com\\\/blog\\\/inflamacion-de-encias-causas#primaryimage\"},\"thumbnailUrl\":\"https:\\\/\\\/www.arenal.com\\\/blog\\\/wp-content\\\/uploads\\\/2022\\\/01\\\/8954793066526.jpeg\",\"articleSection\":[\"Salud y cuidado personal\"],\"inLanguage\":\"es\",\"potentialAction\":[{\"@type\":\"CommentAction\",\"name\":\"Comment\",\"target\":[\"https:\\\/\\\/www.arenal.com\\\/blog\\\/inflamacion-de-encias-causas#respond\"]}]},{\"@type\":\"WebPage\",\"@id\":\"https:\\\/\\\/www.arenal.com\\\/blog\\\/inflamacion-de-encias-causas\",\"url\":\"https:\\\/\\\/www.arenal.com\\\/blog\\\/inflamacion-de-encias-causas\",\"name\":\"Causas de la inflamaci\u00f3n de encias - Blog de Arenal\",\"isPartOf\":{\"@id\":\"https:\\\/\\\/www.arenal.com\\\/blog\\\/#website\"},\"primaryImageOfPage\":{\"@id\":\"https:\\\/\\\/www.arenal.com\\\/blog\\\/inflamacion-de-encias-causas#primaryimage\"},\"image\":{\"@id\":\"https:\\\/\\\/www.arenal.com\\\/blog\\\/inflamacion-de-encias-causas#primaryimage\"},\"thumbnailUrl\":\"https:\\\/\\\/www.arenal.com\\\/blog\\\/wp-content\\\/uploads\\\/2022\\\/01\\\/8954793066526.jpeg\",\"datePublished\":\"2020-07-21T23:42:30+00:00\",\"dateModified\":\"2025-08-28T07:14:41+00:00\",\"author\":{\"@id\":\"https:\\\/\\\/www.arenal.com\\\/blog\\\/#\\\/schema\\\/person\\\/5b0f9900f2fb7a87b0b8c40b98a29e31\"},\"description\":\"\u00bfSabes que puede causarte la inflamaci\u00f3n de tus enc\u00edas? Esto sucede cuando el volumen de las enc\u00edas aumenta en relaci\u00f3n a su tama\u00f1o habitual.\",\"breadcrumb\":{\"@id\":\"https:\\\/\\\/www.arenal.com\\\/blog\\\/inflamacion-de-encias-causas#breadcrumb\"},\"inLanguage\":\"es\",\"potentialAction\":[{\"@type\":\"ReadAction\",\"target\":[\"https:\\\/\\\/www.arenal.com\\\/blog\\\/inflamacion-de-encias-causas\"]}]},{\"@type\":\"ImageObject\",\"inLanguage\":\"es\",\"@id\":\"https:\\\/\\\/www.arenal.com\\\/blog\\\/inflamacion-de-encias-causas#primaryimage\",\"url\":\"https:\\\/\\\/www.arenal.com\\\/blog\\\/wp-content\\\/uploads\\\/2022\\\/01\\\/8954793066526.jpeg\",\"contentUrl\":\"https:\\\/\\\/www.arenal.com\\\/blog\\\/wp-content\\\/uploads\\\/2022\\\/01\\\/8954793066526.jpeg\",\"width\":1140,\"height\":342,\"caption\":\"\u00bfQu\u00e9 causas provocan la inflamaci\u00f3n de las encias?\"},{\"@type\":\"BreadcrumbList\",\"@id\":\"https:\\\/\\\/www.arenal.com\\\/blog\\\/inflamacion-de-encias-causas#breadcrumb\",\"itemListElement\":[{\"@type\":\"ListItem\",\"position\":1,\"name\":\"Salud y cuidado personal\",\"item\":\"https:\\\/\\\/www.arenal.com\\\/blog\\\/salud\"},{\"@type\":\"ListItem\",\"position\":2,\"name\":\"\u00bfQu\u00e9 causas provocan la inflamaci\u00f3n de las encias?\"}]},{\"@type\":\"WebSite\",\"@id\":\"https:\\\/\\\/www.arenal.com\\\/blog\\\/#website\",\"url\":\"https:\\\/\\\/www.arenal.com\\\/blog\\\/\",\"name\":\"Blog de Arenal\",\"description\":\"\",\"potentialAction\":[{\"@type\":\"SearchAction\",\"target\":{\"@type\":\"EntryPoint\",\"urlTemplate\":\"https:\\\/\\\/www.arenal.com\\\/blog\\\/?s={search_term_string}\"},\"query-input\":{\"@type\":\"PropertyValueSpecification\",\"valueRequired\":true,\"valueName\":\"search_term_string\"}}],\"inLanguage\":\"es\"},{\"@type\":\"Person\",\"@id\":\"https:\\\/\\\/www.arenal.com\\\/blog\\\/#\\\/schema\\\/person\\\/5b0f9900f2fb7a87b0b8c40b98a29e31\",\"name\":\"hiberus\",\"image\":{\"@type\":\"ImageObject\",\"inLanguage\":\"es\",\"@id\":\"https:\\\/\\\/secure.gravatar.com\\\/avatar\\\/a0b97b568facc7d687254dae39c5cfb79af095aebc91173945f2a50629c9fe1a?s=96&d=mm&r=g\",\"url\":\"https:\\\/\\\/secure.gravatar.com\\\/avatar\\\/a0b97b568facc7d687254dae39c5cfb79af095aebc91173945f2a50629c9fe1a?s=96&d=mm&r=g\",\"contentUrl\":\"https:\\\/\\\/secure.gravatar.com\\\/avatar\\\/a0b97b568facc7d687254dae39c5cfb79af095aebc91173945f2a50629c9fe1a?s=96&d=mm&r=g\",\"caption\":\"hiberus\"},\"sameAs\":[\"https:\\\/\\\/www.arenal.com\"],\"url\":\"https:\\\/\\\/www.arenal.com\\\/blog\\\/author\\\/hiberus\"}]}<\/script>\n<!-- \/ Yoast SEO plugin. -->","yoast_head_json":{"title":"Causas de la inflamaci\u00f3n de encias - Blog de Arenal","description":"\u00bfSabes que puede causarte la inflamaci\u00f3n de tus enc\u00edas? Esto sucede cuando el volumen de las enc\u00edas aumenta en relaci\u00f3n a su tama\u00f1o habitual.","robots":{"index":"index","follow":"follow","max-snippet":"max-snippet:-1","max-image-preview":"max-image-preview:large","max-video-preview":"max-video-preview:-1"},"canonical":"https:\/\/www.arenal.com\/blog\/inflamacion-de-encias-causas","og_locale":"es_ES","og_type":"article","og_title":"Causas de la inflamaci\u00f3n de encias - Blog de Arenal","og_description":"\u00bfSabes que puede causarte la inflamaci\u00f3n de tus enc\u00edas? Esto sucede cuando el volumen de las enc\u00edas aumenta en relaci\u00f3n a su tama\u00f1o habitual.","og_url":"https:\/\/www.arenal.com\/blog\/inflamacion-de-encias-causas","og_site_name":"Blog de Arenal","article_published_time":"2020-07-21T23:42:30+00:00","article_modified_time":"2025-08-28T07:14:41+00:00","og_image":[{"width":1140,"height":342,"url":"https:\/\/www.arenal.com\/blog\/wp-content\/uploads\/2022\/01\/8954793066526.jpeg","type":"image\/jpeg"}],"author":"hiberus","twitter_card":"summary_large_image","twitter_title":"Causas de la inflamaci\u00f3n de encias - Blog de Arenal","twitter_misc":{"Escrito por":"hiberus","Tiempo de lectura":"3 minutos"},"schema":{"@context":"https:\/\/schema.org","@graph":[{"@type":"Article","@id":"https:\/\/www.arenal.com\/blog\/inflamacion-de-encias-causas#article","isPartOf":{"@id":"https:\/\/www.arenal.com\/blog\/inflamacion-de-encias-causas"},"author":{"name":"hiberus","@id":"https:\/\/www.arenal.com\/blog\/#\/schema\/person\/5b0f9900f2fb7a87b0b8c40b98a29e31"},"headline":"\u00bfQu\u00e9 causas provocan la inflamaci\u00f3n de las encias?","datePublished":"2020-07-21T23:42:30+00:00","dateModified":"2025-08-28T07:14:41+00:00","mainEntityOfPage":{"@id":"https:\/\/www.arenal.com\/blog\/inflamacion-de-encias-causas"},"wordCount":653,"commentCount":0,"image":{"@id":"https:\/\/www.arenal.com\/blog\/inflamacion-de-encias-causas#primaryimage"},"thumbnailUrl":"https:\/\/www.arenal.com\/blog\/wp-content\/uploads\/2022\/01\/8954793066526.jpeg","articleSection":["Salud y cuidado personal"],"inLanguage":"es","potentialAction":[{"@type":"CommentAction","name":"Comment","target":["https:\/\/www.arenal.com\/blog\/inflamacion-de-encias-causas#respond"]}]},{"@type":"WebPage","@id":"https:\/\/www.arenal.com\/blog\/inflamacion-de-encias-causas","url":"https:\/\/www.arenal.com\/blog\/inflamacion-de-encias-causas","name":"Causas de la inflamaci\u00f3n de encias - Blog de Arenal","isPartOf":{"@id":"https:\/\/www.arenal.com\/blog\/#website"},"primaryImageOfPage":{"@id":"https:\/\/www.arenal.com\/blog\/inflamacion-de-encias-causas#primaryimage"},"image":{"@id":"https:\/\/www.arenal.com\/blog\/inflamacion-de-encias-causas#primaryimage"},"thumbnailUrl":"https:\/\/www.arenal.com\/blog\/wp-content\/uploads\/2022\/01\/8954793066526.jpeg","datePublished":"2020-07-21T23:42:30+00:00","dateModified":"2025-08-28T07:14:41+00:00","author":{"@id":"https:\/\/www.arenal.com\/blog\/#\/schema\/person\/5b0f9900f2fb7a87b0b8c40b98a29e31"},"description":"\u00bfSabes que puede causarte la inflamaci\u00f3n de tus enc\u00edas? Esto sucede cuando el volumen de las enc\u00edas aumenta en relaci\u00f3n a su tama\u00f1o habitual.","breadcrumb":{"@id":"https:\/\/www.arenal.com\/blog\/inflamacion-de-encias-causas#breadcrumb"},"inLanguage":"es","potentialAction":[{"@type":"ReadAction","target":["https:\/\/www.arenal.com\/blog\/inflamacion-de-encias-causas"]}]},{"@type":"ImageObject","inLanguage":"es","@id":"https:\/\/www.arenal.com\/blog\/inflamacion-de-encias-causas#primaryimage","url":"https:\/\/www.arenal.com\/blog\/wp-content\/uploads\/2022\/01\/8954793066526.jpeg","contentUrl":"https:\/\/www.arenal.com\/blog\/wp-content\/uploads\/2022\/01\/8954793066526.jpeg","width":1140,"height":342,"caption":"\u00bfQu\u00e9 causas provocan la inflamaci\u00f3n de las encias?"},{"@type":"BreadcrumbList","@id":"https:\/\/www.arenal.com\/blog\/inflamacion-de-encias-causas#breadcrumb","itemListElement":[{"@type":"ListItem","position":1,"name":"Salud y cuidado personal","item":"https:\/\/www.arenal.com\/blog\/salud"},{"@type":"ListItem","position":2,"name":"\u00bfQu\u00e9 causas provocan la inflamaci\u00f3n de las encias?"}]},{"@type":"WebSite","@id":"https:\/\/www.arenal.com\/blog\/#website","url":"https:\/\/www.arenal.com\/blog\/","name":"Blog de Arenal","description":"","potentialAction":[{"@type":"SearchAction","target":{"@type":"EntryPoint","urlTemplate":"https:\/\/www.arenal.com\/blog\/?s={search_term_string}"},"query-input":{"@type":"PropertyValueSpecification","valueRequired":true,"valueName":"search_term_string"}}],"inLanguage":"es"},{"@type":"Person","@id":"https:\/\/www.arenal.com\/blog\/#\/schema\/person\/5b0f9900f2fb7a87b0b8c40b98a29e31","name":"hiberus","image":{"@type":"ImageObject","inLanguage":"es","@id":"https:\/\/secure.gravatar.com\/avatar\/a0b97b568facc7d687254dae39c5cfb79af095aebc91173945f2a50629c9fe1a?s=96&d=mm&r=g","url":"https:\/\/secure.gravatar.com\/avatar\/a0b97b568facc7d687254dae39c5cfb79af095aebc91173945f2a50629c9fe1a?s=96&d=mm&r=g","contentUrl":"https:\/\/secure.gravatar.com\/avatar\/a0b97b568facc7d687254dae39c5cfb79af095aebc91173945f2a50629c9fe1a?s=96&d=mm&r=g","caption":"hiberus"},"sameAs":["https:\/\/www.arenal.com"],"url":"https:\/\/www.arenal.com\/blog\/author\/hiberus"}]}},"_links":{"self":[{"href":"https:\/\/www.arenal.com\/blog\/wp-json\/wp\/v2\/posts\/1028","targetHints":{"allow":["GET"]}}],"collection":[{"href":"https:\/\/www.arenal.com\/blog\/wp-json\/wp\/v2\/posts"}],"about":[{"href":"https:\/\/www.arenal.com\/blog\/wp-json\/wp\/v2\/types\/post"}],"author":[{"embeddable":true,"href":"https:\/\/www.arenal.com\/blog\/wp-json\/wp\/v2\/users\/1"}],"replies":[{"embeddable":true,"href":"https:\/\/www.arenal.com\/blog\/wp-json\/wp\/v2\/comments?post=1028"}],"version-history":[{"count":8,"href":"https:\/\/www.arenal.com\/blog\/wp-json\/wp\/v2\/posts\/1028\/revisions"}],"predecessor-version":[{"id":7863,"href":"https:\/\/www.arenal.com\/blog\/wp-json\/wp\/v2\/posts\/1028\/revisions\/7863"}],"wp:featuredmedia":[{"embeddable":true,"href":"https:\/\/www.arenal.com\/blog\/wp-json\/wp\/v2\/media\/1292"}],"wp:attachment":[{"href":"https:\/\/www.arenal.com\/blog\/wp-json\/wp\/v2\/media?parent=1028"}],"wp:term":[{"taxonomy":"category","embeddable":true,"href":"https:\/\/www.arenal.com\/blog\/wp-json\/wp\/v2\/categories?post=1028"},{"taxonomy":"post_tag","embeddable":true,"href":"https:\/\/www.arenal.com\/blog\/wp-json\/wp\/v2\/tags?post=1028"}],"curies":[{"name":"wp","href":"https:\/\/api.w.org\/{rel}","templated":true}]}}